{"id":71046,"date":"2023-06-23T14:38:58","date_gmt":"2023-06-23T12:38:58","guid":{"rendered":"https:\/\/mont-roig.cat\/?p=71046"},"modified":"2023-06-23T14:47:53","modified_gmt":"2023-06-23T12:47:53","slug":"el-ayuntamiento-de-mont-roig-del-camp-celebra-el-pleno-de-organizacion-municipal-2023-2027","status":"publish","type":"post","link":"https:\/\/mont-roig.cat\/es\/actualitat\/noticies\/el-ayuntamiento-de-mont-roig-del-camp-celebra-el-pleno-de-organizacion-municipal-2023-2027\/","title":{"rendered":"El Ayuntamiento de Mont-roig del Camp celebra el Pleno de organizaci\u00f3n municipal 2023-2027"},"content":{"rendered":"<ul>\n<li><strong><a href=\"https:\/\/mont-roig.cat\/wp-content\/uploads\/Ple-dorganitzacio-Ajuntament-Mont-roig-del-Camp_1-scaled.jpg\"><img loading=\"lazy\" decoding=\"async\" class=\"alignright wp-image-71034\" src=\"https:\/\/mont-roig.cat\/wp-content\/uploads\/Ple-dorganitzacio-Ajuntament-Mont-roig-del-Camp_1-500x375.jpg\" alt=\"\" width=\"300\" height=\"225\" srcset=\"https:\/\/mont-roig.cat\/wp-content\/uploads\/Ple-dorganitzacio-Ajuntament-Mont-roig-del-Camp_1-500x375.jpg 500w, https:\/\/mont-roig.cat\/wp-content\/uploads\/Ple-dorganitzacio-Ajuntament-Mont-roig-del-Camp_1-1024x768.jpg 1024w, https:\/\/mont-roig.cat\/wp-content\/uploads\/Ple-dorganitzacio-Ajuntament-Mont-roig-del-Camp_1-768x576.jpg 768w, https:\/\/mont-roig.cat\/wp-content\/uploads\/Ple-dorganitzacio-Ajuntament-Mont-roig-del-Camp_1-1536x1152.jpg 1536w, https:\/\/mont-roig.cat\/wp-content\/uploads\/Ple-dorganitzacio-Ajuntament-Mont-roig-del-Camp_1-scaled.jpg 2048w, https:\/\/mont-roig.cat\/wp-content\/uploads\/Ple-dorganitzacio-Ajuntament-Mont-roig-del-Camp_1-463x348.jpg 463w\" sizes=\"auto, (max-width: 300px) 100vw, 300px\" \/><\/a>Tras el Pleno de constituci\u00f3n de la corporaci\u00f3n y la elecci\u00f3n de Fran Morancho como alcalde, la primera sesi\u00f3n plenaria del mandato, celebrada este viernes 23 de junio, ha servido para ratificar las competencias de los concejales\/as delegados, aprobar las funciones de las comisiones informativas, as\u00ed como las dedicaciones y retribuciones, entre otros<br \/>\n<\/strong><\/li>\n<\/ul>\n<ul>\n<li><strong>En esta sesi\u00f3n plenaria tambi\u00e9n se ha realizado el sorteo de las mesas electorales para las elecciones del 23 de julio<\/strong><\/li>\n<\/ul>\n<p>&nbsp;<\/p>\n<p>El Ayuntamiento de Mont-roig del Camp ha celebrado este viernes 23 de junio, en la Casa de Cultura Agust\u00ed Sard\u00e0, la primera sesi\u00f3n plenaria del mandato, correspondiente al Pleno de organizaci\u00f3n del gobierno municipal.<\/p>\n<p>La sesi\u00f3n plenaria extraordinaria se ha iniciado con la toma de posesi\u00f3n de la concejala Am\u00e8lia Bargall\u00f3 Castellnou, de Junts por Mont-roig del Camp &#8211; Comprom\u00eds Municipal que no pudo asistir a la sesi\u00f3n constitutiva.<\/p>\n<p>Entre los puntos destacados, se ha dado cuenta del Decreto de alcald\u00eda en lo referente a los miembros de la Junta de Gobierno Local y las tenencias de Alcald\u00eda. En este sentido, bajo la presidencia del alcalde Fran Morancho, las Juntas de Gobierno Local estar\u00e1n formadas por D\u00aa. Yolanda P\u00e9rez \u00a0(1era teniente de alcalde), sr. Vicente P\u00e9rez Mula (2\u00ba teniente de alcalde), Cristina Llorens Pardo (3\u00ba teniente de alcalde), Francis Ortiz S\u00e1nchez (4\u00ba teniente de alcalde) y Jordi alem\u00e1n Ardit (5\u00ba teniente de alcalde). Tambi\u00e9n se han aprobado las delegaciones de competencias que les atribuye el Pleno y se ha dado cuenta de las delegaciones de Alcald\u00eda a la Junta de Gobierno Local ya los concejales delegados.<\/p>\n<p>Los concejales\/as delegados nombrados por el Alcalde y sus atribuciones son las siguientes:<\/p>\n<ul>\n<li>Sra. Yolanda P\u00e9rez. Concejala de Impulso econ\u00f3mico, Ocupaci\u00f3n, Turismo, Playas, Diversificaci\u00f3n econ\u00f3mica, Pol\u00edgonos industriales, Comercio e industria, Actividades y mercados y Agricultura.<\/li>\n<\/ul>\n<ul>\n<li>Sr. Vicente P\u00e9rez. Concejal de Seguridad ciudadana y Protecci\u00f3n civil, Polic\u00eda administrativa y Ciclo completo del agua.<\/li>\n<\/ul>\n<ul>\n<li>Sra. Cristina Llorens. Concejala de Juventud, Mantenimiento de infraestructuras y espacios p\u00fablicos, Edificios p\u00fablicos, V\u00eda p\u00fablica, Parques y jardines, Servicios generales, Recogida y tratamiento de residuos y limpieza viaria.<\/li>\n<\/ul>\n<ul>\n<li>Sra. Francis Ortiz. Concejala de Acci\u00f3n Social, Vivienda, Solidaridad y cooperaci\u00f3n, Personas mayores y Participaci\u00f3n.<\/li>\n<\/ul>\n<ul>\n<li>Sr. Jordi Alem\u00e1n. Concejal de Urbanismo, Organizaci\u00f3n, Modernizaci\u00f3n y calidad de la administraci\u00f3n, Servicios jur\u00eddicos, Recursos humanos, Hacienda, Oficinas de atenci\u00f3n a la ciudadan\u00eda y Contrataci\u00f3n.<\/li>\n<\/ul>\n<ul>\n<li>Sra. Marimar Urisel. Concejala de Pol\u00edticas de igualdad, Deportes, Cultura, Fiestas y entidades y Patrimonio cultural.<\/li>\n<\/ul>\n<ul>\n<li>Sr. Miguel del Viso. Concejal de Movilidad, Obra p\u00fablica, Nuevas infraestructuras para el municipio, Nuevos parques, Plazas, Eficiencia energ\u00e9tica y Transici\u00f3n energ\u00e9tica y ecol\u00f3gica.<\/li>\n<\/ul>\n<ul>\n<li>Sra. Elvira Montagud. Concejala de Educaci\u00f3n y formaci\u00f3n, Guarder\u00edas, Infancia y familias, Medio ambiente y sostenibilidad, Medio natural y Salud p\u00fablica.<\/li>\n<\/ul>\n<p>L\u2019Alcaldia s\u2019ha reservat les compet\u00e8ncies en mat\u00e8ria de projectes estrat\u00e8gics i pol\u00edtiques feministes.<\/p>\n<p>En esta sesi\u00f3n se ha aprobado tambi\u00e9n integrar 4 comisiones informativas que estar\u00e1n formadas por un representante de cada grupo municipal y que se reunir\u00e1n de forma mensual.<\/p>\n<p>En concreto se ha creado:<\/p>\n<ul>\n<li>La Comisi\u00f3n informativa del \u00e1rea de Derechos sociales y servicios a las personas<\/li>\n<li>La Comisi\u00f3n informativa del \u00e1rea de Espacio p\u00fablico, territorio y sostenibilidad<\/li>\n<li>La Comisi\u00f3n informativa del \u00e1rea de Promoci\u00f3n econ\u00f3mica y de municipio<\/li>\n<li>La Comisi\u00f3n informativa del \u00e1rea de Gesti\u00f3n interna y gobierno abierto<\/li>\n<\/ul>\n<p>El Pleno de organizaci\u00f3n ha nombrado tambi\u00e9n a los miembros de los consejos de administraci\u00f3n de Nostraigua, presidencia por Fran Morancho y vicepresidencia por Vicente P\u00e9rez y de Nostreserveis, presidencia tambi\u00e9n de Fran Morancho y con vicepresidencia de Cristina Llorens.<\/p>\n<p><strong>Dedicaciones y retribuciones<\/strong><\/p>\n<p>Otro de los puntos que ha pasado por Pleno ha hecho referencia a las dedicaciones exclusivas, parciales e indemnizaciones por asistencias.<\/p>\n<p>Se ha determinado la dedicaci\u00f3n exclusiva de la Alcald\u00eda, con una retribuci\u00f3n bruta anual de 58.000\u20ac. Se han establecido tambi\u00e9n otras 4 dedicaciones exclusivas, de 37.000,00 \u20ac, de 35.000 \u20ac y de 33.000 \u20ac brutos al a\u00f1o, as\u00ed como 2 dedicaciones parciales, de 33.000 \u20ac brutos al a\u00f1o.<\/p>\n<p>En cuanto a la asistencia a los \u00f3rganos establecidos en la Ley 7\/85 LRBRL, se ha acordado la retribuci\u00f3n de 150 euros brutos por asistencia al Pleno, 120 euros brutos por Junta de Gobierno Local, 95 euros brutos por Junta de Portavoces y por las Comisiones informativas. Se mantiene, como en los \u00faltimos mandatos, la aportaci\u00f3n anual de 600 por cada grupo pol\u00edtico con representaci\u00f3n en el consistorio y otros 400 por cada concejal que lo conforme.<\/p>\n<p>Tambi\u00e9n se ha aprobado el r\u00e9gimen retributivo de los miembros de los consejos de administraci\u00f3n de Nostraigua y Nostreserveis, que son de 200 \u20ac por asistencia, 95 \u20ac en las coordinaciones y el r\u00e9gimen retributivo en dedicaci\u00f3n exclusiva de los vicepresidentes de las dos entidades de 35.000 \u20ac euros brutos anuales. Todos los miembros de gobierno, que cuenten con dedicaciones exclusivas o parciales, no perciben por asistencias.<\/p>\n<p>Por otra parte, tambi\u00e9n ha pasado por plenario la aprobaci\u00f3n de un cargo eventual de asesor general, uno de los dos que est\u00e1 contemplado en la Relaci\u00f3n de Puestos de Trabajo, que ser\u00e1 nombrado por Decreto de Alcald\u00eda, en las pr\u00f3ximas semanas.<\/p>\n<p><strong>Periodicidad de los \u00f3rganos colegiados<\/strong><\/p>\n<p>Otros temas que han pasado por el Pleno han sido la constituci\u00f3n de los cinco grupos pol\u00edticos y el r\u00e9gimen de las sesiones plenarias y de la Junta de Gobierno Local. La propuesta fue la de mantener, temporalmente, como d\u00edas para la realizaci\u00f3n de las sesiones ordinarias del Pleno, el segundo mi\u00e9rcoles de cada mes, a las 13:00 horas. Por otra parte, el r\u00e9gimen de las sesiones ordinarias de la Junta de Gobierno Local se llevar\u00e1n a cabo los mi\u00e9rcoles no festivos, de cada semana, a las 9:45 horas, en primera convocatoria; ya las 10:15 horas en segunda convocatoria. Sin embargo, el alcalde ha mostrado la voluntad de modificar el ROM en los pr\u00f3ximos meses para trasladar estas sesiones a los lunes.<\/p>\n<p>Finalmente, en esta sesi\u00f3n plenaria se ha realizado el sorteo p\u00fablico de los miembros de las 8 mesas electorales que se constituir\u00e1n por las Elecciones Generales del 23 de julio de 2023.<\/p>\n<p>La retransmissi\u00f3n de la sessi\u00f3n plenaria se puede ver \u00edntegramente a trav\u00e9s del<a href=\"https:\/\/www.youtube.com\/channel\/UCJ0clv6JlulrdOvRXHjAgKA\">\u00a0Canal de Youtube<\/a> del consistorio a trav\u00e9s de este <a href=\"https:\/\/youtube.com\/live\/xHJoYg7opUc\" target=\"_blank\" rel=\"noopener\">enlace<\/a>.<\/p>\n\n\t\t<style type=\"text\/css\">\n\t\t\t#gallery-1 {\n\t\t\t\tmargin: auto;\n\t\t\t}\n\t\t\t#gallery-1 .gallery-item {\n\t\t\t\tfloat: left;\n\t\t\t\tmargin-top: 10px;\n\t\t\t\ttext-align: center;\n\t\t\t\twidth: 33%;\n\t\t\t}\n\t\t\t#gallery-1 img {\n\t\t\t\tborder: 2px solid #cfcfcf;\n\t\t\t}\n\t\t\t#gallery-1 .gallery-caption {\n\t\t\t\tmargin-left: 0;\n\t\t\t}\n\t\t\t\/* see gallery_shortcode() in wp-includes\/media.php *\/\n\t\t<\/style>\n\t\t<div id='gallery-1' class='gallery galleryid-71046 gallery-columns-3 gallery-size-thumbnail'><dl class='gallery-item'>\n\t\t\t<dt class='gallery-icon landscape'>\n\t\t\t\t<a href='https:\/\/mont-roig.cat\/es\/actualitat\/noticies\/el-ayuntamiento-de-mont-roig-del-camp-celebra-el-pleno-de-organizacion-municipal-2023-2027\/ple-dorganitzacio-ajuntament-mont-roig-del-camp_2-2\/'><img loading=\"lazy\" decoding=\"async\" width=\"50\" height=\"50\" src=\"https:\/\/mont-roig.cat\/wp-content\/uploads\/Ple-dorganitzacio-Ajuntament-Mont-roig-del-Camp_2-50x50.jpg\" class=\"attachment-thumbnail size-thumbnail\" alt=\"\" srcset=\"https:\/\/mont-roig.cat\/wp-content\/uploads\/Ple-dorganitzacio-Ajuntament-Mont-roig-del-Camp_2-50x50.jpg 50w, https:\/\/mont-roig.cat\/wp-content\/uploads\/Ple-dorganitzacio-Ajuntament-Mont-roig-del-Camp_2-560x560.jpg 560w, https:\/\/mont-roig.cat\/wp-content\/uploads\/Ple-dorganitzacio-Ajuntament-Mont-roig-del-Camp_2-367x367.jpg 367w, https:\/\/mont-roig.cat\/wp-content\/uploads\/Ple-dorganitzacio-Ajuntament-Mont-roig-del-Camp_2-450x450.jpg 450w, https:\/\/mont-roig.cat\/wp-content\/uploads\/Ple-dorganitzacio-Ajuntament-Mont-roig-del-Camp_2-85x85.jpg 85w, https:\/\/mont-roig.cat\/wp-content\/uploads\/Ple-dorganitzacio-Ajuntament-Mont-roig-del-Camp_2-45x45.jpg 45w\" sizes=\"auto, (max-width: 50px) 100vw, 50px\" \/><\/a>\n\t\t\t<\/dt><\/dl><dl class='gallery-item'>\n\t\t\t<dt class='gallery-icon landscape'>\n\t\t\t\t<a href='https:\/\/mont-roig.cat\/es\/actualitat\/noticies\/el-ayuntamiento-de-mont-roig-del-camp-celebra-el-pleno-de-organizacion-municipal-2023-2027\/ple-dorganitzacio-ajuntament-mont-roig-del-camp_3-2\/'><img loading=\"lazy\" decoding=\"async\" width=\"50\" height=\"50\" src=\"https:\/\/mont-roig.cat\/wp-content\/uploads\/Ple-dorganitzacio-Ajuntament-Mont-roig-del-Camp_3-50x50.jpg\" class=\"attachment-thumbnail size-thumbnail\" alt=\"\" srcset=\"https:\/\/mont-roig.cat\/wp-content\/uploads\/Ple-dorganitzacio-Ajuntament-Mont-roig-del-Camp_3-50x50.jpg 50w, https:\/\/mont-roig.cat\/wp-content\/uploads\/Ple-dorganitzacio-Ajuntament-Mont-roig-del-Camp_3-560x560.jpg 560w, https:\/\/mont-roig.cat\/wp-content\/uploads\/Ple-dorganitzacio-Ajuntament-Mont-roig-del-Camp_3-367x367.jpg 367w, https:\/\/mont-roig.cat\/wp-content\/uploads\/Ple-dorganitzacio-Ajuntament-Mont-roig-del-Camp_3-450x450.jpg 450w, https:\/\/mont-roig.cat\/wp-content\/uploads\/Ple-dorganitzacio-Ajuntament-Mont-roig-del-Camp_3-85x85.jpg 85w, https:\/\/mont-roig.cat\/wp-content\/uploads\/Ple-dorganitzacio-Ajuntament-Mont-roig-del-Camp_3-45x45.jpg 45w\" sizes=\"auto, (max-width: 50px) 100vw, 50px\" \/><\/a>\n\t\t\t<\/dt><\/dl><dl class='gallery-item'>\n\t\t\t<dt class='gallery-icon landscape'>\n\t\t\t\t<a href='https:\/\/mont-roig.cat\/es\/actualitat\/noticies\/el-ayuntamiento-de-mont-roig-del-camp-celebra-el-pleno-de-organizacion-municipal-2023-2027\/ple-dorganitzacio-ajuntament-mont-roig-del-camp_4-2\/'><img loading=\"lazy\" decoding=\"async\" width=\"50\" height=\"50\" src=\"https:\/\/mont-roig.cat\/wp-content\/uploads\/Ple-dorganitzacio-Ajuntament-Mont-roig-del-Camp_4-50x50.jpg\" class=\"attachment-thumbnail size-thumbnail\" alt=\"\" srcset=\"https:\/\/mont-roig.cat\/wp-content\/uploads\/Ple-dorganitzacio-Ajuntament-Mont-roig-del-Camp_4-50x50.jpg 50w, https:\/\/mont-roig.cat\/wp-content\/uploads\/Ple-dorganitzacio-Ajuntament-Mont-roig-del-Camp_4-560x560.jpg 560w, https:\/\/mont-roig.cat\/wp-content\/uploads\/Ple-dorganitzacio-Ajuntament-Mont-roig-del-Camp_4-367x367.jpg 367w, https:\/\/mont-roig.cat\/wp-content\/uploads\/Ple-dorganitzacio-Ajuntament-Mont-roig-del-Camp_4-450x450.jpg 450w, https:\/\/mont-roig.cat\/wp-content\/uploads\/Ple-dorganitzacio-Ajuntament-Mont-roig-del-Camp_4-85x85.jpg 85w, https:\/\/mont-roig.cat\/wp-content\/uploads\/Ple-dorganitzacio-Ajuntament-Mont-roig-del-Camp_4-45x45.jpg 45w\" sizes=\"auto, (max-width: 50px) 100vw, 50px\" \/><\/a>\n\t\t\t<\/dt><\/dl><br style=\"clear: both\" \/>\n\t\t<\/div>\n\n","protected":false},"excerpt":{"rendered":"<p>Tras el Pleno de constituci\u00f3n de la corporaci\u00f3n y la elecci\u00f3n de Fran Morancho como alcalde, la primera sesi\u00f3n plenaria del mandato, celebrada este viernes 23 de junio, ha servido para ratificar las competencias de los concejales\/as delegados, aprobar las funciones de las comisiones informativas, as\u00ed como las dedicaciones y retribuciones, entre otros En esta [&hellip;]<\/p>\n","protected":false},"author":13,"featured_media":71035,"comment_status":"closed","ping_status":"closed","sticky":false,"template":"","format":"standard","meta":{"inline_featured_image":false,"_monsterinsights_skip_tracking":false,"_monsterinsights_sitenote_active":false,"_monsterinsights_sitenote_note":"","_monsterinsights_sitenote_category":0,"footnotes":""},"categories":[98,71],"tags":[],"class_list":["post-71046","post","type-post","status-publish","format-standard","has-post-thumbnail","hentry","category-ayuntamiento","category-general-es"],"yoast_head":"<!-- This site is optimized with the Yoast SEO plugin v27.4 - https:\/\/yoast.com\/product\/yoast-seo-wordpress\/ -->\n<title>El Ayuntamiento de Mont-roig del Camp celebra el Pleno de organizaci\u00f3n municipal 2023-2027 - Ajuntament de Mont-roig del Camp<\/title>\n<meta name=\"robots\" content=\"index, follow, max-snippet:-1, max-image-preview:large, max-video-preview:-1\" \/>\n<link rel=\"canonical\" href=\"https:\/\/mont-roig.cat\/es\/actualitat\/noticies\/el-ayuntamiento-de-mont-roig-del-camp-celebra-el-pleno-de-organizacion-municipal-2023-2027\/\" \/>\n<meta property=\"og:locale\" content=\"es_ES\" \/>\n<meta property=\"og:type\" content=\"article\" \/>\n<meta property=\"og:title\" content=\"El Ayuntamiento de Mont-roig del Camp celebra el Pleno de organizaci\u00f3n municipal 2023-2027 - Ajuntament de Mont-roig del Camp\" \/>\n<meta property=\"og:description\" content=\"Tras el Pleno de constituci\u00f3n de la corporaci\u00f3n y la elecci\u00f3n de Fran Morancho como alcalde, la primera sesi\u00f3n plenaria del mandato, celebrada este viernes 23 de junio, ha servido para ratificar las competencias de los concejales\/as delegados, aprobar las funciones de las comisiones informativas, as\u00ed como las dedicaciones y retribuciones, entre otros En esta [&hellip;]\" \/>\n<meta property=\"og:url\" content=\"https:\/\/mont-roig.cat\/es\/actualitat\/noticies\/el-ayuntamiento-de-mont-roig-del-camp-celebra-el-pleno-de-organizacion-municipal-2023-2027\/\" \/>\n<meta property=\"og:site_name\" content=\"Ajuntament de Mont-roig del Camp\" \/>\n<meta property=\"article:published_time\" content=\"2023-06-23T12:38:58+00:00\" \/>\n<meta property=\"article:modified_time\" content=\"2023-06-23T12:47:53+00:00\" \/>\n<meta property=\"og:image\" content=\"https:\/\/mont-roig.cat\/wp-content\/uploads\/Ple-dorganitzacio-Ajuntament-Mont-roig-del-Camp_1-scaled.jpg\" \/>\n\t<meta property=\"og:image:width\" content=\"2048\" \/>\n\t<meta property=\"og:image:height\" content=\"1536\" \/>\n\t<meta property=\"og:image:type\" content=\"image\/jpeg\" \/>\n<meta name=\"author\" content=\"comunicacio\" \/>\n<meta name=\"twitter:card\" content=\"summary_large_image\" \/>\n<meta name=\"twitter:label1\" content=\"Escrito por\" \/>\n\t<meta name=\"twitter:data1\" content=\"comunicacio\" \/>\n\t<meta name=\"twitter:label2\" content=\"Tiempo de lectura\" \/>\n\t<meta name=\"twitter:data2\" content=\"6 minutos\" \/>\n<script type=\"application\/ld+json\" class=\"yoast-schema-graph\">{\"@context\":\"https:\\\/\\\/schema.org\",\"@graph\":[{\"@type\":\"Article\",\"@id\":\"https:\\\/\\\/mont-roig.cat\\\/es\\\/actualitat\\\/noticies\\\/el-ayuntamiento-de-mont-roig-del-camp-celebra-el-pleno-de-organizacion-municipal-2023-2027\\\/#article\",\"isPartOf\":{\"@id\":\"https:\\\/\\\/mont-roig.cat\\\/es\\\/actualitat\\\/noticies\\\/el-ayuntamiento-de-mont-roig-del-camp-celebra-el-pleno-de-organizacion-municipal-2023-2027\\\/\"},\"author\":{\"name\":\"comunicacio\",\"@id\":\"https:\\\/\\\/mont-roig.cat\\\/es\\\/#\\\/schema\\\/person\\\/1f73e7b5e6f9dd122e8a6f14f310ac5e\"},\"headline\":\"El Ayuntamiento de Mont-roig del Camp celebra el Pleno de organizaci\u00f3n municipal 2023-2027\",\"datePublished\":\"2023-06-23T12:38:58+00:00\",\"dateModified\":\"2023-06-23T12:47:53+00:00\",\"mainEntityOfPage\":{\"@id\":\"https:\\\/\\\/mont-roig.cat\\\/es\\\/actualitat\\\/noticies\\\/el-ayuntamiento-de-mont-roig-del-camp-celebra-el-pleno-de-organizacion-municipal-2023-2027\\\/\"},\"wordCount\":1113,\"image\":{\"@id\":\"https:\\\/\\\/mont-roig.cat\\\/es\\\/actualitat\\\/noticies\\\/el-ayuntamiento-de-mont-roig-del-camp-celebra-el-pleno-de-organizacion-municipal-2023-2027\\\/#primaryimage\"},\"thumbnailUrl\":\"https:\\\/\\\/mont-roig.cat\\\/wp-content\\\/uploads\\\/Ple-dorganitzacio-Ajuntament-Mont-roig-del-Camp_1-scaled.jpg\",\"articleSection\":[\"Ayuntamiento\",\"General\"],\"inLanguage\":\"es\"},{\"@type\":\"WebPage\",\"@id\":\"https:\\\/\\\/mont-roig.cat\\\/es\\\/actualitat\\\/noticies\\\/el-ayuntamiento-de-mont-roig-del-camp-celebra-el-pleno-de-organizacion-municipal-2023-2027\\\/\",\"url\":\"https:\\\/\\\/mont-roig.cat\\\/es\\\/actualitat\\\/noticies\\\/el-ayuntamiento-de-mont-roig-del-camp-celebra-el-pleno-de-organizacion-municipal-2023-2027\\\/\",\"name\":\"El Ayuntamiento de Mont-roig del Camp celebra el Pleno de organizaci\u00f3n municipal 2023-2027 - Ajuntament de Mont-roig del Camp\",\"isPartOf\":{\"@id\":\"https:\\\/\\\/mont-roig.cat\\\/es\\\/#website\"},\"primaryImageOfPage\":{\"@id\":\"https:\\\/\\\/mont-roig.cat\\\/es\\\/actualitat\\\/noticies\\\/el-ayuntamiento-de-mont-roig-del-camp-celebra-el-pleno-de-organizacion-municipal-2023-2027\\\/#primaryimage\"},\"image\":{\"@id\":\"https:\\\/\\\/mont-roig.cat\\\/es\\\/actualitat\\\/noticies\\\/el-ayuntamiento-de-mont-roig-del-camp-celebra-el-pleno-de-organizacion-municipal-2023-2027\\\/#primaryimage\"},\"thumbnailUrl\":\"https:\\\/\\\/mont-roig.cat\\\/wp-content\\\/uploads\\\/Ple-dorganitzacio-Ajuntament-Mont-roig-del-Camp_1-scaled.jpg\",\"datePublished\":\"2023-06-23T12:38:58+00:00\",\"dateModified\":\"2023-06-23T12:47:53+00:00\",\"author\":{\"@id\":\"https:\\\/\\\/mont-roig.cat\\\/es\\\/#\\\/schema\\\/person\\\/1f73e7b5e6f9dd122e8a6f14f310ac5e\"},\"breadcrumb\":{\"@id\":\"https:\\\/\\\/mont-roig.cat\\\/es\\\/actualitat\\\/noticies\\\/el-ayuntamiento-de-mont-roig-del-camp-celebra-el-pleno-de-organizacion-municipal-2023-2027\\\/#breadcrumb\"},\"inLanguage\":\"es\",\"potentialAction\":[{\"@type\":\"ReadAction\",\"target\":[\"https:\\\/\\\/mont-roig.cat\\\/es\\\/actualitat\\\/noticies\\\/el-ayuntamiento-de-mont-roig-del-camp-celebra-el-pleno-de-organizacion-municipal-2023-2027\\\/\"]}]},{\"@type\":\"ImageObject\",\"inLanguage\":\"es\",\"@id\":\"https:\\\/\\\/mont-roig.cat\\\/es\\\/actualitat\\\/noticies\\\/el-ayuntamiento-de-mont-roig-del-camp-celebra-el-pleno-de-organizacion-municipal-2023-2027\\\/#primaryimage\",\"url\":\"https:\\\/\\\/mont-roig.cat\\\/wp-content\\\/uploads\\\/Ple-dorganitzacio-Ajuntament-Mont-roig-del-Camp_1-scaled.jpg\",\"contentUrl\":\"https:\\\/\\\/mont-roig.cat\\\/wp-content\\\/uploads\\\/Ple-dorganitzacio-Ajuntament-Mont-roig-del-Camp_1-scaled.jpg\",\"width\":2048,\"height\":1536},{\"@type\":\"BreadcrumbList\",\"@id\":\"https:\\\/\\\/mont-roig.cat\\\/es\\\/actualitat\\\/noticies\\\/el-ayuntamiento-de-mont-roig-del-camp-celebra-el-pleno-de-organizacion-municipal-2023-2027\\\/#breadcrumb\",\"itemListElement\":[{\"@type\":\"ListItem\",\"position\":1,\"name\":\"Inici\",\"item\":\"https:\\\/\\\/mont-roig.cat\\\/es\\\/pagina-de-inicio\\\/\"},{\"@type\":\"ListItem\",\"position\":2,\"name\":\"El Ayuntamiento de Mont-roig del Camp celebra el Pleno de organizaci\u00f3n municipal 2023-2027\"}]},{\"@type\":\"WebSite\",\"@id\":\"https:\\\/\\\/mont-roig.cat\\\/es\\\/#website\",\"url\":\"https:\\\/\\\/mont-roig.cat\\\/es\\\/\",\"name\":\"Ajuntament de Mont-roig del Camp\",\"description\":\"Tota la informaci\u00f3 sobre la instituci\u00f3, els seus \u00f2rgans de govern, actualitat, serveis i molt m\u00e9s.\",\"potentialAction\":[{\"@type\":\"SearchAction\",\"target\":{\"@type\":\"EntryPoint\",\"urlTemplate\":\"https:\\\/\\\/mont-roig.cat\\\/es\\\/?s={search_term_string}\"},\"query-input\":{\"@type\":\"PropertyValueSpecification\",\"valueRequired\":true,\"valueName\":\"search_term_string\"}}],\"inLanguage\":\"es\"},{\"@type\":\"Person\",\"@id\":\"https:\\\/\\\/mont-roig.cat\\\/es\\\/#\\\/schema\\\/person\\\/1f73e7b5e6f9dd122e8a6f14f310ac5e\",\"name\":\"comunicacio\",\"image\":{\"@type\":\"ImageObject\",\"inLanguage\":\"es\",\"@id\":\"https:\\\/\\\/secure.gravatar.com\\\/avatar\\\/98944333e7a877670a64f8d10f0cb680ab2c9ebc4efc43945ef004b52b5ad28c?s=96&d=mm&r=g\",\"url\":\"https:\\\/\\\/secure.gravatar.com\\\/avatar\\\/98944333e7a877670a64f8d10f0cb680ab2c9ebc4efc43945ef004b52b5ad28c?s=96&d=mm&r=g\",\"contentUrl\":\"https:\\\/\\\/secure.gravatar.com\\\/avatar\\\/98944333e7a877670a64f8d10f0cb680ab2c9ebc4efc43945ef004b52b5ad28c?s=96&d=mm&r=g\",\"caption\":\"comunicacio\"},\"url\":\"https:\\\/\\\/mont-roig.cat\\\/es\\\/actualitat\\\/noticies\\\/author\\\/comunicacio\\\/\"}]}<\/script>\n<!-- \/ Yoast SEO plugin. -->","yoast_head_json":{"title":"El Ayuntamiento de Mont-roig del Camp celebra el Pleno de organizaci\u00f3n municipal 2023-2027 - Ajuntament de Mont-roig del Camp","robots":{"index":"index","follow":"follow","max-snippet":"max-snippet:-1","max-image-preview":"max-image-preview:large","max-video-preview":"max-video-preview:-1"},"canonical":"https:\/\/mont-roig.cat\/es\/actualitat\/noticies\/el-ayuntamiento-de-mont-roig-del-camp-celebra-el-pleno-de-organizacion-municipal-2023-2027\/","og_locale":"es_ES","og_type":"article","og_title":"El Ayuntamiento de Mont-roig del Camp celebra el Pleno de organizaci\u00f3n municipal 2023-2027 - Ajuntament de Mont-roig del Camp","og_description":"Tras el Pleno de constituci\u00f3n de la corporaci\u00f3n y la elecci\u00f3n de Fran Morancho como alcalde, la primera sesi\u00f3n plenaria del mandato, celebrada este viernes 23 de junio, ha servido para ratificar las competencias de los concejales\/as delegados, aprobar las funciones de las comisiones informativas, as\u00ed como las dedicaciones y retribuciones, entre otros En esta [&hellip;]","og_url":"https:\/\/mont-roig.cat\/es\/actualitat\/noticies\/el-ayuntamiento-de-mont-roig-del-camp-celebra-el-pleno-de-organizacion-municipal-2023-2027\/","og_site_name":"Ajuntament de Mont-roig del Camp","article_published_time":"2023-06-23T12:38:58+00:00","article_modified_time":"2023-06-23T12:47:53+00:00","og_image":[{"width":2048,"height":1536,"url":"https:\/\/mont-roig.cat\/wp-content\/uploads\/Ple-dorganitzacio-Ajuntament-Mont-roig-del-Camp_1-scaled.jpg","type":"image\/jpeg"}],"author":"comunicacio","twitter_card":"summary_large_image","twitter_misc":{"Escrito por":"comunicacio","Tiempo de lectura":"6 minutos"},"schema":{"@context":"https:\/\/schema.org","@graph":[{"@type":"Article","@id":"https:\/\/mont-roig.cat\/es\/actualitat\/noticies\/el-ayuntamiento-de-mont-roig-del-camp-celebra-el-pleno-de-organizacion-municipal-2023-2027\/#article","isPartOf":{"@id":"https:\/\/mont-roig.cat\/es\/actualitat\/noticies\/el-ayuntamiento-de-mont-roig-del-camp-celebra-el-pleno-de-organizacion-municipal-2023-2027\/"},"author":{"name":"comunicacio","@id":"https:\/\/mont-roig.cat\/es\/#\/schema\/person\/1f73e7b5e6f9dd122e8a6f14f310ac5e"},"headline":"El Ayuntamiento de Mont-roig del Camp celebra el Pleno de organizaci\u00f3n municipal 2023-2027","datePublished":"2023-06-23T12:38:58+00:00","dateModified":"2023-06-23T12:47:53+00:00","mainEntityOfPage":{"@id":"https:\/\/mont-roig.cat\/es\/actualitat\/noticies\/el-ayuntamiento-de-mont-roig-del-camp-celebra-el-pleno-de-organizacion-municipal-2023-2027\/"},"wordCount":1113,"image":{"@id":"https:\/\/mont-roig.cat\/es\/actualitat\/noticies\/el-ayuntamiento-de-mont-roig-del-camp-celebra-el-pleno-de-organizacion-municipal-2023-2027\/#primaryimage"},"thumbnailUrl":"https:\/\/mont-roig.cat\/wp-content\/uploads\/Ple-dorganitzacio-Ajuntament-Mont-roig-del-Camp_1-scaled.jpg","articleSection":["Ayuntamiento","General"],"inLanguage":"es"},{"@type":"WebPage","@id":"https:\/\/mont-roig.cat\/es\/actualitat\/noticies\/el-ayuntamiento-de-mont-roig-del-camp-celebra-el-pleno-de-organizacion-municipal-2023-2027\/","url":"https:\/\/mont-roig.cat\/es\/actualitat\/noticies\/el-ayuntamiento-de-mont-roig-del-camp-celebra-el-pleno-de-organizacion-municipal-2023-2027\/","name":"El Ayuntamiento de Mont-roig del Camp celebra el Pleno de organizaci\u00f3n municipal 2023-2027 - Ajuntament de Mont-roig del Camp","isPartOf":{"@id":"https:\/\/mont-roig.cat\/es\/#website"},"primaryImageOfPage":{"@id":"https:\/\/mont-roig.cat\/es\/actualitat\/noticies\/el-ayuntamiento-de-mont-roig-del-camp-celebra-el-pleno-de-organizacion-municipal-2023-2027\/#primaryimage"},"image":{"@id":"https:\/\/mont-roig.cat\/es\/actualitat\/noticies\/el-ayuntamiento-de-mont-roig-del-camp-celebra-el-pleno-de-organizacion-municipal-2023-2027\/#primaryimage"},"thumbnailUrl":"https:\/\/mont-roig.cat\/wp-content\/uploads\/Ple-dorganitzacio-Ajuntament-Mont-roig-del-Camp_1-scaled.jpg","datePublished":"2023-06-23T12:38:58+00:00","dateModified":"2023-06-23T12:47:53+00:00","author":{"@id":"https:\/\/mont-roig.cat\/es\/#\/schema\/person\/1f73e7b5e6f9dd122e8a6f14f310ac5e"},"breadcrumb":{"@id":"https:\/\/mont-roig.cat\/es\/actualitat\/noticies\/el-ayuntamiento-de-mont-roig-del-camp-celebra-el-pleno-de-organizacion-municipal-2023-2027\/#breadcrumb"},"inLanguage":"es","potentialAction":[{"@type":"ReadAction","target":["https:\/\/mont-roig.cat\/es\/actualitat\/noticies\/el-ayuntamiento-de-mont-roig-del-camp-celebra-el-pleno-de-organizacion-municipal-2023-2027\/"]}]},{"@type":"ImageObject","inLanguage":"es","@id":"https:\/\/mont-roig.cat\/es\/actualitat\/noticies\/el-ayuntamiento-de-mont-roig-del-camp-celebra-el-pleno-de-organizacion-municipal-2023-2027\/#primaryimage","url":"https:\/\/mont-roig.cat\/wp-content\/uploads\/Ple-dorganitzacio-Ajuntament-Mont-roig-del-Camp_1-scaled.jpg","contentUrl":"https:\/\/mont-roig.cat\/wp-content\/uploads\/Ple-dorganitzacio-Ajuntament-Mont-roig-del-Camp_1-scaled.jpg","width":2048,"height":1536},{"@type":"BreadcrumbList","@id":"https:\/\/mont-roig.cat\/es\/actualitat\/noticies\/el-ayuntamiento-de-mont-roig-del-camp-celebra-el-pleno-de-organizacion-municipal-2023-2027\/#breadcrumb","itemListElement":[{"@type":"ListItem","position":1,"name":"Inici","item":"https:\/\/mont-roig.cat\/es\/pagina-de-inicio\/"},{"@type":"ListItem","position":2,"name":"El Ayuntamiento de Mont-roig del Camp celebra el Pleno de organizaci\u00f3n municipal 2023-2027"}]},{"@type":"WebSite","@id":"https:\/\/mont-roig.cat\/es\/#website","url":"https:\/\/mont-roig.cat\/es\/","name":"Ajuntament de Mont-roig del Camp","description":"Tota la informaci\u00f3 sobre la instituci\u00f3, els seus \u00f2rgans de govern, actualitat, serveis i molt m\u00e9s.","potentialAction":[{"@type":"SearchAction","target":{"@type":"EntryPoint","urlTemplate":"https:\/\/mont-roig.cat\/es\/?s={search_term_string}"},"query-input":{"@type":"PropertyValueSpecification","valueRequired":true,"valueName":"search_term_string"}}],"inLanguage":"es"},{"@type":"Person","@id":"https:\/\/mont-roig.cat\/es\/#\/schema\/person\/1f73e7b5e6f9dd122e8a6f14f310ac5e","name":"comunicacio","image":{"@type":"ImageObject","inLanguage":"es","@id":"https:\/\/secure.gravatar.com\/avatar\/98944333e7a877670a64f8d10f0cb680ab2c9ebc4efc43945ef004b52b5ad28c?s=96&d=mm&r=g","url":"https:\/\/secure.gravatar.com\/avatar\/98944333e7a877670a64f8d10f0cb680ab2c9ebc4efc43945ef004b52b5ad28c?s=96&d=mm&r=g","contentUrl":"https:\/\/secure.gravatar.com\/avatar\/98944333e7a877670a64f8d10f0cb680ab2c9ebc4efc43945ef004b52b5ad28c?s=96&d=mm&r=g","caption":"comunicacio"},"url":"https:\/\/mont-roig.cat\/es\/actualitat\/noticies\/author\/comunicacio\/"}]}},"_links":{"self":[{"href":"https:\/\/mont-roig.cat\/es\/wp-json\/wp\/v2\/posts\/71046","targetHints":{"allow":["GET"]}}],"collection":[{"href":"https:\/\/mont-roig.cat\/es\/wp-json\/wp\/v2\/posts"}],"about":[{"href":"https:\/\/mont-roig.cat\/es\/wp-json\/wp\/v2\/types\/post"}],"author":[{"embeddable":true,"href":"https:\/\/mont-roig.cat\/es\/wp-json\/wp\/v2\/users\/13"}],"replies":[{"embeddable":true,"href":"https:\/\/mont-roig.cat\/es\/wp-json\/wp\/v2\/comments?post=71046"}],"version-history":[{"count":6,"href":"https:\/\/mont-roig.cat\/es\/wp-json\/wp\/v2\/posts\/71046\/revisions"}],"predecessor-version":[{"id":71057,"href":"https:\/\/mont-roig.cat\/es\/wp-json\/wp\/v2\/posts\/71046\/revisions\/71057"}],"wp:featuredmedia":[{"embeddable":true,"href":"https:\/\/mont-roig.cat\/es\/wp-json\/wp\/v2\/media\/71035"}],"wp:attachment":[{"href":"https:\/\/mont-roig.cat\/es\/wp-json\/wp\/v2\/media?parent=71046"}],"wp:term":[{"taxonomy":"category","embeddable":true,"href":"https:\/\/mont-roig.cat\/es\/wp-json\/wp\/v2\/categories?post=71046"},{"taxonomy":"post_tag","embeddable":true,"href":"https:\/\/mont-roig.cat\/es\/wp-json\/wp\/v2\/tags?post=71046"}],"curies":[{"name":"wp","href":"https:\/\/api.w.org\/{rel}","templated":true}]}}