{"id":71117,"date":"2023-06-26T15:58:17","date_gmt":"2023-06-26T13:58:17","guid":{"rendered":"https:\/\/mont-roig.cat\/actualitat\/noticies\/tokl2-presenta-les-sortides-del-segon-semestre-per-al-collectiu-jove-de-mont-roig-i-miami-platja-i-vandellos-i-lhospitalet-de-linfant\/"},"modified":"2023-06-26T16:05:03","modified_gmt":"2023-06-26T14:05:03","slug":"tokl2-presenta-las-salidas-del-segundo-semestre-para-el-colectivo-joven-de-mont-roig-y-miami-platja-i-vandellos-y-hospitalet-de-linfant","status":"publish","type":"post","link":"https:\/\/mont-roig.cat\/es\/actualitat\/noticies\/tokl2-presenta-las-salidas-del-segundo-semestre-para-el-colectivo-joven-de-mont-roig-y-miami-platja-i-vandellos-y-hospitalet-de-linfant\/","title":{"rendered":"Tok&#8217;l2 presenta las salidas del segundo semestre para el colectivo joven de Mont-roig y Miami Platja i Vandell\u00f2s y Hospitalet de l&#8217;Infant"},"content":{"rendered":"<ul>\n<li><strong><a href=\"https:\/\/mont-roig.cat\/wp-content\/uploads\/TOKL2-2N-SEMESTRE.png\" target=\"_blank\" rel=\"noopener\"><img loading=\"lazy\" decoding=\"async\" class=\"alignright wp-image-71113\" src=\"https:\/\/mont-roig.cat\/wp-content\/uploads\/TOKL2-2N-SEMESTRE-354x500.png\" alt=\"\" width=\"252\" height=\"356\" srcset=\"https:\/\/mont-roig.cat\/wp-content\/uploads\/TOKL2-2N-SEMESTRE-354x500.png 354w, https:\/\/mont-roig.cat\/wp-content\/uploads\/TOKL2-2N-SEMESTRE-724x1024.png 724w, https:\/\/mont-roig.cat\/wp-content\/uploads\/TOKL2-2N-SEMESTRE-768x1086.png 768w, https:\/\/mont-roig.cat\/wp-content\/uploads\/TOKL2-2N-SEMESTRE-1086x1536.png 1086w, https:\/\/mont-roig.cat\/wp-content\/uploads\/TOKL2-2N-SEMESTRE.png 1414w\" sizes=\"auto, (max-width: 252px) 100vw, 252px\" \/><\/a>El programa, organizado por las concejal\u00edas de Juventud de ambos municipios, ofrecer\u00e1 una salida al Aqu\u00f2polis, una escapada joven al Albergue Deportivo \u00c1ster en L&#8217;Hospitalet de l&#8217;Infant o un viaje al Pa\u00eds Vasco, entre otros<br \/>\n<\/strong><\/li>\n<\/ul>\n<p>Las inscripciones para participar en las actividades del programa Tok&#8217;l 2, que organizan conjuntamente las concejal\u00edas de Juventud del Ayuntamiento de Mont-roig del Camp y de Vandell\u00f2s y L&#8217;Hospitalet de l&#8217;Infant ya est\u00e1n abiertas. De nuevo, este programa semestral volver\u00e1 a ofrecer al colectivo joven de ambos municipios una salida o actividad cada mes, a precios muy asequibles.<br \/>\nComo cada verano, el Tok&#8217;l2 contempla una salida l\u00fadica al Aqu\u00f2polis, que este a\u00f1o tendr\u00e1 lugar el 13 de julio por 18,50 euros. Tambi\u00e9n se ha programado una Escapada Joven para los j\u00f3venes de 12 a 15 a\u00f1os en el Albergue Deportivo \u00c1ster de L&#8217;Hospitalet de l&#8217;Infant (8 y 9 de agosto), dos d\u00edas de diversi\u00f3n con juegos, m\u00fasica, fiesta y actividades n\u00e1uticas en la playa (59 euros).<\/p>\n<p>Esta programaci\u00f3n continuar\u00e1 en septiembre con un viaje al Pa\u00eds Vasco, por 89 euros, del 7 al 10 de septiembre y que permitir\u00e1 a los y las j\u00f3venes mayores de 16 a\u00f1os, descubrir algunos de los lugares m\u00e1s interesantes de este territorio con tanta historia (Bilbao , Gaztelugatxe, Gernika, San Sebasti\u00e1n&#8230;) En octubre, una vez comenzado el curso escolar, se ha programado una tarde divertida, llena de saltos y emociones intensas en el Salting de Reus (9 euros). En noviembre habr\u00e1, de nuevo, la posibilidad de descubrir la cultura japonesa y su cocina, manga, anime, cosplay, m\u00fasica o danza gracias a la salida en Japan Weekend de Barcelona (15 euros). Y para terminar el a\u00f1o, el Tok&#8217;l2 visitar\u00e1 PortAventura, para descubrir las atracciones de siempre con el ambiente m\u00e1gico de la Navidad (30 euros).<br \/>\nM\u00e1s informaci\u00f3n e inscripciones en el Ayuntamiento de Mont-roig del Camp (977 17 25 36 y en joventut@mont-roig.cat) y en el de Vandell\u00f2s y L&#8217;Hospitalet de l&#8217;Infant (977 56 90 26 y en joventut@vandellos- hospitalet.cat).<strong><br \/>\n<\/strong><\/p>\n","protected":false},"excerpt":{"rendered":"<p>El programa, organizado por las concejal\u00edas de Juventud de ambos municipios, ofrecer\u00e1 una salida al Aqu\u00f2polis, una escapada joven al Albergue Deportivo \u00c1ster en L&#8217;Hospitalet de l&#8217;Infant o un viaje al Pa\u00eds Vasco, entre otros Las inscripciones para participar en las actividades del programa Tok&#8217;l 2, que organizan conjuntamente las concejal\u00edas de Juventud del Ayuntamiento [&hellip;]<\/p>\n","protected":false},"author":13,"featured_media":71114,"comment_status":"closed","ping_status":"closed","sticky":false,"template":"","format":"standard","meta":{"inline_featured_image":false,"_monsterinsights_skip_tracking":false,"_monsterinsights_sitenote_active":false,"_monsterinsights_sitenote_note":"","_monsterinsights_sitenote_category":0,"footnotes":""},"categories":[98,106],"tags":[],"class_list":["post-71117","post","type-post","status-publish","format-standard","has-post-thumbnail","hentry","category-ayuntamiento","category-juventud"],"yoast_head":"<!-- This site is optimized with the Yoast SEO plugin v27.4 - https:\/\/yoast.com\/product\/yoast-seo-wordpress\/ -->\n<title>Tok&#039;l2 presenta las salidas del segundo semestre para el colectivo joven de Mont-roig y Miami Platja i Vandell\u00f2s y Hospitalet de l&#039;Infant - Ajuntament de Mont-roig del Camp<\/title>\n<meta name=\"robots\" content=\"index, follow, max-snippet:-1, max-image-preview:large, max-video-preview:-1\" \/>\n<link rel=\"canonical\" href=\"https:\/\/mont-roig.cat\/es\/actualitat\/noticies\/tokl2-presenta-las-salidas-del-segundo-semestre-para-el-colectivo-joven-de-mont-roig-y-miami-platja-i-vandellos-y-hospitalet-de-linfant\/\" \/>\n<meta property=\"og:locale\" content=\"es_ES\" \/>\n<meta property=\"og:type\" content=\"article\" \/>\n<meta property=\"og:title\" content=\"Tok&#039;l2 presenta las salidas del segundo semestre para el colectivo joven de Mont-roig y Miami Platja i Vandell\u00f2s y Hospitalet de l&#039;Infant - Ajuntament de Mont-roig del Camp\" \/>\n<meta property=\"og:description\" content=\"El programa, organizado por las concejal\u00edas de Juventud de ambos municipios, ofrecer\u00e1 una salida al Aqu\u00f2polis, una escapada joven al Albergue Deportivo \u00c1ster en L&#8217;Hospitalet de l&#8217;Infant o un viaje al Pa\u00eds Vasco, entre otros Las inscripciones para participar en las actividades del programa Tok&#8217;l 2, que organizan conjuntamente las concejal\u00edas de Juventud del Ayuntamiento [&hellip;]\" \/>\n<meta property=\"og:url\" content=\"https:\/\/mont-roig.cat\/es\/actualitat\/noticies\/tokl2-presenta-las-salidas-del-segundo-semestre-para-el-colectivo-joven-de-mont-roig-y-miami-platja-i-vandellos-y-hospitalet-de-linfant\/\" \/>\n<meta property=\"og:site_name\" content=\"Ajuntament de Mont-roig del Camp\" \/>\n<meta property=\"article:published_time\" content=\"2023-06-26T13:58:17+00:00\" \/>\n<meta property=\"article:modified_time\" content=\"2023-06-26T14:05:03+00:00\" \/>\n<meta property=\"og:image\" content=\"https:\/\/mont-roig.cat\/wp-content\/uploads\/TOKL2-2N-SEMESTRE.png\" \/>\n\t<meta property=\"og:image:width\" content=\"1414\" \/>\n\t<meta property=\"og:image:height\" content=\"2000\" \/>\n\t<meta property=\"og:image:type\" content=\"image\/png\" \/>\n<meta name=\"author\" content=\"comunicacio\" \/>\n<meta name=\"twitter:card\" content=\"summary_large_image\" \/>\n<meta name=\"twitter:label1\" content=\"Escrito por\" \/>\n\t<meta name=\"twitter:data1\" content=\"comunicacio\" \/>\n\t<meta name=\"twitter:label2\" content=\"Tiempo de lectura\" \/>\n\t<meta name=\"twitter:data2\" content=\"2 minutos\" \/>\n<script type=\"application\/ld+json\" class=\"yoast-schema-graph\">{\"@context\":\"https:\\\/\\\/schema.org\",\"@graph\":[{\"@type\":\"Article\",\"@id\":\"https:\\\/\\\/mont-roig.cat\\\/es\\\/actualitat\\\/noticies\\\/tokl2-presenta-las-salidas-del-segundo-semestre-para-el-colectivo-joven-de-mont-roig-y-miami-platja-i-vandellos-y-hospitalet-de-linfant\\\/#article\",\"isPartOf\":{\"@id\":\"https:\\\/\\\/mont-roig.cat\\\/es\\\/actualitat\\\/noticies\\\/tokl2-presenta-las-salidas-del-segundo-semestre-para-el-colectivo-joven-de-mont-roig-y-miami-platja-i-vandellos-y-hospitalet-de-linfant\\\/\"},\"author\":{\"name\":\"comunicacio\",\"@id\":\"https:\\\/\\\/mont-roig.cat\\\/es\\\/#\\\/schema\\\/person\\\/1f73e7b5e6f9dd122e8a6f14f310ac5e\"},\"headline\":\"Tok&#8217;l2 presenta las salidas del segundo semestre para el colectivo joven de Mont-roig y Miami Platja i Vandell\u00f2s y Hospitalet de l&#8217;Infant\",\"datePublished\":\"2023-06-26T13:58:17+00:00\",\"dateModified\":\"2023-06-26T14:05:03+00:00\",\"mainEntityOfPage\":{\"@id\":\"https:\\\/\\\/mont-roig.cat\\\/es\\\/actualitat\\\/noticies\\\/tokl2-presenta-las-salidas-del-segundo-semestre-para-el-colectivo-joven-de-mont-roig-y-miami-platja-i-vandellos-y-hospitalet-de-linfant\\\/\"},\"wordCount\":361,\"image\":{\"@id\":\"https:\\\/\\\/mont-roig.cat\\\/es\\\/actualitat\\\/noticies\\\/tokl2-presenta-las-salidas-del-segundo-semestre-para-el-colectivo-joven-de-mont-roig-y-miami-platja-i-vandellos-y-hospitalet-de-linfant\\\/#primaryimage\"},\"thumbnailUrl\":\"https:\\\/\\\/mont-roig.cat\\\/wp-content\\\/uploads\\\/TOKL2-2N-SEMESTRE.png\",\"articleSection\":[\"Ayuntamiento\",\"Juventud\"],\"inLanguage\":\"es\"},{\"@type\":\"WebPage\",\"@id\":\"https:\\\/\\\/mont-roig.cat\\\/es\\\/actualitat\\\/noticies\\\/tokl2-presenta-las-salidas-del-segundo-semestre-para-el-colectivo-joven-de-mont-roig-y-miami-platja-i-vandellos-y-hospitalet-de-linfant\\\/\",\"url\":\"https:\\\/\\\/mont-roig.cat\\\/es\\\/actualitat\\\/noticies\\\/tokl2-presenta-las-salidas-del-segundo-semestre-para-el-colectivo-joven-de-mont-roig-y-miami-platja-i-vandellos-y-hospitalet-de-linfant\\\/\",\"name\":\"Tok'l2 presenta las salidas del segundo semestre para el colectivo joven de Mont-roig y Miami Platja i Vandell\u00f2s y Hospitalet de l'Infant - Ajuntament de Mont-roig del Camp\",\"isPartOf\":{\"@id\":\"https:\\\/\\\/mont-roig.cat\\\/es\\\/#website\"},\"primaryImageOfPage\":{\"@id\":\"https:\\\/\\\/mont-roig.cat\\\/es\\\/actualitat\\\/noticies\\\/tokl2-presenta-las-salidas-del-segundo-semestre-para-el-colectivo-joven-de-mont-roig-y-miami-platja-i-vandellos-y-hospitalet-de-linfant\\\/#primaryimage\"},\"image\":{\"@id\":\"https:\\\/\\\/mont-roig.cat\\\/es\\\/actualitat\\\/noticies\\\/tokl2-presenta-las-salidas-del-segundo-semestre-para-el-colectivo-joven-de-mont-roig-y-miami-platja-i-vandellos-y-hospitalet-de-linfant\\\/#primaryimage\"},\"thumbnailUrl\":\"https:\\\/\\\/mont-roig.cat\\\/wp-content\\\/uploads\\\/TOKL2-2N-SEMESTRE.png\",\"datePublished\":\"2023-06-26T13:58:17+00:00\",\"dateModified\":\"2023-06-26T14:05:03+00:00\",\"author\":{\"@id\":\"https:\\\/\\\/mont-roig.cat\\\/es\\\/#\\\/schema\\\/person\\\/1f73e7b5e6f9dd122e8a6f14f310ac5e\"},\"breadcrumb\":{\"@id\":\"https:\\\/\\\/mont-roig.cat\\\/es\\\/actualitat\\\/noticies\\\/tokl2-presenta-las-salidas-del-segundo-semestre-para-el-colectivo-joven-de-mont-roig-y-miami-platja-i-vandellos-y-hospitalet-de-linfant\\\/#breadcrumb\"},\"inLanguage\":\"es\",\"potentialAction\":[{\"@type\":\"ReadAction\",\"target\":[\"https:\\\/\\\/mont-roig.cat\\\/es\\\/actualitat\\\/noticies\\\/tokl2-presenta-las-salidas-del-segundo-semestre-para-el-colectivo-joven-de-mont-roig-y-miami-platja-i-vandellos-y-hospitalet-de-linfant\\\/\"]}]},{\"@type\":\"ImageObject\",\"inLanguage\":\"es\",\"@id\":\"https:\\\/\\\/mont-roig.cat\\\/es\\\/actualitat\\\/noticies\\\/tokl2-presenta-las-salidas-del-segundo-semestre-para-el-colectivo-joven-de-mont-roig-y-miami-platja-i-vandellos-y-hospitalet-de-linfant\\\/#primaryimage\",\"url\":\"https:\\\/\\\/mont-roig.cat\\\/wp-content\\\/uploads\\\/TOKL2-2N-SEMESTRE.png\",\"contentUrl\":\"https:\\\/\\\/mont-roig.cat\\\/wp-content\\\/uploads\\\/TOKL2-2N-SEMESTRE.png\",\"width\":1414,\"height\":2000},{\"@type\":\"BreadcrumbList\",\"@id\":\"https:\\\/\\\/mont-roig.cat\\\/es\\\/actualitat\\\/noticies\\\/tokl2-presenta-las-salidas-del-segundo-semestre-para-el-colectivo-joven-de-mont-roig-y-miami-platja-i-vandellos-y-hospitalet-de-linfant\\\/#breadcrumb\",\"itemListElement\":[{\"@type\":\"ListItem\",\"position\":1,\"name\":\"Inici\",\"item\":\"https:\\\/\\\/mont-roig.cat\\\/es\\\/pagina-de-inicio\\\/\"},{\"@type\":\"ListItem\",\"position\":2,\"name\":\"Tok&#8217;l2 presenta las salidas del segundo semestre para el colectivo joven de Mont-roig y Miami Platja i Vandell\u00f2s y Hospitalet de l&#8217;Infant\"}]},{\"@type\":\"WebSite\",\"@id\":\"https:\\\/\\\/mont-roig.cat\\\/es\\\/#website\",\"url\":\"https:\\\/\\\/mont-roig.cat\\\/es\\\/\",\"name\":\"Ajuntament de Mont-roig del Camp\",\"description\":\"Tota la informaci\u00f3 sobre la instituci\u00f3, els seus \u00f2rgans de govern, actualitat, serveis i molt m\u00e9s.\",\"potentialAction\":[{\"@type\":\"SearchAction\",\"target\":{\"@type\":\"EntryPoint\",\"urlTemplate\":\"https:\\\/\\\/mont-roig.cat\\\/es\\\/?s={search_term_string}\"},\"query-input\":{\"@type\":\"PropertyValueSpecification\",\"valueRequired\":true,\"valueName\":\"search_term_string\"}}],\"inLanguage\":\"es\"},{\"@type\":\"Person\",\"@id\":\"https:\\\/\\\/mont-roig.cat\\\/es\\\/#\\\/schema\\\/person\\\/1f73e7b5e6f9dd122e8a6f14f310ac5e\",\"name\":\"comunicacio\",\"image\":{\"@type\":\"ImageObject\",\"inLanguage\":\"es\",\"@id\":\"https:\\\/\\\/secure.gravatar.com\\\/avatar\\\/98944333e7a877670a64f8d10f0cb680ab2c9ebc4efc43945ef004b52b5ad28c?s=96&d=mm&r=g\",\"url\":\"https:\\\/\\\/secure.gravatar.com\\\/avatar\\\/98944333e7a877670a64f8d10f0cb680ab2c9ebc4efc43945ef004b52b5ad28c?s=96&d=mm&r=g\",\"contentUrl\":\"https:\\\/\\\/secure.gravatar.com\\\/avatar\\\/98944333e7a877670a64f8d10f0cb680ab2c9ebc4efc43945ef004b52b5ad28c?s=96&d=mm&r=g\",\"caption\":\"comunicacio\"},\"url\":\"https:\\\/\\\/mont-roig.cat\\\/es\\\/actualitat\\\/noticies\\\/author\\\/comunicacio\\\/\"}]}<\/script>\n<!-- \/ Yoast SEO plugin. -->","yoast_head_json":{"title":"Tok'l2 presenta las salidas del segundo semestre para el colectivo joven de Mont-roig y Miami Platja i Vandell\u00f2s y Hospitalet de l'Infant - Ajuntament de Mont-roig del Camp","robots":{"index":"index","follow":"follow","max-snippet":"max-snippet:-1","max-image-preview":"max-image-preview:large","max-video-preview":"max-video-preview:-1"},"canonical":"https:\/\/mont-roig.cat\/es\/actualitat\/noticies\/tokl2-presenta-las-salidas-del-segundo-semestre-para-el-colectivo-joven-de-mont-roig-y-miami-platja-i-vandellos-y-hospitalet-de-linfant\/","og_locale":"es_ES","og_type":"article","og_title":"Tok'l2 presenta las salidas del segundo semestre para el colectivo joven de Mont-roig y Miami Platja i Vandell\u00f2s y Hospitalet de l'Infant - Ajuntament de Mont-roig del Camp","og_description":"El programa, organizado por las concejal\u00edas de Juventud de ambos municipios, ofrecer\u00e1 una salida al Aqu\u00f2polis, una escapada joven al Albergue Deportivo \u00c1ster en L&#8217;Hospitalet de l&#8217;Infant o un viaje al Pa\u00eds Vasco, entre otros Las inscripciones para participar en las actividades del programa Tok&#8217;l 2, que organizan conjuntamente las concejal\u00edas de Juventud del Ayuntamiento [&hellip;]","og_url":"https:\/\/mont-roig.cat\/es\/actualitat\/noticies\/tokl2-presenta-las-salidas-del-segundo-semestre-para-el-colectivo-joven-de-mont-roig-y-miami-platja-i-vandellos-y-hospitalet-de-linfant\/","og_site_name":"Ajuntament de Mont-roig del Camp","article_published_time":"2023-06-26T13:58:17+00:00","article_modified_time":"2023-06-26T14:05:03+00:00","og_image":[{"width":1414,"height":2000,"url":"https:\/\/mont-roig.cat\/wp-content\/uploads\/TOKL2-2N-SEMESTRE.png","type":"image\/png"}],"author":"comunicacio","twitter_card":"summary_large_image","twitter_misc":{"Escrito por":"comunicacio","Tiempo de lectura":"2 minutos"},"schema":{"@context":"https:\/\/schema.org","@graph":[{"@type":"Article","@id":"https:\/\/mont-roig.cat\/es\/actualitat\/noticies\/tokl2-presenta-las-salidas-del-segundo-semestre-para-el-colectivo-joven-de-mont-roig-y-miami-platja-i-vandellos-y-hospitalet-de-linfant\/#article","isPartOf":{"@id":"https:\/\/mont-roig.cat\/es\/actualitat\/noticies\/tokl2-presenta-las-salidas-del-segundo-semestre-para-el-colectivo-joven-de-mont-roig-y-miami-platja-i-vandellos-y-hospitalet-de-linfant\/"},"author":{"name":"comunicacio","@id":"https:\/\/mont-roig.cat\/es\/#\/schema\/person\/1f73e7b5e6f9dd122e8a6f14f310ac5e"},"headline":"Tok&#8217;l2 presenta las salidas del segundo semestre para el colectivo joven de Mont-roig y Miami Platja i Vandell\u00f2s y Hospitalet de l&#8217;Infant","datePublished":"2023-06-26T13:58:17+00:00","dateModified":"2023-06-26T14:05:03+00:00","mainEntityOfPage":{"@id":"https:\/\/mont-roig.cat\/es\/actualitat\/noticies\/tokl2-presenta-las-salidas-del-segundo-semestre-para-el-colectivo-joven-de-mont-roig-y-miami-platja-i-vandellos-y-hospitalet-de-linfant\/"},"wordCount":361,"image":{"@id":"https:\/\/mont-roig.cat\/es\/actualitat\/noticies\/tokl2-presenta-las-salidas-del-segundo-semestre-para-el-colectivo-joven-de-mont-roig-y-miami-platja-i-vandellos-y-hospitalet-de-linfant\/#primaryimage"},"thumbnailUrl":"https:\/\/mont-roig.cat\/wp-content\/uploads\/TOKL2-2N-SEMESTRE.png","articleSection":["Ayuntamiento","Juventud"],"inLanguage":"es"},{"@type":"WebPage","@id":"https:\/\/mont-roig.cat\/es\/actualitat\/noticies\/tokl2-presenta-las-salidas-del-segundo-semestre-para-el-colectivo-joven-de-mont-roig-y-miami-platja-i-vandellos-y-hospitalet-de-linfant\/","url":"https:\/\/mont-roig.cat\/es\/actualitat\/noticies\/tokl2-presenta-las-salidas-del-segundo-semestre-para-el-colectivo-joven-de-mont-roig-y-miami-platja-i-vandellos-y-hospitalet-de-linfant\/","name":"Tok'l2 presenta las salidas del segundo semestre para el colectivo joven de Mont-roig y Miami Platja i Vandell\u00f2s y Hospitalet de l'Infant - Ajuntament de Mont-roig del Camp","isPartOf":{"@id":"https:\/\/mont-roig.cat\/es\/#website"},"primaryImageOfPage":{"@id":"https:\/\/mont-roig.cat\/es\/actualitat\/noticies\/tokl2-presenta-las-salidas-del-segundo-semestre-para-el-colectivo-joven-de-mont-roig-y-miami-platja-i-vandellos-y-hospitalet-de-linfant\/#primaryimage"},"image":{"@id":"https:\/\/mont-roig.cat\/es\/actualitat\/noticies\/tokl2-presenta-las-salidas-del-segundo-semestre-para-el-colectivo-joven-de-mont-roig-y-miami-platja-i-vandellos-y-hospitalet-de-linfant\/#primaryimage"},"thumbnailUrl":"https:\/\/mont-roig.cat\/wp-content\/uploads\/TOKL2-2N-SEMESTRE.png","datePublished":"2023-06-26T13:58:17+00:00","dateModified":"2023-06-26T14:05:03+00:00","author":{"@id":"https:\/\/mont-roig.cat\/es\/#\/schema\/person\/1f73e7b5e6f9dd122e8a6f14f310ac5e"},"breadcrumb":{"@id":"https:\/\/mont-roig.cat\/es\/actualitat\/noticies\/tokl2-presenta-las-salidas-del-segundo-semestre-para-el-colectivo-joven-de-mont-roig-y-miami-platja-i-vandellos-y-hospitalet-de-linfant\/#breadcrumb"},"inLanguage":"es","potentialAction":[{"@type":"ReadAction","target":["https:\/\/mont-roig.cat\/es\/actualitat\/noticies\/tokl2-presenta-las-salidas-del-segundo-semestre-para-el-colectivo-joven-de-mont-roig-y-miami-platja-i-vandellos-y-hospitalet-de-linfant\/"]}]},{"@type":"ImageObject","inLanguage":"es","@id":"https:\/\/mont-roig.cat\/es\/actualitat\/noticies\/tokl2-presenta-las-salidas-del-segundo-semestre-para-el-colectivo-joven-de-mont-roig-y-miami-platja-i-vandellos-y-hospitalet-de-linfant\/#primaryimage","url":"https:\/\/mont-roig.cat\/wp-content\/uploads\/TOKL2-2N-SEMESTRE.png","contentUrl":"https:\/\/mont-roig.cat\/wp-content\/uploads\/TOKL2-2N-SEMESTRE.png","width":1414,"height":2000},{"@type":"BreadcrumbList","@id":"https:\/\/mont-roig.cat\/es\/actualitat\/noticies\/tokl2-presenta-las-salidas-del-segundo-semestre-para-el-colectivo-joven-de-mont-roig-y-miami-platja-i-vandellos-y-hospitalet-de-linfant\/#breadcrumb","itemListElement":[{"@type":"ListItem","position":1,"name":"Inici","item":"https:\/\/mont-roig.cat\/es\/pagina-de-inicio\/"},{"@type":"ListItem","position":2,"name":"Tok&#8217;l2 presenta las salidas del segundo semestre para el colectivo joven de Mont-roig y Miami Platja i Vandell\u00f2s y Hospitalet de l&#8217;Infant"}]},{"@type":"WebSite","@id":"https:\/\/mont-roig.cat\/es\/#website","url":"https:\/\/mont-roig.cat\/es\/","name":"Ajuntament de Mont-roig del Camp","description":"Tota la informaci\u00f3 sobre la instituci\u00f3, els seus \u00f2rgans de govern, actualitat, serveis i molt m\u00e9s.","potentialAction":[{"@type":"SearchAction","target":{"@type":"EntryPoint","urlTemplate":"https:\/\/mont-roig.cat\/es\/?s={search_term_string}"},"query-input":{"@type":"PropertyValueSpecification","valueRequired":true,"valueName":"search_term_string"}}],"inLanguage":"es"},{"@type":"Person","@id":"https:\/\/mont-roig.cat\/es\/#\/schema\/person\/1f73e7b5e6f9dd122e8a6f14f310ac5e","name":"comunicacio","image":{"@type":"ImageObject","inLanguage":"es","@id":"https:\/\/secure.gravatar.com\/avatar\/98944333e7a877670a64f8d10f0cb680ab2c9ebc4efc43945ef004b52b5ad28c?s=96&d=mm&r=g","url":"https:\/\/secure.gravatar.com\/avatar\/98944333e7a877670a64f8d10f0cb680ab2c9ebc4efc43945ef004b52b5ad28c?s=96&d=mm&r=g","contentUrl":"https:\/\/secure.gravatar.com\/avatar\/98944333e7a877670a64f8d10f0cb680ab2c9ebc4efc43945ef004b52b5ad28c?s=96&d=mm&r=g","caption":"comunicacio"},"url":"https:\/\/mont-roig.cat\/es\/actualitat\/noticies\/author\/comunicacio\/"}]}},"_links":{"self":[{"href":"https:\/\/mont-roig.cat\/es\/wp-json\/wp\/v2\/posts\/71117","targetHints":{"allow":["GET"]}}],"collection":[{"href":"https:\/\/mont-roig.cat\/es\/wp-json\/wp\/v2\/posts"}],"about":[{"href":"https:\/\/mont-roig.cat\/es\/wp-json\/wp\/v2\/types\/post"}],"author":[{"embeddable":true,"href":"https:\/\/mont-roig.cat\/es\/wp-json\/wp\/v2\/users\/13"}],"replies":[{"embeddable":true,"href":"https:\/\/mont-roig.cat\/es\/wp-json\/wp\/v2\/comments?post=71117"}],"version-history":[{"count":2,"href":"https:\/\/mont-roig.cat\/es\/wp-json\/wp\/v2\/posts\/71117\/revisions"}],"predecessor-version":[{"id":71119,"href":"https:\/\/mont-roig.cat\/es\/wp-json\/wp\/v2\/posts\/71117\/revisions\/71119"}],"wp:featuredmedia":[{"embeddable":true,"href":"https:\/\/mont-roig.cat\/es\/wp-json\/wp\/v2\/media\/71114"}],"wp:attachment":[{"href":"https:\/\/mont-roig.cat\/es\/wp-json\/wp\/v2\/media?parent=71117"}],"wp:term":[{"taxonomy":"category","embeddable":true,"href":"https:\/\/mont-roig.cat\/es\/wp-json\/wp\/v2\/categories?post=71117"},{"taxonomy":"post_tag","embeddable":true,"href":"https:\/\/mont-roig.cat\/es\/wp-json\/wp\/v2\/tags?post=71117"}],"curies":[{"name":"wp","href":"https:\/\/api.w.org\/{rel}","templated":true}]}}