{"id":71140,"date":"2023-06-27T12:06:21","date_gmt":"2023-06-27T10:06:21","guid":{"rendered":"https:\/\/mont-roig.cat\/actualitat\/noticies\/maria-del-mar-bonet-acompanyada-de-dani-espasa-oferira-un-concert-homenatge-a-joan-miro\/"},"modified":"2023-07-03T14:41:44","modified_gmt":"2023-07-03T12:41:44","slug":"maria-del-mar-bonet-acompanada-de-dani-espasa-ofrecera-un-concierto-homenaje-a-joan-miro","status":"publish","type":"post","link":"https:\/\/mont-roig.cat\/es\/actualitat\/noticies\/maria-del-mar-bonet-acompanada-de-dani-espasa-ofrecera-un-concierto-homenaje-a-joan-miro\/","title":{"rendered":"Maria del Mar Bonet, acompa\u00f1ada de Dani Espasa, ofrecer\u00e1 un concierto homenaje a Joan Mir\u00f3"},"content":{"rendered":"<ul>\n<li><strong><a href=\"https:\/\/mont-roig.cat\/wp-content\/uploads\/AAFF_Disseny-Cartell-A3_Mas-Miro_Concert_Maria-del-Mar-Bonet_Digital-scaled.jpg\" target=\"_blank\" rel=\"noopener\"><img loading=\"lazy\" decoding=\"async\" class=\"alignright wp-image-71132\" src=\"https:\/\/mont-roig.cat\/wp-content\/uploads\/AAFF_Disseny-Cartell-A3_Mas-Miro_Concert_Maria-del-Mar-Bonet_Digital-354x500.jpg\" alt=\"\" width=\"255\" height=\"360\" srcset=\"https:\/\/mont-roig.cat\/wp-content\/uploads\/AAFF_Disseny-Cartell-A3_Mas-Miro_Concert_Maria-del-Mar-Bonet_Digital-354x500.jpg 354w, https:\/\/mont-roig.cat\/wp-content\/uploads\/AAFF_Disseny-Cartell-A3_Mas-Miro_Concert_Maria-del-Mar-Bonet_Digital-724x1024.jpg 724w, https:\/\/mont-roig.cat\/wp-content\/uploads\/AAFF_Disseny-Cartell-A3_Mas-Miro_Concert_Maria-del-Mar-Bonet_Digital-768x1086.jpg 768w, https:\/\/mont-roig.cat\/wp-content\/uploads\/AAFF_Disseny-Cartell-A3_Mas-Miro_Concert_Maria-del-Mar-Bonet_Digital-1086x1536.jpg 1086w, https:\/\/mont-roig.cat\/wp-content\/uploads\/AAFF_Disseny-Cartell-A3_Mas-Miro_Concert_Maria-del-Mar-Bonet_Digital-scaled.jpg 1448w\" sizes=\"auto, (max-width: 255px) 100vw, 255px\" \/><\/a>El recital tendr\u00e1 lugar el d\u00eda 15 de julio en Mas Mir\u00f3, cuyas entradas ya se pueden adquirir al precio de 25 euros<\/strong><\/li>\n<\/ul>\n<p>El s\u00e1bado 15 de julio a partir de las 21h, la cantante mallorquina Maria del Bar Bonet, acompa\u00f1ada del pianista Dani Espasa, ofrecer\u00e1 en Mas Mir\u00f3 un recital con algunas canciones y los t\u00edtulos que amaba Joan Mir\u00f3. La cantante narrar\u00e1 entre t\u00edtulo y t\u00edtulo sus impresiones sobre la obra del pintor, los episodios vividos con el artista, as\u00ed como la relevante y sorprendente importancia que \u00e9ste tuvo sin entonces saberlo, en la larga trayectoria profesional del artista.<\/p>\n<p>El recital, preparado especialmente para la ocasi\u00f3n, contiene tambi\u00e9n algunas de las canciones m\u00e1s emblem\u00e1ticas del extenso repertorio de Maria del Mar Bonet, as\u00ed como algunos de los poemas que m\u00e1s ha musicado en las \u00faltimas cinco d\u00e9cadas y que m\u00e1s gustaban a Joan Mir\u00f3 (Salvador Espriu, Bartomeu Rossell\u00f3-P\u00f2rcel o Josep Palau i Fabre). Se trata de un concierto inolvidable en un espacio \u00fanico y tan relevante para el artista universal.<\/p>\n<p>Las entradas para este concierto, organizado por la Fundaci\u00f3 Mas Mir\u00f3, ya est\u00e1n a la venta al precio de 25 euros en la web de Mas Mir\u00f3\u00a0 <a href=\"https:\/\/masmiro.com\/reserves\/?mode=reserve&amp;planyo_lang=CA&amp;prefill=true&amp;resource_id=222664\" target=\"_blank\" rel=\"noopener\">en el siguiente enlace.<\/a><\/p>\n","protected":false},"excerpt":{"rendered":"<p>El recital tendr\u00e1 lugar el d\u00eda 15 de julio en Mas Mir\u00f3, cuyas entradas ya se pueden adquirir al precio de 25 euros El s\u00e1bado 15 de julio a partir de las 21h, la cantante mallorquina Maria del Bar Bonet, acompa\u00f1ada del pianista Dani Espasa, ofrecer\u00e1 en Mas Mir\u00f3 un recital con algunas canciones y [&hellip;]<\/p>\n","protected":false},"author":13,"featured_media":71133,"comment_status":"closed","ping_status":"closed","sticky":false,"template":"","format":"standard","meta":{"inline_featured_image":false,"_monsterinsights_skip_tracking":false,"_monsterinsights_sitenote_active":false,"_monsterinsights_sitenote_note":"","_monsterinsights_sitenote_category":0,"footnotes":""},"categories":[98,231],"tags":[],"class_list":["post-71140","post","type-post","status-publish","format-standard","has-post-thumbnail","hentry","category-ayuntamiento","category-fundacio-mas-miro-es"],"yoast_head":"<!-- This site is optimized with the Yoast SEO plugin v27.4 - https:\/\/yoast.com\/product\/yoast-seo-wordpress\/ -->\n<title>Maria del Mar Bonet, acompa\u00f1ada de Dani Espasa, ofrecer\u00e1 un concierto homenaje a Joan Mir\u00f3 - Ajuntament de Mont-roig del Camp<\/title>\n<meta name=\"robots\" content=\"index, follow, max-snippet:-1, max-image-preview:large, max-video-preview:-1\" \/>\n<link rel=\"canonical\" href=\"https:\/\/mont-roig.cat\/es\/actualitat\/noticies\/maria-del-mar-bonet-acompanada-de-dani-espasa-ofrecera-un-concierto-homenaje-a-joan-miro\/\" \/>\n<meta property=\"og:locale\" content=\"es_ES\" \/>\n<meta property=\"og:type\" content=\"article\" \/>\n<meta property=\"og:title\" content=\"Maria del Mar Bonet, acompa\u00f1ada de Dani Espasa, ofrecer\u00e1 un concierto homenaje a Joan Mir\u00f3 - Ajuntament de Mont-roig del Camp\" \/>\n<meta property=\"og:description\" content=\"El recital tendr\u00e1 lugar el d\u00eda 15 de julio en Mas Mir\u00f3, cuyas entradas ya se pueden adquirir al precio de 25 euros El s\u00e1bado 15 de julio a partir de las 21h, la cantante mallorquina Maria del Bar Bonet, acompa\u00f1ada del pianista Dani Espasa, ofrecer\u00e1 en Mas Mir\u00f3 un recital con algunas canciones y [&hellip;]\" \/>\n<meta property=\"og:url\" content=\"https:\/\/mont-roig.cat\/es\/actualitat\/noticies\/maria-del-mar-bonet-acompanada-de-dani-espasa-ofrecera-un-concierto-homenaje-a-joan-miro\/\" \/>\n<meta property=\"og:site_name\" content=\"Ajuntament de Mont-roig del Camp\" \/>\n<meta property=\"article:published_time\" content=\"2023-06-27T10:06:21+00:00\" \/>\n<meta property=\"article:modified_time\" content=\"2023-07-03T12:41:44+00:00\" \/>\n<meta property=\"og:image\" content=\"https:\/\/mont-roig.cat\/wp-content\/uploads\/AAFF_Disseny-Cartell-A3_Mas-Miro_Concert_Maria-del-Mar-Bonet_Digital-scaled.jpg\" \/>\n\t<meta property=\"og:image:width\" content=\"1448\" \/>\n\t<meta property=\"og:image:height\" content=\"2048\" \/>\n\t<meta property=\"og:image:type\" content=\"image\/jpeg\" \/>\n<meta name=\"author\" content=\"comunicacio\" \/>\n<meta name=\"twitter:card\" content=\"summary_large_image\" \/>\n<meta name=\"twitter:label1\" content=\"Escrito por\" \/>\n\t<meta name=\"twitter:data1\" content=\"comunicacio\" \/>\n\t<meta name=\"twitter:label2\" content=\"Tiempo de lectura\" \/>\n\t<meta name=\"twitter:data2\" content=\"2 minutos\" \/>\n<script type=\"application\/ld+json\" class=\"yoast-schema-graph\">{\"@context\":\"https:\\\/\\\/schema.org\",\"@graph\":[{\"@type\":\"Article\",\"@id\":\"https:\\\/\\\/mont-roig.cat\\\/es\\\/actualitat\\\/noticies\\\/maria-del-mar-bonet-acompanada-de-dani-espasa-ofrecera-un-concierto-homenaje-a-joan-miro\\\/#article\",\"isPartOf\":{\"@id\":\"https:\\\/\\\/mont-roig.cat\\\/es\\\/actualitat\\\/noticies\\\/maria-del-mar-bonet-acompanada-de-dani-espasa-ofrecera-un-concierto-homenaje-a-joan-miro\\\/\"},\"author\":{\"name\":\"comunicacio\",\"@id\":\"https:\\\/\\\/mont-roig.cat\\\/es\\\/#\\\/schema\\\/person\\\/1f73e7b5e6f9dd122e8a6f14f310ac5e\"},\"headline\":\"Maria del Mar Bonet, acompa\u00f1ada de Dani Espasa, ofrecer\u00e1 un concierto homenaje a Joan Mir\u00f3\",\"datePublished\":\"2023-06-27T10:06:21+00:00\",\"dateModified\":\"2023-07-03T12:41:44+00:00\",\"mainEntityOfPage\":{\"@id\":\"https:\\\/\\\/mont-roig.cat\\\/es\\\/actualitat\\\/noticies\\\/maria-del-mar-bonet-acompanada-de-dani-espasa-ofrecera-un-concierto-homenaje-a-joan-miro\\\/\"},\"wordCount\":231,\"image\":{\"@id\":\"https:\\\/\\\/mont-roig.cat\\\/es\\\/actualitat\\\/noticies\\\/maria-del-mar-bonet-acompanada-de-dani-espasa-ofrecera-un-concierto-homenaje-a-joan-miro\\\/#primaryimage\"},\"thumbnailUrl\":\"https:\\\/\\\/mont-roig.cat\\\/wp-content\\\/uploads\\\/AAFF_Disseny-Cartell-A3_Mas-Miro_Concert_Maria-del-Mar-Bonet_Digital-scaled.jpg\",\"articleSection\":[\"Ayuntamiento\",\"Fundaci\u00f3 Mas Mir\u00f3\"],\"inLanguage\":\"es\"},{\"@type\":\"WebPage\",\"@id\":\"https:\\\/\\\/mont-roig.cat\\\/es\\\/actualitat\\\/noticies\\\/maria-del-mar-bonet-acompanada-de-dani-espasa-ofrecera-un-concierto-homenaje-a-joan-miro\\\/\",\"url\":\"https:\\\/\\\/mont-roig.cat\\\/es\\\/actualitat\\\/noticies\\\/maria-del-mar-bonet-acompanada-de-dani-espasa-ofrecera-un-concierto-homenaje-a-joan-miro\\\/\",\"name\":\"Maria del Mar Bonet, acompa\u00f1ada de Dani Espasa, ofrecer\u00e1 un concierto homenaje a Joan Mir\u00f3 - Ajuntament de Mont-roig del Camp\",\"isPartOf\":{\"@id\":\"https:\\\/\\\/mont-roig.cat\\\/es\\\/#website\"},\"primaryImageOfPage\":{\"@id\":\"https:\\\/\\\/mont-roig.cat\\\/es\\\/actualitat\\\/noticies\\\/maria-del-mar-bonet-acompanada-de-dani-espasa-ofrecera-un-concierto-homenaje-a-joan-miro\\\/#primaryimage\"},\"image\":{\"@id\":\"https:\\\/\\\/mont-roig.cat\\\/es\\\/actualitat\\\/noticies\\\/maria-del-mar-bonet-acompanada-de-dani-espasa-ofrecera-un-concierto-homenaje-a-joan-miro\\\/#primaryimage\"},\"thumbnailUrl\":\"https:\\\/\\\/mont-roig.cat\\\/wp-content\\\/uploads\\\/AAFF_Disseny-Cartell-A3_Mas-Miro_Concert_Maria-del-Mar-Bonet_Digital-scaled.jpg\",\"datePublished\":\"2023-06-27T10:06:21+00:00\",\"dateModified\":\"2023-07-03T12:41:44+00:00\",\"author\":{\"@id\":\"https:\\\/\\\/mont-roig.cat\\\/es\\\/#\\\/schema\\\/person\\\/1f73e7b5e6f9dd122e8a6f14f310ac5e\"},\"breadcrumb\":{\"@id\":\"https:\\\/\\\/mont-roig.cat\\\/es\\\/actualitat\\\/noticies\\\/maria-del-mar-bonet-acompanada-de-dani-espasa-ofrecera-un-concierto-homenaje-a-joan-miro\\\/#breadcrumb\"},\"inLanguage\":\"es\",\"potentialAction\":[{\"@type\":\"ReadAction\",\"target\":[\"https:\\\/\\\/mont-roig.cat\\\/es\\\/actualitat\\\/noticies\\\/maria-del-mar-bonet-acompanada-de-dani-espasa-ofrecera-un-concierto-homenaje-a-joan-miro\\\/\"]}]},{\"@type\":\"ImageObject\",\"inLanguage\":\"es\",\"@id\":\"https:\\\/\\\/mont-roig.cat\\\/es\\\/actualitat\\\/noticies\\\/maria-del-mar-bonet-acompanada-de-dani-espasa-ofrecera-un-concierto-homenaje-a-joan-miro\\\/#primaryimage\",\"url\":\"https:\\\/\\\/mont-roig.cat\\\/wp-content\\\/uploads\\\/AAFF_Disseny-Cartell-A3_Mas-Miro_Concert_Maria-del-Mar-Bonet_Digital-scaled.jpg\",\"contentUrl\":\"https:\\\/\\\/mont-roig.cat\\\/wp-content\\\/uploads\\\/AAFF_Disseny-Cartell-A3_Mas-Miro_Concert_Maria-del-Mar-Bonet_Digital-scaled.jpg\",\"width\":1448,\"height\":2048},{\"@type\":\"BreadcrumbList\",\"@id\":\"https:\\\/\\\/mont-roig.cat\\\/es\\\/actualitat\\\/noticies\\\/maria-del-mar-bonet-acompanada-de-dani-espasa-ofrecera-un-concierto-homenaje-a-joan-miro\\\/#breadcrumb\",\"itemListElement\":[{\"@type\":\"ListItem\",\"position\":1,\"name\":\"Inici\",\"item\":\"https:\\\/\\\/mont-roig.cat\\\/es\\\/pagina-de-inicio\\\/\"},{\"@type\":\"ListItem\",\"position\":2,\"name\":\"Maria del Mar Bonet, acompa\u00f1ada de Dani Espasa, ofrecer\u00e1 un concierto homenaje a Joan Mir\u00f3\"}]},{\"@type\":\"WebSite\",\"@id\":\"https:\\\/\\\/mont-roig.cat\\\/es\\\/#website\",\"url\":\"https:\\\/\\\/mont-roig.cat\\\/es\\\/\",\"name\":\"Ajuntament de Mont-roig del Camp\",\"description\":\"Tota la informaci\u00f3 sobre la instituci\u00f3, els seus \u00f2rgans de govern, actualitat, serveis i molt m\u00e9s.\",\"potentialAction\":[{\"@type\":\"SearchAction\",\"target\":{\"@type\":\"EntryPoint\",\"urlTemplate\":\"https:\\\/\\\/mont-roig.cat\\\/es\\\/?s={search_term_string}\"},\"query-input\":{\"@type\":\"PropertyValueSpecification\",\"valueRequired\":true,\"valueName\":\"search_term_string\"}}],\"inLanguage\":\"es\"},{\"@type\":\"Person\",\"@id\":\"https:\\\/\\\/mont-roig.cat\\\/es\\\/#\\\/schema\\\/person\\\/1f73e7b5e6f9dd122e8a6f14f310ac5e\",\"name\":\"comunicacio\",\"image\":{\"@type\":\"ImageObject\",\"inLanguage\":\"es\",\"@id\":\"https:\\\/\\\/secure.gravatar.com\\\/avatar\\\/98944333e7a877670a64f8d10f0cb680ab2c9ebc4efc43945ef004b52b5ad28c?s=96&d=mm&r=g\",\"url\":\"https:\\\/\\\/secure.gravatar.com\\\/avatar\\\/98944333e7a877670a64f8d10f0cb680ab2c9ebc4efc43945ef004b52b5ad28c?s=96&d=mm&r=g\",\"contentUrl\":\"https:\\\/\\\/secure.gravatar.com\\\/avatar\\\/98944333e7a877670a64f8d10f0cb680ab2c9ebc4efc43945ef004b52b5ad28c?s=96&d=mm&r=g\",\"caption\":\"comunicacio\"},\"url\":\"https:\\\/\\\/mont-roig.cat\\\/es\\\/actualitat\\\/noticies\\\/author\\\/comunicacio\\\/\"}]}<\/script>\n<!-- \/ Yoast SEO plugin. -->","yoast_head_json":{"title":"Maria del Mar Bonet, acompa\u00f1ada de Dani Espasa, ofrecer\u00e1 un concierto homenaje a Joan Mir\u00f3 - Ajuntament de Mont-roig del Camp","robots":{"index":"index","follow":"follow","max-snippet":"max-snippet:-1","max-image-preview":"max-image-preview:large","max-video-preview":"max-video-preview:-1"},"canonical":"https:\/\/mont-roig.cat\/es\/actualitat\/noticies\/maria-del-mar-bonet-acompanada-de-dani-espasa-ofrecera-un-concierto-homenaje-a-joan-miro\/","og_locale":"es_ES","og_type":"article","og_title":"Maria del Mar Bonet, acompa\u00f1ada de Dani Espasa, ofrecer\u00e1 un concierto homenaje a Joan Mir\u00f3 - Ajuntament de Mont-roig del Camp","og_description":"El recital tendr\u00e1 lugar el d\u00eda 15 de julio en Mas Mir\u00f3, cuyas entradas ya se pueden adquirir al precio de 25 euros El s\u00e1bado 15 de julio a partir de las 21h, la cantante mallorquina Maria del Bar Bonet, acompa\u00f1ada del pianista Dani Espasa, ofrecer\u00e1 en Mas Mir\u00f3 un recital con algunas canciones y [&hellip;]","og_url":"https:\/\/mont-roig.cat\/es\/actualitat\/noticies\/maria-del-mar-bonet-acompanada-de-dani-espasa-ofrecera-un-concierto-homenaje-a-joan-miro\/","og_site_name":"Ajuntament de Mont-roig del Camp","article_published_time":"2023-06-27T10:06:21+00:00","article_modified_time":"2023-07-03T12:41:44+00:00","og_image":[{"width":1448,"height":2048,"url":"https:\/\/mont-roig.cat\/wp-content\/uploads\/AAFF_Disseny-Cartell-A3_Mas-Miro_Concert_Maria-del-Mar-Bonet_Digital-scaled.jpg","type":"image\/jpeg"}],"author":"comunicacio","twitter_card":"summary_large_image","twitter_misc":{"Escrito por":"comunicacio","Tiempo de lectura":"2 minutos"},"schema":{"@context":"https:\/\/schema.org","@graph":[{"@type":"Article","@id":"https:\/\/mont-roig.cat\/es\/actualitat\/noticies\/maria-del-mar-bonet-acompanada-de-dani-espasa-ofrecera-un-concierto-homenaje-a-joan-miro\/#article","isPartOf":{"@id":"https:\/\/mont-roig.cat\/es\/actualitat\/noticies\/maria-del-mar-bonet-acompanada-de-dani-espasa-ofrecera-un-concierto-homenaje-a-joan-miro\/"},"author":{"name":"comunicacio","@id":"https:\/\/mont-roig.cat\/es\/#\/schema\/person\/1f73e7b5e6f9dd122e8a6f14f310ac5e"},"headline":"Maria del Mar Bonet, acompa\u00f1ada de Dani Espasa, ofrecer\u00e1 un concierto homenaje a Joan Mir\u00f3","datePublished":"2023-06-27T10:06:21+00:00","dateModified":"2023-07-03T12:41:44+00:00","mainEntityOfPage":{"@id":"https:\/\/mont-roig.cat\/es\/actualitat\/noticies\/maria-del-mar-bonet-acompanada-de-dani-espasa-ofrecera-un-concierto-homenaje-a-joan-miro\/"},"wordCount":231,"image":{"@id":"https:\/\/mont-roig.cat\/es\/actualitat\/noticies\/maria-del-mar-bonet-acompanada-de-dani-espasa-ofrecera-un-concierto-homenaje-a-joan-miro\/#primaryimage"},"thumbnailUrl":"https:\/\/mont-roig.cat\/wp-content\/uploads\/AAFF_Disseny-Cartell-A3_Mas-Miro_Concert_Maria-del-Mar-Bonet_Digital-scaled.jpg","articleSection":["Ayuntamiento","Fundaci\u00f3 Mas Mir\u00f3"],"inLanguage":"es"},{"@type":"WebPage","@id":"https:\/\/mont-roig.cat\/es\/actualitat\/noticies\/maria-del-mar-bonet-acompanada-de-dani-espasa-ofrecera-un-concierto-homenaje-a-joan-miro\/","url":"https:\/\/mont-roig.cat\/es\/actualitat\/noticies\/maria-del-mar-bonet-acompanada-de-dani-espasa-ofrecera-un-concierto-homenaje-a-joan-miro\/","name":"Maria del Mar Bonet, acompa\u00f1ada de Dani Espasa, ofrecer\u00e1 un concierto homenaje a Joan Mir\u00f3 - Ajuntament de Mont-roig del Camp","isPartOf":{"@id":"https:\/\/mont-roig.cat\/es\/#website"},"primaryImageOfPage":{"@id":"https:\/\/mont-roig.cat\/es\/actualitat\/noticies\/maria-del-mar-bonet-acompanada-de-dani-espasa-ofrecera-un-concierto-homenaje-a-joan-miro\/#primaryimage"},"image":{"@id":"https:\/\/mont-roig.cat\/es\/actualitat\/noticies\/maria-del-mar-bonet-acompanada-de-dani-espasa-ofrecera-un-concierto-homenaje-a-joan-miro\/#primaryimage"},"thumbnailUrl":"https:\/\/mont-roig.cat\/wp-content\/uploads\/AAFF_Disseny-Cartell-A3_Mas-Miro_Concert_Maria-del-Mar-Bonet_Digital-scaled.jpg","datePublished":"2023-06-27T10:06:21+00:00","dateModified":"2023-07-03T12:41:44+00:00","author":{"@id":"https:\/\/mont-roig.cat\/es\/#\/schema\/person\/1f73e7b5e6f9dd122e8a6f14f310ac5e"},"breadcrumb":{"@id":"https:\/\/mont-roig.cat\/es\/actualitat\/noticies\/maria-del-mar-bonet-acompanada-de-dani-espasa-ofrecera-un-concierto-homenaje-a-joan-miro\/#breadcrumb"},"inLanguage":"es","potentialAction":[{"@type":"ReadAction","target":["https:\/\/mont-roig.cat\/es\/actualitat\/noticies\/maria-del-mar-bonet-acompanada-de-dani-espasa-ofrecera-un-concierto-homenaje-a-joan-miro\/"]}]},{"@type":"ImageObject","inLanguage":"es","@id":"https:\/\/mont-roig.cat\/es\/actualitat\/noticies\/maria-del-mar-bonet-acompanada-de-dani-espasa-ofrecera-un-concierto-homenaje-a-joan-miro\/#primaryimage","url":"https:\/\/mont-roig.cat\/wp-content\/uploads\/AAFF_Disseny-Cartell-A3_Mas-Miro_Concert_Maria-del-Mar-Bonet_Digital-scaled.jpg","contentUrl":"https:\/\/mont-roig.cat\/wp-content\/uploads\/AAFF_Disseny-Cartell-A3_Mas-Miro_Concert_Maria-del-Mar-Bonet_Digital-scaled.jpg","width":1448,"height":2048},{"@type":"BreadcrumbList","@id":"https:\/\/mont-roig.cat\/es\/actualitat\/noticies\/maria-del-mar-bonet-acompanada-de-dani-espasa-ofrecera-un-concierto-homenaje-a-joan-miro\/#breadcrumb","itemListElement":[{"@type":"ListItem","position":1,"name":"Inici","item":"https:\/\/mont-roig.cat\/es\/pagina-de-inicio\/"},{"@type":"ListItem","position":2,"name":"Maria del Mar Bonet, acompa\u00f1ada de Dani Espasa, ofrecer\u00e1 un concierto homenaje a Joan Mir\u00f3"}]},{"@type":"WebSite","@id":"https:\/\/mont-roig.cat\/es\/#website","url":"https:\/\/mont-roig.cat\/es\/","name":"Ajuntament de Mont-roig del Camp","description":"Tota la informaci\u00f3 sobre la instituci\u00f3, els seus \u00f2rgans de govern, actualitat, serveis i molt m\u00e9s.","potentialAction":[{"@type":"SearchAction","target":{"@type":"EntryPoint","urlTemplate":"https:\/\/mont-roig.cat\/es\/?s={search_term_string}"},"query-input":{"@type":"PropertyValueSpecification","valueRequired":true,"valueName":"search_term_string"}}],"inLanguage":"es"},{"@type":"Person","@id":"https:\/\/mont-roig.cat\/es\/#\/schema\/person\/1f73e7b5e6f9dd122e8a6f14f310ac5e","name":"comunicacio","image":{"@type":"ImageObject","inLanguage":"es","@id":"https:\/\/secure.gravatar.com\/avatar\/98944333e7a877670a64f8d10f0cb680ab2c9ebc4efc43945ef004b52b5ad28c?s=96&d=mm&r=g","url":"https:\/\/secure.gravatar.com\/avatar\/98944333e7a877670a64f8d10f0cb680ab2c9ebc4efc43945ef004b52b5ad28c?s=96&d=mm&r=g","contentUrl":"https:\/\/secure.gravatar.com\/avatar\/98944333e7a877670a64f8d10f0cb680ab2c9ebc4efc43945ef004b52b5ad28c?s=96&d=mm&r=g","caption":"comunicacio"},"url":"https:\/\/mont-roig.cat\/es\/actualitat\/noticies\/author\/comunicacio\/"}]}},"_links":{"self":[{"href":"https:\/\/mont-roig.cat\/es\/wp-json\/wp\/v2\/posts\/71140","targetHints":{"allow":["GET"]}}],"collection":[{"href":"https:\/\/mont-roig.cat\/es\/wp-json\/wp\/v2\/posts"}],"about":[{"href":"https:\/\/mont-roig.cat\/es\/wp-json\/wp\/v2\/types\/post"}],"author":[{"embeddable":true,"href":"https:\/\/mont-roig.cat\/es\/wp-json\/wp\/v2\/users\/13"}],"replies":[{"embeddable":true,"href":"https:\/\/mont-roig.cat\/es\/wp-json\/wp\/v2\/comments?post=71140"}],"version-history":[{"count":3,"href":"https:\/\/mont-roig.cat\/es\/wp-json\/wp\/v2\/posts\/71140\/revisions"}],"predecessor-version":[{"id":71203,"href":"https:\/\/mont-roig.cat\/es\/wp-json\/wp\/v2\/posts\/71140\/revisions\/71203"}],"wp:featuredmedia":[{"embeddable":true,"href":"https:\/\/mont-roig.cat\/es\/wp-json\/wp\/v2\/media\/71133"}],"wp:attachment":[{"href":"https:\/\/mont-roig.cat\/es\/wp-json\/wp\/v2\/media?parent=71140"}],"wp:term":[{"taxonomy":"category","embeddable":true,"href":"https:\/\/mont-roig.cat\/es\/wp-json\/wp\/v2\/categories?post=71140"},{"taxonomy":"post_tag","embeddable":true,"href":"https:\/\/mont-roig.cat\/es\/wp-json\/wp\/v2\/tags?post=71140"}],"curies":[{"name":"wp","href":"https:\/\/api.w.org\/{rel}","templated":true}]}}