{"id":71463,"date":"2023-07-18T14:34:16","date_gmt":"2023-07-18T12:34:16","guid":{"rendered":"https:\/\/mont-roig.cat\/actualitat\/noticies\/un-total-de-8-172-veins-i-veines-del-municipi-estan-cridats-a-les-urnes-aquest-diumenge-23-de-juliol\/"},"modified":"2023-07-18T14:38:55","modified_gmt":"2023-07-18T12:38:55","slug":"un-total-de-8-172-vecinos-y-vecinas-del-municipio-estan-llamados-a-las-urnas-este-domingo-23-de-julio","status":"publish","type":"post","link":"https:\/\/mont-roig.cat\/es\/actualitat\/noticies\/un-total-de-8-172-vecinos-y-vecinas-del-municipio-estan-llamados-a-las-urnas-este-domingo-23-de-julio\/","title":{"rendered":"Un total de 8.172 vecinos y vecinas del municipio est\u00e1n llamados a las urnas este domingo 23 de julio"},"content":{"rendered":"<ul>\n<li><strong><a href=\"https:\/\/mont-roig.cat\/wp-content\/uploads\/generales-23J.png\" target=\"_blank\" rel=\"noopener\"><img loading=\"lazy\" decoding=\"async\" class=\"alignright wp-image-71459\" src=\"https:\/\/mont-roig.cat\/wp-content\/uploads\/generales-23J-500x217.png\" alt=\"\" width=\"327\" height=\"142\" srcset=\"https:\/\/mont-roig.cat\/wp-content\/uploads\/generales-23J-500x217.png 500w, https:\/\/mont-roig.cat\/wp-content\/uploads\/generales-23J.png 600w\" sizes=\"auto, (max-width: 327px) 100vw, 327px\" \/><\/a>Se habilitar\u00e1n 3 colegios electorales que permanecer\u00e1n abiertos de las 9 de la ma\u00f1ana a las 8 de la tarde<\/strong><\/li>\n<\/ul>\n<p>Las Elecciones Generales convocadas para este domingo 23 de julio llamar\u00e1n a las urnas a un total de 8.172 electores y electoras de Mont-roig del Camp, una cifra que supone un incremento de cerca de 864 personas con derecho a voto respecto a las elecciones estatales de noviembre del 2019, que fue de 7.308 electores.<\/p>\n<p>En esta ocasi\u00f3n, y tal y como ya se hizo en las \u00faltimas elecciones de 2021 y en las \u00faltimas municipales de mayo, se habilitar\u00e1n 3 colegios electorales, de tal forma que las personas que votaban en Les Pobles, tendr\u00e1n que votar en el polideportivo de Mont-roig.<\/p>\n<p>As\u00ed pues, habr\u00e1 3 colegios electorales, que estar\u00e1n abiertos al p\u00fablico ininterrumpidamente de las 9 de la ma\u00f1ana a las 8 de la tarde. Se trata del Pabell\u00f3n Polideportivo de Mont-roig (C. Aurelio M. Escarr\u00e9, 3), el Centro Polivalente de Miami Playa (C. Soria, 16) y la Escuela Marcel\u00b7l\u00ed Esquius (C. Brasil, 15 Urb. Costa del Z\u00e9firo).<\/p>\n<p>Se habilitar\u00e1n un total de 16 mesas distribuidas de la siguiente forma:<br \/>\nEn Mont-roig \u2013 Polideportivo habr\u00e1 6 mesas (1-A, 1-B, 3-A, 3-B, 2-A y 2-B).<br \/>\nEn Miami Platja \u2013 Centro Polivalente habr\u00e1 4 mesas (5-A, 5-B, 6-A y 6-B).<br \/>\nEn la Escola Marcel\u00b7l\u00ed Esquius habr\u00e1 6 meses (4-A, 4-B, 7-A, 7-B, 8-A y 8-B).<\/p>\n<p>Para poder votar, ser\u00e1 necesario acreditarse mediante el original del DNI, del permiso de conducir o del pasaporte. El escrutinio es p\u00fablico.<\/p>\n<p>&nbsp;<\/p>\n<p>&nbsp;<\/p>\n","protected":false},"excerpt":{"rendered":"<p>Se habilitar\u00e1n 3 colegios electorales que permanecer\u00e1n abiertos de las 9 de la ma\u00f1ana a las 8 de la tarde Las Elecciones Generales convocadas para este domingo 23 de julio llamar\u00e1n a las urnas a un total de 8.172 electores y electoras de Mont-roig del Camp, una cifra que supone un incremento de cerca de [&hellip;]<\/p>\n","protected":false},"author":13,"featured_media":71460,"comment_status":"closed","ping_status":"closed","sticky":false,"template":"","format":"standard","meta":{"inline_featured_image":false,"_monsterinsights_skip_tracking":false,"_monsterinsights_sitenote_active":false,"_monsterinsights_sitenote_note":"","_monsterinsights_sitenote_category":0,"footnotes":""},"categories":[98],"tags":[],"class_list":["post-71463","post","type-post","status-publish","format-standard","has-post-thumbnail","hentry","category-ayuntamiento"],"yoast_head":"<!-- This site is optimized with the Yoast SEO plugin v27.4 - https:\/\/yoast.com\/product\/yoast-seo-wordpress\/ -->\n<title>Un total de 8.172 vecinos y vecinas del municipio est\u00e1n llamados a las urnas este domingo 23 de julio - Ajuntament de Mont-roig del Camp<\/title>\n<meta name=\"robots\" content=\"index, follow, max-snippet:-1, max-image-preview:large, max-video-preview:-1\" \/>\n<link rel=\"canonical\" href=\"https:\/\/mont-roig.cat\/es\/actualitat\/noticies\/un-total-de-8-172-vecinos-y-vecinas-del-municipio-estan-llamados-a-las-urnas-este-domingo-23-de-julio\/\" \/>\n<meta property=\"og:locale\" content=\"es_ES\" \/>\n<meta property=\"og:type\" content=\"article\" \/>\n<meta property=\"og:title\" content=\"Un total de 8.172 vecinos y vecinas del municipio est\u00e1n llamados a las urnas este domingo 23 de julio - Ajuntament de Mont-roig del Camp\" \/>\n<meta property=\"og:description\" content=\"Se habilitar\u00e1n 3 colegios electorales que permanecer\u00e1n abiertos de las 9 de la ma\u00f1ana a las 8 de la tarde Las Elecciones Generales convocadas para este domingo 23 de julio llamar\u00e1n a las urnas a un total de 8.172 electores y electoras de Mont-roig del Camp, una cifra que supone un incremento de cerca de [&hellip;]\" \/>\n<meta property=\"og:url\" content=\"https:\/\/mont-roig.cat\/es\/actualitat\/noticies\/un-total-de-8-172-vecinos-y-vecinas-del-municipio-estan-llamados-a-las-urnas-este-domingo-23-de-julio\/\" \/>\n<meta property=\"og:site_name\" content=\"Ajuntament de Mont-roig del Camp\" \/>\n<meta property=\"article:published_time\" content=\"2023-07-18T12:34:16+00:00\" \/>\n<meta property=\"article:modified_time\" content=\"2023-07-18T12:38:55+00:00\" \/>\n<meta property=\"og:image\" content=\"https:\/\/mont-roig.cat\/wp-content\/uploads\/generales-23J.png\" \/>\n\t<meta property=\"og:image:width\" content=\"600\" \/>\n\t<meta property=\"og:image:height\" content=\"260\" \/>\n\t<meta property=\"og:image:type\" content=\"image\/png\" \/>\n<meta name=\"author\" content=\"comunicacio\" \/>\n<meta name=\"twitter:card\" content=\"summary_large_image\" \/>\n<meta name=\"twitter:label1\" content=\"Escrito por\" \/>\n\t<meta name=\"twitter:data1\" content=\"comunicacio\" \/>\n\t<meta name=\"twitter:label2\" content=\"Tiempo de lectura\" \/>\n\t<meta name=\"twitter:data2\" content=\"2 minutos\" \/>\n<script type=\"application\/ld+json\" class=\"yoast-schema-graph\">{\"@context\":\"https:\\\/\\\/schema.org\",\"@graph\":[{\"@type\":\"Article\",\"@id\":\"https:\\\/\\\/mont-roig.cat\\\/es\\\/actualitat\\\/noticies\\\/un-total-de-8-172-vecinos-y-vecinas-del-municipio-estan-llamados-a-las-urnas-este-domingo-23-de-julio\\\/#article\",\"isPartOf\":{\"@id\":\"https:\\\/\\\/mont-roig.cat\\\/es\\\/actualitat\\\/noticies\\\/un-total-de-8-172-vecinos-y-vecinas-del-municipio-estan-llamados-a-las-urnas-este-domingo-23-de-julio\\\/\"},\"author\":{\"name\":\"comunicacio\",\"@id\":\"https:\\\/\\\/mont-roig.cat\\\/es\\\/#\\\/schema\\\/person\\\/1f73e7b5e6f9dd122e8a6f14f310ac5e\"},\"headline\":\"Un total de 8.172 vecinos y vecinas del municipio est\u00e1n llamados a las urnas este domingo 23 de julio\",\"datePublished\":\"2023-07-18T12:34:16+00:00\",\"dateModified\":\"2023-07-18T12:38:55+00:00\",\"mainEntityOfPage\":{\"@id\":\"https:\\\/\\\/mont-roig.cat\\\/es\\\/actualitat\\\/noticies\\\/un-total-de-8-172-vecinos-y-vecinas-del-municipio-estan-llamados-a-las-urnas-este-domingo-23-de-julio\\\/\"},\"wordCount\":270,\"image\":{\"@id\":\"https:\\\/\\\/mont-roig.cat\\\/es\\\/actualitat\\\/noticies\\\/un-total-de-8-172-vecinos-y-vecinas-del-municipio-estan-llamados-a-las-urnas-este-domingo-23-de-julio\\\/#primaryimage\"},\"thumbnailUrl\":\"https:\\\/\\\/mont-roig.cat\\\/wp-content\\\/uploads\\\/generales-23J.png\",\"articleSection\":[\"Ayuntamiento\"],\"inLanguage\":\"es\"},{\"@type\":\"WebPage\",\"@id\":\"https:\\\/\\\/mont-roig.cat\\\/es\\\/actualitat\\\/noticies\\\/un-total-de-8-172-vecinos-y-vecinas-del-municipio-estan-llamados-a-las-urnas-este-domingo-23-de-julio\\\/\",\"url\":\"https:\\\/\\\/mont-roig.cat\\\/es\\\/actualitat\\\/noticies\\\/un-total-de-8-172-vecinos-y-vecinas-del-municipio-estan-llamados-a-las-urnas-este-domingo-23-de-julio\\\/\",\"name\":\"Un total de 8.172 vecinos y vecinas del municipio est\u00e1n llamados a las urnas este domingo 23 de julio - Ajuntament de Mont-roig del Camp\",\"isPartOf\":{\"@id\":\"https:\\\/\\\/mont-roig.cat\\\/es\\\/#website\"},\"primaryImageOfPage\":{\"@id\":\"https:\\\/\\\/mont-roig.cat\\\/es\\\/actualitat\\\/noticies\\\/un-total-de-8-172-vecinos-y-vecinas-del-municipio-estan-llamados-a-las-urnas-este-domingo-23-de-julio\\\/#primaryimage\"},\"image\":{\"@id\":\"https:\\\/\\\/mont-roig.cat\\\/es\\\/actualitat\\\/noticies\\\/un-total-de-8-172-vecinos-y-vecinas-del-municipio-estan-llamados-a-las-urnas-este-domingo-23-de-julio\\\/#primaryimage\"},\"thumbnailUrl\":\"https:\\\/\\\/mont-roig.cat\\\/wp-content\\\/uploads\\\/generales-23J.png\",\"datePublished\":\"2023-07-18T12:34:16+00:00\",\"dateModified\":\"2023-07-18T12:38:55+00:00\",\"author\":{\"@id\":\"https:\\\/\\\/mont-roig.cat\\\/es\\\/#\\\/schema\\\/person\\\/1f73e7b5e6f9dd122e8a6f14f310ac5e\"},\"breadcrumb\":{\"@id\":\"https:\\\/\\\/mont-roig.cat\\\/es\\\/actualitat\\\/noticies\\\/un-total-de-8-172-vecinos-y-vecinas-del-municipio-estan-llamados-a-las-urnas-este-domingo-23-de-julio\\\/#breadcrumb\"},\"inLanguage\":\"es\",\"potentialAction\":[{\"@type\":\"ReadAction\",\"target\":[\"https:\\\/\\\/mont-roig.cat\\\/es\\\/actualitat\\\/noticies\\\/un-total-de-8-172-vecinos-y-vecinas-del-municipio-estan-llamados-a-las-urnas-este-domingo-23-de-julio\\\/\"]}]},{\"@type\":\"ImageObject\",\"inLanguage\":\"es\",\"@id\":\"https:\\\/\\\/mont-roig.cat\\\/es\\\/actualitat\\\/noticies\\\/un-total-de-8-172-vecinos-y-vecinas-del-municipio-estan-llamados-a-las-urnas-este-domingo-23-de-julio\\\/#primaryimage\",\"url\":\"https:\\\/\\\/mont-roig.cat\\\/wp-content\\\/uploads\\\/generales-23J.png\",\"contentUrl\":\"https:\\\/\\\/mont-roig.cat\\\/wp-content\\\/uploads\\\/generales-23J.png\",\"width\":600,\"height\":260},{\"@type\":\"BreadcrumbList\",\"@id\":\"https:\\\/\\\/mont-roig.cat\\\/es\\\/actualitat\\\/noticies\\\/un-total-de-8-172-vecinos-y-vecinas-del-municipio-estan-llamados-a-las-urnas-este-domingo-23-de-julio\\\/#breadcrumb\",\"itemListElement\":[{\"@type\":\"ListItem\",\"position\":1,\"name\":\"Inici\",\"item\":\"https:\\\/\\\/mont-roig.cat\\\/es\\\/pagina-de-inicio\\\/\"},{\"@type\":\"ListItem\",\"position\":2,\"name\":\"Un total de 8.172 vecinos y vecinas del municipio est\u00e1n llamados a las urnas este domingo 23 de julio\"}]},{\"@type\":\"WebSite\",\"@id\":\"https:\\\/\\\/mont-roig.cat\\\/es\\\/#website\",\"url\":\"https:\\\/\\\/mont-roig.cat\\\/es\\\/\",\"name\":\"Ajuntament de Mont-roig del Camp\",\"description\":\"Tota la informaci\u00f3 sobre la instituci\u00f3, els seus \u00f2rgans de govern, actualitat, serveis i molt m\u00e9s.\",\"potentialAction\":[{\"@type\":\"SearchAction\",\"target\":{\"@type\":\"EntryPoint\",\"urlTemplate\":\"https:\\\/\\\/mont-roig.cat\\\/es\\\/?s={search_term_string}\"},\"query-input\":{\"@type\":\"PropertyValueSpecification\",\"valueRequired\":true,\"valueName\":\"search_term_string\"}}],\"inLanguage\":\"es\"},{\"@type\":\"Person\",\"@id\":\"https:\\\/\\\/mont-roig.cat\\\/es\\\/#\\\/schema\\\/person\\\/1f73e7b5e6f9dd122e8a6f14f310ac5e\",\"name\":\"comunicacio\",\"image\":{\"@type\":\"ImageObject\",\"inLanguage\":\"es\",\"@id\":\"https:\\\/\\\/secure.gravatar.com\\\/avatar\\\/98944333e7a877670a64f8d10f0cb680ab2c9ebc4efc43945ef004b52b5ad28c?s=96&d=mm&r=g\",\"url\":\"https:\\\/\\\/secure.gravatar.com\\\/avatar\\\/98944333e7a877670a64f8d10f0cb680ab2c9ebc4efc43945ef004b52b5ad28c?s=96&d=mm&r=g\",\"contentUrl\":\"https:\\\/\\\/secure.gravatar.com\\\/avatar\\\/98944333e7a877670a64f8d10f0cb680ab2c9ebc4efc43945ef004b52b5ad28c?s=96&d=mm&r=g\",\"caption\":\"comunicacio\"},\"url\":\"https:\\\/\\\/mont-roig.cat\\\/es\\\/actualitat\\\/noticies\\\/author\\\/comunicacio\\\/\"}]}<\/script>\n<!-- \/ Yoast SEO plugin. -->","yoast_head_json":{"title":"Un total de 8.172 vecinos y vecinas del municipio est\u00e1n llamados a las urnas este domingo 23 de julio - Ajuntament de Mont-roig del Camp","robots":{"index":"index","follow":"follow","max-snippet":"max-snippet:-1","max-image-preview":"max-image-preview:large","max-video-preview":"max-video-preview:-1"},"canonical":"https:\/\/mont-roig.cat\/es\/actualitat\/noticies\/un-total-de-8-172-vecinos-y-vecinas-del-municipio-estan-llamados-a-las-urnas-este-domingo-23-de-julio\/","og_locale":"es_ES","og_type":"article","og_title":"Un total de 8.172 vecinos y vecinas del municipio est\u00e1n llamados a las urnas este domingo 23 de julio - Ajuntament de Mont-roig del Camp","og_description":"Se habilitar\u00e1n 3 colegios electorales que permanecer\u00e1n abiertos de las 9 de la ma\u00f1ana a las 8 de la tarde Las Elecciones Generales convocadas para este domingo 23 de julio llamar\u00e1n a las urnas a un total de 8.172 electores y electoras de Mont-roig del Camp, una cifra que supone un incremento de cerca de [&hellip;]","og_url":"https:\/\/mont-roig.cat\/es\/actualitat\/noticies\/un-total-de-8-172-vecinos-y-vecinas-del-municipio-estan-llamados-a-las-urnas-este-domingo-23-de-julio\/","og_site_name":"Ajuntament de Mont-roig del Camp","article_published_time":"2023-07-18T12:34:16+00:00","article_modified_time":"2023-07-18T12:38:55+00:00","og_image":[{"width":600,"height":260,"url":"https:\/\/mont-roig.cat\/wp-content\/uploads\/generales-23J.png","type":"image\/png"}],"author":"comunicacio","twitter_card":"summary_large_image","twitter_misc":{"Escrito por":"comunicacio","Tiempo de lectura":"2 minutos"},"schema":{"@context":"https:\/\/schema.org","@graph":[{"@type":"Article","@id":"https:\/\/mont-roig.cat\/es\/actualitat\/noticies\/un-total-de-8-172-vecinos-y-vecinas-del-municipio-estan-llamados-a-las-urnas-este-domingo-23-de-julio\/#article","isPartOf":{"@id":"https:\/\/mont-roig.cat\/es\/actualitat\/noticies\/un-total-de-8-172-vecinos-y-vecinas-del-municipio-estan-llamados-a-las-urnas-este-domingo-23-de-julio\/"},"author":{"name":"comunicacio","@id":"https:\/\/mont-roig.cat\/es\/#\/schema\/person\/1f73e7b5e6f9dd122e8a6f14f310ac5e"},"headline":"Un total de 8.172 vecinos y vecinas del municipio est\u00e1n llamados a las urnas este domingo 23 de julio","datePublished":"2023-07-18T12:34:16+00:00","dateModified":"2023-07-18T12:38:55+00:00","mainEntityOfPage":{"@id":"https:\/\/mont-roig.cat\/es\/actualitat\/noticies\/un-total-de-8-172-vecinos-y-vecinas-del-municipio-estan-llamados-a-las-urnas-este-domingo-23-de-julio\/"},"wordCount":270,"image":{"@id":"https:\/\/mont-roig.cat\/es\/actualitat\/noticies\/un-total-de-8-172-vecinos-y-vecinas-del-municipio-estan-llamados-a-las-urnas-este-domingo-23-de-julio\/#primaryimage"},"thumbnailUrl":"https:\/\/mont-roig.cat\/wp-content\/uploads\/generales-23J.png","articleSection":["Ayuntamiento"],"inLanguage":"es"},{"@type":"WebPage","@id":"https:\/\/mont-roig.cat\/es\/actualitat\/noticies\/un-total-de-8-172-vecinos-y-vecinas-del-municipio-estan-llamados-a-las-urnas-este-domingo-23-de-julio\/","url":"https:\/\/mont-roig.cat\/es\/actualitat\/noticies\/un-total-de-8-172-vecinos-y-vecinas-del-municipio-estan-llamados-a-las-urnas-este-domingo-23-de-julio\/","name":"Un total de 8.172 vecinos y vecinas del municipio est\u00e1n llamados a las urnas este domingo 23 de julio - Ajuntament de Mont-roig del Camp","isPartOf":{"@id":"https:\/\/mont-roig.cat\/es\/#website"},"primaryImageOfPage":{"@id":"https:\/\/mont-roig.cat\/es\/actualitat\/noticies\/un-total-de-8-172-vecinos-y-vecinas-del-municipio-estan-llamados-a-las-urnas-este-domingo-23-de-julio\/#primaryimage"},"image":{"@id":"https:\/\/mont-roig.cat\/es\/actualitat\/noticies\/un-total-de-8-172-vecinos-y-vecinas-del-municipio-estan-llamados-a-las-urnas-este-domingo-23-de-julio\/#primaryimage"},"thumbnailUrl":"https:\/\/mont-roig.cat\/wp-content\/uploads\/generales-23J.png","datePublished":"2023-07-18T12:34:16+00:00","dateModified":"2023-07-18T12:38:55+00:00","author":{"@id":"https:\/\/mont-roig.cat\/es\/#\/schema\/person\/1f73e7b5e6f9dd122e8a6f14f310ac5e"},"breadcrumb":{"@id":"https:\/\/mont-roig.cat\/es\/actualitat\/noticies\/un-total-de-8-172-vecinos-y-vecinas-del-municipio-estan-llamados-a-las-urnas-este-domingo-23-de-julio\/#breadcrumb"},"inLanguage":"es","potentialAction":[{"@type":"ReadAction","target":["https:\/\/mont-roig.cat\/es\/actualitat\/noticies\/un-total-de-8-172-vecinos-y-vecinas-del-municipio-estan-llamados-a-las-urnas-este-domingo-23-de-julio\/"]}]},{"@type":"ImageObject","inLanguage":"es","@id":"https:\/\/mont-roig.cat\/es\/actualitat\/noticies\/un-total-de-8-172-vecinos-y-vecinas-del-municipio-estan-llamados-a-las-urnas-este-domingo-23-de-julio\/#primaryimage","url":"https:\/\/mont-roig.cat\/wp-content\/uploads\/generales-23J.png","contentUrl":"https:\/\/mont-roig.cat\/wp-content\/uploads\/generales-23J.png","width":600,"height":260},{"@type":"BreadcrumbList","@id":"https:\/\/mont-roig.cat\/es\/actualitat\/noticies\/un-total-de-8-172-vecinos-y-vecinas-del-municipio-estan-llamados-a-las-urnas-este-domingo-23-de-julio\/#breadcrumb","itemListElement":[{"@type":"ListItem","position":1,"name":"Inici","item":"https:\/\/mont-roig.cat\/es\/pagina-de-inicio\/"},{"@type":"ListItem","position":2,"name":"Un total de 8.172 vecinos y vecinas del municipio est\u00e1n llamados a las urnas este domingo 23 de julio"}]},{"@type":"WebSite","@id":"https:\/\/mont-roig.cat\/es\/#website","url":"https:\/\/mont-roig.cat\/es\/","name":"Ajuntament de Mont-roig del Camp","description":"Tota la informaci\u00f3 sobre la instituci\u00f3, els seus \u00f2rgans de govern, actualitat, serveis i molt m\u00e9s.","potentialAction":[{"@type":"SearchAction","target":{"@type":"EntryPoint","urlTemplate":"https:\/\/mont-roig.cat\/es\/?s={search_term_string}"},"query-input":{"@type":"PropertyValueSpecification","valueRequired":true,"valueName":"search_term_string"}}],"inLanguage":"es"},{"@type":"Person","@id":"https:\/\/mont-roig.cat\/es\/#\/schema\/person\/1f73e7b5e6f9dd122e8a6f14f310ac5e","name":"comunicacio","image":{"@type":"ImageObject","inLanguage":"es","@id":"https:\/\/secure.gravatar.com\/avatar\/98944333e7a877670a64f8d10f0cb680ab2c9ebc4efc43945ef004b52b5ad28c?s=96&d=mm&r=g","url":"https:\/\/secure.gravatar.com\/avatar\/98944333e7a877670a64f8d10f0cb680ab2c9ebc4efc43945ef004b52b5ad28c?s=96&d=mm&r=g","contentUrl":"https:\/\/secure.gravatar.com\/avatar\/98944333e7a877670a64f8d10f0cb680ab2c9ebc4efc43945ef004b52b5ad28c?s=96&d=mm&r=g","caption":"comunicacio"},"url":"https:\/\/mont-roig.cat\/es\/actualitat\/noticies\/author\/comunicacio\/"}]}},"_links":{"self":[{"href":"https:\/\/mont-roig.cat\/es\/wp-json\/wp\/v2\/posts\/71463","targetHints":{"allow":["GET"]}}],"collection":[{"href":"https:\/\/mont-roig.cat\/es\/wp-json\/wp\/v2\/posts"}],"about":[{"href":"https:\/\/mont-roig.cat\/es\/wp-json\/wp\/v2\/types\/post"}],"author":[{"embeddable":true,"href":"https:\/\/mont-roig.cat\/es\/wp-json\/wp\/v2\/users\/13"}],"replies":[{"embeddable":true,"href":"https:\/\/mont-roig.cat\/es\/wp-json\/wp\/v2\/comments?post=71463"}],"version-history":[{"count":2,"href":"https:\/\/mont-roig.cat\/es\/wp-json\/wp\/v2\/posts\/71463\/revisions"}],"predecessor-version":[{"id":71465,"href":"https:\/\/mont-roig.cat\/es\/wp-json\/wp\/v2\/posts\/71463\/revisions\/71465"}],"wp:featuredmedia":[{"embeddable":true,"href":"https:\/\/mont-roig.cat\/es\/wp-json\/wp\/v2\/media\/71460"}],"wp:attachment":[{"href":"https:\/\/mont-roig.cat\/es\/wp-json\/wp\/v2\/media?parent=71463"}],"wp:term":[{"taxonomy":"category","embeddable":true,"href":"https:\/\/mont-roig.cat\/es\/wp-json\/wp\/v2\/categories?post=71463"},{"taxonomy":"post_tag","embeddable":true,"href":"https:\/\/mont-roig.cat\/es\/wp-json\/wp\/v2\/tags?post=71463"}],"curies":[{"name":"wp","href":"https:\/\/api.w.org\/{rel}","templated":true}]}}