{"id":71497,"date":"2023-07-20T14:33:43","date_gmt":"2023-07-20T12:33:43","guid":{"rendered":"https:\/\/mont-roig.cat\/actualitat\/noticies\/lajuntament-de-mont-roig-del-camp-mante-el-compromis-de-suport-economic-a-les-entitats-locals-del-tercer-sector\/"},"modified":"2023-07-20T14:39:13","modified_gmt":"2023-07-20T12:39:13","slug":"el-ayuntamiento-de-mont-roig-del-camp-mantiene-el-compromiso-de-apoyo-economico-a-las-entidades-locales-del-tercer-sector","status":"publish","type":"post","link":"https:\/\/mont-roig.cat\/es\/actualitat\/noticies\/el-ayuntamiento-de-mont-roig-del-camp-mantiene-el-compromiso-de-apoyo-economico-a-las-entidades-locales-del-tercer-sector\/","title":{"rendered":"El Ayuntamiento de Mont-roig del Camp mantiene el compromiso de apoyo econ\u00f3mico a las entidades locales del tercer sector"},"content":{"rendered":"<div id=\"attachment_71493\" style=\"width: 319px\" class=\"wp-caption alignright\"><a href=\"https:\/\/mont-roig.cat\/wp-content\/uploads\/conveni.jpg\" target=\"_blank\" rel=\"noopener\"><img loading=\"lazy\" decoding=\"async\" aria-describedby=\"caption-attachment-71493\" class=\"wp-image-71493\" src=\"https:\/\/mont-roig.cat\/wp-content\/uploads\/conveni-500x291.jpg\" alt=\"\" width=\"309\" height=\"180\" srcset=\"https:\/\/mont-roig.cat\/wp-content\/uploads\/conveni-500x291.jpg 500w, https:\/\/mont-roig.cat\/wp-content\/uploads\/conveni-1024x597.jpg 1024w, https:\/\/mont-roig.cat\/wp-content\/uploads\/conveni-768x447.jpg 768w, https:\/\/mont-roig.cat\/wp-content\/uploads\/conveni.jpg 1030w\" sizes=\"auto, (max-width: 309px) 100vw, 309px\" \/><\/a><p id=\"caption-attachment-71493\" class=\"wp-caption-text\">El alcalde Fran Morancho y la concejal de Servicios Sociales Francis Ortiz con la presidenta de la Asamblea Local de la Cruz Roja Pilar Poves y la presidenta de C\u00e1ritas Mont-roig,\u00a0Dolores\u00a0Roca<\/p><\/div>\n<ul>\n<li><strong>El alcalde Fran Morancho, acompa\u00f1ado por la concejal de Servicios Sociales Francis Ortiz, ha firmado el convenio de apoyo con Cruz Roja y C\u00e1ritas para los pr\u00f3ximos a\u00f1os que permitir\u00e1 financiar las actividades de estas entidades con una aportaci\u00f3n anual cercana a los 50.000 euros<\/strong><\/li>\n<\/ul>\n<p>El Ayuntamiento de Mont-roig del Camp ha renovado, este mediod\u00eda, los convenios de colaboraci\u00f3n con C\u00e1ritas Mont-roig y con la Asamblea Local de Cruz Roja que permitir\u00e1n financiar parte de las actividades que realizan estas entidades del tercer sector a favor de las personas y familias con necesidades del municipio. Previamente a la firma del convenio, el alcalde Fran Morancho y la concejal de Servicios Sociales, Francis Ortiz se han reunido con ambas entidades para conocer de primera mano la situaci\u00f3n de las personas que atienden durante el a\u00f1o y las necesidades de las dos entidades, que desempe\u00f1an un papel fundamental en la atenci\u00f3n a las familias y las personas con riesgo de vulnerabilidad.<\/p>\n<p>As\u00ed, Morancho ha firmado el convenio con la presidenta local de Cruz Roja, Pilar Poves, para los a\u00f1os 2023 y 2024 con una aportaci\u00f3n anual de 47.000 euros. El convenio de colaboraci\u00f3n entre el Ayuntamiento de Mont-roig del Camp y la Asamblea Local de Cruz Roja incluye diferentes acciones a desarrollar en el municipio dirigidas principalmente a personas y familias con dificultades econ\u00f3micas o sociales, mujeres solas con cargas familiares y \/o cualquier otra situaci\u00f3n de desventaja social que requiera una intervenci\u00f3n para evitar posibles situaciones de exclusi\u00f3n y marginalidad social.<\/p>\n<p>Al mismo tiempo, el alcalde ha firmado un convenio con Dolors Roca, presidenta de C\u00e1ritas Mont-roig por el que el Ayuntamiento aportar\u00e1 alrededor de 2.500 euros anuales en los a\u00f1os 2023, 2024 y 2025. Esta entidad ofrece alimentos, productos de limpieza y higiene personal a las personas empadronadas y residentes en el municipio que se encuentren en situaci\u00f3n de precariedad econ\u00f3mica y\/o social justificada y derivadas por los servicios b\u00e1sicos de atenci\u00f3n social del Ayuntamiento a trav\u00e9s de los t\u00e9cnicos del Consejo Comarcal de El Baix Camp, a las que se les otorga la prestaci\u00f3n con el fin de paliar estas circunstancias.<\/p>\n<p><strong>Las personas y familias atendidas<\/strong><\/p>\n<p>La firma de estos dos convenios de colaboraci\u00f3n permitir\u00e1 seguir atendiendo a personas y familias con dificultades econ\u00f3micas. En 2022, Cruz Roja atendi\u00f3 a 305 familias con un total de 196 menores de 16 a\u00f1os atendidos y 390 adultos y en los seis primeros meses de 2023 ya se han atendido a 170 familias. En cuanto a C\u00e1ritas, en 2022 se atendieron a 30 familias con 79 usuarios y en el primer medio a\u00f1o de 2023 se han atendido hasta ahora a 22 familias del municipio.<\/p>\n","protected":false},"excerpt":{"rendered":"<p>El alcalde Fran Morancho, acompa\u00f1ado por la concejal de Servicios Sociales Francis Ortiz, ha firmado el convenio de apoyo con Cruz Roja y C\u00e1ritas para los pr\u00f3ximos a\u00f1os que permitir\u00e1 financiar las actividades de estas entidades con una aportaci\u00f3n anual cercana a los 50.000 euros El Ayuntamiento de Mont-roig del Camp ha renovado, este mediod\u00eda, [&hellip;]<\/p>\n","protected":false},"author":13,"featured_media":71494,"comment_status":"closed","ping_status":"closed","sticky":false,"template":"","format":"standard","meta":{"inline_featured_image":false,"_monsterinsights_skip_tracking":false,"_monsterinsights_sitenote_active":false,"_monsterinsights_sitenote_note":"","_monsterinsights_sitenote_category":0,"footnotes":""},"categories":[98,114],"tags":[],"class_list":["post-71497","post","type-post","status-publish","format-standard","has-post-thumbnail","hentry","category-ayuntamiento","category-servicios-sociales"],"yoast_head":"<!-- This site is optimized with the Yoast SEO plugin v27.4 - https:\/\/yoast.com\/product\/yoast-seo-wordpress\/ -->\n<title>El Ayuntamiento de Mont-roig del Camp mantiene el compromiso de apoyo econ\u00f3mico a las entidades locales del tercer sector - Ajuntament de Mont-roig del Camp<\/title>\n<meta name=\"robots\" content=\"index, follow, max-snippet:-1, max-image-preview:large, max-video-preview:-1\" \/>\n<link rel=\"canonical\" href=\"https:\/\/mont-roig.cat\/es\/actualitat\/noticies\/el-ayuntamiento-de-mont-roig-del-camp-mantiene-el-compromiso-de-apoyo-economico-a-las-entidades-locales-del-tercer-sector\/\" \/>\n<meta property=\"og:locale\" content=\"es_ES\" \/>\n<meta property=\"og:type\" content=\"article\" \/>\n<meta property=\"og:title\" content=\"El Ayuntamiento de Mont-roig del Camp mantiene el compromiso de apoyo econ\u00f3mico a las entidades locales del tercer sector - Ajuntament de Mont-roig del Camp\" \/>\n<meta property=\"og:description\" content=\"El alcalde Fran Morancho, acompa\u00f1ado por la concejal de Servicios Sociales Francis Ortiz, ha firmado el convenio de apoyo con Cruz Roja y C\u00e1ritas para los pr\u00f3ximos a\u00f1os que permitir\u00e1 financiar las actividades de estas entidades con una aportaci\u00f3n anual cercana a los 50.000 euros El Ayuntamiento de Mont-roig del Camp ha renovado, este mediod\u00eda, [&hellip;]\" \/>\n<meta property=\"og:url\" content=\"https:\/\/mont-roig.cat\/es\/actualitat\/noticies\/el-ayuntamiento-de-mont-roig-del-camp-mantiene-el-compromiso-de-apoyo-economico-a-las-entidades-locales-del-tercer-sector\/\" \/>\n<meta property=\"og:site_name\" content=\"Ajuntament de Mont-roig del Camp\" \/>\n<meta property=\"article:published_time\" content=\"2023-07-20T12:33:43+00:00\" \/>\n<meta property=\"article:modified_time\" content=\"2023-07-20T12:39:13+00:00\" \/>\n<meta property=\"og:image\" content=\"https:\/\/mont-roig.cat\/wp-content\/uploads\/conveni.jpg\" \/>\n\t<meta property=\"og:image:width\" content=\"1030\" \/>\n\t<meta property=\"og:image:height\" content=\"600\" \/>\n\t<meta property=\"og:image:type\" content=\"image\/jpeg\" \/>\n<meta name=\"author\" content=\"comunicacio\" \/>\n<meta name=\"twitter:card\" content=\"summary_large_image\" \/>\n<meta name=\"twitter:label1\" content=\"Escrito por\" \/>\n\t<meta name=\"twitter:data1\" content=\"comunicacio\" \/>\n\t<meta name=\"twitter:label2\" content=\"Tiempo de lectura\" \/>\n\t<meta name=\"twitter:data2\" content=\"3 minutos\" \/>\n<script type=\"application\/ld+json\" class=\"yoast-schema-graph\">{\"@context\":\"https:\\\/\\\/schema.org\",\"@graph\":[{\"@type\":\"Article\",\"@id\":\"https:\\\/\\\/mont-roig.cat\\\/es\\\/actualitat\\\/noticies\\\/el-ayuntamiento-de-mont-roig-del-camp-mantiene-el-compromiso-de-apoyo-economico-a-las-entidades-locales-del-tercer-sector\\\/#article\",\"isPartOf\":{\"@id\":\"https:\\\/\\\/mont-roig.cat\\\/es\\\/actualitat\\\/noticies\\\/el-ayuntamiento-de-mont-roig-del-camp-mantiene-el-compromiso-de-apoyo-economico-a-las-entidades-locales-del-tercer-sector\\\/\"},\"author\":{\"name\":\"comunicacio\",\"@id\":\"https:\\\/\\\/mont-roig.cat\\\/es\\\/#\\\/schema\\\/person\\\/1f73e7b5e6f9dd122e8a6f14f310ac5e\"},\"headline\":\"El Ayuntamiento de Mont-roig del Camp mantiene el compromiso de apoyo econ\u00f3mico a las entidades locales del tercer sector\",\"datePublished\":\"2023-07-20T12:33:43+00:00\",\"dateModified\":\"2023-07-20T12:39:13+00:00\",\"mainEntityOfPage\":{\"@id\":\"https:\\\/\\\/mont-roig.cat\\\/es\\\/actualitat\\\/noticies\\\/el-ayuntamiento-de-mont-roig-del-camp-mantiene-el-compromiso-de-apoyo-economico-a-las-entidades-locales-del-tercer-sector\\\/\"},\"wordCount\":519,\"image\":{\"@id\":\"https:\\\/\\\/mont-roig.cat\\\/es\\\/actualitat\\\/noticies\\\/el-ayuntamiento-de-mont-roig-del-camp-mantiene-el-compromiso-de-apoyo-economico-a-las-entidades-locales-del-tercer-sector\\\/#primaryimage\"},\"thumbnailUrl\":\"https:\\\/\\\/mont-roig.cat\\\/wp-content\\\/uploads\\\/conveni.jpg\",\"articleSection\":[\"Ayuntamiento\",\"Servicios sociales\"],\"inLanguage\":\"es\"},{\"@type\":\"WebPage\",\"@id\":\"https:\\\/\\\/mont-roig.cat\\\/es\\\/actualitat\\\/noticies\\\/el-ayuntamiento-de-mont-roig-del-camp-mantiene-el-compromiso-de-apoyo-economico-a-las-entidades-locales-del-tercer-sector\\\/\",\"url\":\"https:\\\/\\\/mont-roig.cat\\\/es\\\/actualitat\\\/noticies\\\/el-ayuntamiento-de-mont-roig-del-camp-mantiene-el-compromiso-de-apoyo-economico-a-las-entidades-locales-del-tercer-sector\\\/\",\"name\":\"El Ayuntamiento de Mont-roig del Camp mantiene el compromiso de apoyo econ\u00f3mico a las entidades locales del tercer sector - Ajuntament de Mont-roig del Camp\",\"isPartOf\":{\"@id\":\"https:\\\/\\\/mont-roig.cat\\\/es\\\/#website\"},\"primaryImageOfPage\":{\"@id\":\"https:\\\/\\\/mont-roig.cat\\\/es\\\/actualitat\\\/noticies\\\/el-ayuntamiento-de-mont-roig-del-camp-mantiene-el-compromiso-de-apoyo-economico-a-las-entidades-locales-del-tercer-sector\\\/#primaryimage\"},\"image\":{\"@id\":\"https:\\\/\\\/mont-roig.cat\\\/es\\\/actualitat\\\/noticies\\\/el-ayuntamiento-de-mont-roig-del-camp-mantiene-el-compromiso-de-apoyo-economico-a-las-entidades-locales-del-tercer-sector\\\/#primaryimage\"},\"thumbnailUrl\":\"https:\\\/\\\/mont-roig.cat\\\/wp-content\\\/uploads\\\/conveni.jpg\",\"datePublished\":\"2023-07-20T12:33:43+00:00\",\"dateModified\":\"2023-07-20T12:39:13+00:00\",\"author\":{\"@id\":\"https:\\\/\\\/mont-roig.cat\\\/es\\\/#\\\/schema\\\/person\\\/1f73e7b5e6f9dd122e8a6f14f310ac5e\"},\"breadcrumb\":{\"@id\":\"https:\\\/\\\/mont-roig.cat\\\/es\\\/actualitat\\\/noticies\\\/el-ayuntamiento-de-mont-roig-del-camp-mantiene-el-compromiso-de-apoyo-economico-a-las-entidades-locales-del-tercer-sector\\\/#breadcrumb\"},\"inLanguage\":\"es\",\"potentialAction\":[{\"@type\":\"ReadAction\",\"target\":[\"https:\\\/\\\/mont-roig.cat\\\/es\\\/actualitat\\\/noticies\\\/el-ayuntamiento-de-mont-roig-del-camp-mantiene-el-compromiso-de-apoyo-economico-a-las-entidades-locales-del-tercer-sector\\\/\"]}]},{\"@type\":\"ImageObject\",\"inLanguage\":\"es\",\"@id\":\"https:\\\/\\\/mont-roig.cat\\\/es\\\/actualitat\\\/noticies\\\/el-ayuntamiento-de-mont-roig-del-camp-mantiene-el-compromiso-de-apoyo-economico-a-las-entidades-locales-del-tercer-sector\\\/#primaryimage\",\"url\":\"https:\\\/\\\/mont-roig.cat\\\/wp-content\\\/uploads\\\/conveni.jpg\",\"contentUrl\":\"https:\\\/\\\/mont-roig.cat\\\/wp-content\\\/uploads\\\/conveni.jpg\",\"width\":1030,\"height\":600},{\"@type\":\"BreadcrumbList\",\"@id\":\"https:\\\/\\\/mont-roig.cat\\\/es\\\/actualitat\\\/noticies\\\/el-ayuntamiento-de-mont-roig-del-camp-mantiene-el-compromiso-de-apoyo-economico-a-las-entidades-locales-del-tercer-sector\\\/#breadcrumb\",\"itemListElement\":[{\"@type\":\"ListItem\",\"position\":1,\"name\":\"Inici\",\"item\":\"https:\\\/\\\/mont-roig.cat\\\/es\\\/pagina-de-inicio\\\/\"},{\"@type\":\"ListItem\",\"position\":2,\"name\":\"El Ayuntamiento de Mont-roig del Camp mantiene el compromiso de apoyo econ\u00f3mico a las entidades locales del tercer sector\"}]},{\"@type\":\"WebSite\",\"@id\":\"https:\\\/\\\/mont-roig.cat\\\/es\\\/#website\",\"url\":\"https:\\\/\\\/mont-roig.cat\\\/es\\\/\",\"name\":\"Ajuntament de Mont-roig del Camp\",\"description\":\"Tota la informaci\u00f3 sobre la instituci\u00f3, els seus \u00f2rgans de govern, actualitat, serveis i molt m\u00e9s.\",\"potentialAction\":[{\"@type\":\"SearchAction\",\"target\":{\"@type\":\"EntryPoint\",\"urlTemplate\":\"https:\\\/\\\/mont-roig.cat\\\/es\\\/?s={search_term_string}\"},\"query-input\":{\"@type\":\"PropertyValueSpecification\",\"valueRequired\":true,\"valueName\":\"search_term_string\"}}],\"inLanguage\":\"es\"},{\"@type\":\"Person\",\"@id\":\"https:\\\/\\\/mont-roig.cat\\\/es\\\/#\\\/schema\\\/person\\\/1f73e7b5e6f9dd122e8a6f14f310ac5e\",\"name\":\"comunicacio\",\"image\":{\"@type\":\"ImageObject\",\"inLanguage\":\"es\",\"@id\":\"https:\\\/\\\/secure.gravatar.com\\\/avatar\\\/98944333e7a877670a64f8d10f0cb680ab2c9ebc4efc43945ef004b52b5ad28c?s=96&d=mm&r=g\",\"url\":\"https:\\\/\\\/secure.gravatar.com\\\/avatar\\\/98944333e7a877670a64f8d10f0cb680ab2c9ebc4efc43945ef004b52b5ad28c?s=96&d=mm&r=g\",\"contentUrl\":\"https:\\\/\\\/secure.gravatar.com\\\/avatar\\\/98944333e7a877670a64f8d10f0cb680ab2c9ebc4efc43945ef004b52b5ad28c?s=96&d=mm&r=g\",\"caption\":\"comunicacio\"},\"url\":\"https:\\\/\\\/mont-roig.cat\\\/es\\\/actualitat\\\/noticies\\\/author\\\/comunicacio\\\/\"}]}<\/script>\n<!-- \/ Yoast SEO plugin. -->","yoast_head_json":{"title":"El Ayuntamiento de Mont-roig del Camp mantiene el compromiso de apoyo econ\u00f3mico a las entidades locales del tercer sector - Ajuntament de Mont-roig del Camp","robots":{"index":"index","follow":"follow","max-snippet":"max-snippet:-1","max-image-preview":"max-image-preview:large","max-video-preview":"max-video-preview:-1"},"canonical":"https:\/\/mont-roig.cat\/es\/actualitat\/noticies\/el-ayuntamiento-de-mont-roig-del-camp-mantiene-el-compromiso-de-apoyo-economico-a-las-entidades-locales-del-tercer-sector\/","og_locale":"es_ES","og_type":"article","og_title":"El Ayuntamiento de Mont-roig del Camp mantiene el compromiso de apoyo econ\u00f3mico a las entidades locales del tercer sector - Ajuntament de Mont-roig del Camp","og_description":"El alcalde Fran Morancho, acompa\u00f1ado por la concejal de Servicios Sociales Francis Ortiz, ha firmado el convenio de apoyo con Cruz Roja y C\u00e1ritas para los pr\u00f3ximos a\u00f1os que permitir\u00e1 financiar las actividades de estas entidades con una aportaci\u00f3n anual cercana a los 50.000 euros El Ayuntamiento de Mont-roig del Camp ha renovado, este mediod\u00eda, [&hellip;]","og_url":"https:\/\/mont-roig.cat\/es\/actualitat\/noticies\/el-ayuntamiento-de-mont-roig-del-camp-mantiene-el-compromiso-de-apoyo-economico-a-las-entidades-locales-del-tercer-sector\/","og_site_name":"Ajuntament de Mont-roig del Camp","article_published_time":"2023-07-20T12:33:43+00:00","article_modified_time":"2023-07-20T12:39:13+00:00","og_image":[{"width":1030,"height":600,"url":"https:\/\/mont-roig.cat\/wp-content\/uploads\/conveni.jpg","type":"image\/jpeg"}],"author":"comunicacio","twitter_card":"summary_large_image","twitter_misc":{"Escrito por":"comunicacio","Tiempo de lectura":"3 minutos"},"schema":{"@context":"https:\/\/schema.org","@graph":[{"@type":"Article","@id":"https:\/\/mont-roig.cat\/es\/actualitat\/noticies\/el-ayuntamiento-de-mont-roig-del-camp-mantiene-el-compromiso-de-apoyo-economico-a-las-entidades-locales-del-tercer-sector\/#article","isPartOf":{"@id":"https:\/\/mont-roig.cat\/es\/actualitat\/noticies\/el-ayuntamiento-de-mont-roig-del-camp-mantiene-el-compromiso-de-apoyo-economico-a-las-entidades-locales-del-tercer-sector\/"},"author":{"name":"comunicacio","@id":"https:\/\/mont-roig.cat\/es\/#\/schema\/person\/1f73e7b5e6f9dd122e8a6f14f310ac5e"},"headline":"El Ayuntamiento de Mont-roig del Camp mantiene el compromiso de apoyo econ\u00f3mico a las entidades locales del tercer sector","datePublished":"2023-07-20T12:33:43+00:00","dateModified":"2023-07-20T12:39:13+00:00","mainEntityOfPage":{"@id":"https:\/\/mont-roig.cat\/es\/actualitat\/noticies\/el-ayuntamiento-de-mont-roig-del-camp-mantiene-el-compromiso-de-apoyo-economico-a-las-entidades-locales-del-tercer-sector\/"},"wordCount":519,"image":{"@id":"https:\/\/mont-roig.cat\/es\/actualitat\/noticies\/el-ayuntamiento-de-mont-roig-del-camp-mantiene-el-compromiso-de-apoyo-economico-a-las-entidades-locales-del-tercer-sector\/#primaryimage"},"thumbnailUrl":"https:\/\/mont-roig.cat\/wp-content\/uploads\/conveni.jpg","articleSection":["Ayuntamiento","Servicios sociales"],"inLanguage":"es"},{"@type":"WebPage","@id":"https:\/\/mont-roig.cat\/es\/actualitat\/noticies\/el-ayuntamiento-de-mont-roig-del-camp-mantiene-el-compromiso-de-apoyo-economico-a-las-entidades-locales-del-tercer-sector\/","url":"https:\/\/mont-roig.cat\/es\/actualitat\/noticies\/el-ayuntamiento-de-mont-roig-del-camp-mantiene-el-compromiso-de-apoyo-economico-a-las-entidades-locales-del-tercer-sector\/","name":"El Ayuntamiento de Mont-roig del Camp mantiene el compromiso de apoyo econ\u00f3mico a las entidades locales del tercer sector - Ajuntament de Mont-roig del Camp","isPartOf":{"@id":"https:\/\/mont-roig.cat\/es\/#website"},"primaryImageOfPage":{"@id":"https:\/\/mont-roig.cat\/es\/actualitat\/noticies\/el-ayuntamiento-de-mont-roig-del-camp-mantiene-el-compromiso-de-apoyo-economico-a-las-entidades-locales-del-tercer-sector\/#primaryimage"},"image":{"@id":"https:\/\/mont-roig.cat\/es\/actualitat\/noticies\/el-ayuntamiento-de-mont-roig-del-camp-mantiene-el-compromiso-de-apoyo-economico-a-las-entidades-locales-del-tercer-sector\/#primaryimage"},"thumbnailUrl":"https:\/\/mont-roig.cat\/wp-content\/uploads\/conveni.jpg","datePublished":"2023-07-20T12:33:43+00:00","dateModified":"2023-07-20T12:39:13+00:00","author":{"@id":"https:\/\/mont-roig.cat\/es\/#\/schema\/person\/1f73e7b5e6f9dd122e8a6f14f310ac5e"},"breadcrumb":{"@id":"https:\/\/mont-roig.cat\/es\/actualitat\/noticies\/el-ayuntamiento-de-mont-roig-del-camp-mantiene-el-compromiso-de-apoyo-economico-a-las-entidades-locales-del-tercer-sector\/#breadcrumb"},"inLanguage":"es","potentialAction":[{"@type":"ReadAction","target":["https:\/\/mont-roig.cat\/es\/actualitat\/noticies\/el-ayuntamiento-de-mont-roig-del-camp-mantiene-el-compromiso-de-apoyo-economico-a-las-entidades-locales-del-tercer-sector\/"]}]},{"@type":"ImageObject","inLanguage":"es","@id":"https:\/\/mont-roig.cat\/es\/actualitat\/noticies\/el-ayuntamiento-de-mont-roig-del-camp-mantiene-el-compromiso-de-apoyo-economico-a-las-entidades-locales-del-tercer-sector\/#primaryimage","url":"https:\/\/mont-roig.cat\/wp-content\/uploads\/conveni.jpg","contentUrl":"https:\/\/mont-roig.cat\/wp-content\/uploads\/conveni.jpg","width":1030,"height":600},{"@type":"BreadcrumbList","@id":"https:\/\/mont-roig.cat\/es\/actualitat\/noticies\/el-ayuntamiento-de-mont-roig-del-camp-mantiene-el-compromiso-de-apoyo-economico-a-las-entidades-locales-del-tercer-sector\/#breadcrumb","itemListElement":[{"@type":"ListItem","position":1,"name":"Inici","item":"https:\/\/mont-roig.cat\/es\/pagina-de-inicio\/"},{"@type":"ListItem","position":2,"name":"El Ayuntamiento de Mont-roig del Camp mantiene el compromiso de apoyo econ\u00f3mico a las entidades locales del tercer sector"}]},{"@type":"WebSite","@id":"https:\/\/mont-roig.cat\/es\/#website","url":"https:\/\/mont-roig.cat\/es\/","name":"Ajuntament de Mont-roig del Camp","description":"Tota la informaci\u00f3 sobre la instituci\u00f3, els seus \u00f2rgans de govern, actualitat, serveis i molt m\u00e9s.","potentialAction":[{"@type":"SearchAction","target":{"@type":"EntryPoint","urlTemplate":"https:\/\/mont-roig.cat\/es\/?s={search_term_string}"},"query-input":{"@type":"PropertyValueSpecification","valueRequired":true,"valueName":"search_term_string"}}],"inLanguage":"es"},{"@type":"Person","@id":"https:\/\/mont-roig.cat\/es\/#\/schema\/person\/1f73e7b5e6f9dd122e8a6f14f310ac5e","name":"comunicacio","image":{"@type":"ImageObject","inLanguage":"es","@id":"https:\/\/secure.gravatar.com\/avatar\/98944333e7a877670a64f8d10f0cb680ab2c9ebc4efc43945ef004b52b5ad28c?s=96&d=mm&r=g","url":"https:\/\/secure.gravatar.com\/avatar\/98944333e7a877670a64f8d10f0cb680ab2c9ebc4efc43945ef004b52b5ad28c?s=96&d=mm&r=g","contentUrl":"https:\/\/secure.gravatar.com\/avatar\/98944333e7a877670a64f8d10f0cb680ab2c9ebc4efc43945ef004b52b5ad28c?s=96&d=mm&r=g","caption":"comunicacio"},"url":"https:\/\/mont-roig.cat\/es\/actualitat\/noticies\/author\/comunicacio\/"}]}},"_links":{"self":[{"href":"https:\/\/mont-roig.cat\/es\/wp-json\/wp\/v2\/posts\/71497","targetHints":{"allow":["GET"]}}],"collection":[{"href":"https:\/\/mont-roig.cat\/es\/wp-json\/wp\/v2\/posts"}],"about":[{"href":"https:\/\/mont-roig.cat\/es\/wp-json\/wp\/v2\/types\/post"}],"author":[{"embeddable":true,"href":"https:\/\/mont-roig.cat\/es\/wp-json\/wp\/v2\/users\/13"}],"replies":[{"embeddable":true,"href":"https:\/\/mont-roig.cat\/es\/wp-json\/wp\/v2\/comments?post=71497"}],"version-history":[{"count":2,"href":"https:\/\/mont-roig.cat\/es\/wp-json\/wp\/v2\/posts\/71497\/revisions"}],"predecessor-version":[{"id":71499,"href":"https:\/\/mont-roig.cat\/es\/wp-json\/wp\/v2\/posts\/71497\/revisions\/71499"}],"wp:featuredmedia":[{"embeddable":true,"href":"https:\/\/mont-roig.cat\/es\/wp-json\/wp\/v2\/media\/71494"}],"wp:attachment":[{"href":"https:\/\/mont-roig.cat\/es\/wp-json\/wp\/v2\/media?parent=71497"}],"wp:term":[{"taxonomy":"category","embeddable":true,"href":"https:\/\/mont-roig.cat\/es\/wp-json\/wp\/v2\/categories?post=71497"},{"taxonomy":"post_tag","embeddable":true,"href":"https:\/\/mont-roig.cat\/es\/wp-json\/wp\/v2\/tags?post=71497"}],"curies":[{"name":"wp","href":"https:\/\/api.w.org\/{rel}","templated":true}]}}