{"id":71559,"date":"2023-07-24T11:57:15","date_gmt":"2023-07-24T09:57:15","guid":{"rendered":"https:\/\/mont-roig.cat\/actualitat\/noticies\/resultats-eleccions-generals-23j-a-mont-roig-del-camp\/"},"modified":"2023-07-24T12:10:12","modified_gmt":"2023-07-24T10:10:12","slug":"resultados-elecciones-generales-23j-en-mont-roig-del-camp","status":"publish","type":"post","link":"https:\/\/mont-roig.cat\/es\/actualitat\/noticies\/resultados-elecciones-generales-23j-en-mont-roig-del-camp\/","title":{"rendered":"Resultados elecciones generales 23J en Mont-roig del Camp"},"content":{"rendered":"<ul>\n<li><strong><a href=\"https:\/\/mont-roig.cat\/wp-content\/uploads\/generales-23J.png\" target=\"_blank\" rel=\"noopener\"><img loading=\"lazy\" decoding=\"async\" class=\"alignright wp-image-71459\" src=\"https:\/\/mont-roig.cat\/wp-content\/uploads\/generales-23J-500x217.png\" alt=\"\" width=\"306\" height=\"133\" srcset=\"https:\/\/mont-roig.cat\/wp-content\/uploads\/generales-23J-500x217.png 500w, https:\/\/mont-roig.cat\/wp-content\/uploads\/generales-23J.png 600w\" sizes=\"auto, (max-width: 306px) 100vw, 306px\" \/><\/a><\/strong> <strong>El PSC gana los comicios con 1.545 votos y un 31% de los sufragios<\/strong><\/li>\n<\/ul>\n<p>La candidatura del PSC ha sido la ganadora en las elecciones generales de este domingo con 1.545 votos en Mont-roig del Camp. El Partit dels Socialistes de Catalunya obtuvo con estos votos un 31% del total de sufragios, por delante del PP y VOX que, con 915 y 711 quedaron en segunda y tercera posici\u00f3n. La victoria del PSC ha supuesto un incremento de 12 puntos porcentuales respecto a 2019, en unas elecciones en las que sac\u00f3 el 19% y 916 votos.<\/p>\n<p>Detr\u00e1s de estos partidos, encontramos a Esquerra Republicana de Catalunya (547 votos), que ha pasado de la primera a la cuarta posici\u00f3n; Sumar-En Com\u00fa Podem (515 votos) y Junts (474 votos). En estas elecciones generales ha habido una participaci\u00f3n del 61&#8217;50%, con un total 5.026 votos emitidos, cifra que representa un descenso en un 2&#8217;8 respecto a las elecciones del 2019. En Mont-roig del Camp las elecciones se celebraron con total normalidad durante toda la jornada<\/p>\n<p>Se puede consultar el resultado completo de estos comicios <a href=\"https:\/\/resultados.generales23j.es\/es\/resultados\/1\/4698\/0\" target=\"_blank\" rel=\"noopener\">en este enlace<\/a><\/p>\n","protected":false},"excerpt":{"rendered":"<p>El PSC gana los comicios con 1.545 votos y un 31% de los sufragios La candidatura del PSC ha sido la ganadora en las elecciones generales de este domingo con 1.545 votos en Mont-roig del Camp. El Partit dels Socialistes de Catalunya obtuvo con estos votos un 31% del total de sufragios, por delante del [&hellip;]<\/p>\n","protected":false},"author":13,"featured_media":71460,"comment_status":"closed","ping_status":"closed","sticky":false,"template":"","format":"standard","meta":{"inline_featured_image":false,"_monsterinsights_skip_tracking":false,"_monsterinsights_sitenote_active":false,"_monsterinsights_sitenote_note":"","_monsterinsights_sitenote_category":0,"footnotes":""},"categories":[98],"tags":[],"class_list":["post-71559","post","type-post","status-publish","format-standard","has-post-thumbnail","hentry","category-ayuntamiento"],"yoast_head":"<!-- This site is optimized with the Yoast SEO plugin v27.4 - https:\/\/yoast.com\/product\/yoast-seo-wordpress\/ -->\n<title>Resultados elecciones generales 23J en Mont-roig del Camp - Ajuntament de Mont-roig del Camp<\/title>\n<meta name=\"robots\" content=\"index, follow, max-snippet:-1, max-image-preview:large, max-video-preview:-1\" \/>\n<link rel=\"canonical\" href=\"https:\/\/mont-roig.cat\/es\/actualitat\/noticies\/resultados-elecciones-generales-23j-en-mont-roig-del-camp\/\" \/>\n<meta property=\"og:locale\" content=\"es_ES\" \/>\n<meta property=\"og:type\" content=\"article\" \/>\n<meta property=\"og:title\" content=\"Resultados elecciones generales 23J en Mont-roig del Camp - Ajuntament de Mont-roig del Camp\" \/>\n<meta property=\"og:description\" content=\"El PSC gana los comicios con 1.545 votos y un 31% de los sufragios La candidatura del PSC ha sido la ganadora en las elecciones generales de este domingo con 1.545 votos en Mont-roig del Camp. El Partit dels Socialistes de Catalunya obtuvo con estos votos un 31% del total de sufragios, por delante del [&hellip;]\" \/>\n<meta property=\"og:url\" content=\"https:\/\/mont-roig.cat\/es\/actualitat\/noticies\/resultados-elecciones-generales-23j-en-mont-roig-del-camp\/\" \/>\n<meta property=\"og:site_name\" content=\"Ajuntament de Mont-roig del Camp\" \/>\n<meta property=\"article:published_time\" content=\"2023-07-24T09:57:15+00:00\" \/>\n<meta property=\"article:modified_time\" content=\"2023-07-24T10:10:12+00:00\" \/>\n<meta property=\"og:image\" content=\"https:\/\/mont-roig.cat\/wp-content\/uploads\/generales-23J.png\" \/>\n\t<meta property=\"og:image:width\" content=\"600\" \/>\n\t<meta property=\"og:image:height\" content=\"260\" \/>\n\t<meta property=\"og:image:type\" content=\"image\/png\" \/>\n<meta name=\"author\" content=\"comunicacio\" \/>\n<meta name=\"twitter:card\" content=\"summary_large_image\" \/>\n<meta name=\"twitter:label1\" content=\"Escrito por\" \/>\n\t<meta name=\"twitter:data1\" content=\"comunicacio\" \/>\n\t<meta name=\"twitter:label2\" content=\"Tiempo de lectura\" \/>\n\t<meta name=\"twitter:data2\" content=\"2 minutos\" \/>\n<script type=\"application\/ld+json\" class=\"yoast-schema-graph\">{\"@context\":\"https:\\\/\\\/schema.org\",\"@graph\":[{\"@type\":\"Article\",\"@id\":\"https:\\\/\\\/mont-roig.cat\\\/es\\\/actualitat\\\/noticies\\\/resultados-elecciones-generales-23j-en-mont-roig-del-camp\\\/#article\",\"isPartOf\":{\"@id\":\"https:\\\/\\\/mont-roig.cat\\\/es\\\/actualitat\\\/noticies\\\/resultados-elecciones-generales-23j-en-mont-roig-del-camp\\\/\"},\"author\":{\"name\":\"comunicacio\",\"@id\":\"https:\\\/\\\/mont-roig.cat\\\/es\\\/#\\\/schema\\\/person\\\/1f73e7b5e6f9dd122e8a6f14f310ac5e\"},\"headline\":\"Resultados elecciones generales 23J en Mont-roig del Camp\",\"datePublished\":\"2023-07-24T09:57:15+00:00\",\"dateModified\":\"2023-07-24T10:10:12+00:00\",\"mainEntityOfPage\":{\"@id\":\"https:\\\/\\\/mont-roig.cat\\\/es\\\/actualitat\\\/noticies\\\/resultados-elecciones-generales-23j-en-mont-roig-del-camp\\\/\"},\"wordCount\":181,\"image\":{\"@id\":\"https:\\\/\\\/mont-roig.cat\\\/es\\\/actualitat\\\/noticies\\\/resultados-elecciones-generales-23j-en-mont-roig-del-camp\\\/#primaryimage\"},\"thumbnailUrl\":\"https:\\\/\\\/mont-roig.cat\\\/wp-content\\\/uploads\\\/generales-23J.png\",\"articleSection\":[\"Ayuntamiento\"],\"inLanguage\":\"es\"},{\"@type\":\"WebPage\",\"@id\":\"https:\\\/\\\/mont-roig.cat\\\/es\\\/actualitat\\\/noticies\\\/resultados-elecciones-generales-23j-en-mont-roig-del-camp\\\/\",\"url\":\"https:\\\/\\\/mont-roig.cat\\\/es\\\/actualitat\\\/noticies\\\/resultados-elecciones-generales-23j-en-mont-roig-del-camp\\\/\",\"name\":\"Resultados elecciones generales 23J en Mont-roig del Camp - Ajuntament de Mont-roig del Camp\",\"isPartOf\":{\"@id\":\"https:\\\/\\\/mont-roig.cat\\\/es\\\/#website\"},\"primaryImageOfPage\":{\"@id\":\"https:\\\/\\\/mont-roig.cat\\\/es\\\/actualitat\\\/noticies\\\/resultados-elecciones-generales-23j-en-mont-roig-del-camp\\\/#primaryimage\"},\"image\":{\"@id\":\"https:\\\/\\\/mont-roig.cat\\\/es\\\/actualitat\\\/noticies\\\/resultados-elecciones-generales-23j-en-mont-roig-del-camp\\\/#primaryimage\"},\"thumbnailUrl\":\"https:\\\/\\\/mont-roig.cat\\\/wp-content\\\/uploads\\\/generales-23J.png\",\"datePublished\":\"2023-07-24T09:57:15+00:00\",\"dateModified\":\"2023-07-24T10:10:12+00:00\",\"author\":{\"@id\":\"https:\\\/\\\/mont-roig.cat\\\/es\\\/#\\\/schema\\\/person\\\/1f73e7b5e6f9dd122e8a6f14f310ac5e\"},\"breadcrumb\":{\"@id\":\"https:\\\/\\\/mont-roig.cat\\\/es\\\/actualitat\\\/noticies\\\/resultados-elecciones-generales-23j-en-mont-roig-del-camp\\\/#breadcrumb\"},\"inLanguage\":\"es\",\"potentialAction\":[{\"@type\":\"ReadAction\",\"target\":[\"https:\\\/\\\/mont-roig.cat\\\/es\\\/actualitat\\\/noticies\\\/resultados-elecciones-generales-23j-en-mont-roig-del-camp\\\/\"]}]},{\"@type\":\"ImageObject\",\"inLanguage\":\"es\",\"@id\":\"https:\\\/\\\/mont-roig.cat\\\/es\\\/actualitat\\\/noticies\\\/resultados-elecciones-generales-23j-en-mont-roig-del-camp\\\/#primaryimage\",\"url\":\"https:\\\/\\\/mont-roig.cat\\\/wp-content\\\/uploads\\\/generales-23J.png\",\"contentUrl\":\"https:\\\/\\\/mont-roig.cat\\\/wp-content\\\/uploads\\\/generales-23J.png\",\"width\":600,\"height\":260},{\"@type\":\"BreadcrumbList\",\"@id\":\"https:\\\/\\\/mont-roig.cat\\\/es\\\/actualitat\\\/noticies\\\/resultados-elecciones-generales-23j-en-mont-roig-del-camp\\\/#breadcrumb\",\"itemListElement\":[{\"@type\":\"ListItem\",\"position\":1,\"name\":\"Inici\",\"item\":\"https:\\\/\\\/mont-roig.cat\\\/es\\\/pagina-de-inicio\\\/\"},{\"@type\":\"ListItem\",\"position\":2,\"name\":\"Resultados elecciones generales 23J en Mont-roig del Camp\"}]},{\"@type\":\"WebSite\",\"@id\":\"https:\\\/\\\/mont-roig.cat\\\/es\\\/#website\",\"url\":\"https:\\\/\\\/mont-roig.cat\\\/es\\\/\",\"name\":\"Ajuntament de Mont-roig del Camp\",\"description\":\"Tota la informaci\u00f3 sobre la instituci\u00f3, els seus \u00f2rgans de govern, actualitat, serveis i molt m\u00e9s.\",\"potentialAction\":[{\"@type\":\"SearchAction\",\"target\":{\"@type\":\"EntryPoint\",\"urlTemplate\":\"https:\\\/\\\/mont-roig.cat\\\/es\\\/?s={search_term_string}\"},\"query-input\":{\"@type\":\"PropertyValueSpecification\",\"valueRequired\":true,\"valueName\":\"search_term_string\"}}],\"inLanguage\":\"es\"},{\"@type\":\"Person\",\"@id\":\"https:\\\/\\\/mont-roig.cat\\\/es\\\/#\\\/schema\\\/person\\\/1f73e7b5e6f9dd122e8a6f14f310ac5e\",\"name\":\"comunicacio\",\"image\":{\"@type\":\"ImageObject\",\"inLanguage\":\"es\",\"@id\":\"https:\\\/\\\/secure.gravatar.com\\\/avatar\\\/98944333e7a877670a64f8d10f0cb680ab2c9ebc4efc43945ef004b52b5ad28c?s=96&d=mm&r=g\",\"url\":\"https:\\\/\\\/secure.gravatar.com\\\/avatar\\\/98944333e7a877670a64f8d10f0cb680ab2c9ebc4efc43945ef004b52b5ad28c?s=96&d=mm&r=g\",\"contentUrl\":\"https:\\\/\\\/secure.gravatar.com\\\/avatar\\\/98944333e7a877670a64f8d10f0cb680ab2c9ebc4efc43945ef004b52b5ad28c?s=96&d=mm&r=g\",\"caption\":\"comunicacio\"},\"url\":\"https:\\\/\\\/mont-roig.cat\\\/es\\\/actualitat\\\/noticies\\\/author\\\/comunicacio\\\/\"}]}<\/script>\n<!-- \/ Yoast SEO plugin. -->","yoast_head_json":{"title":"Resultados elecciones generales 23J en Mont-roig del Camp - Ajuntament de Mont-roig del Camp","robots":{"index":"index","follow":"follow","max-snippet":"max-snippet:-1","max-image-preview":"max-image-preview:large","max-video-preview":"max-video-preview:-1"},"canonical":"https:\/\/mont-roig.cat\/es\/actualitat\/noticies\/resultados-elecciones-generales-23j-en-mont-roig-del-camp\/","og_locale":"es_ES","og_type":"article","og_title":"Resultados elecciones generales 23J en Mont-roig del Camp - Ajuntament de Mont-roig del Camp","og_description":"El PSC gana los comicios con 1.545 votos y un 31% de los sufragios La candidatura del PSC ha sido la ganadora en las elecciones generales de este domingo con 1.545 votos en Mont-roig del Camp. El Partit dels Socialistes de Catalunya obtuvo con estos votos un 31% del total de sufragios, por delante del [&hellip;]","og_url":"https:\/\/mont-roig.cat\/es\/actualitat\/noticies\/resultados-elecciones-generales-23j-en-mont-roig-del-camp\/","og_site_name":"Ajuntament de Mont-roig del Camp","article_published_time":"2023-07-24T09:57:15+00:00","article_modified_time":"2023-07-24T10:10:12+00:00","og_image":[{"width":600,"height":260,"url":"https:\/\/mont-roig.cat\/wp-content\/uploads\/generales-23J.png","type":"image\/png"}],"author":"comunicacio","twitter_card":"summary_large_image","twitter_misc":{"Escrito por":"comunicacio","Tiempo de lectura":"2 minutos"},"schema":{"@context":"https:\/\/schema.org","@graph":[{"@type":"Article","@id":"https:\/\/mont-roig.cat\/es\/actualitat\/noticies\/resultados-elecciones-generales-23j-en-mont-roig-del-camp\/#article","isPartOf":{"@id":"https:\/\/mont-roig.cat\/es\/actualitat\/noticies\/resultados-elecciones-generales-23j-en-mont-roig-del-camp\/"},"author":{"name":"comunicacio","@id":"https:\/\/mont-roig.cat\/es\/#\/schema\/person\/1f73e7b5e6f9dd122e8a6f14f310ac5e"},"headline":"Resultados elecciones generales 23J en Mont-roig del Camp","datePublished":"2023-07-24T09:57:15+00:00","dateModified":"2023-07-24T10:10:12+00:00","mainEntityOfPage":{"@id":"https:\/\/mont-roig.cat\/es\/actualitat\/noticies\/resultados-elecciones-generales-23j-en-mont-roig-del-camp\/"},"wordCount":181,"image":{"@id":"https:\/\/mont-roig.cat\/es\/actualitat\/noticies\/resultados-elecciones-generales-23j-en-mont-roig-del-camp\/#primaryimage"},"thumbnailUrl":"https:\/\/mont-roig.cat\/wp-content\/uploads\/generales-23J.png","articleSection":["Ayuntamiento"],"inLanguage":"es"},{"@type":"WebPage","@id":"https:\/\/mont-roig.cat\/es\/actualitat\/noticies\/resultados-elecciones-generales-23j-en-mont-roig-del-camp\/","url":"https:\/\/mont-roig.cat\/es\/actualitat\/noticies\/resultados-elecciones-generales-23j-en-mont-roig-del-camp\/","name":"Resultados elecciones generales 23J en Mont-roig del Camp - Ajuntament de Mont-roig del Camp","isPartOf":{"@id":"https:\/\/mont-roig.cat\/es\/#website"},"primaryImageOfPage":{"@id":"https:\/\/mont-roig.cat\/es\/actualitat\/noticies\/resultados-elecciones-generales-23j-en-mont-roig-del-camp\/#primaryimage"},"image":{"@id":"https:\/\/mont-roig.cat\/es\/actualitat\/noticies\/resultados-elecciones-generales-23j-en-mont-roig-del-camp\/#primaryimage"},"thumbnailUrl":"https:\/\/mont-roig.cat\/wp-content\/uploads\/generales-23J.png","datePublished":"2023-07-24T09:57:15+00:00","dateModified":"2023-07-24T10:10:12+00:00","author":{"@id":"https:\/\/mont-roig.cat\/es\/#\/schema\/person\/1f73e7b5e6f9dd122e8a6f14f310ac5e"},"breadcrumb":{"@id":"https:\/\/mont-roig.cat\/es\/actualitat\/noticies\/resultados-elecciones-generales-23j-en-mont-roig-del-camp\/#breadcrumb"},"inLanguage":"es","potentialAction":[{"@type":"ReadAction","target":["https:\/\/mont-roig.cat\/es\/actualitat\/noticies\/resultados-elecciones-generales-23j-en-mont-roig-del-camp\/"]}]},{"@type":"ImageObject","inLanguage":"es","@id":"https:\/\/mont-roig.cat\/es\/actualitat\/noticies\/resultados-elecciones-generales-23j-en-mont-roig-del-camp\/#primaryimage","url":"https:\/\/mont-roig.cat\/wp-content\/uploads\/generales-23J.png","contentUrl":"https:\/\/mont-roig.cat\/wp-content\/uploads\/generales-23J.png","width":600,"height":260},{"@type":"BreadcrumbList","@id":"https:\/\/mont-roig.cat\/es\/actualitat\/noticies\/resultados-elecciones-generales-23j-en-mont-roig-del-camp\/#breadcrumb","itemListElement":[{"@type":"ListItem","position":1,"name":"Inici","item":"https:\/\/mont-roig.cat\/es\/pagina-de-inicio\/"},{"@type":"ListItem","position":2,"name":"Resultados elecciones generales 23J en Mont-roig del Camp"}]},{"@type":"WebSite","@id":"https:\/\/mont-roig.cat\/es\/#website","url":"https:\/\/mont-roig.cat\/es\/","name":"Ajuntament de Mont-roig del Camp","description":"Tota la informaci\u00f3 sobre la instituci\u00f3, els seus \u00f2rgans de govern, actualitat, serveis i molt m\u00e9s.","potentialAction":[{"@type":"SearchAction","target":{"@type":"EntryPoint","urlTemplate":"https:\/\/mont-roig.cat\/es\/?s={search_term_string}"},"query-input":{"@type":"PropertyValueSpecification","valueRequired":true,"valueName":"search_term_string"}}],"inLanguage":"es"},{"@type":"Person","@id":"https:\/\/mont-roig.cat\/es\/#\/schema\/person\/1f73e7b5e6f9dd122e8a6f14f310ac5e","name":"comunicacio","image":{"@type":"ImageObject","inLanguage":"es","@id":"https:\/\/secure.gravatar.com\/avatar\/98944333e7a877670a64f8d10f0cb680ab2c9ebc4efc43945ef004b52b5ad28c?s=96&d=mm&r=g","url":"https:\/\/secure.gravatar.com\/avatar\/98944333e7a877670a64f8d10f0cb680ab2c9ebc4efc43945ef004b52b5ad28c?s=96&d=mm&r=g","contentUrl":"https:\/\/secure.gravatar.com\/avatar\/98944333e7a877670a64f8d10f0cb680ab2c9ebc4efc43945ef004b52b5ad28c?s=96&d=mm&r=g","caption":"comunicacio"},"url":"https:\/\/mont-roig.cat\/es\/actualitat\/noticies\/author\/comunicacio\/"}]}},"_links":{"self":[{"href":"https:\/\/mont-roig.cat\/es\/wp-json\/wp\/v2\/posts\/71559","targetHints":{"allow":["GET"]}}],"collection":[{"href":"https:\/\/mont-roig.cat\/es\/wp-json\/wp\/v2\/posts"}],"about":[{"href":"https:\/\/mont-roig.cat\/es\/wp-json\/wp\/v2\/types\/post"}],"author":[{"embeddable":true,"href":"https:\/\/mont-roig.cat\/es\/wp-json\/wp\/v2\/users\/13"}],"replies":[{"embeddable":true,"href":"https:\/\/mont-roig.cat\/es\/wp-json\/wp\/v2\/comments?post=71559"}],"version-history":[{"count":3,"href":"https:\/\/mont-roig.cat\/es\/wp-json\/wp\/v2\/posts\/71559\/revisions"}],"predecessor-version":[{"id":71562,"href":"https:\/\/mont-roig.cat\/es\/wp-json\/wp\/v2\/posts\/71559\/revisions\/71562"}],"wp:featuredmedia":[{"embeddable":true,"href":"https:\/\/mont-roig.cat\/es\/wp-json\/wp\/v2\/media\/71460"}],"wp:attachment":[{"href":"https:\/\/mont-roig.cat\/es\/wp-json\/wp\/v2\/media?parent=71559"}],"wp:term":[{"taxonomy":"category","embeddable":true,"href":"https:\/\/mont-roig.cat\/es\/wp-json\/wp\/v2\/categories?post=71559"},{"taxonomy":"post_tag","embeddable":true,"href":"https:\/\/mont-roig.cat\/es\/wp-json\/wp\/v2\/tags?post=71559"}],"curies":[{"name":"wp","href":"https:\/\/api.w.org\/{rel}","templated":true}]}}