{"id":72090,"date":"2023-09-06T13:46:11","date_gmt":"2023-09-06T11:46:11","guid":{"rendered":"https:\/\/mont-roig.cat\/?p=72090"},"modified":"2023-09-20T11:40:00","modified_gmt":"2023-09-20T09:40:00","slug":"el-ciclo-de-terror-panic-volvera-a-programar-el-survival-zombie","status":"publish","type":"post","link":"https:\/\/mont-roig.cat\/es\/actualitat\/noticies\/el-ciclo-de-terror-panic-volvera-a-programar-el-survival-zombie\/","title":{"rendered":"El ciclo de terror P\u00e0nic volver\u00e1 a programar el Survival Zombie"},"content":{"rendered":"<ul>\n<li><strong>Durante un mes y medio se llevar\u00e1n a cabo diversas actividades terror\u00edficas para los i las j\u00f3venes, entre ellas, el Pasaje del Terror, que este a\u00f1o llegar\u00e1 con novedades<\/strong><\/li>\n<\/ul>\n<p><a href=\"https:\/\/mont-roig.cat\/wp-content\/uploads\/PANIC23.jpeg\"><img loading=\"lazy\" decoding=\"async\" class=\"alignright wp-image-72087\" src=\"https:\/\/mont-roig.cat\/wp-content\/uploads\/PANIC23-353x500.jpeg\" alt=\"\" width=\"212\" height=\"300\" srcset=\"https:\/\/mont-roig.cat\/wp-content\/uploads\/PANIC23-353x500.jpeg 353w, https:\/\/mont-roig.cat\/wp-content\/uploads\/PANIC23-724x1024.jpeg 724w, https:\/\/mont-roig.cat\/wp-content\/uploads\/PANIC23-768x1086.jpeg 768w, https:\/\/mont-roig.cat\/wp-content\/uploads\/PANIC23-1086x1536.jpeg 1086w, https:\/\/mont-roig.cat\/wp-content\/uploads\/PANIC23.jpeg 1131w\" sizes=\"auto, (max-width: 212px) 100vw, 212px\" \/><\/a><\/p>\n<p>El ciclo P\u00e0nic 2023, una propuesta que impulsa el Departamento de Juventud del Ayuntamiento de Mont-roig del Camp, llega a su decimotercera edici\u00f3n, con novedades en el Pasaje del terror y consolidando propuestas que han tenido \u00e9xito en ediciones anteriores. La programaci\u00f3n se iniciar\u00e1 a finales de septiembre, con la propuesta Cluedo en vivo, coincidiendo con las fiestas de Sant Miquel y se alargar\u00e1 hasta el 12 de noviembre; en lo que ser\u00e1 un mes y medio lleno de actividades y talleres para j\u00f3venes, y tambi\u00e9n no tan j\u00f3venes.<\/p>\n<p>Entre los platos fuertes cabe destacar el Survival Zombie, que tras el \u00e9xito del pasado a\u00f1o, con casi 500 participantes, volver\u00e1 a llenar las calles de Miami Playa de zombies. Ser\u00e1 el s\u00e1bado 7 de octubre y las entradas para participar ya est\u00e1n a la venta en la web <a href=\"https:\/\/entradas.survivalzombie.es\/miami-platja\" target=\"_blank\" rel=\"noopener\">https:\/\/entradas.survivalzombie.es\/miami-platja<\/a>. Las primeras 300 personas empadronadas en el municipio podr\u00e1n adquirirlas por 7\u20ac.<\/p>\n<p><strong>Pasaje del Terror con horario nocturno<\/strong><\/p>\n<p>Por otra parte, los d\u00edas 20, 21 y 22 de octubre tendr\u00e1 lugar el Pasaje del Terror en el Espai Jove K1 de Mont-roig con diversas novedades. Una tem\u00e1tica diferente que sorprender\u00e1 a todos, horarios especiales para todos los p\u00fablicos, nuevos personajes, efectos sorprendentes&#8230; as\u00ed, este a\u00f1o el viernes y el s\u00e1bado se llevar\u00e1 a cabo en horario nocturno para las personas m\u00e1s atrevidas, y el domingo en horario de tarde para que las familias con ni\u00f1os y ni\u00f1as tambi\u00e9n puedan participar. Pr\u00f3ximamente se pondr\u00e1n a la venta las entradas por un coste de 3\u20ac.<\/p>\n<p>Cabe destacar tambi\u00e9n que el 9, 10, 11 y 12 de noviembre finaliza el P\u00e0nic con el Escape Room en el parque Lil\u00ed \u00c1lvarez de Miami Platja. Bajo el escenario de este parque, se montar\u00e1 un espacio de habitaciones ambientadas en terror, donde los participantes tendr\u00e1n una hora para resolver varias pruebas con su ingenio, y poder salir antes de que se agote el tiempo. Las entradas saldr\u00e1n a 15 \u20ac por grupo y se informar\u00e1 a trav\u00e9s de las redes sociales de Joventut pr\u00f3ximamente.<\/p>\n<p>El ciclo P\u00e0nic, contar\u00e1 como cada a\u00f1o con otras propuestas, talleres, DIY, cine&#8230; que se dar\u00e1n a conocer en los pr\u00f3ximos d\u00edas.<\/p>\n<p>Descarga programa <a href=\"https:\/\/mont-roig.cat\/wp-content\/uploads\/panic-23.pdf\" target=\"_blank\" rel=\"noopener\">en el siguiente enlace. <\/a><\/p>\n","protected":false},"excerpt":{"rendered":"<p>Durante un mes y medio se llevar\u00e1n a cabo diversas actividades terror\u00edficas para los i las j\u00f3venes, entre ellas, el Pasaje del Terror, que este a\u00f1o llegar\u00e1 con novedades El ciclo P\u00e0nic 2023, una propuesta que impulsa el Departamento de Juventud del Ayuntamiento de Mont-roig del Camp, llega a su decimotercera edici\u00f3n, con novedades en [&hellip;]<\/p>\n","protected":false},"author":13,"featured_media":72088,"comment_status":"closed","ping_status":"closed","sticky":false,"template":"","format":"standard","meta":{"inline_featured_image":false,"_monsterinsights_skip_tracking":false,"_monsterinsights_sitenote_active":false,"_monsterinsights_sitenote_note":"","_monsterinsights_sitenote_category":0,"footnotes":""},"categories":[106],"tags":[],"class_list":["post-72090","post","type-post","status-publish","format-standard","has-post-thumbnail","hentry","category-juventud"],"yoast_head":"<!-- This site is optimized with the Yoast SEO plugin v27.4 - https:\/\/yoast.com\/product\/yoast-seo-wordpress\/ -->\n<title>El ciclo de terror P\u00e0nic volver\u00e1 a programar el Survival Zombie - Ajuntament de Mont-roig del Camp<\/title>\n<meta name=\"robots\" content=\"index, follow, max-snippet:-1, max-image-preview:large, max-video-preview:-1\" \/>\n<link rel=\"canonical\" href=\"https:\/\/mont-roig.cat\/es\/actualitat\/noticies\/el-ciclo-de-terror-panic-volvera-a-programar-el-survival-zombie\/\" \/>\n<meta property=\"og:locale\" content=\"es_ES\" \/>\n<meta property=\"og:type\" content=\"article\" \/>\n<meta property=\"og:title\" content=\"El ciclo de terror P\u00e0nic volver\u00e1 a programar el Survival Zombie - Ajuntament de Mont-roig del Camp\" \/>\n<meta property=\"og:description\" content=\"Durante un mes y medio se llevar\u00e1n a cabo diversas actividades terror\u00edficas para los i las j\u00f3venes, entre ellas, el Pasaje del Terror, que este a\u00f1o llegar\u00e1 con novedades El ciclo P\u00e0nic 2023, una propuesta que impulsa el Departamento de Juventud del Ayuntamiento de Mont-roig del Camp, llega a su decimotercera edici\u00f3n, con novedades en [&hellip;]\" \/>\n<meta property=\"og:url\" content=\"https:\/\/mont-roig.cat\/es\/actualitat\/noticies\/el-ciclo-de-terror-panic-volvera-a-programar-el-survival-zombie\/\" \/>\n<meta property=\"og:site_name\" content=\"Ajuntament de Mont-roig del Camp\" \/>\n<meta property=\"article:published_time\" content=\"2023-09-06T11:46:11+00:00\" \/>\n<meta property=\"article:modified_time\" content=\"2023-09-20T09:40:00+00:00\" \/>\n<meta property=\"og:image\" content=\"https:\/\/mont-roig.cat\/wp-content\/uploads\/PANIC23.jpeg\" \/>\n\t<meta property=\"og:image:width\" content=\"1131\" \/>\n\t<meta property=\"og:image:height\" content=\"1600\" \/>\n\t<meta property=\"og:image:type\" content=\"image\/jpeg\" \/>\n<meta name=\"author\" content=\"comunicacio\" \/>\n<meta name=\"twitter:card\" content=\"summary_large_image\" \/>\n<meta name=\"twitter:label1\" content=\"Escrito por\" \/>\n\t<meta name=\"twitter:data1\" content=\"comunicacio\" \/>\n\t<meta name=\"twitter:label2\" content=\"Tiempo de lectura\" \/>\n\t<meta name=\"twitter:data2\" content=\"3 minutos\" \/>\n<script type=\"application\/ld+json\" class=\"yoast-schema-graph\">{\"@context\":\"https:\\\/\\\/schema.org\",\"@graph\":[{\"@type\":\"Article\",\"@id\":\"https:\\\/\\\/mont-roig.cat\\\/es\\\/actualitat\\\/noticies\\\/el-ciclo-de-terror-panic-volvera-a-programar-el-survival-zombie\\\/#article\",\"isPartOf\":{\"@id\":\"https:\\\/\\\/mont-roig.cat\\\/es\\\/actualitat\\\/noticies\\\/el-ciclo-de-terror-panic-volvera-a-programar-el-survival-zombie\\\/\"},\"author\":{\"name\":\"comunicacio\",\"@id\":\"https:\\\/\\\/mont-roig.cat\\\/es\\\/#\\\/schema\\\/person\\\/1f73e7b5e6f9dd122e8a6f14f310ac5e\"},\"headline\":\"El ciclo de terror P\u00e0nic volver\u00e1 a programar el Survival Zombie\",\"datePublished\":\"2023-09-06T11:46:11+00:00\",\"dateModified\":\"2023-09-20T09:40:00+00:00\",\"mainEntityOfPage\":{\"@id\":\"https:\\\/\\\/mont-roig.cat\\\/es\\\/actualitat\\\/noticies\\\/el-ciclo-de-terror-panic-volvera-a-programar-el-survival-zombie\\\/\"},\"wordCount\":430,\"image\":{\"@id\":\"https:\\\/\\\/mont-roig.cat\\\/es\\\/actualitat\\\/noticies\\\/el-ciclo-de-terror-panic-volvera-a-programar-el-survival-zombie\\\/#primaryimage\"},\"thumbnailUrl\":\"https:\\\/\\\/mont-roig.cat\\\/wp-content\\\/uploads\\\/PANIC23.jpeg\",\"articleSection\":[\"Juventud\"],\"inLanguage\":\"es\"},{\"@type\":\"WebPage\",\"@id\":\"https:\\\/\\\/mont-roig.cat\\\/es\\\/actualitat\\\/noticies\\\/el-ciclo-de-terror-panic-volvera-a-programar-el-survival-zombie\\\/\",\"url\":\"https:\\\/\\\/mont-roig.cat\\\/es\\\/actualitat\\\/noticies\\\/el-ciclo-de-terror-panic-volvera-a-programar-el-survival-zombie\\\/\",\"name\":\"El ciclo de terror P\u00e0nic volver\u00e1 a programar el Survival Zombie - Ajuntament de Mont-roig del Camp\",\"isPartOf\":{\"@id\":\"https:\\\/\\\/mont-roig.cat\\\/es\\\/#website\"},\"primaryImageOfPage\":{\"@id\":\"https:\\\/\\\/mont-roig.cat\\\/es\\\/actualitat\\\/noticies\\\/el-ciclo-de-terror-panic-volvera-a-programar-el-survival-zombie\\\/#primaryimage\"},\"image\":{\"@id\":\"https:\\\/\\\/mont-roig.cat\\\/es\\\/actualitat\\\/noticies\\\/el-ciclo-de-terror-panic-volvera-a-programar-el-survival-zombie\\\/#primaryimage\"},\"thumbnailUrl\":\"https:\\\/\\\/mont-roig.cat\\\/wp-content\\\/uploads\\\/PANIC23.jpeg\",\"datePublished\":\"2023-09-06T11:46:11+00:00\",\"dateModified\":\"2023-09-20T09:40:00+00:00\",\"author\":{\"@id\":\"https:\\\/\\\/mont-roig.cat\\\/es\\\/#\\\/schema\\\/person\\\/1f73e7b5e6f9dd122e8a6f14f310ac5e\"},\"breadcrumb\":{\"@id\":\"https:\\\/\\\/mont-roig.cat\\\/es\\\/actualitat\\\/noticies\\\/el-ciclo-de-terror-panic-volvera-a-programar-el-survival-zombie\\\/#breadcrumb\"},\"inLanguage\":\"es\",\"potentialAction\":[{\"@type\":\"ReadAction\",\"target\":[\"https:\\\/\\\/mont-roig.cat\\\/es\\\/actualitat\\\/noticies\\\/el-ciclo-de-terror-panic-volvera-a-programar-el-survival-zombie\\\/\"]}]},{\"@type\":\"ImageObject\",\"inLanguage\":\"es\",\"@id\":\"https:\\\/\\\/mont-roig.cat\\\/es\\\/actualitat\\\/noticies\\\/el-ciclo-de-terror-panic-volvera-a-programar-el-survival-zombie\\\/#primaryimage\",\"url\":\"https:\\\/\\\/mont-roig.cat\\\/wp-content\\\/uploads\\\/PANIC23.jpeg\",\"contentUrl\":\"https:\\\/\\\/mont-roig.cat\\\/wp-content\\\/uploads\\\/PANIC23.jpeg\",\"width\":1131,\"height\":1600},{\"@type\":\"BreadcrumbList\",\"@id\":\"https:\\\/\\\/mont-roig.cat\\\/es\\\/actualitat\\\/noticies\\\/el-ciclo-de-terror-panic-volvera-a-programar-el-survival-zombie\\\/#breadcrumb\",\"itemListElement\":[{\"@type\":\"ListItem\",\"position\":1,\"name\":\"Inici\",\"item\":\"https:\\\/\\\/mont-roig.cat\\\/es\\\/pagina-de-inicio\\\/\"},{\"@type\":\"ListItem\",\"position\":2,\"name\":\"El ciclo de terror P\u00e0nic volver\u00e1 a programar el Survival Zombie\"}]},{\"@type\":\"WebSite\",\"@id\":\"https:\\\/\\\/mont-roig.cat\\\/es\\\/#website\",\"url\":\"https:\\\/\\\/mont-roig.cat\\\/es\\\/\",\"name\":\"Ajuntament de Mont-roig del Camp\",\"description\":\"Tota la informaci\u00f3 sobre la instituci\u00f3, els seus \u00f2rgans de govern, actualitat, serveis i molt m\u00e9s.\",\"potentialAction\":[{\"@type\":\"SearchAction\",\"target\":{\"@type\":\"EntryPoint\",\"urlTemplate\":\"https:\\\/\\\/mont-roig.cat\\\/es\\\/?s={search_term_string}\"},\"query-input\":{\"@type\":\"PropertyValueSpecification\",\"valueRequired\":true,\"valueName\":\"search_term_string\"}}],\"inLanguage\":\"es\"},{\"@type\":\"Person\",\"@id\":\"https:\\\/\\\/mont-roig.cat\\\/es\\\/#\\\/schema\\\/person\\\/1f73e7b5e6f9dd122e8a6f14f310ac5e\",\"name\":\"comunicacio\",\"image\":{\"@type\":\"ImageObject\",\"inLanguage\":\"es\",\"@id\":\"https:\\\/\\\/secure.gravatar.com\\\/avatar\\\/98944333e7a877670a64f8d10f0cb680ab2c9ebc4efc43945ef004b52b5ad28c?s=96&d=mm&r=g\",\"url\":\"https:\\\/\\\/secure.gravatar.com\\\/avatar\\\/98944333e7a877670a64f8d10f0cb680ab2c9ebc4efc43945ef004b52b5ad28c?s=96&d=mm&r=g\",\"contentUrl\":\"https:\\\/\\\/secure.gravatar.com\\\/avatar\\\/98944333e7a877670a64f8d10f0cb680ab2c9ebc4efc43945ef004b52b5ad28c?s=96&d=mm&r=g\",\"caption\":\"comunicacio\"},\"url\":\"https:\\\/\\\/mont-roig.cat\\\/es\\\/actualitat\\\/noticies\\\/author\\\/comunicacio\\\/\"}]}<\/script>\n<!-- \/ Yoast SEO plugin. -->","yoast_head_json":{"title":"El ciclo de terror P\u00e0nic volver\u00e1 a programar el Survival Zombie - Ajuntament de Mont-roig del Camp","robots":{"index":"index","follow":"follow","max-snippet":"max-snippet:-1","max-image-preview":"max-image-preview:large","max-video-preview":"max-video-preview:-1"},"canonical":"https:\/\/mont-roig.cat\/es\/actualitat\/noticies\/el-ciclo-de-terror-panic-volvera-a-programar-el-survival-zombie\/","og_locale":"es_ES","og_type":"article","og_title":"El ciclo de terror P\u00e0nic volver\u00e1 a programar el Survival Zombie - Ajuntament de Mont-roig del Camp","og_description":"Durante un mes y medio se llevar\u00e1n a cabo diversas actividades terror\u00edficas para los i las j\u00f3venes, entre ellas, el Pasaje del Terror, que este a\u00f1o llegar\u00e1 con novedades El ciclo P\u00e0nic 2023, una propuesta que impulsa el Departamento de Juventud del Ayuntamiento de Mont-roig del Camp, llega a su decimotercera edici\u00f3n, con novedades en [&hellip;]","og_url":"https:\/\/mont-roig.cat\/es\/actualitat\/noticies\/el-ciclo-de-terror-panic-volvera-a-programar-el-survival-zombie\/","og_site_name":"Ajuntament de Mont-roig del Camp","article_published_time":"2023-09-06T11:46:11+00:00","article_modified_time":"2023-09-20T09:40:00+00:00","og_image":[{"width":1131,"height":1600,"url":"https:\/\/mont-roig.cat\/wp-content\/uploads\/PANIC23.jpeg","type":"image\/jpeg"}],"author":"comunicacio","twitter_card":"summary_large_image","twitter_misc":{"Escrito por":"comunicacio","Tiempo de lectura":"3 minutos"},"schema":{"@context":"https:\/\/schema.org","@graph":[{"@type":"Article","@id":"https:\/\/mont-roig.cat\/es\/actualitat\/noticies\/el-ciclo-de-terror-panic-volvera-a-programar-el-survival-zombie\/#article","isPartOf":{"@id":"https:\/\/mont-roig.cat\/es\/actualitat\/noticies\/el-ciclo-de-terror-panic-volvera-a-programar-el-survival-zombie\/"},"author":{"name":"comunicacio","@id":"https:\/\/mont-roig.cat\/es\/#\/schema\/person\/1f73e7b5e6f9dd122e8a6f14f310ac5e"},"headline":"El ciclo de terror P\u00e0nic volver\u00e1 a programar el Survival Zombie","datePublished":"2023-09-06T11:46:11+00:00","dateModified":"2023-09-20T09:40:00+00:00","mainEntityOfPage":{"@id":"https:\/\/mont-roig.cat\/es\/actualitat\/noticies\/el-ciclo-de-terror-panic-volvera-a-programar-el-survival-zombie\/"},"wordCount":430,"image":{"@id":"https:\/\/mont-roig.cat\/es\/actualitat\/noticies\/el-ciclo-de-terror-panic-volvera-a-programar-el-survival-zombie\/#primaryimage"},"thumbnailUrl":"https:\/\/mont-roig.cat\/wp-content\/uploads\/PANIC23.jpeg","articleSection":["Juventud"],"inLanguage":"es"},{"@type":"WebPage","@id":"https:\/\/mont-roig.cat\/es\/actualitat\/noticies\/el-ciclo-de-terror-panic-volvera-a-programar-el-survival-zombie\/","url":"https:\/\/mont-roig.cat\/es\/actualitat\/noticies\/el-ciclo-de-terror-panic-volvera-a-programar-el-survival-zombie\/","name":"El ciclo de terror P\u00e0nic volver\u00e1 a programar el Survival Zombie - Ajuntament de Mont-roig del Camp","isPartOf":{"@id":"https:\/\/mont-roig.cat\/es\/#website"},"primaryImageOfPage":{"@id":"https:\/\/mont-roig.cat\/es\/actualitat\/noticies\/el-ciclo-de-terror-panic-volvera-a-programar-el-survival-zombie\/#primaryimage"},"image":{"@id":"https:\/\/mont-roig.cat\/es\/actualitat\/noticies\/el-ciclo-de-terror-panic-volvera-a-programar-el-survival-zombie\/#primaryimage"},"thumbnailUrl":"https:\/\/mont-roig.cat\/wp-content\/uploads\/PANIC23.jpeg","datePublished":"2023-09-06T11:46:11+00:00","dateModified":"2023-09-20T09:40:00+00:00","author":{"@id":"https:\/\/mont-roig.cat\/es\/#\/schema\/person\/1f73e7b5e6f9dd122e8a6f14f310ac5e"},"breadcrumb":{"@id":"https:\/\/mont-roig.cat\/es\/actualitat\/noticies\/el-ciclo-de-terror-panic-volvera-a-programar-el-survival-zombie\/#breadcrumb"},"inLanguage":"es","potentialAction":[{"@type":"ReadAction","target":["https:\/\/mont-roig.cat\/es\/actualitat\/noticies\/el-ciclo-de-terror-panic-volvera-a-programar-el-survival-zombie\/"]}]},{"@type":"ImageObject","inLanguage":"es","@id":"https:\/\/mont-roig.cat\/es\/actualitat\/noticies\/el-ciclo-de-terror-panic-volvera-a-programar-el-survival-zombie\/#primaryimage","url":"https:\/\/mont-roig.cat\/wp-content\/uploads\/PANIC23.jpeg","contentUrl":"https:\/\/mont-roig.cat\/wp-content\/uploads\/PANIC23.jpeg","width":1131,"height":1600},{"@type":"BreadcrumbList","@id":"https:\/\/mont-roig.cat\/es\/actualitat\/noticies\/el-ciclo-de-terror-panic-volvera-a-programar-el-survival-zombie\/#breadcrumb","itemListElement":[{"@type":"ListItem","position":1,"name":"Inici","item":"https:\/\/mont-roig.cat\/es\/pagina-de-inicio\/"},{"@type":"ListItem","position":2,"name":"El ciclo de terror P\u00e0nic volver\u00e1 a programar el Survival Zombie"}]},{"@type":"WebSite","@id":"https:\/\/mont-roig.cat\/es\/#website","url":"https:\/\/mont-roig.cat\/es\/","name":"Ajuntament de Mont-roig del Camp","description":"Tota la informaci\u00f3 sobre la instituci\u00f3, els seus \u00f2rgans de govern, actualitat, serveis i molt m\u00e9s.","potentialAction":[{"@type":"SearchAction","target":{"@type":"EntryPoint","urlTemplate":"https:\/\/mont-roig.cat\/es\/?s={search_term_string}"},"query-input":{"@type":"PropertyValueSpecification","valueRequired":true,"valueName":"search_term_string"}}],"inLanguage":"es"},{"@type":"Person","@id":"https:\/\/mont-roig.cat\/es\/#\/schema\/person\/1f73e7b5e6f9dd122e8a6f14f310ac5e","name":"comunicacio","image":{"@type":"ImageObject","inLanguage":"es","@id":"https:\/\/secure.gravatar.com\/avatar\/98944333e7a877670a64f8d10f0cb680ab2c9ebc4efc43945ef004b52b5ad28c?s=96&d=mm&r=g","url":"https:\/\/secure.gravatar.com\/avatar\/98944333e7a877670a64f8d10f0cb680ab2c9ebc4efc43945ef004b52b5ad28c?s=96&d=mm&r=g","contentUrl":"https:\/\/secure.gravatar.com\/avatar\/98944333e7a877670a64f8d10f0cb680ab2c9ebc4efc43945ef004b52b5ad28c?s=96&d=mm&r=g","caption":"comunicacio"},"url":"https:\/\/mont-roig.cat\/es\/actualitat\/noticies\/author\/comunicacio\/"}]}},"_links":{"self":[{"href":"https:\/\/mont-roig.cat\/es\/wp-json\/wp\/v2\/posts\/72090","targetHints":{"allow":["GET"]}}],"collection":[{"href":"https:\/\/mont-roig.cat\/es\/wp-json\/wp\/v2\/posts"}],"about":[{"href":"https:\/\/mont-roig.cat\/es\/wp-json\/wp\/v2\/types\/post"}],"author":[{"embeddable":true,"href":"https:\/\/mont-roig.cat\/es\/wp-json\/wp\/v2\/users\/13"}],"replies":[{"embeddable":true,"href":"https:\/\/mont-roig.cat\/es\/wp-json\/wp\/v2\/comments?post=72090"}],"version-history":[{"count":5,"href":"https:\/\/mont-roig.cat\/es\/wp-json\/wp\/v2\/posts\/72090\/revisions"}],"predecessor-version":[{"id":72381,"href":"https:\/\/mont-roig.cat\/es\/wp-json\/wp\/v2\/posts\/72090\/revisions\/72381"}],"wp:featuredmedia":[{"embeddable":true,"href":"https:\/\/mont-roig.cat\/es\/wp-json\/wp\/v2\/media\/72088"}],"wp:attachment":[{"href":"https:\/\/mont-roig.cat\/es\/wp-json\/wp\/v2\/media?parent=72090"}],"wp:term":[{"taxonomy":"category","embeddable":true,"href":"https:\/\/mont-roig.cat\/es\/wp-json\/wp\/v2\/categories?post=72090"},{"taxonomy":"post_tag","embeddable":true,"href":"https:\/\/mont-roig.cat\/es\/wp-json\/wp\/v2\/tags?post=72090"}],"curies":[{"name":"wp","href":"https:\/\/api.w.org\/{rel}","templated":true}]}}