{"id":72190,"date":"2023-09-14T10:14:26","date_gmt":"2023-09-14T08:14:26","guid":{"rendered":"https:\/\/mont-roig.cat\/actualitat\/noticies\/the-tyets-i-lildami-plats-forts-de-la-festa-major-de-sant-miquel-de-mont-roig-del-camp\/"},"modified":"2023-09-14T10:19:46","modified_gmt":"2023-09-14T08:19:46","slug":"the-tyets-y-lildami-platos-fuertes-de-la-fiesta-mayor-de-san-miguel-de-mont-roig-del-camp","status":"publish","type":"post","link":"https:\/\/mont-roig.cat\/es\/actualitat\/noticies\/the-tyets-y-lildami-platos-fuertes-de-la-fiesta-mayor-de-san-miguel-de-mont-roig-del-camp\/","title":{"rendered":"The Tyets y Lildami, platos fuertes de la Fiesta Mayor de Sant Miquel de Mont-roig del Camp"},"content":{"rendered":"<ul>\n<li><strong><a href=\"https:\/\/mont-roig.cat\/wp-content\/uploads\/WhatsApp-Image-2023-09-14-at-10.11.29-2.jpeg\" target=\"_blank\" rel=\"noopener\"><img loading=\"lazy\" decoding=\"async\" class=\"alignright wp-image-72186\" src=\"https:\/\/mont-roig.cat\/wp-content\/uploads\/WhatsApp-Image-2023-09-14-at-10.11.29-2-352x500.jpeg\" alt=\"\" width=\"307\" height=\"436\" srcset=\"https:\/\/mont-roig.cat\/wp-content\/uploads\/WhatsApp-Image-2023-09-14-at-10.11.29-2-352x500.jpeg 352w, https:\/\/mont-roig.cat\/wp-content\/uploads\/WhatsApp-Image-2023-09-14-at-10.11.29-2-721x1024.jpeg 721w, https:\/\/mont-roig.cat\/wp-content\/uploads\/WhatsApp-Image-2023-09-14-at-10.11.29-2-768x1091.jpeg 768w, https:\/\/mont-roig.cat\/wp-content\/uploads\/WhatsApp-Image-2023-09-14-at-10.11.29-2.jpeg 942w\" sizes=\"auto, (max-width: 307px) 100vw, 307px\" \/><\/a>El concierto joven de la noche del s\u00e1bado 30 de septiembre destaca entre la treintena de actos populares y festivos que tendr\u00e1n lugar del 28 de septiembre al d\u00eda 1 de octubre<\/strong><\/li>\n<li><strong>Esta fiesta mayor tambi\u00e9n recupera el castillo de fuegos artificiales y el correfoc que tuvieron que suspenderse por el alto riesgo de incendio de la \u00faltima edici\u00f3n de la Feria de Mont-roig<\/strong><\/li>\n<\/ul>\n<p>El concierto joven con The Tyets y Lildami de la noche del s\u00e1bado 30 de septiembre es uno de los platos fuertes de la Fiesta Mayor de Sant Miquel de Mont-roig del Camp que tendr\u00e1 lugar entre los d\u00edas 28 de septiembre y 1 de octubre. En total se ofrecer\u00e1n una treintena de actos festivos, populares y tradicionales organizados directamente por el Ayuntamiento o por las entidades culturales, festivas y deportivas del municipio.<\/p>\n<p>Aparte de estos conciertos, tambi\u00e9n destaca la nueva propuesta para j\u00f3venes, el Festival Ingenium, donde los j\u00f3venes podr\u00e1n mostrar su talento (inscripciones abiertas a <a href=\"mailto:joventut@mont-roig.cat\" target=\"_blank\" rel=\"noopener\">joventut@mont-roig.cat<\/a>), acto que contar\u00e1 tambi\u00e9n con un DJ; el tradicional baile y concierto con la orquesta Saturno; la funci\u00f3n de teatro <em>Cunyades<\/em>, las diferentes sesiones previstas de Damas y Viejos, las actividades deportivas (partidos de f\u00fatbol, de baloncesto, carreras, salidas a la monta\u00f1a), o el Mercado de Sant Miquel, con puestos y productos de artesan\u00eda , entre otros.<\/p>\n<p>En esta ocasi\u00f3n, la Fiesta Mayor de Sant Miquel servir\u00e1 para recuperar el correfoc y el castillo de fuegos artificiales que deb\u00eda hacerse por la Fira y que tuvo que suspenderse por el alto riesgo de incendio que hab\u00eda en aquellos momentos en buena parte del pa\u00eds. En concreto el castillo de fuegos se realizar\u00e1 el domingo 1 a partir de las diez de la noche y el correfoc con los diablos de Vandell\u00f2s tendr\u00e1 lugar el viernes 29 a partir de las 22h.<\/p>\n<p>El programa completo se puede consultar <a href=\"https:\/\/mont-roig.cat\/wp-content\/uploads\/FM_SANT_MIQUEL_PROGRAMA23.pdf\" target=\"_blank\" rel=\"noopener\">en este enlace.<\/a><\/p>\n<p><strong>Preg\u00f3n de la Fiesta Mayor<\/strong><br \/>\nEste a\u00f1o, el preg\u00f3n de la Fiesta Mayor ir\u00e1 a cargo de la mont-rogenca Marcel\u00b7la Aguil\u00f3 Jordi; fot\u00f3grafa, empresaria y vinculada con el tejido asociativo local. Ser\u00e1 el jueves 28 a partir de las 20h en el parque Maria Martori. Despu\u00e9s habr\u00e1 un baile de gigantes y coca\u00a0 y cava para los asistentes<\/p>\n<p><strong>Entradas anticipadas:<\/strong><br \/>\nLas entradas para el concierto que los grupos musicales The Tyets y Lildami ofrecer\u00e1n el 30 de septiembre a partir de las doce de la noche en la carpa de las fiestas se pueden adquirir en la web <a href=\"http:\/\/www.montroigfest.cat\" target=\"_blank\" rel=\"noopener\">www.montroigfest.cat<\/a> hasta agotar las localidades disponibles. En la misma plataforma se pueden adquirir tambi\u00e9n las entradas por la obra teatral &#8216;Cunyades&#8217;, dirigida y escrita por Ramon Grau, que se representar\u00e1 el d\u00eda 1 de octubre a las 19 h.<\/p>\n<p>Para el concierto de The Tyets los menores de 10 a\u00f1os no pagar\u00e1n entrada. Por otra parte, todos los menores de 16 a\u00f1os tendr\u00e1n que acceder al recinto acompa\u00f1ados de su padre o madre o tutor legal y la hoja acreditativa impresa que se pueden descargar en la web <a href=\"http:\/\/www.montroigfest.cat\/\" target=\"_blank\" rel=\"noopener\">www.montroigfest.cat<\/a>.<\/p>\n","protected":false},"excerpt":{"rendered":"<p>El concierto joven de la noche del s\u00e1bado 30 de septiembre destaca entre la treintena de actos populares y festivos que tendr\u00e1n lugar del 28 de septiembre al d\u00eda 1 de octubre Esta fiesta mayor tambi\u00e9n recupera el castillo de fuegos artificiales y el correfoc que tuvieron que suspenderse por el alto riesgo de incendio [&hellip;]<\/p>\n","protected":false},"author":13,"featured_media":72181,"comment_status":"closed","ping_status":"closed","sticky":false,"template":"","format":"standard","meta":{"inline_featured_image":false,"_monsterinsights_skip_tracking":false,"_monsterinsights_sitenote_active":false,"_monsterinsights_sitenote_note":"","_monsterinsights_sitenote_category":0,"footnotes":""},"categories":[98,105],"tags":[],"class_list":["post-72190","post","type-post","status-publish","format-standard","has-post-thumbnail","hentry","category-ayuntamiento","category-fiestas"],"yoast_head":"<!-- This site is optimized with the Yoast SEO plugin v27.4 - https:\/\/yoast.com\/product\/yoast-seo-wordpress\/ -->\n<title>The Tyets y Lildami, platos fuertes de la Fiesta Mayor de Sant Miquel de Mont-roig del Camp - Ajuntament de Mont-roig del Camp<\/title>\n<meta name=\"robots\" content=\"index, follow, max-snippet:-1, max-image-preview:large, max-video-preview:-1\" \/>\n<link rel=\"canonical\" href=\"https:\/\/mont-roig.cat\/es\/actualitat\/noticies\/the-tyets-y-lildami-platos-fuertes-de-la-fiesta-mayor-de-san-miguel-de-mont-roig-del-camp\/\" \/>\n<meta property=\"og:locale\" content=\"es_ES\" \/>\n<meta property=\"og:type\" content=\"article\" \/>\n<meta property=\"og:title\" content=\"The Tyets y Lildami, platos fuertes de la Fiesta Mayor de Sant Miquel de Mont-roig del Camp - Ajuntament de Mont-roig del Camp\" \/>\n<meta property=\"og:description\" content=\"El concierto joven de la noche del s\u00e1bado 30 de septiembre destaca entre la treintena de actos populares y festivos que tendr\u00e1n lugar del 28 de septiembre al d\u00eda 1 de octubre Esta fiesta mayor tambi\u00e9n recupera el castillo de fuegos artificiales y el correfoc que tuvieron que suspenderse por el alto riesgo de incendio [&hellip;]\" \/>\n<meta property=\"og:url\" content=\"https:\/\/mont-roig.cat\/es\/actualitat\/noticies\/the-tyets-y-lildami-platos-fuertes-de-la-fiesta-mayor-de-san-miguel-de-mont-roig-del-camp\/\" \/>\n<meta property=\"og:site_name\" content=\"Ajuntament de Mont-roig del Camp\" \/>\n<meta property=\"article:published_time\" content=\"2023-09-14T08:14:26+00:00\" \/>\n<meta property=\"article:modified_time\" content=\"2023-09-14T08:19:46+00:00\" \/>\n<meta property=\"og:image\" content=\"https:\/\/mont-roig.cat\/wp-content\/uploads\/MM_NOTI_FACE_SantMiquel23_.png\" \/>\n\t<meta property=\"og:image:width\" content=\"2500\" \/>\n\t<meta property=\"og:image:height\" content=\"1309\" \/>\n\t<meta property=\"og:image:type\" content=\"image\/png\" \/>\n<meta name=\"author\" content=\"comunicacio\" \/>\n<meta name=\"twitter:card\" content=\"summary_large_image\" \/>\n<meta name=\"twitter:label1\" content=\"Escrito por\" \/>\n\t<meta name=\"twitter:data1\" content=\"comunicacio\" \/>\n\t<meta name=\"twitter:label2\" content=\"Tiempo de lectura\" \/>\n\t<meta name=\"twitter:data2\" content=\"3 minutos\" \/>\n<script type=\"application\/ld+json\" class=\"yoast-schema-graph\">{\"@context\":\"https:\\\/\\\/schema.org\",\"@graph\":[{\"@type\":\"Article\",\"@id\":\"https:\\\/\\\/mont-roig.cat\\\/es\\\/actualitat\\\/noticies\\\/the-tyets-y-lildami-platos-fuertes-de-la-fiesta-mayor-de-san-miguel-de-mont-roig-del-camp\\\/#article\",\"isPartOf\":{\"@id\":\"https:\\\/\\\/mont-roig.cat\\\/es\\\/actualitat\\\/noticies\\\/the-tyets-y-lildami-platos-fuertes-de-la-fiesta-mayor-de-san-miguel-de-mont-roig-del-camp\\\/\"},\"author\":{\"name\":\"comunicacio\",\"@id\":\"https:\\\/\\\/mont-roig.cat\\\/es\\\/#\\\/schema\\\/person\\\/1f73e7b5e6f9dd122e8a6f14f310ac5e\"},\"headline\":\"The Tyets y Lildami, platos fuertes de la Fiesta Mayor de Sant Miquel de Mont-roig del Camp\",\"datePublished\":\"2023-09-14T08:14:26+00:00\",\"dateModified\":\"2023-09-14T08:19:46+00:00\",\"mainEntityOfPage\":{\"@id\":\"https:\\\/\\\/mont-roig.cat\\\/es\\\/actualitat\\\/noticies\\\/the-tyets-y-lildami-platos-fuertes-de-la-fiesta-mayor-de-san-miguel-de-mont-roig-del-camp\\\/\"},\"wordCount\":543,\"image\":{\"@id\":\"https:\\\/\\\/mont-roig.cat\\\/es\\\/actualitat\\\/noticies\\\/the-tyets-y-lildami-platos-fuertes-de-la-fiesta-mayor-de-san-miguel-de-mont-roig-del-camp\\\/#primaryimage\"},\"thumbnailUrl\":\"https:\\\/\\\/mont-roig.cat\\\/wp-content\\\/uploads\\\/MM_NOTI_FACE_SantMiquel23_.png\",\"articleSection\":[\"Ayuntamiento\",\"Festes\"],\"inLanguage\":\"es\"},{\"@type\":\"WebPage\",\"@id\":\"https:\\\/\\\/mont-roig.cat\\\/es\\\/actualitat\\\/noticies\\\/the-tyets-y-lildami-platos-fuertes-de-la-fiesta-mayor-de-san-miguel-de-mont-roig-del-camp\\\/\",\"url\":\"https:\\\/\\\/mont-roig.cat\\\/es\\\/actualitat\\\/noticies\\\/the-tyets-y-lildami-platos-fuertes-de-la-fiesta-mayor-de-san-miguel-de-mont-roig-del-camp\\\/\",\"name\":\"The Tyets y Lildami, platos fuertes de la Fiesta Mayor de Sant Miquel de Mont-roig del Camp - Ajuntament de Mont-roig del Camp\",\"isPartOf\":{\"@id\":\"https:\\\/\\\/mont-roig.cat\\\/es\\\/#website\"},\"primaryImageOfPage\":{\"@id\":\"https:\\\/\\\/mont-roig.cat\\\/es\\\/actualitat\\\/noticies\\\/the-tyets-y-lildami-platos-fuertes-de-la-fiesta-mayor-de-san-miguel-de-mont-roig-del-camp\\\/#primaryimage\"},\"image\":{\"@id\":\"https:\\\/\\\/mont-roig.cat\\\/es\\\/actualitat\\\/noticies\\\/the-tyets-y-lildami-platos-fuertes-de-la-fiesta-mayor-de-san-miguel-de-mont-roig-del-camp\\\/#primaryimage\"},\"thumbnailUrl\":\"https:\\\/\\\/mont-roig.cat\\\/wp-content\\\/uploads\\\/MM_NOTI_FACE_SantMiquel23_.png\",\"datePublished\":\"2023-09-14T08:14:26+00:00\",\"dateModified\":\"2023-09-14T08:19:46+00:00\",\"author\":{\"@id\":\"https:\\\/\\\/mont-roig.cat\\\/es\\\/#\\\/schema\\\/person\\\/1f73e7b5e6f9dd122e8a6f14f310ac5e\"},\"breadcrumb\":{\"@id\":\"https:\\\/\\\/mont-roig.cat\\\/es\\\/actualitat\\\/noticies\\\/the-tyets-y-lildami-platos-fuertes-de-la-fiesta-mayor-de-san-miguel-de-mont-roig-del-camp\\\/#breadcrumb\"},\"inLanguage\":\"es\",\"potentialAction\":[{\"@type\":\"ReadAction\",\"target\":[\"https:\\\/\\\/mont-roig.cat\\\/es\\\/actualitat\\\/noticies\\\/the-tyets-y-lildami-platos-fuertes-de-la-fiesta-mayor-de-san-miguel-de-mont-roig-del-camp\\\/\"]}]},{\"@type\":\"ImageObject\",\"inLanguage\":\"es\",\"@id\":\"https:\\\/\\\/mont-roig.cat\\\/es\\\/actualitat\\\/noticies\\\/the-tyets-y-lildami-platos-fuertes-de-la-fiesta-mayor-de-san-miguel-de-mont-roig-del-camp\\\/#primaryimage\",\"url\":\"https:\\\/\\\/mont-roig.cat\\\/wp-content\\\/uploads\\\/MM_NOTI_FACE_SantMiquel23_.png\",\"contentUrl\":\"https:\\\/\\\/mont-roig.cat\\\/wp-content\\\/uploads\\\/MM_NOTI_FACE_SantMiquel23_.png\",\"width\":2500,\"height\":1309},{\"@type\":\"BreadcrumbList\",\"@id\":\"https:\\\/\\\/mont-roig.cat\\\/es\\\/actualitat\\\/noticies\\\/the-tyets-y-lildami-platos-fuertes-de-la-fiesta-mayor-de-san-miguel-de-mont-roig-del-camp\\\/#breadcrumb\",\"itemListElement\":[{\"@type\":\"ListItem\",\"position\":1,\"name\":\"Inici\",\"item\":\"https:\\\/\\\/mont-roig.cat\\\/es\\\/pagina-de-inicio\\\/\"},{\"@type\":\"ListItem\",\"position\":2,\"name\":\"The Tyets y Lildami, platos fuertes de la Fiesta Mayor de Sant Miquel de Mont-roig del Camp\"}]},{\"@type\":\"WebSite\",\"@id\":\"https:\\\/\\\/mont-roig.cat\\\/es\\\/#website\",\"url\":\"https:\\\/\\\/mont-roig.cat\\\/es\\\/\",\"name\":\"Ajuntament de Mont-roig del Camp\",\"description\":\"Tota la informaci\u00f3 sobre la instituci\u00f3, els seus \u00f2rgans de govern, actualitat, serveis i molt m\u00e9s.\",\"potentialAction\":[{\"@type\":\"SearchAction\",\"target\":{\"@type\":\"EntryPoint\",\"urlTemplate\":\"https:\\\/\\\/mont-roig.cat\\\/es\\\/?s={search_term_string}\"},\"query-input\":{\"@type\":\"PropertyValueSpecification\",\"valueRequired\":true,\"valueName\":\"search_term_string\"}}],\"inLanguage\":\"es\"},{\"@type\":\"Person\",\"@id\":\"https:\\\/\\\/mont-roig.cat\\\/es\\\/#\\\/schema\\\/person\\\/1f73e7b5e6f9dd122e8a6f14f310ac5e\",\"name\":\"comunicacio\",\"image\":{\"@type\":\"ImageObject\",\"inLanguage\":\"es\",\"@id\":\"https:\\\/\\\/secure.gravatar.com\\\/avatar\\\/98944333e7a877670a64f8d10f0cb680ab2c9ebc4efc43945ef004b52b5ad28c?s=96&d=mm&r=g\",\"url\":\"https:\\\/\\\/secure.gravatar.com\\\/avatar\\\/98944333e7a877670a64f8d10f0cb680ab2c9ebc4efc43945ef004b52b5ad28c?s=96&d=mm&r=g\",\"contentUrl\":\"https:\\\/\\\/secure.gravatar.com\\\/avatar\\\/98944333e7a877670a64f8d10f0cb680ab2c9ebc4efc43945ef004b52b5ad28c?s=96&d=mm&r=g\",\"caption\":\"comunicacio\"},\"url\":\"https:\\\/\\\/mont-roig.cat\\\/es\\\/actualitat\\\/noticies\\\/author\\\/comunicacio\\\/\"}]}<\/script>\n<!-- \/ Yoast SEO plugin. -->","yoast_head_json":{"title":"The Tyets y Lildami, platos fuertes de la Fiesta Mayor de Sant Miquel de Mont-roig del Camp - Ajuntament de Mont-roig del Camp","robots":{"index":"index","follow":"follow","max-snippet":"max-snippet:-1","max-image-preview":"max-image-preview:large","max-video-preview":"max-video-preview:-1"},"canonical":"https:\/\/mont-roig.cat\/es\/actualitat\/noticies\/the-tyets-y-lildami-platos-fuertes-de-la-fiesta-mayor-de-san-miguel-de-mont-roig-del-camp\/","og_locale":"es_ES","og_type":"article","og_title":"The Tyets y Lildami, platos fuertes de la Fiesta Mayor de Sant Miquel de Mont-roig del Camp - Ajuntament de Mont-roig del Camp","og_description":"El concierto joven de la noche del s\u00e1bado 30 de septiembre destaca entre la treintena de actos populares y festivos que tendr\u00e1n lugar del 28 de septiembre al d\u00eda 1 de octubre Esta fiesta mayor tambi\u00e9n recupera el castillo de fuegos artificiales y el correfoc que tuvieron que suspenderse por el alto riesgo de incendio [&hellip;]","og_url":"https:\/\/mont-roig.cat\/es\/actualitat\/noticies\/the-tyets-y-lildami-platos-fuertes-de-la-fiesta-mayor-de-san-miguel-de-mont-roig-del-camp\/","og_site_name":"Ajuntament de Mont-roig del Camp","article_published_time":"2023-09-14T08:14:26+00:00","article_modified_time":"2023-09-14T08:19:46+00:00","og_image":[{"width":2500,"height":1309,"url":"https:\/\/mont-roig.cat\/wp-content\/uploads\/MM_NOTI_FACE_SantMiquel23_.png","type":"image\/png"}],"author":"comunicacio","twitter_card":"summary_large_image","twitter_misc":{"Escrito por":"comunicacio","Tiempo de lectura":"3 minutos"},"schema":{"@context":"https:\/\/schema.org","@graph":[{"@type":"Article","@id":"https:\/\/mont-roig.cat\/es\/actualitat\/noticies\/the-tyets-y-lildami-platos-fuertes-de-la-fiesta-mayor-de-san-miguel-de-mont-roig-del-camp\/#article","isPartOf":{"@id":"https:\/\/mont-roig.cat\/es\/actualitat\/noticies\/the-tyets-y-lildami-platos-fuertes-de-la-fiesta-mayor-de-san-miguel-de-mont-roig-del-camp\/"},"author":{"name":"comunicacio","@id":"https:\/\/mont-roig.cat\/es\/#\/schema\/person\/1f73e7b5e6f9dd122e8a6f14f310ac5e"},"headline":"The Tyets y Lildami, platos fuertes de la Fiesta Mayor de Sant Miquel de Mont-roig del Camp","datePublished":"2023-09-14T08:14:26+00:00","dateModified":"2023-09-14T08:19:46+00:00","mainEntityOfPage":{"@id":"https:\/\/mont-roig.cat\/es\/actualitat\/noticies\/the-tyets-y-lildami-platos-fuertes-de-la-fiesta-mayor-de-san-miguel-de-mont-roig-del-camp\/"},"wordCount":543,"image":{"@id":"https:\/\/mont-roig.cat\/es\/actualitat\/noticies\/the-tyets-y-lildami-platos-fuertes-de-la-fiesta-mayor-de-san-miguel-de-mont-roig-del-camp\/#primaryimage"},"thumbnailUrl":"https:\/\/mont-roig.cat\/wp-content\/uploads\/MM_NOTI_FACE_SantMiquel23_.png","articleSection":["Ayuntamiento","Festes"],"inLanguage":"es"},{"@type":"WebPage","@id":"https:\/\/mont-roig.cat\/es\/actualitat\/noticies\/the-tyets-y-lildami-platos-fuertes-de-la-fiesta-mayor-de-san-miguel-de-mont-roig-del-camp\/","url":"https:\/\/mont-roig.cat\/es\/actualitat\/noticies\/the-tyets-y-lildami-platos-fuertes-de-la-fiesta-mayor-de-san-miguel-de-mont-roig-del-camp\/","name":"The Tyets y Lildami, platos fuertes de la Fiesta Mayor de Sant Miquel de Mont-roig del Camp - Ajuntament de Mont-roig del Camp","isPartOf":{"@id":"https:\/\/mont-roig.cat\/es\/#website"},"primaryImageOfPage":{"@id":"https:\/\/mont-roig.cat\/es\/actualitat\/noticies\/the-tyets-y-lildami-platos-fuertes-de-la-fiesta-mayor-de-san-miguel-de-mont-roig-del-camp\/#primaryimage"},"image":{"@id":"https:\/\/mont-roig.cat\/es\/actualitat\/noticies\/the-tyets-y-lildami-platos-fuertes-de-la-fiesta-mayor-de-san-miguel-de-mont-roig-del-camp\/#primaryimage"},"thumbnailUrl":"https:\/\/mont-roig.cat\/wp-content\/uploads\/MM_NOTI_FACE_SantMiquel23_.png","datePublished":"2023-09-14T08:14:26+00:00","dateModified":"2023-09-14T08:19:46+00:00","author":{"@id":"https:\/\/mont-roig.cat\/es\/#\/schema\/person\/1f73e7b5e6f9dd122e8a6f14f310ac5e"},"breadcrumb":{"@id":"https:\/\/mont-roig.cat\/es\/actualitat\/noticies\/the-tyets-y-lildami-platos-fuertes-de-la-fiesta-mayor-de-san-miguel-de-mont-roig-del-camp\/#breadcrumb"},"inLanguage":"es","potentialAction":[{"@type":"ReadAction","target":["https:\/\/mont-roig.cat\/es\/actualitat\/noticies\/the-tyets-y-lildami-platos-fuertes-de-la-fiesta-mayor-de-san-miguel-de-mont-roig-del-camp\/"]}]},{"@type":"ImageObject","inLanguage":"es","@id":"https:\/\/mont-roig.cat\/es\/actualitat\/noticies\/the-tyets-y-lildami-platos-fuertes-de-la-fiesta-mayor-de-san-miguel-de-mont-roig-del-camp\/#primaryimage","url":"https:\/\/mont-roig.cat\/wp-content\/uploads\/MM_NOTI_FACE_SantMiquel23_.png","contentUrl":"https:\/\/mont-roig.cat\/wp-content\/uploads\/MM_NOTI_FACE_SantMiquel23_.png","width":2500,"height":1309},{"@type":"BreadcrumbList","@id":"https:\/\/mont-roig.cat\/es\/actualitat\/noticies\/the-tyets-y-lildami-platos-fuertes-de-la-fiesta-mayor-de-san-miguel-de-mont-roig-del-camp\/#breadcrumb","itemListElement":[{"@type":"ListItem","position":1,"name":"Inici","item":"https:\/\/mont-roig.cat\/es\/pagina-de-inicio\/"},{"@type":"ListItem","position":2,"name":"The Tyets y Lildami, platos fuertes de la Fiesta Mayor de Sant Miquel de Mont-roig del Camp"}]},{"@type":"WebSite","@id":"https:\/\/mont-roig.cat\/es\/#website","url":"https:\/\/mont-roig.cat\/es\/","name":"Ajuntament de Mont-roig del Camp","description":"Tota la informaci\u00f3 sobre la instituci\u00f3, els seus \u00f2rgans de govern, actualitat, serveis i molt m\u00e9s.","potentialAction":[{"@type":"SearchAction","target":{"@type":"EntryPoint","urlTemplate":"https:\/\/mont-roig.cat\/es\/?s={search_term_string}"},"query-input":{"@type":"PropertyValueSpecification","valueRequired":true,"valueName":"search_term_string"}}],"inLanguage":"es"},{"@type":"Person","@id":"https:\/\/mont-roig.cat\/es\/#\/schema\/person\/1f73e7b5e6f9dd122e8a6f14f310ac5e","name":"comunicacio","image":{"@type":"ImageObject","inLanguage":"es","@id":"https:\/\/secure.gravatar.com\/avatar\/98944333e7a877670a64f8d10f0cb680ab2c9ebc4efc43945ef004b52b5ad28c?s=96&d=mm&r=g","url":"https:\/\/secure.gravatar.com\/avatar\/98944333e7a877670a64f8d10f0cb680ab2c9ebc4efc43945ef004b52b5ad28c?s=96&d=mm&r=g","contentUrl":"https:\/\/secure.gravatar.com\/avatar\/98944333e7a877670a64f8d10f0cb680ab2c9ebc4efc43945ef004b52b5ad28c?s=96&d=mm&r=g","caption":"comunicacio"},"url":"https:\/\/mont-roig.cat\/es\/actualitat\/noticies\/author\/comunicacio\/"}]}},"_links":{"self":[{"href":"https:\/\/mont-roig.cat\/es\/wp-json\/wp\/v2\/posts\/72190","targetHints":{"allow":["GET"]}}],"collection":[{"href":"https:\/\/mont-roig.cat\/es\/wp-json\/wp\/v2\/posts"}],"about":[{"href":"https:\/\/mont-roig.cat\/es\/wp-json\/wp\/v2\/types\/post"}],"author":[{"embeddable":true,"href":"https:\/\/mont-roig.cat\/es\/wp-json\/wp\/v2\/users\/13"}],"replies":[{"embeddable":true,"href":"https:\/\/mont-roig.cat\/es\/wp-json\/wp\/v2\/comments?post=72190"}],"version-history":[{"count":2,"href":"https:\/\/mont-roig.cat\/es\/wp-json\/wp\/v2\/posts\/72190\/revisions"}],"predecessor-version":[{"id":72192,"href":"https:\/\/mont-roig.cat\/es\/wp-json\/wp\/v2\/posts\/72190\/revisions\/72192"}],"wp:featuredmedia":[{"embeddable":true,"href":"https:\/\/mont-roig.cat\/es\/wp-json\/wp\/v2\/media\/72181"}],"wp:attachment":[{"href":"https:\/\/mont-roig.cat\/es\/wp-json\/wp\/v2\/media?parent=72190"}],"wp:term":[{"taxonomy":"category","embeddable":true,"href":"https:\/\/mont-roig.cat\/es\/wp-json\/wp\/v2\/categories?post=72190"},{"taxonomy":"post_tag","embeddable":true,"href":"https:\/\/mont-roig.cat\/es\/wp-json\/wp\/v2\/tags?post=72190"}],"curies":[{"name":"wp","href":"https:\/\/api.w.org\/{rel}","templated":true}]}}