{"id":73415,"date":"2023-11-06T14:35:30","date_gmt":"2023-11-06T13:35:30","guid":{"rendered":"https:\/\/mont-roig.cat\/actualitat\/noticies\/la-festa-de-loli-nou-de-mont-roig-del-camp-serveix-800-esmorzars\/"},"modified":"2023-11-06T14:48:53","modified_gmt":"2023-11-06T13:48:53","slug":"la-fiesta-del-aceite-nuevo-de-mont-roig-del-camp-sirve-800-desayunos","status":"publish","type":"post","link":"https:\/\/mont-roig.cat\/es\/actualitat\/noticies\/la-fiesta-del-aceite-nuevo-de-mont-roig-del-camp-sirve-800-desayunos\/","title":{"rendered":"La Fiesta del Aceite Nuevo de Mont-roig del Camp sirve 800\u00a0desayunos"},"content":{"rendered":"<div id=\"attachment_73409\" style=\"width: 309px\" class=\"wp-caption alignright\"><a href=\"https:\/\/mont-roig.cat\/wp-content\/uploads\/oli5.jpeg\" target=\"_blank\" rel=\"noopener\"><img loading=\"lazy\" decoding=\"async\" aria-describedby=\"caption-attachment-73409\" class=\"wp-image-73409\" src=\"https:\/\/mont-roig.cat\/wp-content\/uploads\/oli5-500x375.jpeg\" alt=\"\" width=\"299\" height=\"224\" srcset=\"https:\/\/mont-roig.cat\/wp-content\/uploads\/oli5-500x375.jpeg 500w, https:\/\/mont-roig.cat\/wp-content\/uploads\/oli5-1024x768.jpeg 1024w, https:\/\/mont-roig.cat\/wp-content\/uploads\/oli5-768x576.jpeg 768w, https:\/\/mont-roig.cat\/wp-content\/uploads\/oli5-1536x1152.jpeg 1536w, https:\/\/mont-roig.cat\/wp-content\/uploads\/oli5-463x348.jpeg 463w, https:\/\/mont-roig.cat\/wp-content\/uploads\/oli5.jpeg 2000w\" sizes=\"auto, (max-width: 299px) 100vw, 299px\" \/><\/a><p id=\"caption-attachment-73409\" class=\"wp-caption-text\">Festa de l&#8217;Oli Nou 2023.<\/p><\/div>\n<ul>\n<li><strong>Participaron tres productores del municipio y tambi\u00e9n tuvo lugar el segundo concurso de allioli<\/strong><\/li>\n<\/ul>\n<p>La Fiesta del Aceite Nuevo de Mont-roig del Camp, que tuvo lugar este domingo por la ma\u00f1ana en el Parque MarIa Martori de Mont-roig sirvi\u00f3 cerca de 800 desayunos a las personas de todas las edades que se acercaron a este lugar atra\u00eddos por el aceite de la nueva cosecha que presentaban los tres elaboradores del municipio que este a\u00f1o han asistido. Durante esta fiesta de promoci\u00f3n del producto local que organiza el Ayuntamiento de Mont-roig del Camp tambi\u00e9n se hizo un taller infantil de manualidades relacionadas con el aceite de oliva y la actuaci\u00f3n musical de Maria Jacobs.<\/p>\n<p>Paralelamente, tuvo lugar la segunda edici\u00f3n del concurso de allioli que en esta ocasi\u00f3n cont\u00f3 con la participaci\u00f3n de ocho personas. El jurado premi\u00f3 al allioli presentado por la concursante local Carmina Mendoza.<\/p>\n<p>Por \u00faltimo, la ganadora del concurso organizado por el Ayuntamiento y premiado con el aceite para todo el a\u00f1o ha sido M\u00edriam Alfanjar\u00edn, de Mont-roig.<\/p>\n<p>Consulta el flickr del Ayuntamiento <a href=\"https:\/\/www.flickr.com\/photos\/ajmont-roig\/albums\/72177720312483988\" target=\"_blank\" rel=\"noopener\">en este enlace<\/a> con una selecci\u00f3n de fotograf\u00edas de la fiesta<\/p>\n","protected":false},"excerpt":{"rendered":"<p>Participaron tres productores del municipio y tambi\u00e9n tuvo lugar el segundo concurso de allioli La Fiesta del Aceite Nuevo de Mont-roig del Camp, que tuvo lugar este domingo por la ma\u00f1ana en el Parque MarIa Martori de Mont-roig sirvi\u00f3 cerca de 800 desayunos a las personas de todas las edades que se acercaron a este [&hellip;]<\/p>\n","protected":false},"author":13,"featured_media":73410,"comment_status":"closed","ping_status":"closed","sticky":false,"template":"","format":"standard","meta":{"inline_featured_image":false,"_monsterinsights_skip_tracking":false,"_monsterinsights_sitenote_active":false,"_monsterinsights_sitenote_note":"","_monsterinsights_sitenote_category":0,"footnotes":""},"categories":[98,169],"tags":[],"class_list":["post-73415","post","type-post","status-publish","format-standard","has-post-thumbnail","hentry","category-ayuntamiento","category-impuls-economic-i-ocupacio-es"],"yoast_head":"<!-- This site is optimized with the Yoast SEO plugin v27.4 - https:\/\/yoast.com\/product\/yoast-seo-wordpress\/ -->\n<title>La Fiesta del Aceite Nuevo de Mont-roig del Camp sirve 800\u00a0desayunos - Ajuntament de Mont-roig del Camp<\/title>\n<meta name=\"robots\" content=\"index, follow, max-snippet:-1, max-image-preview:large, max-video-preview:-1\" \/>\n<link rel=\"canonical\" href=\"https:\/\/mont-roig.cat\/es\/actualitat\/noticies\/la-fiesta-del-aceite-nuevo-de-mont-roig-del-camp-sirve-800-desayunos\/\" \/>\n<meta property=\"og:locale\" content=\"es_ES\" \/>\n<meta property=\"og:type\" content=\"article\" \/>\n<meta property=\"og:title\" content=\"La Fiesta del Aceite Nuevo de Mont-roig del Camp sirve 800\u00a0desayunos - Ajuntament de Mont-roig del Camp\" \/>\n<meta property=\"og:description\" content=\"Participaron tres productores del municipio y tambi\u00e9n tuvo lugar el segundo concurso de allioli La Fiesta del Aceite Nuevo de Mont-roig del Camp, que tuvo lugar este domingo por la ma\u00f1ana en el Parque MarIa Martori de Mont-roig sirvi\u00f3 cerca de 800 desayunos a las personas de todas las edades que se acercaron a este [&hellip;]\" \/>\n<meta property=\"og:url\" content=\"https:\/\/mont-roig.cat\/es\/actualitat\/noticies\/la-fiesta-del-aceite-nuevo-de-mont-roig-del-camp-sirve-800-desayunos\/\" \/>\n<meta property=\"og:site_name\" content=\"Ajuntament de Mont-roig del Camp\" \/>\n<meta property=\"article:published_time\" content=\"2023-11-06T13:35:30+00:00\" \/>\n<meta property=\"article:modified_time\" content=\"2023-11-06T13:48:53+00:00\" \/>\n<meta property=\"og:image\" content=\"https:\/\/mont-roig.cat\/wp-content\/uploads\/oli5.jpeg\" \/>\n\t<meta property=\"og:image:width\" content=\"2000\" \/>\n\t<meta property=\"og:image:height\" content=\"1500\" \/>\n\t<meta property=\"og:image:type\" content=\"image\/jpeg\" \/>\n<meta name=\"author\" content=\"comunicacio\" \/>\n<meta name=\"twitter:card\" content=\"summary_large_image\" \/>\n<meta name=\"twitter:label1\" content=\"Escrito por\" \/>\n\t<meta name=\"twitter:data1\" content=\"comunicacio\" \/>\n\t<meta name=\"twitter:label2\" content=\"Tiempo de lectura\" \/>\n\t<meta name=\"twitter:data2\" content=\"2 minutos\" \/>\n<script type=\"application\/ld+json\" class=\"yoast-schema-graph\">{\"@context\":\"https:\\\/\\\/schema.org\",\"@graph\":[{\"@type\":\"Article\",\"@id\":\"https:\\\/\\\/mont-roig.cat\\\/es\\\/actualitat\\\/noticies\\\/la-fiesta-del-aceite-nuevo-de-mont-roig-del-camp-sirve-800-desayunos\\\/#article\",\"isPartOf\":{\"@id\":\"https:\\\/\\\/mont-roig.cat\\\/es\\\/actualitat\\\/noticies\\\/la-fiesta-del-aceite-nuevo-de-mont-roig-del-camp-sirve-800-desayunos\\\/\"},\"author\":{\"name\":\"comunicacio\",\"@id\":\"https:\\\/\\\/mont-roig.cat\\\/es\\\/#\\\/schema\\\/person\\\/1f73e7b5e6f9dd122e8a6f14f310ac5e\"},\"headline\":\"La Fiesta del Aceite Nuevo de Mont-roig del Camp sirve 800\u00a0desayunos\",\"datePublished\":\"2023-11-06T13:35:30+00:00\",\"dateModified\":\"2023-11-06T13:48:53+00:00\",\"mainEntityOfPage\":{\"@id\":\"https:\\\/\\\/mont-roig.cat\\\/es\\\/actualitat\\\/noticies\\\/la-fiesta-del-aceite-nuevo-de-mont-roig-del-camp-sirve-800-desayunos\\\/\"},\"wordCount\":223,\"image\":{\"@id\":\"https:\\\/\\\/mont-roig.cat\\\/es\\\/actualitat\\\/noticies\\\/la-fiesta-del-aceite-nuevo-de-mont-roig-del-camp-sirve-800-desayunos\\\/#primaryimage\"},\"thumbnailUrl\":\"https:\\\/\\\/mont-roig.cat\\\/wp-content\\\/uploads\\\/oli5.jpeg\",\"articleSection\":[\"Ayuntamiento\",\"Impuls Econ\u00f2mic i Ocupaci\u00f3\"],\"inLanguage\":\"es\"},{\"@type\":\"WebPage\",\"@id\":\"https:\\\/\\\/mont-roig.cat\\\/es\\\/actualitat\\\/noticies\\\/la-fiesta-del-aceite-nuevo-de-mont-roig-del-camp-sirve-800-desayunos\\\/\",\"url\":\"https:\\\/\\\/mont-roig.cat\\\/es\\\/actualitat\\\/noticies\\\/la-fiesta-del-aceite-nuevo-de-mont-roig-del-camp-sirve-800-desayunos\\\/\",\"name\":\"La Fiesta del Aceite Nuevo de Mont-roig del Camp sirve 800\u00a0desayunos - Ajuntament de Mont-roig del Camp\",\"isPartOf\":{\"@id\":\"https:\\\/\\\/mont-roig.cat\\\/es\\\/#website\"},\"primaryImageOfPage\":{\"@id\":\"https:\\\/\\\/mont-roig.cat\\\/es\\\/actualitat\\\/noticies\\\/la-fiesta-del-aceite-nuevo-de-mont-roig-del-camp-sirve-800-desayunos\\\/#primaryimage\"},\"image\":{\"@id\":\"https:\\\/\\\/mont-roig.cat\\\/es\\\/actualitat\\\/noticies\\\/la-fiesta-del-aceite-nuevo-de-mont-roig-del-camp-sirve-800-desayunos\\\/#primaryimage\"},\"thumbnailUrl\":\"https:\\\/\\\/mont-roig.cat\\\/wp-content\\\/uploads\\\/oli5.jpeg\",\"datePublished\":\"2023-11-06T13:35:30+00:00\",\"dateModified\":\"2023-11-06T13:48:53+00:00\",\"author\":{\"@id\":\"https:\\\/\\\/mont-roig.cat\\\/es\\\/#\\\/schema\\\/person\\\/1f73e7b5e6f9dd122e8a6f14f310ac5e\"},\"breadcrumb\":{\"@id\":\"https:\\\/\\\/mont-roig.cat\\\/es\\\/actualitat\\\/noticies\\\/la-fiesta-del-aceite-nuevo-de-mont-roig-del-camp-sirve-800-desayunos\\\/#breadcrumb\"},\"inLanguage\":\"es\",\"potentialAction\":[{\"@type\":\"ReadAction\",\"target\":[\"https:\\\/\\\/mont-roig.cat\\\/es\\\/actualitat\\\/noticies\\\/la-fiesta-del-aceite-nuevo-de-mont-roig-del-camp-sirve-800-desayunos\\\/\"]}]},{\"@type\":\"ImageObject\",\"inLanguage\":\"es\",\"@id\":\"https:\\\/\\\/mont-roig.cat\\\/es\\\/actualitat\\\/noticies\\\/la-fiesta-del-aceite-nuevo-de-mont-roig-del-camp-sirve-800-desayunos\\\/#primaryimage\",\"url\":\"https:\\\/\\\/mont-roig.cat\\\/wp-content\\\/uploads\\\/oli5.jpeg\",\"contentUrl\":\"https:\\\/\\\/mont-roig.cat\\\/wp-content\\\/uploads\\\/oli5.jpeg\",\"width\":2000,\"height\":1500},{\"@type\":\"BreadcrumbList\",\"@id\":\"https:\\\/\\\/mont-roig.cat\\\/es\\\/actualitat\\\/noticies\\\/la-fiesta-del-aceite-nuevo-de-mont-roig-del-camp-sirve-800-desayunos\\\/#breadcrumb\",\"itemListElement\":[{\"@type\":\"ListItem\",\"position\":1,\"name\":\"Inici\",\"item\":\"https:\\\/\\\/mont-roig.cat\\\/es\\\/pagina-de-inicio\\\/\"},{\"@type\":\"ListItem\",\"position\":2,\"name\":\"La Fiesta del Aceite Nuevo de Mont-roig del Camp sirve 800\u00a0desayunos\"}]},{\"@type\":\"WebSite\",\"@id\":\"https:\\\/\\\/mont-roig.cat\\\/es\\\/#website\",\"url\":\"https:\\\/\\\/mont-roig.cat\\\/es\\\/\",\"name\":\"Ajuntament de Mont-roig del Camp\",\"description\":\"Tota la informaci\u00f3 sobre la instituci\u00f3, els seus \u00f2rgans de govern, actualitat, serveis i molt m\u00e9s.\",\"potentialAction\":[{\"@type\":\"SearchAction\",\"target\":{\"@type\":\"EntryPoint\",\"urlTemplate\":\"https:\\\/\\\/mont-roig.cat\\\/es\\\/?s={search_term_string}\"},\"query-input\":{\"@type\":\"PropertyValueSpecification\",\"valueRequired\":true,\"valueName\":\"search_term_string\"}}],\"inLanguage\":\"es\"},{\"@type\":\"Person\",\"@id\":\"https:\\\/\\\/mont-roig.cat\\\/es\\\/#\\\/schema\\\/person\\\/1f73e7b5e6f9dd122e8a6f14f310ac5e\",\"name\":\"comunicacio\",\"image\":{\"@type\":\"ImageObject\",\"inLanguage\":\"es\",\"@id\":\"https:\\\/\\\/secure.gravatar.com\\\/avatar\\\/98944333e7a877670a64f8d10f0cb680ab2c9ebc4efc43945ef004b52b5ad28c?s=96&d=mm&r=g\",\"url\":\"https:\\\/\\\/secure.gravatar.com\\\/avatar\\\/98944333e7a877670a64f8d10f0cb680ab2c9ebc4efc43945ef004b52b5ad28c?s=96&d=mm&r=g\",\"contentUrl\":\"https:\\\/\\\/secure.gravatar.com\\\/avatar\\\/98944333e7a877670a64f8d10f0cb680ab2c9ebc4efc43945ef004b52b5ad28c?s=96&d=mm&r=g\",\"caption\":\"comunicacio\"},\"url\":\"https:\\\/\\\/mont-roig.cat\\\/es\\\/actualitat\\\/noticies\\\/author\\\/comunicacio\\\/\"}]}<\/script>\n<!-- \/ Yoast SEO plugin. -->","yoast_head_json":{"title":"La Fiesta del Aceite Nuevo de Mont-roig del Camp sirve 800\u00a0desayunos - Ajuntament de Mont-roig del Camp","robots":{"index":"index","follow":"follow","max-snippet":"max-snippet:-1","max-image-preview":"max-image-preview:large","max-video-preview":"max-video-preview:-1"},"canonical":"https:\/\/mont-roig.cat\/es\/actualitat\/noticies\/la-fiesta-del-aceite-nuevo-de-mont-roig-del-camp-sirve-800-desayunos\/","og_locale":"es_ES","og_type":"article","og_title":"La Fiesta del Aceite Nuevo de Mont-roig del Camp sirve 800\u00a0desayunos - Ajuntament de Mont-roig del Camp","og_description":"Participaron tres productores del municipio y tambi\u00e9n tuvo lugar el segundo concurso de allioli La Fiesta del Aceite Nuevo de Mont-roig del Camp, que tuvo lugar este domingo por la ma\u00f1ana en el Parque MarIa Martori de Mont-roig sirvi\u00f3 cerca de 800 desayunos a las personas de todas las edades que se acercaron a este [&hellip;]","og_url":"https:\/\/mont-roig.cat\/es\/actualitat\/noticies\/la-fiesta-del-aceite-nuevo-de-mont-roig-del-camp-sirve-800-desayunos\/","og_site_name":"Ajuntament de Mont-roig del Camp","article_published_time":"2023-11-06T13:35:30+00:00","article_modified_time":"2023-11-06T13:48:53+00:00","og_image":[{"width":2000,"height":1500,"url":"https:\/\/mont-roig.cat\/wp-content\/uploads\/oli5.jpeg","type":"image\/jpeg"}],"author":"comunicacio","twitter_card":"summary_large_image","twitter_misc":{"Escrito por":"comunicacio","Tiempo de lectura":"2 minutos"},"schema":{"@context":"https:\/\/schema.org","@graph":[{"@type":"Article","@id":"https:\/\/mont-roig.cat\/es\/actualitat\/noticies\/la-fiesta-del-aceite-nuevo-de-mont-roig-del-camp-sirve-800-desayunos\/#article","isPartOf":{"@id":"https:\/\/mont-roig.cat\/es\/actualitat\/noticies\/la-fiesta-del-aceite-nuevo-de-mont-roig-del-camp-sirve-800-desayunos\/"},"author":{"name":"comunicacio","@id":"https:\/\/mont-roig.cat\/es\/#\/schema\/person\/1f73e7b5e6f9dd122e8a6f14f310ac5e"},"headline":"La Fiesta del Aceite Nuevo de Mont-roig del Camp sirve 800\u00a0desayunos","datePublished":"2023-11-06T13:35:30+00:00","dateModified":"2023-11-06T13:48:53+00:00","mainEntityOfPage":{"@id":"https:\/\/mont-roig.cat\/es\/actualitat\/noticies\/la-fiesta-del-aceite-nuevo-de-mont-roig-del-camp-sirve-800-desayunos\/"},"wordCount":223,"image":{"@id":"https:\/\/mont-roig.cat\/es\/actualitat\/noticies\/la-fiesta-del-aceite-nuevo-de-mont-roig-del-camp-sirve-800-desayunos\/#primaryimage"},"thumbnailUrl":"https:\/\/mont-roig.cat\/wp-content\/uploads\/oli5.jpeg","articleSection":["Ayuntamiento","Impuls Econ\u00f2mic i Ocupaci\u00f3"],"inLanguage":"es"},{"@type":"WebPage","@id":"https:\/\/mont-roig.cat\/es\/actualitat\/noticies\/la-fiesta-del-aceite-nuevo-de-mont-roig-del-camp-sirve-800-desayunos\/","url":"https:\/\/mont-roig.cat\/es\/actualitat\/noticies\/la-fiesta-del-aceite-nuevo-de-mont-roig-del-camp-sirve-800-desayunos\/","name":"La Fiesta del Aceite Nuevo de Mont-roig del Camp sirve 800\u00a0desayunos - Ajuntament de Mont-roig del Camp","isPartOf":{"@id":"https:\/\/mont-roig.cat\/es\/#website"},"primaryImageOfPage":{"@id":"https:\/\/mont-roig.cat\/es\/actualitat\/noticies\/la-fiesta-del-aceite-nuevo-de-mont-roig-del-camp-sirve-800-desayunos\/#primaryimage"},"image":{"@id":"https:\/\/mont-roig.cat\/es\/actualitat\/noticies\/la-fiesta-del-aceite-nuevo-de-mont-roig-del-camp-sirve-800-desayunos\/#primaryimage"},"thumbnailUrl":"https:\/\/mont-roig.cat\/wp-content\/uploads\/oli5.jpeg","datePublished":"2023-11-06T13:35:30+00:00","dateModified":"2023-11-06T13:48:53+00:00","author":{"@id":"https:\/\/mont-roig.cat\/es\/#\/schema\/person\/1f73e7b5e6f9dd122e8a6f14f310ac5e"},"breadcrumb":{"@id":"https:\/\/mont-roig.cat\/es\/actualitat\/noticies\/la-fiesta-del-aceite-nuevo-de-mont-roig-del-camp-sirve-800-desayunos\/#breadcrumb"},"inLanguage":"es","potentialAction":[{"@type":"ReadAction","target":["https:\/\/mont-roig.cat\/es\/actualitat\/noticies\/la-fiesta-del-aceite-nuevo-de-mont-roig-del-camp-sirve-800-desayunos\/"]}]},{"@type":"ImageObject","inLanguage":"es","@id":"https:\/\/mont-roig.cat\/es\/actualitat\/noticies\/la-fiesta-del-aceite-nuevo-de-mont-roig-del-camp-sirve-800-desayunos\/#primaryimage","url":"https:\/\/mont-roig.cat\/wp-content\/uploads\/oli5.jpeg","contentUrl":"https:\/\/mont-roig.cat\/wp-content\/uploads\/oli5.jpeg","width":2000,"height":1500},{"@type":"BreadcrumbList","@id":"https:\/\/mont-roig.cat\/es\/actualitat\/noticies\/la-fiesta-del-aceite-nuevo-de-mont-roig-del-camp-sirve-800-desayunos\/#breadcrumb","itemListElement":[{"@type":"ListItem","position":1,"name":"Inici","item":"https:\/\/mont-roig.cat\/es\/pagina-de-inicio\/"},{"@type":"ListItem","position":2,"name":"La Fiesta del Aceite Nuevo de Mont-roig del Camp sirve 800\u00a0desayunos"}]},{"@type":"WebSite","@id":"https:\/\/mont-roig.cat\/es\/#website","url":"https:\/\/mont-roig.cat\/es\/","name":"Ajuntament de Mont-roig del Camp","description":"Tota la informaci\u00f3 sobre la instituci\u00f3, els seus \u00f2rgans de govern, actualitat, serveis i molt m\u00e9s.","potentialAction":[{"@type":"SearchAction","target":{"@type":"EntryPoint","urlTemplate":"https:\/\/mont-roig.cat\/es\/?s={search_term_string}"},"query-input":{"@type":"PropertyValueSpecification","valueRequired":true,"valueName":"search_term_string"}}],"inLanguage":"es"},{"@type":"Person","@id":"https:\/\/mont-roig.cat\/es\/#\/schema\/person\/1f73e7b5e6f9dd122e8a6f14f310ac5e","name":"comunicacio","image":{"@type":"ImageObject","inLanguage":"es","@id":"https:\/\/secure.gravatar.com\/avatar\/98944333e7a877670a64f8d10f0cb680ab2c9ebc4efc43945ef004b52b5ad28c?s=96&d=mm&r=g","url":"https:\/\/secure.gravatar.com\/avatar\/98944333e7a877670a64f8d10f0cb680ab2c9ebc4efc43945ef004b52b5ad28c?s=96&d=mm&r=g","contentUrl":"https:\/\/secure.gravatar.com\/avatar\/98944333e7a877670a64f8d10f0cb680ab2c9ebc4efc43945ef004b52b5ad28c?s=96&d=mm&r=g","caption":"comunicacio"},"url":"https:\/\/mont-roig.cat\/es\/actualitat\/noticies\/author\/comunicacio\/"}]}},"_links":{"self":[{"href":"https:\/\/mont-roig.cat\/es\/wp-json\/wp\/v2\/posts\/73415","targetHints":{"allow":["GET"]}}],"collection":[{"href":"https:\/\/mont-roig.cat\/es\/wp-json\/wp\/v2\/posts"}],"about":[{"href":"https:\/\/mont-roig.cat\/es\/wp-json\/wp\/v2\/types\/post"}],"author":[{"embeddable":true,"href":"https:\/\/mont-roig.cat\/es\/wp-json\/wp\/v2\/users\/13"}],"replies":[{"embeddable":true,"href":"https:\/\/mont-roig.cat\/es\/wp-json\/wp\/v2\/comments?post=73415"}],"version-history":[{"count":3,"href":"https:\/\/mont-roig.cat\/es\/wp-json\/wp\/v2\/posts\/73415\/revisions"}],"predecessor-version":[{"id":73420,"href":"https:\/\/mont-roig.cat\/es\/wp-json\/wp\/v2\/posts\/73415\/revisions\/73420"}],"wp:featuredmedia":[{"embeddable":true,"href":"https:\/\/mont-roig.cat\/es\/wp-json\/wp\/v2\/media\/73410"}],"wp:attachment":[{"href":"https:\/\/mont-roig.cat\/es\/wp-json\/wp\/v2\/media?parent=73415"}],"wp:term":[{"taxonomy":"category","embeddable":true,"href":"https:\/\/mont-roig.cat\/es\/wp-json\/wp\/v2\/categories?post=73415"},{"taxonomy":"post_tag","embeddable":true,"href":"https:\/\/mont-roig.cat\/es\/wp-json\/wp\/v2\/tags?post=73415"}],"curies":[{"name":"wp","href":"https:\/\/api.w.org\/{rel}","templated":true}]}}