{"id":73518,"date":"2023-11-09T12:51:11","date_gmt":"2023-11-09T11:51:11","guid":{"rendered":"https:\/\/mont-roig.cat\/actualitat\/noticies\/mont-roig-i-miami-platja-reivindicaran-el-25n-dia-internacional-per-a-leliminacio-de-la-violencia-envers-les-dones\/"},"modified":"2023-11-15T11:51:06","modified_gmt":"2023-11-15T10:51:06","slug":"mont-roig-y-miami-platja-reivindicaran-el-25n-dia-internacional-para-la-eliminacion-de-la-violencia-hacia-las-mujeres","status":"publish","type":"post","link":"https:\/\/mont-roig.cat\/es\/actualitat\/noticies\/mont-roig-y-miami-platja-reivindicaran-el-25n-dia-internacional-para-la-eliminacion-de-la-violencia-hacia-las-mujeres\/","title":{"rendered":"Mont-roig y Miami Platja reivindicar\u00e1n el 25N, D\u00eda Internacional para la eliminaci\u00f3n de la violencia hacia las mujeres."},"content":{"rendered":"<ul>\n<li><strong><a href=\"https:\/\/mont-roig.cat\/wp-content\/uploads\/MR_25N_2023_Cartell_A3_page-0001-scaled.jpg\" target=\"_blank\" rel=\"noopener\"><img loading=\"lazy\" decoding=\"async\" class=\"alignright wp-image-73562\" src=\"https:\/\/mont-roig.cat\/wp-content\/uploads\/MR_25N_2023_Cartell_A3_page-0001-353x500.jpg\" alt=\"\" width=\"285\" height=\"404\" srcset=\"https:\/\/mont-roig.cat\/wp-content\/uploads\/MR_25N_2023_Cartell_A3_page-0001-353x500.jpg 353w, https:\/\/mont-roig.cat\/wp-content\/uploads\/MR_25N_2023_Cartell_A3_page-0001-724x1024.jpg 724w, https:\/\/mont-roig.cat\/wp-content\/uploads\/MR_25N_2023_Cartell_A3_page-0001-768x1086.jpg 768w, https:\/\/mont-roig.cat\/wp-content\/uploads\/MR_25N_2023_Cartell_A3_page-0001-1086x1536.jpg 1086w, https:\/\/mont-roig.cat\/wp-content\/uploads\/MR_25N_2023_Cartell_A3_page-0001-scaled.jpg 1448w\" sizes=\"auto, (max-width: 285px) 100vw, 285px\" \/><\/a>Para la campa\u00f1a del 25N el Ayuntamiento de Mont-roig del Camp ha querido incidir en visibilizar las cifras de las mujeres que sufren violencias machistas en Catalunya.<\/strong><\/li>\n<\/ul>\n<p>Cabe recordar que s\u00f3lo en el Principat de Catalunya ha habido m\u00e1s de 20.000 denuncias y han sido asesinadas 9 mujeres este a\u00f1o 2023. El objetivo es claro, luchar y conseguir eliminar todas las formas de violencia machista que hoy en d\u00eda se siguen perpetuando en todos los \u00e1mbitos de la vida de las mujeres, en las relaciones de pareja, en el trabajo, en la calle o en la escuela.<\/p>\n<p>El programa de actividades del 25N se ha elaborado con una perspectiva transversal, trabajando conjuntamente los departamentos de Pol\u00edticas de Igualdad, de Cultura, de Educaci\u00f3n, de Juventud y el Servicio de Bibliotecas, adem\u00e1s de buscar la col\u00b7 elaboraci\u00f3n de los institutos del municipio y de entidades locales como la Uni\u00f3n de Dones de Mont-roig y Associaci\u00f3 Deixa&#8217;t abra\u00e7ar de apoyo al duelo.<\/p>\n<p>Las actividades del 25N comienzan hoy, 9 de noviembre, en la Biblioteca Miramar de Mont-roig con un taller de iniciaci\u00f3n a la ilustraci\u00f3n anime. C\u00f3mo ilustrar cuerpos diversos y se alargar\u00e1n hasta el d\u00eda 2 de diciembre, cuando tendr\u00e1 lugar un taller de biodanza en el Centro Polivalente de Miami Platja.<\/p>\n<p>Adem\u00e1s de las anteriores actividades, cabe destacar que el programa incluye una actividad especial con el Institut Antoni Ballester e Institut Miami, que es la representaci\u00f3n del espect\u00e1culo <em>Ludere<\/em>, a cargo de la compa\u00f1\u00eda Inhabitants. A trav\u00e9s del cuento popular de Caperucita Roja se proyectan situaciones de acoso sexistas para abordar el debate y la reflexi\u00f3n con los j\u00f3venes de 4\u00ba de ESO de los dos institutos. El objetivo de esta actividad es que la poblaci\u00f3n joven se sume a los actos reivindicativos y de concienciaci\u00f3n contra las violencias sexistas, porque muchas de estas violencias (abusos sexuales, cosificaci\u00f3n, perpetuaci\u00f3n de estereotipos, lenguaje sexista&#8230;) se sigue reproduciendo entre los j\u00f3venes.<\/p>\n<p>Finalmente, la lectura del manifiesto institucional tendr\u00e1 lugar el d\u00eda 22 de noviembre a las 13.00h de la ma\u00f1ana frente al Centro Polivalente de Miami Platja ya las 19.30h de la tarde en el Casal de Joves de Mont-roig.<\/p>\n<p>Desc\u00e1rgate el programa completo del 25N <a href=\"https:\/\/mont-roig.cat\/wp-content\/uploads\/MR_25N_2023_Programamodificat.pdf\" target=\"_blank\" rel=\"noopener\">en este enlace.<\/a><\/p>\n<p>&nbsp;<\/p>\n<p><strong>\u00a0<\/strong><\/p>\n<p><strong>\u00a0<\/strong><\/p>\n","protected":false},"excerpt":{"rendered":"<p>Para la campa\u00f1a del 25N el Ayuntamiento de Mont-roig del Camp ha querido incidir en visibilizar las cifras de las mujeres que sufren violencias machistas en Catalunya. Cabe recordar que s\u00f3lo en el Principat de Catalunya ha habido m\u00e1s de 20.000 denuncias y han sido asesinadas 9 mujeres este a\u00f1o 2023. El objetivo es claro, [&hellip;]<\/p>\n","protected":false},"author":13,"featured_media":73562,"comment_status":"closed","ping_status":"closed","sticky":false,"template":"","format":"standard","meta":{"inline_featured_image":false,"_monsterinsights_skip_tracking":false,"_monsterinsights_sitenote_active":false,"_monsterinsights_sitenote_note":"","_monsterinsights_sitenote_category":0,"footnotes":""},"categories":[98,174],"tags":[],"class_list":["post-73518","post","type-post","status-publish","format-standard","has-post-thumbnail","hentry","category-ayuntamiento","category-politiques-digualtat-i-de-les-dones-es"],"yoast_head":"<!-- This site is optimized with the Yoast SEO plugin v27.4 - https:\/\/yoast.com\/product\/yoast-seo-wordpress\/ -->\n<title>Mont-roig y Miami Platja reivindicar\u00e1n el 25N, D\u00eda Internacional para la eliminaci\u00f3n de la violencia hacia las mujeres. - Ajuntament de Mont-roig del Camp<\/title>\n<meta name=\"robots\" content=\"index, follow, max-snippet:-1, max-image-preview:large, max-video-preview:-1\" \/>\n<link rel=\"canonical\" href=\"https:\/\/mont-roig.cat\/es\/actualitat\/noticies\/mont-roig-y-miami-platja-reivindicaran-el-25n-dia-internacional-para-la-eliminacion-de-la-violencia-hacia-las-mujeres\/\" \/>\n<meta property=\"og:locale\" content=\"es_ES\" \/>\n<meta property=\"og:type\" content=\"article\" \/>\n<meta property=\"og:title\" content=\"Mont-roig y Miami Platja reivindicar\u00e1n el 25N, D\u00eda Internacional para la eliminaci\u00f3n de la violencia hacia las mujeres. - Ajuntament de Mont-roig del Camp\" \/>\n<meta property=\"og:description\" content=\"Para la campa\u00f1a del 25N el Ayuntamiento de Mont-roig del Camp ha querido incidir en visibilizar las cifras de las mujeres que sufren violencias machistas en Catalunya. Cabe recordar que s\u00f3lo en el Principat de Catalunya ha habido m\u00e1s de 20.000 denuncias y han sido asesinadas 9 mujeres este a\u00f1o 2023. El objetivo es claro, [&hellip;]\" \/>\n<meta property=\"og:url\" content=\"https:\/\/mont-roig.cat\/es\/actualitat\/noticies\/mont-roig-y-miami-platja-reivindicaran-el-25n-dia-internacional-para-la-eliminacion-de-la-violencia-hacia-las-mujeres\/\" \/>\n<meta property=\"og:site_name\" content=\"Ajuntament de Mont-roig del Camp\" \/>\n<meta property=\"article:published_time\" content=\"2023-11-09T11:51:11+00:00\" \/>\n<meta property=\"article:modified_time\" content=\"2023-11-15T10:51:06+00:00\" \/>\n<meta property=\"og:image\" content=\"https:\/\/mont-roig.cat\/wp-content\/uploads\/MR_25N_2023_Cartell_A3_page-0001-scaled.jpg\" \/>\n\t<meta property=\"og:image:width\" content=\"1448\" \/>\n\t<meta property=\"og:image:height\" content=\"2048\" \/>\n\t<meta property=\"og:image:type\" content=\"image\/jpeg\" \/>\n<meta name=\"author\" content=\"comunicacio\" \/>\n<meta name=\"twitter:card\" content=\"summary_large_image\" \/>\n<meta name=\"twitter:label1\" content=\"Escrito por\" \/>\n\t<meta name=\"twitter:data1\" content=\"comunicacio\" \/>\n\t<meta name=\"twitter:label2\" content=\"Tiempo de lectura\" \/>\n\t<meta name=\"twitter:data2\" content=\"3 minutos\" \/>\n<script type=\"application\/ld+json\" class=\"yoast-schema-graph\">{\"@context\":\"https:\\\/\\\/schema.org\",\"@graph\":[{\"@type\":\"Article\",\"@id\":\"https:\\\/\\\/mont-roig.cat\\\/es\\\/actualitat\\\/noticies\\\/mont-roig-y-miami-platja-reivindicaran-el-25n-dia-internacional-para-la-eliminacion-de-la-violencia-hacia-las-mujeres\\\/#article\",\"isPartOf\":{\"@id\":\"https:\\\/\\\/mont-roig.cat\\\/es\\\/actualitat\\\/noticies\\\/mont-roig-y-miami-platja-reivindicaran-el-25n-dia-internacional-para-la-eliminacion-de-la-violencia-hacia-las-mujeres\\\/\"},\"author\":{\"name\":\"comunicacio\",\"@id\":\"https:\\\/\\\/mont-roig.cat\\\/es\\\/#\\\/schema\\\/person\\\/1f73e7b5e6f9dd122e8a6f14f310ac5e\"},\"headline\":\"Mont-roig y Miami Platja reivindicar\u00e1n el 25N, D\u00eda Internacional para la eliminaci\u00f3n de la violencia hacia las mujeres.\",\"datePublished\":\"2023-11-09T11:51:11+00:00\",\"dateModified\":\"2023-11-15T10:51:06+00:00\",\"mainEntityOfPage\":{\"@id\":\"https:\\\/\\\/mont-roig.cat\\\/es\\\/actualitat\\\/noticies\\\/mont-roig-y-miami-platja-reivindicaran-el-25n-dia-internacional-para-la-eliminacion-de-la-violencia-hacia-las-mujeres\\\/\"},\"wordCount\":413,\"image\":{\"@id\":\"https:\\\/\\\/mont-roig.cat\\\/es\\\/actualitat\\\/noticies\\\/mont-roig-y-miami-platja-reivindicaran-el-25n-dia-internacional-para-la-eliminacion-de-la-violencia-hacia-las-mujeres\\\/#primaryimage\"},\"thumbnailUrl\":\"https:\\\/\\\/mont-roig.cat\\\/wp-content\\\/uploads\\\/MR_25N_2023_Cartell_A3_page-0001-scaled.jpg\",\"articleSection\":[\"Ayuntamiento\",\"Pol\u00edtiques d&#8217;Igualtat i de les Dones\"],\"inLanguage\":\"es\"},{\"@type\":\"WebPage\",\"@id\":\"https:\\\/\\\/mont-roig.cat\\\/es\\\/actualitat\\\/noticies\\\/mont-roig-y-miami-platja-reivindicaran-el-25n-dia-internacional-para-la-eliminacion-de-la-violencia-hacia-las-mujeres\\\/\",\"url\":\"https:\\\/\\\/mont-roig.cat\\\/es\\\/actualitat\\\/noticies\\\/mont-roig-y-miami-platja-reivindicaran-el-25n-dia-internacional-para-la-eliminacion-de-la-violencia-hacia-las-mujeres\\\/\",\"name\":\"Mont-roig y Miami Platja reivindicar\u00e1n el 25N, D\u00eda Internacional para la eliminaci\u00f3n de la violencia hacia las mujeres. - Ajuntament de Mont-roig del Camp\",\"isPartOf\":{\"@id\":\"https:\\\/\\\/mont-roig.cat\\\/es\\\/#website\"},\"primaryImageOfPage\":{\"@id\":\"https:\\\/\\\/mont-roig.cat\\\/es\\\/actualitat\\\/noticies\\\/mont-roig-y-miami-platja-reivindicaran-el-25n-dia-internacional-para-la-eliminacion-de-la-violencia-hacia-las-mujeres\\\/#primaryimage\"},\"image\":{\"@id\":\"https:\\\/\\\/mont-roig.cat\\\/es\\\/actualitat\\\/noticies\\\/mont-roig-y-miami-platja-reivindicaran-el-25n-dia-internacional-para-la-eliminacion-de-la-violencia-hacia-las-mujeres\\\/#primaryimage\"},\"thumbnailUrl\":\"https:\\\/\\\/mont-roig.cat\\\/wp-content\\\/uploads\\\/MR_25N_2023_Cartell_A3_page-0001-scaled.jpg\",\"datePublished\":\"2023-11-09T11:51:11+00:00\",\"dateModified\":\"2023-11-15T10:51:06+00:00\",\"author\":{\"@id\":\"https:\\\/\\\/mont-roig.cat\\\/es\\\/#\\\/schema\\\/person\\\/1f73e7b5e6f9dd122e8a6f14f310ac5e\"},\"breadcrumb\":{\"@id\":\"https:\\\/\\\/mont-roig.cat\\\/es\\\/actualitat\\\/noticies\\\/mont-roig-y-miami-platja-reivindicaran-el-25n-dia-internacional-para-la-eliminacion-de-la-violencia-hacia-las-mujeres\\\/#breadcrumb\"},\"inLanguage\":\"es\",\"potentialAction\":[{\"@type\":\"ReadAction\",\"target\":[\"https:\\\/\\\/mont-roig.cat\\\/es\\\/actualitat\\\/noticies\\\/mont-roig-y-miami-platja-reivindicaran-el-25n-dia-internacional-para-la-eliminacion-de-la-violencia-hacia-las-mujeres\\\/\"]}]},{\"@type\":\"ImageObject\",\"inLanguage\":\"es\",\"@id\":\"https:\\\/\\\/mont-roig.cat\\\/es\\\/actualitat\\\/noticies\\\/mont-roig-y-miami-platja-reivindicaran-el-25n-dia-internacional-para-la-eliminacion-de-la-violencia-hacia-las-mujeres\\\/#primaryimage\",\"url\":\"https:\\\/\\\/mont-roig.cat\\\/wp-content\\\/uploads\\\/MR_25N_2023_Cartell_A3_page-0001-scaled.jpg\",\"contentUrl\":\"https:\\\/\\\/mont-roig.cat\\\/wp-content\\\/uploads\\\/MR_25N_2023_Cartell_A3_page-0001-scaled.jpg\",\"width\":1448,\"height\":2048},{\"@type\":\"BreadcrumbList\",\"@id\":\"https:\\\/\\\/mont-roig.cat\\\/es\\\/actualitat\\\/noticies\\\/mont-roig-y-miami-platja-reivindicaran-el-25n-dia-internacional-para-la-eliminacion-de-la-violencia-hacia-las-mujeres\\\/#breadcrumb\",\"itemListElement\":[{\"@type\":\"ListItem\",\"position\":1,\"name\":\"Inici\",\"item\":\"https:\\\/\\\/mont-roig.cat\\\/es\\\/pagina-de-inicio\\\/\"},{\"@type\":\"ListItem\",\"position\":2,\"name\":\"Mont-roig y Miami Platja reivindicar\u00e1n el 25N, D\u00eda Internacional para la eliminaci\u00f3n de la violencia hacia las mujeres.\"}]},{\"@type\":\"WebSite\",\"@id\":\"https:\\\/\\\/mont-roig.cat\\\/es\\\/#website\",\"url\":\"https:\\\/\\\/mont-roig.cat\\\/es\\\/\",\"name\":\"Ajuntament de Mont-roig del Camp\",\"description\":\"Tota la informaci\u00f3 sobre la instituci\u00f3, els seus \u00f2rgans de govern, actualitat, serveis i molt m\u00e9s.\",\"potentialAction\":[{\"@type\":\"SearchAction\",\"target\":{\"@type\":\"EntryPoint\",\"urlTemplate\":\"https:\\\/\\\/mont-roig.cat\\\/es\\\/?s={search_term_string}\"},\"query-input\":{\"@type\":\"PropertyValueSpecification\",\"valueRequired\":true,\"valueName\":\"search_term_string\"}}],\"inLanguage\":\"es\"},{\"@type\":\"Person\",\"@id\":\"https:\\\/\\\/mont-roig.cat\\\/es\\\/#\\\/schema\\\/person\\\/1f73e7b5e6f9dd122e8a6f14f310ac5e\",\"name\":\"comunicacio\",\"image\":{\"@type\":\"ImageObject\",\"inLanguage\":\"es\",\"@id\":\"https:\\\/\\\/secure.gravatar.com\\\/avatar\\\/98944333e7a877670a64f8d10f0cb680ab2c9ebc4efc43945ef004b52b5ad28c?s=96&d=mm&r=g\",\"url\":\"https:\\\/\\\/secure.gravatar.com\\\/avatar\\\/98944333e7a877670a64f8d10f0cb680ab2c9ebc4efc43945ef004b52b5ad28c?s=96&d=mm&r=g\",\"contentUrl\":\"https:\\\/\\\/secure.gravatar.com\\\/avatar\\\/98944333e7a877670a64f8d10f0cb680ab2c9ebc4efc43945ef004b52b5ad28c?s=96&d=mm&r=g\",\"caption\":\"comunicacio\"},\"url\":\"https:\\\/\\\/mont-roig.cat\\\/es\\\/actualitat\\\/noticies\\\/author\\\/comunicacio\\\/\"}]}<\/script>\n<!-- \/ Yoast SEO plugin. -->","yoast_head_json":{"title":"Mont-roig y Miami Platja reivindicar\u00e1n el 25N, D\u00eda Internacional para la eliminaci\u00f3n de la violencia hacia las mujeres. - Ajuntament de Mont-roig del Camp","robots":{"index":"index","follow":"follow","max-snippet":"max-snippet:-1","max-image-preview":"max-image-preview:large","max-video-preview":"max-video-preview:-1"},"canonical":"https:\/\/mont-roig.cat\/es\/actualitat\/noticies\/mont-roig-y-miami-platja-reivindicaran-el-25n-dia-internacional-para-la-eliminacion-de-la-violencia-hacia-las-mujeres\/","og_locale":"es_ES","og_type":"article","og_title":"Mont-roig y Miami Platja reivindicar\u00e1n el 25N, D\u00eda Internacional para la eliminaci\u00f3n de la violencia hacia las mujeres. - Ajuntament de Mont-roig del Camp","og_description":"Para la campa\u00f1a del 25N el Ayuntamiento de Mont-roig del Camp ha querido incidir en visibilizar las cifras de las mujeres que sufren violencias machistas en Catalunya. Cabe recordar que s\u00f3lo en el Principat de Catalunya ha habido m\u00e1s de 20.000 denuncias y han sido asesinadas 9 mujeres este a\u00f1o 2023. El objetivo es claro, [&hellip;]","og_url":"https:\/\/mont-roig.cat\/es\/actualitat\/noticies\/mont-roig-y-miami-platja-reivindicaran-el-25n-dia-internacional-para-la-eliminacion-de-la-violencia-hacia-las-mujeres\/","og_site_name":"Ajuntament de Mont-roig del Camp","article_published_time":"2023-11-09T11:51:11+00:00","article_modified_time":"2023-11-15T10:51:06+00:00","og_image":[{"width":1448,"height":2048,"url":"https:\/\/mont-roig.cat\/wp-content\/uploads\/MR_25N_2023_Cartell_A3_page-0001-scaled.jpg","type":"image\/jpeg"}],"author":"comunicacio","twitter_card":"summary_large_image","twitter_misc":{"Escrito por":"comunicacio","Tiempo de lectura":"3 minutos"},"schema":{"@context":"https:\/\/schema.org","@graph":[{"@type":"Article","@id":"https:\/\/mont-roig.cat\/es\/actualitat\/noticies\/mont-roig-y-miami-platja-reivindicaran-el-25n-dia-internacional-para-la-eliminacion-de-la-violencia-hacia-las-mujeres\/#article","isPartOf":{"@id":"https:\/\/mont-roig.cat\/es\/actualitat\/noticies\/mont-roig-y-miami-platja-reivindicaran-el-25n-dia-internacional-para-la-eliminacion-de-la-violencia-hacia-las-mujeres\/"},"author":{"name":"comunicacio","@id":"https:\/\/mont-roig.cat\/es\/#\/schema\/person\/1f73e7b5e6f9dd122e8a6f14f310ac5e"},"headline":"Mont-roig y Miami Platja reivindicar\u00e1n el 25N, D\u00eda Internacional para la eliminaci\u00f3n de la violencia hacia las mujeres.","datePublished":"2023-11-09T11:51:11+00:00","dateModified":"2023-11-15T10:51:06+00:00","mainEntityOfPage":{"@id":"https:\/\/mont-roig.cat\/es\/actualitat\/noticies\/mont-roig-y-miami-platja-reivindicaran-el-25n-dia-internacional-para-la-eliminacion-de-la-violencia-hacia-las-mujeres\/"},"wordCount":413,"image":{"@id":"https:\/\/mont-roig.cat\/es\/actualitat\/noticies\/mont-roig-y-miami-platja-reivindicaran-el-25n-dia-internacional-para-la-eliminacion-de-la-violencia-hacia-las-mujeres\/#primaryimage"},"thumbnailUrl":"https:\/\/mont-roig.cat\/wp-content\/uploads\/MR_25N_2023_Cartell_A3_page-0001-scaled.jpg","articleSection":["Ayuntamiento","Pol\u00edtiques d&#8217;Igualtat i de les Dones"],"inLanguage":"es"},{"@type":"WebPage","@id":"https:\/\/mont-roig.cat\/es\/actualitat\/noticies\/mont-roig-y-miami-platja-reivindicaran-el-25n-dia-internacional-para-la-eliminacion-de-la-violencia-hacia-las-mujeres\/","url":"https:\/\/mont-roig.cat\/es\/actualitat\/noticies\/mont-roig-y-miami-platja-reivindicaran-el-25n-dia-internacional-para-la-eliminacion-de-la-violencia-hacia-las-mujeres\/","name":"Mont-roig y Miami Platja reivindicar\u00e1n el 25N, D\u00eda Internacional para la eliminaci\u00f3n de la violencia hacia las mujeres. - Ajuntament de Mont-roig del Camp","isPartOf":{"@id":"https:\/\/mont-roig.cat\/es\/#website"},"primaryImageOfPage":{"@id":"https:\/\/mont-roig.cat\/es\/actualitat\/noticies\/mont-roig-y-miami-platja-reivindicaran-el-25n-dia-internacional-para-la-eliminacion-de-la-violencia-hacia-las-mujeres\/#primaryimage"},"image":{"@id":"https:\/\/mont-roig.cat\/es\/actualitat\/noticies\/mont-roig-y-miami-platja-reivindicaran-el-25n-dia-internacional-para-la-eliminacion-de-la-violencia-hacia-las-mujeres\/#primaryimage"},"thumbnailUrl":"https:\/\/mont-roig.cat\/wp-content\/uploads\/MR_25N_2023_Cartell_A3_page-0001-scaled.jpg","datePublished":"2023-11-09T11:51:11+00:00","dateModified":"2023-11-15T10:51:06+00:00","author":{"@id":"https:\/\/mont-roig.cat\/es\/#\/schema\/person\/1f73e7b5e6f9dd122e8a6f14f310ac5e"},"breadcrumb":{"@id":"https:\/\/mont-roig.cat\/es\/actualitat\/noticies\/mont-roig-y-miami-platja-reivindicaran-el-25n-dia-internacional-para-la-eliminacion-de-la-violencia-hacia-las-mujeres\/#breadcrumb"},"inLanguage":"es","potentialAction":[{"@type":"ReadAction","target":["https:\/\/mont-roig.cat\/es\/actualitat\/noticies\/mont-roig-y-miami-platja-reivindicaran-el-25n-dia-internacional-para-la-eliminacion-de-la-violencia-hacia-las-mujeres\/"]}]},{"@type":"ImageObject","inLanguage":"es","@id":"https:\/\/mont-roig.cat\/es\/actualitat\/noticies\/mont-roig-y-miami-platja-reivindicaran-el-25n-dia-internacional-para-la-eliminacion-de-la-violencia-hacia-las-mujeres\/#primaryimage","url":"https:\/\/mont-roig.cat\/wp-content\/uploads\/MR_25N_2023_Cartell_A3_page-0001-scaled.jpg","contentUrl":"https:\/\/mont-roig.cat\/wp-content\/uploads\/MR_25N_2023_Cartell_A3_page-0001-scaled.jpg","width":1448,"height":2048},{"@type":"BreadcrumbList","@id":"https:\/\/mont-roig.cat\/es\/actualitat\/noticies\/mont-roig-y-miami-platja-reivindicaran-el-25n-dia-internacional-para-la-eliminacion-de-la-violencia-hacia-las-mujeres\/#breadcrumb","itemListElement":[{"@type":"ListItem","position":1,"name":"Inici","item":"https:\/\/mont-roig.cat\/es\/pagina-de-inicio\/"},{"@type":"ListItem","position":2,"name":"Mont-roig y Miami Platja reivindicar\u00e1n el 25N, D\u00eda Internacional para la eliminaci\u00f3n de la violencia hacia las mujeres."}]},{"@type":"WebSite","@id":"https:\/\/mont-roig.cat\/es\/#website","url":"https:\/\/mont-roig.cat\/es\/","name":"Ajuntament de Mont-roig del Camp","description":"Tota la informaci\u00f3 sobre la instituci\u00f3, els seus \u00f2rgans de govern, actualitat, serveis i molt m\u00e9s.","potentialAction":[{"@type":"SearchAction","target":{"@type":"EntryPoint","urlTemplate":"https:\/\/mont-roig.cat\/es\/?s={search_term_string}"},"query-input":{"@type":"PropertyValueSpecification","valueRequired":true,"valueName":"search_term_string"}}],"inLanguage":"es"},{"@type":"Person","@id":"https:\/\/mont-roig.cat\/es\/#\/schema\/person\/1f73e7b5e6f9dd122e8a6f14f310ac5e","name":"comunicacio","image":{"@type":"ImageObject","inLanguage":"es","@id":"https:\/\/secure.gravatar.com\/avatar\/98944333e7a877670a64f8d10f0cb680ab2c9ebc4efc43945ef004b52b5ad28c?s=96&d=mm&r=g","url":"https:\/\/secure.gravatar.com\/avatar\/98944333e7a877670a64f8d10f0cb680ab2c9ebc4efc43945ef004b52b5ad28c?s=96&d=mm&r=g","contentUrl":"https:\/\/secure.gravatar.com\/avatar\/98944333e7a877670a64f8d10f0cb680ab2c9ebc4efc43945ef004b52b5ad28c?s=96&d=mm&r=g","caption":"comunicacio"},"url":"https:\/\/mont-roig.cat\/es\/actualitat\/noticies\/author\/comunicacio\/"}]}},"_links":{"self":[{"href":"https:\/\/mont-roig.cat\/es\/wp-json\/wp\/v2\/posts\/73518","targetHints":{"allow":["GET"]}}],"collection":[{"href":"https:\/\/mont-roig.cat\/es\/wp-json\/wp\/v2\/posts"}],"about":[{"href":"https:\/\/mont-roig.cat\/es\/wp-json\/wp\/v2\/types\/post"}],"author":[{"embeddable":true,"href":"https:\/\/mont-roig.cat\/es\/wp-json\/wp\/v2\/users\/13"}],"replies":[{"embeddable":true,"href":"https:\/\/mont-roig.cat\/es\/wp-json\/wp\/v2\/comments?post=73518"}],"version-history":[{"count":4,"href":"https:\/\/mont-roig.cat\/es\/wp-json\/wp\/v2\/posts\/73518\/revisions"}],"predecessor-version":[{"id":73564,"href":"https:\/\/mont-roig.cat\/es\/wp-json\/wp\/v2\/posts\/73518\/revisions\/73564"}],"wp:featuredmedia":[{"embeddable":true,"href":"https:\/\/mont-roig.cat\/es\/wp-json\/wp\/v2\/media\/73562"}],"wp:attachment":[{"href":"https:\/\/mont-roig.cat\/es\/wp-json\/wp\/v2\/media?parent=73518"}],"wp:term":[{"taxonomy":"category","embeddable":true,"href":"https:\/\/mont-roig.cat\/es\/wp-json\/wp\/v2\/categories?post=73518"},{"taxonomy":"post_tag","embeddable":true,"href":"https:\/\/mont-roig.cat\/es\/wp-json\/wp\/v2\/tags?post=73518"}],"curies":[{"name":"wp","href":"https:\/\/api.w.org\/{rel}","templated":true}]}}