{"id":73664,"date":"2023-11-22T14:59:44","date_gmt":"2023-11-22T13:59:44","guid":{"rendered":"https:\/\/mont-roig.cat\/actualitat\/noticies\/el-municipi-commemora-el-25n-amb-la-lectura-del-manifest-que-reclama-la-necessitat-de-trencar-els-silencis-en-la-denuncia-de-les-violencies-masclistes\/"},"modified":"2023-11-22T15:09:09","modified_gmt":"2023-11-22T14:09:09","slug":"el-municipio-conmemora-el-25n-con-la-lectura-del-manifiesto-que-reclama-la-necesidad-de-romper-los-silencios-en-la-denuncia-de-las-violencias-machistas","status":"publish","type":"post","link":"https:\/\/mont-roig.cat\/es\/actualitat\/noticies\/el-municipio-conmemora-el-25n-con-la-lectura-del-manifiesto-que-reclama-la-necesidad-de-romper-los-silencios-en-la-denuncia-de-las-violencias-machistas\/","title":{"rendered":"El municipio conmemora el 25N con la lectura del manifiesto que reclama la necesidad de romper el silencio en la denuncia de las violencias machistas"},"content":{"rendered":"<ul>\n<li><strong><a href=\"https:\/\/mont-roig.cat\/wp-content\/uploads\/Imagen-de-WhatsApp-2023-11-22-a-las-13.09.52_9b25847f.jpg\" target=\"_blank\" rel=\"noopener\"><img loading=\"lazy\" decoding=\"async\" class=\"alignright wp-image-73651\" src=\"https:\/\/mont-roig.cat\/wp-content\/uploads\/Imagen-de-WhatsApp-2023-11-22-a-las-13.09.52_9b25847f-500x375.jpg\" alt=\"\" width=\"293\" height=\"220\" srcset=\"https:\/\/mont-roig.cat\/wp-content\/uploads\/Imagen-de-WhatsApp-2023-11-22-a-las-13.09.52_9b25847f-500x375.jpg 500w, https:\/\/mont-roig.cat\/wp-content\/uploads\/Imagen-de-WhatsApp-2023-11-22-a-las-13.09.52_9b25847f-768x576.jpg 768w, https:\/\/mont-roig.cat\/wp-content\/uploads\/Imagen-de-WhatsApp-2023-11-22-a-las-13.09.52_9b25847f-463x348.jpg 463w, https:\/\/mont-roig.cat\/wp-content\/uploads\/Imagen-de-WhatsApp-2023-11-22-a-las-13.09.52_9b25847f.jpg 1024w\" sizes=\"auto, (max-width: 293px) 100vw, 293px\" \/><\/a>El manifiesto del D\u00eda Internacional por la Eliminaci\u00f3n de la Violencia hacia las mujeres se ha le\u00eddo por la ma\u00f1ana en el Centro Polivalente de Miami Platja y por la tarde se leer\u00e1 en Mont-roig.<\/strong><\/li>\n<\/ul>\n<p>La conmemoraci\u00f3n del 25 de Noviembre D\u00eda Internacional para la Eliminaci\u00f3n de la Violencia hacia las mujeres se ha llevado a cabo esta ma\u00f1ana en el Centro Polivalente de Miami Platja y por la tarde est\u00e1 previsto que se lea en Mont-roig a partir de las 19.30 h en el Casal de Joves.<\/p>\n<p>Esta ma\u00f1ana, en Miami Platja los agentes de salud del instituto Miami, despu\u00e9s de asistir a una obra de teatro destinada al alumnado de 4\u00ba de ESO de todo el municipio, han le\u00eddo su propio manifiesto. Esta lectura ha sido previa a la lectura de la declaraci\u00f3n institucional del 25N que ha ido a cargo del alcalde y los concejales y concejalas del Ayuntamiento.<\/p>\n<p>Todos los grupos municipales del Ayuntamiento (PSC, Plamimo, ERC i Junts) salvo Vox, se han adherido a este manifiesto institucional.<\/p>\n<p>Este a\u00f1o, la campa\u00f1a del 25N el Ayuntamiento de Mont-roig del Camp ha querido incidir en poner de manifiesto las cifras de las mujeres que sufren violencias machistas en Catalunya. Cabe recordar que s\u00f3lo en nuestra comunidad ha habido m\u00e1s de 20.000 denuncias y han sido asesinadas 13 mujeres este a\u00f1o 2023.<\/p>\n<p>Por su parte, el manifiesto institucional quiere visibilizar la necesidad de \u201cromper todos los silencios y tener un papel proactivo en la prevenci\u00f3n y detecci\u00f3n de las violencias machistas\u201d. Para leer el manifiesto completo del 25N se puede realizar <a href=\"https:\/\/www.acm.cat\/juridic\/declaracio-institucional-dia-internacional-eliminacio-violencia-dones-2023\" target=\"_blank\" rel=\"noopener\">este enlace.<\/a><\/p>\n\n\t\t<!-- MasterSlider -->\n\t\t<div id=\"P_MS69f5238a6b795\" class=\"master-slider-parent master-slider-gallery   ms-parent-id-0\"  >\n\n\t\t\t\n\t\t\t<!-- MasterSlider Main -->\n\t\t\t<div id=\"MS69f5238a6b795\" class=\"master-slider ms-skin-default\" >\n\t\t\t\t \t\t\t\t \n\t\t\t<div  class=\"ms-slide\" data-delay=\"3\"    >\n\t\t\t\t\t<img decoding=\"async\" src=\"https:\/\/mont-roig.cat\/wp-content\/plugins\/masterslider\/public\/assets\/css\/blank.gif\" alt=\"Imagen de WhatsApp 2023-11-22 a las 13.22.09_6893276f\" title=\"Imagen de WhatsApp 2023-11-22 a las 13.22.09_6893276f\" data-src=\"https:\/\/mont-roig.cat\/wp-content\/uploadsArray\" \/>\n\t<a href=\"https:\/\/mont-roig.cat\/es\/actualitat\/noticies\/el-municipio-conmemora-el-25n-con-la-lectura-del-manifiesto-que-reclama-la-necesidad-de-romper-los-silencios-en-la-denuncia-de-las-violencias-machistas\/imagen-de-whatsapp-2023-11-22-a-las-13-22-09_6893276f-2\/\" target=\"_self\"    >Imagen de WhatsApp 2023-11-22 a las 13.22.09_6893276f<\/a>\n\n\t\t\t\t\t<div class=\"ms-info\">Imagen de WhatsApp 2023-11-22 a las 13.22.09_6893276f<\/div>\n\n\n\t<img decoding=\"async\" class=\"ms-thumb\" src=\"https:\/\/mont-roig.cat\/wp-content\/uploadsArray\" alt=\"Imagen de WhatsApp 2023-11-22 a las 13.22.09_6893276f\" \/>\n\t\t\t\t<\/div>\n\t\t\t<div  class=\"ms-slide\" data-delay=\"3\"    >\n\t\t\t\t\t<img decoding=\"async\" src=\"https:\/\/mont-roig.cat\/wp-content\/plugins\/masterslider\/public\/assets\/css\/blank.gif\" alt=\"Imagen de WhatsApp 2023-11-22 a las 13.14.47_1b3186fc\" title=\"Imagen de WhatsApp 2023-11-22 a las 13.14.47_1b3186fc\" data-src=\"https:\/\/mont-roig.cat\/wp-content\/uploadsArray\" \/>\n\t<a href=\"https:\/\/mont-roig.cat\/es\/actualitat\/noticies\/el-municipio-conmemora-el-25n-con-la-lectura-del-manifiesto-que-reclama-la-necesidad-de-romper-los-silencios-en-la-denuncia-de-las-violencias-machistas\/imagen-de-whatsapp-2023-11-22-a-las-13-14-47_1b3186fc-2\/\" target=\"_self\"    >Imagen de WhatsApp 2023-11-22 a las 13.14.47_1b3186fc<\/a>\n\n\t\t\t\t\t<div class=\"ms-info\">Imagen de WhatsApp 2023-11-22 a las 13.14.47_1b3186fc<\/div>\n\n\n\t<img decoding=\"async\" class=\"ms-thumb\" src=\"https:\/\/mont-roig.cat\/wp-content\/uploadsArray\" alt=\"Imagen de WhatsApp 2023-11-22 a las 13.14.47_1b3186fc\" \/>\n\t\t\t\t<\/div>\n\t\t\t<div  class=\"ms-slide\" data-delay=\"3\"    >\n\t\t\t\t\t<img decoding=\"async\" src=\"https:\/\/mont-roig.cat\/wp-content\/plugins\/masterslider\/public\/assets\/css\/blank.gif\" alt=\"Imagen de WhatsApp 2023-11-22 a las 13.18.47_0269804d\" title=\"Imagen de WhatsApp 2023-11-22 a las 13.18.47_0269804d\" data-src=\"https:\/\/mont-roig.cat\/wp-content\/uploadsArray\" \/>\n\t<a href=\"https:\/\/mont-roig.cat\/es\/actualitat\/noticies\/el-municipio-conmemora-el-25n-con-la-lectura-del-manifiesto-que-reclama-la-necesidad-de-romper-los-silencios-en-la-denuncia-de-las-violencias-machistas\/imagen-de-whatsapp-2023-11-22-a-las-13-18-47_0269804d-2\/\" target=\"_self\"    >Imagen de WhatsApp 2023-11-22 a las 13.18.47_0269804d<\/a>\n\n\t\t\t\t\t<div class=\"ms-info\">Imagen de WhatsApp 2023-11-22 a las 13.18.47_0269804d<\/div>\n\n\n\t<img decoding=\"async\" class=\"ms-thumb\" src=\"https:\/\/mont-roig.cat\/wp-content\/uploadsArray\" alt=\"Imagen de WhatsApp 2023-11-22 a las 13.18.47_0269804d\" \/>\n\t\t\t\t<\/div>\n\t\t\t<div  class=\"ms-slide\" data-delay=\"3\"    >\n\t\t\t\t\t<img decoding=\"async\" src=\"https:\/\/mont-roig.cat\/wp-content\/plugins\/masterslider\/public\/assets\/css\/blank.gif\" alt=\"Imagen de WhatsApp 2023-11-22 a las 13.09.52_b930a92c\" title=\"Imagen de WhatsApp 2023-11-22 a las 13.09.52_b930a92c\" data-src=\"https:\/\/mont-roig.cat\/wp-content\/uploadsArray\" \/>\n\t<a href=\"https:\/\/mont-roig.cat\/es\/actualitat\/noticies\/el-municipio-conmemora-el-25n-con-la-lectura-del-manifiesto-que-reclama-la-necesidad-de-romper-los-silencios-en-la-denuncia-de-las-violencias-machistas\/imagen-de-whatsapp-2023-11-22-a-las-13-09-52_b930a92c-2\/\" target=\"_self\"    >Imagen de WhatsApp 2023-11-22 a las 13.09.52_b930a92c<\/a>\n\n\t\t\t\t\t<div class=\"ms-info\">Imagen de WhatsApp 2023-11-22 a las 13.09.52_b930a92c<\/div>\n\n\n\t<img decoding=\"async\" class=\"ms-thumb\" src=\"https:\/\/mont-roig.cat\/wp-content\/uploadsArray\" alt=\"Imagen de WhatsApp 2023-11-22 a las 13.09.52_b930a92c\" \/>\n\t\t\t\t<\/div>\n\n\t\t\t<\/div>\n\t\t\t<!-- END MasterSlider Main -->\n\n\t\t\t \n\t\t<\/div>\n\t\t<!-- END MasterSlider -->\n\n\t\t<script>\n\t\t( window.MSReady = window.MSReady || [] ).push( function( $ ) {\n\n\t\t\t\"use strict\";\n\t\t\tvar masterslider_b795 = new MasterSlider();\n\n\t\t\t\/\/ slider controls\n\t\t\tmasterslider_b795.control('arrows'     ,{ autohide:true, overVideo:true  });\n\t\t\tmasterslider_b795.control('thumblist'  ,{ autohide:false, overVideo:true, dir:'h', speed:17, inset:false, arrows:false, hover:false, customClass:'', align:'bottom',type:'thumbs', margin:2, width:140, height:80, space:2, fillMode:'fill'  });\n\t\t\tmasterslider_b795.control('slideinfo'  ,{ autohide:true, overVideo:true, dir:'h', align:'bottom',inset:true , margin:80  , size:30 });\n\t\t\t\/\/ slider setup\n\t\t\tmasterslider_b795.setup(\"MS69f5238a6b795\", {\n\t\t\t\twidth           : 960,\n\t\t\t\theight          : 540,\n\t\t\t\tminHeight       : 0,\n\t\t\t\tspace           : 0,\n\t\t\t\tstart           : 1,\n\t\t\t\tgrabCursor      : true,\n\t\t\t\tswipe           : true,\n\t\t\t\tmouse           : true,\n\t\t\t\tkeyboard        : false,\n\t\t\t\tlayout          : \"fillwidth\",\n\t\t\t\twheel           : false,\n\t\t\t\tautoplay        : false,\n                instantStartLayers:false,\n\t\t\t\tmobileBGVideo:false,\n\t\t\t\tloop            : false,\n\t\t\t\tshuffle         : false,\n\t\t\t\tpreload         : 3,\n\t\t\t\theightLimit     : false,\n\t\t\t\tautoHeight      : false,\n\t\t\t\tsmoothHeight    : true,\n\t\t\t\tendPause        : false,\n\t\t\t\toverPause       : false,\n\t\t\t\tfillMode        : \"fill\",\n\t\t\t\tcenterControls  : true,\n\t\t\t\tstartOnAppear   : false,\n\t\t\t\tlayersMode      : \"center\",\n\t\t\t\tautofillTarget  : \"\",\n\t\t\t\thideLayers      : false,\n\t\t\t\tfullscreenMargin: 0,\n\t\t\t\tspeed           : 17,\n\t\t\t\tdir             : \"h\",\n\t\t\t\tparallaxMode    : 'swipe',\n\t\t\t\tview            : \"basic\"\n\t\t\t});\n\n\t\t\t\n\t\t\twindow.masterslider_instances = window.masterslider_instances || [];\n\t\t\twindow.masterslider_instances.push( masterslider_b795 );\n\t\t});\n\t\t<\/script>\n\n\n","protected":false},"excerpt":{"rendered":"<p>El manifiesto del D\u00eda Internacional por la Eliminaci\u00f3n de la Violencia hacia las mujeres se ha le\u00eddo por la ma\u00f1ana en el Centro Polivalente de Miami Platja y por la tarde se leer\u00e1 en Mont-roig. La conmemoraci\u00f3n del 25 de Noviembre D\u00eda Internacional para la Eliminaci\u00f3n de la Violencia hacia las mujeres se ha llevado [&hellip;]<\/p>\n","protected":false},"author":13,"featured_media":73652,"comment_status":"closed","ping_status":"closed","sticky":false,"template":"","format":"standard","meta":{"inline_featured_image":false,"_monsterinsights_skip_tracking":false,"_monsterinsights_sitenote_active":false,"_monsterinsights_sitenote_note":"","_monsterinsights_sitenote_category":0,"footnotes":""},"categories":[98,174],"tags":[],"class_list":["post-73664","post","type-post","status-publish","format-standard","has-post-thumbnail","hentry","category-ayuntamiento","category-politiques-digualtat-i-de-les-dones-es"],"yoast_head":"<!-- This site is optimized with the Yoast SEO plugin v27.4 - https:\/\/yoast.com\/product\/yoast-seo-wordpress\/ -->\n<title>El municipio conmemora el 25N con la lectura del manifiesto que reclama la necesidad de romper el silencio en la denuncia de las violencias machistas - Ajuntament de Mont-roig del Camp<\/title>\n<meta name=\"robots\" content=\"index, follow, max-snippet:-1, max-image-preview:large, max-video-preview:-1\" \/>\n<link rel=\"canonical\" href=\"https:\/\/mont-roig.cat\/es\/actualitat\/noticies\/el-municipio-conmemora-el-25n-con-la-lectura-del-manifiesto-que-reclama-la-necesidad-de-romper-los-silencios-en-la-denuncia-de-las-violencias-machistas\/\" \/>\n<meta property=\"og:locale\" content=\"es_ES\" \/>\n<meta property=\"og:type\" content=\"article\" \/>\n<meta property=\"og:title\" content=\"El municipio conmemora el 25N con la lectura del manifiesto que reclama la necesidad de romper el silencio en la denuncia de las violencias machistas - Ajuntament de Mont-roig del Camp\" \/>\n<meta property=\"og:description\" content=\"El manifiesto del D\u00eda Internacional por la Eliminaci\u00f3n de la Violencia hacia las mujeres se ha le\u00eddo por la ma\u00f1ana en el Centro Polivalente de Miami Platja y por la tarde se leer\u00e1 en Mont-roig. La conmemoraci\u00f3n del 25 de Noviembre D\u00eda Internacional para la Eliminaci\u00f3n de la Violencia hacia las mujeres se ha llevado [&hellip;]\" \/>\n<meta property=\"og:url\" content=\"https:\/\/mont-roig.cat\/es\/actualitat\/noticies\/el-municipio-conmemora-el-25n-con-la-lectura-del-manifiesto-que-reclama-la-necesidad-de-romper-los-silencios-en-la-denuncia-de-las-violencias-machistas\/\" \/>\n<meta property=\"og:site_name\" content=\"Ajuntament de Mont-roig del Camp\" \/>\n<meta property=\"article:published_time\" content=\"2023-11-22T13:59:44+00:00\" \/>\n<meta property=\"article:modified_time\" content=\"2023-11-22T14:09:09+00:00\" \/>\n<meta property=\"og:image\" content=\"https:\/\/mont-roig.cat\/wp-content\/uploads\/Imagen-de-WhatsApp-2023-11-22-a-las-13.09.52_9b25847f.jpg\" \/>\n\t<meta property=\"og:image:width\" content=\"1024\" \/>\n\t<meta property=\"og:image:height\" content=\"768\" \/>\n\t<meta property=\"og:image:type\" content=\"image\/jpeg\" \/>\n<meta name=\"author\" content=\"comunicacio\" \/>\n<meta name=\"twitter:card\" content=\"summary_large_image\" \/>\n<meta name=\"twitter:label1\" content=\"Escrito por\" \/>\n\t<meta name=\"twitter:data1\" content=\"comunicacio\" \/>\n\t<meta name=\"twitter:label2\" content=\"Tiempo de lectura\" \/>\n\t<meta name=\"twitter:data2\" content=\"2 minutos\" \/>\n<script type=\"application\/ld+json\" class=\"yoast-schema-graph\">{\"@context\":\"https:\\\/\\\/schema.org\",\"@graph\":[{\"@type\":\"Article\",\"@id\":\"https:\\\/\\\/mont-roig.cat\\\/es\\\/actualitat\\\/noticies\\\/el-municipio-conmemora-el-25n-con-la-lectura-del-manifiesto-que-reclama-la-necesidad-de-romper-los-silencios-en-la-denuncia-de-las-violencias-machistas\\\/#article\",\"isPartOf\":{\"@id\":\"https:\\\/\\\/mont-roig.cat\\\/es\\\/actualitat\\\/noticies\\\/el-municipio-conmemora-el-25n-con-la-lectura-del-manifiesto-que-reclama-la-necesidad-de-romper-los-silencios-en-la-denuncia-de-las-violencias-machistas\\\/\"},\"author\":{\"name\":\"comunicacio\",\"@id\":\"https:\\\/\\\/mont-roig.cat\\\/es\\\/#\\\/schema\\\/person\\\/1f73e7b5e6f9dd122e8a6f14f310ac5e\"},\"headline\":\"El municipio conmemora el 25N con la lectura del manifiesto que reclama la necesidad de romper el silencio en la denuncia de las violencias machistas\",\"datePublished\":\"2023-11-22T13:59:44+00:00\",\"dateModified\":\"2023-11-22T14:09:09+00:00\",\"mainEntityOfPage\":{\"@id\":\"https:\\\/\\\/mont-roig.cat\\\/es\\\/actualitat\\\/noticies\\\/el-municipio-conmemora-el-25n-con-la-lectura-del-manifiesto-que-reclama-la-necesidad-de-romper-los-silencios-en-la-denuncia-de-las-violencias-machistas\\\/\"},\"wordCount\":310,\"image\":{\"@id\":\"https:\\\/\\\/mont-roig.cat\\\/es\\\/actualitat\\\/noticies\\\/el-municipio-conmemora-el-25n-con-la-lectura-del-manifiesto-que-reclama-la-necesidad-de-romper-los-silencios-en-la-denuncia-de-las-violencias-machistas\\\/#primaryimage\"},\"thumbnailUrl\":\"https:\\\/\\\/mont-roig.cat\\\/wp-content\\\/uploads\\\/Imagen-de-WhatsApp-2023-11-22-a-las-13.09.52_9b25847f.jpg\",\"articleSection\":[\"Ayuntamiento\",\"Pol\u00edtiques d&#8217;Igualtat i de les Dones\"],\"inLanguage\":\"es\"},{\"@type\":\"WebPage\",\"@id\":\"https:\\\/\\\/mont-roig.cat\\\/es\\\/actualitat\\\/noticies\\\/el-municipio-conmemora-el-25n-con-la-lectura-del-manifiesto-que-reclama-la-necesidad-de-romper-los-silencios-en-la-denuncia-de-las-violencias-machistas\\\/\",\"url\":\"https:\\\/\\\/mont-roig.cat\\\/es\\\/actualitat\\\/noticies\\\/el-municipio-conmemora-el-25n-con-la-lectura-del-manifiesto-que-reclama-la-necesidad-de-romper-los-silencios-en-la-denuncia-de-las-violencias-machistas\\\/\",\"name\":\"El municipio conmemora el 25N con la lectura del manifiesto que reclama la necesidad de romper el silencio en la denuncia de las violencias machistas - Ajuntament de Mont-roig del Camp\",\"isPartOf\":{\"@id\":\"https:\\\/\\\/mont-roig.cat\\\/es\\\/#website\"},\"primaryImageOfPage\":{\"@id\":\"https:\\\/\\\/mont-roig.cat\\\/es\\\/actualitat\\\/noticies\\\/el-municipio-conmemora-el-25n-con-la-lectura-del-manifiesto-que-reclama-la-necesidad-de-romper-los-silencios-en-la-denuncia-de-las-violencias-machistas\\\/#primaryimage\"},\"image\":{\"@id\":\"https:\\\/\\\/mont-roig.cat\\\/es\\\/actualitat\\\/noticies\\\/el-municipio-conmemora-el-25n-con-la-lectura-del-manifiesto-que-reclama-la-necesidad-de-romper-los-silencios-en-la-denuncia-de-las-violencias-machistas\\\/#primaryimage\"},\"thumbnailUrl\":\"https:\\\/\\\/mont-roig.cat\\\/wp-content\\\/uploads\\\/Imagen-de-WhatsApp-2023-11-22-a-las-13.09.52_9b25847f.jpg\",\"datePublished\":\"2023-11-22T13:59:44+00:00\",\"dateModified\":\"2023-11-22T14:09:09+00:00\",\"author\":{\"@id\":\"https:\\\/\\\/mont-roig.cat\\\/es\\\/#\\\/schema\\\/person\\\/1f73e7b5e6f9dd122e8a6f14f310ac5e\"},\"breadcrumb\":{\"@id\":\"https:\\\/\\\/mont-roig.cat\\\/es\\\/actualitat\\\/noticies\\\/el-municipio-conmemora-el-25n-con-la-lectura-del-manifiesto-que-reclama-la-necesidad-de-romper-los-silencios-en-la-denuncia-de-las-violencias-machistas\\\/#breadcrumb\"},\"inLanguage\":\"es\",\"potentialAction\":[{\"@type\":\"ReadAction\",\"target\":[\"https:\\\/\\\/mont-roig.cat\\\/es\\\/actualitat\\\/noticies\\\/el-municipio-conmemora-el-25n-con-la-lectura-del-manifiesto-que-reclama-la-necesidad-de-romper-los-silencios-en-la-denuncia-de-las-violencias-machistas\\\/\"]}]},{\"@type\":\"ImageObject\",\"inLanguage\":\"es\",\"@id\":\"https:\\\/\\\/mont-roig.cat\\\/es\\\/actualitat\\\/noticies\\\/el-municipio-conmemora-el-25n-con-la-lectura-del-manifiesto-que-reclama-la-necesidad-de-romper-los-silencios-en-la-denuncia-de-las-violencias-machistas\\\/#primaryimage\",\"url\":\"https:\\\/\\\/mont-roig.cat\\\/wp-content\\\/uploads\\\/Imagen-de-WhatsApp-2023-11-22-a-las-13.09.52_9b25847f.jpg\",\"contentUrl\":\"https:\\\/\\\/mont-roig.cat\\\/wp-content\\\/uploads\\\/Imagen-de-WhatsApp-2023-11-22-a-las-13.09.52_9b25847f.jpg\",\"width\":1024,\"height\":768},{\"@type\":\"BreadcrumbList\",\"@id\":\"https:\\\/\\\/mont-roig.cat\\\/es\\\/actualitat\\\/noticies\\\/el-municipio-conmemora-el-25n-con-la-lectura-del-manifiesto-que-reclama-la-necesidad-de-romper-los-silencios-en-la-denuncia-de-las-violencias-machistas\\\/#breadcrumb\",\"itemListElement\":[{\"@type\":\"ListItem\",\"position\":1,\"name\":\"Inici\",\"item\":\"https:\\\/\\\/mont-roig.cat\\\/es\\\/pagina-de-inicio\\\/\"},{\"@type\":\"ListItem\",\"position\":2,\"name\":\"El municipio conmemora el 25N con la lectura del manifiesto que reclama la necesidad de romper el silencio en la denuncia de las violencias machistas\"}]},{\"@type\":\"WebSite\",\"@id\":\"https:\\\/\\\/mont-roig.cat\\\/es\\\/#website\",\"url\":\"https:\\\/\\\/mont-roig.cat\\\/es\\\/\",\"name\":\"Ajuntament de Mont-roig del Camp\",\"description\":\"Tota la informaci\u00f3 sobre la instituci\u00f3, els seus \u00f2rgans de govern, actualitat, serveis i molt m\u00e9s.\",\"potentialAction\":[{\"@type\":\"SearchAction\",\"target\":{\"@type\":\"EntryPoint\",\"urlTemplate\":\"https:\\\/\\\/mont-roig.cat\\\/es\\\/?s={search_term_string}\"},\"query-input\":{\"@type\":\"PropertyValueSpecification\",\"valueRequired\":true,\"valueName\":\"search_term_string\"}}],\"inLanguage\":\"es\"},{\"@type\":\"Person\",\"@id\":\"https:\\\/\\\/mont-roig.cat\\\/es\\\/#\\\/schema\\\/person\\\/1f73e7b5e6f9dd122e8a6f14f310ac5e\",\"name\":\"comunicacio\",\"image\":{\"@type\":\"ImageObject\",\"inLanguage\":\"es\",\"@id\":\"https:\\\/\\\/secure.gravatar.com\\\/avatar\\\/98944333e7a877670a64f8d10f0cb680ab2c9ebc4efc43945ef004b52b5ad28c?s=96&d=mm&r=g\",\"url\":\"https:\\\/\\\/secure.gravatar.com\\\/avatar\\\/98944333e7a877670a64f8d10f0cb680ab2c9ebc4efc43945ef004b52b5ad28c?s=96&d=mm&r=g\",\"contentUrl\":\"https:\\\/\\\/secure.gravatar.com\\\/avatar\\\/98944333e7a877670a64f8d10f0cb680ab2c9ebc4efc43945ef004b52b5ad28c?s=96&d=mm&r=g\",\"caption\":\"comunicacio\"},\"url\":\"https:\\\/\\\/mont-roig.cat\\\/es\\\/actualitat\\\/noticies\\\/author\\\/comunicacio\\\/\"}]}<\/script>\n<!-- \/ Yoast SEO plugin. -->","yoast_head_json":{"title":"El municipio conmemora el 25N con la lectura del manifiesto que reclama la necesidad de romper el silencio en la denuncia de las violencias machistas - Ajuntament de Mont-roig del Camp","robots":{"index":"index","follow":"follow","max-snippet":"max-snippet:-1","max-image-preview":"max-image-preview:large","max-video-preview":"max-video-preview:-1"},"canonical":"https:\/\/mont-roig.cat\/es\/actualitat\/noticies\/el-municipio-conmemora-el-25n-con-la-lectura-del-manifiesto-que-reclama-la-necesidad-de-romper-los-silencios-en-la-denuncia-de-las-violencias-machistas\/","og_locale":"es_ES","og_type":"article","og_title":"El municipio conmemora el 25N con la lectura del manifiesto que reclama la necesidad de romper el silencio en la denuncia de las violencias machistas - Ajuntament de Mont-roig del Camp","og_description":"El manifiesto del D\u00eda Internacional por la Eliminaci\u00f3n de la Violencia hacia las mujeres se ha le\u00eddo por la ma\u00f1ana en el Centro Polivalente de Miami Platja y por la tarde se leer\u00e1 en Mont-roig. La conmemoraci\u00f3n del 25 de Noviembre D\u00eda Internacional para la Eliminaci\u00f3n de la Violencia hacia las mujeres se ha llevado [&hellip;]","og_url":"https:\/\/mont-roig.cat\/es\/actualitat\/noticies\/el-municipio-conmemora-el-25n-con-la-lectura-del-manifiesto-que-reclama-la-necesidad-de-romper-los-silencios-en-la-denuncia-de-las-violencias-machistas\/","og_site_name":"Ajuntament de Mont-roig del Camp","article_published_time":"2023-11-22T13:59:44+00:00","article_modified_time":"2023-11-22T14:09:09+00:00","og_image":[{"width":1024,"height":768,"url":"https:\/\/mont-roig.cat\/wp-content\/uploads\/Imagen-de-WhatsApp-2023-11-22-a-las-13.09.52_9b25847f.jpg","type":"image\/jpeg"}],"author":"comunicacio","twitter_card":"summary_large_image","twitter_misc":{"Escrito por":"comunicacio","Tiempo de lectura":"2 minutos"},"schema":{"@context":"https:\/\/schema.org","@graph":[{"@type":"Article","@id":"https:\/\/mont-roig.cat\/es\/actualitat\/noticies\/el-municipio-conmemora-el-25n-con-la-lectura-del-manifiesto-que-reclama-la-necesidad-de-romper-los-silencios-en-la-denuncia-de-las-violencias-machistas\/#article","isPartOf":{"@id":"https:\/\/mont-roig.cat\/es\/actualitat\/noticies\/el-municipio-conmemora-el-25n-con-la-lectura-del-manifiesto-que-reclama-la-necesidad-de-romper-los-silencios-en-la-denuncia-de-las-violencias-machistas\/"},"author":{"name":"comunicacio","@id":"https:\/\/mont-roig.cat\/es\/#\/schema\/person\/1f73e7b5e6f9dd122e8a6f14f310ac5e"},"headline":"El municipio conmemora el 25N con la lectura del manifiesto que reclama la necesidad de romper el silencio en la denuncia de las violencias machistas","datePublished":"2023-11-22T13:59:44+00:00","dateModified":"2023-11-22T14:09:09+00:00","mainEntityOfPage":{"@id":"https:\/\/mont-roig.cat\/es\/actualitat\/noticies\/el-municipio-conmemora-el-25n-con-la-lectura-del-manifiesto-que-reclama-la-necesidad-de-romper-los-silencios-en-la-denuncia-de-las-violencias-machistas\/"},"wordCount":310,"image":{"@id":"https:\/\/mont-roig.cat\/es\/actualitat\/noticies\/el-municipio-conmemora-el-25n-con-la-lectura-del-manifiesto-que-reclama-la-necesidad-de-romper-los-silencios-en-la-denuncia-de-las-violencias-machistas\/#primaryimage"},"thumbnailUrl":"https:\/\/mont-roig.cat\/wp-content\/uploads\/Imagen-de-WhatsApp-2023-11-22-a-las-13.09.52_9b25847f.jpg","articleSection":["Ayuntamiento","Pol\u00edtiques d&#8217;Igualtat i de les Dones"],"inLanguage":"es"},{"@type":"WebPage","@id":"https:\/\/mont-roig.cat\/es\/actualitat\/noticies\/el-municipio-conmemora-el-25n-con-la-lectura-del-manifiesto-que-reclama-la-necesidad-de-romper-los-silencios-en-la-denuncia-de-las-violencias-machistas\/","url":"https:\/\/mont-roig.cat\/es\/actualitat\/noticies\/el-municipio-conmemora-el-25n-con-la-lectura-del-manifiesto-que-reclama-la-necesidad-de-romper-los-silencios-en-la-denuncia-de-las-violencias-machistas\/","name":"El municipio conmemora el 25N con la lectura del manifiesto que reclama la necesidad de romper el silencio en la denuncia de las violencias machistas - Ajuntament de Mont-roig del Camp","isPartOf":{"@id":"https:\/\/mont-roig.cat\/es\/#website"},"primaryImageOfPage":{"@id":"https:\/\/mont-roig.cat\/es\/actualitat\/noticies\/el-municipio-conmemora-el-25n-con-la-lectura-del-manifiesto-que-reclama-la-necesidad-de-romper-los-silencios-en-la-denuncia-de-las-violencias-machistas\/#primaryimage"},"image":{"@id":"https:\/\/mont-roig.cat\/es\/actualitat\/noticies\/el-municipio-conmemora-el-25n-con-la-lectura-del-manifiesto-que-reclama-la-necesidad-de-romper-los-silencios-en-la-denuncia-de-las-violencias-machistas\/#primaryimage"},"thumbnailUrl":"https:\/\/mont-roig.cat\/wp-content\/uploads\/Imagen-de-WhatsApp-2023-11-22-a-las-13.09.52_9b25847f.jpg","datePublished":"2023-11-22T13:59:44+00:00","dateModified":"2023-11-22T14:09:09+00:00","author":{"@id":"https:\/\/mont-roig.cat\/es\/#\/schema\/person\/1f73e7b5e6f9dd122e8a6f14f310ac5e"},"breadcrumb":{"@id":"https:\/\/mont-roig.cat\/es\/actualitat\/noticies\/el-municipio-conmemora-el-25n-con-la-lectura-del-manifiesto-que-reclama-la-necesidad-de-romper-los-silencios-en-la-denuncia-de-las-violencias-machistas\/#breadcrumb"},"inLanguage":"es","potentialAction":[{"@type":"ReadAction","target":["https:\/\/mont-roig.cat\/es\/actualitat\/noticies\/el-municipio-conmemora-el-25n-con-la-lectura-del-manifiesto-que-reclama-la-necesidad-de-romper-los-silencios-en-la-denuncia-de-las-violencias-machistas\/"]}]},{"@type":"ImageObject","inLanguage":"es","@id":"https:\/\/mont-roig.cat\/es\/actualitat\/noticies\/el-municipio-conmemora-el-25n-con-la-lectura-del-manifiesto-que-reclama-la-necesidad-de-romper-los-silencios-en-la-denuncia-de-las-violencias-machistas\/#primaryimage","url":"https:\/\/mont-roig.cat\/wp-content\/uploads\/Imagen-de-WhatsApp-2023-11-22-a-las-13.09.52_9b25847f.jpg","contentUrl":"https:\/\/mont-roig.cat\/wp-content\/uploads\/Imagen-de-WhatsApp-2023-11-22-a-las-13.09.52_9b25847f.jpg","width":1024,"height":768},{"@type":"BreadcrumbList","@id":"https:\/\/mont-roig.cat\/es\/actualitat\/noticies\/el-municipio-conmemora-el-25n-con-la-lectura-del-manifiesto-que-reclama-la-necesidad-de-romper-los-silencios-en-la-denuncia-de-las-violencias-machistas\/#breadcrumb","itemListElement":[{"@type":"ListItem","position":1,"name":"Inici","item":"https:\/\/mont-roig.cat\/es\/pagina-de-inicio\/"},{"@type":"ListItem","position":2,"name":"El municipio conmemora el 25N con la lectura del manifiesto que reclama la necesidad de romper el silencio en la denuncia de las violencias machistas"}]},{"@type":"WebSite","@id":"https:\/\/mont-roig.cat\/es\/#website","url":"https:\/\/mont-roig.cat\/es\/","name":"Ajuntament de Mont-roig del Camp","description":"Tota la informaci\u00f3 sobre la instituci\u00f3, els seus \u00f2rgans de govern, actualitat, serveis i molt m\u00e9s.","potentialAction":[{"@type":"SearchAction","target":{"@type":"EntryPoint","urlTemplate":"https:\/\/mont-roig.cat\/es\/?s={search_term_string}"},"query-input":{"@type":"PropertyValueSpecification","valueRequired":true,"valueName":"search_term_string"}}],"inLanguage":"es"},{"@type":"Person","@id":"https:\/\/mont-roig.cat\/es\/#\/schema\/person\/1f73e7b5e6f9dd122e8a6f14f310ac5e","name":"comunicacio","image":{"@type":"ImageObject","inLanguage":"es","@id":"https:\/\/secure.gravatar.com\/avatar\/98944333e7a877670a64f8d10f0cb680ab2c9ebc4efc43945ef004b52b5ad28c?s=96&d=mm&r=g","url":"https:\/\/secure.gravatar.com\/avatar\/98944333e7a877670a64f8d10f0cb680ab2c9ebc4efc43945ef004b52b5ad28c?s=96&d=mm&r=g","contentUrl":"https:\/\/secure.gravatar.com\/avatar\/98944333e7a877670a64f8d10f0cb680ab2c9ebc4efc43945ef004b52b5ad28c?s=96&d=mm&r=g","caption":"comunicacio"},"url":"https:\/\/mont-roig.cat\/es\/actualitat\/noticies\/author\/comunicacio\/"}]}},"_links":{"self":[{"href":"https:\/\/mont-roig.cat\/es\/wp-json\/wp\/v2\/posts\/73664","targetHints":{"allow":["GET"]}}],"collection":[{"href":"https:\/\/mont-roig.cat\/es\/wp-json\/wp\/v2\/posts"}],"about":[{"href":"https:\/\/mont-roig.cat\/es\/wp-json\/wp\/v2\/types\/post"}],"author":[{"embeddable":true,"href":"https:\/\/mont-roig.cat\/es\/wp-json\/wp\/v2\/users\/13"}],"replies":[{"embeddable":true,"href":"https:\/\/mont-roig.cat\/es\/wp-json\/wp\/v2\/comments?post=73664"}],"version-history":[{"count":2,"href":"https:\/\/mont-roig.cat\/es\/wp-json\/wp\/v2\/posts\/73664\/revisions"}],"predecessor-version":[{"id":73666,"href":"https:\/\/mont-roig.cat\/es\/wp-json\/wp\/v2\/posts\/73664\/revisions\/73666"}],"wp:featuredmedia":[{"embeddable":true,"href":"https:\/\/mont-roig.cat\/es\/wp-json\/wp\/v2\/media\/73652"}],"wp:attachment":[{"href":"https:\/\/mont-roig.cat\/es\/wp-json\/wp\/v2\/media?parent=73664"}],"wp:term":[{"taxonomy":"category","embeddable":true,"href":"https:\/\/mont-roig.cat\/es\/wp-json\/wp\/v2\/categories?post=73664"},{"taxonomy":"post_tag","embeddable":true,"href":"https:\/\/mont-roig.cat\/es\/wp-json\/wp\/v2\/tags?post=73664"}],"curies":[{"name":"wp","href":"https:\/\/api.w.org\/{rel}","templated":true}]}}