{"id":73783,"date":"2023-11-30T13:59:51","date_gmt":"2023-11-30T12:59:51","guid":{"rendered":"https:\/\/mont-roig.cat\/actualitat\/noticies\/programacio-de-nadal-a-mont-roig-i-a-maimi-platja-per-a-tota-la-familia\/"},"modified":"2023-11-30T14:57:57","modified_gmt":"2023-11-30T13:57:57","slug":"programacion-de-navidadddd-en-mont-roig-y-en-maimi-platja-para-toda-la-familia","status":"publish","type":"post","link":"https:\/\/mont-roig.cat\/es\/actualitat\/noticies\/programacion-de-navidadddd-en-mont-roig-y-en-maimi-platja-para-toda-la-familia\/","title":{"rendered":"Programaci\u00f3n de Navidad en Mont-roig y en Miami Platja para toda la familia"},"content":{"rendered":"<ul>\n<li><strong><a href=\"https:\/\/mont-roig.cat\/wp-content\/uploads\/cartell-nadal-23_24.jpg\" target=\"_blank\" rel=\"noopener\"><img loading=\"lazy\" decoding=\"async\" class=\"alignright wp-image-73772\" src=\"https:\/\/mont-roig.cat\/wp-content\/uploads\/cartell-nadal-23_24-353x500.jpg\" alt=\"\" width=\"261\" height=\"370\" srcset=\"https:\/\/mont-roig.cat\/wp-content\/uploads\/cartell-nadal-23_24-353x500.jpg 353w, https:\/\/mont-roig.cat\/wp-content\/uploads\/cartell-nadal-23_24-724x1024.jpg 724w, https:\/\/mont-roig.cat\/wp-content\/uploads\/cartell-nadal-23_24-768x1086.jpg 768w, https:\/\/mont-roig.cat\/wp-content\/uploads\/cartell-nadal-23_24-1086x1536.jpg 1086w, https:\/\/mont-roig.cat\/wp-content\/uploads\/cartell-nadal-23_24.jpg 1131w\" sizes=\"auto, (max-width: 261px) 100vw, 261px\" \/><\/a>El acto de encendido del \u00e1rbol de Navidad el viernes 1 de diciembre en Mont-roig y el s\u00e1bado 2 en Miami Platja servir\u00e1 para inaugurar unas fiestas navide\u00f1as que contar\u00e1n con medio centenar de actos<\/strong><\/li>\n<\/ul>\n<p>Con el eslogan <em>Per Nadal cada ovella al seu corral,<\/em> el Ayuntamiento de Mont-roig del Camp presenta una programaci\u00f3n de Navidad que cuenta con una cincuentena de actos desde este fin de semana y durante un mes y medio. Estos viernes y s\u00e1bado arranca la programaci\u00f3n con las encendidas de los \u00e1rboles de Navidad y se alargar\u00e1 hasta el 14 de enero con la carrera Crematorrons, ideal para cerrar una programaci\u00f3n para todos los p\u00fablicos y para compartir en familia.<strong><br \/>\n<\/strong><\/p>\n<p><a href=\"https:\/\/mont-roig.cat\/wp-content\/uploads\/MR_Nadal_2023_Programa_Mont-roig_AAFF-1.pdf\" target=\"_blank\" rel=\"noopener\">Per Nadal, cada ovella al seu corral a Mont-roig (descarga el pdf)<\/a><\/p>\n<p><a href=\"https:\/\/mont-roig.cat\/wp-content\/uploads\/MR_Nadal_2023_Programa_Miami_AAFF-3.pdf\" target=\"_blank\" rel=\"noopener\">Per Nadal, cada ovella al seu corral a Miami Platja (descarga el pdf)<\/a><\/p>\n<p><strong>Inauguraci\u00f3n de la Navidad<\/strong><br \/>\nEste viernes 1 de diciembre en Mont-roig tendr\u00e1 lugar el acto del encendido del \u00e1rbol y las luces de Navidad en la plaza Miramar, donde tambi\u00e9n participar\u00e1 el alumnado de la Escuela de M\u00fasica Baptista Nogu\u00e9s y el cantante Agust\u00edn Roma. A continuaci\u00f3n se podr\u00e1 disfrutar de la actuaci\u00f3n as\u00ed como de chocolate caliente.<\/p>\n<p>En Miami Platja el acto del encendido del \u00e1rbol y las luces de Navidad ser\u00e1 el s\u00e1bado 2 de diciembre en la Plaza de Tarragona, con la actuaci\u00f3n de Karen Guti\u00e9rrez. Tambi\u00e9n habr\u00e1 chocolate caliente para todos. Adem\u00e1s durante el s\u00e1bado y el domingo, en la misma plaza habr\u00e1 instalado un mercado con art\u00edculos t\u00edpicos de Navidad y actividades diversas como cata de vinos, un hinchable y talleres de pintacaras. En Mont-roig, el domingo d\u00eda 10 tambi\u00e9n habr\u00e1 un mercado navide\u00f1o en la plaza Moss\u00e8n Gaiet\u00e0 Ivern con artesan\u00eda y comercios, talleres de pintacaras y por la tarde un espect\u00e1culo de magia con el Mag Struc.<\/p>\n<p><strong>Actos para ni\u00f1os y ni\u00f1as<\/strong><br \/>\nUn a\u00f1o m\u00e1s, los m\u00e1s peque\u00f1os ser\u00e1n los protagonistas principales de estas fiestas, con diferentes propuestas pensadas especialmente para los ni\u00f1os y ni\u00f1as como son la Fiesta de la Infancia, los Parques de Navidad, la llegada de l&#8217;Home dels Nassos, los Belenes vivientes, la llegada de Pap\u00e1 Noel, as\u00ed como la llegada de Sus Majestades los Reyes Magos.<\/p>\n<p><strong>Participaci\u00f3n de las entidades<\/strong><br \/>\nDe nuevo, la programaci\u00f3n est\u00e1 llena de actos con la participaci\u00f3n directa o indirecta de diversas entidades del municipio. As\u00ed por ejemplo, no faltar\u00e1 el festival de Navidad del Club de R\u00edtmica Miami, el festival solidario de la Agrupaci\u00f3 de Patinatge de Mont-roig, la Cursas dels Nassos i Nassets del Areny, la tradicional Cursa del Gall d&#8217;Indi de la Penya Ciclista de Mont-roig, el concierto de la Coral Sant Miquel, la colaboraci\u00f3n del Grup de Col\u00f2nies i l&#8217;Esplai els Brivalls, etc.<\/p>\n<p><strong>Concursos<\/strong><br \/>\nPor \u00faltimo, como ya es tradicional, desde el Ayuntamiento se invita a todo el mundo a participar en el Concurso de Belenes. Una iniciativa que premia a los pesebres familiares m\u00e1s originales, art\u00edsticos y elaborados, as\u00ed como a los pesebres juveniles e infantiles. Las inscripciones ya est\u00e1n abiertas y pueden realizarse hasta el 14 de diciembre <a href=\"https:\/\/mont-roig.eadministracio.cat\/?x=sP1ms7-KwWrcQutdXNMuzg\" target=\"_blank\" rel=\"noopener\">en el siguiente enlace.<\/a><\/p>\n<p>Este a\u00f1o tambi\u00e9n puede ganar dos lotes de productos navide\u00f1os que se sortear\u00e1n entre todas aquellas personas que a trav\u00e9s de sus redes sociales cuelguen fotograf\u00edas de los actos con la etiqueta #NadalMontroigMiami23.<\/p>\n","protected":false},"excerpt":{"rendered":"<p>El acto de encendido del \u00e1rbol de Navidad el viernes 1 de diciembre en Mont-roig y el s\u00e1bado 2 en Miami Platja servir\u00e1 para inaugurar unas fiestas navide\u00f1as que contar\u00e1n con medio centenar de actos Con el eslogan Per Nadal cada ovella al seu corral, el Ayuntamiento de Mont-roig del Camp presenta una programaci\u00f3n de [&hellip;]<\/p>\n","protected":false},"author":13,"featured_media":73789,"comment_status":"closed","ping_status":"closed","sticky":false,"template":"","format":"standard","meta":{"inline_featured_image":false,"_monsterinsights_skip_tracking":false,"_monsterinsights_sitenote_active":false,"_monsterinsights_sitenote_note":"","_monsterinsights_sitenote_category":0,"footnotes":""},"categories":[98],"tags":[],"class_list":["post-73783","post","type-post","status-publish","format-standard","has-post-thumbnail","hentry","category-ayuntamiento"],"yoast_head":"<!-- This site is optimized with the Yoast SEO plugin v27.4 - https:\/\/yoast.com\/product\/yoast-seo-wordpress\/ -->\n<title>Programaci\u00f3n de Navidad en Mont-roig y en Miami Platja para toda la familia - Ajuntament de Mont-roig del Camp<\/title>\n<meta name=\"robots\" content=\"index, follow, max-snippet:-1, max-image-preview:large, max-video-preview:-1\" \/>\n<link rel=\"canonical\" href=\"https:\/\/mont-roig.cat\/es\/actualitat\/noticies\/programacion-de-navidadddd-en-mont-roig-y-en-maimi-platja-para-toda-la-familia\/\" \/>\n<meta property=\"og:locale\" content=\"es_ES\" \/>\n<meta property=\"og:type\" content=\"article\" \/>\n<meta property=\"og:title\" content=\"Programaci\u00f3n de Navidad en Mont-roig y en Miami Platja para toda la familia - Ajuntament de Mont-roig del Camp\" \/>\n<meta property=\"og:description\" content=\"El acto de encendido del \u00e1rbol de Navidad el viernes 1 de diciembre en Mont-roig y el s\u00e1bado 2 en Miami Platja servir\u00e1 para inaugurar unas fiestas navide\u00f1as que contar\u00e1n con medio centenar de actos Con el eslogan Per Nadal cada ovella al seu corral, el Ayuntamiento de Mont-roig del Camp presenta una programaci\u00f3n de [&hellip;]\" \/>\n<meta property=\"og:url\" content=\"https:\/\/mont-roig.cat\/es\/actualitat\/noticies\/programacion-de-navidadddd-en-mont-roig-y-en-maimi-platja-para-toda-la-familia\/\" \/>\n<meta property=\"og:site_name\" content=\"Ajuntament de Mont-roig del Camp\" \/>\n<meta property=\"article:published_time\" content=\"2023-11-30T12:59:51+00:00\" \/>\n<meta property=\"article:modified_time\" content=\"2023-11-30T13:57:57+00:00\" \/>\n<meta property=\"og:image\" content=\"https:\/\/mont-roig.cat\/wp-content\/uploads\/MR_Nadal_2023_Baner_768x500.jpg\" \/>\n\t<meta property=\"og:image:width\" content=\"768\" \/>\n\t<meta property=\"og:image:height\" content=\"500\" \/>\n\t<meta property=\"og:image:type\" content=\"image\/jpeg\" \/>\n<meta name=\"author\" content=\"comunicacio\" \/>\n<meta name=\"twitter:card\" content=\"summary_large_image\" \/>\n<meta name=\"twitter:label1\" content=\"Escrito por\" \/>\n\t<meta name=\"twitter:data1\" content=\"comunicacio\" \/>\n\t<meta name=\"twitter:label2\" content=\"Tiempo de lectura\" \/>\n\t<meta name=\"twitter:data2\" content=\"4 minutos\" \/>\n<script type=\"application\/ld+json\" class=\"yoast-schema-graph\">{\"@context\":\"https:\\\/\\\/schema.org\",\"@graph\":[{\"@type\":\"Article\",\"@id\":\"https:\\\/\\\/mont-roig.cat\\\/es\\\/actualitat\\\/noticies\\\/programacion-de-navidadddd-en-mont-roig-y-en-maimi-platja-para-toda-la-familia\\\/#article\",\"isPartOf\":{\"@id\":\"https:\\\/\\\/mont-roig.cat\\\/es\\\/actualitat\\\/noticies\\\/programacion-de-navidadddd-en-mont-roig-y-en-maimi-platja-para-toda-la-familia\\\/\"},\"author\":{\"name\":\"comunicacio\",\"@id\":\"https:\\\/\\\/mont-roig.cat\\\/es\\\/#\\\/schema\\\/person\\\/1f73e7b5e6f9dd122e8a6f14f310ac5e\"},\"headline\":\"Programaci\u00f3n de Navidad en Mont-roig y en Miami Platja para toda la familia\",\"datePublished\":\"2023-11-30T12:59:51+00:00\",\"dateModified\":\"2023-11-30T13:57:57+00:00\",\"mainEntityOfPage\":{\"@id\":\"https:\\\/\\\/mont-roig.cat\\\/es\\\/actualitat\\\/noticies\\\/programacion-de-navidadddd-en-mont-roig-y-en-maimi-platja-para-toda-la-familia\\\/\"},\"wordCount\":606,\"image\":{\"@id\":\"https:\\\/\\\/mont-roig.cat\\\/es\\\/actualitat\\\/noticies\\\/programacion-de-navidadddd-en-mont-roig-y-en-maimi-platja-para-toda-la-familia\\\/#primaryimage\"},\"thumbnailUrl\":\"https:\\\/\\\/mont-roig.cat\\\/wp-content\\\/uploads\\\/MR_Nadal_2023_Baner_768x500.jpg\",\"articleSection\":[\"Ayuntamiento\"],\"inLanguage\":\"es\"},{\"@type\":\"WebPage\",\"@id\":\"https:\\\/\\\/mont-roig.cat\\\/es\\\/actualitat\\\/noticies\\\/programacion-de-navidadddd-en-mont-roig-y-en-maimi-platja-para-toda-la-familia\\\/\",\"url\":\"https:\\\/\\\/mont-roig.cat\\\/es\\\/actualitat\\\/noticies\\\/programacion-de-navidadddd-en-mont-roig-y-en-maimi-platja-para-toda-la-familia\\\/\",\"name\":\"Programaci\u00f3n de Navidad en Mont-roig y en Miami Platja para toda la familia - Ajuntament de Mont-roig del Camp\",\"isPartOf\":{\"@id\":\"https:\\\/\\\/mont-roig.cat\\\/es\\\/#website\"},\"primaryImageOfPage\":{\"@id\":\"https:\\\/\\\/mont-roig.cat\\\/es\\\/actualitat\\\/noticies\\\/programacion-de-navidadddd-en-mont-roig-y-en-maimi-platja-para-toda-la-familia\\\/#primaryimage\"},\"image\":{\"@id\":\"https:\\\/\\\/mont-roig.cat\\\/es\\\/actualitat\\\/noticies\\\/programacion-de-navidadddd-en-mont-roig-y-en-maimi-platja-para-toda-la-familia\\\/#primaryimage\"},\"thumbnailUrl\":\"https:\\\/\\\/mont-roig.cat\\\/wp-content\\\/uploads\\\/MR_Nadal_2023_Baner_768x500.jpg\",\"datePublished\":\"2023-11-30T12:59:51+00:00\",\"dateModified\":\"2023-11-30T13:57:57+00:00\",\"author\":{\"@id\":\"https:\\\/\\\/mont-roig.cat\\\/es\\\/#\\\/schema\\\/person\\\/1f73e7b5e6f9dd122e8a6f14f310ac5e\"},\"breadcrumb\":{\"@id\":\"https:\\\/\\\/mont-roig.cat\\\/es\\\/actualitat\\\/noticies\\\/programacion-de-navidadddd-en-mont-roig-y-en-maimi-platja-para-toda-la-familia\\\/#breadcrumb\"},\"inLanguage\":\"es\",\"potentialAction\":[{\"@type\":\"ReadAction\",\"target\":[\"https:\\\/\\\/mont-roig.cat\\\/es\\\/actualitat\\\/noticies\\\/programacion-de-navidadddd-en-mont-roig-y-en-maimi-platja-para-toda-la-familia\\\/\"]}]},{\"@type\":\"ImageObject\",\"inLanguage\":\"es\",\"@id\":\"https:\\\/\\\/mont-roig.cat\\\/es\\\/actualitat\\\/noticies\\\/programacion-de-navidadddd-en-mont-roig-y-en-maimi-platja-para-toda-la-familia\\\/#primaryimage\",\"url\":\"https:\\\/\\\/mont-roig.cat\\\/wp-content\\\/uploads\\\/MR_Nadal_2023_Baner_768x500.jpg\",\"contentUrl\":\"https:\\\/\\\/mont-roig.cat\\\/wp-content\\\/uploads\\\/MR_Nadal_2023_Baner_768x500.jpg\",\"width\":768,\"height\":500},{\"@type\":\"BreadcrumbList\",\"@id\":\"https:\\\/\\\/mont-roig.cat\\\/es\\\/actualitat\\\/noticies\\\/programacion-de-navidadddd-en-mont-roig-y-en-maimi-platja-para-toda-la-familia\\\/#breadcrumb\",\"itemListElement\":[{\"@type\":\"ListItem\",\"position\":1,\"name\":\"Inici\",\"item\":\"https:\\\/\\\/mont-roig.cat\\\/es\\\/pagina-de-inicio\\\/\"},{\"@type\":\"ListItem\",\"position\":2,\"name\":\"Programaci\u00f3n de Navidad en Mont-roig y en Miami Platja para toda la familia\"}]},{\"@type\":\"WebSite\",\"@id\":\"https:\\\/\\\/mont-roig.cat\\\/es\\\/#website\",\"url\":\"https:\\\/\\\/mont-roig.cat\\\/es\\\/\",\"name\":\"Ajuntament de Mont-roig del Camp\",\"description\":\"Tota la informaci\u00f3 sobre la instituci\u00f3, els seus \u00f2rgans de govern, actualitat, serveis i molt m\u00e9s.\",\"potentialAction\":[{\"@type\":\"SearchAction\",\"target\":{\"@type\":\"EntryPoint\",\"urlTemplate\":\"https:\\\/\\\/mont-roig.cat\\\/es\\\/?s={search_term_string}\"},\"query-input\":{\"@type\":\"PropertyValueSpecification\",\"valueRequired\":true,\"valueName\":\"search_term_string\"}}],\"inLanguage\":\"es\"},{\"@type\":\"Person\",\"@id\":\"https:\\\/\\\/mont-roig.cat\\\/es\\\/#\\\/schema\\\/person\\\/1f73e7b5e6f9dd122e8a6f14f310ac5e\",\"name\":\"comunicacio\",\"image\":{\"@type\":\"ImageObject\",\"inLanguage\":\"es\",\"@id\":\"https:\\\/\\\/secure.gravatar.com\\\/avatar\\\/98944333e7a877670a64f8d10f0cb680ab2c9ebc4efc43945ef004b52b5ad28c?s=96&d=mm&r=g\",\"url\":\"https:\\\/\\\/secure.gravatar.com\\\/avatar\\\/98944333e7a877670a64f8d10f0cb680ab2c9ebc4efc43945ef004b52b5ad28c?s=96&d=mm&r=g\",\"contentUrl\":\"https:\\\/\\\/secure.gravatar.com\\\/avatar\\\/98944333e7a877670a64f8d10f0cb680ab2c9ebc4efc43945ef004b52b5ad28c?s=96&d=mm&r=g\",\"caption\":\"comunicacio\"},\"url\":\"https:\\\/\\\/mont-roig.cat\\\/es\\\/actualitat\\\/noticies\\\/author\\\/comunicacio\\\/\"}]}<\/script>\n<!-- \/ Yoast SEO plugin. -->","yoast_head_json":{"title":"Programaci\u00f3n de Navidad en Mont-roig y en Miami Platja para toda la familia - Ajuntament de Mont-roig del Camp","robots":{"index":"index","follow":"follow","max-snippet":"max-snippet:-1","max-image-preview":"max-image-preview:large","max-video-preview":"max-video-preview:-1"},"canonical":"https:\/\/mont-roig.cat\/es\/actualitat\/noticies\/programacion-de-navidadddd-en-mont-roig-y-en-maimi-platja-para-toda-la-familia\/","og_locale":"es_ES","og_type":"article","og_title":"Programaci\u00f3n de Navidad en Mont-roig y en Miami Platja para toda la familia - Ajuntament de Mont-roig del Camp","og_description":"El acto de encendido del \u00e1rbol de Navidad el viernes 1 de diciembre en Mont-roig y el s\u00e1bado 2 en Miami Platja servir\u00e1 para inaugurar unas fiestas navide\u00f1as que contar\u00e1n con medio centenar de actos Con el eslogan Per Nadal cada ovella al seu corral, el Ayuntamiento de Mont-roig del Camp presenta una programaci\u00f3n de [&hellip;]","og_url":"https:\/\/mont-roig.cat\/es\/actualitat\/noticies\/programacion-de-navidadddd-en-mont-roig-y-en-maimi-platja-para-toda-la-familia\/","og_site_name":"Ajuntament de Mont-roig del Camp","article_published_time":"2023-11-30T12:59:51+00:00","article_modified_time":"2023-11-30T13:57:57+00:00","og_image":[{"width":768,"height":500,"url":"https:\/\/mont-roig.cat\/wp-content\/uploads\/MR_Nadal_2023_Baner_768x500.jpg","type":"image\/jpeg"}],"author":"comunicacio","twitter_card":"summary_large_image","twitter_misc":{"Escrito por":"comunicacio","Tiempo de lectura":"4 minutos"},"schema":{"@context":"https:\/\/schema.org","@graph":[{"@type":"Article","@id":"https:\/\/mont-roig.cat\/es\/actualitat\/noticies\/programacion-de-navidadddd-en-mont-roig-y-en-maimi-platja-para-toda-la-familia\/#article","isPartOf":{"@id":"https:\/\/mont-roig.cat\/es\/actualitat\/noticies\/programacion-de-navidadddd-en-mont-roig-y-en-maimi-platja-para-toda-la-familia\/"},"author":{"name":"comunicacio","@id":"https:\/\/mont-roig.cat\/es\/#\/schema\/person\/1f73e7b5e6f9dd122e8a6f14f310ac5e"},"headline":"Programaci\u00f3n de Navidad en Mont-roig y en Miami Platja para toda la familia","datePublished":"2023-11-30T12:59:51+00:00","dateModified":"2023-11-30T13:57:57+00:00","mainEntityOfPage":{"@id":"https:\/\/mont-roig.cat\/es\/actualitat\/noticies\/programacion-de-navidadddd-en-mont-roig-y-en-maimi-platja-para-toda-la-familia\/"},"wordCount":606,"image":{"@id":"https:\/\/mont-roig.cat\/es\/actualitat\/noticies\/programacion-de-navidadddd-en-mont-roig-y-en-maimi-platja-para-toda-la-familia\/#primaryimage"},"thumbnailUrl":"https:\/\/mont-roig.cat\/wp-content\/uploads\/MR_Nadal_2023_Baner_768x500.jpg","articleSection":["Ayuntamiento"],"inLanguage":"es"},{"@type":"WebPage","@id":"https:\/\/mont-roig.cat\/es\/actualitat\/noticies\/programacion-de-navidadddd-en-mont-roig-y-en-maimi-platja-para-toda-la-familia\/","url":"https:\/\/mont-roig.cat\/es\/actualitat\/noticies\/programacion-de-navidadddd-en-mont-roig-y-en-maimi-platja-para-toda-la-familia\/","name":"Programaci\u00f3n de Navidad en Mont-roig y en Miami Platja para toda la familia - Ajuntament de Mont-roig del Camp","isPartOf":{"@id":"https:\/\/mont-roig.cat\/es\/#website"},"primaryImageOfPage":{"@id":"https:\/\/mont-roig.cat\/es\/actualitat\/noticies\/programacion-de-navidadddd-en-mont-roig-y-en-maimi-platja-para-toda-la-familia\/#primaryimage"},"image":{"@id":"https:\/\/mont-roig.cat\/es\/actualitat\/noticies\/programacion-de-navidadddd-en-mont-roig-y-en-maimi-platja-para-toda-la-familia\/#primaryimage"},"thumbnailUrl":"https:\/\/mont-roig.cat\/wp-content\/uploads\/MR_Nadal_2023_Baner_768x500.jpg","datePublished":"2023-11-30T12:59:51+00:00","dateModified":"2023-11-30T13:57:57+00:00","author":{"@id":"https:\/\/mont-roig.cat\/es\/#\/schema\/person\/1f73e7b5e6f9dd122e8a6f14f310ac5e"},"breadcrumb":{"@id":"https:\/\/mont-roig.cat\/es\/actualitat\/noticies\/programacion-de-navidadddd-en-mont-roig-y-en-maimi-platja-para-toda-la-familia\/#breadcrumb"},"inLanguage":"es","potentialAction":[{"@type":"ReadAction","target":["https:\/\/mont-roig.cat\/es\/actualitat\/noticies\/programacion-de-navidadddd-en-mont-roig-y-en-maimi-platja-para-toda-la-familia\/"]}]},{"@type":"ImageObject","inLanguage":"es","@id":"https:\/\/mont-roig.cat\/es\/actualitat\/noticies\/programacion-de-navidadddd-en-mont-roig-y-en-maimi-platja-para-toda-la-familia\/#primaryimage","url":"https:\/\/mont-roig.cat\/wp-content\/uploads\/MR_Nadal_2023_Baner_768x500.jpg","contentUrl":"https:\/\/mont-roig.cat\/wp-content\/uploads\/MR_Nadal_2023_Baner_768x500.jpg","width":768,"height":500},{"@type":"BreadcrumbList","@id":"https:\/\/mont-roig.cat\/es\/actualitat\/noticies\/programacion-de-navidadddd-en-mont-roig-y-en-maimi-platja-para-toda-la-familia\/#breadcrumb","itemListElement":[{"@type":"ListItem","position":1,"name":"Inici","item":"https:\/\/mont-roig.cat\/es\/pagina-de-inicio\/"},{"@type":"ListItem","position":2,"name":"Programaci\u00f3n de Navidad en Mont-roig y en Miami Platja para toda la familia"}]},{"@type":"WebSite","@id":"https:\/\/mont-roig.cat\/es\/#website","url":"https:\/\/mont-roig.cat\/es\/","name":"Ajuntament de Mont-roig del Camp","description":"Tota la informaci\u00f3 sobre la instituci\u00f3, els seus \u00f2rgans de govern, actualitat, serveis i molt m\u00e9s.","potentialAction":[{"@type":"SearchAction","target":{"@type":"EntryPoint","urlTemplate":"https:\/\/mont-roig.cat\/es\/?s={search_term_string}"},"query-input":{"@type":"PropertyValueSpecification","valueRequired":true,"valueName":"search_term_string"}}],"inLanguage":"es"},{"@type":"Person","@id":"https:\/\/mont-roig.cat\/es\/#\/schema\/person\/1f73e7b5e6f9dd122e8a6f14f310ac5e","name":"comunicacio","image":{"@type":"ImageObject","inLanguage":"es","@id":"https:\/\/secure.gravatar.com\/avatar\/98944333e7a877670a64f8d10f0cb680ab2c9ebc4efc43945ef004b52b5ad28c?s=96&d=mm&r=g","url":"https:\/\/secure.gravatar.com\/avatar\/98944333e7a877670a64f8d10f0cb680ab2c9ebc4efc43945ef004b52b5ad28c?s=96&d=mm&r=g","contentUrl":"https:\/\/secure.gravatar.com\/avatar\/98944333e7a877670a64f8d10f0cb680ab2c9ebc4efc43945ef004b52b5ad28c?s=96&d=mm&r=g","caption":"comunicacio"},"url":"https:\/\/mont-roig.cat\/es\/actualitat\/noticies\/author\/comunicacio\/"}]}},"_links":{"self":[{"href":"https:\/\/mont-roig.cat\/es\/wp-json\/wp\/v2\/posts\/73783","targetHints":{"allow":["GET"]}}],"collection":[{"href":"https:\/\/mont-roig.cat\/es\/wp-json\/wp\/v2\/posts"}],"about":[{"href":"https:\/\/mont-roig.cat\/es\/wp-json\/wp\/v2\/types\/post"}],"author":[{"embeddable":true,"href":"https:\/\/mont-roig.cat\/es\/wp-json\/wp\/v2\/users\/13"}],"replies":[{"embeddable":true,"href":"https:\/\/mont-roig.cat\/es\/wp-json\/wp\/v2\/comments?post=73783"}],"version-history":[{"count":5,"href":"https:\/\/mont-roig.cat\/es\/wp-json\/wp\/v2\/posts\/73783\/revisions"}],"predecessor-version":[{"id":73791,"href":"https:\/\/mont-roig.cat\/es\/wp-json\/wp\/v2\/posts\/73783\/revisions\/73791"}],"wp:featuredmedia":[{"embeddable":true,"href":"https:\/\/mont-roig.cat\/es\/wp-json\/wp\/v2\/media\/73789"}],"wp:attachment":[{"href":"https:\/\/mont-roig.cat\/es\/wp-json\/wp\/v2\/media?parent=73783"}],"wp:term":[{"taxonomy":"category","embeddable":true,"href":"https:\/\/mont-roig.cat\/es\/wp-json\/wp\/v2\/categories?post=73783"},{"taxonomy":"post_tag","embeddable":true,"href":"https:\/\/mont-roig.cat\/es\/wp-json\/wp\/v2\/tags?post=73783"}],"curies":[{"name":"wp","href":"https:\/\/api.w.org\/{rel}","templated":true}]}}