{"id":73972,"date":"2023-12-11T17:27:08","date_gmt":"2023-12-11T16:27:08","guid":{"rendered":"https:\/\/mont-roig.cat\/actualitat\/noticies\/lajuntament-realitza-tractaments-dendoterapia-i-fumigacio-aeria-per-reduir-la-processionaria-dels-espais-publics\/"},"modified":"2023-12-11T17:41:53","modified_gmt":"2023-12-11T16:41:53","slug":"el-ayuntamiento-realiza-tratamientos-de-endoterapia-y-fumigacion-aerea-para-reducir-la-procesionaria-de-los-espacios-publicos","status":"publish","type":"post","link":"https:\/\/mont-roig.cat\/es\/actualitat\/noticies\/el-ayuntamiento-realiza-tratamientos-de-endoterapia-y-fumigacion-aerea-para-reducir-la-procesionaria-de-los-espacios-publicos\/","title":{"rendered":"El Ayuntamiento realiza tratamientos de endoterapia y fumigaci\u00f3n a\u00e9rea para reducir la procesionaria de los espacios p\u00fablicos"},"content":{"rendered":"<div id=\"attachment_73967\" style=\"width: 262px\" class=\"wp-caption alignright\"><a href=\"https:\/\/mont-roig.cat\/wp-content\/uploads\/processionaria-2-scaled.jpg\" target=\"_blank\" rel=\"noopener\"><img loading=\"lazy\" decoding=\"async\" aria-describedby=\"caption-attachment-73967\" class=\"wp-image-73967\" src=\"https:\/\/mont-roig.cat\/wp-content\/uploads\/processionaria-2-375x500.jpg\" alt=\"\" width=\"252\" height=\"336\" srcset=\"https:\/\/mont-roig.cat\/wp-content\/uploads\/processionaria-2-375x500.jpg 375w, https:\/\/mont-roig.cat\/wp-content\/uploads\/processionaria-2-768x1024.jpg 768w, https:\/\/mont-roig.cat\/wp-content\/uploads\/processionaria-2-1152x1536.jpg 1152w, https:\/\/mont-roig.cat\/wp-content\/uploads\/processionaria-2-scaled.jpg 1536w\" sizes=\"auto, (max-width: 252px) 100vw, 252px\" \/><\/a><p id=\"caption-attachment-73967\" class=\"wp-caption-text\">Ramas de pino afectadas por la procesionaria.<\/p><\/div>\n<ul>\n<li><strong>Tambi\u00e9n se pondr\u00e1 en marcha un plan de choque a finales de mes ya principios de enero para retirar manualmente esta plaga all\u00ed donde la fumigaci\u00f3n a\u00e9rea no haya surtido efecto<\/strong><\/li>\n<\/ul>\n<p>&nbsp;<\/p>\n<p>El Ayuntamiento de Mont-roig del Camp, a trav\u00e9s del departamento de Entorno Natural, es consciente del problema que genera la procesionaria del pino para los habitantes del municipio y sus mascotas. Por este motivo, un a\u00f1o m\u00e1s se han realizado diversas actuaciones para mantener en \u00f3ptimas condiciones las zonas arboladas en diferentes \u00e1reas del municipio.<\/p>\n<p>En las zonas urbanas p\u00fablicas se han realizado tratamientos de endoterapia y fumigaci\u00f3n a\u00e9rea. La endoterapia implica la inyecci\u00f3n de un tratamiento en el tronco del pino, que se distribuye por la savia del \u00e1rbol y llega a las larvas, causando su muerte. Un ejemplo de esto se dio en el parque de perros &#8220;Can Laika&#8221; en Miami Platja, donde se aplicaron estos tratamientos con \u00e9xito, eliminando las bolsas de procesionaria. Algunas de estas bolsas cayeron por efecto del viento de los \u00faltimos d\u00edas, pero las orugas eran peque\u00f1as, estaban en fase formaci\u00f3n y ya estaban afectadas por el tratamiento y, por tanto, no suponen ning\u00fan peligro ni por las mascotas ni por las personas.<\/p>\n<p><strong>500 \u00e1rboles<\/strong><\/p>\n<p>Estos tratamientos m\u00e1s costosos se aplican en las zonas p\u00fablicas m\u00e1s sensibles del municipio como parques, alrededores de escuelas, plazas p\u00fablicas y edificios municipales. En esta campa\u00f1a se han tratado 500 \u00e1rboles. Para otros espacios p\u00fablicos cercanos a los n\u00facleos de poblaci\u00f3n, se utiliza la fumigaci\u00f3n a\u00e9rea. Aunque este sistema no es del 100% eficaz, deben cumplirse las normativas ambientales, utilizando productos menos agresivos. Para abordar los posibles fallos, se contempla un plan de choque que implica la retirada de bolsas a finales de diciembre y durante enero del pr\u00f3ximo a\u00f1o, seg\u00fan la evoluci\u00f3n de la plaga. Esto asegurar\u00e1 la correcta salud vegetal en estos espacios.<\/p>\n<p>El problema m\u00e1s cr\u00edtico est\u00e1 en los pinos de propiedad privada, donde el Ayuntamiento no puede intervenir directamente. Para abordar esta cuesti\u00f3n, este a\u00f1o como novedad, se han enviado cartas a los propietarios de espacios urbanos con incidentes detectados en a\u00f1os anteriores, solicit\u00e1ndoles que realicen el tratamiento contra la procesionaria. En muchos casos, se ha obtenido una respuesta positiva, lo que contribuye a mitigar esta problem\u00e1tica.<\/p>\n","protected":false},"excerpt":{"rendered":"<p>Tambi\u00e9n se pondr\u00e1 en marcha un plan de choque a finales de mes ya principios de enero para retirar manualmente esta plaga all\u00ed donde la fumigaci\u00f3n a\u00e9rea no haya surtido efecto &nbsp; El Ayuntamiento de Mont-roig del Camp, a trav\u00e9s del departamento de Entorno Natural, es consciente del problema que genera la procesionaria del pino [&hellip;]<\/p>\n","protected":false},"author":13,"featured_media":73968,"comment_status":"closed","ping_status":"closed","sticky":false,"template":"","format":"standard","meta":{"inline_featured_image":false,"_monsterinsights_skip_tracking":false,"_monsterinsights_sitenote_active":false,"_monsterinsights_sitenote_note":"","_monsterinsights_sitenote_category":0,"footnotes":""},"categories":[98,222],"tags":[],"class_list":["post-73972","post","type-post","status-publish","format-standard","has-post-thumbnail","hentry","category-ayuntamiento","category-entorn-natural-es"],"yoast_head":"<!-- This site is optimized with the Yoast SEO plugin v27.4 - https:\/\/yoast.com\/product\/yoast-seo-wordpress\/ -->\n<title>El Ayuntamiento realiza tratamientos de endoterapia y fumigaci\u00f3n a\u00e9rea para reducir la procesionaria de los espacios p\u00fablicos - Ajuntament de Mont-roig del Camp<\/title>\n<meta name=\"robots\" content=\"index, follow, max-snippet:-1, max-image-preview:large, max-video-preview:-1\" \/>\n<link rel=\"canonical\" href=\"https:\/\/mont-roig.cat\/es\/actualitat\/noticies\/el-ayuntamiento-realiza-tratamientos-de-endoterapia-y-fumigacion-aerea-para-reducir-la-procesionaria-de-los-espacios-publicos\/\" \/>\n<meta property=\"og:locale\" content=\"es_ES\" \/>\n<meta property=\"og:type\" content=\"article\" \/>\n<meta property=\"og:title\" content=\"El Ayuntamiento realiza tratamientos de endoterapia y fumigaci\u00f3n a\u00e9rea para reducir la procesionaria de los espacios p\u00fablicos - Ajuntament de Mont-roig del Camp\" \/>\n<meta property=\"og:description\" content=\"Tambi\u00e9n se pondr\u00e1 en marcha un plan de choque a finales de mes ya principios de enero para retirar manualmente esta plaga all\u00ed donde la fumigaci\u00f3n a\u00e9rea no haya surtido efecto &nbsp; El Ayuntamiento de Mont-roig del Camp, a trav\u00e9s del departamento de Entorno Natural, es consciente del problema que genera la procesionaria del pino [&hellip;]\" \/>\n<meta property=\"og:url\" content=\"https:\/\/mont-roig.cat\/es\/actualitat\/noticies\/el-ayuntamiento-realiza-tratamientos-de-endoterapia-y-fumigacion-aerea-para-reducir-la-procesionaria-de-los-espacios-publicos\/\" \/>\n<meta property=\"og:site_name\" content=\"Ajuntament de Mont-roig del Camp\" \/>\n<meta property=\"article:published_time\" content=\"2023-12-11T16:27:08+00:00\" \/>\n<meta property=\"article:modified_time\" content=\"2023-12-11T16:41:53+00:00\" \/>\n<meta property=\"og:image\" content=\"https:\/\/mont-roig.cat\/wp-content\/uploads\/processionaria-2-scaled.jpg\" \/>\n\t<meta property=\"og:image:width\" content=\"1536\" \/>\n\t<meta property=\"og:image:height\" content=\"2048\" \/>\n\t<meta property=\"og:image:type\" content=\"image\/jpeg\" \/>\n<meta name=\"author\" content=\"comunicacio\" \/>\n<meta name=\"twitter:card\" content=\"summary_large_image\" \/>\n<meta name=\"twitter:label1\" content=\"Escrito por\" \/>\n\t<meta name=\"twitter:data1\" content=\"comunicacio\" \/>\n\t<meta name=\"twitter:label2\" content=\"Tiempo de lectura\" \/>\n\t<meta name=\"twitter:data2\" content=\"3 minutos\" \/>\n<script type=\"application\/ld+json\" class=\"yoast-schema-graph\">{\"@context\":\"https:\\\/\\\/schema.org\",\"@graph\":[{\"@type\":\"Article\",\"@id\":\"https:\\\/\\\/mont-roig.cat\\\/es\\\/actualitat\\\/noticies\\\/el-ayuntamiento-realiza-tratamientos-de-endoterapia-y-fumigacion-aerea-para-reducir-la-procesionaria-de-los-espacios-publicos\\\/#article\",\"isPartOf\":{\"@id\":\"https:\\\/\\\/mont-roig.cat\\\/es\\\/actualitat\\\/noticies\\\/el-ayuntamiento-realiza-tratamientos-de-endoterapia-y-fumigacion-aerea-para-reducir-la-procesionaria-de-los-espacios-publicos\\\/\"},\"author\":{\"name\":\"comunicacio\",\"@id\":\"https:\\\/\\\/mont-roig.cat\\\/es\\\/#\\\/schema\\\/person\\\/1f73e7b5e6f9dd122e8a6f14f310ac5e\"},\"headline\":\"El Ayuntamiento realiza tratamientos de endoterapia y fumigaci\u00f3n a\u00e9rea para reducir la procesionaria de los espacios p\u00fablicos\",\"datePublished\":\"2023-12-11T16:27:08+00:00\",\"dateModified\":\"2023-12-11T16:41:53+00:00\",\"mainEntityOfPage\":{\"@id\":\"https:\\\/\\\/mont-roig.cat\\\/es\\\/actualitat\\\/noticies\\\/el-ayuntamiento-realiza-tratamientos-de-endoterapia-y-fumigacion-aerea-para-reducir-la-procesionaria-de-los-espacios-publicos\\\/\"},\"wordCount\":442,\"image\":{\"@id\":\"https:\\\/\\\/mont-roig.cat\\\/es\\\/actualitat\\\/noticies\\\/el-ayuntamiento-realiza-tratamientos-de-endoterapia-y-fumigacion-aerea-para-reducir-la-procesionaria-de-los-espacios-publicos\\\/#primaryimage\"},\"thumbnailUrl\":\"https:\\\/\\\/mont-roig.cat\\\/wp-content\\\/uploads\\\/processionaria-2-scaled.jpg\",\"articleSection\":[\"Ayuntamiento\",\"Entorn natural\"],\"inLanguage\":\"es\"},{\"@type\":\"WebPage\",\"@id\":\"https:\\\/\\\/mont-roig.cat\\\/es\\\/actualitat\\\/noticies\\\/el-ayuntamiento-realiza-tratamientos-de-endoterapia-y-fumigacion-aerea-para-reducir-la-procesionaria-de-los-espacios-publicos\\\/\",\"url\":\"https:\\\/\\\/mont-roig.cat\\\/es\\\/actualitat\\\/noticies\\\/el-ayuntamiento-realiza-tratamientos-de-endoterapia-y-fumigacion-aerea-para-reducir-la-procesionaria-de-los-espacios-publicos\\\/\",\"name\":\"El Ayuntamiento realiza tratamientos de endoterapia y fumigaci\u00f3n a\u00e9rea para reducir la procesionaria de los espacios p\u00fablicos - Ajuntament de Mont-roig del Camp\",\"isPartOf\":{\"@id\":\"https:\\\/\\\/mont-roig.cat\\\/es\\\/#website\"},\"primaryImageOfPage\":{\"@id\":\"https:\\\/\\\/mont-roig.cat\\\/es\\\/actualitat\\\/noticies\\\/el-ayuntamiento-realiza-tratamientos-de-endoterapia-y-fumigacion-aerea-para-reducir-la-procesionaria-de-los-espacios-publicos\\\/#primaryimage\"},\"image\":{\"@id\":\"https:\\\/\\\/mont-roig.cat\\\/es\\\/actualitat\\\/noticies\\\/el-ayuntamiento-realiza-tratamientos-de-endoterapia-y-fumigacion-aerea-para-reducir-la-procesionaria-de-los-espacios-publicos\\\/#primaryimage\"},\"thumbnailUrl\":\"https:\\\/\\\/mont-roig.cat\\\/wp-content\\\/uploads\\\/processionaria-2-scaled.jpg\",\"datePublished\":\"2023-12-11T16:27:08+00:00\",\"dateModified\":\"2023-12-11T16:41:53+00:00\",\"author\":{\"@id\":\"https:\\\/\\\/mont-roig.cat\\\/es\\\/#\\\/schema\\\/person\\\/1f73e7b5e6f9dd122e8a6f14f310ac5e\"},\"breadcrumb\":{\"@id\":\"https:\\\/\\\/mont-roig.cat\\\/es\\\/actualitat\\\/noticies\\\/el-ayuntamiento-realiza-tratamientos-de-endoterapia-y-fumigacion-aerea-para-reducir-la-procesionaria-de-los-espacios-publicos\\\/#breadcrumb\"},\"inLanguage\":\"es\",\"potentialAction\":[{\"@type\":\"ReadAction\",\"target\":[\"https:\\\/\\\/mont-roig.cat\\\/es\\\/actualitat\\\/noticies\\\/el-ayuntamiento-realiza-tratamientos-de-endoterapia-y-fumigacion-aerea-para-reducir-la-procesionaria-de-los-espacios-publicos\\\/\"]}]},{\"@type\":\"ImageObject\",\"inLanguage\":\"es\",\"@id\":\"https:\\\/\\\/mont-roig.cat\\\/es\\\/actualitat\\\/noticies\\\/el-ayuntamiento-realiza-tratamientos-de-endoterapia-y-fumigacion-aerea-para-reducir-la-procesionaria-de-los-espacios-publicos\\\/#primaryimage\",\"url\":\"https:\\\/\\\/mont-roig.cat\\\/wp-content\\\/uploads\\\/processionaria-2-scaled.jpg\",\"contentUrl\":\"https:\\\/\\\/mont-roig.cat\\\/wp-content\\\/uploads\\\/processionaria-2-scaled.jpg\",\"width\":1536,\"height\":2048},{\"@type\":\"BreadcrumbList\",\"@id\":\"https:\\\/\\\/mont-roig.cat\\\/es\\\/actualitat\\\/noticies\\\/el-ayuntamiento-realiza-tratamientos-de-endoterapia-y-fumigacion-aerea-para-reducir-la-procesionaria-de-los-espacios-publicos\\\/#breadcrumb\",\"itemListElement\":[{\"@type\":\"ListItem\",\"position\":1,\"name\":\"Inici\",\"item\":\"https:\\\/\\\/mont-roig.cat\\\/es\\\/pagina-de-inicio\\\/\"},{\"@type\":\"ListItem\",\"position\":2,\"name\":\"El Ayuntamiento realiza tratamientos de endoterapia y fumigaci\u00f3n a\u00e9rea para reducir la procesionaria de los espacios p\u00fablicos\"}]},{\"@type\":\"WebSite\",\"@id\":\"https:\\\/\\\/mont-roig.cat\\\/es\\\/#website\",\"url\":\"https:\\\/\\\/mont-roig.cat\\\/es\\\/\",\"name\":\"Ajuntament de Mont-roig del Camp\",\"description\":\"Tota la informaci\u00f3 sobre la instituci\u00f3, els seus \u00f2rgans de govern, actualitat, serveis i molt m\u00e9s.\",\"potentialAction\":[{\"@type\":\"SearchAction\",\"target\":{\"@type\":\"EntryPoint\",\"urlTemplate\":\"https:\\\/\\\/mont-roig.cat\\\/es\\\/?s={search_term_string}\"},\"query-input\":{\"@type\":\"PropertyValueSpecification\",\"valueRequired\":true,\"valueName\":\"search_term_string\"}}],\"inLanguage\":\"es\"},{\"@type\":\"Person\",\"@id\":\"https:\\\/\\\/mont-roig.cat\\\/es\\\/#\\\/schema\\\/person\\\/1f73e7b5e6f9dd122e8a6f14f310ac5e\",\"name\":\"comunicacio\",\"image\":{\"@type\":\"ImageObject\",\"inLanguage\":\"es\",\"@id\":\"https:\\\/\\\/secure.gravatar.com\\\/avatar\\\/98944333e7a877670a64f8d10f0cb680ab2c9ebc4efc43945ef004b52b5ad28c?s=96&d=mm&r=g\",\"url\":\"https:\\\/\\\/secure.gravatar.com\\\/avatar\\\/98944333e7a877670a64f8d10f0cb680ab2c9ebc4efc43945ef004b52b5ad28c?s=96&d=mm&r=g\",\"contentUrl\":\"https:\\\/\\\/secure.gravatar.com\\\/avatar\\\/98944333e7a877670a64f8d10f0cb680ab2c9ebc4efc43945ef004b52b5ad28c?s=96&d=mm&r=g\",\"caption\":\"comunicacio\"},\"url\":\"https:\\\/\\\/mont-roig.cat\\\/es\\\/actualitat\\\/noticies\\\/author\\\/comunicacio\\\/\"}]}<\/script>\n<!-- \/ Yoast SEO plugin. -->","yoast_head_json":{"title":"El Ayuntamiento realiza tratamientos de endoterapia y fumigaci\u00f3n a\u00e9rea para reducir la procesionaria de los espacios p\u00fablicos - Ajuntament de Mont-roig del Camp","robots":{"index":"index","follow":"follow","max-snippet":"max-snippet:-1","max-image-preview":"max-image-preview:large","max-video-preview":"max-video-preview:-1"},"canonical":"https:\/\/mont-roig.cat\/es\/actualitat\/noticies\/el-ayuntamiento-realiza-tratamientos-de-endoterapia-y-fumigacion-aerea-para-reducir-la-procesionaria-de-los-espacios-publicos\/","og_locale":"es_ES","og_type":"article","og_title":"El Ayuntamiento realiza tratamientos de endoterapia y fumigaci\u00f3n a\u00e9rea para reducir la procesionaria de los espacios p\u00fablicos - Ajuntament de Mont-roig del Camp","og_description":"Tambi\u00e9n se pondr\u00e1 en marcha un plan de choque a finales de mes ya principios de enero para retirar manualmente esta plaga all\u00ed donde la fumigaci\u00f3n a\u00e9rea no haya surtido efecto &nbsp; El Ayuntamiento de Mont-roig del Camp, a trav\u00e9s del departamento de Entorno Natural, es consciente del problema que genera la procesionaria del pino [&hellip;]","og_url":"https:\/\/mont-roig.cat\/es\/actualitat\/noticies\/el-ayuntamiento-realiza-tratamientos-de-endoterapia-y-fumigacion-aerea-para-reducir-la-procesionaria-de-los-espacios-publicos\/","og_site_name":"Ajuntament de Mont-roig del Camp","article_published_time":"2023-12-11T16:27:08+00:00","article_modified_time":"2023-12-11T16:41:53+00:00","og_image":[{"width":1536,"height":2048,"url":"https:\/\/mont-roig.cat\/wp-content\/uploads\/processionaria-2-scaled.jpg","type":"image\/jpeg"}],"author":"comunicacio","twitter_card":"summary_large_image","twitter_misc":{"Escrito por":"comunicacio","Tiempo de lectura":"3 minutos"},"schema":{"@context":"https:\/\/schema.org","@graph":[{"@type":"Article","@id":"https:\/\/mont-roig.cat\/es\/actualitat\/noticies\/el-ayuntamiento-realiza-tratamientos-de-endoterapia-y-fumigacion-aerea-para-reducir-la-procesionaria-de-los-espacios-publicos\/#article","isPartOf":{"@id":"https:\/\/mont-roig.cat\/es\/actualitat\/noticies\/el-ayuntamiento-realiza-tratamientos-de-endoterapia-y-fumigacion-aerea-para-reducir-la-procesionaria-de-los-espacios-publicos\/"},"author":{"name":"comunicacio","@id":"https:\/\/mont-roig.cat\/es\/#\/schema\/person\/1f73e7b5e6f9dd122e8a6f14f310ac5e"},"headline":"El Ayuntamiento realiza tratamientos de endoterapia y fumigaci\u00f3n a\u00e9rea para reducir la procesionaria de los espacios p\u00fablicos","datePublished":"2023-12-11T16:27:08+00:00","dateModified":"2023-12-11T16:41:53+00:00","mainEntityOfPage":{"@id":"https:\/\/mont-roig.cat\/es\/actualitat\/noticies\/el-ayuntamiento-realiza-tratamientos-de-endoterapia-y-fumigacion-aerea-para-reducir-la-procesionaria-de-los-espacios-publicos\/"},"wordCount":442,"image":{"@id":"https:\/\/mont-roig.cat\/es\/actualitat\/noticies\/el-ayuntamiento-realiza-tratamientos-de-endoterapia-y-fumigacion-aerea-para-reducir-la-procesionaria-de-los-espacios-publicos\/#primaryimage"},"thumbnailUrl":"https:\/\/mont-roig.cat\/wp-content\/uploads\/processionaria-2-scaled.jpg","articleSection":["Ayuntamiento","Entorn natural"],"inLanguage":"es"},{"@type":"WebPage","@id":"https:\/\/mont-roig.cat\/es\/actualitat\/noticies\/el-ayuntamiento-realiza-tratamientos-de-endoterapia-y-fumigacion-aerea-para-reducir-la-procesionaria-de-los-espacios-publicos\/","url":"https:\/\/mont-roig.cat\/es\/actualitat\/noticies\/el-ayuntamiento-realiza-tratamientos-de-endoterapia-y-fumigacion-aerea-para-reducir-la-procesionaria-de-los-espacios-publicos\/","name":"El Ayuntamiento realiza tratamientos de endoterapia y fumigaci\u00f3n a\u00e9rea para reducir la procesionaria de los espacios p\u00fablicos - Ajuntament de Mont-roig del Camp","isPartOf":{"@id":"https:\/\/mont-roig.cat\/es\/#website"},"primaryImageOfPage":{"@id":"https:\/\/mont-roig.cat\/es\/actualitat\/noticies\/el-ayuntamiento-realiza-tratamientos-de-endoterapia-y-fumigacion-aerea-para-reducir-la-procesionaria-de-los-espacios-publicos\/#primaryimage"},"image":{"@id":"https:\/\/mont-roig.cat\/es\/actualitat\/noticies\/el-ayuntamiento-realiza-tratamientos-de-endoterapia-y-fumigacion-aerea-para-reducir-la-procesionaria-de-los-espacios-publicos\/#primaryimage"},"thumbnailUrl":"https:\/\/mont-roig.cat\/wp-content\/uploads\/processionaria-2-scaled.jpg","datePublished":"2023-12-11T16:27:08+00:00","dateModified":"2023-12-11T16:41:53+00:00","author":{"@id":"https:\/\/mont-roig.cat\/es\/#\/schema\/person\/1f73e7b5e6f9dd122e8a6f14f310ac5e"},"breadcrumb":{"@id":"https:\/\/mont-roig.cat\/es\/actualitat\/noticies\/el-ayuntamiento-realiza-tratamientos-de-endoterapia-y-fumigacion-aerea-para-reducir-la-procesionaria-de-los-espacios-publicos\/#breadcrumb"},"inLanguage":"es","potentialAction":[{"@type":"ReadAction","target":["https:\/\/mont-roig.cat\/es\/actualitat\/noticies\/el-ayuntamiento-realiza-tratamientos-de-endoterapia-y-fumigacion-aerea-para-reducir-la-procesionaria-de-los-espacios-publicos\/"]}]},{"@type":"ImageObject","inLanguage":"es","@id":"https:\/\/mont-roig.cat\/es\/actualitat\/noticies\/el-ayuntamiento-realiza-tratamientos-de-endoterapia-y-fumigacion-aerea-para-reducir-la-procesionaria-de-los-espacios-publicos\/#primaryimage","url":"https:\/\/mont-roig.cat\/wp-content\/uploads\/processionaria-2-scaled.jpg","contentUrl":"https:\/\/mont-roig.cat\/wp-content\/uploads\/processionaria-2-scaled.jpg","width":1536,"height":2048},{"@type":"BreadcrumbList","@id":"https:\/\/mont-roig.cat\/es\/actualitat\/noticies\/el-ayuntamiento-realiza-tratamientos-de-endoterapia-y-fumigacion-aerea-para-reducir-la-procesionaria-de-los-espacios-publicos\/#breadcrumb","itemListElement":[{"@type":"ListItem","position":1,"name":"Inici","item":"https:\/\/mont-roig.cat\/es\/pagina-de-inicio\/"},{"@type":"ListItem","position":2,"name":"El Ayuntamiento realiza tratamientos de endoterapia y fumigaci\u00f3n a\u00e9rea para reducir la procesionaria de los espacios p\u00fablicos"}]},{"@type":"WebSite","@id":"https:\/\/mont-roig.cat\/es\/#website","url":"https:\/\/mont-roig.cat\/es\/","name":"Ajuntament de Mont-roig del Camp","description":"Tota la informaci\u00f3 sobre la instituci\u00f3, els seus \u00f2rgans de govern, actualitat, serveis i molt m\u00e9s.","potentialAction":[{"@type":"SearchAction","target":{"@type":"EntryPoint","urlTemplate":"https:\/\/mont-roig.cat\/es\/?s={search_term_string}"},"query-input":{"@type":"PropertyValueSpecification","valueRequired":true,"valueName":"search_term_string"}}],"inLanguage":"es"},{"@type":"Person","@id":"https:\/\/mont-roig.cat\/es\/#\/schema\/person\/1f73e7b5e6f9dd122e8a6f14f310ac5e","name":"comunicacio","image":{"@type":"ImageObject","inLanguage":"es","@id":"https:\/\/secure.gravatar.com\/avatar\/98944333e7a877670a64f8d10f0cb680ab2c9ebc4efc43945ef004b52b5ad28c?s=96&d=mm&r=g","url":"https:\/\/secure.gravatar.com\/avatar\/98944333e7a877670a64f8d10f0cb680ab2c9ebc4efc43945ef004b52b5ad28c?s=96&d=mm&r=g","contentUrl":"https:\/\/secure.gravatar.com\/avatar\/98944333e7a877670a64f8d10f0cb680ab2c9ebc4efc43945ef004b52b5ad28c?s=96&d=mm&r=g","caption":"comunicacio"},"url":"https:\/\/mont-roig.cat\/es\/actualitat\/noticies\/author\/comunicacio\/"}]}},"_links":{"self":[{"href":"https:\/\/mont-roig.cat\/es\/wp-json\/wp\/v2\/posts\/73972","targetHints":{"allow":["GET"]}}],"collection":[{"href":"https:\/\/mont-roig.cat\/es\/wp-json\/wp\/v2\/posts"}],"about":[{"href":"https:\/\/mont-roig.cat\/es\/wp-json\/wp\/v2\/types\/post"}],"author":[{"embeddable":true,"href":"https:\/\/mont-roig.cat\/es\/wp-json\/wp\/v2\/users\/13"}],"replies":[{"embeddable":true,"href":"https:\/\/mont-roig.cat\/es\/wp-json\/wp\/v2\/comments?post=73972"}],"version-history":[{"count":2,"href":"https:\/\/mont-roig.cat\/es\/wp-json\/wp\/v2\/posts\/73972\/revisions"}],"predecessor-version":[{"id":73974,"href":"https:\/\/mont-roig.cat\/es\/wp-json\/wp\/v2\/posts\/73972\/revisions\/73974"}],"wp:featuredmedia":[{"embeddable":true,"href":"https:\/\/mont-roig.cat\/es\/wp-json\/wp\/v2\/media\/73968"}],"wp:attachment":[{"href":"https:\/\/mont-roig.cat\/es\/wp-json\/wp\/v2\/media?parent=73972"}],"wp:term":[{"taxonomy":"category","embeddable":true,"href":"https:\/\/mont-roig.cat\/es\/wp-json\/wp\/v2\/categories?post=73972"},{"taxonomy":"post_tag","embeddable":true,"href":"https:\/\/mont-roig.cat\/es\/wp-json\/wp\/v2\/tags?post=73972"}],"curies":[{"name":"wp","href":"https:\/\/api.w.org\/{rel}","templated":true}]}}