{"id":74096,"date":"2023-12-14T14:29:23","date_gmt":"2023-12-14T13:29:23","guid":{"rendered":"https:\/\/mont-roig.cat\/actualitat\/noticies\/la-cursa-popular-i-solidaria-crematorrons-de-miami-platja-se-celebra-enguany-el-14-de-gener\/"},"modified":"2024-01-03T12:57:36","modified_gmt":"2024-01-03T11:57:36","slug":"la-carrera-popular-y-solidaria-crematorrons-de-miami-platja-se-celebra-este-ano-el-14-de-enero","status":"publish","type":"post","link":"https:\/\/mont-roig.cat\/es\/actualitat\/noticies\/la-carrera-popular-y-solidaria-crematorrons-de-miami-platja-se-celebra-este-ano-el-14-de-enero\/","title":{"rendered":"La carrera popular y solidaria Crematorrons de Miami Platja se celebra este a\u00f1o el 14 de enero"},"content":{"rendered":"<ul>\n<li><strong><a href=\"https:\/\/mont-roig.cat\/wp-content\/uploads\/Imagen-de-WhatsApp-2023-11-21-a-las-10.52.22_2c52e898-1.jpg\" target=\"_blank\" rel=\"noopener\"><img loading=\"lazy\" decoding=\"async\" class=\"alignright wp-image-74091\" src=\"https:\/\/mont-roig.cat\/wp-content\/uploads\/Imagen-de-WhatsApp-2023-11-21-a-las-10.52.22_2c52e898-1-353x500.jpg\" alt=\"\" width=\"254\" height=\"360\" srcset=\"https:\/\/mont-roig.cat\/wp-content\/uploads\/Imagen-de-WhatsApp-2023-11-21-a-las-10.52.22_2c52e898-1-353x500.jpg 353w, https:\/\/mont-roig.cat\/wp-content\/uploads\/Imagen-de-WhatsApp-2023-11-21-a-las-10.52.22_2c52e898-1-724x1024.jpg 724w, https:\/\/mont-roig.cat\/wp-content\/uploads\/Imagen-de-WhatsApp-2023-11-21-a-las-10.52.22_2c52e898-1-768x1086.jpg 768w, https:\/\/mont-roig.cat\/wp-content\/uploads\/Imagen-de-WhatsApp-2023-11-21-a-las-10.52.22_2c52e898-1-1086x1536.jpg 1086w, https:\/\/mont-roig.cat\/wp-content\/uploads\/Imagen-de-WhatsApp-2023-11-21-a-las-10.52.22_2c52e898-1.jpg 1131w\" sizes=\"auto, (max-width: 254px) 100vw, 254px\" \/><\/a><\/strong> <strong>Ya est\u00e1n abiertas las inscripciones para una carrera con dos recorridos de 5 y 10 kil\u00f3metros y tambi\u00e9n carreras de promoci\u00f3n para ni\u00f1os y ni\u00f1as hasta 12 a\u00f1os<\/strong><\/li>\n<\/ul>\n<p>El Ayuntamiento de Mont-roig del Camp, organizar\u00e1 el pr\u00f3ximo domingo d\u00eda 14 de enero la cl\u00e1sica carrera de la Crema Torrons, una competici\u00f3n que llega para cerrar la programaci\u00f3n de las fiestas de Navidad en el municipio y sirve para dar el pistoletazo de salida de las carreras populares del a\u00f1o 2024 en nuestras comarcas. De nuevo, la carrera ser\u00e1 solidaria, puesto que una parte de la recaudaci\u00f3n se destinar\u00e1 a Cruz Roja.<\/p>\n<p>Como cada a\u00f1o, la carrera tendr\u00e1 dos recorridos, uno de 5 km y otro de 10 km por la zona pr\u00f3xima al litoral de Miami Platja. Una vez finalizadas estas carreras, se realizar\u00e1n, como es habitual, las carreras de promoci\u00f3n para ni\u00f1os y ni\u00f1as de 0 a 12 a\u00f1os.<\/p>\n<p>La salida de la carrera ser\u00e1 desde la p\u00e9rgola de Playa Cristal a las 10.30 de la ma\u00f1ana. El mismo d\u00eda de la carrera, desde las 8.15 h hasta las 10.15 h se podr\u00e1n recoger los dorsales y obsequios que ofrece la organizaci\u00f3n, entre ellos una camiseta t\u00e9cnica conmemorativa. La recogida de dorsales ser\u00e1 en las instalaciones del Club de Mar, situadas a 100 metros del punto de llegada y salida de la competici\u00f3n.<\/p>\n<p>Las inscripciones ya est\u00e1n abiertas en: <a href=\"https:\/\/www.rockthesport.com\/ca\/esdeveniment\/crematorrons\" target=\"_blank\" rel=\"noopener\">https:\/\/www.rockthesport.com\/ca\/esdeveniment\/crematorrons<\/a><\/p>\n<p><strong>Informaci\u00f3n general: <\/strong><a href=\"https:\/\/webtretzesports.wixsite.com\/crematorrons\" target=\"_blank\" rel=\"noopener\">https:\/\/webtretzesports.wixsite.com\/crematorrons<\/a><\/p>\n<p>&nbsp;<\/p>\n<p><strong>D\u00cdA DE LA PRUEBA:\u00a014 de enero de 2023<\/strong><\/p>\n<p>Horario de salida:\u00a0 10:30 horas de la ma\u00f1ana<\/p>\n<p>Lugar:\u00a0P\u00e9rgola Playa Cristal \u2013 P\u00e9rgola<\/p>\n<p>Ubicaci\u00f3n:\u00a0 <a href=\"https:\/\/goo.gl\/maps\/HoYnBSWVfCeozWVb7\" target=\"_blank\" rel=\"noopener\">https:\/\/goo.gl\/maps\/HoYnBSWVfCeozWVb7<\/a><\/p>\n<p><strong>\u200b<\/strong><\/p>\n<p><strong>Recogida de dorsales y obsequios<\/strong><\/p>\n<p>Domingo d\u00eda 14: Desde las 08.15 hasta las 10.15 en las instalaciones del Club de Mar<\/p>\n<p>Situado a unos 100 metros de la salida y llegada de la carrera<\/p>\n<p>Ubicaci\u00f3n: <a href=\"https:\/\/goo.gl\/maps\/9axBCF3a51Xt7D2g6\" target=\"_blank\" rel=\"noopener\">Club de Mar<\/a><\/p>\n<p>&nbsp;<\/p>\n<p><strong>Afectaciones de tr\u00e1nsito\u00a0<\/strong><\/p>\n<p><a href=\"https:\/\/mont-roig.cat\/wp-content\/uploads\/Crematorrons-2023.pdf\" target=\"_blank\" rel=\"noopener\">Calles cortadas por la cursa Crematorrons 2023<\/a><\/p>\n","protected":false},"excerpt":{"rendered":"<p>Ya est\u00e1n abiertas las inscripciones para una carrera con dos recorridos de 5 y 10 kil\u00f3metros y tambi\u00e9n carreras de promoci\u00f3n para ni\u00f1os y ni\u00f1as hasta 12 a\u00f1os El Ayuntamiento de Mont-roig del Camp, organizar\u00e1 el pr\u00f3ximo domingo d\u00eda 14 de enero la cl\u00e1sica carrera de la Crema Torrons, una competici\u00f3n que llega para cerrar [&hellip;]<\/p>\n","protected":false},"author":13,"featured_media":74083,"comment_status":"closed","ping_status":"closed","sticky":false,"template":"","format":"standard","meta":{"inline_featured_image":false,"_monsterinsights_skip_tracking":false,"_monsterinsights_sitenote_active":false,"_monsterinsights_sitenote_note":"","_monsterinsights_sitenote_category":0,"footnotes":""},"categories":[98,104],"tags":[],"class_list":["post-74096","post","type-post","status-publish","format-standard","has-post-thumbnail","hentry","category-ayuntamiento","category-deportes"],"yoast_head":"<!-- This site is optimized with the Yoast SEO plugin v27.4 - https:\/\/yoast.com\/product\/yoast-seo-wordpress\/ -->\n<title>La carrera popular y solidaria Crematorrons de Miami Platja se celebra este a\u00f1o el 14 de enero - Ajuntament de Mont-roig del Camp<\/title>\n<meta name=\"robots\" content=\"index, follow, max-snippet:-1, max-image-preview:large, max-video-preview:-1\" \/>\n<link rel=\"canonical\" href=\"https:\/\/mont-roig.cat\/es\/actualitat\/noticies\/la-carrera-popular-y-solidaria-crematorrons-de-miami-platja-se-celebra-este-ano-el-14-de-enero\/\" \/>\n<meta property=\"og:locale\" content=\"es_ES\" \/>\n<meta property=\"og:type\" content=\"article\" \/>\n<meta property=\"og:title\" content=\"La carrera popular y solidaria Crematorrons de Miami Platja se celebra este a\u00f1o el 14 de enero - Ajuntament de Mont-roig del Camp\" \/>\n<meta property=\"og:description\" content=\"Ya est\u00e1n abiertas las inscripciones para una carrera con dos recorridos de 5 y 10 kil\u00f3metros y tambi\u00e9n carreras de promoci\u00f3n para ni\u00f1os y ni\u00f1as hasta 12 a\u00f1os El Ayuntamiento de Mont-roig del Camp, organizar\u00e1 el pr\u00f3ximo domingo d\u00eda 14 de enero la cl\u00e1sica carrera de la Crema Torrons, una competici\u00f3n que llega para cerrar [&hellip;]\" \/>\n<meta property=\"og:url\" content=\"https:\/\/mont-roig.cat\/es\/actualitat\/noticies\/la-carrera-popular-y-solidaria-crematorrons-de-miami-platja-se-celebra-este-ano-el-14-de-enero\/\" \/>\n<meta property=\"og:site_name\" content=\"Ajuntament de Mont-roig del Camp\" \/>\n<meta property=\"article:published_time\" content=\"2023-12-14T13:29:23+00:00\" \/>\n<meta property=\"article:modified_time\" content=\"2024-01-03T11:57:36+00:00\" \/>\n<meta property=\"og:image\" content=\"https:\/\/mont-roig.cat\/wp-content\/uploads\/Imagen-de-WhatsApp-2023-11-21-a-las-10.52.22_2c52e898.jpg\" \/>\n\t<meta property=\"og:image:width\" content=\"1131\" \/>\n\t<meta property=\"og:image:height\" content=\"1600\" \/>\n\t<meta property=\"og:image:type\" content=\"image\/jpeg\" \/>\n<meta name=\"author\" content=\"comunicacio\" \/>\n<meta name=\"twitter:card\" content=\"summary_large_image\" \/>\n<meta name=\"twitter:label1\" content=\"Escrito por\" \/>\n\t<meta name=\"twitter:data1\" content=\"comunicacio\" \/>\n\t<meta name=\"twitter:label2\" content=\"Tiempo de lectura\" \/>\n\t<meta name=\"twitter:data2\" content=\"2 minutos\" \/>\n<script type=\"application\/ld+json\" class=\"yoast-schema-graph\">{\"@context\":\"https:\\\/\\\/schema.org\",\"@graph\":[{\"@type\":\"Article\",\"@id\":\"https:\\\/\\\/mont-roig.cat\\\/es\\\/actualitat\\\/noticies\\\/la-carrera-popular-y-solidaria-crematorrons-de-miami-platja-se-celebra-este-ano-el-14-de-enero\\\/#article\",\"isPartOf\":{\"@id\":\"https:\\\/\\\/mont-roig.cat\\\/es\\\/actualitat\\\/noticies\\\/la-carrera-popular-y-solidaria-crematorrons-de-miami-platja-se-celebra-este-ano-el-14-de-enero\\\/\"},\"author\":{\"name\":\"comunicacio\",\"@id\":\"https:\\\/\\\/mont-roig.cat\\\/es\\\/#\\\/schema\\\/person\\\/1f73e7b5e6f9dd122e8a6f14f310ac5e\"},\"headline\":\"La carrera popular y solidaria Crematorrons de Miami Platja se celebra este a\u00f1o el 14 de enero\",\"datePublished\":\"2023-12-14T13:29:23+00:00\",\"dateModified\":\"2024-01-03T11:57:36+00:00\",\"mainEntityOfPage\":{\"@id\":\"https:\\\/\\\/mont-roig.cat\\\/es\\\/actualitat\\\/noticies\\\/la-carrera-popular-y-solidaria-crematorrons-de-miami-platja-se-celebra-este-ano-el-14-de-enero\\\/\"},\"wordCount\":357,\"image\":{\"@id\":\"https:\\\/\\\/mont-roig.cat\\\/es\\\/actualitat\\\/noticies\\\/la-carrera-popular-y-solidaria-crematorrons-de-miami-platja-se-celebra-este-ano-el-14-de-enero\\\/#primaryimage\"},\"thumbnailUrl\":\"https:\\\/\\\/mont-roig.cat\\\/wp-content\\\/uploads\\\/Imagen-de-WhatsApp-2023-11-21-a-las-10.52.22_2c52e898.jpg\",\"articleSection\":[\"Ayuntamiento\",\"Deportes\"],\"inLanguage\":\"es\"},{\"@type\":\"WebPage\",\"@id\":\"https:\\\/\\\/mont-roig.cat\\\/es\\\/actualitat\\\/noticies\\\/la-carrera-popular-y-solidaria-crematorrons-de-miami-platja-se-celebra-este-ano-el-14-de-enero\\\/\",\"url\":\"https:\\\/\\\/mont-roig.cat\\\/es\\\/actualitat\\\/noticies\\\/la-carrera-popular-y-solidaria-crematorrons-de-miami-platja-se-celebra-este-ano-el-14-de-enero\\\/\",\"name\":\"La carrera popular y solidaria Crematorrons de Miami Platja se celebra este a\u00f1o el 14 de enero - Ajuntament de Mont-roig del Camp\",\"isPartOf\":{\"@id\":\"https:\\\/\\\/mont-roig.cat\\\/es\\\/#website\"},\"primaryImageOfPage\":{\"@id\":\"https:\\\/\\\/mont-roig.cat\\\/es\\\/actualitat\\\/noticies\\\/la-carrera-popular-y-solidaria-crematorrons-de-miami-platja-se-celebra-este-ano-el-14-de-enero\\\/#primaryimage\"},\"image\":{\"@id\":\"https:\\\/\\\/mont-roig.cat\\\/es\\\/actualitat\\\/noticies\\\/la-carrera-popular-y-solidaria-crematorrons-de-miami-platja-se-celebra-este-ano-el-14-de-enero\\\/#primaryimage\"},\"thumbnailUrl\":\"https:\\\/\\\/mont-roig.cat\\\/wp-content\\\/uploads\\\/Imagen-de-WhatsApp-2023-11-21-a-las-10.52.22_2c52e898.jpg\",\"datePublished\":\"2023-12-14T13:29:23+00:00\",\"dateModified\":\"2024-01-03T11:57:36+00:00\",\"author\":{\"@id\":\"https:\\\/\\\/mont-roig.cat\\\/es\\\/#\\\/schema\\\/person\\\/1f73e7b5e6f9dd122e8a6f14f310ac5e\"},\"breadcrumb\":{\"@id\":\"https:\\\/\\\/mont-roig.cat\\\/es\\\/actualitat\\\/noticies\\\/la-carrera-popular-y-solidaria-crematorrons-de-miami-platja-se-celebra-este-ano-el-14-de-enero\\\/#breadcrumb\"},\"inLanguage\":\"es\",\"potentialAction\":[{\"@type\":\"ReadAction\",\"target\":[\"https:\\\/\\\/mont-roig.cat\\\/es\\\/actualitat\\\/noticies\\\/la-carrera-popular-y-solidaria-crematorrons-de-miami-platja-se-celebra-este-ano-el-14-de-enero\\\/\"]}]},{\"@type\":\"ImageObject\",\"inLanguage\":\"es\",\"@id\":\"https:\\\/\\\/mont-roig.cat\\\/es\\\/actualitat\\\/noticies\\\/la-carrera-popular-y-solidaria-crematorrons-de-miami-platja-se-celebra-este-ano-el-14-de-enero\\\/#primaryimage\",\"url\":\"https:\\\/\\\/mont-roig.cat\\\/wp-content\\\/uploads\\\/Imagen-de-WhatsApp-2023-11-21-a-las-10.52.22_2c52e898.jpg\",\"contentUrl\":\"https:\\\/\\\/mont-roig.cat\\\/wp-content\\\/uploads\\\/Imagen-de-WhatsApp-2023-11-21-a-las-10.52.22_2c52e898.jpg\",\"width\":1131,\"height\":1600},{\"@type\":\"BreadcrumbList\",\"@id\":\"https:\\\/\\\/mont-roig.cat\\\/es\\\/actualitat\\\/noticies\\\/la-carrera-popular-y-solidaria-crematorrons-de-miami-platja-se-celebra-este-ano-el-14-de-enero\\\/#breadcrumb\",\"itemListElement\":[{\"@type\":\"ListItem\",\"position\":1,\"name\":\"Inici\",\"item\":\"https:\\\/\\\/mont-roig.cat\\\/es\\\/pagina-de-inicio\\\/\"},{\"@type\":\"ListItem\",\"position\":2,\"name\":\"La carrera popular y solidaria Crematorrons de Miami Platja se celebra este a\u00f1o el 14 de enero\"}]},{\"@type\":\"WebSite\",\"@id\":\"https:\\\/\\\/mont-roig.cat\\\/es\\\/#website\",\"url\":\"https:\\\/\\\/mont-roig.cat\\\/es\\\/\",\"name\":\"Ajuntament de Mont-roig del Camp\",\"description\":\"Tota la informaci\u00f3 sobre la instituci\u00f3, els seus \u00f2rgans de govern, actualitat, serveis i molt m\u00e9s.\",\"potentialAction\":[{\"@type\":\"SearchAction\",\"target\":{\"@type\":\"EntryPoint\",\"urlTemplate\":\"https:\\\/\\\/mont-roig.cat\\\/es\\\/?s={search_term_string}\"},\"query-input\":{\"@type\":\"PropertyValueSpecification\",\"valueRequired\":true,\"valueName\":\"search_term_string\"}}],\"inLanguage\":\"es\"},{\"@type\":\"Person\",\"@id\":\"https:\\\/\\\/mont-roig.cat\\\/es\\\/#\\\/schema\\\/person\\\/1f73e7b5e6f9dd122e8a6f14f310ac5e\",\"name\":\"comunicacio\",\"image\":{\"@type\":\"ImageObject\",\"inLanguage\":\"es\",\"@id\":\"https:\\\/\\\/secure.gravatar.com\\\/avatar\\\/98944333e7a877670a64f8d10f0cb680ab2c9ebc4efc43945ef004b52b5ad28c?s=96&d=mm&r=g\",\"url\":\"https:\\\/\\\/secure.gravatar.com\\\/avatar\\\/98944333e7a877670a64f8d10f0cb680ab2c9ebc4efc43945ef004b52b5ad28c?s=96&d=mm&r=g\",\"contentUrl\":\"https:\\\/\\\/secure.gravatar.com\\\/avatar\\\/98944333e7a877670a64f8d10f0cb680ab2c9ebc4efc43945ef004b52b5ad28c?s=96&d=mm&r=g\",\"caption\":\"comunicacio\"},\"url\":\"https:\\\/\\\/mont-roig.cat\\\/es\\\/actualitat\\\/noticies\\\/author\\\/comunicacio\\\/\"}]}<\/script>\n<!-- \/ Yoast SEO plugin. -->","yoast_head_json":{"title":"La carrera popular y solidaria Crematorrons de Miami Platja se celebra este a\u00f1o el 14 de enero - Ajuntament de Mont-roig del Camp","robots":{"index":"index","follow":"follow","max-snippet":"max-snippet:-1","max-image-preview":"max-image-preview:large","max-video-preview":"max-video-preview:-1"},"canonical":"https:\/\/mont-roig.cat\/es\/actualitat\/noticies\/la-carrera-popular-y-solidaria-crematorrons-de-miami-platja-se-celebra-este-ano-el-14-de-enero\/","og_locale":"es_ES","og_type":"article","og_title":"La carrera popular y solidaria Crematorrons de Miami Platja se celebra este a\u00f1o el 14 de enero - Ajuntament de Mont-roig del Camp","og_description":"Ya est\u00e1n abiertas las inscripciones para una carrera con dos recorridos de 5 y 10 kil\u00f3metros y tambi\u00e9n carreras de promoci\u00f3n para ni\u00f1os y ni\u00f1as hasta 12 a\u00f1os El Ayuntamiento de Mont-roig del Camp, organizar\u00e1 el pr\u00f3ximo domingo d\u00eda 14 de enero la cl\u00e1sica carrera de la Crema Torrons, una competici\u00f3n que llega para cerrar [&hellip;]","og_url":"https:\/\/mont-roig.cat\/es\/actualitat\/noticies\/la-carrera-popular-y-solidaria-crematorrons-de-miami-platja-se-celebra-este-ano-el-14-de-enero\/","og_site_name":"Ajuntament de Mont-roig del Camp","article_published_time":"2023-12-14T13:29:23+00:00","article_modified_time":"2024-01-03T11:57:36+00:00","og_image":[{"width":1131,"height":1600,"url":"https:\/\/mont-roig.cat\/wp-content\/uploads\/Imagen-de-WhatsApp-2023-11-21-a-las-10.52.22_2c52e898.jpg","type":"image\/jpeg"}],"author":"comunicacio","twitter_card":"summary_large_image","twitter_misc":{"Escrito por":"comunicacio","Tiempo de lectura":"2 minutos"},"schema":{"@context":"https:\/\/schema.org","@graph":[{"@type":"Article","@id":"https:\/\/mont-roig.cat\/es\/actualitat\/noticies\/la-carrera-popular-y-solidaria-crematorrons-de-miami-platja-se-celebra-este-ano-el-14-de-enero\/#article","isPartOf":{"@id":"https:\/\/mont-roig.cat\/es\/actualitat\/noticies\/la-carrera-popular-y-solidaria-crematorrons-de-miami-platja-se-celebra-este-ano-el-14-de-enero\/"},"author":{"name":"comunicacio","@id":"https:\/\/mont-roig.cat\/es\/#\/schema\/person\/1f73e7b5e6f9dd122e8a6f14f310ac5e"},"headline":"La carrera popular y solidaria Crematorrons de Miami Platja se celebra este a\u00f1o el 14 de enero","datePublished":"2023-12-14T13:29:23+00:00","dateModified":"2024-01-03T11:57:36+00:00","mainEntityOfPage":{"@id":"https:\/\/mont-roig.cat\/es\/actualitat\/noticies\/la-carrera-popular-y-solidaria-crematorrons-de-miami-platja-se-celebra-este-ano-el-14-de-enero\/"},"wordCount":357,"image":{"@id":"https:\/\/mont-roig.cat\/es\/actualitat\/noticies\/la-carrera-popular-y-solidaria-crematorrons-de-miami-platja-se-celebra-este-ano-el-14-de-enero\/#primaryimage"},"thumbnailUrl":"https:\/\/mont-roig.cat\/wp-content\/uploads\/Imagen-de-WhatsApp-2023-11-21-a-las-10.52.22_2c52e898.jpg","articleSection":["Ayuntamiento","Deportes"],"inLanguage":"es"},{"@type":"WebPage","@id":"https:\/\/mont-roig.cat\/es\/actualitat\/noticies\/la-carrera-popular-y-solidaria-crematorrons-de-miami-platja-se-celebra-este-ano-el-14-de-enero\/","url":"https:\/\/mont-roig.cat\/es\/actualitat\/noticies\/la-carrera-popular-y-solidaria-crematorrons-de-miami-platja-se-celebra-este-ano-el-14-de-enero\/","name":"La carrera popular y solidaria Crematorrons de Miami Platja se celebra este a\u00f1o el 14 de enero - Ajuntament de Mont-roig del Camp","isPartOf":{"@id":"https:\/\/mont-roig.cat\/es\/#website"},"primaryImageOfPage":{"@id":"https:\/\/mont-roig.cat\/es\/actualitat\/noticies\/la-carrera-popular-y-solidaria-crematorrons-de-miami-platja-se-celebra-este-ano-el-14-de-enero\/#primaryimage"},"image":{"@id":"https:\/\/mont-roig.cat\/es\/actualitat\/noticies\/la-carrera-popular-y-solidaria-crematorrons-de-miami-platja-se-celebra-este-ano-el-14-de-enero\/#primaryimage"},"thumbnailUrl":"https:\/\/mont-roig.cat\/wp-content\/uploads\/Imagen-de-WhatsApp-2023-11-21-a-las-10.52.22_2c52e898.jpg","datePublished":"2023-12-14T13:29:23+00:00","dateModified":"2024-01-03T11:57:36+00:00","author":{"@id":"https:\/\/mont-roig.cat\/es\/#\/schema\/person\/1f73e7b5e6f9dd122e8a6f14f310ac5e"},"breadcrumb":{"@id":"https:\/\/mont-roig.cat\/es\/actualitat\/noticies\/la-carrera-popular-y-solidaria-crematorrons-de-miami-platja-se-celebra-este-ano-el-14-de-enero\/#breadcrumb"},"inLanguage":"es","potentialAction":[{"@type":"ReadAction","target":["https:\/\/mont-roig.cat\/es\/actualitat\/noticies\/la-carrera-popular-y-solidaria-crematorrons-de-miami-platja-se-celebra-este-ano-el-14-de-enero\/"]}]},{"@type":"ImageObject","inLanguage":"es","@id":"https:\/\/mont-roig.cat\/es\/actualitat\/noticies\/la-carrera-popular-y-solidaria-crematorrons-de-miami-platja-se-celebra-este-ano-el-14-de-enero\/#primaryimage","url":"https:\/\/mont-roig.cat\/wp-content\/uploads\/Imagen-de-WhatsApp-2023-11-21-a-las-10.52.22_2c52e898.jpg","contentUrl":"https:\/\/mont-roig.cat\/wp-content\/uploads\/Imagen-de-WhatsApp-2023-11-21-a-las-10.52.22_2c52e898.jpg","width":1131,"height":1600},{"@type":"BreadcrumbList","@id":"https:\/\/mont-roig.cat\/es\/actualitat\/noticies\/la-carrera-popular-y-solidaria-crematorrons-de-miami-platja-se-celebra-este-ano-el-14-de-enero\/#breadcrumb","itemListElement":[{"@type":"ListItem","position":1,"name":"Inici","item":"https:\/\/mont-roig.cat\/es\/pagina-de-inicio\/"},{"@type":"ListItem","position":2,"name":"La carrera popular y solidaria Crematorrons de Miami Platja se celebra este a\u00f1o el 14 de enero"}]},{"@type":"WebSite","@id":"https:\/\/mont-roig.cat\/es\/#website","url":"https:\/\/mont-roig.cat\/es\/","name":"Ajuntament de Mont-roig del Camp","description":"Tota la informaci\u00f3 sobre la instituci\u00f3, els seus \u00f2rgans de govern, actualitat, serveis i molt m\u00e9s.","potentialAction":[{"@type":"SearchAction","target":{"@type":"EntryPoint","urlTemplate":"https:\/\/mont-roig.cat\/es\/?s={search_term_string}"},"query-input":{"@type":"PropertyValueSpecification","valueRequired":true,"valueName":"search_term_string"}}],"inLanguage":"es"},{"@type":"Person","@id":"https:\/\/mont-roig.cat\/es\/#\/schema\/person\/1f73e7b5e6f9dd122e8a6f14f310ac5e","name":"comunicacio","image":{"@type":"ImageObject","inLanguage":"es","@id":"https:\/\/secure.gravatar.com\/avatar\/98944333e7a877670a64f8d10f0cb680ab2c9ebc4efc43945ef004b52b5ad28c?s=96&d=mm&r=g","url":"https:\/\/secure.gravatar.com\/avatar\/98944333e7a877670a64f8d10f0cb680ab2c9ebc4efc43945ef004b52b5ad28c?s=96&d=mm&r=g","contentUrl":"https:\/\/secure.gravatar.com\/avatar\/98944333e7a877670a64f8d10f0cb680ab2c9ebc4efc43945ef004b52b5ad28c?s=96&d=mm&r=g","caption":"comunicacio"},"url":"https:\/\/mont-roig.cat\/es\/actualitat\/noticies\/author\/comunicacio\/"}]}},"_links":{"self":[{"href":"https:\/\/mont-roig.cat\/es\/wp-json\/wp\/v2\/posts\/74096","targetHints":{"allow":["GET"]}}],"collection":[{"href":"https:\/\/mont-roig.cat\/es\/wp-json\/wp\/v2\/posts"}],"about":[{"href":"https:\/\/mont-roig.cat\/es\/wp-json\/wp\/v2\/types\/post"}],"author":[{"embeddable":true,"href":"https:\/\/mont-roig.cat\/es\/wp-json\/wp\/v2\/users\/13"}],"replies":[{"embeddable":true,"href":"https:\/\/mont-roig.cat\/es\/wp-json\/wp\/v2\/comments?post=74096"}],"version-history":[{"count":3,"href":"https:\/\/mont-roig.cat\/es\/wp-json\/wp\/v2\/posts\/74096\/revisions"}],"predecessor-version":[{"id":74327,"href":"https:\/\/mont-roig.cat\/es\/wp-json\/wp\/v2\/posts\/74096\/revisions\/74327"}],"wp:featuredmedia":[{"embeddable":true,"href":"https:\/\/mont-roig.cat\/es\/wp-json\/wp\/v2\/media\/74083"}],"wp:attachment":[{"href":"https:\/\/mont-roig.cat\/es\/wp-json\/wp\/v2\/media?parent=74096"}],"wp:term":[{"taxonomy":"category","embeddable":true,"href":"https:\/\/mont-roig.cat\/es\/wp-json\/wp\/v2\/categories?post=74096"},{"taxonomy":"post_tag","embeddable":true,"href":"https:\/\/mont-roig.cat\/es\/wp-json\/wp\/v2\/tags?post=74096"}],"curies":[{"name":"wp","href":"https:\/\/api.w.org\/{rel}","templated":true}]}}