{"id":74130,"date":"2023-12-19T14:01:56","date_gmt":"2023-12-19T13:01:56","guid":{"rendered":"https:\/\/mont-roig.cat\/actualitat\/noticies\/el-ple-de-lajuntament-aprova-definitivament-el-conveni-urbanistic-de-lotte\/"},"modified":"2024-02-09T14:36:51","modified_gmt":"2024-02-09T13:36:51","slug":"el-ple-de-lajuntament-aprova-definitivament-el-conveni-urbanistic-de-lotte","status":"publish","type":"post","link":"https:\/\/mont-roig.cat\/es\/actualitat\/noticies\/el-ple-de-lajuntament-aprova-definitivament-el-conveni-urbanistic-de-lotte\/","title":{"rendered":"El pleno del Ayuntamiento aprueba definitivamente el convenio urban\u00edstico de Lotte"},"content":{"rendered":"<div class=\"wpb-content-wrapper\">[vc_row][vc_column][vc_column_text]<strong><strong><a href=\"https:\/\/mont-roig.cat\/wp-content\/uploads\/mont-roig_logotip_2tintes.jpg\" target=\"_blank\" rel=\"noopener\"><img loading=\"lazy\" decoding=\"async\" class=\"alignright wp-image-14054\" src=\"https:\/\/mont-roig.cat\/wp-content\/uploads\/mont-roig_logotip_2tintes-500x355.jpg\" alt=\"\" width=\"303\" height=\"215\" srcset=\"https:\/\/mont-roig.cat\/wp-content\/uploads\/mont-roig_logotip_2tintes-500x355.jpg 500w, https:\/\/mont-roig.cat\/wp-content\/uploads\/mont-roig_logotip_2tintes-768x546.jpg 768w, https:\/\/mont-roig.cat\/wp-content\/uploads\/mont-roig_logotip_2tintes-1024x728.jpg 1024w, https:\/\/mont-roig.cat\/wp-content\/uploads\/mont-roig_logotip_2tintes.jpg 1134w\" sizes=\"auto, (max-width: 303px) 100vw, 303px\" \/><\/a><\/strong><\/strong><\/p>\n<ul>\n<li><strong>El consistorio ha rechazado las alegaciones presentadas porque no contravienen el ordenamiento jur\u00eddico y tratan aspectos no relacionados con la naturaleza urban\u00edstica del convenio<\/strong><\/li>\n<li><strong>El alcalde, que ha querido responder a las principales objeciones durante el plenario, ha defendido que el proyecto se lleva adelante con las m\u00e1ximas garant\u00edas jur\u00eddicas tanto del Ayuntamiento como de la Generalitat<\/strong><\/li>\n<\/ul>\n<p>El Pleno del Ayuntamiento de Mont-roig del Camp, celebrado este lunes 18 de diciembre, ha aprobado definitivamente el convenio urban\u00edstico entre el consistorio y la empresa coreana Lotte Energy Materials Spain SL. En cuanto a las alegaciones que hab\u00edan presentado el grupo municipal de Junts y otros ciudadanos\/as y entidades hacia el convenio urban\u00edstico se han desestimado porque no contravienen el ordenamiento jur\u00eddico o no est\u00e1n relacionadas con la naturaleza urban\u00edstica del convenio.<\/p>\n<p>En este sentido, el alcalde Fran Morancho ha explicado que algunos de los reparos que se han hecho en el convenio urban\u00edstico y que ahora se han tenido que rechazar porque la naturaleza no es urban\u00edstica, s\u00ed que se podr\u00e1n tener en cuenta ante nuevos acuerdos relacionados con el proyecto, como por ejemplo, cuando se aprueben las condiciones de compraventa de los terrenos por parte de Lotte.<\/p>\n<p>Asimismo, el alcalde ha destacado que &#8220;la implantaci\u00f3n de Lotte en el municipio sigue adelante, primando el inter\u00e9s general y con las m\u00e1ximas garant\u00edas jur\u00eddicas, tanto por parte del Ayuntamiento como de la Generalitat&#8221;.<\/p>\n<p><strong>Respuesta a las principales alegaciones<\/strong><br \/>\nEl alcalde del Ayuntamiento quiso dar respuesta a algunas de las principales objeciones al convenio, en un plenario al que tambi\u00e9n asistieron una veintena de personas contrarias a la implantaci\u00f3n de Lotte en el municipio. De hecho, un grueso importante de alegaciones iban relacionadas con los niveles de contaminaci\u00f3n o impacto medioambiental de las f\u00e1bricas. En este caso, el alcalde explic\u00f3 que durante el proceso de implementaci\u00f3n los t\u00e9cnicos de la Generalitat emitir\u00e1n informes que valorar\u00e1n estos aspectos y tendr\u00e1n que avalar que el proyecto cumple con todas las garant\u00edas ambientales y de seguridad para la poblaci\u00f3n. As\u00ed, en relaci\u00f3n con las categor\u00edas de la actividad y la adopci\u00f3n de medidas para eliminar cualquier peligro, respondi\u00f3 que cuando se tramite el proyecto de la actividad medioambiental se cumplir\u00e1n con todos los requisitos de la normativa, tambi\u00e9n europea. Es decir, asegur\u00f3 que estos aspectos no se contemplan dentro del convenio urban\u00edstico pero s\u00ed en los procesos posteriores que ser\u00e1n abiertos y que todo el mundo conocer\u00e1.<\/p>\n<p>En relaci\u00f3n con la adquisici\u00f3n de las fincas por la instalaci\u00f3n de las energ\u00edas renovables, Morancho explic\u00f3 que se trata de una transacci\u00f3n privada entre particulares, y que la empresa decide si compra o no los terrenos.<\/p>\n<p>Tambi\u00e9n en relaci\u00f3n a la zona de equipamientos previstos que resulten de la transformaci\u00f3n del plan parcial, dijo que una vez aprobado definitivamente el plan parcial, se valorar\u00e1 si es necesario que se d\u00e9 alg\u00fan servicio en la propia \u00e1rea o pasarlo a otro sitio del municipio.<\/p>\n<p>En cuanto a las inquietudes sobre el agua, explic\u00f3 que el Ayuntamiento no dar\u00e1 ning\u00fan permiso por el agua de los pozos ni ning\u00fan otro tipo, y que la empresa ya tiene cubiertas sus necesidades mediante un contrato con el Consorci d&#8217;Ag\u00fces de Tarragona. Y que, &#8220;en ning\u00fan caso, el consorcio dar\u00e1 agua a la empresa para sacar agua de boca a la poblaci\u00f3n&#8221;. En cuanto a la depuraci\u00f3n, explic\u00f3 que se va a cumplir con las normativas europeas.<\/p>\n<p>En relaci\u00f3n a la distancia de la f\u00e1brica con la zona de poblaci\u00f3n cercana, explic\u00f3 que ir\u00e1 en funci\u00f3n de la normativa. Tambi\u00e9n sobre la distancia de las placas solares con Club Mont-roig, explic\u00f3 que la empujada ya ha dicho que dejar\u00e1n m\u00e1s distancia que la que marca la normativa y que har\u00e1n protecci\u00f3n boscosa para evitar el impacto.<br \/>\nPor su parte, el grupo municipal de Junts afirm\u00f3 que &#8220;el rechazo de todas las alegaciones nos parece una desatenci\u00f3n hacia la labor de la pol\u00edtica y de la ciudadan\u00eda&#8221;. Y que no est\u00e1n de acuerdo con el convenio &#8220;por la inespecificidad de las garant\u00edas de una parte de la poblaci\u00f3n del municipio&#8221;. Asimismo pidi\u00f3 que se active una comisi\u00f3n de seguimiento, donde no s\u00f3lo est\u00e9n los pol\u00edticos sino tambi\u00e9n el tejido social y econ\u00f3mico del municipio.<\/p>\n<p>En este sentido el alcalde insisti\u00f3 en que \u201csi no se cumplen las normativas la instalaci\u00f3n de la empresa no saldr\u00e1 adelante, recalcando que Ayuntamiento y Generalitat van de la mano para que existan las m\u00e1ximas garant\u00edas jur\u00eddicas\u201d. Tambi\u00e9n ante la inquietud de si es o no es una empresa qu\u00edmica, explic\u00f3 que el hecho de que durante la fabricaci\u00f3n del elecfoil haya una producci\u00f3n qu\u00edmica de una determinada manera no est\u00e1 relacionado con que haya un peligro para la poblaci\u00f3n .<\/p>\n<p>El punto se aprob\u00f3 con los votos a favor del equipo de gobierno (PSC-IMM), de ERC y VOX y los votos en contra de Junts.<\/p>\n<p><strong>Otros puntos tratados<\/strong><\/p>\n<p>Durante el plenario se aprobaron, por unanimidad, tres mociones. Una de ellas presentada por todos los grupos municipales para pedir una mejora de la financiaci\u00f3n local para los ayuntamientos, otra tambi\u00e9n de ERC sobre una transici\u00f3n energ\u00e9tica justa y de proximidad y rechazo de las l\u00edneas de muy alta tensi\u00f3n privadas y una tercera por parte del grupo municipal de Junts para la creaci\u00f3n de una aplicaci\u00f3n m\u00f3vil que permita enviar informaci\u00f3n a la ciudadan\u00eda ya sea del Ayuntamiento como de las entidades y asociaciones del municipio.<\/p>\n<ul>\n<li><a href=\"https:\/\/mont-roig.cat\/wp-content\/uploads\/13-Mocio-presentada-per-tots-els-grups-municipals-pel-financament-dels-ens-locals.pdf\" target=\"_blank\" rel=\"noopener\" data-wpel-link=\"internal\">Moci\u00f3n presentada por todos los grupos municipales para la financiaci\u00f3n local<\/a><\/li>\n<li><a href=\"https:\/\/mont-roig.cat\/wp-content\/uploads\/11-Mocio-ERC-AM-_-linies-MAT_DES23.pdf\" target=\"_blank\" rel=\"noopener\" data-wpel-link=\"internal\">Moci\u00f3n presentada por ERC-AM sobre las l\u00edneas MAT<\/a><\/li>\n<li><a href=\"https:\/\/mont-roig.cat\/wp-content\/uploads\/12-Mocio-presentada-per-Junts-App-Cultura.pdf\" target=\"_blank\" rel=\"noopener\" data-wpel-link=\"internal\">Moci\u00f3n presentada por Junts sobre App Cultura<\/a><\/li>\n<\/ul>\n<p>Por \u00faltimo, entre otras cuestiones de tr\u00e1mite, el plenario tambi\u00e9n aprob\u00f3 una actualizaci\u00f3n de los d\u00edas de celebraci\u00f3n de los \u00f3rganos colegiados a ra\u00edz de la modificaci\u00f3n del Rom. As\u00ed el Pleno pasar\u00e1 a celebrarse el segundo lunes de cada mes, a las 13 h. Tambi\u00e9n las comisiones informativas y las juntas de portavoces ser\u00e1n los lunes.[\/vc_column_text][\/vc_column][\/vc_row][vc_row][vc_column][vc_video link=&#8221;https:\/\/www.youtube.com\/watch?v=21_JYoBmfrA&#8221; el_width=&#8221;70&#8243; title=&#8221;Pleno extraordinario 18 de diciembre de 2023&#8243;][\/vc_column][\/vc_row]\n<\/div>","protected":false},"excerpt":{"rendered":"<p>[vc_row][vc_column][vc_column_text] El consistorio ha rechazado las alegaciones presentadas porque no contravienen el ordenamiento jur\u00eddico y tratan aspectos no relacionados con la naturaleza urban\u00edstica del convenio El alcalde, que ha querido responder a las principales objeciones durante el plenario, ha defendido que el proyecto se lleva adelante con las m\u00e1ximas garant\u00edas jur\u00eddicas tanto del Ayuntamiento como [&hellip;]<\/p>\n","protected":false},"author":13,"featured_media":0,"comment_status":"closed","ping_status":"closed","sticky":false,"template":"","format":"standard","meta":{"inline_featured_image":false,"_monsterinsights_skip_tracking":false,"_monsterinsights_sitenote_active":false,"_monsterinsights_sitenote_note":"","_monsterinsights_sitenote_category":0,"footnotes":""},"categories":[98,240],"tags":[],"class_list":["post-74130","post","type-post","status-publish","format-standard","hentry","category-ayuntamiento","category-lotte-es"],"yoast_head":"<!-- This site is optimized with the Yoast SEO plugin v27.4 - https:\/\/yoast.com\/product\/yoast-seo-wordpress\/ -->\n<title>El pleno del Ayuntamiento aprueba definitivamente el convenio urban\u00edstico de Lotte - Ajuntament de Mont-roig del Camp<\/title>\n<meta name=\"robots\" content=\"index, follow, max-snippet:-1, max-image-preview:large, max-video-preview:-1\" \/>\n<link rel=\"canonical\" href=\"https:\/\/mont-roig.cat\/es\/actualitat\/noticies\/el-ple-de-lajuntament-aprova-definitivament-el-conveni-urbanistic-de-lotte\/\" \/>\n<meta property=\"og:locale\" content=\"es_ES\" \/>\n<meta property=\"og:type\" content=\"article\" \/>\n<meta property=\"og:title\" content=\"El pleno del Ayuntamiento aprueba definitivamente el convenio urban\u00edstico de Lotte - Ajuntament de Mont-roig del Camp\" \/>\n<meta property=\"og:description\" content=\"[vc_row][vc_column][vc_column_text] El consistorio ha rechazado las alegaciones presentadas porque no contravienen el ordenamiento jur\u00eddico y tratan aspectos no relacionados con la naturaleza urban\u00edstica del convenio El alcalde, que ha querido responder a las principales objeciones durante el plenario, ha defendido que el proyecto se lleva adelante con las m\u00e1ximas garant\u00edas jur\u00eddicas tanto del Ayuntamiento como [&hellip;]\" \/>\n<meta property=\"og:url\" content=\"https:\/\/mont-roig.cat\/es\/actualitat\/noticies\/el-ple-de-lajuntament-aprova-definitivament-el-conveni-urbanistic-de-lotte\/\" \/>\n<meta property=\"og:site_name\" content=\"Ajuntament de Mont-roig del Camp\" \/>\n<meta property=\"article:published_time\" content=\"2023-12-19T13:01:56+00:00\" \/>\n<meta property=\"article:modified_time\" content=\"2024-02-09T13:36:51+00:00\" \/>\n<meta property=\"og:image\" content=\"https:\/\/mont-roig.cat\/wp-content\/uploads\/mont-roig_logotip_2tintes.jpg\" \/>\n\t<meta property=\"og:image:width\" content=\"1134\" \/>\n\t<meta property=\"og:image:height\" content=\"806\" \/>\n\t<meta property=\"og:image:type\" content=\"image\/jpeg\" \/>\n<meta name=\"author\" content=\"comunicacio\" \/>\n<meta name=\"twitter:card\" content=\"summary_large_image\" \/>\n<meta name=\"twitter:label1\" content=\"Escrito por\" \/>\n\t<meta name=\"twitter:data1\" content=\"comunicacio\" \/>\n\t<meta name=\"twitter:label2\" content=\"Tiempo de lectura\" \/>\n\t<meta name=\"twitter:data2\" content=\"6 minutos\" \/>\n<script type=\"application\/ld+json\" class=\"yoast-schema-graph\">{\"@context\":\"https:\\\/\\\/schema.org\",\"@graph\":[{\"@type\":\"Article\",\"@id\":\"https:\\\/\\\/mont-roig.cat\\\/es\\\/actualitat\\\/noticies\\\/el-ple-de-lajuntament-aprova-definitivament-el-conveni-urbanistic-de-lotte\\\/#article\",\"isPartOf\":{\"@id\":\"https:\\\/\\\/mont-roig.cat\\\/es\\\/actualitat\\\/noticies\\\/el-ple-de-lajuntament-aprova-definitivament-el-conveni-urbanistic-de-lotte\\\/\"},\"author\":{\"name\":\"comunicacio\",\"@id\":\"https:\\\/\\\/mont-roig.cat\\\/es\\\/#\\\/schema\\\/person\\\/1f73e7b5e6f9dd122e8a6f14f310ac5e\"},\"headline\":\"El pleno del Ayuntamiento aprueba definitivamente el convenio urban\u00edstico de Lotte\",\"datePublished\":\"2023-12-19T13:01:56+00:00\",\"dateModified\":\"2024-02-09T13:36:51+00:00\",\"mainEntityOfPage\":{\"@id\":\"https:\\\/\\\/mont-roig.cat\\\/es\\\/actualitat\\\/noticies\\\/el-ple-de-lajuntament-aprova-definitivament-el-conveni-urbanistic-de-lotte\\\/\"},\"wordCount\":1138,\"image\":{\"@id\":\"https:\\\/\\\/mont-roig.cat\\\/es\\\/actualitat\\\/noticies\\\/el-ple-de-lajuntament-aprova-definitivament-el-conveni-urbanistic-de-lotte\\\/#primaryimage\"},\"thumbnailUrl\":\"https:\\\/\\\/mont-roig.cat\\\/wp-content\\\/uploads\\\/mont-roig_logotip_2tintes-500x355.jpg\",\"articleSection\":[\"Ayuntamiento\",\"Lotte\"],\"inLanguage\":\"es\"},{\"@type\":\"WebPage\",\"@id\":\"https:\\\/\\\/mont-roig.cat\\\/es\\\/actualitat\\\/noticies\\\/el-ple-de-lajuntament-aprova-definitivament-el-conveni-urbanistic-de-lotte\\\/\",\"url\":\"https:\\\/\\\/mont-roig.cat\\\/es\\\/actualitat\\\/noticies\\\/el-ple-de-lajuntament-aprova-definitivament-el-conveni-urbanistic-de-lotte\\\/\",\"name\":\"El pleno del Ayuntamiento aprueba definitivamente el convenio urban\u00edstico de Lotte - Ajuntament de Mont-roig del Camp\",\"isPartOf\":{\"@id\":\"https:\\\/\\\/mont-roig.cat\\\/es\\\/#website\"},\"primaryImageOfPage\":{\"@id\":\"https:\\\/\\\/mont-roig.cat\\\/es\\\/actualitat\\\/noticies\\\/el-ple-de-lajuntament-aprova-definitivament-el-conveni-urbanistic-de-lotte\\\/#primaryimage\"},\"image\":{\"@id\":\"https:\\\/\\\/mont-roig.cat\\\/es\\\/actualitat\\\/noticies\\\/el-ple-de-lajuntament-aprova-definitivament-el-conveni-urbanistic-de-lotte\\\/#primaryimage\"},\"thumbnailUrl\":\"https:\\\/\\\/mont-roig.cat\\\/wp-content\\\/uploads\\\/mont-roig_logotip_2tintes-500x355.jpg\",\"datePublished\":\"2023-12-19T13:01:56+00:00\",\"dateModified\":\"2024-02-09T13:36:51+00:00\",\"author\":{\"@id\":\"https:\\\/\\\/mont-roig.cat\\\/es\\\/#\\\/schema\\\/person\\\/1f73e7b5e6f9dd122e8a6f14f310ac5e\"},\"breadcrumb\":{\"@id\":\"https:\\\/\\\/mont-roig.cat\\\/es\\\/actualitat\\\/noticies\\\/el-ple-de-lajuntament-aprova-definitivament-el-conveni-urbanistic-de-lotte\\\/#breadcrumb\"},\"inLanguage\":\"es\",\"potentialAction\":[{\"@type\":\"ReadAction\",\"target\":[\"https:\\\/\\\/mont-roig.cat\\\/es\\\/actualitat\\\/noticies\\\/el-ple-de-lajuntament-aprova-definitivament-el-conveni-urbanistic-de-lotte\\\/\"]}]},{\"@type\":\"ImageObject\",\"inLanguage\":\"es\",\"@id\":\"https:\\\/\\\/mont-roig.cat\\\/es\\\/actualitat\\\/noticies\\\/el-ple-de-lajuntament-aprova-definitivament-el-conveni-urbanistic-de-lotte\\\/#primaryimage\",\"url\":\"https:\\\/\\\/mont-roig.cat\\\/wp-content\\\/uploads\\\/mont-roig_logotip_2tintes-500x355.jpg\",\"contentUrl\":\"https:\\\/\\\/mont-roig.cat\\\/wp-content\\\/uploads\\\/mont-roig_logotip_2tintes-500x355.jpg\"},{\"@type\":\"BreadcrumbList\",\"@id\":\"https:\\\/\\\/mont-roig.cat\\\/es\\\/actualitat\\\/noticies\\\/el-ple-de-lajuntament-aprova-definitivament-el-conveni-urbanistic-de-lotte\\\/#breadcrumb\",\"itemListElement\":[{\"@type\":\"ListItem\",\"position\":1,\"name\":\"Inici\",\"item\":\"https:\\\/\\\/mont-roig.cat\\\/es\\\/pagina-de-inicio\\\/\"},{\"@type\":\"ListItem\",\"position\":2,\"name\":\"El pleno del Ayuntamiento aprueba definitivamente el convenio urban\u00edstico de Lotte\"}]},{\"@type\":\"WebSite\",\"@id\":\"https:\\\/\\\/mont-roig.cat\\\/es\\\/#website\",\"url\":\"https:\\\/\\\/mont-roig.cat\\\/es\\\/\",\"name\":\"Ajuntament de Mont-roig del Camp\",\"description\":\"Tota la informaci\u00f3 sobre la instituci\u00f3, els seus \u00f2rgans de govern, actualitat, serveis i molt m\u00e9s.\",\"potentialAction\":[{\"@type\":\"SearchAction\",\"target\":{\"@type\":\"EntryPoint\",\"urlTemplate\":\"https:\\\/\\\/mont-roig.cat\\\/es\\\/?s={search_term_string}\"},\"query-input\":{\"@type\":\"PropertyValueSpecification\",\"valueRequired\":true,\"valueName\":\"search_term_string\"}}],\"inLanguage\":\"es\"},{\"@type\":\"Person\",\"@id\":\"https:\\\/\\\/mont-roig.cat\\\/es\\\/#\\\/schema\\\/person\\\/1f73e7b5e6f9dd122e8a6f14f310ac5e\",\"name\":\"comunicacio\",\"image\":{\"@type\":\"ImageObject\",\"inLanguage\":\"es\",\"@id\":\"https:\\\/\\\/secure.gravatar.com\\\/avatar\\\/98944333e7a877670a64f8d10f0cb680ab2c9ebc4efc43945ef004b52b5ad28c?s=96&d=mm&r=g\",\"url\":\"https:\\\/\\\/secure.gravatar.com\\\/avatar\\\/98944333e7a877670a64f8d10f0cb680ab2c9ebc4efc43945ef004b52b5ad28c?s=96&d=mm&r=g\",\"contentUrl\":\"https:\\\/\\\/secure.gravatar.com\\\/avatar\\\/98944333e7a877670a64f8d10f0cb680ab2c9ebc4efc43945ef004b52b5ad28c?s=96&d=mm&r=g\",\"caption\":\"comunicacio\"},\"url\":\"https:\\\/\\\/mont-roig.cat\\\/es\\\/actualitat\\\/noticies\\\/author\\\/comunicacio\\\/\"}]}<\/script>\n<!-- \/ Yoast SEO plugin. -->","yoast_head_json":{"title":"El pleno del Ayuntamiento aprueba definitivamente el convenio urban\u00edstico de Lotte - Ajuntament de Mont-roig del Camp","robots":{"index":"index","follow":"follow","max-snippet":"max-snippet:-1","max-image-preview":"max-image-preview:large","max-video-preview":"max-video-preview:-1"},"canonical":"https:\/\/mont-roig.cat\/es\/actualitat\/noticies\/el-ple-de-lajuntament-aprova-definitivament-el-conveni-urbanistic-de-lotte\/","og_locale":"es_ES","og_type":"article","og_title":"El pleno del Ayuntamiento aprueba definitivamente el convenio urban\u00edstico de Lotte - Ajuntament de Mont-roig del Camp","og_description":"[vc_row][vc_column][vc_column_text] El consistorio ha rechazado las alegaciones presentadas porque no contravienen el ordenamiento jur\u00eddico y tratan aspectos no relacionados con la naturaleza urban\u00edstica del convenio El alcalde, que ha querido responder a las principales objeciones durante el plenario, ha defendido que el proyecto se lleva adelante con las m\u00e1ximas garant\u00edas jur\u00eddicas tanto del Ayuntamiento como [&hellip;]","og_url":"https:\/\/mont-roig.cat\/es\/actualitat\/noticies\/el-ple-de-lajuntament-aprova-definitivament-el-conveni-urbanistic-de-lotte\/","og_site_name":"Ajuntament de Mont-roig del Camp","article_published_time":"2023-12-19T13:01:56+00:00","article_modified_time":"2024-02-09T13:36:51+00:00","og_image":[{"width":1134,"height":806,"url":"https:\/\/mont-roig.cat\/wp-content\/uploads\/mont-roig_logotip_2tintes.jpg","type":"image\/jpeg"}],"author":"comunicacio","twitter_card":"summary_large_image","twitter_misc":{"Escrito por":"comunicacio","Tiempo de lectura":"6 minutos"},"schema":{"@context":"https:\/\/schema.org","@graph":[{"@type":"Article","@id":"https:\/\/mont-roig.cat\/es\/actualitat\/noticies\/el-ple-de-lajuntament-aprova-definitivament-el-conveni-urbanistic-de-lotte\/#article","isPartOf":{"@id":"https:\/\/mont-roig.cat\/es\/actualitat\/noticies\/el-ple-de-lajuntament-aprova-definitivament-el-conveni-urbanistic-de-lotte\/"},"author":{"name":"comunicacio","@id":"https:\/\/mont-roig.cat\/es\/#\/schema\/person\/1f73e7b5e6f9dd122e8a6f14f310ac5e"},"headline":"El pleno del Ayuntamiento aprueba definitivamente el convenio urban\u00edstico de Lotte","datePublished":"2023-12-19T13:01:56+00:00","dateModified":"2024-02-09T13:36:51+00:00","mainEntityOfPage":{"@id":"https:\/\/mont-roig.cat\/es\/actualitat\/noticies\/el-ple-de-lajuntament-aprova-definitivament-el-conveni-urbanistic-de-lotte\/"},"wordCount":1138,"image":{"@id":"https:\/\/mont-roig.cat\/es\/actualitat\/noticies\/el-ple-de-lajuntament-aprova-definitivament-el-conveni-urbanistic-de-lotte\/#primaryimage"},"thumbnailUrl":"https:\/\/mont-roig.cat\/wp-content\/uploads\/mont-roig_logotip_2tintes-500x355.jpg","articleSection":["Ayuntamiento","Lotte"],"inLanguage":"es"},{"@type":"WebPage","@id":"https:\/\/mont-roig.cat\/es\/actualitat\/noticies\/el-ple-de-lajuntament-aprova-definitivament-el-conveni-urbanistic-de-lotte\/","url":"https:\/\/mont-roig.cat\/es\/actualitat\/noticies\/el-ple-de-lajuntament-aprova-definitivament-el-conveni-urbanistic-de-lotte\/","name":"El pleno del Ayuntamiento aprueba definitivamente el convenio urban\u00edstico de Lotte - Ajuntament de Mont-roig del Camp","isPartOf":{"@id":"https:\/\/mont-roig.cat\/es\/#website"},"primaryImageOfPage":{"@id":"https:\/\/mont-roig.cat\/es\/actualitat\/noticies\/el-ple-de-lajuntament-aprova-definitivament-el-conveni-urbanistic-de-lotte\/#primaryimage"},"image":{"@id":"https:\/\/mont-roig.cat\/es\/actualitat\/noticies\/el-ple-de-lajuntament-aprova-definitivament-el-conveni-urbanistic-de-lotte\/#primaryimage"},"thumbnailUrl":"https:\/\/mont-roig.cat\/wp-content\/uploads\/mont-roig_logotip_2tintes-500x355.jpg","datePublished":"2023-12-19T13:01:56+00:00","dateModified":"2024-02-09T13:36:51+00:00","author":{"@id":"https:\/\/mont-roig.cat\/es\/#\/schema\/person\/1f73e7b5e6f9dd122e8a6f14f310ac5e"},"breadcrumb":{"@id":"https:\/\/mont-roig.cat\/es\/actualitat\/noticies\/el-ple-de-lajuntament-aprova-definitivament-el-conveni-urbanistic-de-lotte\/#breadcrumb"},"inLanguage":"es","potentialAction":[{"@type":"ReadAction","target":["https:\/\/mont-roig.cat\/es\/actualitat\/noticies\/el-ple-de-lajuntament-aprova-definitivament-el-conveni-urbanistic-de-lotte\/"]}]},{"@type":"ImageObject","inLanguage":"es","@id":"https:\/\/mont-roig.cat\/es\/actualitat\/noticies\/el-ple-de-lajuntament-aprova-definitivament-el-conveni-urbanistic-de-lotte\/#primaryimage","url":"https:\/\/mont-roig.cat\/wp-content\/uploads\/mont-roig_logotip_2tintes-500x355.jpg","contentUrl":"https:\/\/mont-roig.cat\/wp-content\/uploads\/mont-roig_logotip_2tintes-500x355.jpg"},{"@type":"BreadcrumbList","@id":"https:\/\/mont-roig.cat\/es\/actualitat\/noticies\/el-ple-de-lajuntament-aprova-definitivament-el-conveni-urbanistic-de-lotte\/#breadcrumb","itemListElement":[{"@type":"ListItem","position":1,"name":"Inici","item":"https:\/\/mont-roig.cat\/es\/pagina-de-inicio\/"},{"@type":"ListItem","position":2,"name":"El pleno del Ayuntamiento aprueba definitivamente el convenio urban\u00edstico de Lotte"}]},{"@type":"WebSite","@id":"https:\/\/mont-roig.cat\/es\/#website","url":"https:\/\/mont-roig.cat\/es\/","name":"Ajuntament de Mont-roig del Camp","description":"Tota la informaci\u00f3 sobre la instituci\u00f3, els seus \u00f2rgans de govern, actualitat, serveis i molt m\u00e9s.","potentialAction":[{"@type":"SearchAction","target":{"@type":"EntryPoint","urlTemplate":"https:\/\/mont-roig.cat\/es\/?s={search_term_string}"},"query-input":{"@type":"PropertyValueSpecification","valueRequired":true,"valueName":"search_term_string"}}],"inLanguage":"es"},{"@type":"Person","@id":"https:\/\/mont-roig.cat\/es\/#\/schema\/person\/1f73e7b5e6f9dd122e8a6f14f310ac5e","name":"comunicacio","image":{"@type":"ImageObject","inLanguage":"es","@id":"https:\/\/secure.gravatar.com\/avatar\/98944333e7a877670a64f8d10f0cb680ab2c9ebc4efc43945ef004b52b5ad28c?s=96&d=mm&r=g","url":"https:\/\/secure.gravatar.com\/avatar\/98944333e7a877670a64f8d10f0cb680ab2c9ebc4efc43945ef004b52b5ad28c?s=96&d=mm&r=g","contentUrl":"https:\/\/secure.gravatar.com\/avatar\/98944333e7a877670a64f8d10f0cb680ab2c9ebc4efc43945ef004b52b5ad28c?s=96&d=mm&r=g","caption":"comunicacio"},"url":"https:\/\/mont-roig.cat\/es\/actualitat\/noticies\/author\/comunicacio\/"}]}},"_links":{"self":[{"href":"https:\/\/mont-roig.cat\/es\/wp-json\/wp\/v2\/posts\/74130","targetHints":{"allow":["GET"]}}],"collection":[{"href":"https:\/\/mont-roig.cat\/es\/wp-json\/wp\/v2\/posts"}],"about":[{"href":"https:\/\/mont-roig.cat\/es\/wp-json\/wp\/v2\/types\/post"}],"author":[{"embeddable":true,"href":"https:\/\/mont-roig.cat\/es\/wp-json\/wp\/v2\/users\/13"}],"replies":[{"embeddable":true,"href":"https:\/\/mont-roig.cat\/es\/wp-json\/wp\/v2\/comments?post=74130"}],"version-history":[{"count":3,"href":"https:\/\/mont-roig.cat\/es\/wp-json\/wp\/v2\/posts\/74130\/revisions"}],"predecessor-version":[{"id":74141,"href":"https:\/\/mont-roig.cat\/es\/wp-json\/wp\/v2\/posts\/74130\/revisions\/74141"}],"wp:attachment":[{"href":"https:\/\/mont-roig.cat\/es\/wp-json\/wp\/v2\/media?parent=74130"}],"wp:term":[{"taxonomy":"category","embeddable":true,"href":"https:\/\/mont-roig.cat\/es\/wp-json\/wp\/v2\/categories?post=74130"},{"taxonomy":"post_tag","embeddable":true,"href":"https:\/\/mont-roig.cat\/es\/wp-json\/wp\/v2\/tags?post=74130"}],"curies":[{"name":"wp","href":"https:\/\/api.w.org\/{rel}","templated":true}]}}