{"id":74169,"date":"2023-12-20T17:23:29","date_gmt":"2023-12-20T16:23:29","guid":{"rendered":"https:\/\/mont-roig.cat\/actualitat\/noticies\/lestat-invertira-105-milions-deuros-per-humanitzar-el-tracat-de-la-n340-al-seu-pas-pel-municipi-i-construir-una-passarella-sobre-la7\/"},"modified":"2023-12-20T18:33:09","modified_gmt":"2023-12-20T17:33:09","slug":"lestat-invertira-105-milions-deuros-per-humanitzar-el-tracat-de-la-n340-al-seu-pas-pel-municipi-i-construir-una-passarella-sobre-la7","status":"publish","type":"post","link":"https:\/\/mont-roig.cat\/es\/actualitat\/noticies\/lestat-invertira-105-milions-deuros-per-humanitzar-el-tracat-de-la-n340-al-seu-pas-pel-municipi-i-construir-una-passarella-sobre-la7\/","title":{"rendered":"El Estado invertir\u00e1 10,5 millones de euros para humanizar el trazado de la N340 a su paso por el municipio y construir una pasarela sobre la A7"},"content":{"rendered":"<div id=\"attachment_74164\" style=\"width: 323px\" class=\"wp-caption alignright\"><a href=\"https:\/\/mont-roig.cat\/wp-content\/uploads\/N340-Miami-Platja.jpeg\" target=\"_blank\" rel=\"noopener\"><img loading=\"lazy\" decoding=\"async\" aria-describedby=\"caption-attachment-74164\" class=\"wp-image-74164\" src=\"https:\/\/mont-roig.cat\/wp-content\/uploads\/N340-Miami-Platja-500x353.jpeg\" alt=\"\" width=\"313\" height=\"221\" srcset=\"https:\/\/mont-roig.cat\/wp-content\/uploads\/N340-Miami-Platja-500x353.jpeg 500w, https:\/\/mont-roig.cat\/wp-content\/uploads\/N340-Miami-Platja-1024x724.jpeg 1024w, https:\/\/mont-roig.cat\/wp-content\/uploads\/N340-Miami-Platja-768x543.jpeg 768w, https:\/\/mont-roig.cat\/wp-content\/uploads\/N340-Miami-Platja-1536x1086.jpeg 1536w, https:\/\/mont-roig.cat\/wp-content\/uploads\/N340-Miami-Platja.jpeg 1600w\" sizes=\"auto, (max-width: 313px) 100vw, 313px\" \/><\/a><p id=\"caption-attachment-74164\" class=\"wp-caption-text\">Actual N340 a la entrada de Miami Platja desde Cambrils.<\/p><\/div>\n<ul>\n<li><strong>Este proyecto, que en breve estar\u00e1 en fase de exposici\u00f3n p\u00fablica, permitir\u00e1 potenciar un entorno urbano m\u00e1s sostenible, inclusivo y accesible, as\u00ed como el uso de la bicicleta<\/strong><\/li>\n<\/ul>\n<p>El Ministerio de Transportes y Movilidad Sostenible del gobierno estatal ha aprobado esta semana el expediente de informaci\u00f3n p\u00fablica y definitivamente el proyecto de trazado denominado Incorporaci\u00f3n de la N-340 al tejido urbano y vial para peatones y bicicletas en la autov\u00eda A- 7. Carretera N-340 del km 1133&#8217;2 al 1140&#8217;5 y autov\u00eda A-7 km 1131&#8217;9 Tramo: Mont-roig del Camp.<\/p>\n<p>De esta forma, el gobierno estatal responde a la demanda que el Ayuntamiento de Mont-roig del Camp hizo inicialmente hace m\u00e1s de ocho a\u00f1os en la que solicitaba la reversi\u00f3n de esta carretera para permitir una movilidad m\u00e1s segura y humanizada y al mismo tiempo fomentar el uso de la bicicleta como medio de transporte. Este objetivo permite avanzar hacia la aprobaci\u00f3n final de este proyecto, que cuenta con un presupuesto estatal estimado de 10,5 millones de euros (IVA incluido).<\/p>\n<p>Desde la entrada en servicio del tramo de la autov\u00eda A-7 que discurre entre el l\u00edmite entre Altafulla y Tarragona y Vandell\u00f2s\/L&#8217;Hospitalet y la reciente eliminaci\u00f3n del peaje de la autopista AP-7, el tr\u00e1fico en la carretera N-340 ha disminuido significativamente. El tr\u00e1fico de largo recorrido opta por utilizar ambas autov\u00edas y la N-340 acoge el tr\u00e1fico local de corto recorrido, con un car\u00e1cter marcadamente urbano.<\/p>\n<p>Por tanto, la humanizaci\u00f3n de la traves\u00eda llevar\u00e1 impl\u00edcita la posterior cesi\u00f3n al Ayuntamiento de Mont-roig del Camp, que pasar\u00e1 a ser el nuevo responsable de su conservaci\u00f3n y mantenimiento como titular de la v\u00eda que da acceso a Miami Platja ya algunas urbanizaciones de la costa.<\/p>\n<p><strong>Caracter\u00edsticas<\/strong><\/p>\n<ul>\n<li>\u00a0<strong>Actuaci\u00f3n 1.<\/strong> Incorporaci\u00f3n de la carretera N-340 en el tejido urbano del municipio de Mont-roig del Camp. Se trata de la redistribuci\u00f3n de la secci\u00f3n actual, reduciendo el espacio para coches, permitiendo al mismo tiempo la ubicaci\u00f3n de carriles para bicicletas y peatones y la construcci\u00f3n de glorietas en puntos estrat\u00e9gicos del tramo: en la entrada de Miami Platja, en Solemio, en Sant Miquel, en La Torre del Sol, en Alannia Els Prats y en la antigua estaci\u00f3n de tren. Al mismo tiempo, se instalar\u00e1 arbolado en todo el recorrido e iluminaci\u00f3n.<\/li>\n<li><strong>Actuaci\u00f3n 2.<\/strong> Construcci\u00f3n de un vial para peatones y bicicletas entre Bonmont-Casalot-Via Marina y Miami Platja y que conecta los existentes a ambos lados de la autov\u00eda A-7. La longitud total de esta pasarela es de 1,23 kil\u00f3metros. El objetivo es que las urbanizaciones en el norte de Miami Platja, con 1.300 personas empadronadas, que tienen en \u00e9ste, el n\u00facleo natural para acceder a la educaci\u00f3n, la salud, el ocio o el comercio, puedan desplazarse a pie o con veh\u00edculos sin motor de forma segura.<\/li>\n<\/ul>\n<p>&nbsp;<\/p>\n","protected":false},"excerpt":{"rendered":"<p>Este proyecto, que en breve estar\u00e1 en fase de exposici\u00f3n p\u00fablica, permitir\u00e1 potenciar un entorno urbano m\u00e1s sostenible, inclusivo y accesible, as\u00ed como el uso de la bicicleta El Ministerio de Transportes y Movilidad Sostenible del gobierno estatal ha aprobado esta semana el expediente de informaci\u00f3n p\u00fablica y definitivamente el proyecto de trazado denominado Incorporaci\u00f3n [&hellip;]<\/p>\n","protected":false},"author":13,"featured_media":74165,"comment_status":"closed","ping_status":"closed","sticky":false,"template":"","format":"standard","meta":{"inline_featured_image":false,"_monsterinsights_skip_tracking":false,"_monsterinsights_sitenote_active":false,"_monsterinsights_sitenote_note":"","_monsterinsights_sitenote_category":0,"footnotes":""},"categories":[98],"tags":[],"class_list":["post-74169","post","type-post","status-publish","format-standard","has-post-thumbnail","hentry","category-ayuntamiento"],"yoast_head":"<!-- This site is optimized with the Yoast SEO plugin v27.4 - https:\/\/yoast.com\/product\/yoast-seo-wordpress\/ -->\n<title>El Estado invertir\u00e1 10,5 millones de euros para humanizar el trazado de la N340 a su paso por el municipio y construir una pasarela sobre la A7 - Ajuntament de Mont-roig del Camp<\/title>\n<meta name=\"robots\" content=\"index, follow, max-snippet:-1, max-image-preview:large, max-video-preview:-1\" \/>\n<link rel=\"canonical\" href=\"https:\/\/mont-roig.cat\/es\/actualitat\/noticies\/lestat-invertira-105-milions-deuros-per-humanitzar-el-tracat-de-la-n340-al-seu-pas-pel-municipi-i-construir-una-passarella-sobre-la7\/\" \/>\n<meta property=\"og:locale\" content=\"es_ES\" \/>\n<meta property=\"og:type\" content=\"article\" \/>\n<meta property=\"og:title\" content=\"El Estado invertir\u00e1 10,5 millones de euros para humanizar el trazado de la N340 a su paso por el municipio y construir una pasarela sobre la A7 - Ajuntament de Mont-roig del Camp\" \/>\n<meta property=\"og:description\" content=\"Este proyecto, que en breve estar\u00e1 en fase de exposici\u00f3n p\u00fablica, permitir\u00e1 potenciar un entorno urbano m\u00e1s sostenible, inclusivo y accesible, as\u00ed como el uso de la bicicleta El Ministerio de Transportes y Movilidad Sostenible del gobierno estatal ha aprobado esta semana el expediente de informaci\u00f3n p\u00fablica y definitivamente el proyecto de trazado denominado Incorporaci\u00f3n [&hellip;]\" \/>\n<meta property=\"og:url\" content=\"https:\/\/mont-roig.cat\/es\/actualitat\/noticies\/lestat-invertira-105-milions-deuros-per-humanitzar-el-tracat-de-la-n340-al-seu-pas-pel-municipi-i-construir-una-passarella-sobre-la7\/\" \/>\n<meta property=\"og:site_name\" content=\"Ajuntament de Mont-roig del Camp\" \/>\n<meta property=\"article:published_time\" content=\"2023-12-20T16:23:29+00:00\" \/>\n<meta property=\"article:modified_time\" content=\"2023-12-20T17:33:09+00:00\" \/>\n<meta property=\"og:image\" content=\"https:\/\/mont-roig.cat\/wp-content\/uploads\/N340-Miami-Platja.jpeg\" \/>\n\t<meta property=\"og:image:width\" content=\"1600\" \/>\n\t<meta property=\"og:image:height\" content=\"1131\" \/>\n\t<meta property=\"og:image:type\" content=\"image\/jpeg\" \/>\n<meta name=\"author\" content=\"comunicacio\" \/>\n<meta name=\"twitter:card\" content=\"summary_large_image\" \/>\n<meta name=\"twitter:label1\" content=\"Escrito por\" \/>\n\t<meta name=\"twitter:data1\" content=\"comunicacio\" \/>\n\t<meta name=\"twitter:label2\" content=\"Tiempo de lectura\" \/>\n\t<meta name=\"twitter:data2\" content=\"3 minutos\" \/>\n<script type=\"application\/ld+json\" class=\"yoast-schema-graph\">{\"@context\":\"https:\\\/\\\/schema.org\",\"@graph\":[{\"@type\":\"Article\",\"@id\":\"https:\\\/\\\/mont-roig.cat\\\/es\\\/actualitat\\\/noticies\\\/lestat-invertira-105-milions-deuros-per-humanitzar-el-tracat-de-la-n340-al-seu-pas-pel-municipi-i-construir-una-passarella-sobre-la7\\\/#article\",\"isPartOf\":{\"@id\":\"https:\\\/\\\/mont-roig.cat\\\/es\\\/actualitat\\\/noticies\\\/lestat-invertira-105-milions-deuros-per-humanitzar-el-tracat-de-la-n340-al-seu-pas-pel-municipi-i-construir-una-passarella-sobre-la7\\\/\"},\"author\":{\"name\":\"comunicacio\",\"@id\":\"https:\\\/\\\/mont-roig.cat\\\/es\\\/#\\\/schema\\\/person\\\/1f73e7b5e6f9dd122e8a6f14f310ac5e\"},\"headline\":\"El Estado invertir\u00e1 10,5 millones de euros para humanizar el trazado de la N340 a su paso por el municipio y construir una pasarela sobre la A7\",\"datePublished\":\"2023-12-20T16:23:29+00:00\",\"dateModified\":\"2023-12-20T17:33:09+00:00\",\"mainEntityOfPage\":{\"@id\":\"https:\\\/\\\/mont-roig.cat\\\/es\\\/actualitat\\\/noticies\\\/lestat-invertira-105-milions-deuros-per-humanitzar-el-tracat-de-la-n340-al-seu-pas-pel-municipi-i-construir-una-passarella-sobre-la7\\\/\"},\"wordCount\":543,\"image\":{\"@id\":\"https:\\\/\\\/mont-roig.cat\\\/es\\\/actualitat\\\/noticies\\\/lestat-invertira-105-milions-deuros-per-humanitzar-el-tracat-de-la-n340-al-seu-pas-pel-municipi-i-construir-una-passarella-sobre-la7\\\/#primaryimage\"},\"thumbnailUrl\":\"https:\\\/\\\/mont-roig.cat\\\/wp-content\\\/uploads\\\/N340-Miami-Platja.jpeg\",\"articleSection\":[\"Ayuntamiento\"],\"inLanguage\":\"es\"},{\"@type\":\"WebPage\",\"@id\":\"https:\\\/\\\/mont-roig.cat\\\/es\\\/actualitat\\\/noticies\\\/lestat-invertira-105-milions-deuros-per-humanitzar-el-tracat-de-la-n340-al-seu-pas-pel-municipi-i-construir-una-passarella-sobre-la7\\\/\",\"url\":\"https:\\\/\\\/mont-roig.cat\\\/es\\\/actualitat\\\/noticies\\\/lestat-invertira-105-milions-deuros-per-humanitzar-el-tracat-de-la-n340-al-seu-pas-pel-municipi-i-construir-una-passarella-sobre-la7\\\/\",\"name\":\"El Estado invertir\u00e1 10,5 millones de euros para humanizar el trazado de la N340 a su paso por el municipio y construir una pasarela sobre la A7 - Ajuntament de Mont-roig del Camp\",\"isPartOf\":{\"@id\":\"https:\\\/\\\/mont-roig.cat\\\/es\\\/#website\"},\"primaryImageOfPage\":{\"@id\":\"https:\\\/\\\/mont-roig.cat\\\/es\\\/actualitat\\\/noticies\\\/lestat-invertira-105-milions-deuros-per-humanitzar-el-tracat-de-la-n340-al-seu-pas-pel-municipi-i-construir-una-passarella-sobre-la7\\\/#primaryimage\"},\"image\":{\"@id\":\"https:\\\/\\\/mont-roig.cat\\\/es\\\/actualitat\\\/noticies\\\/lestat-invertira-105-milions-deuros-per-humanitzar-el-tracat-de-la-n340-al-seu-pas-pel-municipi-i-construir-una-passarella-sobre-la7\\\/#primaryimage\"},\"thumbnailUrl\":\"https:\\\/\\\/mont-roig.cat\\\/wp-content\\\/uploads\\\/N340-Miami-Platja.jpeg\",\"datePublished\":\"2023-12-20T16:23:29+00:00\",\"dateModified\":\"2023-12-20T17:33:09+00:00\",\"author\":{\"@id\":\"https:\\\/\\\/mont-roig.cat\\\/es\\\/#\\\/schema\\\/person\\\/1f73e7b5e6f9dd122e8a6f14f310ac5e\"},\"breadcrumb\":{\"@id\":\"https:\\\/\\\/mont-roig.cat\\\/es\\\/actualitat\\\/noticies\\\/lestat-invertira-105-milions-deuros-per-humanitzar-el-tracat-de-la-n340-al-seu-pas-pel-municipi-i-construir-una-passarella-sobre-la7\\\/#breadcrumb\"},\"inLanguage\":\"es\",\"potentialAction\":[{\"@type\":\"ReadAction\",\"target\":[\"https:\\\/\\\/mont-roig.cat\\\/es\\\/actualitat\\\/noticies\\\/lestat-invertira-105-milions-deuros-per-humanitzar-el-tracat-de-la-n340-al-seu-pas-pel-municipi-i-construir-una-passarella-sobre-la7\\\/\"]}]},{\"@type\":\"ImageObject\",\"inLanguage\":\"es\",\"@id\":\"https:\\\/\\\/mont-roig.cat\\\/es\\\/actualitat\\\/noticies\\\/lestat-invertira-105-milions-deuros-per-humanitzar-el-tracat-de-la-n340-al-seu-pas-pel-municipi-i-construir-una-passarella-sobre-la7\\\/#primaryimage\",\"url\":\"https:\\\/\\\/mont-roig.cat\\\/wp-content\\\/uploads\\\/N340-Miami-Platja.jpeg\",\"contentUrl\":\"https:\\\/\\\/mont-roig.cat\\\/wp-content\\\/uploads\\\/N340-Miami-Platja.jpeg\",\"width\":1600,\"height\":1131},{\"@type\":\"BreadcrumbList\",\"@id\":\"https:\\\/\\\/mont-roig.cat\\\/es\\\/actualitat\\\/noticies\\\/lestat-invertira-105-milions-deuros-per-humanitzar-el-tracat-de-la-n340-al-seu-pas-pel-municipi-i-construir-una-passarella-sobre-la7\\\/#breadcrumb\",\"itemListElement\":[{\"@type\":\"ListItem\",\"position\":1,\"name\":\"Inici\",\"item\":\"https:\\\/\\\/mont-roig.cat\\\/es\\\/pagina-de-inicio\\\/\"},{\"@type\":\"ListItem\",\"position\":2,\"name\":\"El Estado invertir\u00e1 10,5 millones de euros para humanizar el trazado de la N340 a su paso por el municipio y construir una pasarela sobre la A7\"}]},{\"@type\":\"WebSite\",\"@id\":\"https:\\\/\\\/mont-roig.cat\\\/es\\\/#website\",\"url\":\"https:\\\/\\\/mont-roig.cat\\\/es\\\/\",\"name\":\"Ajuntament de Mont-roig del Camp\",\"description\":\"Tota la informaci\u00f3 sobre la instituci\u00f3, els seus \u00f2rgans de govern, actualitat, serveis i molt m\u00e9s.\",\"potentialAction\":[{\"@type\":\"SearchAction\",\"target\":{\"@type\":\"EntryPoint\",\"urlTemplate\":\"https:\\\/\\\/mont-roig.cat\\\/es\\\/?s={search_term_string}\"},\"query-input\":{\"@type\":\"PropertyValueSpecification\",\"valueRequired\":true,\"valueName\":\"search_term_string\"}}],\"inLanguage\":\"es\"},{\"@type\":\"Person\",\"@id\":\"https:\\\/\\\/mont-roig.cat\\\/es\\\/#\\\/schema\\\/person\\\/1f73e7b5e6f9dd122e8a6f14f310ac5e\",\"name\":\"comunicacio\",\"image\":{\"@type\":\"ImageObject\",\"inLanguage\":\"es\",\"@id\":\"https:\\\/\\\/secure.gravatar.com\\\/avatar\\\/98944333e7a877670a64f8d10f0cb680ab2c9ebc4efc43945ef004b52b5ad28c?s=96&d=mm&r=g\",\"url\":\"https:\\\/\\\/secure.gravatar.com\\\/avatar\\\/98944333e7a877670a64f8d10f0cb680ab2c9ebc4efc43945ef004b52b5ad28c?s=96&d=mm&r=g\",\"contentUrl\":\"https:\\\/\\\/secure.gravatar.com\\\/avatar\\\/98944333e7a877670a64f8d10f0cb680ab2c9ebc4efc43945ef004b52b5ad28c?s=96&d=mm&r=g\",\"caption\":\"comunicacio\"},\"url\":\"https:\\\/\\\/mont-roig.cat\\\/es\\\/actualitat\\\/noticies\\\/author\\\/comunicacio\\\/\"}]}<\/script>\n<!-- \/ Yoast SEO plugin. -->","yoast_head_json":{"title":"El Estado invertir\u00e1 10,5 millones de euros para humanizar el trazado de la N340 a su paso por el municipio y construir una pasarela sobre la A7 - Ajuntament de Mont-roig del Camp","robots":{"index":"index","follow":"follow","max-snippet":"max-snippet:-1","max-image-preview":"max-image-preview:large","max-video-preview":"max-video-preview:-1"},"canonical":"https:\/\/mont-roig.cat\/es\/actualitat\/noticies\/lestat-invertira-105-milions-deuros-per-humanitzar-el-tracat-de-la-n340-al-seu-pas-pel-municipi-i-construir-una-passarella-sobre-la7\/","og_locale":"es_ES","og_type":"article","og_title":"El Estado invertir\u00e1 10,5 millones de euros para humanizar el trazado de la N340 a su paso por el municipio y construir una pasarela sobre la A7 - Ajuntament de Mont-roig del Camp","og_description":"Este proyecto, que en breve estar\u00e1 en fase de exposici\u00f3n p\u00fablica, permitir\u00e1 potenciar un entorno urbano m\u00e1s sostenible, inclusivo y accesible, as\u00ed como el uso de la bicicleta El Ministerio de Transportes y Movilidad Sostenible del gobierno estatal ha aprobado esta semana el expediente de informaci\u00f3n p\u00fablica y definitivamente el proyecto de trazado denominado Incorporaci\u00f3n [&hellip;]","og_url":"https:\/\/mont-roig.cat\/es\/actualitat\/noticies\/lestat-invertira-105-milions-deuros-per-humanitzar-el-tracat-de-la-n340-al-seu-pas-pel-municipi-i-construir-una-passarella-sobre-la7\/","og_site_name":"Ajuntament de Mont-roig del Camp","article_published_time":"2023-12-20T16:23:29+00:00","article_modified_time":"2023-12-20T17:33:09+00:00","og_image":[{"width":1600,"height":1131,"url":"https:\/\/mont-roig.cat\/wp-content\/uploads\/N340-Miami-Platja.jpeg","type":"image\/jpeg"}],"author":"comunicacio","twitter_card":"summary_large_image","twitter_misc":{"Escrito por":"comunicacio","Tiempo de lectura":"3 minutos"},"schema":{"@context":"https:\/\/schema.org","@graph":[{"@type":"Article","@id":"https:\/\/mont-roig.cat\/es\/actualitat\/noticies\/lestat-invertira-105-milions-deuros-per-humanitzar-el-tracat-de-la-n340-al-seu-pas-pel-municipi-i-construir-una-passarella-sobre-la7\/#article","isPartOf":{"@id":"https:\/\/mont-roig.cat\/es\/actualitat\/noticies\/lestat-invertira-105-milions-deuros-per-humanitzar-el-tracat-de-la-n340-al-seu-pas-pel-municipi-i-construir-una-passarella-sobre-la7\/"},"author":{"name":"comunicacio","@id":"https:\/\/mont-roig.cat\/es\/#\/schema\/person\/1f73e7b5e6f9dd122e8a6f14f310ac5e"},"headline":"El Estado invertir\u00e1 10,5 millones de euros para humanizar el trazado de la N340 a su paso por el municipio y construir una pasarela sobre la A7","datePublished":"2023-12-20T16:23:29+00:00","dateModified":"2023-12-20T17:33:09+00:00","mainEntityOfPage":{"@id":"https:\/\/mont-roig.cat\/es\/actualitat\/noticies\/lestat-invertira-105-milions-deuros-per-humanitzar-el-tracat-de-la-n340-al-seu-pas-pel-municipi-i-construir-una-passarella-sobre-la7\/"},"wordCount":543,"image":{"@id":"https:\/\/mont-roig.cat\/es\/actualitat\/noticies\/lestat-invertira-105-milions-deuros-per-humanitzar-el-tracat-de-la-n340-al-seu-pas-pel-municipi-i-construir-una-passarella-sobre-la7\/#primaryimage"},"thumbnailUrl":"https:\/\/mont-roig.cat\/wp-content\/uploads\/N340-Miami-Platja.jpeg","articleSection":["Ayuntamiento"],"inLanguage":"es"},{"@type":"WebPage","@id":"https:\/\/mont-roig.cat\/es\/actualitat\/noticies\/lestat-invertira-105-milions-deuros-per-humanitzar-el-tracat-de-la-n340-al-seu-pas-pel-municipi-i-construir-una-passarella-sobre-la7\/","url":"https:\/\/mont-roig.cat\/es\/actualitat\/noticies\/lestat-invertira-105-milions-deuros-per-humanitzar-el-tracat-de-la-n340-al-seu-pas-pel-municipi-i-construir-una-passarella-sobre-la7\/","name":"El Estado invertir\u00e1 10,5 millones de euros para humanizar el trazado de la N340 a su paso por el municipio y construir una pasarela sobre la A7 - Ajuntament de Mont-roig del Camp","isPartOf":{"@id":"https:\/\/mont-roig.cat\/es\/#website"},"primaryImageOfPage":{"@id":"https:\/\/mont-roig.cat\/es\/actualitat\/noticies\/lestat-invertira-105-milions-deuros-per-humanitzar-el-tracat-de-la-n340-al-seu-pas-pel-municipi-i-construir-una-passarella-sobre-la7\/#primaryimage"},"image":{"@id":"https:\/\/mont-roig.cat\/es\/actualitat\/noticies\/lestat-invertira-105-milions-deuros-per-humanitzar-el-tracat-de-la-n340-al-seu-pas-pel-municipi-i-construir-una-passarella-sobre-la7\/#primaryimage"},"thumbnailUrl":"https:\/\/mont-roig.cat\/wp-content\/uploads\/N340-Miami-Platja.jpeg","datePublished":"2023-12-20T16:23:29+00:00","dateModified":"2023-12-20T17:33:09+00:00","author":{"@id":"https:\/\/mont-roig.cat\/es\/#\/schema\/person\/1f73e7b5e6f9dd122e8a6f14f310ac5e"},"breadcrumb":{"@id":"https:\/\/mont-roig.cat\/es\/actualitat\/noticies\/lestat-invertira-105-milions-deuros-per-humanitzar-el-tracat-de-la-n340-al-seu-pas-pel-municipi-i-construir-una-passarella-sobre-la7\/#breadcrumb"},"inLanguage":"es","potentialAction":[{"@type":"ReadAction","target":["https:\/\/mont-roig.cat\/es\/actualitat\/noticies\/lestat-invertira-105-milions-deuros-per-humanitzar-el-tracat-de-la-n340-al-seu-pas-pel-municipi-i-construir-una-passarella-sobre-la7\/"]}]},{"@type":"ImageObject","inLanguage":"es","@id":"https:\/\/mont-roig.cat\/es\/actualitat\/noticies\/lestat-invertira-105-milions-deuros-per-humanitzar-el-tracat-de-la-n340-al-seu-pas-pel-municipi-i-construir-una-passarella-sobre-la7\/#primaryimage","url":"https:\/\/mont-roig.cat\/wp-content\/uploads\/N340-Miami-Platja.jpeg","contentUrl":"https:\/\/mont-roig.cat\/wp-content\/uploads\/N340-Miami-Platja.jpeg","width":1600,"height":1131},{"@type":"BreadcrumbList","@id":"https:\/\/mont-roig.cat\/es\/actualitat\/noticies\/lestat-invertira-105-milions-deuros-per-humanitzar-el-tracat-de-la-n340-al-seu-pas-pel-municipi-i-construir-una-passarella-sobre-la7\/#breadcrumb","itemListElement":[{"@type":"ListItem","position":1,"name":"Inici","item":"https:\/\/mont-roig.cat\/es\/pagina-de-inicio\/"},{"@type":"ListItem","position":2,"name":"El Estado invertir\u00e1 10,5 millones de euros para humanizar el trazado de la N340 a su paso por el municipio y construir una pasarela sobre la A7"}]},{"@type":"WebSite","@id":"https:\/\/mont-roig.cat\/es\/#website","url":"https:\/\/mont-roig.cat\/es\/","name":"Ajuntament de Mont-roig del Camp","description":"Tota la informaci\u00f3 sobre la instituci\u00f3, els seus \u00f2rgans de govern, actualitat, serveis i molt m\u00e9s.","potentialAction":[{"@type":"SearchAction","target":{"@type":"EntryPoint","urlTemplate":"https:\/\/mont-roig.cat\/es\/?s={search_term_string}"},"query-input":{"@type":"PropertyValueSpecification","valueRequired":true,"valueName":"search_term_string"}}],"inLanguage":"es"},{"@type":"Person","@id":"https:\/\/mont-roig.cat\/es\/#\/schema\/person\/1f73e7b5e6f9dd122e8a6f14f310ac5e","name":"comunicacio","image":{"@type":"ImageObject","inLanguage":"es","@id":"https:\/\/secure.gravatar.com\/avatar\/98944333e7a877670a64f8d10f0cb680ab2c9ebc4efc43945ef004b52b5ad28c?s=96&d=mm&r=g","url":"https:\/\/secure.gravatar.com\/avatar\/98944333e7a877670a64f8d10f0cb680ab2c9ebc4efc43945ef004b52b5ad28c?s=96&d=mm&r=g","contentUrl":"https:\/\/secure.gravatar.com\/avatar\/98944333e7a877670a64f8d10f0cb680ab2c9ebc4efc43945ef004b52b5ad28c?s=96&d=mm&r=g","caption":"comunicacio"},"url":"https:\/\/mont-roig.cat\/es\/actualitat\/noticies\/author\/comunicacio\/"}]}},"_links":{"self":[{"href":"https:\/\/mont-roig.cat\/es\/wp-json\/wp\/v2\/posts\/74169","targetHints":{"allow":["GET"]}}],"collection":[{"href":"https:\/\/mont-roig.cat\/es\/wp-json\/wp\/v2\/posts"}],"about":[{"href":"https:\/\/mont-roig.cat\/es\/wp-json\/wp\/v2\/types\/post"}],"author":[{"embeddable":true,"href":"https:\/\/mont-roig.cat\/es\/wp-json\/wp\/v2\/users\/13"}],"replies":[{"embeddable":true,"href":"https:\/\/mont-roig.cat\/es\/wp-json\/wp\/v2\/comments?post=74169"}],"version-history":[{"count":2,"href":"https:\/\/mont-roig.cat\/es\/wp-json\/wp\/v2\/posts\/74169\/revisions"}],"predecessor-version":[{"id":74171,"href":"https:\/\/mont-roig.cat\/es\/wp-json\/wp\/v2\/posts\/74169\/revisions\/74171"}],"wp:featuredmedia":[{"embeddable":true,"href":"https:\/\/mont-roig.cat\/es\/wp-json\/wp\/v2\/media\/74165"}],"wp:attachment":[{"href":"https:\/\/mont-roig.cat\/es\/wp-json\/wp\/v2\/media?parent=74169"}],"wp:term":[{"taxonomy":"category","embeddable":true,"href":"https:\/\/mont-roig.cat\/es\/wp-json\/wp\/v2\/categories?post=74169"},{"taxonomy":"post_tag","embeddable":true,"href":"https:\/\/mont-roig.cat\/es\/wp-json\/wp\/v2\/tags?post=74169"}],"curies":[{"name":"wp","href":"https:\/\/api.w.org\/{rel}","templated":true}]}}