{"id":74190,"date":"2023-12-21T09:23:53","date_gmt":"2023-12-21T08:23:53","guid":{"rendered":"https:\/\/mont-roig.cat\/actualitat\/noticies\/comencen-les-obres-darranjament-de-les-rotondes-de-lavinguda-diversitat-de-miami-platja\/"},"modified":"2023-12-21T09:49:49","modified_gmt":"2023-12-21T08:49:49","slug":"comencen-les-obres-darranjament-de-les-rotondes-de-lavinguda-diversitat-de-miami-platja","status":"publish","type":"post","link":"https:\/\/mont-roig.cat\/es\/actualitat\/noticies\/comencen-les-obres-darranjament-de-les-rotondes-de-lavinguda-diversitat-de-miami-platja\/","title":{"rendered":"Empiezan las obras de reparaci\u00f3n de las rotondas de la avenida Diversidad de Miami Platja"},"content":{"rendered":"<p><strong><strong><a href=\"https:\/\/mont-roig.cat\/wp-content\/uploads\/rotondola21.jpg\" target=\"_blank\" rel=\"noopener\"><img loading=\"lazy\" decoding=\"async\" class=\"alignright wp-image-74186\" src=\"https:\/\/mont-roig.cat\/wp-content\/uploads\/rotondola21-500x375.jpg\" alt=\"\" width=\"303\" height=\"227\" srcset=\"https:\/\/mont-roig.cat\/wp-content\/uploads\/rotondola21-500x375.jpg 500w, https:\/\/mont-roig.cat\/wp-content\/uploads\/rotondola21-1024x768.jpg 1024w, https:\/\/mont-roig.cat\/wp-content\/uploads\/rotondola21-768x576.jpg 768w, https:\/\/mont-roig.cat\/wp-content\/uploads\/rotondola21-1536x1152.jpg 1536w, https:\/\/mont-roig.cat\/wp-content\/uploads\/rotondola21-463x348.jpg 463w, https:\/\/mont-roig.cat\/wp-content\/uploads\/rotondola21.jpg 1600w\" sizes=\"auto, (max-width: 303px) 100vw, 303px\" \/><\/a><\/strong><\/strong><\/p>\n<ul>\n<li><strong>El Ayuntamiento, con el apoyo de Nostreserveis, ha iniciado los trabajos para mejorar las 5 rotondas entre la Av. C\u00e1diz hasta la Av. M. Cristina<\/strong><\/li>\n<\/ul>\n<p>El ayuntamiento de Mont-roig del Camp, con el apoyo de Nostreserveis, ha iniciado esta semana los trabajos de reforma de las 5 rotondas que hay en la avenida Diversidad de Miami Platja, entre las avenidas C\u00e1diz y Maria Cristina. El objetivo de la actuaci\u00f3n es mejorar la imagen de una de las principales arterias de este n\u00facleo, as\u00ed como la visibilidad en la circulaci\u00f3n.<br \/>\nA trav\u00e9s de esta actuaci\u00f3n, se instalar\u00e1n iluminaci\u00f3n led de varios colores en las rotondas, riego automatizado y vegetaci\u00f3n ornamental y decorativa de corte bajo, velando por un bajo consumo de agua y para conseguir un mantenimiento de jardiner\u00eda \u00f3ptimo. El presupuesto de la actuaci\u00f3n asciende a 45.000 euros.<\/p>\n<p>El consistorio tambi\u00e9n est\u00e1 trabajando en el arreglo de la calle Oleastrum, as\u00ed como de la entrada de Miami Platja, para mejorar mediante nuevos elementos de jardiner\u00eda, la imagen de estas zonas.<\/p>\n","protected":false},"excerpt":{"rendered":"<p>El Ayuntamiento, con el apoyo de Nostreserveis, ha iniciado los trabajos para mejorar las 5 rotondas entre la Av. C\u00e1diz hasta la Av. M. Cristina El ayuntamiento de Mont-roig del Camp, con el apoyo de Nostreserveis, ha iniciado esta semana los trabajos de reforma de las 5 rotondas que hay en la avenida Diversidad de [&hellip;]<\/p>\n","protected":false},"author":13,"featured_media":74187,"comment_status":"closed","ping_status":"closed","sticky":false,"template":"","format":"standard","meta":{"inline_featured_image":false,"_monsterinsights_skip_tracking":false,"_monsterinsights_sitenote_active":false,"_monsterinsights_sitenote_note":"","_monsterinsights_sitenote_category":0,"footnotes":""},"categories":[98,116],"tags":[],"class_list":["post-74190","post","type-post","status-publish","format-standard","has-post-thumbnail","hentry","category-ayuntamiento","category-urbanismo-y-obras"],"yoast_head":"<!-- This site is optimized with the Yoast SEO plugin v27.4 - https:\/\/yoast.com\/product\/yoast-seo-wordpress\/ -->\n<title>Empiezan las obras de reparaci\u00f3n de las rotondas de la avenida Diversidad de Miami Platja - Ajuntament de Mont-roig del Camp<\/title>\n<meta name=\"robots\" content=\"index, follow, max-snippet:-1, max-image-preview:large, max-video-preview:-1\" \/>\n<link rel=\"canonical\" href=\"https:\/\/mont-roig.cat\/es\/actualitat\/noticies\/comencen-les-obres-darranjament-de-les-rotondes-de-lavinguda-diversitat-de-miami-platja\/\" \/>\n<meta property=\"og:locale\" content=\"es_ES\" \/>\n<meta property=\"og:type\" content=\"article\" \/>\n<meta property=\"og:title\" content=\"Empiezan las obras de reparaci\u00f3n de las rotondas de la avenida Diversidad de Miami Platja - Ajuntament de Mont-roig del Camp\" \/>\n<meta property=\"og:description\" content=\"El Ayuntamiento, con el apoyo de Nostreserveis, ha iniciado los trabajos para mejorar las 5 rotondas entre la Av. C\u00e1diz hasta la Av. M. Cristina El ayuntamiento de Mont-roig del Camp, con el apoyo de Nostreserveis, ha iniciado esta semana los trabajos de reforma de las 5 rotondas que hay en la avenida Diversidad de [&hellip;]\" \/>\n<meta property=\"og:url\" content=\"https:\/\/mont-roig.cat\/es\/actualitat\/noticies\/comencen-les-obres-darranjament-de-les-rotondes-de-lavinguda-diversitat-de-miami-platja\/\" \/>\n<meta property=\"og:site_name\" content=\"Ajuntament de Mont-roig del Camp\" \/>\n<meta property=\"article:published_time\" content=\"2023-12-21T08:23:53+00:00\" \/>\n<meta property=\"article:modified_time\" content=\"2023-12-21T08:49:49+00:00\" \/>\n<meta property=\"og:image\" content=\"https:\/\/mont-roig.cat\/wp-content\/uploads\/rotondola21-500x375.jpg\" \/>\n<meta name=\"author\" content=\"comunicacio\" \/>\n<meta name=\"twitter:card\" content=\"summary_large_image\" \/>\n<meta name=\"twitter:label1\" content=\"Escrito por\" \/>\n\t<meta name=\"twitter:data1\" content=\"comunicacio\" \/>\n\t<meta name=\"twitter:label2\" content=\"Tiempo de lectura\" \/>\n\t<meta name=\"twitter:data2\" content=\"2 minutos\" \/>\n<script type=\"application\/ld+json\" class=\"yoast-schema-graph\">{\"@context\":\"https:\\\/\\\/schema.org\",\"@graph\":[{\"@type\":\"Article\",\"@id\":\"https:\\\/\\\/mont-roig.cat\\\/es\\\/actualitat\\\/noticies\\\/comencen-les-obres-darranjament-de-les-rotondes-de-lavinguda-diversitat-de-miami-platja\\\/#article\",\"isPartOf\":{\"@id\":\"https:\\\/\\\/mont-roig.cat\\\/es\\\/actualitat\\\/noticies\\\/comencen-les-obres-darranjament-de-les-rotondes-de-lavinguda-diversitat-de-miami-platja\\\/\"},\"author\":{\"name\":\"comunicacio\",\"@id\":\"https:\\\/\\\/mont-roig.cat\\\/es\\\/#\\\/schema\\\/person\\\/1f73e7b5e6f9dd122e8a6f14f310ac5e\"},\"headline\":\"Empiezan las obras de reparaci\u00f3n de las rotondas de la avenida Diversidad de Miami Platja\",\"datePublished\":\"2023-12-21T08:23:53+00:00\",\"dateModified\":\"2023-12-21T08:49:49+00:00\",\"mainEntityOfPage\":{\"@id\":\"https:\\\/\\\/mont-roig.cat\\\/es\\\/actualitat\\\/noticies\\\/comencen-les-obres-darranjament-de-les-rotondes-de-lavinguda-diversitat-de-miami-platja\\\/\"},\"wordCount\":197,\"image\":{\"@id\":\"https:\\\/\\\/mont-roig.cat\\\/es\\\/actualitat\\\/noticies\\\/comencen-les-obres-darranjament-de-les-rotondes-de-lavinguda-diversitat-de-miami-platja\\\/#primaryimage\"},\"thumbnailUrl\":\"https:\\\/\\\/mont-roig.cat\\\/wp-content\\\/uploads\\\/rotondola21.jpg\",\"articleSection\":[\"Ayuntamiento\",\"Urbanismo y obras\"],\"inLanguage\":\"es\"},{\"@type\":\"WebPage\",\"@id\":\"https:\\\/\\\/mont-roig.cat\\\/es\\\/actualitat\\\/noticies\\\/comencen-les-obres-darranjament-de-les-rotondes-de-lavinguda-diversitat-de-miami-platja\\\/\",\"url\":\"https:\\\/\\\/mont-roig.cat\\\/es\\\/actualitat\\\/noticies\\\/comencen-les-obres-darranjament-de-les-rotondes-de-lavinguda-diversitat-de-miami-platja\\\/\",\"name\":\"Empiezan las obras de reparaci\u00f3n de las rotondas de la avenida Diversidad de Miami Platja - Ajuntament de Mont-roig del Camp\",\"isPartOf\":{\"@id\":\"https:\\\/\\\/mont-roig.cat\\\/es\\\/#website\"},\"primaryImageOfPage\":{\"@id\":\"https:\\\/\\\/mont-roig.cat\\\/es\\\/actualitat\\\/noticies\\\/comencen-les-obres-darranjament-de-les-rotondes-de-lavinguda-diversitat-de-miami-platja\\\/#primaryimage\"},\"image\":{\"@id\":\"https:\\\/\\\/mont-roig.cat\\\/es\\\/actualitat\\\/noticies\\\/comencen-les-obres-darranjament-de-les-rotondes-de-lavinguda-diversitat-de-miami-platja\\\/#primaryimage\"},\"thumbnailUrl\":\"https:\\\/\\\/mont-roig.cat\\\/wp-content\\\/uploads\\\/rotondola21.jpg\",\"datePublished\":\"2023-12-21T08:23:53+00:00\",\"dateModified\":\"2023-12-21T08:49:49+00:00\",\"author\":{\"@id\":\"https:\\\/\\\/mont-roig.cat\\\/es\\\/#\\\/schema\\\/person\\\/1f73e7b5e6f9dd122e8a6f14f310ac5e\"},\"breadcrumb\":{\"@id\":\"https:\\\/\\\/mont-roig.cat\\\/es\\\/actualitat\\\/noticies\\\/comencen-les-obres-darranjament-de-les-rotondes-de-lavinguda-diversitat-de-miami-platja\\\/#breadcrumb\"},\"inLanguage\":\"es\",\"potentialAction\":[{\"@type\":\"ReadAction\",\"target\":[\"https:\\\/\\\/mont-roig.cat\\\/es\\\/actualitat\\\/noticies\\\/comencen-les-obres-darranjament-de-les-rotondes-de-lavinguda-diversitat-de-miami-platja\\\/\"]}]},{\"@type\":\"ImageObject\",\"inLanguage\":\"es\",\"@id\":\"https:\\\/\\\/mont-roig.cat\\\/es\\\/actualitat\\\/noticies\\\/comencen-les-obres-darranjament-de-les-rotondes-de-lavinguda-diversitat-de-miami-platja\\\/#primaryimage\",\"url\":\"https:\\\/\\\/mont-roig.cat\\\/wp-content\\\/uploads\\\/rotondola21.jpg\",\"contentUrl\":\"https:\\\/\\\/mont-roig.cat\\\/wp-content\\\/uploads\\\/rotondola21.jpg\",\"width\":1600,\"height\":1200},{\"@type\":\"BreadcrumbList\",\"@id\":\"https:\\\/\\\/mont-roig.cat\\\/es\\\/actualitat\\\/noticies\\\/comencen-les-obres-darranjament-de-les-rotondes-de-lavinguda-diversitat-de-miami-platja\\\/#breadcrumb\",\"itemListElement\":[{\"@type\":\"ListItem\",\"position\":1,\"name\":\"Inici\",\"item\":\"https:\\\/\\\/mont-roig.cat\\\/es\\\/pagina-de-inicio\\\/\"},{\"@type\":\"ListItem\",\"position\":2,\"name\":\"Empiezan las obras de reparaci\u00f3n de las rotondas de la avenida Diversidad de Miami Platja\"}]},{\"@type\":\"WebSite\",\"@id\":\"https:\\\/\\\/mont-roig.cat\\\/es\\\/#website\",\"url\":\"https:\\\/\\\/mont-roig.cat\\\/es\\\/\",\"name\":\"Ajuntament de Mont-roig del Camp\",\"description\":\"Tota la informaci\u00f3 sobre la instituci\u00f3, els seus \u00f2rgans de govern, actualitat, serveis i molt m\u00e9s.\",\"potentialAction\":[{\"@type\":\"SearchAction\",\"target\":{\"@type\":\"EntryPoint\",\"urlTemplate\":\"https:\\\/\\\/mont-roig.cat\\\/es\\\/?s={search_term_string}\"},\"query-input\":{\"@type\":\"PropertyValueSpecification\",\"valueRequired\":true,\"valueName\":\"search_term_string\"}}],\"inLanguage\":\"es\"},{\"@type\":\"Person\",\"@id\":\"https:\\\/\\\/mont-roig.cat\\\/es\\\/#\\\/schema\\\/person\\\/1f73e7b5e6f9dd122e8a6f14f310ac5e\",\"name\":\"comunicacio\",\"image\":{\"@type\":\"ImageObject\",\"inLanguage\":\"es\",\"@id\":\"https:\\\/\\\/secure.gravatar.com\\\/avatar\\\/98944333e7a877670a64f8d10f0cb680ab2c9ebc4efc43945ef004b52b5ad28c?s=96&d=mm&r=g\",\"url\":\"https:\\\/\\\/secure.gravatar.com\\\/avatar\\\/98944333e7a877670a64f8d10f0cb680ab2c9ebc4efc43945ef004b52b5ad28c?s=96&d=mm&r=g\",\"contentUrl\":\"https:\\\/\\\/secure.gravatar.com\\\/avatar\\\/98944333e7a877670a64f8d10f0cb680ab2c9ebc4efc43945ef004b52b5ad28c?s=96&d=mm&r=g\",\"caption\":\"comunicacio\"},\"url\":\"https:\\\/\\\/mont-roig.cat\\\/es\\\/actualitat\\\/noticies\\\/author\\\/comunicacio\\\/\"}]}<\/script>\n<!-- \/ Yoast SEO plugin. -->","yoast_head_json":{"title":"Empiezan las obras de reparaci\u00f3n de las rotondas de la avenida Diversidad de Miami Platja - Ajuntament de Mont-roig del Camp","robots":{"index":"index","follow":"follow","max-snippet":"max-snippet:-1","max-image-preview":"max-image-preview:large","max-video-preview":"max-video-preview:-1"},"canonical":"https:\/\/mont-roig.cat\/es\/actualitat\/noticies\/comencen-les-obres-darranjament-de-les-rotondes-de-lavinguda-diversitat-de-miami-platja\/","og_locale":"es_ES","og_type":"article","og_title":"Empiezan las obras de reparaci\u00f3n de las rotondas de la avenida Diversidad de Miami Platja - Ajuntament de Mont-roig del Camp","og_description":"El Ayuntamiento, con el apoyo de Nostreserveis, ha iniciado los trabajos para mejorar las 5 rotondas entre la Av. C\u00e1diz hasta la Av. M. Cristina El ayuntamiento de Mont-roig del Camp, con el apoyo de Nostreserveis, ha iniciado esta semana los trabajos de reforma de las 5 rotondas que hay en la avenida Diversidad de [&hellip;]","og_url":"https:\/\/mont-roig.cat\/es\/actualitat\/noticies\/comencen-les-obres-darranjament-de-les-rotondes-de-lavinguda-diversitat-de-miami-platja\/","og_site_name":"Ajuntament de Mont-roig del Camp","article_published_time":"2023-12-21T08:23:53+00:00","article_modified_time":"2023-12-21T08:49:49+00:00","og_image":[{"url":"https:\/\/mont-roig.cat\/wp-content\/uploads\/rotondola21-500x375.jpg","type":"","width":"","height":""}],"author":"comunicacio","twitter_card":"summary_large_image","twitter_misc":{"Escrito por":"comunicacio","Tiempo de lectura":"2 minutos"},"schema":{"@context":"https:\/\/schema.org","@graph":[{"@type":"Article","@id":"https:\/\/mont-roig.cat\/es\/actualitat\/noticies\/comencen-les-obres-darranjament-de-les-rotondes-de-lavinguda-diversitat-de-miami-platja\/#article","isPartOf":{"@id":"https:\/\/mont-roig.cat\/es\/actualitat\/noticies\/comencen-les-obres-darranjament-de-les-rotondes-de-lavinguda-diversitat-de-miami-platja\/"},"author":{"name":"comunicacio","@id":"https:\/\/mont-roig.cat\/es\/#\/schema\/person\/1f73e7b5e6f9dd122e8a6f14f310ac5e"},"headline":"Empiezan las obras de reparaci\u00f3n de las rotondas de la avenida Diversidad de Miami Platja","datePublished":"2023-12-21T08:23:53+00:00","dateModified":"2023-12-21T08:49:49+00:00","mainEntityOfPage":{"@id":"https:\/\/mont-roig.cat\/es\/actualitat\/noticies\/comencen-les-obres-darranjament-de-les-rotondes-de-lavinguda-diversitat-de-miami-platja\/"},"wordCount":197,"image":{"@id":"https:\/\/mont-roig.cat\/es\/actualitat\/noticies\/comencen-les-obres-darranjament-de-les-rotondes-de-lavinguda-diversitat-de-miami-platja\/#primaryimage"},"thumbnailUrl":"https:\/\/mont-roig.cat\/wp-content\/uploads\/rotondola21.jpg","articleSection":["Ayuntamiento","Urbanismo y obras"],"inLanguage":"es"},{"@type":"WebPage","@id":"https:\/\/mont-roig.cat\/es\/actualitat\/noticies\/comencen-les-obres-darranjament-de-les-rotondes-de-lavinguda-diversitat-de-miami-platja\/","url":"https:\/\/mont-roig.cat\/es\/actualitat\/noticies\/comencen-les-obres-darranjament-de-les-rotondes-de-lavinguda-diversitat-de-miami-platja\/","name":"Empiezan las obras de reparaci\u00f3n de las rotondas de la avenida Diversidad de Miami Platja - Ajuntament de Mont-roig del Camp","isPartOf":{"@id":"https:\/\/mont-roig.cat\/es\/#website"},"primaryImageOfPage":{"@id":"https:\/\/mont-roig.cat\/es\/actualitat\/noticies\/comencen-les-obres-darranjament-de-les-rotondes-de-lavinguda-diversitat-de-miami-platja\/#primaryimage"},"image":{"@id":"https:\/\/mont-roig.cat\/es\/actualitat\/noticies\/comencen-les-obres-darranjament-de-les-rotondes-de-lavinguda-diversitat-de-miami-platja\/#primaryimage"},"thumbnailUrl":"https:\/\/mont-roig.cat\/wp-content\/uploads\/rotondola21.jpg","datePublished":"2023-12-21T08:23:53+00:00","dateModified":"2023-12-21T08:49:49+00:00","author":{"@id":"https:\/\/mont-roig.cat\/es\/#\/schema\/person\/1f73e7b5e6f9dd122e8a6f14f310ac5e"},"breadcrumb":{"@id":"https:\/\/mont-roig.cat\/es\/actualitat\/noticies\/comencen-les-obres-darranjament-de-les-rotondes-de-lavinguda-diversitat-de-miami-platja\/#breadcrumb"},"inLanguage":"es","potentialAction":[{"@type":"ReadAction","target":["https:\/\/mont-roig.cat\/es\/actualitat\/noticies\/comencen-les-obres-darranjament-de-les-rotondes-de-lavinguda-diversitat-de-miami-platja\/"]}]},{"@type":"ImageObject","inLanguage":"es","@id":"https:\/\/mont-roig.cat\/es\/actualitat\/noticies\/comencen-les-obres-darranjament-de-les-rotondes-de-lavinguda-diversitat-de-miami-platja\/#primaryimage","url":"https:\/\/mont-roig.cat\/wp-content\/uploads\/rotondola21.jpg","contentUrl":"https:\/\/mont-roig.cat\/wp-content\/uploads\/rotondola21.jpg","width":1600,"height":1200},{"@type":"BreadcrumbList","@id":"https:\/\/mont-roig.cat\/es\/actualitat\/noticies\/comencen-les-obres-darranjament-de-les-rotondes-de-lavinguda-diversitat-de-miami-platja\/#breadcrumb","itemListElement":[{"@type":"ListItem","position":1,"name":"Inici","item":"https:\/\/mont-roig.cat\/es\/pagina-de-inicio\/"},{"@type":"ListItem","position":2,"name":"Empiezan las obras de reparaci\u00f3n de las rotondas de la avenida Diversidad de Miami Platja"}]},{"@type":"WebSite","@id":"https:\/\/mont-roig.cat\/es\/#website","url":"https:\/\/mont-roig.cat\/es\/","name":"Ajuntament de Mont-roig del Camp","description":"Tota la informaci\u00f3 sobre la instituci\u00f3, els seus \u00f2rgans de govern, actualitat, serveis i molt m\u00e9s.","potentialAction":[{"@type":"SearchAction","target":{"@type":"EntryPoint","urlTemplate":"https:\/\/mont-roig.cat\/es\/?s={search_term_string}"},"query-input":{"@type":"PropertyValueSpecification","valueRequired":true,"valueName":"search_term_string"}}],"inLanguage":"es"},{"@type":"Person","@id":"https:\/\/mont-roig.cat\/es\/#\/schema\/person\/1f73e7b5e6f9dd122e8a6f14f310ac5e","name":"comunicacio","image":{"@type":"ImageObject","inLanguage":"es","@id":"https:\/\/secure.gravatar.com\/avatar\/98944333e7a877670a64f8d10f0cb680ab2c9ebc4efc43945ef004b52b5ad28c?s=96&d=mm&r=g","url":"https:\/\/secure.gravatar.com\/avatar\/98944333e7a877670a64f8d10f0cb680ab2c9ebc4efc43945ef004b52b5ad28c?s=96&d=mm&r=g","contentUrl":"https:\/\/secure.gravatar.com\/avatar\/98944333e7a877670a64f8d10f0cb680ab2c9ebc4efc43945ef004b52b5ad28c?s=96&d=mm&r=g","caption":"comunicacio"},"url":"https:\/\/mont-roig.cat\/es\/actualitat\/noticies\/author\/comunicacio\/"}]}},"_links":{"self":[{"href":"https:\/\/mont-roig.cat\/es\/wp-json\/wp\/v2\/posts\/74190","targetHints":{"allow":["GET"]}}],"collection":[{"href":"https:\/\/mont-roig.cat\/es\/wp-json\/wp\/v2\/posts"}],"about":[{"href":"https:\/\/mont-roig.cat\/es\/wp-json\/wp\/v2\/types\/post"}],"author":[{"embeddable":true,"href":"https:\/\/mont-roig.cat\/es\/wp-json\/wp\/v2\/users\/13"}],"replies":[{"embeddable":true,"href":"https:\/\/mont-roig.cat\/es\/wp-json\/wp\/v2\/comments?post=74190"}],"version-history":[{"count":2,"href":"https:\/\/mont-roig.cat\/es\/wp-json\/wp\/v2\/posts\/74190\/revisions"}],"predecessor-version":[{"id":74192,"href":"https:\/\/mont-roig.cat\/es\/wp-json\/wp\/v2\/posts\/74190\/revisions\/74192"}],"wp:featuredmedia":[{"embeddable":true,"href":"https:\/\/mont-roig.cat\/es\/wp-json\/wp\/v2\/media\/74187"}],"wp:attachment":[{"href":"https:\/\/mont-roig.cat\/es\/wp-json\/wp\/v2\/media?parent=74190"}],"wp:term":[{"taxonomy":"category","embeddable":true,"href":"https:\/\/mont-roig.cat\/es\/wp-json\/wp\/v2\/categories?post=74190"},{"taxonomy":"post_tag","embeddable":true,"href":"https:\/\/mont-roig.cat\/es\/wp-json\/wp\/v2\/tags?post=74190"}],"curies":[{"name":"wp","href":"https:\/\/api.w.org\/{rel}","templated":true}]}}