{"id":74227,"date":"2023-12-27T11:43:28","date_gmt":"2023-12-27T10:43:28","guid":{"rendered":"https:\/\/mont-roig.cat\/actualitat\/noticies\/nou-sistema-de-monitoratge-del-consum-energetic-dels-edificis-municipals\/"},"modified":"2023-12-27T11:48:33","modified_gmt":"2023-12-27T10:48:33","slug":"nuevo-sistema-de-monitorizacion-del-consumo-energetico-de-los-edificios-municipales","status":"publish","type":"post","link":"https:\/\/mont-roig.cat\/es\/actualitat\/noticies\/nuevo-sistema-de-monitorizacion-del-consumo-energetico-de-los-edificios-municipales\/","title":{"rendered":"Nuevo sistema de monitorizaci\u00f3n del consumo energ\u00e9tico de los edificios municipales"},"content":{"rendered":"<ul>\n<li>\n<div id=\"attachment_74223\" style=\"width: 262px\" class=\"wp-caption alignright\"><a href=\"https:\/\/mont-roig.cat\/wp-content\/uploads\/Centre-Polivalent-de-Miami.png\"><img loading=\"lazy\" decoding=\"async\" aria-describedby=\"caption-attachment-74223\" class=\"wp-image-74223\" src=\"https:\/\/mont-roig.cat\/wp-content\/uploads\/Centre-Polivalent-de-Miami-378x500.png\" alt=\"\" width=\"252\" height=\"333\" srcset=\"https:\/\/mont-roig.cat\/wp-content\/uploads\/Centre-Polivalent-de-Miami-378x500.png 378w, https:\/\/mont-roig.cat\/wp-content\/uploads\/Centre-Polivalent-de-Miami.png 752w\" sizes=\"auto, (max-width: 252px) 100vw, 252px\" \/><\/a><p id=\"caption-attachment-74223\" class=\"wp-caption-text\">Instalaci\u00f3n para la monitorizaci\u00f3n y control en el Polivalente de Miami Platja.<\/p><\/div>\n<p><strong>Este nuevo sistema de control sobre las instalaciones municipales se ha podido llevar a cabo gracias a una subvenci\u00f3n de 25.000 euros de la Diputaci\u00f3 de Tarragona<\/strong><\/li>\n<\/ul>\n<p>Durante este a\u00f1o se han instalado en siete edificios municipales (Ayuntamiento de Mont-roig del Camp, Casa de Cultura, Polideportivo de Mont-roig, K-1 espai Jove, Oficinas Municipales de Miami, Polivalente de Miami y Polideportivo de Miami ) placas fotovoltaicas con el objetivo de tener un municipio m\u00e1s sostenible y respetuoso con el medio ambiente y de esta manera dotar de autoconsumo el\u00e9ctrico a estos equipamientos municipales.<\/p>\n<div id=\"attachment_74222\" style=\"width: 272px\" class=\"wp-caption alignleft\"><a href=\"https:\/\/mont-roig.cat\/wp-content\/uploads\/Ajuntament-de-Mont-roig-del-Camp.png\" target=\"_blank\" rel=\"noopener\"><img loading=\"lazy\" decoding=\"async\" aria-describedby=\"caption-attachment-74222\" class=\"wp-image-74222\" src=\"https:\/\/mont-roig.cat\/wp-content\/uploads\/Ajuntament-de-Mont-roig-del-Camp-432x500.png\" alt=\"\" width=\"262\" height=\"303\" srcset=\"https:\/\/mont-roig.cat\/wp-content\/uploads\/Ajuntament-de-Mont-roig-del-Camp-432x500.png 432w, https:\/\/mont-roig.cat\/wp-content\/uploads\/Ajuntament-de-Mont-roig-del-Camp.png 664w\" sizes=\"auto, (max-width: 262px) 100vw, 262px\" \/><\/a><p id=\"caption-attachment-74222\" class=\"wp-caption-text\">Instalaci\u00f3n en el Ayuntamiento de Mont-roig del Camp.<\/p><\/div>\n<p>Para poder tener control sobre estas instalaciones se ha procedido a su monitorizaci\u00f3n, as\u00ed podremos detectar de manera inmediata derroches de energ\u00eda, malos usos, aver\u00edas y funcionamientos irregulares as\u00ed como poder implantar en un futuro una comunidad energ\u00e9tica. Asimismo, se ha adquirido e instalado el software y el hardware que permite visualizar y almacenar los datos de los consumos, comparar consultar, crear estad\u00edsticas y gr\u00e1ficas a medida, gestionar alarmas y generar informes.<\/p>\n<p>Todo este sistema de digitalizaci\u00f3n centraliza la informaci\u00f3n el\u00e9ctrica de los suministros tanto de consumo como generaci\u00f3n en una sola plataforma WEB. Esta plataforma web se llama QUANTUM Smart Energy. Todos estos monitores se han podido llevar a cabo gracias a la subvenci\u00f3n TEAC_2022_Transici\u00f3n energ\u00e9tica y acci\u00f3n clim\u00e1tica dentro de la l\u00ednea L\u00cdNEA 2 (2.7) Tecnolog\u00edas inform\u00e1ticas y de la comunicaci\u00f3n, concedida por la Diputaci\u00f3n de Tarragona por un importe de subvenci\u00f3n 25.215,48 euros .<\/p>\n","protected":false},"excerpt":{"rendered":"<p>Este nuevo sistema de control sobre las instalaciones municipales se ha podido llevar a cabo gracias a una subvenci\u00f3n de 25.000 euros de la Diputaci\u00f3 de Tarragona Durante este a\u00f1o se han instalado en siete edificios municipales (Ayuntamiento de Mont-roig del Camp, Casa de Cultura, Polideportivo de Mont-roig, K-1 espai Jove, Oficinas Municipales de Miami, [&hellip;]<\/p>\n","protected":false},"author":13,"featured_media":74224,"comment_status":"closed","ping_status":"closed","sticky":false,"template":"","format":"standard","meta":{"inline_featured_image":false,"_monsterinsights_skip_tracking":false,"_monsterinsights_sitenote_active":false,"_monsterinsights_sitenote_note":"","_monsterinsights_sitenote_category":0,"footnotes":""},"categories":[98,195],"tags":[],"class_list":["post-74227","post","type-post","status-publish","format-standard","has-post-thumbnail","hentry","category-ayuntamiento","category-transicio-energetica-i-ecologica-2-es"],"yoast_head":"<!-- This site is optimized with the Yoast SEO plugin v27.4 - https:\/\/yoast.com\/product\/yoast-seo-wordpress\/ -->\n<title>Nuevo sistema de monitorizaci\u00f3n del consumo energ\u00e9tico de los edificios municipales - Ajuntament de Mont-roig del Camp<\/title>\n<meta name=\"robots\" content=\"index, follow, max-snippet:-1, max-image-preview:large, max-video-preview:-1\" \/>\n<link rel=\"canonical\" href=\"https:\/\/mont-roig.cat\/es\/actualitat\/noticies\/nuevo-sistema-de-monitorizacion-del-consumo-energetico-de-los-edificios-municipales\/\" \/>\n<meta property=\"og:locale\" content=\"es_ES\" \/>\n<meta property=\"og:type\" content=\"article\" \/>\n<meta property=\"og:title\" content=\"Nuevo sistema de monitorizaci\u00f3n del consumo energ\u00e9tico de los edificios municipales - Ajuntament de Mont-roig del Camp\" \/>\n<meta property=\"og:description\" content=\"Este nuevo sistema de control sobre las instalaciones municipales se ha podido llevar a cabo gracias a una subvenci\u00f3n de 25.000 euros de la Diputaci\u00f3 de Tarragona Durante este a\u00f1o se han instalado en siete edificios municipales (Ayuntamiento de Mont-roig del Camp, Casa de Cultura, Polideportivo de Mont-roig, K-1 espai Jove, Oficinas Municipales de Miami, [&hellip;]\" \/>\n<meta property=\"og:url\" content=\"https:\/\/mont-roig.cat\/es\/actualitat\/noticies\/nuevo-sistema-de-monitorizacion-del-consumo-energetico-de-los-edificios-municipales\/\" \/>\n<meta property=\"og:site_name\" content=\"Ajuntament de Mont-roig del Camp\" \/>\n<meta property=\"article:published_time\" content=\"2023-12-27T10:43:28+00:00\" \/>\n<meta property=\"article:modified_time\" content=\"2023-12-27T10:48:33+00:00\" \/>\n<meta property=\"og:image\" content=\"https:\/\/mont-roig.cat\/wp-content\/uploads\/Centre-Polivalent-de-Miami.png\" \/>\n\t<meta property=\"og:image:width\" content=\"752\" \/>\n\t<meta property=\"og:image:height\" content=\"995\" \/>\n\t<meta property=\"og:image:type\" content=\"image\/png\" \/>\n<meta name=\"author\" content=\"comunicacio\" \/>\n<meta name=\"twitter:card\" content=\"summary_large_image\" \/>\n<meta name=\"twitter:label1\" content=\"Escrito por\" \/>\n\t<meta name=\"twitter:data1\" content=\"comunicacio\" \/>\n\t<meta name=\"twitter:label2\" content=\"Tiempo de lectura\" \/>\n\t<meta name=\"twitter:data2\" content=\"2 minutos\" \/>\n<script type=\"application\/ld+json\" class=\"yoast-schema-graph\">{\"@context\":\"https:\\\/\\\/schema.org\",\"@graph\":[{\"@type\":\"Article\",\"@id\":\"https:\\\/\\\/mont-roig.cat\\\/es\\\/actualitat\\\/noticies\\\/nuevo-sistema-de-monitorizacion-del-consumo-energetico-de-los-edificios-municipales\\\/#article\",\"isPartOf\":{\"@id\":\"https:\\\/\\\/mont-roig.cat\\\/es\\\/actualitat\\\/noticies\\\/nuevo-sistema-de-monitorizacion-del-consumo-energetico-de-los-edificios-municipales\\\/\"},\"author\":{\"name\":\"comunicacio\",\"@id\":\"https:\\\/\\\/mont-roig.cat\\\/es\\\/#\\\/schema\\\/person\\\/1f73e7b5e6f9dd122e8a6f14f310ac5e\"},\"headline\":\"Nuevo sistema de monitorizaci\u00f3n del consumo energ\u00e9tico de los edificios municipales\",\"datePublished\":\"2023-12-27T10:43:28+00:00\",\"dateModified\":\"2023-12-27T10:48:33+00:00\",\"mainEntityOfPage\":{\"@id\":\"https:\\\/\\\/mont-roig.cat\\\/es\\\/actualitat\\\/noticies\\\/nuevo-sistema-de-monitorizacion-del-consumo-energetico-de-los-edificios-municipales\\\/\"},\"wordCount\":310,\"image\":{\"@id\":\"https:\\\/\\\/mont-roig.cat\\\/es\\\/actualitat\\\/noticies\\\/nuevo-sistema-de-monitorizacion-del-consumo-energetico-de-los-edificios-municipales\\\/#primaryimage\"},\"thumbnailUrl\":\"https:\\\/\\\/mont-roig.cat\\\/wp-content\\\/uploads\\\/Centre-Polivalent-de-Miami.png\",\"articleSection\":[\"Ayuntamiento\",\"Transici\u00f3 Energ\u00e8tica i Ecol\u00f2gica\"],\"inLanguage\":\"es\"},{\"@type\":\"WebPage\",\"@id\":\"https:\\\/\\\/mont-roig.cat\\\/es\\\/actualitat\\\/noticies\\\/nuevo-sistema-de-monitorizacion-del-consumo-energetico-de-los-edificios-municipales\\\/\",\"url\":\"https:\\\/\\\/mont-roig.cat\\\/es\\\/actualitat\\\/noticies\\\/nuevo-sistema-de-monitorizacion-del-consumo-energetico-de-los-edificios-municipales\\\/\",\"name\":\"Nuevo sistema de monitorizaci\u00f3n del consumo energ\u00e9tico de los edificios municipales - Ajuntament de Mont-roig del Camp\",\"isPartOf\":{\"@id\":\"https:\\\/\\\/mont-roig.cat\\\/es\\\/#website\"},\"primaryImageOfPage\":{\"@id\":\"https:\\\/\\\/mont-roig.cat\\\/es\\\/actualitat\\\/noticies\\\/nuevo-sistema-de-monitorizacion-del-consumo-energetico-de-los-edificios-municipales\\\/#primaryimage\"},\"image\":{\"@id\":\"https:\\\/\\\/mont-roig.cat\\\/es\\\/actualitat\\\/noticies\\\/nuevo-sistema-de-monitorizacion-del-consumo-energetico-de-los-edificios-municipales\\\/#primaryimage\"},\"thumbnailUrl\":\"https:\\\/\\\/mont-roig.cat\\\/wp-content\\\/uploads\\\/Centre-Polivalent-de-Miami.png\",\"datePublished\":\"2023-12-27T10:43:28+00:00\",\"dateModified\":\"2023-12-27T10:48:33+00:00\",\"author\":{\"@id\":\"https:\\\/\\\/mont-roig.cat\\\/es\\\/#\\\/schema\\\/person\\\/1f73e7b5e6f9dd122e8a6f14f310ac5e\"},\"breadcrumb\":{\"@id\":\"https:\\\/\\\/mont-roig.cat\\\/es\\\/actualitat\\\/noticies\\\/nuevo-sistema-de-monitorizacion-del-consumo-energetico-de-los-edificios-municipales\\\/#breadcrumb\"},\"inLanguage\":\"es\",\"potentialAction\":[{\"@type\":\"ReadAction\",\"target\":[\"https:\\\/\\\/mont-roig.cat\\\/es\\\/actualitat\\\/noticies\\\/nuevo-sistema-de-monitorizacion-del-consumo-energetico-de-los-edificios-municipales\\\/\"]}]},{\"@type\":\"ImageObject\",\"inLanguage\":\"es\",\"@id\":\"https:\\\/\\\/mont-roig.cat\\\/es\\\/actualitat\\\/noticies\\\/nuevo-sistema-de-monitorizacion-del-consumo-energetico-de-los-edificios-municipales\\\/#primaryimage\",\"url\":\"https:\\\/\\\/mont-roig.cat\\\/wp-content\\\/uploads\\\/Centre-Polivalent-de-Miami.png\",\"contentUrl\":\"https:\\\/\\\/mont-roig.cat\\\/wp-content\\\/uploads\\\/Centre-Polivalent-de-Miami.png\",\"width\":752,\"height\":995},{\"@type\":\"BreadcrumbList\",\"@id\":\"https:\\\/\\\/mont-roig.cat\\\/es\\\/actualitat\\\/noticies\\\/nuevo-sistema-de-monitorizacion-del-consumo-energetico-de-los-edificios-municipales\\\/#breadcrumb\",\"itemListElement\":[{\"@type\":\"ListItem\",\"position\":1,\"name\":\"Inici\",\"item\":\"https:\\\/\\\/mont-roig.cat\\\/es\\\/pagina-de-inicio\\\/\"},{\"@type\":\"ListItem\",\"position\":2,\"name\":\"Nuevo sistema de monitorizaci\u00f3n del consumo energ\u00e9tico de los edificios municipales\"}]},{\"@type\":\"WebSite\",\"@id\":\"https:\\\/\\\/mont-roig.cat\\\/es\\\/#website\",\"url\":\"https:\\\/\\\/mont-roig.cat\\\/es\\\/\",\"name\":\"Ajuntament de Mont-roig del Camp\",\"description\":\"Tota la informaci\u00f3 sobre la instituci\u00f3, els seus \u00f2rgans de govern, actualitat, serveis i molt m\u00e9s.\",\"potentialAction\":[{\"@type\":\"SearchAction\",\"target\":{\"@type\":\"EntryPoint\",\"urlTemplate\":\"https:\\\/\\\/mont-roig.cat\\\/es\\\/?s={search_term_string}\"},\"query-input\":{\"@type\":\"PropertyValueSpecification\",\"valueRequired\":true,\"valueName\":\"search_term_string\"}}],\"inLanguage\":\"es\"},{\"@type\":\"Person\",\"@id\":\"https:\\\/\\\/mont-roig.cat\\\/es\\\/#\\\/schema\\\/person\\\/1f73e7b5e6f9dd122e8a6f14f310ac5e\",\"name\":\"comunicacio\",\"image\":{\"@type\":\"ImageObject\",\"inLanguage\":\"es\",\"@id\":\"https:\\\/\\\/secure.gravatar.com\\\/avatar\\\/98944333e7a877670a64f8d10f0cb680ab2c9ebc4efc43945ef004b52b5ad28c?s=96&d=mm&r=g\",\"url\":\"https:\\\/\\\/secure.gravatar.com\\\/avatar\\\/98944333e7a877670a64f8d10f0cb680ab2c9ebc4efc43945ef004b52b5ad28c?s=96&d=mm&r=g\",\"contentUrl\":\"https:\\\/\\\/secure.gravatar.com\\\/avatar\\\/98944333e7a877670a64f8d10f0cb680ab2c9ebc4efc43945ef004b52b5ad28c?s=96&d=mm&r=g\",\"caption\":\"comunicacio\"},\"url\":\"https:\\\/\\\/mont-roig.cat\\\/es\\\/actualitat\\\/noticies\\\/author\\\/comunicacio\\\/\"}]}<\/script>\n<!-- \/ Yoast SEO plugin. -->","yoast_head_json":{"title":"Nuevo sistema de monitorizaci\u00f3n del consumo energ\u00e9tico de los edificios municipales - Ajuntament de Mont-roig del Camp","robots":{"index":"index","follow":"follow","max-snippet":"max-snippet:-1","max-image-preview":"max-image-preview:large","max-video-preview":"max-video-preview:-1"},"canonical":"https:\/\/mont-roig.cat\/es\/actualitat\/noticies\/nuevo-sistema-de-monitorizacion-del-consumo-energetico-de-los-edificios-municipales\/","og_locale":"es_ES","og_type":"article","og_title":"Nuevo sistema de monitorizaci\u00f3n del consumo energ\u00e9tico de los edificios municipales - Ajuntament de Mont-roig del Camp","og_description":"Este nuevo sistema de control sobre las instalaciones municipales se ha podido llevar a cabo gracias a una subvenci\u00f3n de 25.000 euros de la Diputaci\u00f3 de Tarragona Durante este a\u00f1o se han instalado en siete edificios municipales (Ayuntamiento de Mont-roig del Camp, Casa de Cultura, Polideportivo de Mont-roig, K-1 espai Jove, Oficinas Municipales de Miami, [&hellip;]","og_url":"https:\/\/mont-roig.cat\/es\/actualitat\/noticies\/nuevo-sistema-de-monitorizacion-del-consumo-energetico-de-los-edificios-municipales\/","og_site_name":"Ajuntament de Mont-roig del Camp","article_published_time":"2023-12-27T10:43:28+00:00","article_modified_time":"2023-12-27T10:48:33+00:00","og_image":[{"width":752,"height":995,"url":"https:\/\/mont-roig.cat\/wp-content\/uploads\/Centre-Polivalent-de-Miami.png","type":"image\/png"}],"author":"comunicacio","twitter_card":"summary_large_image","twitter_misc":{"Escrito por":"comunicacio","Tiempo de lectura":"2 minutos"},"schema":{"@context":"https:\/\/schema.org","@graph":[{"@type":"Article","@id":"https:\/\/mont-roig.cat\/es\/actualitat\/noticies\/nuevo-sistema-de-monitorizacion-del-consumo-energetico-de-los-edificios-municipales\/#article","isPartOf":{"@id":"https:\/\/mont-roig.cat\/es\/actualitat\/noticies\/nuevo-sistema-de-monitorizacion-del-consumo-energetico-de-los-edificios-municipales\/"},"author":{"name":"comunicacio","@id":"https:\/\/mont-roig.cat\/es\/#\/schema\/person\/1f73e7b5e6f9dd122e8a6f14f310ac5e"},"headline":"Nuevo sistema de monitorizaci\u00f3n del consumo energ\u00e9tico de los edificios municipales","datePublished":"2023-12-27T10:43:28+00:00","dateModified":"2023-12-27T10:48:33+00:00","mainEntityOfPage":{"@id":"https:\/\/mont-roig.cat\/es\/actualitat\/noticies\/nuevo-sistema-de-monitorizacion-del-consumo-energetico-de-los-edificios-municipales\/"},"wordCount":310,"image":{"@id":"https:\/\/mont-roig.cat\/es\/actualitat\/noticies\/nuevo-sistema-de-monitorizacion-del-consumo-energetico-de-los-edificios-municipales\/#primaryimage"},"thumbnailUrl":"https:\/\/mont-roig.cat\/wp-content\/uploads\/Centre-Polivalent-de-Miami.png","articleSection":["Ayuntamiento","Transici\u00f3 Energ\u00e8tica i Ecol\u00f2gica"],"inLanguage":"es"},{"@type":"WebPage","@id":"https:\/\/mont-roig.cat\/es\/actualitat\/noticies\/nuevo-sistema-de-monitorizacion-del-consumo-energetico-de-los-edificios-municipales\/","url":"https:\/\/mont-roig.cat\/es\/actualitat\/noticies\/nuevo-sistema-de-monitorizacion-del-consumo-energetico-de-los-edificios-municipales\/","name":"Nuevo sistema de monitorizaci\u00f3n del consumo energ\u00e9tico de los edificios municipales - Ajuntament de Mont-roig del Camp","isPartOf":{"@id":"https:\/\/mont-roig.cat\/es\/#website"},"primaryImageOfPage":{"@id":"https:\/\/mont-roig.cat\/es\/actualitat\/noticies\/nuevo-sistema-de-monitorizacion-del-consumo-energetico-de-los-edificios-municipales\/#primaryimage"},"image":{"@id":"https:\/\/mont-roig.cat\/es\/actualitat\/noticies\/nuevo-sistema-de-monitorizacion-del-consumo-energetico-de-los-edificios-municipales\/#primaryimage"},"thumbnailUrl":"https:\/\/mont-roig.cat\/wp-content\/uploads\/Centre-Polivalent-de-Miami.png","datePublished":"2023-12-27T10:43:28+00:00","dateModified":"2023-12-27T10:48:33+00:00","author":{"@id":"https:\/\/mont-roig.cat\/es\/#\/schema\/person\/1f73e7b5e6f9dd122e8a6f14f310ac5e"},"breadcrumb":{"@id":"https:\/\/mont-roig.cat\/es\/actualitat\/noticies\/nuevo-sistema-de-monitorizacion-del-consumo-energetico-de-los-edificios-municipales\/#breadcrumb"},"inLanguage":"es","potentialAction":[{"@type":"ReadAction","target":["https:\/\/mont-roig.cat\/es\/actualitat\/noticies\/nuevo-sistema-de-monitorizacion-del-consumo-energetico-de-los-edificios-municipales\/"]}]},{"@type":"ImageObject","inLanguage":"es","@id":"https:\/\/mont-roig.cat\/es\/actualitat\/noticies\/nuevo-sistema-de-monitorizacion-del-consumo-energetico-de-los-edificios-municipales\/#primaryimage","url":"https:\/\/mont-roig.cat\/wp-content\/uploads\/Centre-Polivalent-de-Miami.png","contentUrl":"https:\/\/mont-roig.cat\/wp-content\/uploads\/Centre-Polivalent-de-Miami.png","width":752,"height":995},{"@type":"BreadcrumbList","@id":"https:\/\/mont-roig.cat\/es\/actualitat\/noticies\/nuevo-sistema-de-monitorizacion-del-consumo-energetico-de-los-edificios-municipales\/#breadcrumb","itemListElement":[{"@type":"ListItem","position":1,"name":"Inici","item":"https:\/\/mont-roig.cat\/es\/pagina-de-inicio\/"},{"@type":"ListItem","position":2,"name":"Nuevo sistema de monitorizaci\u00f3n del consumo energ\u00e9tico de los edificios municipales"}]},{"@type":"WebSite","@id":"https:\/\/mont-roig.cat\/es\/#website","url":"https:\/\/mont-roig.cat\/es\/","name":"Ajuntament de Mont-roig del Camp","description":"Tota la informaci\u00f3 sobre la instituci\u00f3, els seus \u00f2rgans de govern, actualitat, serveis i molt m\u00e9s.","potentialAction":[{"@type":"SearchAction","target":{"@type":"EntryPoint","urlTemplate":"https:\/\/mont-roig.cat\/es\/?s={search_term_string}"},"query-input":{"@type":"PropertyValueSpecification","valueRequired":true,"valueName":"search_term_string"}}],"inLanguage":"es"},{"@type":"Person","@id":"https:\/\/mont-roig.cat\/es\/#\/schema\/person\/1f73e7b5e6f9dd122e8a6f14f310ac5e","name":"comunicacio","image":{"@type":"ImageObject","inLanguage":"es","@id":"https:\/\/secure.gravatar.com\/avatar\/98944333e7a877670a64f8d10f0cb680ab2c9ebc4efc43945ef004b52b5ad28c?s=96&d=mm&r=g","url":"https:\/\/secure.gravatar.com\/avatar\/98944333e7a877670a64f8d10f0cb680ab2c9ebc4efc43945ef004b52b5ad28c?s=96&d=mm&r=g","contentUrl":"https:\/\/secure.gravatar.com\/avatar\/98944333e7a877670a64f8d10f0cb680ab2c9ebc4efc43945ef004b52b5ad28c?s=96&d=mm&r=g","caption":"comunicacio"},"url":"https:\/\/mont-roig.cat\/es\/actualitat\/noticies\/author\/comunicacio\/"}]}},"_links":{"self":[{"href":"https:\/\/mont-roig.cat\/es\/wp-json\/wp\/v2\/posts\/74227","targetHints":{"allow":["GET"]}}],"collection":[{"href":"https:\/\/mont-roig.cat\/es\/wp-json\/wp\/v2\/posts"}],"about":[{"href":"https:\/\/mont-roig.cat\/es\/wp-json\/wp\/v2\/types\/post"}],"author":[{"embeddable":true,"href":"https:\/\/mont-roig.cat\/es\/wp-json\/wp\/v2\/users\/13"}],"replies":[{"embeddable":true,"href":"https:\/\/mont-roig.cat\/es\/wp-json\/wp\/v2\/comments?post=74227"}],"version-history":[{"count":2,"href":"https:\/\/mont-roig.cat\/es\/wp-json\/wp\/v2\/posts\/74227\/revisions"}],"predecessor-version":[{"id":74229,"href":"https:\/\/mont-roig.cat\/es\/wp-json\/wp\/v2\/posts\/74227\/revisions\/74229"}],"wp:featuredmedia":[{"embeddable":true,"href":"https:\/\/mont-roig.cat\/es\/wp-json\/wp\/v2\/media\/74224"}],"wp:attachment":[{"href":"https:\/\/mont-roig.cat\/es\/wp-json\/wp\/v2\/media?parent=74227"}],"wp:term":[{"taxonomy":"category","embeddable":true,"href":"https:\/\/mont-roig.cat\/es\/wp-json\/wp\/v2\/categories?post=74227"},{"taxonomy":"post_tag","embeddable":true,"href":"https:\/\/mont-roig.cat\/es\/wp-json\/wp\/v2\/tags?post=74227"}],"curies":[{"name":"wp","href":"https:\/\/api.w.org\/{rel}","templated":true}]}}