{"id":74272,"date":"2023-12-29T17:31:12","date_gmt":"2023-12-29T16:31:12","guid":{"rendered":"https:\/\/mont-roig.cat\/actualitat\/noticies\/obres-de-millora-acustica-al-nou-casal-davis-de-mont-roig\/"},"modified":"2023-12-29T17:37:39","modified_gmt":"2023-12-29T16:37:39","slug":"obras-de-mejora-acustica-en-el-nuevo-casal-de-avis-de-mont-roig-del-camp","status":"publish","type":"post","link":"https:\/\/mont-roig.cat\/es\/actualitat\/noticies\/obras-de-mejora-acustica-en-el-nuevo-casal-de-avis-de-mont-roig-del-camp\/","title":{"rendered":"Obras de mejora ac\u00fastica en el nuevo Casal de Avis de Mont-roig del Camp"},"content":{"rendered":"<ul>\n<li><strong><a href=\"https:\/\/mont-roig.cat\/wp-content\/uploads\/Imagen-de-WhatsApp-2023-12-21-a-las-12.06.23_33a2ded4.jpg\" target=\"_blank\" rel=\"noopener\"><img loading=\"lazy\" decoding=\"async\" class=\"alignright wp-image-74268\" src=\"https:\/\/mont-roig.cat\/wp-content\/uploads\/Imagen-de-WhatsApp-2023-12-21-a-las-12.06.23_33a2ded4-500x375.jpg\" alt=\"\" width=\"300\" height=\"225\" srcset=\"https:\/\/mont-roig.cat\/wp-content\/uploads\/Imagen-de-WhatsApp-2023-12-21-a-las-12.06.23_33a2ded4-500x375.jpg 500w, https:\/\/mont-roig.cat\/wp-content\/uploads\/Imagen-de-WhatsApp-2023-12-21-a-las-12.06.23_33a2ded4-1024x768.jpg 1024w, https:\/\/mont-roig.cat\/wp-content\/uploads\/Imagen-de-WhatsApp-2023-12-21-a-las-12.06.23_33a2ded4-768x576.jpg 768w, https:\/\/mont-roig.cat\/wp-content\/uploads\/Imagen-de-WhatsApp-2023-12-21-a-las-12.06.23_33a2ded4-1536x1152.jpg 1536w, https:\/\/mont-roig.cat\/wp-content\/uploads\/Imagen-de-WhatsApp-2023-12-21-a-las-12.06.23_33a2ded4-463x348.jpg 463w, https:\/\/mont-roig.cat\/wp-content\/uploads\/Imagen-de-WhatsApp-2023-12-21-a-las-12.06.23_33a2ded4.jpg 1600w\" sizes=\"auto, (max-width: 300px) 100vw, 300px\" \/><\/a>La instalaci\u00f3n de material fonoabsorbente mejorar\u00e1 significativamente la experiencia ac\u00fastica de los usuarios de este equipamiento<\/strong><\/li>\n<\/ul>\n<p>El Ayuntamiento de Mont-roig del Camp ha realizado obras para mejorar la ac\u00fastica del nuevo Casal de Avis de Mont-roig con una inversi\u00f3n total de 8.466 euros para solucionar los problemas detectados, la reverberaci\u00f3n del sonido, que creaba una experiencia desagradable en el o\u00eddo y sonidos molestos, hab\u00eda sido identificada como una prioridad a abordar. Por eso se ha hecho una nueva instalaci\u00f3n de material fonoabsorbente en la parte interior del tejado y dos de las partes laterales del Casal.<\/p>\n<p><a href=\"https:\/\/mont-roig.cat\/wp-content\/uploads\/Imagen-de-WhatsApp-2023-12-21-a-las-12.06.13_8775b5fa.jpg\" target=\"_blank\" rel=\"noopener\"><img loading=\"lazy\" decoding=\"async\" class=\"alignleft wp-image-74267\" src=\"https:\/\/mont-roig.cat\/wp-content\/uploads\/Imagen-de-WhatsApp-2023-12-21-a-las-12.06.13_8775b5fa-500x375.jpg\" alt=\"\" width=\"264\" height=\"198\" srcset=\"https:\/\/mont-roig.cat\/wp-content\/uploads\/Imagen-de-WhatsApp-2023-12-21-a-las-12.06.13_8775b5fa-500x375.jpg 500w, https:\/\/mont-roig.cat\/wp-content\/uploads\/Imagen-de-WhatsApp-2023-12-21-a-las-12.06.13_8775b5fa-1024x768.jpg 1024w, https:\/\/mont-roig.cat\/wp-content\/uploads\/Imagen-de-WhatsApp-2023-12-21-a-las-12.06.13_8775b5fa-768x576.jpg 768w, https:\/\/mont-roig.cat\/wp-content\/uploads\/Imagen-de-WhatsApp-2023-12-21-a-las-12.06.13_8775b5fa-1536x1152.jpg 1536w, https:\/\/mont-roig.cat\/wp-content\/uploads\/Imagen-de-WhatsApp-2023-12-21-a-las-12.06.13_8775b5fa-463x348.jpg 463w, https:\/\/mont-roig.cat\/wp-content\/uploads\/Imagen-de-WhatsApp-2023-12-21-a-las-12.06.13_8775b5fa.jpg 1600w\" sizes=\"auto, (max-width: 264px) 100vw, 264px\" \/><\/a>Con esta iniciativa, el Ayuntamiento reafirma su compromiso con el bienestar de los ciudadanos, mejorando los espacios p\u00fablicos para una mejor calidad de vida, especialmente para los mayores que utilicen este equipamiento.<strong><br \/>\n<\/strong><\/p>\n","protected":false},"excerpt":{"rendered":"<p>La instalaci\u00f3n de material fonoabsorbente mejorar\u00e1 significativamente la experiencia ac\u00fastica de los usuarios de este equipamiento El Ayuntamiento de Mont-roig del Camp ha realizado obras para mejorar la ac\u00fastica del nuevo Casal de Avis de Mont-roig con una inversi\u00f3n total de 8.466 euros para solucionar los problemas detectados, la reverberaci\u00f3n del sonido, que creaba una [&hellip;]<\/p>\n","protected":false},"author":13,"featured_media":74269,"comment_status":"closed","ping_status":"closed","sticky":false,"template":"","format":"standard","meta":{"inline_featured_image":false,"_monsterinsights_skip_tracking":false,"_monsterinsights_sitenote_active":false,"_monsterinsights_sitenote_note":"","_monsterinsights_sitenote_category":0,"footnotes":""},"categories":[98,206],"tags":[],"class_list":["post-74272","post","type-post","status-publish","format-standard","has-post-thumbnail","hentry","category-ayuntamiento","category-gent-gran-es"],"yoast_head":"<!-- This site is optimized with the Yoast SEO plugin v27.4 - https:\/\/yoast.com\/product\/yoast-seo-wordpress\/ -->\n<title>Obras de mejora ac\u00fastica en el nuevo Casal de Avis de Mont-roig del Camp - Ajuntament de Mont-roig del Camp<\/title>\n<meta name=\"robots\" content=\"index, follow, max-snippet:-1, max-image-preview:large, max-video-preview:-1\" \/>\n<link rel=\"canonical\" href=\"https:\/\/mont-roig.cat\/es\/actualitat\/noticies\/obras-de-mejora-acustica-en-el-nuevo-casal-de-avis-de-mont-roig-del-camp\/\" \/>\n<meta property=\"og:locale\" content=\"es_ES\" \/>\n<meta property=\"og:type\" content=\"article\" \/>\n<meta property=\"og:title\" content=\"Obras de mejora ac\u00fastica en el nuevo Casal de Avis de Mont-roig del Camp - Ajuntament de Mont-roig del Camp\" \/>\n<meta property=\"og:description\" content=\"La instalaci\u00f3n de material fonoabsorbente mejorar\u00e1 significativamente la experiencia ac\u00fastica de los usuarios de este equipamiento El Ayuntamiento de Mont-roig del Camp ha realizado obras para mejorar la ac\u00fastica del nuevo Casal de Avis de Mont-roig con una inversi\u00f3n total de 8.466 euros para solucionar los problemas detectados, la reverberaci\u00f3n del sonido, que creaba una [&hellip;]\" \/>\n<meta property=\"og:url\" content=\"https:\/\/mont-roig.cat\/es\/actualitat\/noticies\/obras-de-mejora-acustica-en-el-nuevo-casal-de-avis-de-mont-roig-del-camp\/\" \/>\n<meta property=\"og:site_name\" content=\"Ajuntament de Mont-roig del Camp\" \/>\n<meta property=\"article:published_time\" content=\"2023-12-29T16:31:12+00:00\" \/>\n<meta property=\"article:modified_time\" content=\"2023-12-29T16:37:39+00:00\" \/>\n<meta property=\"og:image\" content=\"https:\/\/mont-roig.cat\/wp-content\/uploads\/Imagen-de-WhatsApp-2023-12-21-a-las-12.06.23_33a2ded4.jpg\" \/>\n\t<meta property=\"og:image:width\" content=\"1600\" \/>\n\t<meta property=\"og:image:height\" content=\"1200\" \/>\n\t<meta property=\"og:image:type\" content=\"image\/jpeg\" \/>\n<meta name=\"author\" content=\"comunicacio\" \/>\n<meta name=\"twitter:card\" content=\"summary_large_image\" \/>\n<meta name=\"twitter:label1\" content=\"Escrito por\" \/>\n\t<meta name=\"twitter:data1\" content=\"comunicacio\" \/>\n\t<meta name=\"twitter:label2\" content=\"Tiempo de lectura\" \/>\n\t<meta name=\"twitter:data2\" content=\"2 minutos\" \/>\n<script type=\"application\/ld+json\" class=\"yoast-schema-graph\">{\"@context\":\"https:\\\/\\\/schema.org\",\"@graph\":[{\"@type\":\"Article\",\"@id\":\"https:\\\/\\\/mont-roig.cat\\\/es\\\/actualitat\\\/noticies\\\/obras-de-mejora-acustica-en-el-nuevo-casal-de-avis-de-mont-roig-del-camp\\\/#article\",\"isPartOf\":{\"@id\":\"https:\\\/\\\/mont-roig.cat\\\/es\\\/actualitat\\\/noticies\\\/obras-de-mejora-acustica-en-el-nuevo-casal-de-avis-de-mont-roig-del-camp\\\/\"},\"author\":{\"name\":\"comunicacio\",\"@id\":\"https:\\\/\\\/mont-roig.cat\\\/es\\\/#\\\/schema\\\/person\\\/1f73e7b5e6f9dd122e8a6f14f310ac5e\"},\"headline\":\"Obras de mejora ac\u00fastica en el nuevo Casal de Avis de Mont-roig del Camp\",\"datePublished\":\"2023-12-29T16:31:12+00:00\",\"dateModified\":\"2023-12-29T16:37:39+00:00\",\"mainEntityOfPage\":{\"@id\":\"https:\\\/\\\/mont-roig.cat\\\/es\\\/actualitat\\\/noticies\\\/obras-de-mejora-acustica-en-el-nuevo-casal-de-avis-de-mont-roig-del-camp\\\/\"},\"wordCount\":151,\"image\":{\"@id\":\"https:\\\/\\\/mont-roig.cat\\\/es\\\/actualitat\\\/noticies\\\/obras-de-mejora-acustica-en-el-nuevo-casal-de-avis-de-mont-roig-del-camp\\\/#primaryimage\"},\"thumbnailUrl\":\"https:\\\/\\\/mont-roig.cat\\\/wp-content\\\/uploads\\\/Imagen-de-WhatsApp-2023-12-21-a-las-12.06.23_33a2ded4.jpg\",\"articleSection\":[\"Ayuntamiento\",\"Gent gran\"],\"inLanguage\":\"es\"},{\"@type\":\"WebPage\",\"@id\":\"https:\\\/\\\/mont-roig.cat\\\/es\\\/actualitat\\\/noticies\\\/obras-de-mejora-acustica-en-el-nuevo-casal-de-avis-de-mont-roig-del-camp\\\/\",\"url\":\"https:\\\/\\\/mont-roig.cat\\\/es\\\/actualitat\\\/noticies\\\/obras-de-mejora-acustica-en-el-nuevo-casal-de-avis-de-mont-roig-del-camp\\\/\",\"name\":\"Obras de mejora ac\u00fastica en el nuevo Casal de Avis de Mont-roig del Camp - Ajuntament de Mont-roig del Camp\",\"isPartOf\":{\"@id\":\"https:\\\/\\\/mont-roig.cat\\\/es\\\/#website\"},\"primaryImageOfPage\":{\"@id\":\"https:\\\/\\\/mont-roig.cat\\\/es\\\/actualitat\\\/noticies\\\/obras-de-mejora-acustica-en-el-nuevo-casal-de-avis-de-mont-roig-del-camp\\\/#primaryimage\"},\"image\":{\"@id\":\"https:\\\/\\\/mont-roig.cat\\\/es\\\/actualitat\\\/noticies\\\/obras-de-mejora-acustica-en-el-nuevo-casal-de-avis-de-mont-roig-del-camp\\\/#primaryimage\"},\"thumbnailUrl\":\"https:\\\/\\\/mont-roig.cat\\\/wp-content\\\/uploads\\\/Imagen-de-WhatsApp-2023-12-21-a-las-12.06.23_33a2ded4.jpg\",\"datePublished\":\"2023-12-29T16:31:12+00:00\",\"dateModified\":\"2023-12-29T16:37:39+00:00\",\"author\":{\"@id\":\"https:\\\/\\\/mont-roig.cat\\\/es\\\/#\\\/schema\\\/person\\\/1f73e7b5e6f9dd122e8a6f14f310ac5e\"},\"breadcrumb\":{\"@id\":\"https:\\\/\\\/mont-roig.cat\\\/es\\\/actualitat\\\/noticies\\\/obras-de-mejora-acustica-en-el-nuevo-casal-de-avis-de-mont-roig-del-camp\\\/#breadcrumb\"},\"inLanguage\":\"es\",\"potentialAction\":[{\"@type\":\"ReadAction\",\"target\":[\"https:\\\/\\\/mont-roig.cat\\\/es\\\/actualitat\\\/noticies\\\/obras-de-mejora-acustica-en-el-nuevo-casal-de-avis-de-mont-roig-del-camp\\\/\"]}]},{\"@type\":\"ImageObject\",\"inLanguage\":\"es\",\"@id\":\"https:\\\/\\\/mont-roig.cat\\\/es\\\/actualitat\\\/noticies\\\/obras-de-mejora-acustica-en-el-nuevo-casal-de-avis-de-mont-roig-del-camp\\\/#primaryimage\",\"url\":\"https:\\\/\\\/mont-roig.cat\\\/wp-content\\\/uploads\\\/Imagen-de-WhatsApp-2023-12-21-a-las-12.06.23_33a2ded4.jpg\",\"contentUrl\":\"https:\\\/\\\/mont-roig.cat\\\/wp-content\\\/uploads\\\/Imagen-de-WhatsApp-2023-12-21-a-las-12.06.23_33a2ded4.jpg\",\"width\":1600,\"height\":1200},{\"@type\":\"BreadcrumbList\",\"@id\":\"https:\\\/\\\/mont-roig.cat\\\/es\\\/actualitat\\\/noticies\\\/obras-de-mejora-acustica-en-el-nuevo-casal-de-avis-de-mont-roig-del-camp\\\/#breadcrumb\",\"itemListElement\":[{\"@type\":\"ListItem\",\"position\":1,\"name\":\"Inici\",\"item\":\"https:\\\/\\\/mont-roig.cat\\\/es\\\/pagina-de-inicio\\\/\"},{\"@type\":\"ListItem\",\"position\":2,\"name\":\"Obras de mejora ac\u00fastica en el nuevo Casal de Avis de Mont-roig del Camp\"}]},{\"@type\":\"WebSite\",\"@id\":\"https:\\\/\\\/mont-roig.cat\\\/es\\\/#website\",\"url\":\"https:\\\/\\\/mont-roig.cat\\\/es\\\/\",\"name\":\"Ajuntament de Mont-roig del Camp\",\"description\":\"Tota la informaci\u00f3 sobre la instituci\u00f3, els seus \u00f2rgans de govern, actualitat, serveis i molt m\u00e9s.\",\"potentialAction\":[{\"@type\":\"SearchAction\",\"target\":{\"@type\":\"EntryPoint\",\"urlTemplate\":\"https:\\\/\\\/mont-roig.cat\\\/es\\\/?s={search_term_string}\"},\"query-input\":{\"@type\":\"PropertyValueSpecification\",\"valueRequired\":true,\"valueName\":\"search_term_string\"}}],\"inLanguage\":\"es\"},{\"@type\":\"Person\",\"@id\":\"https:\\\/\\\/mont-roig.cat\\\/es\\\/#\\\/schema\\\/person\\\/1f73e7b5e6f9dd122e8a6f14f310ac5e\",\"name\":\"comunicacio\",\"image\":{\"@type\":\"ImageObject\",\"inLanguage\":\"es\",\"@id\":\"https:\\\/\\\/secure.gravatar.com\\\/avatar\\\/98944333e7a877670a64f8d10f0cb680ab2c9ebc4efc43945ef004b52b5ad28c?s=96&d=mm&r=g\",\"url\":\"https:\\\/\\\/secure.gravatar.com\\\/avatar\\\/98944333e7a877670a64f8d10f0cb680ab2c9ebc4efc43945ef004b52b5ad28c?s=96&d=mm&r=g\",\"contentUrl\":\"https:\\\/\\\/secure.gravatar.com\\\/avatar\\\/98944333e7a877670a64f8d10f0cb680ab2c9ebc4efc43945ef004b52b5ad28c?s=96&d=mm&r=g\",\"caption\":\"comunicacio\"},\"url\":\"https:\\\/\\\/mont-roig.cat\\\/es\\\/actualitat\\\/noticies\\\/author\\\/comunicacio\\\/\"}]}<\/script>\n<!-- \/ Yoast SEO plugin. -->","yoast_head_json":{"title":"Obras de mejora ac\u00fastica en el nuevo Casal de Avis de Mont-roig del Camp - Ajuntament de Mont-roig del Camp","robots":{"index":"index","follow":"follow","max-snippet":"max-snippet:-1","max-image-preview":"max-image-preview:large","max-video-preview":"max-video-preview:-1"},"canonical":"https:\/\/mont-roig.cat\/es\/actualitat\/noticies\/obras-de-mejora-acustica-en-el-nuevo-casal-de-avis-de-mont-roig-del-camp\/","og_locale":"es_ES","og_type":"article","og_title":"Obras de mejora ac\u00fastica en el nuevo Casal de Avis de Mont-roig del Camp - Ajuntament de Mont-roig del Camp","og_description":"La instalaci\u00f3n de material fonoabsorbente mejorar\u00e1 significativamente la experiencia ac\u00fastica de los usuarios de este equipamiento El Ayuntamiento de Mont-roig del Camp ha realizado obras para mejorar la ac\u00fastica del nuevo Casal de Avis de Mont-roig con una inversi\u00f3n total de 8.466 euros para solucionar los problemas detectados, la reverberaci\u00f3n del sonido, que creaba una [&hellip;]","og_url":"https:\/\/mont-roig.cat\/es\/actualitat\/noticies\/obras-de-mejora-acustica-en-el-nuevo-casal-de-avis-de-mont-roig-del-camp\/","og_site_name":"Ajuntament de Mont-roig del Camp","article_published_time":"2023-12-29T16:31:12+00:00","article_modified_time":"2023-12-29T16:37:39+00:00","og_image":[{"width":1600,"height":1200,"url":"https:\/\/mont-roig.cat\/wp-content\/uploads\/Imagen-de-WhatsApp-2023-12-21-a-las-12.06.23_33a2ded4.jpg","type":"image\/jpeg"}],"author":"comunicacio","twitter_card":"summary_large_image","twitter_misc":{"Escrito por":"comunicacio","Tiempo de lectura":"2 minutos"},"schema":{"@context":"https:\/\/schema.org","@graph":[{"@type":"Article","@id":"https:\/\/mont-roig.cat\/es\/actualitat\/noticies\/obras-de-mejora-acustica-en-el-nuevo-casal-de-avis-de-mont-roig-del-camp\/#article","isPartOf":{"@id":"https:\/\/mont-roig.cat\/es\/actualitat\/noticies\/obras-de-mejora-acustica-en-el-nuevo-casal-de-avis-de-mont-roig-del-camp\/"},"author":{"name":"comunicacio","@id":"https:\/\/mont-roig.cat\/es\/#\/schema\/person\/1f73e7b5e6f9dd122e8a6f14f310ac5e"},"headline":"Obras de mejora ac\u00fastica en el nuevo Casal de Avis de Mont-roig del Camp","datePublished":"2023-12-29T16:31:12+00:00","dateModified":"2023-12-29T16:37:39+00:00","mainEntityOfPage":{"@id":"https:\/\/mont-roig.cat\/es\/actualitat\/noticies\/obras-de-mejora-acustica-en-el-nuevo-casal-de-avis-de-mont-roig-del-camp\/"},"wordCount":151,"image":{"@id":"https:\/\/mont-roig.cat\/es\/actualitat\/noticies\/obras-de-mejora-acustica-en-el-nuevo-casal-de-avis-de-mont-roig-del-camp\/#primaryimage"},"thumbnailUrl":"https:\/\/mont-roig.cat\/wp-content\/uploads\/Imagen-de-WhatsApp-2023-12-21-a-las-12.06.23_33a2ded4.jpg","articleSection":["Ayuntamiento","Gent gran"],"inLanguage":"es"},{"@type":"WebPage","@id":"https:\/\/mont-roig.cat\/es\/actualitat\/noticies\/obras-de-mejora-acustica-en-el-nuevo-casal-de-avis-de-mont-roig-del-camp\/","url":"https:\/\/mont-roig.cat\/es\/actualitat\/noticies\/obras-de-mejora-acustica-en-el-nuevo-casal-de-avis-de-mont-roig-del-camp\/","name":"Obras de mejora ac\u00fastica en el nuevo Casal de Avis de Mont-roig del Camp - Ajuntament de Mont-roig del Camp","isPartOf":{"@id":"https:\/\/mont-roig.cat\/es\/#website"},"primaryImageOfPage":{"@id":"https:\/\/mont-roig.cat\/es\/actualitat\/noticies\/obras-de-mejora-acustica-en-el-nuevo-casal-de-avis-de-mont-roig-del-camp\/#primaryimage"},"image":{"@id":"https:\/\/mont-roig.cat\/es\/actualitat\/noticies\/obras-de-mejora-acustica-en-el-nuevo-casal-de-avis-de-mont-roig-del-camp\/#primaryimage"},"thumbnailUrl":"https:\/\/mont-roig.cat\/wp-content\/uploads\/Imagen-de-WhatsApp-2023-12-21-a-las-12.06.23_33a2ded4.jpg","datePublished":"2023-12-29T16:31:12+00:00","dateModified":"2023-12-29T16:37:39+00:00","author":{"@id":"https:\/\/mont-roig.cat\/es\/#\/schema\/person\/1f73e7b5e6f9dd122e8a6f14f310ac5e"},"breadcrumb":{"@id":"https:\/\/mont-roig.cat\/es\/actualitat\/noticies\/obras-de-mejora-acustica-en-el-nuevo-casal-de-avis-de-mont-roig-del-camp\/#breadcrumb"},"inLanguage":"es","potentialAction":[{"@type":"ReadAction","target":["https:\/\/mont-roig.cat\/es\/actualitat\/noticies\/obras-de-mejora-acustica-en-el-nuevo-casal-de-avis-de-mont-roig-del-camp\/"]}]},{"@type":"ImageObject","inLanguage":"es","@id":"https:\/\/mont-roig.cat\/es\/actualitat\/noticies\/obras-de-mejora-acustica-en-el-nuevo-casal-de-avis-de-mont-roig-del-camp\/#primaryimage","url":"https:\/\/mont-roig.cat\/wp-content\/uploads\/Imagen-de-WhatsApp-2023-12-21-a-las-12.06.23_33a2ded4.jpg","contentUrl":"https:\/\/mont-roig.cat\/wp-content\/uploads\/Imagen-de-WhatsApp-2023-12-21-a-las-12.06.23_33a2ded4.jpg","width":1600,"height":1200},{"@type":"BreadcrumbList","@id":"https:\/\/mont-roig.cat\/es\/actualitat\/noticies\/obras-de-mejora-acustica-en-el-nuevo-casal-de-avis-de-mont-roig-del-camp\/#breadcrumb","itemListElement":[{"@type":"ListItem","position":1,"name":"Inici","item":"https:\/\/mont-roig.cat\/es\/pagina-de-inicio\/"},{"@type":"ListItem","position":2,"name":"Obras de mejora ac\u00fastica en el nuevo Casal de Avis de Mont-roig del Camp"}]},{"@type":"WebSite","@id":"https:\/\/mont-roig.cat\/es\/#website","url":"https:\/\/mont-roig.cat\/es\/","name":"Ajuntament de Mont-roig del Camp","description":"Tota la informaci\u00f3 sobre la instituci\u00f3, els seus \u00f2rgans de govern, actualitat, serveis i molt m\u00e9s.","potentialAction":[{"@type":"SearchAction","target":{"@type":"EntryPoint","urlTemplate":"https:\/\/mont-roig.cat\/es\/?s={search_term_string}"},"query-input":{"@type":"PropertyValueSpecification","valueRequired":true,"valueName":"search_term_string"}}],"inLanguage":"es"},{"@type":"Person","@id":"https:\/\/mont-roig.cat\/es\/#\/schema\/person\/1f73e7b5e6f9dd122e8a6f14f310ac5e","name":"comunicacio","image":{"@type":"ImageObject","inLanguage":"es","@id":"https:\/\/secure.gravatar.com\/avatar\/98944333e7a877670a64f8d10f0cb680ab2c9ebc4efc43945ef004b52b5ad28c?s=96&d=mm&r=g","url":"https:\/\/secure.gravatar.com\/avatar\/98944333e7a877670a64f8d10f0cb680ab2c9ebc4efc43945ef004b52b5ad28c?s=96&d=mm&r=g","contentUrl":"https:\/\/secure.gravatar.com\/avatar\/98944333e7a877670a64f8d10f0cb680ab2c9ebc4efc43945ef004b52b5ad28c?s=96&d=mm&r=g","caption":"comunicacio"},"url":"https:\/\/mont-roig.cat\/es\/actualitat\/noticies\/author\/comunicacio\/"}]}},"_links":{"self":[{"href":"https:\/\/mont-roig.cat\/es\/wp-json\/wp\/v2\/posts\/74272","targetHints":{"allow":["GET"]}}],"collection":[{"href":"https:\/\/mont-roig.cat\/es\/wp-json\/wp\/v2\/posts"}],"about":[{"href":"https:\/\/mont-roig.cat\/es\/wp-json\/wp\/v2\/types\/post"}],"author":[{"embeddable":true,"href":"https:\/\/mont-roig.cat\/es\/wp-json\/wp\/v2\/users\/13"}],"replies":[{"embeddable":true,"href":"https:\/\/mont-roig.cat\/es\/wp-json\/wp\/v2\/comments?post=74272"}],"version-history":[{"count":2,"href":"https:\/\/mont-roig.cat\/es\/wp-json\/wp\/v2\/posts\/74272\/revisions"}],"predecessor-version":[{"id":74274,"href":"https:\/\/mont-roig.cat\/es\/wp-json\/wp\/v2\/posts\/74272\/revisions\/74274"}],"wp:featuredmedia":[{"embeddable":true,"href":"https:\/\/mont-roig.cat\/es\/wp-json\/wp\/v2\/media\/74269"}],"wp:attachment":[{"href":"https:\/\/mont-roig.cat\/es\/wp-json\/wp\/v2\/media?parent=74272"}],"wp:term":[{"taxonomy":"category","embeddable":true,"href":"https:\/\/mont-roig.cat\/es\/wp-json\/wp\/v2\/categories?post=74272"},{"taxonomy":"post_tag","embeddable":true,"href":"https:\/\/mont-roig.cat\/es\/wp-json\/wp\/v2\/tags?post=74272"}],"curies":[{"name":"wp","href":"https:\/\/api.w.org\/{rel}","templated":true}]}}