{"id":74734,"date":"2024-02-01T13:02:22","date_gmt":"2024-02-01T12:02:22","guid":{"rendered":"https:\/\/mont-roig.cat\/actualitat\/noticies\/adif-confirma-la-inversio-per-transformar-lantic-tracat-ferroviari-en-una-via-verda\/"},"modified":"2024-02-01T13:12:53","modified_gmt":"2024-02-01T12:12:53","slug":"adif-confirma-la-inversion-para-transformar-el-antiguo-trazado-ferroviario-en-una-via-verde","status":"publish","type":"post","link":"https:\/\/mont-roig.cat\/es\/actualitat\/noticies\/adif-confirma-la-inversion-para-transformar-el-antiguo-trazado-ferroviario-en-una-via-verde\/","title":{"rendered":"Adif confirma la inversi\u00f3n para transformar el antiguo trazado ferroviario en una v\u00eda verde"},"content":{"rendered":"<ul>\n<li>\n<div class=\"mceTemp\"><a href=\"https:\/\/mont-roig.cat\/wp-content\/uploads\/via-tren.jpg\" target=\"_blank\" rel=\"noopener\"><img loading=\"lazy\" decoding=\"async\" class=\"wp-image-74728 alignright\" src=\"https:\/\/mont-roig.cat\/wp-content\/uploads\/via-tren-500x375.jpg\" alt=\"\" width=\"300\" height=\"225\" srcset=\"https:\/\/mont-roig.cat\/wp-content\/uploads\/via-tren-500x375.jpg 500w, https:\/\/mont-roig.cat\/wp-content\/uploads\/via-tren-1024x768.jpg 1024w, https:\/\/mont-roig.cat\/wp-content\/uploads\/via-tren-768x576.jpg 768w, https:\/\/mont-roig.cat\/wp-content\/uploads\/via-tren-1536x1152.jpg 1536w, https:\/\/mont-roig.cat\/wp-content\/uploads\/via-tren-463x348.jpg 463w, https:\/\/mont-roig.cat\/wp-content\/uploads\/via-tren.jpg 1600w\" sizes=\"auto, (max-width: 300px) 100vw, 300px\" \/><\/a><strong>La inversi\u00f3n de 5&#8217;8 millones de euros ser\u00e1 en un tramo de 19 kil\u00f3metros que va desde L&#8217;Hospitalet de l&#8217;Infant hasta Cambrils pasando por el t\u00e9rmino municipal de Mont-roig del Camp<\/strong><\/div>\n<\/li>\n<li><strong>El proyecto Integrar\u00e1 el trazado en desuso en el entorno urbano y tendr\u00e1 uso compartido para peatones y ciclistas. Adem\u00e1s, se adaptar\u00e1 el \u00e1mbito de las antiguas estaciones como zonas de descanso<\/strong><\/li>\n<\/ul>\n<p>Adif Alta Velocidad (Adif AV) convertir\u00e1 en una v\u00eda verde (v\u00eda c\u00edvica) el antiguo trazado de la l\u00ednea ferroviaria en el t\u00e9rmino de Mont-roig del Camp, concretamente en el tramo que va de Vandell\u00f2s y L&#8217;Hospitalet de l&#8217;Infant hasta en Cambrils, con una inversi\u00f3n de 5,8 millones de euros. As\u00ed lo ha anunciado hoy en una nota de prensa el Ministerio de Transportes y Movilidad Sostenible del gobierno del Estado.<\/p>\n<p>La actuaci\u00f3n, que constituye la primera fase de la integraci\u00f3n de la antigua l\u00ednea en el paso por los n\u00facleos urbanos de este tramo de 19,3 km, adaptar\u00e1 los 5 m de ancho de la plataforma ferroviaria como v\u00eda c\u00edvica de uso compartido para peatones y ciclistas. Asimismo, se ejecutar\u00e1n cruces transversales, tanto peatonales como viarios, para eliminar o atenuar el efecto-barrera de la infraestructura en desuso, nivelando las rasantes de viales interceptados. Adem\u00e1s, deben adecuarse las dimensiones de algunos pasos inferiores. Otras actuaciones comprender\u00e1n la modificaci\u00f3n o eliminaci\u00f3n de algunos pasos superiores y la adaptaci\u00f3n de los entornos de las antiguas estaciones como zonas de descanso, con instalaci\u00f3n de mobiliario urbano y se\u00f1alizaci\u00f3n. Asimismo, se limpiar\u00e1n y acondicionar\u00e1n las obras de drenaje transversal. La obra ha sido adjudicada a la empresa ACSA, Obras e Infraestructuras.<\/p>\n<p>Esta primera fase se complementar\u00e1 con una segunda, cuyas obras ya est\u00e1n licitadas por m\u00e1s de 2 millones de euros, para completar la integraci\u00f3n del antiguo trazado ferroviario entre Vandell\u00f2s, L&#8217;Hospitalet de l&#8217;Infant y Salou. En esta actuaci\u00f3n, se realizar\u00e1n trabajos de car\u00e1cter urbano y ambiental en un tramo de 8 km entre la Riera deAlforja (Cambrils) y la nueva estaci\u00f3n de Salou-Port Aventura.<\/p>\n<p>Tambi\u00e9n se har\u00e1 la prospecci\u00f3n de especies protegidas en la zona costera, la restauraci\u00f3n de h\u00e1bitats de inter\u00e9s, la plantaci\u00f3n espec\u00edfica de especies de ribera y la eliminaci\u00f3n de carrizales.<br \/>\nAsimismo, se pondr\u00e1n en valor elementos ferroviarios y se dise\u00f1ar\u00e1n sistemas de micromovilidad en el trazado sobre el que la Generalitat, seg\u00fan lo acordado con Adif, ha proyectado aprovechar parcialmente la antigua plataforma para conectar las poblaciones costeras mediante un tranv\u00eda.<\/p>\n<p><strong><a href=\"https:\/\/mont-roig.cat\/wp-content\/uploads\/via-tren-4-1.jpg\" target=\"_blank\" rel=\"noopener\"><img loading=\"lazy\" decoding=\"async\" class=\"alignleft wp-image-74736\" src=\"https:\/\/mont-roig.cat\/wp-content\/uploads\/via-tren-4-1-500x375.jpg\" alt=\"\" width=\"323\" height=\"242\" srcset=\"https:\/\/mont-roig.cat\/wp-content\/uploads\/via-tren-4-1-500x375.jpg 500w, https:\/\/mont-roig.cat\/wp-content\/uploads\/via-tren-4-1-1024x768.jpg 1024w, https:\/\/mont-roig.cat\/wp-content\/uploads\/via-tren-4-1-768x576.jpg 768w, https:\/\/mont-roig.cat\/wp-content\/uploads\/via-tren-4-1-1536x1152.jpg 1536w, https:\/\/mont-roig.cat\/wp-content\/uploads\/via-tren-4-1-463x348.jpg 463w, https:\/\/mont-roig.cat\/wp-content\/uploads\/via-tren-4-1.jpg 1600w\" sizes=\"auto, (max-width: 323px) 100vw, 323px\" \/><\/a>Desmantelamiento de la antigua v\u00eda<\/strong><br \/>\nAdif AV ha culminado las operaciones de retirada de las instalaciones ferroviarias del antiguo trazado que va de L&#8217;Hospitalet hasta Cambrils pasando por Mont-roig del Camp: el levante de elementos de la superestructura ferroviaria (carril y traves\u00edas) a 33 km, la retirada de 70.000 m3 de balasto y las demoliciones de otros elementos.<\/p>\n<p><strong>Financiaci\u00f3n Europea<\/strong><br \/>\nEstas actuaciones cuentan con financiaci\u00f3n europea a trav\u00e9s del Plan de Recuperaci\u00f3n, Transformaci\u00f3n y Resiliencia. Financiado por la Uni\u00f3n Europea-NextGenerationEU.<br \/>\n\u200b<\/p>\n","protected":false},"excerpt":{"rendered":"<p>La inversi\u00f3n de 5&#8217;8 millones de euros ser\u00e1 en un tramo de 19 kil\u00f3metros que va desde L&#8217;Hospitalet de l&#8217;Infant hasta Cambrils pasando por el t\u00e9rmino municipal de Mont-roig del Camp El proyecto Integrar\u00e1 el trazado en desuso en el entorno urbano y tendr\u00e1 uso compartido para peatones y ciclistas. Adem\u00e1s, se adaptar\u00e1 el \u00e1mbito [&hellip;]<\/p>\n","protected":false},"author":13,"featured_media":74729,"comment_status":"closed","ping_status":"closed","sticky":false,"template":"","format":"standard","meta":{"inline_featured_image":false,"_monsterinsights_skip_tracking":false,"_monsterinsights_sitenote_active":false,"_monsterinsights_sitenote_note":"","_monsterinsights_sitenote_category":0,"footnotes":""},"categories":[98],"tags":[],"class_list":["post-74734","post","type-post","status-publish","format-standard","has-post-thumbnail","hentry","category-ayuntamiento"],"yoast_head":"<!-- This site is optimized with the Yoast SEO plugin v27.4 - https:\/\/yoast.com\/product\/yoast-seo-wordpress\/ -->\n<title>Adif confirma la inversi\u00f3n para transformar el antiguo trazado ferroviario en una v\u00eda verde - Ajuntament de Mont-roig del Camp<\/title>\n<meta name=\"robots\" content=\"index, follow, max-snippet:-1, max-image-preview:large, max-video-preview:-1\" \/>\n<link rel=\"canonical\" href=\"https:\/\/mont-roig.cat\/es\/actualitat\/noticies\/adif-confirma-la-inversion-para-transformar-el-antiguo-trazado-ferroviario-en-una-via-verde\/\" \/>\n<meta property=\"og:locale\" content=\"es_ES\" \/>\n<meta property=\"og:type\" content=\"article\" \/>\n<meta property=\"og:title\" content=\"Adif confirma la inversi\u00f3n para transformar el antiguo trazado ferroviario en una v\u00eda verde - Ajuntament de Mont-roig del Camp\" \/>\n<meta property=\"og:description\" content=\"La inversi\u00f3n de 5&#8217;8 millones de euros ser\u00e1 en un tramo de 19 kil\u00f3metros que va desde L&#8217;Hospitalet de l&#8217;Infant hasta Cambrils pasando por el t\u00e9rmino municipal de Mont-roig del Camp El proyecto Integrar\u00e1 el trazado en desuso en el entorno urbano y tendr\u00e1 uso compartido para peatones y ciclistas. Adem\u00e1s, se adaptar\u00e1 el \u00e1mbito [&hellip;]\" \/>\n<meta property=\"og:url\" content=\"https:\/\/mont-roig.cat\/es\/actualitat\/noticies\/adif-confirma-la-inversion-para-transformar-el-antiguo-trazado-ferroviario-en-una-via-verde\/\" \/>\n<meta property=\"og:site_name\" content=\"Ajuntament de Mont-roig del Camp\" \/>\n<meta property=\"article:published_time\" content=\"2024-02-01T12:02:22+00:00\" \/>\n<meta property=\"article:modified_time\" content=\"2024-02-01T12:12:53+00:00\" \/>\n<meta property=\"og:image\" content=\"https:\/\/mont-roig.cat\/wp-content\/uploads\/via-tren.jpg\" \/>\n\t<meta property=\"og:image:width\" content=\"1600\" \/>\n\t<meta property=\"og:image:height\" content=\"1200\" \/>\n\t<meta property=\"og:image:type\" content=\"image\/jpeg\" \/>\n<meta name=\"author\" content=\"comunicacio\" \/>\n<meta name=\"twitter:card\" content=\"summary_large_image\" \/>\n<meta name=\"twitter:label1\" content=\"Escrito por\" \/>\n\t<meta name=\"twitter:data1\" content=\"comunicacio\" \/>\n\t<meta name=\"twitter:label2\" content=\"Tiempo de lectura\" \/>\n\t<meta name=\"twitter:data2\" content=\"4 minutos\" \/>\n<script type=\"application\/ld+json\" class=\"yoast-schema-graph\">{\"@context\":\"https:\\\/\\\/schema.org\",\"@graph\":[{\"@type\":\"Article\",\"@id\":\"https:\\\/\\\/mont-roig.cat\\\/es\\\/actualitat\\\/noticies\\\/adif-confirma-la-inversion-para-transformar-el-antiguo-trazado-ferroviario-en-una-via-verde\\\/#article\",\"isPartOf\":{\"@id\":\"https:\\\/\\\/mont-roig.cat\\\/es\\\/actualitat\\\/noticies\\\/adif-confirma-la-inversion-para-transformar-el-antiguo-trazado-ferroviario-en-una-via-verde\\\/\"},\"author\":{\"name\":\"comunicacio\",\"@id\":\"https:\\\/\\\/mont-roig.cat\\\/es\\\/#\\\/schema\\\/person\\\/1f73e7b5e6f9dd122e8a6f14f310ac5e\"},\"headline\":\"Adif confirma la inversi\u00f3n para transformar el antiguo trazado ferroviario en una v\u00eda verde\",\"datePublished\":\"2024-02-01T12:02:22+00:00\",\"dateModified\":\"2024-02-01T12:12:53+00:00\",\"mainEntityOfPage\":{\"@id\":\"https:\\\/\\\/mont-roig.cat\\\/es\\\/actualitat\\\/noticies\\\/adif-confirma-la-inversion-para-transformar-el-antiguo-trazado-ferroviario-en-una-via-verde\\\/\"},\"wordCount\":550,\"image\":{\"@id\":\"https:\\\/\\\/mont-roig.cat\\\/es\\\/actualitat\\\/noticies\\\/adif-confirma-la-inversion-para-transformar-el-antiguo-trazado-ferroviario-en-una-via-verde\\\/#primaryimage\"},\"thumbnailUrl\":\"https:\\\/\\\/mont-roig.cat\\\/wp-content\\\/uploads\\\/via-tren.jpg\",\"articleSection\":[\"Ayuntamiento\"],\"inLanguage\":\"es\"},{\"@type\":\"WebPage\",\"@id\":\"https:\\\/\\\/mont-roig.cat\\\/es\\\/actualitat\\\/noticies\\\/adif-confirma-la-inversion-para-transformar-el-antiguo-trazado-ferroviario-en-una-via-verde\\\/\",\"url\":\"https:\\\/\\\/mont-roig.cat\\\/es\\\/actualitat\\\/noticies\\\/adif-confirma-la-inversion-para-transformar-el-antiguo-trazado-ferroviario-en-una-via-verde\\\/\",\"name\":\"Adif confirma la inversi\u00f3n para transformar el antiguo trazado ferroviario en una v\u00eda verde - Ajuntament de Mont-roig del Camp\",\"isPartOf\":{\"@id\":\"https:\\\/\\\/mont-roig.cat\\\/es\\\/#website\"},\"primaryImageOfPage\":{\"@id\":\"https:\\\/\\\/mont-roig.cat\\\/es\\\/actualitat\\\/noticies\\\/adif-confirma-la-inversion-para-transformar-el-antiguo-trazado-ferroviario-en-una-via-verde\\\/#primaryimage\"},\"image\":{\"@id\":\"https:\\\/\\\/mont-roig.cat\\\/es\\\/actualitat\\\/noticies\\\/adif-confirma-la-inversion-para-transformar-el-antiguo-trazado-ferroviario-en-una-via-verde\\\/#primaryimage\"},\"thumbnailUrl\":\"https:\\\/\\\/mont-roig.cat\\\/wp-content\\\/uploads\\\/via-tren.jpg\",\"datePublished\":\"2024-02-01T12:02:22+00:00\",\"dateModified\":\"2024-02-01T12:12:53+00:00\",\"author\":{\"@id\":\"https:\\\/\\\/mont-roig.cat\\\/es\\\/#\\\/schema\\\/person\\\/1f73e7b5e6f9dd122e8a6f14f310ac5e\"},\"breadcrumb\":{\"@id\":\"https:\\\/\\\/mont-roig.cat\\\/es\\\/actualitat\\\/noticies\\\/adif-confirma-la-inversion-para-transformar-el-antiguo-trazado-ferroviario-en-una-via-verde\\\/#breadcrumb\"},\"inLanguage\":\"es\",\"potentialAction\":[{\"@type\":\"ReadAction\",\"target\":[\"https:\\\/\\\/mont-roig.cat\\\/es\\\/actualitat\\\/noticies\\\/adif-confirma-la-inversion-para-transformar-el-antiguo-trazado-ferroviario-en-una-via-verde\\\/\"]}]},{\"@type\":\"ImageObject\",\"inLanguage\":\"es\",\"@id\":\"https:\\\/\\\/mont-roig.cat\\\/es\\\/actualitat\\\/noticies\\\/adif-confirma-la-inversion-para-transformar-el-antiguo-trazado-ferroviario-en-una-via-verde\\\/#primaryimage\",\"url\":\"https:\\\/\\\/mont-roig.cat\\\/wp-content\\\/uploads\\\/via-tren.jpg\",\"contentUrl\":\"https:\\\/\\\/mont-roig.cat\\\/wp-content\\\/uploads\\\/via-tren.jpg\",\"width\":1600,\"height\":1200},{\"@type\":\"BreadcrumbList\",\"@id\":\"https:\\\/\\\/mont-roig.cat\\\/es\\\/actualitat\\\/noticies\\\/adif-confirma-la-inversion-para-transformar-el-antiguo-trazado-ferroviario-en-una-via-verde\\\/#breadcrumb\",\"itemListElement\":[{\"@type\":\"ListItem\",\"position\":1,\"name\":\"Inici\",\"item\":\"https:\\\/\\\/mont-roig.cat\\\/es\\\/pagina-de-inicio\\\/\"},{\"@type\":\"ListItem\",\"position\":2,\"name\":\"Adif confirma la inversi\u00f3n para transformar el antiguo trazado ferroviario en una v\u00eda verde\"}]},{\"@type\":\"WebSite\",\"@id\":\"https:\\\/\\\/mont-roig.cat\\\/es\\\/#website\",\"url\":\"https:\\\/\\\/mont-roig.cat\\\/es\\\/\",\"name\":\"Ajuntament de Mont-roig del Camp\",\"description\":\"Tota la informaci\u00f3 sobre la instituci\u00f3, els seus \u00f2rgans de govern, actualitat, serveis i molt m\u00e9s.\",\"potentialAction\":[{\"@type\":\"SearchAction\",\"target\":{\"@type\":\"EntryPoint\",\"urlTemplate\":\"https:\\\/\\\/mont-roig.cat\\\/es\\\/?s={search_term_string}\"},\"query-input\":{\"@type\":\"PropertyValueSpecification\",\"valueRequired\":true,\"valueName\":\"search_term_string\"}}],\"inLanguage\":\"es\"},{\"@type\":\"Person\",\"@id\":\"https:\\\/\\\/mont-roig.cat\\\/es\\\/#\\\/schema\\\/person\\\/1f73e7b5e6f9dd122e8a6f14f310ac5e\",\"name\":\"comunicacio\",\"image\":{\"@type\":\"ImageObject\",\"inLanguage\":\"es\",\"@id\":\"https:\\\/\\\/secure.gravatar.com\\\/avatar\\\/98944333e7a877670a64f8d10f0cb680ab2c9ebc4efc43945ef004b52b5ad28c?s=96&d=mm&r=g\",\"url\":\"https:\\\/\\\/secure.gravatar.com\\\/avatar\\\/98944333e7a877670a64f8d10f0cb680ab2c9ebc4efc43945ef004b52b5ad28c?s=96&d=mm&r=g\",\"contentUrl\":\"https:\\\/\\\/secure.gravatar.com\\\/avatar\\\/98944333e7a877670a64f8d10f0cb680ab2c9ebc4efc43945ef004b52b5ad28c?s=96&d=mm&r=g\",\"caption\":\"comunicacio\"},\"url\":\"https:\\\/\\\/mont-roig.cat\\\/es\\\/actualitat\\\/noticies\\\/author\\\/comunicacio\\\/\"}]}<\/script>\n<!-- \/ Yoast SEO plugin. -->","yoast_head_json":{"title":"Adif confirma la inversi\u00f3n para transformar el antiguo trazado ferroviario en una v\u00eda verde - Ajuntament de Mont-roig del Camp","robots":{"index":"index","follow":"follow","max-snippet":"max-snippet:-1","max-image-preview":"max-image-preview:large","max-video-preview":"max-video-preview:-1"},"canonical":"https:\/\/mont-roig.cat\/es\/actualitat\/noticies\/adif-confirma-la-inversion-para-transformar-el-antiguo-trazado-ferroviario-en-una-via-verde\/","og_locale":"es_ES","og_type":"article","og_title":"Adif confirma la inversi\u00f3n para transformar el antiguo trazado ferroviario en una v\u00eda verde - Ajuntament de Mont-roig del Camp","og_description":"La inversi\u00f3n de 5&#8217;8 millones de euros ser\u00e1 en un tramo de 19 kil\u00f3metros que va desde L&#8217;Hospitalet de l&#8217;Infant hasta Cambrils pasando por el t\u00e9rmino municipal de Mont-roig del Camp El proyecto Integrar\u00e1 el trazado en desuso en el entorno urbano y tendr\u00e1 uso compartido para peatones y ciclistas. Adem\u00e1s, se adaptar\u00e1 el \u00e1mbito [&hellip;]","og_url":"https:\/\/mont-roig.cat\/es\/actualitat\/noticies\/adif-confirma-la-inversion-para-transformar-el-antiguo-trazado-ferroviario-en-una-via-verde\/","og_site_name":"Ajuntament de Mont-roig del Camp","article_published_time":"2024-02-01T12:02:22+00:00","article_modified_time":"2024-02-01T12:12:53+00:00","og_image":[{"width":1600,"height":1200,"url":"https:\/\/mont-roig.cat\/wp-content\/uploads\/via-tren.jpg","type":"image\/jpeg"}],"author":"comunicacio","twitter_card":"summary_large_image","twitter_misc":{"Escrito por":"comunicacio","Tiempo de lectura":"4 minutos"},"schema":{"@context":"https:\/\/schema.org","@graph":[{"@type":"Article","@id":"https:\/\/mont-roig.cat\/es\/actualitat\/noticies\/adif-confirma-la-inversion-para-transformar-el-antiguo-trazado-ferroviario-en-una-via-verde\/#article","isPartOf":{"@id":"https:\/\/mont-roig.cat\/es\/actualitat\/noticies\/adif-confirma-la-inversion-para-transformar-el-antiguo-trazado-ferroviario-en-una-via-verde\/"},"author":{"name":"comunicacio","@id":"https:\/\/mont-roig.cat\/es\/#\/schema\/person\/1f73e7b5e6f9dd122e8a6f14f310ac5e"},"headline":"Adif confirma la inversi\u00f3n para transformar el antiguo trazado ferroviario en una v\u00eda verde","datePublished":"2024-02-01T12:02:22+00:00","dateModified":"2024-02-01T12:12:53+00:00","mainEntityOfPage":{"@id":"https:\/\/mont-roig.cat\/es\/actualitat\/noticies\/adif-confirma-la-inversion-para-transformar-el-antiguo-trazado-ferroviario-en-una-via-verde\/"},"wordCount":550,"image":{"@id":"https:\/\/mont-roig.cat\/es\/actualitat\/noticies\/adif-confirma-la-inversion-para-transformar-el-antiguo-trazado-ferroviario-en-una-via-verde\/#primaryimage"},"thumbnailUrl":"https:\/\/mont-roig.cat\/wp-content\/uploads\/via-tren.jpg","articleSection":["Ayuntamiento"],"inLanguage":"es"},{"@type":"WebPage","@id":"https:\/\/mont-roig.cat\/es\/actualitat\/noticies\/adif-confirma-la-inversion-para-transformar-el-antiguo-trazado-ferroviario-en-una-via-verde\/","url":"https:\/\/mont-roig.cat\/es\/actualitat\/noticies\/adif-confirma-la-inversion-para-transformar-el-antiguo-trazado-ferroviario-en-una-via-verde\/","name":"Adif confirma la inversi\u00f3n para transformar el antiguo trazado ferroviario en una v\u00eda verde - Ajuntament de Mont-roig del Camp","isPartOf":{"@id":"https:\/\/mont-roig.cat\/es\/#website"},"primaryImageOfPage":{"@id":"https:\/\/mont-roig.cat\/es\/actualitat\/noticies\/adif-confirma-la-inversion-para-transformar-el-antiguo-trazado-ferroviario-en-una-via-verde\/#primaryimage"},"image":{"@id":"https:\/\/mont-roig.cat\/es\/actualitat\/noticies\/adif-confirma-la-inversion-para-transformar-el-antiguo-trazado-ferroviario-en-una-via-verde\/#primaryimage"},"thumbnailUrl":"https:\/\/mont-roig.cat\/wp-content\/uploads\/via-tren.jpg","datePublished":"2024-02-01T12:02:22+00:00","dateModified":"2024-02-01T12:12:53+00:00","author":{"@id":"https:\/\/mont-roig.cat\/es\/#\/schema\/person\/1f73e7b5e6f9dd122e8a6f14f310ac5e"},"breadcrumb":{"@id":"https:\/\/mont-roig.cat\/es\/actualitat\/noticies\/adif-confirma-la-inversion-para-transformar-el-antiguo-trazado-ferroviario-en-una-via-verde\/#breadcrumb"},"inLanguage":"es","potentialAction":[{"@type":"ReadAction","target":["https:\/\/mont-roig.cat\/es\/actualitat\/noticies\/adif-confirma-la-inversion-para-transformar-el-antiguo-trazado-ferroviario-en-una-via-verde\/"]}]},{"@type":"ImageObject","inLanguage":"es","@id":"https:\/\/mont-roig.cat\/es\/actualitat\/noticies\/adif-confirma-la-inversion-para-transformar-el-antiguo-trazado-ferroviario-en-una-via-verde\/#primaryimage","url":"https:\/\/mont-roig.cat\/wp-content\/uploads\/via-tren.jpg","contentUrl":"https:\/\/mont-roig.cat\/wp-content\/uploads\/via-tren.jpg","width":1600,"height":1200},{"@type":"BreadcrumbList","@id":"https:\/\/mont-roig.cat\/es\/actualitat\/noticies\/adif-confirma-la-inversion-para-transformar-el-antiguo-trazado-ferroviario-en-una-via-verde\/#breadcrumb","itemListElement":[{"@type":"ListItem","position":1,"name":"Inici","item":"https:\/\/mont-roig.cat\/es\/pagina-de-inicio\/"},{"@type":"ListItem","position":2,"name":"Adif confirma la inversi\u00f3n para transformar el antiguo trazado ferroviario en una v\u00eda verde"}]},{"@type":"WebSite","@id":"https:\/\/mont-roig.cat\/es\/#website","url":"https:\/\/mont-roig.cat\/es\/","name":"Ajuntament de Mont-roig del Camp","description":"Tota la informaci\u00f3 sobre la instituci\u00f3, els seus \u00f2rgans de govern, actualitat, serveis i molt m\u00e9s.","potentialAction":[{"@type":"SearchAction","target":{"@type":"EntryPoint","urlTemplate":"https:\/\/mont-roig.cat\/es\/?s={search_term_string}"},"query-input":{"@type":"PropertyValueSpecification","valueRequired":true,"valueName":"search_term_string"}}],"inLanguage":"es"},{"@type":"Person","@id":"https:\/\/mont-roig.cat\/es\/#\/schema\/person\/1f73e7b5e6f9dd122e8a6f14f310ac5e","name":"comunicacio","image":{"@type":"ImageObject","inLanguage":"es","@id":"https:\/\/secure.gravatar.com\/avatar\/98944333e7a877670a64f8d10f0cb680ab2c9ebc4efc43945ef004b52b5ad28c?s=96&d=mm&r=g","url":"https:\/\/secure.gravatar.com\/avatar\/98944333e7a877670a64f8d10f0cb680ab2c9ebc4efc43945ef004b52b5ad28c?s=96&d=mm&r=g","contentUrl":"https:\/\/secure.gravatar.com\/avatar\/98944333e7a877670a64f8d10f0cb680ab2c9ebc4efc43945ef004b52b5ad28c?s=96&d=mm&r=g","caption":"comunicacio"},"url":"https:\/\/mont-roig.cat\/es\/actualitat\/noticies\/author\/comunicacio\/"}]}},"_links":{"self":[{"href":"https:\/\/mont-roig.cat\/es\/wp-json\/wp\/v2\/posts\/74734","targetHints":{"allow":["GET"]}}],"collection":[{"href":"https:\/\/mont-roig.cat\/es\/wp-json\/wp\/v2\/posts"}],"about":[{"href":"https:\/\/mont-roig.cat\/es\/wp-json\/wp\/v2\/types\/post"}],"author":[{"embeddable":true,"href":"https:\/\/mont-roig.cat\/es\/wp-json\/wp\/v2\/users\/13"}],"replies":[{"embeddable":true,"href":"https:\/\/mont-roig.cat\/es\/wp-json\/wp\/v2\/comments?post=74734"}],"version-history":[{"count":3,"href":"https:\/\/mont-roig.cat\/es\/wp-json\/wp\/v2\/posts\/74734\/revisions"}],"predecessor-version":[{"id":74739,"href":"https:\/\/mont-roig.cat\/es\/wp-json\/wp\/v2\/posts\/74734\/revisions\/74739"}],"wp:featuredmedia":[{"embeddable":true,"href":"https:\/\/mont-roig.cat\/es\/wp-json\/wp\/v2\/media\/74729"}],"wp:attachment":[{"href":"https:\/\/mont-roig.cat\/es\/wp-json\/wp\/v2\/media?parent=74734"}],"wp:term":[{"taxonomy":"category","embeddable":true,"href":"https:\/\/mont-roig.cat\/es\/wp-json\/wp\/v2\/categories?post=74734"},{"taxonomy":"post_tag","embeddable":true,"href":"https:\/\/mont-roig.cat\/es\/wp-json\/wp\/v2\/tags?post=74734"}],"curies":[{"name":"wp","href":"https:\/\/api.w.org\/{rel}","templated":true}]}}