{"id":74838,"date":"2024-02-06T12:33:11","date_gmt":"2024-02-06T11:33:11","guid":{"rendered":"https:\/\/mont-roig.cat\/actualitat\/noticies\/comencen-les-obres-del-nou-pavello-esportiu-de-la-roca-de-mont-roig-que-tindran-una-durada-de-9-mesos\/"},"modified":"2024-02-06T12:43:34","modified_gmt":"2024-02-06T11:43:34","slug":"empiezan-las-obras-del-nuevo-pabellon-deportivo-de-la-roca-de-mont-roig-que-tendran-una-duracion-de-9-meses","status":"publish","type":"post","link":"https:\/\/mont-roig.cat\/es\/actualitat\/noticies\/empiezan-las-obras-del-nuevo-pabellon-deportivo-de-la-roca-de-mont-roig-que-tendran-una-duracion-de-9-meses\/","title":{"rendered":"Empiezan las obras del nuevo pabell\u00f3n deportivo de la Roca de Mont-roig, que tendr\u00e1n una duraci\u00f3n de 9 meses"},"content":{"rendered":"<p><strong><strong><a href=\"https:\/\/mont-roig.cat\/wp-content\/uploads\/Pavello-la-roca3.jpg\" target=\"_blank\" rel=\"noopener\"><img loading=\"lazy\" decoding=\"async\" class=\"alignright wp-image-74830\" src=\"https:\/\/mont-roig.cat\/wp-content\/uploads\/Pavello-la-roca3-500x333.jpg\" alt=\"\" width=\"300\" height=\"200\" srcset=\"https:\/\/mont-roig.cat\/wp-content\/uploads\/Pavello-la-roca3-500x333.jpg 500w, https:\/\/mont-roig.cat\/wp-content\/uploads\/Pavello-la-roca3-1024x682.jpg 1024w, https:\/\/mont-roig.cat\/wp-content\/uploads\/Pavello-la-roca3-768x512.jpg 768w, https:\/\/mont-roig.cat\/wp-content\/uploads\/Pavello-la-roca3.jpg 1298w\" sizes=\"auto, (max-width: 300px) 100vw, 300px\" \/><\/a><\/strong><\/strong><\/p>\n<ul>\n<li><strong>Situado junto a la escuela Mare de D\u00e9u de la Roca, este nuevo equipamiento servir\u00e1 para descongestionar las actividades del pabell\u00f3n municipal y tambi\u00e9n para las entidades que lo precisen<\/strong><\/li>\n<\/ul>\n<p>La semana pasada empezaron las obras de construcci\u00f3n del nuevo pabell\u00f3n deportivo de la Roca, situado en la calle Josep Segarra, 35, de Mont-roig. Con la construcci\u00f3n de este pabell\u00f3n se pretende dotar a la poblaci\u00f3n de un equipamiento donde poder realizar actividades de car\u00e1cter deportivo (minibaloncesto, b\u00e1dminton&#8230;), como por la celebraci\u00f3n de eventos diversos (reuniones, comisiones informativas, etc. .).<\/p>\n<p>Este nuevo equipamiento polivalente podr\u00e1 ser utilizado por los diversos clubes deportivos del municipio, por las actividades del \u00c1rea de Deportes, tambi\u00e9n por la Escola Mare de D\u00e9u de la Roca, as\u00ed como para celebrar diversos eventos sean del Ayuntamiento. o de otras entidades. Con este nuevo equipamiento, que dar\u00e1 servicio durante toda la semana, incluidos los festivos, se pretende descongestionar el elevado volumen de actividades que se est\u00e1n llevando a cabo en el polideportivo municipal, evitando as\u00ed las dificultades que se presentan a la hora compatibilizarlas, tanto por razones de horarios como de adecuaci\u00f3n del mismo espacio.<\/p>\n<p><a href=\"https:\/\/mont-roig.cat\/wp-content\/uploads\/pavello-la-Roca.jpg\" target=\"_blank\" rel=\"noopener\"><img loading=\"lazy\" decoding=\"async\" class=\"alignleft wp-image-74834\" src=\"https:\/\/mont-roig.cat\/wp-content\/uploads\/pavello-la-Roca-500x356.jpg\" alt=\"\" width=\"306\" height=\"218\" srcset=\"https:\/\/mont-roig.cat\/wp-content\/uploads\/pavello-la-Roca-500x356.jpg 500w, https:\/\/mont-roig.cat\/wp-content\/uploads\/pavello-la-Roca-768x547.jpg 768w, https:\/\/mont-roig.cat\/wp-content\/uploads\/pavello-la-Roca.jpg 865w\" sizes=\"auto, (max-width: 306px) 100vw, 306px\" \/><\/a>El pabell\u00f3n, dise\u00f1ado por el estudio Integral Archiconsulting, estar\u00e1 dotado de una pista de minibaloncesto, dos pistas de b\u00e1dminton y una pista de mini voleibol. Habr\u00e1 una zona reservada por unas gradas a dos niveles y vestuarios, as\u00ed como un espacio de almac\u00e9n y otros servicios. Las obras incluyen tambi\u00e9n una mejora de la zona de acceso al nuevo equipamiento desde la carretera de Colldejou.<\/p>\n<p>El presupuesto de este proyecto es de 757.303 (iva incluido) y la empresa que lo ejecuta es Construccions Ferr\u00e9. El plazo de ejecuci\u00f3n es de 9 meses y se espera, por tanto, que sea una realidad a finales de a\u00f1o.<\/p>\n","protected":false},"excerpt":{"rendered":"<p>Situado junto a la escuela Mare de D\u00e9u de la Roca, este nuevo equipamiento servir\u00e1 para descongestionar las actividades del pabell\u00f3n municipal y tambi\u00e9n para las entidades que lo precisen La semana pasada empezaron las obras de construcci\u00f3n del nuevo pabell\u00f3n deportivo de la Roca, situado en la calle Josep Segarra, 35, de Mont-roig. Con [&hellip;]<\/p>\n","protected":false},"author":13,"featured_media":74831,"comment_status":"closed","ping_status":"closed","sticky":false,"template":"","format":"standard","meta":{"inline_featured_image":false,"_monsterinsights_skip_tracking":false,"_monsterinsights_sitenote_active":false,"_monsterinsights_sitenote_note":"","_monsterinsights_sitenote_category":0,"footnotes":""},"categories":[98,116],"tags":[],"class_list":["post-74838","post","type-post","status-publish","format-standard","has-post-thumbnail","hentry","category-ayuntamiento","category-urbanismo-y-obras"],"yoast_head":"<!-- This site is optimized with the Yoast SEO plugin v27.4 - https:\/\/yoast.com\/product\/yoast-seo-wordpress\/ -->\n<title>Empiezan las obras del nuevo pabell\u00f3n deportivo de la Roca de Mont-roig, que tendr\u00e1n una duraci\u00f3n de 9 meses - Ajuntament de Mont-roig del Camp<\/title>\n<meta name=\"robots\" content=\"index, follow, max-snippet:-1, max-image-preview:large, max-video-preview:-1\" \/>\n<link rel=\"canonical\" href=\"https:\/\/mont-roig.cat\/es\/actualitat\/noticies\/empiezan-las-obras-del-nuevo-pabellon-deportivo-de-la-roca-de-mont-roig-que-tendran-una-duracion-de-9-meses\/\" \/>\n<meta property=\"og:locale\" content=\"es_ES\" \/>\n<meta property=\"og:type\" content=\"article\" \/>\n<meta property=\"og:title\" content=\"Empiezan las obras del nuevo pabell\u00f3n deportivo de la Roca de Mont-roig, que tendr\u00e1n una duraci\u00f3n de 9 meses - Ajuntament de Mont-roig del Camp\" \/>\n<meta property=\"og:description\" content=\"Situado junto a la escuela Mare de D\u00e9u de la Roca, este nuevo equipamiento servir\u00e1 para descongestionar las actividades del pabell\u00f3n municipal y tambi\u00e9n para las entidades que lo precisen La semana pasada empezaron las obras de construcci\u00f3n del nuevo pabell\u00f3n deportivo de la Roca, situado en la calle Josep Segarra, 35, de Mont-roig. Con [&hellip;]\" \/>\n<meta property=\"og:url\" content=\"https:\/\/mont-roig.cat\/es\/actualitat\/noticies\/empiezan-las-obras-del-nuevo-pabellon-deportivo-de-la-roca-de-mont-roig-que-tendran-una-duracion-de-9-meses\/\" \/>\n<meta property=\"og:site_name\" content=\"Ajuntament de Mont-roig del Camp\" \/>\n<meta property=\"article:published_time\" content=\"2024-02-06T11:33:11+00:00\" \/>\n<meta property=\"article:modified_time\" content=\"2024-02-06T11:43:34+00:00\" \/>\n<meta property=\"og:image\" content=\"https:\/\/mont-roig.cat\/wp-content\/uploads\/Pavello-la-roca3.jpg\" \/>\n\t<meta property=\"og:image:width\" content=\"1298\" \/>\n\t<meta property=\"og:image:height\" content=\"865\" \/>\n\t<meta property=\"og:image:type\" content=\"image\/jpeg\" \/>\n<meta name=\"author\" content=\"comunicacio\" \/>\n<meta name=\"twitter:card\" content=\"summary_large_image\" \/>\n<meta name=\"twitter:label1\" content=\"Escrito por\" \/>\n\t<meta name=\"twitter:data1\" content=\"comunicacio\" \/>\n\t<meta name=\"twitter:label2\" content=\"Tiempo de lectura\" \/>\n\t<meta name=\"twitter:data2\" content=\"2 minutos\" \/>\n<script type=\"application\/ld+json\" class=\"yoast-schema-graph\">{\"@context\":\"https:\\\/\\\/schema.org\",\"@graph\":[{\"@type\":\"Article\",\"@id\":\"https:\\\/\\\/mont-roig.cat\\\/es\\\/actualitat\\\/noticies\\\/empiezan-las-obras-del-nuevo-pabellon-deportivo-de-la-roca-de-mont-roig-que-tendran-una-duracion-de-9-meses\\\/#article\",\"isPartOf\":{\"@id\":\"https:\\\/\\\/mont-roig.cat\\\/es\\\/actualitat\\\/noticies\\\/empiezan-las-obras-del-nuevo-pabellon-deportivo-de-la-roca-de-mont-roig-que-tendran-una-duracion-de-9-meses\\\/\"},\"author\":{\"name\":\"comunicacio\",\"@id\":\"https:\\\/\\\/mont-roig.cat\\\/es\\\/#\\\/schema\\\/person\\\/1f73e7b5e6f9dd122e8a6f14f310ac5e\"},\"headline\":\"Empiezan las obras del nuevo pabell\u00f3n deportivo de la Roca de Mont-roig, que tendr\u00e1n una duraci\u00f3n de 9 meses\",\"datePublished\":\"2024-02-06T11:33:11+00:00\",\"dateModified\":\"2024-02-06T11:43:34+00:00\",\"mainEntityOfPage\":{\"@id\":\"https:\\\/\\\/mont-roig.cat\\\/es\\\/actualitat\\\/noticies\\\/empiezan-las-obras-del-nuevo-pabellon-deportivo-de-la-roca-de-mont-roig-que-tendran-una-duracion-de-9-meses\\\/\"},\"wordCount\":332,\"image\":{\"@id\":\"https:\\\/\\\/mont-roig.cat\\\/es\\\/actualitat\\\/noticies\\\/empiezan-las-obras-del-nuevo-pabellon-deportivo-de-la-roca-de-mont-roig-que-tendran-una-duracion-de-9-meses\\\/#primaryimage\"},\"thumbnailUrl\":\"https:\\\/\\\/mont-roig.cat\\\/wp-content\\\/uploads\\\/Pavello-la-roca3.jpg\",\"articleSection\":[\"Ayuntamiento\",\"Urbanismo y obras\"],\"inLanguage\":\"es\"},{\"@type\":\"WebPage\",\"@id\":\"https:\\\/\\\/mont-roig.cat\\\/es\\\/actualitat\\\/noticies\\\/empiezan-las-obras-del-nuevo-pabellon-deportivo-de-la-roca-de-mont-roig-que-tendran-una-duracion-de-9-meses\\\/\",\"url\":\"https:\\\/\\\/mont-roig.cat\\\/es\\\/actualitat\\\/noticies\\\/empiezan-las-obras-del-nuevo-pabellon-deportivo-de-la-roca-de-mont-roig-que-tendran-una-duracion-de-9-meses\\\/\",\"name\":\"Empiezan las obras del nuevo pabell\u00f3n deportivo de la Roca de Mont-roig, que tendr\u00e1n una duraci\u00f3n de 9 meses - Ajuntament de Mont-roig del Camp\",\"isPartOf\":{\"@id\":\"https:\\\/\\\/mont-roig.cat\\\/es\\\/#website\"},\"primaryImageOfPage\":{\"@id\":\"https:\\\/\\\/mont-roig.cat\\\/es\\\/actualitat\\\/noticies\\\/empiezan-las-obras-del-nuevo-pabellon-deportivo-de-la-roca-de-mont-roig-que-tendran-una-duracion-de-9-meses\\\/#primaryimage\"},\"image\":{\"@id\":\"https:\\\/\\\/mont-roig.cat\\\/es\\\/actualitat\\\/noticies\\\/empiezan-las-obras-del-nuevo-pabellon-deportivo-de-la-roca-de-mont-roig-que-tendran-una-duracion-de-9-meses\\\/#primaryimage\"},\"thumbnailUrl\":\"https:\\\/\\\/mont-roig.cat\\\/wp-content\\\/uploads\\\/Pavello-la-roca3.jpg\",\"datePublished\":\"2024-02-06T11:33:11+00:00\",\"dateModified\":\"2024-02-06T11:43:34+00:00\",\"author\":{\"@id\":\"https:\\\/\\\/mont-roig.cat\\\/es\\\/#\\\/schema\\\/person\\\/1f73e7b5e6f9dd122e8a6f14f310ac5e\"},\"breadcrumb\":{\"@id\":\"https:\\\/\\\/mont-roig.cat\\\/es\\\/actualitat\\\/noticies\\\/empiezan-las-obras-del-nuevo-pabellon-deportivo-de-la-roca-de-mont-roig-que-tendran-una-duracion-de-9-meses\\\/#breadcrumb\"},\"inLanguage\":\"es\",\"potentialAction\":[{\"@type\":\"ReadAction\",\"target\":[\"https:\\\/\\\/mont-roig.cat\\\/es\\\/actualitat\\\/noticies\\\/empiezan-las-obras-del-nuevo-pabellon-deportivo-de-la-roca-de-mont-roig-que-tendran-una-duracion-de-9-meses\\\/\"]}]},{\"@type\":\"ImageObject\",\"inLanguage\":\"es\",\"@id\":\"https:\\\/\\\/mont-roig.cat\\\/es\\\/actualitat\\\/noticies\\\/empiezan-las-obras-del-nuevo-pabellon-deportivo-de-la-roca-de-mont-roig-que-tendran-una-duracion-de-9-meses\\\/#primaryimage\",\"url\":\"https:\\\/\\\/mont-roig.cat\\\/wp-content\\\/uploads\\\/Pavello-la-roca3.jpg\",\"contentUrl\":\"https:\\\/\\\/mont-roig.cat\\\/wp-content\\\/uploads\\\/Pavello-la-roca3.jpg\",\"width\":1298,\"height\":865},{\"@type\":\"BreadcrumbList\",\"@id\":\"https:\\\/\\\/mont-roig.cat\\\/es\\\/actualitat\\\/noticies\\\/empiezan-las-obras-del-nuevo-pabellon-deportivo-de-la-roca-de-mont-roig-que-tendran-una-duracion-de-9-meses\\\/#breadcrumb\",\"itemListElement\":[{\"@type\":\"ListItem\",\"position\":1,\"name\":\"Inici\",\"item\":\"https:\\\/\\\/mont-roig.cat\\\/es\\\/pagina-de-inicio\\\/\"},{\"@type\":\"ListItem\",\"position\":2,\"name\":\"Empiezan las obras del nuevo pabell\u00f3n deportivo de la Roca de Mont-roig, que tendr\u00e1n una duraci\u00f3n de 9 meses\"}]},{\"@type\":\"WebSite\",\"@id\":\"https:\\\/\\\/mont-roig.cat\\\/es\\\/#website\",\"url\":\"https:\\\/\\\/mont-roig.cat\\\/es\\\/\",\"name\":\"Ajuntament de Mont-roig del Camp\",\"description\":\"Tota la informaci\u00f3 sobre la instituci\u00f3, els seus \u00f2rgans de govern, actualitat, serveis i molt m\u00e9s.\",\"potentialAction\":[{\"@type\":\"SearchAction\",\"target\":{\"@type\":\"EntryPoint\",\"urlTemplate\":\"https:\\\/\\\/mont-roig.cat\\\/es\\\/?s={search_term_string}\"},\"query-input\":{\"@type\":\"PropertyValueSpecification\",\"valueRequired\":true,\"valueName\":\"search_term_string\"}}],\"inLanguage\":\"es\"},{\"@type\":\"Person\",\"@id\":\"https:\\\/\\\/mont-roig.cat\\\/es\\\/#\\\/schema\\\/person\\\/1f73e7b5e6f9dd122e8a6f14f310ac5e\",\"name\":\"comunicacio\",\"image\":{\"@type\":\"ImageObject\",\"inLanguage\":\"es\",\"@id\":\"https:\\\/\\\/secure.gravatar.com\\\/avatar\\\/98944333e7a877670a64f8d10f0cb680ab2c9ebc4efc43945ef004b52b5ad28c?s=96&d=mm&r=g\",\"url\":\"https:\\\/\\\/secure.gravatar.com\\\/avatar\\\/98944333e7a877670a64f8d10f0cb680ab2c9ebc4efc43945ef004b52b5ad28c?s=96&d=mm&r=g\",\"contentUrl\":\"https:\\\/\\\/secure.gravatar.com\\\/avatar\\\/98944333e7a877670a64f8d10f0cb680ab2c9ebc4efc43945ef004b52b5ad28c?s=96&d=mm&r=g\",\"caption\":\"comunicacio\"},\"url\":\"https:\\\/\\\/mont-roig.cat\\\/es\\\/actualitat\\\/noticies\\\/author\\\/comunicacio\\\/\"}]}<\/script>\n<!-- \/ Yoast SEO plugin. -->","yoast_head_json":{"title":"Empiezan las obras del nuevo pabell\u00f3n deportivo de la Roca de Mont-roig, que tendr\u00e1n una duraci\u00f3n de 9 meses - Ajuntament de Mont-roig del Camp","robots":{"index":"index","follow":"follow","max-snippet":"max-snippet:-1","max-image-preview":"max-image-preview:large","max-video-preview":"max-video-preview:-1"},"canonical":"https:\/\/mont-roig.cat\/es\/actualitat\/noticies\/empiezan-las-obras-del-nuevo-pabellon-deportivo-de-la-roca-de-mont-roig-que-tendran-una-duracion-de-9-meses\/","og_locale":"es_ES","og_type":"article","og_title":"Empiezan las obras del nuevo pabell\u00f3n deportivo de la Roca de Mont-roig, que tendr\u00e1n una duraci\u00f3n de 9 meses - Ajuntament de Mont-roig del Camp","og_description":"Situado junto a la escuela Mare de D\u00e9u de la Roca, este nuevo equipamiento servir\u00e1 para descongestionar las actividades del pabell\u00f3n municipal y tambi\u00e9n para las entidades que lo precisen La semana pasada empezaron las obras de construcci\u00f3n del nuevo pabell\u00f3n deportivo de la Roca, situado en la calle Josep Segarra, 35, de Mont-roig. Con [&hellip;]","og_url":"https:\/\/mont-roig.cat\/es\/actualitat\/noticies\/empiezan-las-obras-del-nuevo-pabellon-deportivo-de-la-roca-de-mont-roig-que-tendran-una-duracion-de-9-meses\/","og_site_name":"Ajuntament de Mont-roig del Camp","article_published_time":"2024-02-06T11:33:11+00:00","article_modified_time":"2024-02-06T11:43:34+00:00","og_image":[{"width":1298,"height":865,"url":"https:\/\/mont-roig.cat\/wp-content\/uploads\/Pavello-la-roca3.jpg","type":"image\/jpeg"}],"author":"comunicacio","twitter_card":"summary_large_image","twitter_misc":{"Escrito por":"comunicacio","Tiempo de lectura":"2 minutos"},"schema":{"@context":"https:\/\/schema.org","@graph":[{"@type":"Article","@id":"https:\/\/mont-roig.cat\/es\/actualitat\/noticies\/empiezan-las-obras-del-nuevo-pabellon-deportivo-de-la-roca-de-mont-roig-que-tendran-una-duracion-de-9-meses\/#article","isPartOf":{"@id":"https:\/\/mont-roig.cat\/es\/actualitat\/noticies\/empiezan-las-obras-del-nuevo-pabellon-deportivo-de-la-roca-de-mont-roig-que-tendran-una-duracion-de-9-meses\/"},"author":{"name":"comunicacio","@id":"https:\/\/mont-roig.cat\/es\/#\/schema\/person\/1f73e7b5e6f9dd122e8a6f14f310ac5e"},"headline":"Empiezan las obras del nuevo pabell\u00f3n deportivo de la Roca de Mont-roig, que tendr\u00e1n una duraci\u00f3n de 9 meses","datePublished":"2024-02-06T11:33:11+00:00","dateModified":"2024-02-06T11:43:34+00:00","mainEntityOfPage":{"@id":"https:\/\/mont-roig.cat\/es\/actualitat\/noticies\/empiezan-las-obras-del-nuevo-pabellon-deportivo-de-la-roca-de-mont-roig-que-tendran-una-duracion-de-9-meses\/"},"wordCount":332,"image":{"@id":"https:\/\/mont-roig.cat\/es\/actualitat\/noticies\/empiezan-las-obras-del-nuevo-pabellon-deportivo-de-la-roca-de-mont-roig-que-tendran-una-duracion-de-9-meses\/#primaryimage"},"thumbnailUrl":"https:\/\/mont-roig.cat\/wp-content\/uploads\/Pavello-la-roca3.jpg","articleSection":["Ayuntamiento","Urbanismo y obras"],"inLanguage":"es"},{"@type":"WebPage","@id":"https:\/\/mont-roig.cat\/es\/actualitat\/noticies\/empiezan-las-obras-del-nuevo-pabellon-deportivo-de-la-roca-de-mont-roig-que-tendran-una-duracion-de-9-meses\/","url":"https:\/\/mont-roig.cat\/es\/actualitat\/noticies\/empiezan-las-obras-del-nuevo-pabellon-deportivo-de-la-roca-de-mont-roig-que-tendran-una-duracion-de-9-meses\/","name":"Empiezan las obras del nuevo pabell\u00f3n deportivo de la Roca de Mont-roig, que tendr\u00e1n una duraci\u00f3n de 9 meses - Ajuntament de Mont-roig del Camp","isPartOf":{"@id":"https:\/\/mont-roig.cat\/es\/#website"},"primaryImageOfPage":{"@id":"https:\/\/mont-roig.cat\/es\/actualitat\/noticies\/empiezan-las-obras-del-nuevo-pabellon-deportivo-de-la-roca-de-mont-roig-que-tendran-una-duracion-de-9-meses\/#primaryimage"},"image":{"@id":"https:\/\/mont-roig.cat\/es\/actualitat\/noticies\/empiezan-las-obras-del-nuevo-pabellon-deportivo-de-la-roca-de-mont-roig-que-tendran-una-duracion-de-9-meses\/#primaryimage"},"thumbnailUrl":"https:\/\/mont-roig.cat\/wp-content\/uploads\/Pavello-la-roca3.jpg","datePublished":"2024-02-06T11:33:11+00:00","dateModified":"2024-02-06T11:43:34+00:00","author":{"@id":"https:\/\/mont-roig.cat\/es\/#\/schema\/person\/1f73e7b5e6f9dd122e8a6f14f310ac5e"},"breadcrumb":{"@id":"https:\/\/mont-roig.cat\/es\/actualitat\/noticies\/empiezan-las-obras-del-nuevo-pabellon-deportivo-de-la-roca-de-mont-roig-que-tendran-una-duracion-de-9-meses\/#breadcrumb"},"inLanguage":"es","potentialAction":[{"@type":"ReadAction","target":["https:\/\/mont-roig.cat\/es\/actualitat\/noticies\/empiezan-las-obras-del-nuevo-pabellon-deportivo-de-la-roca-de-mont-roig-que-tendran-una-duracion-de-9-meses\/"]}]},{"@type":"ImageObject","inLanguage":"es","@id":"https:\/\/mont-roig.cat\/es\/actualitat\/noticies\/empiezan-las-obras-del-nuevo-pabellon-deportivo-de-la-roca-de-mont-roig-que-tendran-una-duracion-de-9-meses\/#primaryimage","url":"https:\/\/mont-roig.cat\/wp-content\/uploads\/Pavello-la-roca3.jpg","contentUrl":"https:\/\/mont-roig.cat\/wp-content\/uploads\/Pavello-la-roca3.jpg","width":1298,"height":865},{"@type":"BreadcrumbList","@id":"https:\/\/mont-roig.cat\/es\/actualitat\/noticies\/empiezan-las-obras-del-nuevo-pabellon-deportivo-de-la-roca-de-mont-roig-que-tendran-una-duracion-de-9-meses\/#breadcrumb","itemListElement":[{"@type":"ListItem","position":1,"name":"Inici","item":"https:\/\/mont-roig.cat\/es\/pagina-de-inicio\/"},{"@type":"ListItem","position":2,"name":"Empiezan las obras del nuevo pabell\u00f3n deportivo de la Roca de Mont-roig, que tendr\u00e1n una duraci\u00f3n de 9 meses"}]},{"@type":"WebSite","@id":"https:\/\/mont-roig.cat\/es\/#website","url":"https:\/\/mont-roig.cat\/es\/","name":"Ajuntament de Mont-roig del Camp","description":"Tota la informaci\u00f3 sobre la instituci\u00f3, els seus \u00f2rgans de govern, actualitat, serveis i molt m\u00e9s.","potentialAction":[{"@type":"SearchAction","target":{"@type":"EntryPoint","urlTemplate":"https:\/\/mont-roig.cat\/es\/?s={search_term_string}"},"query-input":{"@type":"PropertyValueSpecification","valueRequired":true,"valueName":"search_term_string"}}],"inLanguage":"es"},{"@type":"Person","@id":"https:\/\/mont-roig.cat\/es\/#\/schema\/person\/1f73e7b5e6f9dd122e8a6f14f310ac5e","name":"comunicacio","image":{"@type":"ImageObject","inLanguage":"es","@id":"https:\/\/secure.gravatar.com\/avatar\/98944333e7a877670a64f8d10f0cb680ab2c9ebc4efc43945ef004b52b5ad28c?s=96&d=mm&r=g","url":"https:\/\/secure.gravatar.com\/avatar\/98944333e7a877670a64f8d10f0cb680ab2c9ebc4efc43945ef004b52b5ad28c?s=96&d=mm&r=g","contentUrl":"https:\/\/secure.gravatar.com\/avatar\/98944333e7a877670a64f8d10f0cb680ab2c9ebc4efc43945ef004b52b5ad28c?s=96&d=mm&r=g","caption":"comunicacio"},"url":"https:\/\/mont-roig.cat\/es\/actualitat\/noticies\/author\/comunicacio\/"}]}},"_links":{"self":[{"href":"https:\/\/mont-roig.cat\/es\/wp-json\/wp\/v2\/posts\/74838","targetHints":{"allow":["GET"]}}],"collection":[{"href":"https:\/\/mont-roig.cat\/es\/wp-json\/wp\/v2\/posts"}],"about":[{"href":"https:\/\/mont-roig.cat\/es\/wp-json\/wp\/v2\/types\/post"}],"author":[{"embeddable":true,"href":"https:\/\/mont-roig.cat\/es\/wp-json\/wp\/v2\/users\/13"}],"replies":[{"embeddable":true,"href":"https:\/\/mont-roig.cat\/es\/wp-json\/wp\/v2\/comments?post=74838"}],"version-history":[{"count":2,"href":"https:\/\/mont-roig.cat\/es\/wp-json\/wp\/v2\/posts\/74838\/revisions"}],"predecessor-version":[{"id":74840,"href":"https:\/\/mont-roig.cat\/es\/wp-json\/wp\/v2\/posts\/74838\/revisions\/74840"}],"wp:featuredmedia":[{"embeddable":true,"href":"https:\/\/mont-roig.cat\/es\/wp-json\/wp\/v2\/media\/74831"}],"wp:attachment":[{"href":"https:\/\/mont-roig.cat\/es\/wp-json\/wp\/v2\/media?parent=74838"}],"wp:term":[{"taxonomy":"category","embeddable":true,"href":"https:\/\/mont-roig.cat\/es\/wp-json\/wp\/v2\/categories?post=74838"},{"taxonomy":"post_tag","embeddable":true,"href":"https:\/\/mont-roig.cat\/es\/wp-json\/wp\/v2\/tags?post=74838"}],"curies":[{"name":"wp","href":"https:\/\/api.w.org\/{rel}","templated":true}]}}