{"id":74924,"date":"2024-02-08T11:29:35","date_gmt":"2024-02-08T10:29:35","guid":{"rendered":"https:\/\/mont-roig.cat\/actualitat\/noticies\/bona-acollida-dels-nous-tallers-de-formacio-digital-per-a-comercos\/"},"modified":"2024-02-08T11:54:19","modified_gmt":"2024-02-08T10:54:19","slug":"buena-acogida-de-los-nuevos-talleres-de-formacion-digital-para-comercios","status":"publish","type":"post","link":"https:\/\/mont-roig.cat\/es\/actualitat\/noticies\/buena-acogida-de-los-nuevos-talleres-de-formacion-digital-para-comercios\/","title":{"rendered":"Buena acogida de los nuevos talleres de formaci\u00f3n digital para comercios"},"content":{"rendered":"<div id=\"attachment_74918\" style=\"width: 317px\" class=\"wp-caption alignright\"><a href=\"https:\/\/mont-roig.cat\/wp-content\/uploads\/Curset-eines0.jpg\" target=\"_blank\" rel=\"noopener\"><img loading=\"lazy\" decoding=\"async\" aria-describedby=\"caption-attachment-74918\" class=\"wp-image-74918\" src=\"https:\/\/mont-roig.cat\/wp-content\/uploads\/Curset-eines0-500x375.jpg\" alt=\"\" width=\"307\" height=\"230\" srcset=\"https:\/\/mont-roig.cat\/wp-content\/uploads\/Curset-eines0-500x375.jpg 500w, https:\/\/mont-roig.cat\/wp-content\/uploads\/Curset-eines0-1024x768.jpg 1024w, https:\/\/mont-roig.cat\/wp-content\/uploads\/Curset-eines0-768x576.jpg 768w, https:\/\/mont-roig.cat\/wp-content\/uploads\/Curset-eines0-1536x1152.jpg 1536w, https:\/\/mont-roig.cat\/wp-content\/uploads\/Curset-eines0-463x348.jpg 463w, https:\/\/mont-roig.cat\/wp-content\/uploads\/Curset-eines0.jpg 1600w\" sizes=\"auto, (max-width: 307px) 100vw, 307px\" \/><\/a><p id=\"caption-attachment-74918\" class=\"wp-caption-text\">Uno de los cursos que se est\u00e1n realizando esta semana en Miami Platja.<\/p><\/div>\n<ul>\n<li><strong>Se trata de una iniciativa del Ayuntamiento de Mont-roig del Camp gracias a la financiaci\u00f3n de los Fondos Next Generation y el Pacto de Recuperaci\u00f3n, Transformaci\u00f3n y Resiliencia del gobierno central<\/strong><\/li>\n<\/ul>\n<p>Esta semana se han iniciado los talleres de formaci\u00f3n digital para comercios que ha organizado la concejal\u00eda de Impulso Econ\u00f3mico del Ayuntamiento de Mont-roig del Camp gracias a la financiaci\u00f3n recibida de los Fondos Next Generation de la UE y del Pacto de Recuperaci\u00f3n, Transformaci\u00f3n y Resiliencia del Gobierno central. Se pueden consultar todos los detalles de los cursos <a href=\"https:\/\/mont-roig.cat\/es\/ayuntamiento\/areas\/impulso-economico-y-ocupacion\/formacion\/\" target=\"_blank\" rel=\"noopener\">aqu\u00ed<\/a>.<\/p>\n<p><strong>\u00c9xito de participaci\u00f3n<\/strong><\/p>\n<p>Hasta 55 personas vinculadas al sector comercial del municipio se han apuntado a los talleres, llenando por completo los grupos de la ma\u00f1ana y el mediod\u00eda. Ahora s\u00f3lo quedan 5 plazas disponibles en el grupo de tarde (de 18 a 20h). Para apuntarse a las \u00faltimas plazas disponibles, se puede realizar desde <a href=\"https:\/\/mont-roig.cat\/es\/ayuntamiento\/areas\/impulso-economico-y-ocupacion\/formacion\/\" target=\"_blank\" rel=\"noopener\">aqu\u00ed<\/a>.<\/p>\n<p><img loading=\"lazy\" decoding=\"async\" class=\"alignleft wp-image-74920\" src=\"https:\/\/mont-roig.cat\/wp-content\/uploads\/Curset-eines-375x500.jpg\" alt=\"\" width=\"252\" height=\"336\" srcset=\"https:\/\/mont-roig.cat\/wp-content\/uploads\/Curset-eines-375x500.jpg 375w, https:\/\/mont-roig.cat\/wp-content\/uploads\/Curset-eines-768x1024.jpg 768w, https:\/\/mont-roig.cat\/wp-content\/uploads\/Curset-eines-1152x1536.jpg 1152w, https:\/\/mont-roig.cat\/wp-content\/uploads\/Curset-eines.jpg 1200w\" sizes=\"auto, (max-width: 252px) 100vw, 252px\" \/>Los talleres se imparten con una visi\u00f3n pr\u00e1ctica y personalizada. Cada taller est\u00e1 conducido por dos especialistas en la materia, garantizando as\u00ed que todos los participantes podr\u00e1n exponer y abordar problemas concretos de su d\u00eda a d\u00eda en la promoci\u00f3n y gesti\u00f3n de su negocio. Adem\u00e1s, cada participante dispone de un servicio de asesoramiento posterior a los talleres para asegurar que se han podido aplicar las herramientas y contenidos adquiridos en la formaci\u00f3n.<\/p>\n<p>&nbsp;<\/p>\n<p><a href=\"https:\/\/mont-roig.cat\/wp-content\/uploads\/LOGOS-EU-MONTROIG-1.jpg\" target=\"_blank\" rel=\"noopener\"><img loading=\"lazy\" decoding=\"async\" class=\"alignright wp-image-74928\" src=\"https:\/\/mont-roig.cat\/wp-content\/uploads\/LOGOS-EU-MONTROIG-1-500x61.jpg\" alt=\"\" width=\"303\" height=\"37\" srcset=\"https:\/\/mont-roig.cat\/wp-content\/uploads\/LOGOS-EU-MONTROIG-1-500x61.jpg 500w, https:\/\/mont-roig.cat\/wp-content\/uploads\/LOGOS-EU-MONTROIG-1-1024x125.jpg 1024w, https:\/\/mont-roig.cat\/wp-content\/uploads\/LOGOS-EU-MONTROIG-1-768x94.jpg 768w, https:\/\/mont-roig.cat\/wp-content\/uploads\/LOGOS-EU-MONTROIG-1-1536x188.jpg 1536w, https:\/\/mont-roig.cat\/wp-content\/uploads\/LOGOS-EU-MONTROIG-1.jpg 1670w\" sizes=\"auto, (max-width: 303px) 100vw, 303px\" \/><\/a><\/p>\n","protected":false},"excerpt":{"rendered":"<p>Se trata de una iniciativa del Ayuntamiento de Mont-roig del Camp gracias a la financiaci\u00f3n de los Fondos Next Generation y el Pacto de Recuperaci\u00f3n, Transformaci\u00f3n y Resiliencia del gobierno central Esta semana se han iniciado los talleres de formaci\u00f3n digital para comercios que ha organizado la concejal\u00eda de Impulso Econ\u00f3mico del Ayuntamiento de Mont-roig [&hellip;]<\/p>\n","protected":false},"author":13,"featured_media":74919,"comment_status":"closed","ping_status":"closed","sticky":false,"template":"","format":"standard","meta":{"inline_featured_image":false,"_monsterinsights_skip_tracking":false,"_monsterinsights_sitenote_active":false,"_monsterinsights_sitenote_note":"","_monsterinsights_sitenote_category":0,"footnotes":""},"categories":[98,169],"tags":[],"class_list":["post-74924","post","type-post","status-publish","format-standard","has-post-thumbnail","hentry","category-ayuntamiento","category-impuls-economic-i-ocupacio-es"],"yoast_head":"<!-- This site is optimized with the Yoast SEO plugin v27.4 - https:\/\/yoast.com\/product\/yoast-seo-wordpress\/ -->\n<title>Buena acogida de los nuevos talleres de formaci\u00f3n digital para comercios - Ajuntament de Mont-roig del Camp<\/title>\n<meta name=\"robots\" content=\"index, follow, max-snippet:-1, max-image-preview:large, max-video-preview:-1\" \/>\n<link rel=\"canonical\" href=\"https:\/\/mont-roig.cat\/es\/actualitat\/noticies\/buena-acogida-de-los-nuevos-talleres-de-formacion-digital-para-comercios\/\" \/>\n<meta property=\"og:locale\" content=\"es_ES\" \/>\n<meta property=\"og:type\" content=\"article\" \/>\n<meta property=\"og:title\" content=\"Buena acogida de los nuevos talleres de formaci\u00f3n digital para comercios - Ajuntament de Mont-roig del Camp\" \/>\n<meta property=\"og:description\" content=\"Se trata de una iniciativa del Ayuntamiento de Mont-roig del Camp gracias a la financiaci\u00f3n de los Fondos Next Generation y el Pacto de Recuperaci\u00f3n, Transformaci\u00f3n y Resiliencia del gobierno central Esta semana se han iniciado los talleres de formaci\u00f3n digital para comercios que ha organizado la concejal\u00eda de Impulso Econ\u00f3mico del Ayuntamiento de Mont-roig [&hellip;]\" \/>\n<meta property=\"og:url\" content=\"https:\/\/mont-roig.cat\/es\/actualitat\/noticies\/buena-acogida-de-los-nuevos-talleres-de-formacion-digital-para-comercios\/\" \/>\n<meta property=\"og:site_name\" content=\"Ajuntament de Mont-roig del Camp\" \/>\n<meta property=\"article:published_time\" content=\"2024-02-08T10:29:35+00:00\" \/>\n<meta property=\"article:modified_time\" content=\"2024-02-08T10:54:19+00:00\" \/>\n<meta property=\"og:image\" content=\"https:\/\/mont-roig.cat\/wp-content\/uploads\/Curset-eines0.jpg\" \/>\n\t<meta property=\"og:image:width\" content=\"1600\" \/>\n\t<meta property=\"og:image:height\" content=\"1200\" \/>\n\t<meta property=\"og:image:type\" content=\"image\/jpeg\" \/>\n<meta name=\"author\" content=\"comunicacio\" \/>\n<meta name=\"twitter:card\" content=\"summary_large_image\" \/>\n<meta name=\"twitter:label1\" content=\"Escrito por\" \/>\n\t<meta name=\"twitter:data1\" content=\"comunicacio\" \/>\n\t<meta name=\"twitter:label2\" content=\"Tiempo de lectura\" \/>\n\t<meta name=\"twitter:data2\" content=\"3 minutos\" \/>\n<script type=\"application\/ld+json\" class=\"yoast-schema-graph\">{\"@context\":\"https:\\\/\\\/schema.org\",\"@graph\":[{\"@type\":\"Article\",\"@id\":\"https:\\\/\\\/mont-roig.cat\\\/es\\\/actualitat\\\/noticies\\\/buena-acogida-de-los-nuevos-talleres-de-formacion-digital-para-comercios\\\/#article\",\"isPartOf\":{\"@id\":\"https:\\\/\\\/mont-roig.cat\\\/es\\\/actualitat\\\/noticies\\\/buena-acogida-de-los-nuevos-talleres-de-formacion-digital-para-comercios\\\/\"},\"author\":{\"name\":\"comunicacio\",\"@id\":\"https:\\\/\\\/mont-roig.cat\\\/es\\\/#\\\/schema\\\/person\\\/1f73e7b5e6f9dd122e8a6f14f310ac5e\"},\"headline\":\"Buena acogida de los nuevos talleres de formaci\u00f3n digital para comercios\",\"datePublished\":\"2024-02-08T10:29:35+00:00\",\"dateModified\":\"2024-02-08T10:54:19+00:00\",\"mainEntityOfPage\":{\"@id\":\"https:\\\/\\\/mont-roig.cat\\\/es\\\/actualitat\\\/noticies\\\/buena-acogida-de-los-nuevos-talleres-de-formacion-digital-para-comercios\\\/\"},\"wordCount\":273,\"image\":{\"@id\":\"https:\\\/\\\/mont-roig.cat\\\/es\\\/actualitat\\\/noticies\\\/buena-acogida-de-los-nuevos-talleres-de-formacion-digital-para-comercios\\\/#primaryimage\"},\"thumbnailUrl\":\"https:\\\/\\\/mont-roig.cat\\\/wp-content\\\/uploads\\\/Curset-eines0.jpg\",\"articleSection\":[\"Ayuntamiento\",\"Impuls Econ\u00f2mic i Ocupaci\u00f3\"],\"inLanguage\":\"es\"},{\"@type\":\"WebPage\",\"@id\":\"https:\\\/\\\/mont-roig.cat\\\/es\\\/actualitat\\\/noticies\\\/buena-acogida-de-los-nuevos-talleres-de-formacion-digital-para-comercios\\\/\",\"url\":\"https:\\\/\\\/mont-roig.cat\\\/es\\\/actualitat\\\/noticies\\\/buena-acogida-de-los-nuevos-talleres-de-formacion-digital-para-comercios\\\/\",\"name\":\"Buena acogida de los nuevos talleres de formaci\u00f3n digital para comercios - Ajuntament de Mont-roig del Camp\",\"isPartOf\":{\"@id\":\"https:\\\/\\\/mont-roig.cat\\\/es\\\/#website\"},\"primaryImageOfPage\":{\"@id\":\"https:\\\/\\\/mont-roig.cat\\\/es\\\/actualitat\\\/noticies\\\/buena-acogida-de-los-nuevos-talleres-de-formacion-digital-para-comercios\\\/#primaryimage\"},\"image\":{\"@id\":\"https:\\\/\\\/mont-roig.cat\\\/es\\\/actualitat\\\/noticies\\\/buena-acogida-de-los-nuevos-talleres-de-formacion-digital-para-comercios\\\/#primaryimage\"},\"thumbnailUrl\":\"https:\\\/\\\/mont-roig.cat\\\/wp-content\\\/uploads\\\/Curset-eines0.jpg\",\"datePublished\":\"2024-02-08T10:29:35+00:00\",\"dateModified\":\"2024-02-08T10:54:19+00:00\",\"author\":{\"@id\":\"https:\\\/\\\/mont-roig.cat\\\/es\\\/#\\\/schema\\\/person\\\/1f73e7b5e6f9dd122e8a6f14f310ac5e\"},\"breadcrumb\":{\"@id\":\"https:\\\/\\\/mont-roig.cat\\\/es\\\/actualitat\\\/noticies\\\/buena-acogida-de-los-nuevos-talleres-de-formacion-digital-para-comercios\\\/#breadcrumb\"},\"inLanguage\":\"es\",\"potentialAction\":[{\"@type\":\"ReadAction\",\"target\":[\"https:\\\/\\\/mont-roig.cat\\\/es\\\/actualitat\\\/noticies\\\/buena-acogida-de-los-nuevos-talleres-de-formacion-digital-para-comercios\\\/\"]}]},{\"@type\":\"ImageObject\",\"inLanguage\":\"es\",\"@id\":\"https:\\\/\\\/mont-roig.cat\\\/es\\\/actualitat\\\/noticies\\\/buena-acogida-de-los-nuevos-talleres-de-formacion-digital-para-comercios\\\/#primaryimage\",\"url\":\"https:\\\/\\\/mont-roig.cat\\\/wp-content\\\/uploads\\\/Curset-eines0.jpg\",\"contentUrl\":\"https:\\\/\\\/mont-roig.cat\\\/wp-content\\\/uploads\\\/Curset-eines0.jpg\",\"width\":1600,\"height\":1200},{\"@type\":\"BreadcrumbList\",\"@id\":\"https:\\\/\\\/mont-roig.cat\\\/es\\\/actualitat\\\/noticies\\\/buena-acogida-de-los-nuevos-talleres-de-formacion-digital-para-comercios\\\/#breadcrumb\",\"itemListElement\":[{\"@type\":\"ListItem\",\"position\":1,\"name\":\"Inici\",\"item\":\"https:\\\/\\\/mont-roig.cat\\\/es\\\/pagina-de-inicio\\\/\"},{\"@type\":\"ListItem\",\"position\":2,\"name\":\"Buena acogida de los nuevos talleres de formaci\u00f3n digital para comercios\"}]},{\"@type\":\"WebSite\",\"@id\":\"https:\\\/\\\/mont-roig.cat\\\/es\\\/#website\",\"url\":\"https:\\\/\\\/mont-roig.cat\\\/es\\\/\",\"name\":\"Ajuntament de Mont-roig del Camp\",\"description\":\"Tota la informaci\u00f3 sobre la instituci\u00f3, els seus \u00f2rgans de govern, actualitat, serveis i molt m\u00e9s.\",\"potentialAction\":[{\"@type\":\"SearchAction\",\"target\":{\"@type\":\"EntryPoint\",\"urlTemplate\":\"https:\\\/\\\/mont-roig.cat\\\/es\\\/?s={search_term_string}\"},\"query-input\":{\"@type\":\"PropertyValueSpecification\",\"valueRequired\":true,\"valueName\":\"search_term_string\"}}],\"inLanguage\":\"es\"},{\"@type\":\"Person\",\"@id\":\"https:\\\/\\\/mont-roig.cat\\\/es\\\/#\\\/schema\\\/person\\\/1f73e7b5e6f9dd122e8a6f14f310ac5e\",\"name\":\"comunicacio\",\"image\":{\"@type\":\"ImageObject\",\"inLanguage\":\"es\",\"@id\":\"https:\\\/\\\/secure.gravatar.com\\\/avatar\\\/98944333e7a877670a64f8d10f0cb680ab2c9ebc4efc43945ef004b52b5ad28c?s=96&d=mm&r=g\",\"url\":\"https:\\\/\\\/secure.gravatar.com\\\/avatar\\\/98944333e7a877670a64f8d10f0cb680ab2c9ebc4efc43945ef004b52b5ad28c?s=96&d=mm&r=g\",\"contentUrl\":\"https:\\\/\\\/secure.gravatar.com\\\/avatar\\\/98944333e7a877670a64f8d10f0cb680ab2c9ebc4efc43945ef004b52b5ad28c?s=96&d=mm&r=g\",\"caption\":\"comunicacio\"},\"url\":\"https:\\\/\\\/mont-roig.cat\\\/es\\\/actualitat\\\/noticies\\\/author\\\/comunicacio\\\/\"}]}<\/script>\n<!-- \/ Yoast SEO plugin. -->","yoast_head_json":{"title":"Buena acogida de los nuevos talleres de formaci\u00f3n digital para comercios - Ajuntament de Mont-roig del Camp","robots":{"index":"index","follow":"follow","max-snippet":"max-snippet:-1","max-image-preview":"max-image-preview:large","max-video-preview":"max-video-preview:-1"},"canonical":"https:\/\/mont-roig.cat\/es\/actualitat\/noticies\/buena-acogida-de-los-nuevos-talleres-de-formacion-digital-para-comercios\/","og_locale":"es_ES","og_type":"article","og_title":"Buena acogida de los nuevos talleres de formaci\u00f3n digital para comercios - Ajuntament de Mont-roig del Camp","og_description":"Se trata de una iniciativa del Ayuntamiento de Mont-roig del Camp gracias a la financiaci\u00f3n de los Fondos Next Generation y el Pacto de Recuperaci\u00f3n, Transformaci\u00f3n y Resiliencia del gobierno central Esta semana se han iniciado los talleres de formaci\u00f3n digital para comercios que ha organizado la concejal\u00eda de Impulso Econ\u00f3mico del Ayuntamiento de Mont-roig [&hellip;]","og_url":"https:\/\/mont-roig.cat\/es\/actualitat\/noticies\/buena-acogida-de-los-nuevos-talleres-de-formacion-digital-para-comercios\/","og_site_name":"Ajuntament de Mont-roig del Camp","article_published_time":"2024-02-08T10:29:35+00:00","article_modified_time":"2024-02-08T10:54:19+00:00","og_image":[{"width":1600,"height":1200,"url":"https:\/\/mont-roig.cat\/wp-content\/uploads\/Curset-eines0.jpg","type":"image\/jpeg"}],"author":"comunicacio","twitter_card":"summary_large_image","twitter_misc":{"Escrito por":"comunicacio","Tiempo de lectura":"3 minutos"},"schema":{"@context":"https:\/\/schema.org","@graph":[{"@type":"Article","@id":"https:\/\/mont-roig.cat\/es\/actualitat\/noticies\/buena-acogida-de-los-nuevos-talleres-de-formacion-digital-para-comercios\/#article","isPartOf":{"@id":"https:\/\/mont-roig.cat\/es\/actualitat\/noticies\/buena-acogida-de-los-nuevos-talleres-de-formacion-digital-para-comercios\/"},"author":{"name":"comunicacio","@id":"https:\/\/mont-roig.cat\/es\/#\/schema\/person\/1f73e7b5e6f9dd122e8a6f14f310ac5e"},"headline":"Buena acogida de los nuevos talleres de formaci\u00f3n digital para comercios","datePublished":"2024-02-08T10:29:35+00:00","dateModified":"2024-02-08T10:54:19+00:00","mainEntityOfPage":{"@id":"https:\/\/mont-roig.cat\/es\/actualitat\/noticies\/buena-acogida-de-los-nuevos-talleres-de-formacion-digital-para-comercios\/"},"wordCount":273,"image":{"@id":"https:\/\/mont-roig.cat\/es\/actualitat\/noticies\/buena-acogida-de-los-nuevos-talleres-de-formacion-digital-para-comercios\/#primaryimage"},"thumbnailUrl":"https:\/\/mont-roig.cat\/wp-content\/uploads\/Curset-eines0.jpg","articleSection":["Ayuntamiento","Impuls Econ\u00f2mic i Ocupaci\u00f3"],"inLanguage":"es"},{"@type":"WebPage","@id":"https:\/\/mont-roig.cat\/es\/actualitat\/noticies\/buena-acogida-de-los-nuevos-talleres-de-formacion-digital-para-comercios\/","url":"https:\/\/mont-roig.cat\/es\/actualitat\/noticies\/buena-acogida-de-los-nuevos-talleres-de-formacion-digital-para-comercios\/","name":"Buena acogida de los nuevos talleres de formaci\u00f3n digital para comercios - Ajuntament de Mont-roig del Camp","isPartOf":{"@id":"https:\/\/mont-roig.cat\/es\/#website"},"primaryImageOfPage":{"@id":"https:\/\/mont-roig.cat\/es\/actualitat\/noticies\/buena-acogida-de-los-nuevos-talleres-de-formacion-digital-para-comercios\/#primaryimage"},"image":{"@id":"https:\/\/mont-roig.cat\/es\/actualitat\/noticies\/buena-acogida-de-los-nuevos-talleres-de-formacion-digital-para-comercios\/#primaryimage"},"thumbnailUrl":"https:\/\/mont-roig.cat\/wp-content\/uploads\/Curset-eines0.jpg","datePublished":"2024-02-08T10:29:35+00:00","dateModified":"2024-02-08T10:54:19+00:00","author":{"@id":"https:\/\/mont-roig.cat\/es\/#\/schema\/person\/1f73e7b5e6f9dd122e8a6f14f310ac5e"},"breadcrumb":{"@id":"https:\/\/mont-roig.cat\/es\/actualitat\/noticies\/buena-acogida-de-los-nuevos-talleres-de-formacion-digital-para-comercios\/#breadcrumb"},"inLanguage":"es","potentialAction":[{"@type":"ReadAction","target":["https:\/\/mont-roig.cat\/es\/actualitat\/noticies\/buena-acogida-de-los-nuevos-talleres-de-formacion-digital-para-comercios\/"]}]},{"@type":"ImageObject","inLanguage":"es","@id":"https:\/\/mont-roig.cat\/es\/actualitat\/noticies\/buena-acogida-de-los-nuevos-talleres-de-formacion-digital-para-comercios\/#primaryimage","url":"https:\/\/mont-roig.cat\/wp-content\/uploads\/Curset-eines0.jpg","contentUrl":"https:\/\/mont-roig.cat\/wp-content\/uploads\/Curset-eines0.jpg","width":1600,"height":1200},{"@type":"BreadcrumbList","@id":"https:\/\/mont-roig.cat\/es\/actualitat\/noticies\/buena-acogida-de-los-nuevos-talleres-de-formacion-digital-para-comercios\/#breadcrumb","itemListElement":[{"@type":"ListItem","position":1,"name":"Inici","item":"https:\/\/mont-roig.cat\/es\/pagina-de-inicio\/"},{"@type":"ListItem","position":2,"name":"Buena acogida de los nuevos talleres de formaci\u00f3n digital para comercios"}]},{"@type":"WebSite","@id":"https:\/\/mont-roig.cat\/es\/#website","url":"https:\/\/mont-roig.cat\/es\/","name":"Ajuntament de Mont-roig del Camp","description":"Tota la informaci\u00f3 sobre la instituci\u00f3, els seus \u00f2rgans de govern, actualitat, serveis i molt m\u00e9s.","potentialAction":[{"@type":"SearchAction","target":{"@type":"EntryPoint","urlTemplate":"https:\/\/mont-roig.cat\/es\/?s={search_term_string}"},"query-input":{"@type":"PropertyValueSpecification","valueRequired":true,"valueName":"search_term_string"}}],"inLanguage":"es"},{"@type":"Person","@id":"https:\/\/mont-roig.cat\/es\/#\/schema\/person\/1f73e7b5e6f9dd122e8a6f14f310ac5e","name":"comunicacio","image":{"@type":"ImageObject","inLanguage":"es","@id":"https:\/\/secure.gravatar.com\/avatar\/98944333e7a877670a64f8d10f0cb680ab2c9ebc4efc43945ef004b52b5ad28c?s=96&d=mm&r=g","url":"https:\/\/secure.gravatar.com\/avatar\/98944333e7a877670a64f8d10f0cb680ab2c9ebc4efc43945ef004b52b5ad28c?s=96&d=mm&r=g","contentUrl":"https:\/\/secure.gravatar.com\/avatar\/98944333e7a877670a64f8d10f0cb680ab2c9ebc4efc43945ef004b52b5ad28c?s=96&d=mm&r=g","caption":"comunicacio"},"url":"https:\/\/mont-roig.cat\/es\/actualitat\/noticies\/author\/comunicacio\/"}]}},"_links":{"self":[{"href":"https:\/\/mont-roig.cat\/es\/wp-json\/wp\/v2\/posts\/74924","targetHints":{"allow":["GET"]}}],"collection":[{"href":"https:\/\/mont-roig.cat\/es\/wp-json\/wp\/v2\/posts"}],"about":[{"href":"https:\/\/mont-roig.cat\/es\/wp-json\/wp\/v2\/types\/post"}],"author":[{"embeddable":true,"href":"https:\/\/mont-roig.cat\/es\/wp-json\/wp\/v2\/users\/13"}],"replies":[{"embeddable":true,"href":"https:\/\/mont-roig.cat\/es\/wp-json\/wp\/v2\/comments?post=74924"}],"version-history":[{"count":3,"href":"https:\/\/mont-roig.cat\/es\/wp-json\/wp\/v2\/posts\/74924\/revisions"}],"predecessor-version":[{"id":74931,"href":"https:\/\/mont-roig.cat\/es\/wp-json\/wp\/v2\/posts\/74924\/revisions\/74931"}],"wp:featuredmedia":[{"embeddable":true,"href":"https:\/\/mont-roig.cat\/es\/wp-json\/wp\/v2\/media\/74919"}],"wp:attachment":[{"href":"https:\/\/mont-roig.cat\/es\/wp-json\/wp\/v2\/media?parent=74924"}],"wp:term":[{"taxonomy":"category","embeddable":true,"href":"https:\/\/mont-roig.cat\/es\/wp-json\/wp\/v2\/categories?post=74924"},{"taxonomy":"post_tag","embeddable":true,"href":"https:\/\/mont-roig.cat\/es\/wp-json\/wp\/v2\/tags?post=74924"}],"curies":[{"name":"wp","href":"https:\/\/api.w.org\/{rel}","templated":true}]}}