{"id":75226,"date":"2024-02-27T14:32:07","date_gmt":"2024-02-27T13:32:07","guid":{"rendered":"https:\/\/mont-roig.cat\/?p=75226"},"modified":"2024-02-27T14:32:07","modified_gmt":"2024-02-27T13:32:07","slug":"mont-roig-y-miami-platja-conmemoran-el-8m-con-un-programa-de-actividades-y-la-lectura-del-manifiesto-institucional","status":"publish","type":"post","link":"https:\/\/mont-roig.cat\/es\/actualitat\/noticies\/mont-roig-y-miami-platja-conmemoran-el-8m-con-un-programa-de-actividades-y-la-lectura-del-manifiesto-institucional\/","title":{"rendered":"Mont-roig y Miami Platja conmemoran el 8M con un programa de actividades y la lectura del manifiesto institucional"},"content":{"rendered":"<p><a href=\"https:\/\/mont-roig.cat\/wp-content\/uploads\/MMC_8M24_web.png\"><img loading=\"lazy\" decoding=\"async\" class=\"alignright wp-image-75221\" src=\"https:\/\/mont-roig.cat\/wp-content\/uploads\/MMC_8M24_web-353x500.png\" alt=\"\" width=\"250\" height=\"354\" srcset=\"https:\/\/mont-roig.cat\/wp-content\/uploads\/MMC_8M24_web-353x500.png 353w, https:\/\/mont-roig.cat\/wp-content\/uploads\/MMC_8M24_web-724x1024.png 724w, https:\/\/mont-roig.cat\/wp-content\/uploads\/MMC_8M24_web-768x1086.png 768w, https:\/\/mont-roig.cat\/wp-content\/uploads\/MMC_8M24_web-1086x1536.png 1086w, https:\/\/mont-roig.cat\/wp-content\/uploads\/MMC_8M24_web-1448x2048.png 1448w, https:\/\/mont-roig.cat\/wp-content\/uploads\/MMC_8M24_web.png 1754w\" sizes=\"auto, (max-width: 250px) 100vw, 250px\" \/><\/a><\/p>\n<ul>\n<li><strong>Bajo el lema <em>Hacia adelante, hacia la igualdad<\/em> el Ayuntamiento de Mont-roig del Camp, promueve la celebraci\u00f3n del 8M, D\u00eda Internacional de las Mujeres, con una docena de actividades que se alargar\u00e1n durante todo el mes de marzo<\/strong><\/li>\n<\/ul>\n<p>El Departamento de Igualdad y de las Mujeres impulsa la conmemoraci\u00f3n del 8M de forma transversal, contando con los dem\u00e1s departamentos y entidades municipales. El objetivo es avanzar hacia una sociedad sin desigualdades de g\u00e9nero, en igualdad de oportunidades entre hombres y mujeres y, sobre todo, libre de violencias sexistas.<\/p>\n<ul>\n<li><strong><a href=\"https:\/\/mont-roig.cat\/wp-content\/uploads\/Programa-8M-Mont-roig-Miami-Platja-2024.pdf\" target=\"_blank\" rel=\"noopener\">Programa 8M Mont-roig Miami Platja 2024<\/a><\/strong><\/li>\n<\/ul>\n<p>Entre las actividades programadas se encuentra la propuesta de cuentos por la igualdad que organizan las bibliotecas municipales. La tarea pedag\u00f3gica con perspectiva de g\u00e9nero contin\u00faa con la representaci\u00f3n del espect\u00e1culo, <em>Ei que estimar no duele<\/em> para el alumnado de primero de primaria de las tres escuelas del municipio, que visitar\u00e1n el Teatro del Centro Polivalente de Miami Platja, el d\u00eda 7 de marzo.<\/p>\n<p>Tambi\u00e9n en colaboraci\u00f3n con el Instituto Antoni Ballester y con el Instituto de Miami y con el objetivo de romper con los estereotipos de g\u00e9nero en el mundo laboral se ha promovido la realizaci\u00f3n de una mesa redonda de mujeres empoderadas. As\u00ed, el alumnado de 4\u00ba de ESO de los institutos podr\u00e1 escuchar la experiencia de mujeres ingenieras agr\u00f3nomas, abogadas y empresarias, entre otras.<\/p>\n<p>El d\u00eda 8 de marzo tendr\u00e1 lugar la lectura del manifiesto institucional, a las 9.30h delante del Ayuntamiento de Mont-roig, ya las 10.30h delante de las Oficinas municipales de Miami Platja. El encuentro de mujeres empresarias y emprendedoras tambi\u00e9n se celebrar\u00e1 el mismo d\u00eda 8 con un almuerzo y un encuentro networking.<\/p>\n<p>Las entidades que se suman al programa conmemorativo son la Uni\u00f3 de Dones de Mont-roig que realizar\u00e1 diversas actividades como una charla, una sesi\u00f3n de yoga y un taller de saco de semillas t\u00e9rmico, y la Asociaci\u00f3n Deixa&#8217;t abra\u00e7ar de suport al Dol que propone dos talleres de biodanza, los d\u00edas 8 y 16 de marzo, en la Casa de Cultura y en el Centro Polivalente, respectivamente.<\/p>\n<p>El programa se completa con un espect\u00e1culo c\u00f3mico titulado <em>Micro macho<\/em> que tendr\u00e1 lugar el d\u00eda 19 de marzo a las 20.00h en el teatro del Centro Polivalente, coincidiendo con la Fiesta Mayor de Sant Josep de Miami Platja. <em>Micro macho<\/em> es una obra dirigida por Bernat L\u00f3pez, de la Compa\u00f1\u00eda Kamaleonik, que nos expone de forma divertida pero sin tapujos las dificultades a las que se ven sometidas las mujeres en nuestra sociedad.<\/p>\n<p><strong>Formaci\u00f3n en perspectiva de g\u00e9nero y LGTBIQ+ para el personal de la administraci\u00f3n<\/strong><\/p>\n<p>Paralelamente, a la programaci\u00f3n de actividades para conmemorar el 8M, se est\u00e1 llevando a cabo la preparaci\u00f3n de una formaci\u00f3n en perspectiva de g\u00e9nero para el personal municipal, en cumplimiento de los objetivos institucionales para promover la igualdad de oportunidades entre mujeres y hombres, a trav\u00e9s de acciones de sensibilizaci\u00f3n y formaci\u00f3n en igualdad para los trabajadores y trabajadoras del Ayuntamiento, Nostraigua y Nostreserveis.<\/p>\n","protected":false},"excerpt":{"rendered":"<p>Bajo el lema Hacia adelante, hacia la igualdad el Ayuntamiento de Mont-roig del Camp, promueve la celebraci\u00f3n del 8M, D\u00eda Internacional de las Mujeres, con una docena de actividades que se alargar\u00e1n durante todo el mes de marzo El Departamento de Igualdad y de las Mujeres impulsa la conmemoraci\u00f3n del 8M de forma transversal, contando [&hellip;]<\/p>\n","protected":false},"author":13,"featured_media":75224,"comment_status":"closed","ping_status":"closed","sticky":false,"template":"","format":"standard","meta":{"inline_featured_image":false,"_monsterinsights_skip_tracking":false,"_monsterinsights_sitenote_active":false,"_monsterinsights_sitenote_note":"","_monsterinsights_sitenote_category":0,"footnotes":""},"categories":[174],"tags":[],"class_list":["post-75226","post","type-post","status-publish","format-standard","has-post-thumbnail","hentry","category-politiques-digualtat-i-de-les-dones-es"],"yoast_head":"<!-- This site is optimized with the Yoast SEO plugin v27.4 - https:\/\/yoast.com\/product\/yoast-seo-wordpress\/ -->\n<title>Mont-roig y Miami Platja conmemoran el 8M con un programa de actividades y la lectura del manifiesto institucional - Ajuntament de Mont-roig del Camp<\/title>\n<meta name=\"robots\" content=\"index, follow, max-snippet:-1, max-image-preview:large, max-video-preview:-1\" \/>\n<link rel=\"canonical\" href=\"https:\/\/mont-roig.cat\/es\/actualitat\/noticies\/mont-roig-y-miami-platja-conmemoran-el-8m-con-un-programa-de-actividades-y-la-lectura-del-manifiesto-institucional\/\" \/>\n<meta property=\"og:locale\" content=\"es_ES\" \/>\n<meta property=\"og:type\" content=\"article\" \/>\n<meta property=\"og:title\" content=\"Mont-roig y Miami Platja conmemoran el 8M con un programa de actividades y la lectura del manifiesto institucional - Ajuntament de Mont-roig del Camp\" \/>\n<meta property=\"og:description\" content=\"Bajo el lema Hacia adelante, hacia la igualdad el Ayuntamiento de Mont-roig del Camp, promueve la celebraci\u00f3n del 8M, D\u00eda Internacional de las Mujeres, con una docena de actividades que se alargar\u00e1n durante todo el mes de marzo El Departamento de Igualdad y de las Mujeres impulsa la conmemoraci\u00f3n del 8M de forma transversal, contando [&hellip;]\" \/>\n<meta property=\"og:url\" content=\"https:\/\/mont-roig.cat\/es\/actualitat\/noticies\/mont-roig-y-miami-platja-conmemoran-el-8m-con-un-programa-de-actividades-y-la-lectura-del-manifiesto-institucional\/\" \/>\n<meta property=\"og:site_name\" content=\"Ajuntament de Mont-roig del Camp\" \/>\n<meta property=\"article:published_time\" content=\"2024-02-27T13:32:07+00:00\" \/>\n<meta property=\"og:image\" content=\"https:\/\/mont-roig.cat\/wp-content\/uploads\/mm_8M24_Noti_meta.png\" \/>\n\t<meta property=\"og:image:width\" content=\"1200\" \/>\n\t<meta property=\"og:image:height\" content=\"630\" \/>\n\t<meta property=\"og:image:type\" content=\"image\/png\" \/>\n<meta name=\"author\" content=\"comunicacio\" \/>\n<meta name=\"twitter:card\" content=\"summary_large_image\" \/>\n<meta name=\"twitter:label1\" content=\"Escrito por\" \/>\n\t<meta name=\"twitter:data1\" content=\"comunicacio\" \/>\n\t<meta name=\"twitter:label2\" content=\"Tiempo de lectura\" \/>\n\t<meta name=\"twitter:data2\" content=\"4 minutos\" \/>\n<script type=\"application\/ld+json\" class=\"yoast-schema-graph\">{\"@context\":\"https:\\\/\\\/schema.org\",\"@graph\":[{\"@type\":\"Article\",\"@id\":\"https:\\\/\\\/mont-roig.cat\\\/es\\\/actualitat\\\/noticies\\\/mont-roig-y-miami-platja-conmemoran-el-8m-con-un-programa-de-actividades-y-la-lectura-del-manifiesto-institucional\\\/#article\",\"isPartOf\":{\"@id\":\"https:\\\/\\\/mont-roig.cat\\\/es\\\/actualitat\\\/noticies\\\/mont-roig-y-miami-platja-conmemoran-el-8m-con-un-programa-de-actividades-y-la-lectura-del-manifiesto-institucional\\\/\"},\"author\":{\"name\":\"comunicacio\",\"@id\":\"https:\\\/\\\/mont-roig.cat\\\/es\\\/#\\\/schema\\\/person\\\/1f73e7b5e6f9dd122e8a6f14f310ac5e\"},\"headline\":\"Mont-roig y Miami Platja conmemoran el 8M con un programa de actividades y la lectura del manifiesto institucional\",\"datePublished\":\"2024-02-27T13:32:07+00:00\",\"mainEntityOfPage\":{\"@id\":\"https:\\\/\\\/mont-roig.cat\\\/es\\\/actualitat\\\/noticies\\\/mont-roig-y-miami-platja-conmemoran-el-8m-con-un-programa-de-actividades-y-la-lectura-del-manifiesto-institucional\\\/\"},\"wordCount\":543,\"image\":{\"@id\":\"https:\\\/\\\/mont-roig.cat\\\/es\\\/actualitat\\\/noticies\\\/mont-roig-y-miami-platja-conmemoran-el-8m-con-un-programa-de-actividades-y-la-lectura-del-manifiesto-institucional\\\/#primaryimage\"},\"thumbnailUrl\":\"https:\\\/\\\/mont-roig.cat\\\/wp-content\\\/uploads\\\/mm_8M24_Noti_meta.png\",\"articleSection\":[\"Pol\u00edtiques d&#8217;Igualtat i de les Dones\"],\"inLanguage\":\"es\"},{\"@type\":\"WebPage\",\"@id\":\"https:\\\/\\\/mont-roig.cat\\\/es\\\/actualitat\\\/noticies\\\/mont-roig-y-miami-platja-conmemoran-el-8m-con-un-programa-de-actividades-y-la-lectura-del-manifiesto-institucional\\\/\",\"url\":\"https:\\\/\\\/mont-roig.cat\\\/es\\\/actualitat\\\/noticies\\\/mont-roig-y-miami-platja-conmemoran-el-8m-con-un-programa-de-actividades-y-la-lectura-del-manifiesto-institucional\\\/\",\"name\":\"Mont-roig y Miami Platja conmemoran el 8M con un programa de actividades y la lectura del manifiesto institucional - Ajuntament de Mont-roig del Camp\",\"isPartOf\":{\"@id\":\"https:\\\/\\\/mont-roig.cat\\\/es\\\/#website\"},\"primaryImageOfPage\":{\"@id\":\"https:\\\/\\\/mont-roig.cat\\\/es\\\/actualitat\\\/noticies\\\/mont-roig-y-miami-platja-conmemoran-el-8m-con-un-programa-de-actividades-y-la-lectura-del-manifiesto-institucional\\\/#primaryimage\"},\"image\":{\"@id\":\"https:\\\/\\\/mont-roig.cat\\\/es\\\/actualitat\\\/noticies\\\/mont-roig-y-miami-platja-conmemoran-el-8m-con-un-programa-de-actividades-y-la-lectura-del-manifiesto-institucional\\\/#primaryimage\"},\"thumbnailUrl\":\"https:\\\/\\\/mont-roig.cat\\\/wp-content\\\/uploads\\\/mm_8M24_Noti_meta.png\",\"datePublished\":\"2024-02-27T13:32:07+00:00\",\"author\":{\"@id\":\"https:\\\/\\\/mont-roig.cat\\\/es\\\/#\\\/schema\\\/person\\\/1f73e7b5e6f9dd122e8a6f14f310ac5e\"},\"breadcrumb\":{\"@id\":\"https:\\\/\\\/mont-roig.cat\\\/es\\\/actualitat\\\/noticies\\\/mont-roig-y-miami-platja-conmemoran-el-8m-con-un-programa-de-actividades-y-la-lectura-del-manifiesto-institucional\\\/#breadcrumb\"},\"inLanguage\":\"es\",\"potentialAction\":[{\"@type\":\"ReadAction\",\"target\":[\"https:\\\/\\\/mont-roig.cat\\\/es\\\/actualitat\\\/noticies\\\/mont-roig-y-miami-platja-conmemoran-el-8m-con-un-programa-de-actividades-y-la-lectura-del-manifiesto-institucional\\\/\"]}]},{\"@type\":\"ImageObject\",\"inLanguage\":\"es\",\"@id\":\"https:\\\/\\\/mont-roig.cat\\\/es\\\/actualitat\\\/noticies\\\/mont-roig-y-miami-platja-conmemoran-el-8m-con-un-programa-de-actividades-y-la-lectura-del-manifiesto-institucional\\\/#primaryimage\",\"url\":\"https:\\\/\\\/mont-roig.cat\\\/wp-content\\\/uploads\\\/mm_8M24_Noti_meta.png\",\"contentUrl\":\"https:\\\/\\\/mont-roig.cat\\\/wp-content\\\/uploads\\\/mm_8M24_Noti_meta.png\",\"width\":1200,\"height\":630},{\"@type\":\"BreadcrumbList\",\"@id\":\"https:\\\/\\\/mont-roig.cat\\\/es\\\/actualitat\\\/noticies\\\/mont-roig-y-miami-platja-conmemoran-el-8m-con-un-programa-de-actividades-y-la-lectura-del-manifiesto-institucional\\\/#breadcrumb\",\"itemListElement\":[{\"@type\":\"ListItem\",\"position\":1,\"name\":\"Inici\",\"item\":\"https:\\\/\\\/mont-roig.cat\\\/es\\\/pagina-de-inicio\\\/\"},{\"@type\":\"ListItem\",\"position\":2,\"name\":\"Mont-roig y Miami Platja conmemoran el 8M con un programa de actividades y la lectura del manifiesto institucional\"}]},{\"@type\":\"WebSite\",\"@id\":\"https:\\\/\\\/mont-roig.cat\\\/es\\\/#website\",\"url\":\"https:\\\/\\\/mont-roig.cat\\\/es\\\/\",\"name\":\"Ajuntament de Mont-roig del Camp\",\"description\":\"Tota la informaci\u00f3 sobre la instituci\u00f3, els seus \u00f2rgans de govern, actualitat, serveis i molt m\u00e9s.\",\"potentialAction\":[{\"@type\":\"SearchAction\",\"target\":{\"@type\":\"EntryPoint\",\"urlTemplate\":\"https:\\\/\\\/mont-roig.cat\\\/es\\\/?s={search_term_string}\"},\"query-input\":{\"@type\":\"PropertyValueSpecification\",\"valueRequired\":true,\"valueName\":\"search_term_string\"}}],\"inLanguage\":\"es\"},{\"@type\":\"Person\",\"@id\":\"https:\\\/\\\/mont-roig.cat\\\/es\\\/#\\\/schema\\\/person\\\/1f73e7b5e6f9dd122e8a6f14f310ac5e\",\"name\":\"comunicacio\",\"image\":{\"@type\":\"ImageObject\",\"inLanguage\":\"es\",\"@id\":\"https:\\\/\\\/secure.gravatar.com\\\/avatar\\\/98944333e7a877670a64f8d10f0cb680ab2c9ebc4efc43945ef004b52b5ad28c?s=96&d=mm&r=g\",\"url\":\"https:\\\/\\\/secure.gravatar.com\\\/avatar\\\/98944333e7a877670a64f8d10f0cb680ab2c9ebc4efc43945ef004b52b5ad28c?s=96&d=mm&r=g\",\"contentUrl\":\"https:\\\/\\\/secure.gravatar.com\\\/avatar\\\/98944333e7a877670a64f8d10f0cb680ab2c9ebc4efc43945ef004b52b5ad28c?s=96&d=mm&r=g\",\"caption\":\"comunicacio\"},\"url\":\"https:\\\/\\\/mont-roig.cat\\\/es\\\/actualitat\\\/noticies\\\/author\\\/comunicacio\\\/\"}]}<\/script>\n<!-- \/ Yoast SEO plugin. -->","yoast_head_json":{"title":"Mont-roig y Miami Platja conmemoran el 8M con un programa de actividades y la lectura del manifiesto institucional - Ajuntament de Mont-roig del Camp","robots":{"index":"index","follow":"follow","max-snippet":"max-snippet:-1","max-image-preview":"max-image-preview:large","max-video-preview":"max-video-preview:-1"},"canonical":"https:\/\/mont-roig.cat\/es\/actualitat\/noticies\/mont-roig-y-miami-platja-conmemoran-el-8m-con-un-programa-de-actividades-y-la-lectura-del-manifiesto-institucional\/","og_locale":"es_ES","og_type":"article","og_title":"Mont-roig y Miami Platja conmemoran el 8M con un programa de actividades y la lectura del manifiesto institucional - Ajuntament de Mont-roig del Camp","og_description":"Bajo el lema Hacia adelante, hacia la igualdad el Ayuntamiento de Mont-roig del Camp, promueve la celebraci\u00f3n del 8M, D\u00eda Internacional de las Mujeres, con una docena de actividades que se alargar\u00e1n durante todo el mes de marzo El Departamento de Igualdad y de las Mujeres impulsa la conmemoraci\u00f3n del 8M de forma transversal, contando [&hellip;]","og_url":"https:\/\/mont-roig.cat\/es\/actualitat\/noticies\/mont-roig-y-miami-platja-conmemoran-el-8m-con-un-programa-de-actividades-y-la-lectura-del-manifiesto-institucional\/","og_site_name":"Ajuntament de Mont-roig del Camp","article_published_time":"2024-02-27T13:32:07+00:00","og_image":[{"width":1200,"height":630,"url":"https:\/\/mont-roig.cat\/wp-content\/uploads\/mm_8M24_Noti_meta.png","type":"image\/png"}],"author":"comunicacio","twitter_card":"summary_large_image","twitter_misc":{"Escrito por":"comunicacio","Tiempo de lectura":"4 minutos"},"schema":{"@context":"https:\/\/schema.org","@graph":[{"@type":"Article","@id":"https:\/\/mont-roig.cat\/es\/actualitat\/noticies\/mont-roig-y-miami-platja-conmemoran-el-8m-con-un-programa-de-actividades-y-la-lectura-del-manifiesto-institucional\/#article","isPartOf":{"@id":"https:\/\/mont-roig.cat\/es\/actualitat\/noticies\/mont-roig-y-miami-platja-conmemoran-el-8m-con-un-programa-de-actividades-y-la-lectura-del-manifiesto-institucional\/"},"author":{"name":"comunicacio","@id":"https:\/\/mont-roig.cat\/es\/#\/schema\/person\/1f73e7b5e6f9dd122e8a6f14f310ac5e"},"headline":"Mont-roig y Miami Platja conmemoran el 8M con un programa de actividades y la lectura del manifiesto institucional","datePublished":"2024-02-27T13:32:07+00:00","mainEntityOfPage":{"@id":"https:\/\/mont-roig.cat\/es\/actualitat\/noticies\/mont-roig-y-miami-platja-conmemoran-el-8m-con-un-programa-de-actividades-y-la-lectura-del-manifiesto-institucional\/"},"wordCount":543,"image":{"@id":"https:\/\/mont-roig.cat\/es\/actualitat\/noticies\/mont-roig-y-miami-platja-conmemoran-el-8m-con-un-programa-de-actividades-y-la-lectura-del-manifiesto-institucional\/#primaryimage"},"thumbnailUrl":"https:\/\/mont-roig.cat\/wp-content\/uploads\/mm_8M24_Noti_meta.png","articleSection":["Pol\u00edtiques d&#8217;Igualtat i de les Dones"],"inLanguage":"es"},{"@type":"WebPage","@id":"https:\/\/mont-roig.cat\/es\/actualitat\/noticies\/mont-roig-y-miami-platja-conmemoran-el-8m-con-un-programa-de-actividades-y-la-lectura-del-manifiesto-institucional\/","url":"https:\/\/mont-roig.cat\/es\/actualitat\/noticies\/mont-roig-y-miami-platja-conmemoran-el-8m-con-un-programa-de-actividades-y-la-lectura-del-manifiesto-institucional\/","name":"Mont-roig y Miami Platja conmemoran el 8M con un programa de actividades y la lectura del manifiesto institucional - Ajuntament de Mont-roig del Camp","isPartOf":{"@id":"https:\/\/mont-roig.cat\/es\/#website"},"primaryImageOfPage":{"@id":"https:\/\/mont-roig.cat\/es\/actualitat\/noticies\/mont-roig-y-miami-platja-conmemoran-el-8m-con-un-programa-de-actividades-y-la-lectura-del-manifiesto-institucional\/#primaryimage"},"image":{"@id":"https:\/\/mont-roig.cat\/es\/actualitat\/noticies\/mont-roig-y-miami-platja-conmemoran-el-8m-con-un-programa-de-actividades-y-la-lectura-del-manifiesto-institucional\/#primaryimage"},"thumbnailUrl":"https:\/\/mont-roig.cat\/wp-content\/uploads\/mm_8M24_Noti_meta.png","datePublished":"2024-02-27T13:32:07+00:00","author":{"@id":"https:\/\/mont-roig.cat\/es\/#\/schema\/person\/1f73e7b5e6f9dd122e8a6f14f310ac5e"},"breadcrumb":{"@id":"https:\/\/mont-roig.cat\/es\/actualitat\/noticies\/mont-roig-y-miami-platja-conmemoran-el-8m-con-un-programa-de-actividades-y-la-lectura-del-manifiesto-institucional\/#breadcrumb"},"inLanguage":"es","potentialAction":[{"@type":"ReadAction","target":["https:\/\/mont-roig.cat\/es\/actualitat\/noticies\/mont-roig-y-miami-platja-conmemoran-el-8m-con-un-programa-de-actividades-y-la-lectura-del-manifiesto-institucional\/"]}]},{"@type":"ImageObject","inLanguage":"es","@id":"https:\/\/mont-roig.cat\/es\/actualitat\/noticies\/mont-roig-y-miami-platja-conmemoran-el-8m-con-un-programa-de-actividades-y-la-lectura-del-manifiesto-institucional\/#primaryimage","url":"https:\/\/mont-roig.cat\/wp-content\/uploads\/mm_8M24_Noti_meta.png","contentUrl":"https:\/\/mont-roig.cat\/wp-content\/uploads\/mm_8M24_Noti_meta.png","width":1200,"height":630},{"@type":"BreadcrumbList","@id":"https:\/\/mont-roig.cat\/es\/actualitat\/noticies\/mont-roig-y-miami-platja-conmemoran-el-8m-con-un-programa-de-actividades-y-la-lectura-del-manifiesto-institucional\/#breadcrumb","itemListElement":[{"@type":"ListItem","position":1,"name":"Inici","item":"https:\/\/mont-roig.cat\/es\/pagina-de-inicio\/"},{"@type":"ListItem","position":2,"name":"Mont-roig y Miami Platja conmemoran el 8M con un programa de actividades y la lectura del manifiesto institucional"}]},{"@type":"WebSite","@id":"https:\/\/mont-roig.cat\/es\/#website","url":"https:\/\/mont-roig.cat\/es\/","name":"Ajuntament de Mont-roig del Camp","description":"Tota la informaci\u00f3 sobre la instituci\u00f3, els seus \u00f2rgans de govern, actualitat, serveis i molt m\u00e9s.","potentialAction":[{"@type":"SearchAction","target":{"@type":"EntryPoint","urlTemplate":"https:\/\/mont-roig.cat\/es\/?s={search_term_string}"},"query-input":{"@type":"PropertyValueSpecification","valueRequired":true,"valueName":"search_term_string"}}],"inLanguage":"es"},{"@type":"Person","@id":"https:\/\/mont-roig.cat\/es\/#\/schema\/person\/1f73e7b5e6f9dd122e8a6f14f310ac5e","name":"comunicacio","image":{"@type":"ImageObject","inLanguage":"es","@id":"https:\/\/secure.gravatar.com\/avatar\/98944333e7a877670a64f8d10f0cb680ab2c9ebc4efc43945ef004b52b5ad28c?s=96&d=mm&r=g","url":"https:\/\/secure.gravatar.com\/avatar\/98944333e7a877670a64f8d10f0cb680ab2c9ebc4efc43945ef004b52b5ad28c?s=96&d=mm&r=g","contentUrl":"https:\/\/secure.gravatar.com\/avatar\/98944333e7a877670a64f8d10f0cb680ab2c9ebc4efc43945ef004b52b5ad28c?s=96&d=mm&r=g","caption":"comunicacio"},"url":"https:\/\/mont-roig.cat\/es\/actualitat\/noticies\/author\/comunicacio\/"}]}},"_links":{"self":[{"href":"https:\/\/mont-roig.cat\/es\/wp-json\/wp\/v2\/posts\/75226","targetHints":{"allow":["GET"]}}],"collection":[{"href":"https:\/\/mont-roig.cat\/es\/wp-json\/wp\/v2\/posts"}],"about":[{"href":"https:\/\/mont-roig.cat\/es\/wp-json\/wp\/v2\/types\/post"}],"author":[{"embeddable":true,"href":"https:\/\/mont-roig.cat\/es\/wp-json\/wp\/v2\/users\/13"}],"replies":[{"embeddable":true,"href":"https:\/\/mont-roig.cat\/es\/wp-json\/wp\/v2\/comments?post=75226"}],"version-history":[{"count":1,"href":"https:\/\/mont-roig.cat\/es\/wp-json\/wp\/v2\/posts\/75226\/revisions"}],"predecessor-version":[{"id":75227,"href":"https:\/\/mont-roig.cat\/es\/wp-json\/wp\/v2\/posts\/75226\/revisions\/75227"}],"wp:featuredmedia":[{"embeddable":true,"href":"https:\/\/mont-roig.cat\/es\/wp-json\/wp\/v2\/media\/75224"}],"wp:attachment":[{"href":"https:\/\/mont-roig.cat\/es\/wp-json\/wp\/v2\/media?parent=75226"}],"wp:term":[{"taxonomy":"category","embeddable":true,"href":"https:\/\/mont-roig.cat\/es\/wp-json\/wp\/v2\/categories?post=75226"},{"taxonomy":"post_tag","embeddable":true,"href":"https:\/\/mont-roig.cat\/es\/wp-json\/wp\/v2\/tags?post=75226"}],"curies":[{"name":"wp","href":"https:\/\/api.w.org\/{rel}","templated":true}]}}