{"id":75330,"date":"2024-03-05T13:11:26","date_gmt":"2024-03-05T12:11:26","guid":{"rendered":"https:\/\/mont-roig.cat\/actualitat\/noticies\/les-festes-de-sant-josep-de-miami-platja-tindran-lloc-del-15-al-19-de-marc\/"},"modified":"2024-03-05T13:24:04","modified_gmt":"2024-03-05T12:24:04","slug":"les-festes-de-sant-josep-de-miami-platja-tindran-lloc-del-15-al-19-de-marc","status":"publish","type":"post","link":"https:\/\/mont-roig.cat\/es\/actualitat\/noticies\/les-festes-de-sant-josep-de-miami-platja-tindran-lloc-del-15-al-19-de-marc\/","title":{"rendered":"Las fiestas de Sant Josep de Miami Platja tendr\u00e1n lugar del 15 al 19 de marzo"},"content":{"rendered":"<ul>\n<li><strong><em><a href=\"https:\/\/mont-roig.cat\/wp-content\/uploads\/Sant-josep-Miami-Platja-24.png\"><img loading=\"lazy\" decoding=\"async\" class=\"alignright wp-image-75326\" src=\"https:\/\/mont-roig.cat\/wp-content\/uploads\/Sant-josep-Miami-Platja-24-354x500.png\" alt=\"\" width=\"250\" height=\"353\" srcset=\"https:\/\/mont-roig.cat\/wp-content\/uploads\/Sant-josep-Miami-Platja-24-354x500.png 354w, https:\/\/mont-roig.cat\/wp-content\/uploads\/Sant-josep-Miami-Platja-24.png 704w\" sizes=\"auto, (max-width: 250px) 100vw, 250px\" \/><\/a><\/em>El espect\u00e1culo del Mag Lari, un concierto tributo a Hombres G, el espect\u00e1culo c\u00f3mico &#8216;El anticoach&#8217;, un scape room sobre emergencia clim\u00e1tica y una comida popular son alguno de los principales actos<\/strong><\/li>\n<\/ul>\n<p>El Ayuntamiento de Mont-roig del Camp, a trav\u00e9s del Departamento de Fiestas, ha preparado una serie de actividades para celebrar la Festa Major de Sant Josep de Miami Playa, que este a\u00f1o tendr\u00e1 lugar entre los d\u00edas 15 y 19 de marzo. Entre los principales actos se incluyen espect\u00e1culos de magia, mon\u00f3logos, conciertos, talleres en familia o un scape room, contando con la colaboraci\u00f3n de diversas entidades del municipio.<\/p>\n<p>El pistoletazo de salida de las hechas ser\u00e1 el viernes 15 de marzo a las 19 h en el Parc de les Oliveres con el preg\u00f3n de Festa Major a cargo del divulgador hist\u00f3rico Alfons Tejero. Seguidamente, tendr\u00e1 lugar la actuaci\u00f3n del Coro Rociero Arena del Camino y se repartir\u00e1 torta de az\u00facar y cava para todos. Por la noche, a partir de las 22 h, en el polideportivo tendr\u00e1 lugar el espect\u00e1culo c\u00f3mico E<em>l Anticoach, desmotivando a Pablo Chiapella<\/em>, con los humoristas Tian Lara y Pablo Chiapella. Las entradas anticipadas deben comprarse en las oficinas de Festes de lunes a viernes de 9 a 14 h al precio de 10 euros. En taquilla las entradas valdr\u00e1n 12 euros y s\u00f3lo se permitir\u00e1 comprar la entrada pagando con tarjeta. Una vez finalice la actuaci\u00f3n de los humoristas, habr\u00e1 una sesi\u00f3n de \u00e9xitos musicales con tres Dj&#8217;s.<\/p>\n<p>Una de las novedades de este a\u00f1o ser\u00e1 la comida de Sant Josep que tendr\u00e1 lugar el s\u00e1bado 16 en la Pla\u00e7a del Cinquantenari y que contar\u00e1 con la animaci\u00f3n del grupo de rumbas Siroco. A partir del 4 de marzo se puede hacer la reserva de este almuerzo en el que cada grupo se har\u00e1 su arroz incluyendo los 2 ingredientes b\u00e1sicos que les entregar\u00e1 la organizaci\u00f3n: arroz y pulpo..\u00a0 (<a href=\"https:\/\/www.entrapolis.com\/entradas\/dinar-de-sant-josep\" target=\"_blank\" rel=\"noopener\">https:\/\/www.entrapolis.com\/entradas\/dinar-de-sant-josep<\/a>)<\/p>\n<p>Por la tarde, en el Polivalente, un homenaje al mont-rogenc Baptista Nogu\u00e9s con una proyecci\u00f3n de cine mudo con m\u00fasica de piano en directo a cargo de \u00d2scar Fern\u00e1ndez organizado por Creix Associaci\u00f3 Cultural del Baix Camp. Por la noche, a las 22 h, concierto tributo a los Hombres G y sesi\u00f3n posterior de Dj&#8217;s.<\/p>\n<p>Coincidiendo con la Festa Major de Sant Josep, tendr\u00e1 lugar la tercera edici\u00f3n del Rollin\u2019Fest, un festival urbano con competici\u00f3n de skate y scooter. Se realizar\u00e1 el domingo 17 de marzo entre las 10 ha 18 h y consistir\u00e1 en una competici\u00f3n para ni\u00f1os, adolescentes y j\u00f3venes (o adultos) dividida entre ma\u00f1ana y tarde. Tambi\u00e9n habr\u00e1 foodtruck, grupo de m\u00fasica en directo por el vermut, premios para los ganadores\/as, stand con merchandising deportivo (skate o scooter), sesi\u00f3n de dj&#8217;s durante la jornada, clases gratuitas de surfskate, y varios sorteos para todos. Es necesario realizar inscripci\u00f3n de 5\u20ac que incluye tambi\u00e9n bocadillo y bebida. La inscripci\u00f3n se puede realizar a trav\u00e9s de instagram en @elsmollals, en el correo electr\u00f3nico <a href=\"mailto:sempremovidas@gmail.com\" target=\"_blank\" rel=\"noopener\">sempremovidas@gmail.com<\/a> o por whatsapp al 698313416.<\/p>\n<p>El lunes 18 contin\u00faa la programaci\u00f3n con la actuaci\u00f3n del Mag Lari y su espect\u00e1culo <em>Strafalari<\/em> a las 20 h en el Polideportivo y con entradas anticipadas al precio de 15 euros e <a href=\"http:\/\/www.entrapolis.com\" target=\"_blank\" rel=\"noopener\">www.entrapolis.com<\/a>.<\/p>\n<p>La Festa Major de Sant Josep finalizar\u00e1 el 19 de marzo con un taller de percusi\u00f3n y concierto a las 12 del mediod\u00eda la Pla\u00e7a Ja\u00e9n y la funci\u00f3n de teatro <em>Micro Machos<\/em> en el Polivalente con entrada gratuita. \u00c9sta es una actividad incluida dentro de la programaci\u00f3n del 8M.<\/p>\n<p><strong>Scape Room sobre emergencia clim\u00e1tica<\/strong><br \/>\nA partir del 4 de marzo se pueden realizar las reservas online del Escape room sobre emergencia clim\u00e1tica y salud planetaria que tendr\u00e1 lugar los d\u00edas 15, 16 y 17 en el Centro Polivalente. (<a href=\"https:\/\/www.entrapolis.com\/entradas\/escape-room-demergencia-climatica-i-salut-planetaria-teatre-centre-polivalent-de-miami-platja\" target=\"_blank\" rel=\"noopener\">https:\/\/www.entrapolis.com\/entradas\/escape-room-demergencia-climatica-i-salut-planetaria-teatre-centre-polivalent-de-miami-platja<\/a>). Las reservas deben realizarse en grupos de cuatro personas.<\/p>\n<p><strong>Las entidades, implicadas en la programaci\u00f3n<\/strong><br \/>\nSon diversas las entidades del municipio que han querido colaborar y participar en los distintos actos programados; adem\u00e1s de los mencionados anteriormente, tambi\u00e9n se podr\u00e1 ver una exhibici\u00f3n de bailes country y sevillanas, una merienda popular para la gente mayor, un vermut popular o la tradicional tirada local de Sant Josep.<br \/>\nDesc\u00e1rgate la programaci\u00f3n completa <a href=\"https:\/\/mont-roig.cat\/wp-content\/uploads\/Programa-Festa-Major-Sant-Josep-Miami-Platja-2024-1.pdf\" target=\"_blank\" rel=\"noopener\">en este enlace.<\/a><\/p>\n<p>&nbsp;<\/p>\n","protected":false},"excerpt":{"rendered":"<p>El espect\u00e1culo del Mag Lari, un concierto tributo a Hombres G, el espect\u00e1culo c\u00f3mico &#8216;El anticoach&#8217;, un scape room sobre emergencia clim\u00e1tica y una comida popular son alguno de los principales actos El Ayuntamiento de Mont-roig del Camp, a trav\u00e9s del Departamento de Fiestas, ha preparado una serie de actividades para celebrar la Festa Major [&hellip;]<\/p>\n","protected":false},"author":13,"featured_media":75321,"comment_status":"closed","ping_status":"closed","sticky":false,"template":"","format":"standard","meta":{"inline_featured_image":false,"_monsterinsights_skip_tracking":false,"_monsterinsights_sitenote_active":false,"_monsterinsights_sitenote_note":"","_monsterinsights_sitenote_category":0,"footnotes":""},"categories":[98,105],"tags":[],"class_list":["post-75330","post","type-post","status-publish","format-standard","has-post-thumbnail","hentry","category-ayuntamiento","category-fiestas"],"yoast_head":"<!-- This site is optimized with the Yoast SEO plugin v27.4 - https:\/\/yoast.com\/product\/yoast-seo-wordpress\/ -->\n<title>Las fiestas de Sant Josep de Miami Platja tendr\u00e1n lugar del 15 al 19 de marzo - Ajuntament de Mont-roig del Camp<\/title>\n<meta name=\"robots\" content=\"index, follow, max-snippet:-1, max-image-preview:large, max-video-preview:-1\" \/>\n<link rel=\"canonical\" href=\"https:\/\/mont-roig.cat\/es\/actualitat\/noticies\/les-festes-de-sant-josep-de-miami-platja-tindran-lloc-del-15-al-19-de-marc\/\" \/>\n<meta property=\"og:locale\" content=\"es_ES\" \/>\n<meta property=\"og:type\" content=\"article\" \/>\n<meta property=\"og:title\" content=\"Las fiestas de Sant Josep de Miami Platja tendr\u00e1n lugar del 15 al 19 de marzo - Ajuntament de Mont-roig del Camp\" \/>\n<meta property=\"og:description\" content=\"El espect\u00e1culo del Mag Lari, un concierto tributo a Hombres G, el espect\u00e1culo c\u00f3mico &#8216;El anticoach&#8217;, un scape room sobre emergencia clim\u00e1tica y una comida popular son alguno de los principales actos El Ayuntamiento de Mont-roig del Camp, a trav\u00e9s del Departamento de Fiestas, ha preparado una serie de actividades para celebrar la Festa Major [&hellip;]\" \/>\n<meta property=\"og:url\" content=\"https:\/\/mont-roig.cat\/es\/actualitat\/noticies\/les-festes-de-sant-josep-de-miami-platja-tindran-lloc-del-15-al-19-de-marc\/\" \/>\n<meta property=\"og:site_name\" content=\"Ajuntament de Mont-roig del Camp\" \/>\n<meta property=\"article:published_time\" content=\"2024-03-05T12:11:26+00:00\" \/>\n<meta property=\"article:modified_time\" content=\"2024-03-05T12:24:04+00:00\" \/>\n<meta property=\"og:image\" content=\"https:\/\/mont-roig.cat\/wp-content\/uploads\/MMF_santjosep24_NOTI_FACEC-1.png\" \/>\n\t<meta property=\"og:image:width\" content=\"1200\" \/>\n\t<meta property=\"og:image:height\" content=\"630\" \/>\n\t<meta property=\"og:image:type\" content=\"image\/png\" \/>\n<meta name=\"author\" content=\"comunicacio\" \/>\n<meta name=\"twitter:card\" content=\"summary_large_image\" \/>\n<meta name=\"twitter:label1\" content=\"Escrito por\" \/>\n\t<meta name=\"twitter:data1\" content=\"comunicacio\" \/>\n\t<meta name=\"twitter:label2\" content=\"Tiempo de lectura\" \/>\n\t<meta name=\"twitter:data2\" content=\"5 minutos\" \/>\n<script type=\"application\/ld+json\" class=\"yoast-schema-graph\">{\"@context\":\"https:\\\/\\\/schema.org\",\"@graph\":[{\"@type\":\"Article\",\"@id\":\"https:\\\/\\\/mont-roig.cat\\\/es\\\/actualitat\\\/noticies\\\/les-festes-de-sant-josep-de-miami-platja-tindran-lloc-del-15-al-19-de-marc\\\/#article\",\"isPartOf\":{\"@id\":\"https:\\\/\\\/mont-roig.cat\\\/es\\\/actualitat\\\/noticies\\\/les-festes-de-sant-josep-de-miami-platja-tindran-lloc-del-15-al-19-de-marc\\\/\"},\"author\":{\"name\":\"comunicacio\",\"@id\":\"https:\\\/\\\/mont-roig.cat\\\/es\\\/#\\\/schema\\\/person\\\/1f73e7b5e6f9dd122e8a6f14f310ac5e\"},\"headline\":\"Las fiestas de Sant Josep de Miami Platja tendr\u00e1n lugar del 15 al 19 de marzo\",\"datePublished\":\"2024-03-05T12:11:26+00:00\",\"dateModified\":\"2024-03-05T12:24:04+00:00\",\"mainEntityOfPage\":{\"@id\":\"https:\\\/\\\/mont-roig.cat\\\/es\\\/actualitat\\\/noticies\\\/les-festes-de-sant-josep-de-miami-platja-tindran-lloc-del-15-al-19-de-marc\\\/\"},\"wordCount\":764,\"image\":{\"@id\":\"https:\\\/\\\/mont-roig.cat\\\/es\\\/actualitat\\\/noticies\\\/les-festes-de-sant-josep-de-miami-platja-tindran-lloc-del-15-al-19-de-marc\\\/#primaryimage\"},\"thumbnailUrl\":\"https:\\\/\\\/mont-roig.cat\\\/wp-content\\\/uploads\\\/MMF_santjosep24_NOTI_FACEC-1.png\",\"articleSection\":[\"Ayuntamiento\",\"Festes\"],\"inLanguage\":\"es\"},{\"@type\":\"WebPage\",\"@id\":\"https:\\\/\\\/mont-roig.cat\\\/es\\\/actualitat\\\/noticies\\\/les-festes-de-sant-josep-de-miami-platja-tindran-lloc-del-15-al-19-de-marc\\\/\",\"url\":\"https:\\\/\\\/mont-roig.cat\\\/es\\\/actualitat\\\/noticies\\\/les-festes-de-sant-josep-de-miami-platja-tindran-lloc-del-15-al-19-de-marc\\\/\",\"name\":\"Las fiestas de Sant Josep de Miami Platja tendr\u00e1n lugar del 15 al 19 de marzo - Ajuntament de Mont-roig del Camp\",\"isPartOf\":{\"@id\":\"https:\\\/\\\/mont-roig.cat\\\/es\\\/#website\"},\"primaryImageOfPage\":{\"@id\":\"https:\\\/\\\/mont-roig.cat\\\/es\\\/actualitat\\\/noticies\\\/les-festes-de-sant-josep-de-miami-platja-tindran-lloc-del-15-al-19-de-marc\\\/#primaryimage\"},\"image\":{\"@id\":\"https:\\\/\\\/mont-roig.cat\\\/es\\\/actualitat\\\/noticies\\\/les-festes-de-sant-josep-de-miami-platja-tindran-lloc-del-15-al-19-de-marc\\\/#primaryimage\"},\"thumbnailUrl\":\"https:\\\/\\\/mont-roig.cat\\\/wp-content\\\/uploads\\\/MMF_santjosep24_NOTI_FACEC-1.png\",\"datePublished\":\"2024-03-05T12:11:26+00:00\",\"dateModified\":\"2024-03-05T12:24:04+00:00\",\"author\":{\"@id\":\"https:\\\/\\\/mont-roig.cat\\\/es\\\/#\\\/schema\\\/person\\\/1f73e7b5e6f9dd122e8a6f14f310ac5e\"},\"breadcrumb\":{\"@id\":\"https:\\\/\\\/mont-roig.cat\\\/es\\\/actualitat\\\/noticies\\\/les-festes-de-sant-josep-de-miami-platja-tindran-lloc-del-15-al-19-de-marc\\\/#breadcrumb\"},\"inLanguage\":\"es\",\"potentialAction\":[{\"@type\":\"ReadAction\",\"target\":[\"https:\\\/\\\/mont-roig.cat\\\/es\\\/actualitat\\\/noticies\\\/les-festes-de-sant-josep-de-miami-platja-tindran-lloc-del-15-al-19-de-marc\\\/\"]}]},{\"@type\":\"ImageObject\",\"inLanguage\":\"es\",\"@id\":\"https:\\\/\\\/mont-roig.cat\\\/es\\\/actualitat\\\/noticies\\\/les-festes-de-sant-josep-de-miami-platja-tindran-lloc-del-15-al-19-de-marc\\\/#primaryimage\",\"url\":\"https:\\\/\\\/mont-roig.cat\\\/wp-content\\\/uploads\\\/MMF_santjosep24_NOTI_FACEC-1.png\",\"contentUrl\":\"https:\\\/\\\/mont-roig.cat\\\/wp-content\\\/uploads\\\/MMF_santjosep24_NOTI_FACEC-1.png\",\"width\":1200,\"height\":630},{\"@type\":\"BreadcrumbList\",\"@id\":\"https:\\\/\\\/mont-roig.cat\\\/es\\\/actualitat\\\/noticies\\\/les-festes-de-sant-josep-de-miami-platja-tindran-lloc-del-15-al-19-de-marc\\\/#breadcrumb\",\"itemListElement\":[{\"@type\":\"ListItem\",\"position\":1,\"name\":\"Inici\",\"item\":\"https:\\\/\\\/mont-roig.cat\\\/es\\\/pagina-de-inicio\\\/\"},{\"@type\":\"ListItem\",\"position\":2,\"name\":\"Las fiestas de Sant Josep de Miami Platja tendr\u00e1n lugar del 15 al 19 de marzo\"}]},{\"@type\":\"WebSite\",\"@id\":\"https:\\\/\\\/mont-roig.cat\\\/es\\\/#website\",\"url\":\"https:\\\/\\\/mont-roig.cat\\\/es\\\/\",\"name\":\"Ajuntament de Mont-roig del Camp\",\"description\":\"Tota la informaci\u00f3 sobre la instituci\u00f3, els seus \u00f2rgans de govern, actualitat, serveis i molt m\u00e9s.\",\"potentialAction\":[{\"@type\":\"SearchAction\",\"target\":{\"@type\":\"EntryPoint\",\"urlTemplate\":\"https:\\\/\\\/mont-roig.cat\\\/es\\\/?s={search_term_string}\"},\"query-input\":{\"@type\":\"PropertyValueSpecification\",\"valueRequired\":true,\"valueName\":\"search_term_string\"}}],\"inLanguage\":\"es\"},{\"@type\":\"Person\",\"@id\":\"https:\\\/\\\/mont-roig.cat\\\/es\\\/#\\\/schema\\\/person\\\/1f73e7b5e6f9dd122e8a6f14f310ac5e\",\"name\":\"comunicacio\",\"image\":{\"@type\":\"ImageObject\",\"inLanguage\":\"es\",\"@id\":\"https:\\\/\\\/secure.gravatar.com\\\/avatar\\\/98944333e7a877670a64f8d10f0cb680ab2c9ebc4efc43945ef004b52b5ad28c?s=96&d=mm&r=g\",\"url\":\"https:\\\/\\\/secure.gravatar.com\\\/avatar\\\/98944333e7a877670a64f8d10f0cb680ab2c9ebc4efc43945ef004b52b5ad28c?s=96&d=mm&r=g\",\"contentUrl\":\"https:\\\/\\\/secure.gravatar.com\\\/avatar\\\/98944333e7a877670a64f8d10f0cb680ab2c9ebc4efc43945ef004b52b5ad28c?s=96&d=mm&r=g\",\"caption\":\"comunicacio\"},\"url\":\"https:\\\/\\\/mont-roig.cat\\\/es\\\/actualitat\\\/noticies\\\/author\\\/comunicacio\\\/\"}]}<\/script>\n<!-- \/ Yoast SEO plugin. -->","yoast_head_json":{"title":"Las fiestas de Sant Josep de Miami Platja tendr\u00e1n lugar del 15 al 19 de marzo - Ajuntament de Mont-roig del Camp","robots":{"index":"index","follow":"follow","max-snippet":"max-snippet:-1","max-image-preview":"max-image-preview:large","max-video-preview":"max-video-preview:-1"},"canonical":"https:\/\/mont-roig.cat\/es\/actualitat\/noticies\/les-festes-de-sant-josep-de-miami-platja-tindran-lloc-del-15-al-19-de-marc\/","og_locale":"es_ES","og_type":"article","og_title":"Las fiestas de Sant Josep de Miami Platja tendr\u00e1n lugar del 15 al 19 de marzo - Ajuntament de Mont-roig del Camp","og_description":"El espect\u00e1culo del Mag Lari, un concierto tributo a Hombres G, el espect\u00e1culo c\u00f3mico &#8216;El anticoach&#8217;, un scape room sobre emergencia clim\u00e1tica y una comida popular son alguno de los principales actos El Ayuntamiento de Mont-roig del Camp, a trav\u00e9s del Departamento de Fiestas, ha preparado una serie de actividades para celebrar la Festa Major [&hellip;]","og_url":"https:\/\/mont-roig.cat\/es\/actualitat\/noticies\/les-festes-de-sant-josep-de-miami-platja-tindran-lloc-del-15-al-19-de-marc\/","og_site_name":"Ajuntament de Mont-roig del Camp","article_published_time":"2024-03-05T12:11:26+00:00","article_modified_time":"2024-03-05T12:24:04+00:00","og_image":[{"width":1200,"height":630,"url":"https:\/\/mont-roig.cat\/wp-content\/uploads\/MMF_santjosep24_NOTI_FACEC-1.png","type":"image\/png"}],"author":"comunicacio","twitter_card":"summary_large_image","twitter_misc":{"Escrito por":"comunicacio","Tiempo de lectura":"5 minutos"},"schema":{"@context":"https:\/\/schema.org","@graph":[{"@type":"Article","@id":"https:\/\/mont-roig.cat\/es\/actualitat\/noticies\/les-festes-de-sant-josep-de-miami-platja-tindran-lloc-del-15-al-19-de-marc\/#article","isPartOf":{"@id":"https:\/\/mont-roig.cat\/es\/actualitat\/noticies\/les-festes-de-sant-josep-de-miami-platja-tindran-lloc-del-15-al-19-de-marc\/"},"author":{"name":"comunicacio","@id":"https:\/\/mont-roig.cat\/es\/#\/schema\/person\/1f73e7b5e6f9dd122e8a6f14f310ac5e"},"headline":"Las fiestas de Sant Josep de Miami Platja tendr\u00e1n lugar del 15 al 19 de marzo","datePublished":"2024-03-05T12:11:26+00:00","dateModified":"2024-03-05T12:24:04+00:00","mainEntityOfPage":{"@id":"https:\/\/mont-roig.cat\/es\/actualitat\/noticies\/les-festes-de-sant-josep-de-miami-platja-tindran-lloc-del-15-al-19-de-marc\/"},"wordCount":764,"image":{"@id":"https:\/\/mont-roig.cat\/es\/actualitat\/noticies\/les-festes-de-sant-josep-de-miami-platja-tindran-lloc-del-15-al-19-de-marc\/#primaryimage"},"thumbnailUrl":"https:\/\/mont-roig.cat\/wp-content\/uploads\/MMF_santjosep24_NOTI_FACEC-1.png","articleSection":["Ayuntamiento","Festes"],"inLanguage":"es"},{"@type":"WebPage","@id":"https:\/\/mont-roig.cat\/es\/actualitat\/noticies\/les-festes-de-sant-josep-de-miami-platja-tindran-lloc-del-15-al-19-de-marc\/","url":"https:\/\/mont-roig.cat\/es\/actualitat\/noticies\/les-festes-de-sant-josep-de-miami-platja-tindran-lloc-del-15-al-19-de-marc\/","name":"Las fiestas de Sant Josep de Miami Platja tendr\u00e1n lugar del 15 al 19 de marzo - Ajuntament de Mont-roig del Camp","isPartOf":{"@id":"https:\/\/mont-roig.cat\/es\/#website"},"primaryImageOfPage":{"@id":"https:\/\/mont-roig.cat\/es\/actualitat\/noticies\/les-festes-de-sant-josep-de-miami-platja-tindran-lloc-del-15-al-19-de-marc\/#primaryimage"},"image":{"@id":"https:\/\/mont-roig.cat\/es\/actualitat\/noticies\/les-festes-de-sant-josep-de-miami-platja-tindran-lloc-del-15-al-19-de-marc\/#primaryimage"},"thumbnailUrl":"https:\/\/mont-roig.cat\/wp-content\/uploads\/MMF_santjosep24_NOTI_FACEC-1.png","datePublished":"2024-03-05T12:11:26+00:00","dateModified":"2024-03-05T12:24:04+00:00","author":{"@id":"https:\/\/mont-roig.cat\/es\/#\/schema\/person\/1f73e7b5e6f9dd122e8a6f14f310ac5e"},"breadcrumb":{"@id":"https:\/\/mont-roig.cat\/es\/actualitat\/noticies\/les-festes-de-sant-josep-de-miami-platja-tindran-lloc-del-15-al-19-de-marc\/#breadcrumb"},"inLanguage":"es","potentialAction":[{"@type":"ReadAction","target":["https:\/\/mont-roig.cat\/es\/actualitat\/noticies\/les-festes-de-sant-josep-de-miami-platja-tindran-lloc-del-15-al-19-de-marc\/"]}]},{"@type":"ImageObject","inLanguage":"es","@id":"https:\/\/mont-roig.cat\/es\/actualitat\/noticies\/les-festes-de-sant-josep-de-miami-platja-tindran-lloc-del-15-al-19-de-marc\/#primaryimage","url":"https:\/\/mont-roig.cat\/wp-content\/uploads\/MMF_santjosep24_NOTI_FACEC-1.png","contentUrl":"https:\/\/mont-roig.cat\/wp-content\/uploads\/MMF_santjosep24_NOTI_FACEC-1.png","width":1200,"height":630},{"@type":"BreadcrumbList","@id":"https:\/\/mont-roig.cat\/es\/actualitat\/noticies\/les-festes-de-sant-josep-de-miami-platja-tindran-lloc-del-15-al-19-de-marc\/#breadcrumb","itemListElement":[{"@type":"ListItem","position":1,"name":"Inici","item":"https:\/\/mont-roig.cat\/es\/pagina-de-inicio\/"},{"@type":"ListItem","position":2,"name":"Las fiestas de Sant Josep de Miami Platja tendr\u00e1n lugar del 15 al 19 de marzo"}]},{"@type":"WebSite","@id":"https:\/\/mont-roig.cat\/es\/#website","url":"https:\/\/mont-roig.cat\/es\/","name":"Ajuntament de Mont-roig del Camp","description":"Tota la informaci\u00f3 sobre la instituci\u00f3, els seus \u00f2rgans de govern, actualitat, serveis i molt m\u00e9s.","potentialAction":[{"@type":"SearchAction","target":{"@type":"EntryPoint","urlTemplate":"https:\/\/mont-roig.cat\/es\/?s={search_term_string}"},"query-input":{"@type":"PropertyValueSpecification","valueRequired":true,"valueName":"search_term_string"}}],"inLanguage":"es"},{"@type":"Person","@id":"https:\/\/mont-roig.cat\/es\/#\/schema\/person\/1f73e7b5e6f9dd122e8a6f14f310ac5e","name":"comunicacio","image":{"@type":"ImageObject","inLanguage":"es","@id":"https:\/\/secure.gravatar.com\/avatar\/98944333e7a877670a64f8d10f0cb680ab2c9ebc4efc43945ef004b52b5ad28c?s=96&d=mm&r=g","url":"https:\/\/secure.gravatar.com\/avatar\/98944333e7a877670a64f8d10f0cb680ab2c9ebc4efc43945ef004b52b5ad28c?s=96&d=mm&r=g","contentUrl":"https:\/\/secure.gravatar.com\/avatar\/98944333e7a877670a64f8d10f0cb680ab2c9ebc4efc43945ef004b52b5ad28c?s=96&d=mm&r=g","caption":"comunicacio"},"url":"https:\/\/mont-roig.cat\/es\/actualitat\/noticies\/author\/comunicacio\/"}]}},"_links":{"self":[{"href":"https:\/\/mont-roig.cat\/es\/wp-json\/wp\/v2\/posts\/75330","targetHints":{"allow":["GET"]}}],"collection":[{"href":"https:\/\/mont-roig.cat\/es\/wp-json\/wp\/v2\/posts"}],"about":[{"href":"https:\/\/mont-roig.cat\/es\/wp-json\/wp\/v2\/types\/post"}],"author":[{"embeddable":true,"href":"https:\/\/mont-roig.cat\/es\/wp-json\/wp\/v2\/users\/13"}],"replies":[{"embeddable":true,"href":"https:\/\/mont-roig.cat\/es\/wp-json\/wp\/v2\/comments?post=75330"}],"version-history":[{"count":3,"href":"https:\/\/mont-roig.cat\/es\/wp-json\/wp\/v2\/posts\/75330\/revisions"}],"predecessor-version":[{"id":75337,"href":"https:\/\/mont-roig.cat\/es\/wp-json\/wp\/v2\/posts\/75330\/revisions\/75337"}],"wp:featuredmedia":[{"embeddable":true,"href":"https:\/\/mont-roig.cat\/es\/wp-json\/wp\/v2\/media\/75321"}],"wp:attachment":[{"href":"https:\/\/mont-roig.cat\/es\/wp-json\/wp\/v2\/media?parent=75330"}],"wp:term":[{"taxonomy":"category","embeddable":true,"href":"https:\/\/mont-roig.cat\/es\/wp-json\/wp\/v2\/categories?post=75330"},{"taxonomy":"post_tag","embeddable":true,"href":"https:\/\/mont-roig.cat\/es\/wp-json\/wp\/v2\/tags?post=75330"}],"curies":[{"name":"wp","href":"https:\/\/api.w.org\/{rel}","templated":true}]}}