{"id":75372,"date":"2024-03-05T17:34:54","date_gmt":"2024-03-05T16:34:54","guid":{"rendered":"https:\/\/mont-roig.cat\/actualitat\/noticies\/el-ministeri-atura-temporalment-les-obres-del-passeig-de-les-cales-per-ampliar-oficialment-el-termini-i-millorar-el-projecte\/"},"modified":"2024-03-05T17:40:36","modified_gmt":"2024-03-05T16:40:36","slug":"el-ministerio-detiene-temporalmente-las-obras-del-paseo-de-les-cales-para-ampliar-oficialmente-el-plazo-y-mejorar-el-proyecto","status":"publish","type":"post","link":"https:\/\/mont-roig.cat\/es\/actualitat\/noticies\/el-ministerio-detiene-temporalmente-las-obras-del-paseo-de-les-cales-para-ampliar-oficialmente-el-plazo-y-mejorar-el-proyecto\/","title":{"rendered":"El Ministerio detiene temporalmente las obras del paseo de las Calas para ampliar oficialmente el plazo y mejorar el proyecto"},"content":{"rendered":"<ul>\n<li><strong><strong><a href=\"https:\/\/mont-roig.cat\/wp-content\/uploads\/Passeig.jpeg\" target=\"_blank\" rel=\"noopener\"><img loading=\"lazy\" decoding=\"async\" class=\"alignright wp-image-75361\" src=\"https:\/\/mont-roig.cat\/wp-content\/uploads\/Passeig-500x281.jpeg\" alt=\"\" width=\"301\" height=\"169\" srcset=\"https:\/\/mont-roig.cat\/wp-content\/uploads\/Passeig-500x281.jpeg 500w, https:\/\/mont-roig.cat\/wp-content\/uploads\/Passeig-1024x576.jpeg 1024w, https:\/\/mont-roig.cat\/wp-content\/uploads\/Passeig-768x432.jpeg 768w, https:\/\/mont-roig.cat\/wp-content\/uploads\/Passeig-1536x864.jpeg 1536w, https:\/\/mont-roig.cat\/wp-content\/uploads\/Passeig.jpeg 1600w\" sizes=\"auto, (max-width: 301px) 100vw, 301px\" \/><\/a><\/strong>La Direcci\u00f3n General de la Costa y el Mar, que es quien impulsa los trabajos, est\u00e1 a la espera de la aprobaci\u00f3n del proyecto modificado que contempla cambios en la pavimentaci\u00f3n y m\u00e1s tiempo para terminar las obras<\/strong><\/li>\n<li><strong>Cabe recordar que esta reforma no est\u00e1 financiada ni ejecutada por el Ayuntamiento, aunque se est\u00e1 en contacto permanente con la direcci\u00f3n de la obra y el servicio provincial de Costas para que el tr\u00e1mite administrativo se desatasque lo antes posible<\/strong><\/li>\n<\/ul>\n<p>Seg\u00fan ha comunicado el Ministerio para la Transici\u00f3n energ\u00e9tica y el reto demogr\u00e1fico (MITECO) al Ayuntamiento de Mont-roig del Camp, las obras del Paseo de las Calas de Miami Platja, quedan temporalmente paradas a la espera de que se apruebe una modificaci\u00f3n del proyecto ejecutivo.<br \/>\nEsta modificaci\u00f3n, cuyo tr\u00e1mite est\u00e1 iniciado desde noviembre, contempla una ampliaci\u00f3n del plazo de las obras, as\u00ed como una variaci\u00f3n en las alineaciones de curvaturas de pavimentaci\u00f3n, para naturalizar m\u00e1s el espacio. Una cuesti\u00f3n que se plantea para reducir la superficie de pavimento duro y mejorar el paseo.<br \/>\nSe trata, pues, de un tr\u00e1mite administrativo que sigue su curso y que es m\u00e1s lento de lo esperado, lo que desde el Ayuntamiento se insta a que se desencalle en las pr\u00f3ximas semanas, para evitar las afectaciones que \u00e9sta paro supone en el desarrollo de los trabajos.<\/p>\n<p>Cabe recordar que estas obras no est\u00e1n financiadas ni ejecutadas por el Ayuntamiento de Mont-roig del Camp, que sigue en contacto constante con la direcci\u00f3n de la obra (el Servicio provincial de Costas) para que se resuelva lo antes posible. Tambi\u00e9n que este paro no se debe a cuestiones de presupuesto, sino de tr\u00e1mites administrativos. En este sentido, se espera que la aprobaci\u00f3n de este proyecto no se alargue demasiado, teniendo en cuenta que lo aprueba un departamento estatal, que gestiona todos los proyectos financiados por fondos europeos, como estas obras.<br \/>\nUna vez la modificaci\u00f3n del proyecto sea aprobada por el Ministerio competente, las obras volver\u00e1n a reanudarse con normalidad.<\/p>\n\n\t\t<!-- MasterSlider -->\n\t\t<div id=\"P_MS69f531f7387fb\" class=\"master-slider-parent master-slider-gallery   ms-parent-id-0\"  >\n\n\t\t\t\n\t\t\t<!-- MasterSlider Main -->\n\t\t\t<div id=\"MS69f531f7387fb\" class=\"master-slider ms-skin-default\" >\n\t\t\t\t \t\t\t\t \n\t\t\t<div  class=\"ms-slide\" data-delay=\"3\"    >\n\t\t\t\t\t<img decoding=\"async\" src=\"https:\/\/mont-roig.cat\/wp-content\/plugins\/masterslider\/public\/assets\/css\/blank.gif\" alt=\"PAsseig4\" title=\"PAsseig4\" data-src=\"https:\/\/mont-roig.cat\/wp-content\/uploadsArray\" \/>\n\t<a href=\"http:\/\/Array\" target=\"_self\"    >PAsseig4<\/a>\n\n\t\t\t\t\t<div class=\"ms-info\">PAsseig4<\/div>\n\n\n\t<img decoding=\"async\" class=\"ms-thumb\" src=\"https:\/\/mont-roig.cat\/wp-content\/uploadsArray\" alt=\"PAsseig4\" \/>\n\t\t\t\t<\/div>\n\t\t\t<div  class=\"ms-slide\" data-delay=\"3\"    >\n\t\t\t\t\t<img decoding=\"async\" src=\"https:\/\/mont-roig.cat\/wp-content\/plugins\/masterslider\/public\/assets\/css\/blank.gif\" alt=\"Passeig2\" title=\"Passeig2\" data-src=\"https:\/\/mont-roig.cat\/wp-content\/uploadsArray\" \/>\n\t<a href=\"http:\/\/Array\" target=\"_self\"    >Passeig2<\/a>\n\n\t\t\t\t\t<div class=\"ms-info\">Passeig2<\/div>\n\n\n\t<img decoding=\"async\" class=\"ms-thumb\" src=\"https:\/\/mont-roig.cat\/wp-content\/uploadsArray\" alt=\"Passeig2\" \/>\n\t\t\t\t<\/div>\n\t\t\t<div  class=\"ms-slide\" data-delay=\"3\"    >\n\t\t\t\t\t<img decoding=\"async\" src=\"https:\/\/mont-roig.cat\/wp-content\/plugins\/masterslider\/public\/assets\/css\/blank.gif\" alt=\"PAsseig3\" title=\"PAsseig3\" data-src=\"https:\/\/mont-roig.cat\/wp-content\/uploadsArray\" \/>\n\t<a href=\"http:\/\/Array\" target=\"_self\"    >PAsseig3<\/a>\n\n\t\t\t\t\t<div class=\"ms-info\">PAsseig3<\/div>\n\n\n\t<img decoding=\"async\" class=\"ms-thumb\" src=\"https:\/\/mont-roig.cat\/wp-content\/uploadsArray\" alt=\"PAsseig3\" \/>\n\t\t\t\t<\/div>\n\n\t\t\t<\/div>\n\t\t\t<!-- END MasterSlider Main -->\n\n\t\t\t \n\t\t<\/div>\n\t\t<!-- END MasterSlider -->\n\n\t\t<script>\n\t\t( window.MSReady = window.MSReady || [] ).push( function( $ ) {\n\n\t\t\t\"use strict\";\n\t\t\tvar masterslider_87fb = new MasterSlider();\n\n\t\t\t\/\/ slider controls\n\t\t\tmasterslider_87fb.control('arrows'     ,{ autohide:true, overVideo:true  });\n\t\t\tmasterslider_87fb.control('thumblist'  ,{ autohide:false, overVideo:true, dir:'h', speed:17, inset:false, arrows:false, hover:false, customClass:'', align:'bottom',type:'thumbs', margin:2, width:140, height:80, space:2, fillMode:'fill'  });\n\t\t\tmasterslider_87fb.control('slideinfo'  ,{ autohide:true, overVideo:true, dir:'h', align:'bottom',inset:true , margin:80  , size:30 });\n\t\t\t\/\/ slider setup\n\t\t\tmasterslider_87fb.setup(\"MS69f531f7387fb\", {\n\t\t\t\twidth           : 960,\n\t\t\t\theight          : 540,\n\t\t\t\tminHeight       : 0,\n\t\t\t\tspace           : 0,\n\t\t\t\tstart           : 1,\n\t\t\t\tgrabCursor      : true,\n\t\t\t\tswipe           : true,\n\t\t\t\tmouse           : true,\n\t\t\t\tkeyboard        : false,\n\t\t\t\tlayout          : \"fillwidth\",\n\t\t\t\twheel           : false,\n\t\t\t\tautoplay        : false,\n                instantStartLayers:false,\n\t\t\t\tmobileBGVideo:false,\n\t\t\t\tloop            : false,\n\t\t\t\tshuffle         : false,\n\t\t\t\tpreload         : 3,\n\t\t\t\theightLimit     : false,\n\t\t\t\tautoHeight      : false,\n\t\t\t\tsmoothHeight    : true,\n\t\t\t\tendPause        : false,\n\t\t\t\toverPause       : false,\n\t\t\t\tfillMode        : \"fill\",\n\t\t\t\tcenterControls  : true,\n\t\t\t\tstartOnAppear   : false,\n\t\t\t\tlayersMode      : \"center\",\n\t\t\t\tautofillTarget  : \"\",\n\t\t\t\thideLayers      : false,\n\t\t\t\tfullscreenMargin: 0,\n\t\t\t\tspeed           : 17,\n\t\t\t\tdir             : \"h\",\n\t\t\t\tparallaxMode    : 'swipe',\n\t\t\t\tview            : \"basic\"\n\t\t\t});\n\n\t\t\t\n\t\t\twindow.masterslider_instances = window.masterslider_instances || [];\n\t\t\twindow.masterslider_instances.push( masterslider_87fb );\n\t\t});\n\t\t<\/script>\n\n\n","protected":false},"excerpt":{"rendered":"<p>La Direcci\u00f3n General de la Costa y el Mar, que es quien impulsa los trabajos, est\u00e1 a la espera de la aprobaci\u00f3n del proyecto modificado que contempla cambios en la pavimentaci\u00f3n y m\u00e1s tiempo para terminar las obras Cabe recordar que esta reforma no est\u00e1 financiada ni ejecutada por el Ayuntamiento, aunque se est\u00e1 en [&hellip;]<\/p>\n","protected":false},"author":13,"featured_media":75362,"comment_status":"closed","ping_status":"closed","sticky":false,"template":"","format":"standard","meta":{"inline_featured_image":false,"_monsterinsights_skip_tracking":false,"_monsterinsights_sitenote_active":false,"_monsterinsights_sitenote_note":"","_monsterinsights_sitenote_category":0,"footnotes":""},"categories":[98,236,235],"tags":[],"class_list":["post-75372","post","type-post","status-publish","format-standard","has-post-thumbnail","hentry","category-ayuntamiento","category-obras","category-obras-paseo-calas"],"yoast_head":"<!-- This site is optimized with the Yoast SEO plugin v27.4 - https:\/\/yoast.com\/product\/yoast-seo-wordpress\/ -->\n<title>El Ministerio detiene temporalmente las obras del paseo de las Calas para ampliar oficialmente el plazo y mejorar el proyecto - Ajuntament de Mont-roig del Camp<\/title>\n<meta name=\"robots\" content=\"index, follow, max-snippet:-1, max-image-preview:large, max-video-preview:-1\" \/>\n<link rel=\"canonical\" href=\"https:\/\/mont-roig.cat\/es\/actualitat\/noticies\/el-ministerio-detiene-temporalmente-las-obras-del-paseo-de-les-cales-para-ampliar-oficialmente-el-plazo-y-mejorar-el-proyecto\/\" \/>\n<meta property=\"og:locale\" content=\"es_ES\" \/>\n<meta property=\"og:type\" content=\"article\" \/>\n<meta property=\"og:title\" content=\"El Ministerio detiene temporalmente las obras del paseo de las Calas para ampliar oficialmente el plazo y mejorar el proyecto - Ajuntament de Mont-roig del Camp\" \/>\n<meta property=\"og:description\" content=\"La Direcci\u00f3n General de la Costa y el Mar, que es quien impulsa los trabajos, est\u00e1 a la espera de la aprobaci\u00f3n del proyecto modificado que contempla cambios en la pavimentaci\u00f3n y m\u00e1s tiempo para terminar las obras Cabe recordar que esta reforma no est\u00e1 financiada ni ejecutada por el Ayuntamiento, aunque se est\u00e1 en [&hellip;]\" \/>\n<meta property=\"og:url\" content=\"https:\/\/mont-roig.cat\/es\/actualitat\/noticies\/el-ministerio-detiene-temporalmente-las-obras-del-paseo-de-les-cales-para-ampliar-oficialmente-el-plazo-y-mejorar-el-proyecto\/\" \/>\n<meta property=\"og:site_name\" content=\"Ajuntament de Mont-roig del Camp\" \/>\n<meta property=\"article:published_time\" content=\"2024-03-05T16:34:54+00:00\" \/>\n<meta property=\"article:modified_time\" content=\"2024-03-05T16:40:36+00:00\" \/>\n<meta property=\"og:image\" content=\"https:\/\/mont-roig.cat\/wp-content\/uploads\/Passeig.jpeg\" \/>\n\t<meta property=\"og:image:width\" content=\"1600\" \/>\n\t<meta property=\"og:image:height\" content=\"900\" \/>\n\t<meta property=\"og:image:type\" content=\"image\/jpeg\" \/>\n<meta name=\"author\" content=\"comunicacio\" \/>\n<meta name=\"twitter:card\" content=\"summary_large_image\" \/>\n<meta name=\"twitter:label1\" content=\"Escrito por\" \/>\n\t<meta name=\"twitter:data1\" content=\"comunicacio\" \/>\n\t<meta name=\"twitter:label2\" content=\"Tiempo de lectura\" \/>\n\t<meta name=\"twitter:data2\" content=\"3 minutos\" \/>\n<script type=\"application\/ld+json\" class=\"yoast-schema-graph\">{\"@context\":\"https:\\\/\\\/schema.org\",\"@graph\":[{\"@type\":\"Article\",\"@id\":\"https:\\\/\\\/mont-roig.cat\\\/es\\\/actualitat\\\/noticies\\\/el-ministerio-detiene-temporalmente-las-obras-del-paseo-de-les-cales-para-ampliar-oficialmente-el-plazo-y-mejorar-el-proyecto\\\/#article\",\"isPartOf\":{\"@id\":\"https:\\\/\\\/mont-roig.cat\\\/es\\\/actualitat\\\/noticies\\\/el-ministerio-detiene-temporalmente-las-obras-del-paseo-de-les-cales-para-ampliar-oficialmente-el-plazo-y-mejorar-el-proyecto\\\/\"},\"author\":{\"name\":\"comunicacio\",\"@id\":\"https:\\\/\\\/mont-roig.cat\\\/es\\\/#\\\/schema\\\/person\\\/1f73e7b5e6f9dd122e8a6f14f310ac5e\"},\"headline\":\"El Ministerio detiene temporalmente las obras del paseo de las Calas para ampliar oficialmente el plazo y mejorar el proyecto\",\"datePublished\":\"2024-03-05T16:34:54+00:00\",\"dateModified\":\"2024-03-05T16:40:36+00:00\",\"mainEntityOfPage\":{\"@id\":\"https:\\\/\\\/mont-roig.cat\\\/es\\\/actualitat\\\/noticies\\\/el-ministerio-detiene-temporalmente-las-obras-del-paseo-de-les-cales-para-ampliar-oficialmente-el-plazo-y-mejorar-el-proyecto\\\/\"},\"wordCount\":388,\"image\":{\"@id\":\"https:\\\/\\\/mont-roig.cat\\\/es\\\/actualitat\\\/noticies\\\/el-ministerio-detiene-temporalmente-las-obras-del-paseo-de-les-cales-para-ampliar-oficialmente-el-plazo-y-mejorar-el-proyecto\\\/#primaryimage\"},\"thumbnailUrl\":\"https:\\\/\\\/mont-roig.cat\\\/wp-content\\\/uploads\\\/Passeig.jpeg\",\"articleSection\":[\"Ayuntamiento\",\"Obras\",\"Obras Paseo Calas\"],\"inLanguage\":\"es\"},{\"@type\":\"WebPage\",\"@id\":\"https:\\\/\\\/mont-roig.cat\\\/es\\\/actualitat\\\/noticies\\\/el-ministerio-detiene-temporalmente-las-obras-del-paseo-de-les-cales-para-ampliar-oficialmente-el-plazo-y-mejorar-el-proyecto\\\/\",\"url\":\"https:\\\/\\\/mont-roig.cat\\\/es\\\/actualitat\\\/noticies\\\/el-ministerio-detiene-temporalmente-las-obras-del-paseo-de-les-cales-para-ampliar-oficialmente-el-plazo-y-mejorar-el-proyecto\\\/\",\"name\":\"El Ministerio detiene temporalmente las obras del paseo de las Calas para ampliar oficialmente el plazo y mejorar el proyecto - Ajuntament de Mont-roig del Camp\",\"isPartOf\":{\"@id\":\"https:\\\/\\\/mont-roig.cat\\\/es\\\/#website\"},\"primaryImageOfPage\":{\"@id\":\"https:\\\/\\\/mont-roig.cat\\\/es\\\/actualitat\\\/noticies\\\/el-ministerio-detiene-temporalmente-las-obras-del-paseo-de-les-cales-para-ampliar-oficialmente-el-plazo-y-mejorar-el-proyecto\\\/#primaryimage\"},\"image\":{\"@id\":\"https:\\\/\\\/mont-roig.cat\\\/es\\\/actualitat\\\/noticies\\\/el-ministerio-detiene-temporalmente-las-obras-del-paseo-de-les-cales-para-ampliar-oficialmente-el-plazo-y-mejorar-el-proyecto\\\/#primaryimage\"},\"thumbnailUrl\":\"https:\\\/\\\/mont-roig.cat\\\/wp-content\\\/uploads\\\/Passeig.jpeg\",\"datePublished\":\"2024-03-05T16:34:54+00:00\",\"dateModified\":\"2024-03-05T16:40:36+00:00\",\"author\":{\"@id\":\"https:\\\/\\\/mont-roig.cat\\\/es\\\/#\\\/schema\\\/person\\\/1f73e7b5e6f9dd122e8a6f14f310ac5e\"},\"breadcrumb\":{\"@id\":\"https:\\\/\\\/mont-roig.cat\\\/es\\\/actualitat\\\/noticies\\\/el-ministerio-detiene-temporalmente-las-obras-del-paseo-de-les-cales-para-ampliar-oficialmente-el-plazo-y-mejorar-el-proyecto\\\/#breadcrumb\"},\"inLanguage\":\"es\",\"potentialAction\":[{\"@type\":\"ReadAction\",\"target\":[\"https:\\\/\\\/mont-roig.cat\\\/es\\\/actualitat\\\/noticies\\\/el-ministerio-detiene-temporalmente-las-obras-del-paseo-de-les-cales-para-ampliar-oficialmente-el-plazo-y-mejorar-el-proyecto\\\/\"]}]},{\"@type\":\"ImageObject\",\"inLanguage\":\"es\",\"@id\":\"https:\\\/\\\/mont-roig.cat\\\/es\\\/actualitat\\\/noticies\\\/el-ministerio-detiene-temporalmente-las-obras-del-paseo-de-les-cales-para-ampliar-oficialmente-el-plazo-y-mejorar-el-proyecto\\\/#primaryimage\",\"url\":\"https:\\\/\\\/mont-roig.cat\\\/wp-content\\\/uploads\\\/Passeig.jpeg\",\"contentUrl\":\"https:\\\/\\\/mont-roig.cat\\\/wp-content\\\/uploads\\\/Passeig.jpeg\",\"width\":1600,\"height\":900},{\"@type\":\"BreadcrumbList\",\"@id\":\"https:\\\/\\\/mont-roig.cat\\\/es\\\/actualitat\\\/noticies\\\/el-ministerio-detiene-temporalmente-las-obras-del-paseo-de-les-cales-para-ampliar-oficialmente-el-plazo-y-mejorar-el-proyecto\\\/#breadcrumb\",\"itemListElement\":[{\"@type\":\"ListItem\",\"position\":1,\"name\":\"Inici\",\"item\":\"https:\\\/\\\/mont-roig.cat\\\/es\\\/pagina-de-inicio\\\/\"},{\"@type\":\"ListItem\",\"position\":2,\"name\":\"El Ministerio detiene temporalmente las obras del paseo de las Calas para ampliar oficialmente el plazo y mejorar el proyecto\"}]},{\"@type\":\"WebSite\",\"@id\":\"https:\\\/\\\/mont-roig.cat\\\/es\\\/#website\",\"url\":\"https:\\\/\\\/mont-roig.cat\\\/es\\\/\",\"name\":\"Ajuntament de Mont-roig del Camp\",\"description\":\"Tota la informaci\u00f3 sobre la instituci\u00f3, els seus \u00f2rgans de govern, actualitat, serveis i molt m\u00e9s.\",\"potentialAction\":[{\"@type\":\"SearchAction\",\"target\":{\"@type\":\"EntryPoint\",\"urlTemplate\":\"https:\\\/\\\/mont-roig.cat\\\/es\\\/?s={search_term_string}\"},\"query-input\":{\"@type\":\"PropertyValueSpecification\",\"valueRequired\":true,\"valueName\":\"search_term_string\"}}],\"inLanguage\":\"es\"},{\"@type\":\"Person\",\"@id\":\"https:\\\/\\\/mont-roig.cat\\\/es\\\/#\\\/schema\\\/person\\\/1f73e7b5e6f9dd122e8a6f14f310ac5e\",\"name\":\"comunicacio\",\"image\":{\"@type\":\"ImageObject\",\"inLanguage\":\"es\",\"@id\":\"https:\\\/\\\/secure.gravatar.com\\\/avatar\\\/98944333e7a877670a64f8d10f0cb680ab2c9ebc4efc43945ef004b52b5ad28c?s=96&d=mm&r=g\",\"url\":\"https:\\\/\\\/secure.gravatar.com\\\/avatar\\\/98944333e7a877670a64f8d10f0cb680ab2c9ebc4efc43945ef004b52b5ad28c?s=96&d=mm&r=g\",\"contentUrl\":\"https:\\\/\\\/secure.gravatar.com\\\/avatar\\\/98944333e7a877670a64f8d10f0cb680ab2c9ebc4efc43945ef004b52b5ad28c?s=96&d=mm&r=g\",\"caption\":\"comunicacio\"},\"url\":\"https:\\\/\\\/mont-roig.cat\\\/es\\\/actualitat\\\/noticies\\\/author\\\/comunicacio\\\/\"}]}<\/script>\n<!-- \/ Yoast SEO plugin. -->","yoast_head_json":{"title":"El Ministerio detiene temporalmente las obras del paseo de las Calas para ampliar oficialmente el plazo y mejorar el proyecto - Ajuntament de Mont-roig del Camp","robots":{"index":"index","follow":"follow","max-snippet":"max-snippet:-1","max-image-preview":"max-image-preview:large","max-video-preview":"max-video-preview:-1"},"canonical":"https:\/\/mont-roig.cat\/es\/actualitat\/noticies\/el-ministerio-detiene-temporalmente-las-obras-del-paseo-de-les-cales-para-ampliar-oficialmente-el-plazo-y-mejorar-el-proyecto\/","og_locale":"es_ES","og_type":"article","og_title":"El Ministerio detiene temporalmente las obras del paseo de las Calas para ampliar oficialmente el plazo y mejorar el proyecto - Ajuntament de Mont-roig del Camp","og_description":"La Direcci\u00f3n General de la Costa y el Mar, que es quien impulsa los trabajos, est\u00e1 a la espera de la aprobaci\u00f3n del proyecto modificado que contempla cambios en la pavimentaci\u00f3n y m\u00e1s tiempo para terminar las obras Cabe recordar que esta reforma no est\u00e1 financiada ni ejecutada por el Ayuntamiento, aunque se est\u00e1 en [&hellip;]","og_url":"https:\/\/mont-roig.cat\/es\/actualitat\/noticies\/el-ministerio-detiene-temporalmente-las-obras-del-paseo-de-les-cales-para-ampliar-oficialmente-el-plazo-y-mejorar-el-proyecto\/","og_site_name":"Ajuntament de Mont-roig del Camp","article_published_time":"2024-03-05T16:34:54+00:00","article_modified_time":"2024-03-05T16:40:36+00:00","og_image":[{"width":1600,"height":900,"url":"https:\/\/mont-roig.cat\/wp-content\/uploads\/Passeig.jpeg","type":"image\/jpeg"}],"author":"comunicacio","twitter_card":"summary_large_image","twitter_misc":{"Escrito por":"comunicacio","Tiempo de lectura":"3 minutos"},"schema":{"@context":"https:\/\/schema.org","@graph":[{"@type":"Article","@id":"https:\/\/mont-roig.cat\/es\/actualitat\/noticies\/el-ministerio-detiene-temporalmente-las-obras-del-paseo-de-les-cales-para-ampliar-oficialmente-el-plazo-y-mejorar-el-proyecto\/#article","isPartOf":{"@id":"https:\/\/mont-roig.cat\/es\/actualitat\/noticies\/el-ministerio-detiene-temporalmente-las-obras-del-paseo-de-les-cales-para-ampliar-oficialmente-el-plazo-y-mejorar-el-proyecto\/"},"author":{"name":"comunicacio","@id":"https:\/\/mont-roig.cat\/es\/#\/schema\/person\/1f73e7b5e6f9dd122e8a6f14f310ac5e"},"headline":"El Ministerio detiene temporalmente las obras del paseo de las Calas para ampliar oficialmente el plazo y mejorar el proyecto","datePublished":"2024-03-05T16:34:54+00:00","dateModified":"2024-03-05T16:40:36+00:00","mainEntityOfPage":{"@id":"https:\/\/mont-roig.cat\/es\/actualitat\/noticies\/el-ministerio-detiene-temporalmente-las-obras-del-paseo-de-les-cales-para-ampliar-oficialmente-el-plazo-y-mejorar-el-proyecto\/"},"wordCount":388,"image":{"@id":"https:\/\/mont-roig.cat\/es\/actualitat\/noticies\/el-ministerio-detiene-temporalmente-las-obras-del-paseo-de-les-cales-para-ampliar-oficialmente-el-plazo-y-mejorar-el-proyecto\/#primaryimage"},"thumbnailUrl":"https:\/\/mont-roig.cat\/wp-content\/uploads\/Passeig.jpeg","articleSection":["Ayuntamiento","Obras","Obras Paseo Calas"],"inLanguage":"es"},{"@type":"WebPage","@id":"https:\/\/mont-roig.cat\/es\/actualitat\/noticies\/el-ministerio-detiene-temporalmente-las-obras-del-paseo-de-les-cales-para-ampliar-oficialmente-el-plazo-y-mejorar-el-proyecto\/","url":"https:\/\/mont-roig.cat\/es\/actualitat\/noticies\/el-ministerio-detiene-temporalmente-las-obras-del-paseo-de-les-cales-para-ampliar-oficialmente-el-plazo-y-mejorar-el-proyecto\/","name":"El Ministerio detiene temporalmente las obras del paseo de las Calas para ampliar oficialmente el plazo y mejorar el proyecto - Ajuntament de Mont-roig del Camp","isPartOf":{"@id":"https:\/\/mont-roig.cat\/es\/#website"},"primaryImageOfPage":{"@id":"https:\/\/mont-roig.cat\/es\/actualitat\/noticies\/el-ministerio-detiene-temporalmente-las-obras-del-paseo-de-les-cales-para-ampliar-oficialmente-el-plazo-y-mejorar-el-proyecto\/#primaryimage"},"image":{"@id":"https:\/\/mont-roig.cat\/es\/actualitat\/noticies\/el-ministerio-detiene-temporalmente-las-obras-del-paseo-de-les-cales-para-ampliar-oficialmente-el-plazo-y-mejorar-el-proyecto\/#primaryimage"},"thumbnailUrl":"https:\/\/mont-roig.cat\/wp-content\/uploads\/Passeig.jpeg","datePublished":"2024-03-05T16:34:54+00:00","dateModified":"2024-03-05T16:40:36+00:00","author":{"@id":"https:\/\/mont-roig.cat\/es\/#\/schema\/person\/1f73e7b5e6f9dd122e8a6f14f310ac5e"},"breadcrumb":{"@id":"https:\/\/mont-roig.cat\/es\/actualitat\/noticies\/el-ministerio-detiene-temporalmente-las-obras-del-paseo-de-les-cales-para-ampliar-oficialmente-el-plazo-y-mejorar-el-proyecto\/#breadcrumb"},"inLanguage":"es","potentialAction":[{"@type":"ReadAction","target":["https:\/\/mont-roig.cat\/es\/actualitat\/noticies\/el-ministerio-detiene-temporalmente-las-obras-del-paseo-de-les-cales-para-ampliar-oficialmente-el-plazo-y-mejorar-el-proyecto\/"]}]},{"@type":"ImageObject","inLanguage":"es","@id":"https:\/\/mont-roig.cat\/es\/actualitat\/noticies\/el-ministerio-detiene-temporalmente-las-obras-del-paseo-de-les-cales-para-ampliar-oficialmente-el-plazo-y-mejorar-el-proyecto\/#primaryimage","url":"https:\/\/mont-roig.cat\/wp-content\/uploads\/Passeig.jpeg","contentUrl":"https:\/\/mont-roig.cat\/wp-content\/uploads\/Passeig.jpeg","width":1600,"height":900},{"@type":"BreadcrumbList","@id":"https:\/\/mont-roig.cat\/es\/actualitat\/noticies\/el-ministerio-detiene-temporalmente-las-obras-del-paseo-de-les-cales-para-ampliar-oficialmente-el-plazo-y-mejorar-el-proyecto\/#breadcrumb","itemListElement":[{"@type":"ListItem","position":1,"name":"Inici","item":"https:\/\/mont-roig.cat\/es\/pagina-de-inicio\/"},{"@type":"ListItem","position":2,"name":"El Ministerio detiene temporalmente las obras del paseo de las Calas para ampliar oficialmente el plazo y mejorar el proyecto"}]},{"@type":"WebSite","@id":"https:\/\/mont-roig.cat\/es\/#website","url":"https:\/\/mont-roig.cat\/es\/","name":"Ajuntament de Mont-roig del Camp","description":"Tota la informaci\u00f3 sobre la instituci\u00f3, els seus \u00f2rgans de govern, actualitat, serveis i molt m\u00e9s.","potentialAction":[{"@type":"SearchAction","target":{"@type":"EntryPoint","urlTemplate":"https:\/\/mont-roig.cat\/es\/?s={search_term_string}"},"query-input":{"@type":"PropertyValueSpecification","valueRequired":true,"valueName":"search_term_string"}}],"inLanguage":"es"},{"@type":"Person","@id":"https:\/\/mont-roig.cat\/es\/#\/schema\/person\/1f73e7b5e6f9dd122e8a6f14f310ac5e","name":"comunicacio","image":{"@type":"ImageObject","inLanguage":"es","@id":"https:\/\/secure.gravatar.com\/avatar\/98944333e7a877670a64f8d10f0cb680ab2c9ebc4efc43945ef004b52b5ad28c?s=96&d=mm&r=g","url":"https:\/\/secure.gravatar.com\/avatar\/98944333e7a877670a64f8d10f0cb680ab2c9ebc4efc43945ef004b52b5ad28c?s=96&d=mm&r=g","contentUrl":"https:\/\/secure.gravatar.com\/avatar\/98944333e7a877670a64f8d10f0cb680ab2c9ebc4efc43945ef004b52b5ad28c?s=96&d=mm&r=g","caption":"comunicacio"},"url":"https:\/\/mont-roig.cat\/es\/actualitat\/noticies\/author\/comunicacio\/"}]}},"_links":{"self":[{"href":"https:\/\/mont-roig.cat\/es\/wp-json\/wp\/v2\/posts\/75372","targetHints":{"allow":["GET"]}}],"collection":[{"href":"https:\/\/mont-roig.cat\/es\/wp-json\/wp\/v2\/posts"}],"about":[{"href":"https:\/\/mont-roig.cat\/es\/wp-json\/wp\/v2\/types\/post"}],"author":[{"embeddable":true,"href":"https:\/\/mont-roig.cat\/es\/wp-json\/wp\/v2\/users\/13"}],"replies":[{"embeddable":true,"href":"https:\/\/mont-roig.cat\/es\/wp-json\/wp\/v2\/comments?post=75372"}],"version-history":[{"count":3,"href":"https:\/\/mont-roig.cat\/es\/wp-json\/wp\/v2\/posts\/75372\/revisions"}],"predecessor-version":[{"id":75375,"href":"https:\/\/mont-roig.cat\/es\/wp-json\/wp\/v2\/posts\/75372\/revisions\/75375"}],"wp:featuredmedia":[{"embeddable":true,"href":"https:\/\/mont-roig.cat\/es\/wp-json\/wp\/v2\/media\/75362"}],"wp:attachment":[{"href":"https:\/\/mont-roig.cat\/es\/wp-json\/wp\/v2\/media?parent=75372"}],"wp:term":[{"taxonomy":"category","embeddable":true,"href":"https:\/\/mont-roig.cat\/es\/wp-json\/wp\/v2\/categories?post=75372"},{"taxonomy":"post_tag","embeddable":true,"href":"https:\/\/mont-roig.cat\/es\/wp-json\/wp\/v2\/tags?post=75372"}],"curies":[{"name":"wp","href":"https:\/\/api.w.org\/{rel}","templated":true}]}}