{"id":75537,"date":"2024-03-21T14:14:00","date_gmt":"2024-03-21T13:14:00","guid":{"rendered":"https:\/\/mont-roig.cat\/actualitat\/noticies\/la-fira-de-vi-de-miami-platja-estrena-nova-ubicacio-la-placa-del-cinquantenari\/"},"modified":"2024-03-21T14:32:26","modified_gmt":"2024-03-21T13:32:26","slug":"la-feria-de-vino-de-miami-playa-estrena-nueva-ubicacion-la-plaza-del-cincuentenario","status":"publish","type":"post","link":"https:\/\/mont-roig.cat\/es\/actualitat\/noticies\/la-feria-de-vino-de-miami-playa-estrena-nueva-ubicacion-la-plaza-del-cincuentenario\/","title":{"rendered":"La Feria de Vino de Miami Platja estrena nueva ubicaci\u00f3n, la plaza del Cincuentenario"},"content":{"rendered":"<ul>\n<li><strong><a href=\"https:\/\/mont-roig.cat\/wp-content\/uploads\/MMT_firaVi_24_CARTELL_web.png\" target=\"_blank\" rel=\"noopener\"><img loading=\"lazy\" decoding=\"async\" class=\"alignright wp-image-75524\" src=\"https:\/\/mont-roig.cat\/wp-content\/uploads\/MMT_firaVi_24_CARTELL_web-354x500.png\" alt=\"\" width=\"299\" height=\"422\" srcset=\"https:\/\/mont-roig.cat\/wp-content\/uploads\/MMT_firaVi_24_CARTELL_web-354x500.png 354w, https:\/\/mont-roig.cat\/wp-content\/uploads\/MMT_firaVi_24_CARTELL_web-724x1024.png 724w, https:\/\/mont-roig.cat\/wp-content\/uploads\/MMT_firaVi_24_CARTELL_web-768x1086.png 768w, https:\/\/mont-roig.cat\/wp-content\/uploads\/MMT_firaVi_24_CARTELL_web-1086x1536.png 1086w, https:\/\/mont-roig.cat\/wp-content\/uploads\/MMT_firaVi_24_CARTELL_web-1448x2048.png 1448w, https:\/\/mont-roig.cat\/wp-content\/uploads\/MMT_firaVi_24_CARTELL_web.png 1754w\" sizes=\"auto, (max-width: 299px) 100vw, 299px\" \/><\/a>Se celebrar\u00e1 del 22 de marzo al 24 de marzo con la presencia de 16 bodegas de las DO&#8217;s del territorio y servir\u00e1 para dar la bienvenida a las vacaciones de Semana Santa<br \/>\n<\/strong><\/li>\n<\/ul>\n<p>La cuarta edici\u00f3n de la Feria del Vino de Miami Platja empezar\u00e1 este viernes 22 de marzo y se alargar\u00e1 hasta el domingo 24 de marzo. Se trata de un evento para disfrutarlo en familia, con pareja o amigos, que ofrecer\u00e1 los vinos de diecis\u00e9is bodegas de las denominaciones de origen de las comarcas de Tarragona y tambi\u00e9n una serie de actividades muy diversas: catas de vinos, un espacio gastron\u00f3mico, actuaciones musicales con artistas y grupos de renombre, una zona chill out y actividades infantiles. Los m\u00e1s peque\u00f1os y peque\u00f1as tendr\u00e1n su espacio en la Feria del Vino donde podr\u00e1n disfrutar de hinchables y un circuito de karts. Este a\u00f1o, sin embargo, la principal novedad de la Feria del Vino de Miami Platja es la nueva ubicaci\u00f3n, la Plaza del Cincuentenario, junto a la Avenida Barcelona.<\/p>\n<p>El horario de la Feria del Vino de Miami Platja ser\u00e1 el viernes 23 de marzo de 18 a 23 h, el s\u00e1bado de las 11 a las 23 de forma ininterrumpida y el domingo cerrar\u00e1 una hora antes, a las 22 h. Para poder probar los vinos, ser\u00e1 necesario adquirir un pack que, por 10 euros, ofrece 5 catas, una copa y un porta copas. Tambi\u00e9n se pueden adquirir packs de dos catas por cuatro euros y una copa y un porta copas por cuatro euros hasta agotar existencias. El pago se podr\u00e1 realizar en el stand de la organizaci\u00f3n con tarjeta o en efectivo.<\/p>\n<p>Esta cuarta edici\u00f3n de la Feria del Vino de Miami Platja servir\u00e1 para dar el pistoletazo de salida a la Semana Santa y se espera que tenga de nuevo una buena acogida por parte del p\u00fablico local, de los turistas que pasan unos d\u00edas en la localidad o de personas de otras poblaciones que se desplazan a Miami Platja para disfrutar de su entorno.<\/p>\n<p><strong>Actividades complementarias<\/strong><br \/>\nEntre las actividades complementarias encontramos una actuaci\u00f3n de m\u00fasica electr\u00f3nica con el celo el\u00e9ctrico de Didacellist, una sesi\u00f3n de dj con John C. Burris, las actuaciones de Mint Valley y Radio Reggae y las wine sesiones con Lola Van Dj Truck. Est\u00e1 prevista tambi\u00e9n dos catas de vinos de cinco cooperativas (Cornudella de Montsant, Falset, Masroig, Gratallops y Cap\u00e7anes) a cargo de The Wine Truck. El precio de estas catas, que se har\u00e1n el s\u00e1bado a las 18.30 hy el domingo a las 12.30h es de 12 euros y debe adquirirse previamente en www.entrapolis.com.<br \/>\nPor su parte, el espacio gastron\u00f3mico de la Feria del Vino de Miami Platja estar\u00e1 integrado por las propuestas de los establecimientos Papaya, Plats &amp; Co, el Casal de Sant Jaume y La Surfera.<\/p>\n<p>El programa completo de la Feria se puede descargar <a href=\"https:\/\/mont-roig.cat\/wp-content\/uploads\/Desplegable_fira_vi_2024_CA1.pdf\" target=\"_blank\" rel=\"noopener\">este enlace.\u00a0<\/a><\/p>\n","protected":false},"excerpt":{"rendered":"<p>Se celebrar\u00e1 del 22 de marzo al 24 de marzo con la presencia de 16 bodegas de las DO&#8217;s del territorio y servir\u00e1 para dar la bienvenida a las vacaciones de Semana Santa La cuarta edici\u00f3n de la Feria del Vino de Miami Platja empezar\u00e1 este viernes 22 de marzo y se alargar\u00e1 hasta el [&hellip;]<\/p>\n","protected":false},"author":13,"featured_media":75531,"comment_status":"closed","ping_status":"closed","sticky":false,"template":"","format":"standard","meta":{"inline_featured_image":false,"_monsterinsights_skip_tracking":false,"_monsterinsights_sitenote_active":false,"_monsterinsights_sitenote_note":"","_monsterinsights_sitenote_category":0,"footnotes":""},"categories":[98,115],"tags":[],"class_list":["post-75537","post","type-post","status-publish","format-standard","has-post-thumbnail","hentry","category-ayuntamiento","category-turismo"],"yoast_head":"<!-- This site is optimized with the Yoast SEO plugin v27.4 - https:\/\/yoast.com\/product\/yoast-seo-wordpress\/ -->\n<title>La Feria de Vino de Miami Platja estrena nueva ubicaci\u00f3n, la plaza del Cincuentenario - Ajuntament de Mont-roig del Camp<\/title>\n<meta name=\"robots\" content=\"index, follow, max-snippet:-1, max-image-preview:large, max-video-preview:-1\" \/>\n<link rel=\"canonical\" href=\"https:\/\/mont-roig.cat\/es\/actualitat\/noticies\/la-feria-de-vino-de-miami-playa-estrena-nueva-ubicacion-la-plaza-del-cincuentenario\/\" \/>\n<meta property=\"og:locale\" content=\"es_ES\" \/>\n<meta property=\"og:type\" content=\"article\" \/>\n<meta property=\"og:title\" content=\"La Feria de Vino de Miami Platja estrena nueva ubicaci\u00f3n, la plaza del Cincuentenario - Ajuntament de Mont-roig del Camp\" \/>\n<meta property=\"og:description\" content=\"Se celebrar\u00e1 del 22 de marzo al 24 de marzo con la presencia de 16 bodegas de las DO&#8217;s del territorio y servir\u00e1 para dar la bienvenida a las vacaciones de Semana Santa La cuarta edici\u00f3n de la Feria del Vino de Miami Platja empezar\u00e1 este viernes 22 de marzo y se alargar\u00e1 hasta el [&hellip;]\" \/>\n<meta property=\"og:url\" content=\"https:\/\/mont-roig.cat\/es\/actualitat\/noticies\/la-feria-de-vino-de-miami-playa-estrena-nueva-ubicacion-la-plaza-del-cincuentenario\/\" \/>\n<meta property=\"og:site_name\" content=\"Ajuntament de Mont-roig del Camp\" \/>\n<meta property=\"article:published_time\" content=\"2024-03-21T13:14:00+00:00\" \/>\n<meta property=\"article:modified_time\" content=\"2024-03-21T13:32:26+00:00\" \/>\n<meta property=\"og:image\" content=\"https:\/\/mont-roig.cat\/wp-content\/uploads\/MMT_firaVi_24_bannerFEMTURISME_1200x600_CA.png\" \/>\n\t<meta property=\"og:image:width\" content=\"1200\" \/>\n\t<meta property=\"og:image:height\" content=\"600\" \/>\n\t<meta property=\"og:image:type\" content=\"image\/png\" \/>\n<meta name=\"author\" content=\"comunicacio\" \/>\n<meta name=\"twitter:card\" content=\"summary_large_image\" \/>\n<meta name=\"twitter:label1\" content=\"Escrito por\" \/>\n\t<meta name=\"twitter:data1\" content=\"comunicacio\" \/>\n\t<meta name=\"twitter:label2\" content=\"Tiempo de lectura\" \/>\n\t<meta name=\"twitter:data2\" content=\"4 minutos\" \/>\n<script type=\"application\/ld+json\" class=\"yoast-schema-graph\">{\"@context\":\"https:\\\/\\\/schema.org\",\"@graph\":[{\"@type\":\"Article\",\"@id\":\"https:\\\/\\\/mont-roig.cat\\\/es\\\/actualitat\\\/noticies\\\/la-feria-de-vino-de-miami-playa-estrena-nueva-ubicacion-la-plaza-del-cincuentenario\\\/#article\",\"isPartOf\":{\"@id\":\"https:\\\/\\\/mont-roig.cat\\\/es\\\/actualitat\\\/noticies\\\/la-feria-de-vino-de-miami-playa-estrena-nueva-ubicacion-la-plaza-del-cincuentenario\\\/\"},\"author\":{\"name\":\"comunicacio\",\"@id\":\"https:\\\/\\\/mont-roig.cat\\\/es\\\/#\\\/schema\\\/person\\\/1f73e7b5e6f9dd122e8a6f14f310ac5e\"},\"headline\":\"La Feria de Vino de Miami Platja estrena nueva ubicaci\u00f3n, la plaza del Cincuentenario\",\"datePublished\":\"2024-03-21T13:14:00+00:00\",\"dateModified\":\"2024-03-21T13:32:26+00:00\",\"mainEntityOfPage\":{\"@id\":\"https:\\\/\\\/mont-roig.cat\\\/es\\\/actualitat\\\/noticies\\\/la-feria-de-vino-de-miami-playa-estrena-nueva-ubicacion-la-plaza-del-cincuentenario\\\/\"},\"wordCount\":509,\"image\":{\"@id\":\"https:\\\/\\\/mont-roig.cat\\\/es\\\/actualitat\\\/noticies\\\/la-feria-de-vino-de-miami-playa-estrena-nueva-ubicacion-la-plaza-del-cincuentenario\\\/#primaryimage\"},\"thumbnailUrl\":\"https:\\\/\\\/mont-roig.cat\\\/wp-content\\\/uploads\\\/MMT_firaVi_24_bannerFEMTURISME_1200x600_CA.png\",\"articleSection\":[\"Ayuntamiento\",\"Turismo\"],\"inLanguage\":\"es\"},{\"@type\":\"WebPage\",\"@id\":\"https:\\\/\\\/mont-roig.cat\\\/es\\\/actualitat\\\/noticies\\\/la-feria-de-vino-de-miami-playa-estrena-nueva-ubicacion-la-plaza-del-cincuentenario\\\/\",\"url\":\"https:\\\/\\\/mont-roig.cat\\\/es\\\/actualitat\\\/noticies\\\/la-feria-de-vino-de-miami-playa-estrena-nueva-ubicacion-la-plaza-del-cincuentenario\\\/\",\"name\":\"La Feria de Vino de Miami Platja estrena nueva ubicaci\u00f3n, la plaza del Cincuentenario - Ajuntament de Mont-roig del Camp\",\"isPartOf\":{\"@id\":\"https:\\\/\\\/mont-roig.cat\\\/es\\\/#website\"},\"primaryImageOfPage\":{\"@id\":\"https:\\\/\\\/mont-roig.cat\\\/es\\\/actualitat\\\/noticies\\\/la-feria-de-vino-de-miami-playa-estrena-nueva-ubicacion-la-plaza-del-cincuentenario\\\/#primaryimage\"},\"image\":{\"@id\":\"https:\\\/\\\/mont-roig.cat\\\/es\\\/actualitat\\\/noticies\\\/la-feria-de-vino-de-miami-playa-estrena-nueva-ubicacion-la-plaza-del-cincuentenario\\\/#primaryimage\"},\"thumbnailUrl\":\"https:\\\/\\\/mont-roig.cat\\\/wp-content\\\/uploads\\\/MMT_firaVi_24_bannerFEMTURISME_1200x600_CA.png\",\"datePublished\":\"2024-03-21T13:14:00+00:00\",\"dateModified\":\"2024-03-21T13:32:26+00:00\",\"author\":{\"@id\":\"https:\\\/\\\/mont-roig.cat\\\/es\\\/#\\\/schema\\\/person\\\/1f73e7b5e6f9dd122e8a6f14f310ac5e\"},\"breadcrumb\":{\"@id\":\"https:\\\/\\\/mont-roig.cat\\\/es\\\/actualitat\\\/noticies\\\/la-feria-de-vino-de-miami-playa-estrena-nueva-ubicacion-la-plaza-del-cincuentenario\\\/#breadcrumb\"},\"inLanguage\":\"es\",\"potentialAction\":[{\"@type\":\"ReadAction\",\"target\":[\"https:\\\/\\\/mont-roig.cat\\\/es\\\/actualitat\\\/noticies\\\/la-feria-de-vino-de-miami-playa-estrena-nueva-ubicacion-la-plaza-del-cincuentenario\\\/\"]}]},{\"@type\":\"ImageObject\",\"inLanguage\":\"es\",\"@id\":\"https:\\\/\\\/mont-roig.cat\\\/es\\\/actualitat\\\/noticies\\\/la-feria-de-vino-de-miami-playa-estrena-nueva-ubicacion-la-plaza-del-cincuentenario\\\/#primaryimage\",\"url\":\"https:\\\/\\\/mont-roig.cat\\\/wp-content\\\/uploads\\\/MMT_firaVi_24_bannerFEMTURISME_1200x600_CA.png\",\"contentUrl\":\"https:\\\/\\\/mont-roig.cat\\\/wp-content\\\/uploads\\\/MMT_firaVi_24_bannerFEMTURISME_1200x600_CA.png\",\"width\":1200,\"height\":600},{\"@type\":\"BreadcrumbList\",\"@id\":\"https:\\\/\\\/mont-roig.cat\\\/es\\\/actualitat\\\/noticies\\\/la-feria-de-vino-de-miami-playa-estrena-nueva-ubicacion-la-plaza-del-cincuentenario\\\/#breadcrumb\",\"itemListElement\":[{\"@type\":\"ListItem\",\"position\":1,\"name\":\"Inici\",\"item\":\"https:\\\/\\\/mont-roig.cat\\\/es\\\/pagina-de-inicio\\\/\"},{\"@type\":\"ListItem\",\"position\":2,\"name\":\"La Feria de Vino de Miami Platja estrena nueva ubicaci\u00f3n, la plaza del Cincuentenario\"}]},{\"@type\":\"WebSite\",\"@id\":\"https:\\\/\\\/mont-roig.cat\\\/es\\\/#website\",\"url\":\"https:\\\/\\\/mont-roig.cat\\\/es\\\/\",\"name\":\"Ajuntament de Mont-roig del Camp\",\"description\":\"Tota la informaci\u00f3 sobre la instituci\u00f3, els seus \u00f2rgans de govern, actualitat, serveis i molt m\u00e9s.\",\"potentialAction\":[{\"@type\":\"SearchAction\",\"target\":{\"@type\":\"EntryPoint\",\"urlTemplate\":\"https:\\\/\\\/mont-roig.cat\\\/es\\\/?s={search_term_string}\"},\"query-input\":{\"@type\":\"PropertyValueSpecification\",\"valueRequired\":true,\"valueName\":\"search_term_string\"}}],\"inLanguage\":\"es\"},{\"@type\":\"Person\",\"@id\":\"https:\\\/\\\/mont-roig.cat\\\/es\\\/#\\\/schema\\\/person\\\/1f73e7b5e6f9dd122e8a6f14f310ac5e\",\"name\":\"comunicacio\",\"image\":{\"@type\":\"ImageObject\",\"inLanguage\":\"es\",\"@id\":\"https:\\\/\\\/secure.gravatar.com\\\/avatar\\\/98944333e7a877670a64f8d10f0cb680ab2c9ebc4efc43945ef004b52b5ad28c?s=96&d=mm&r=g\",\"url\":\"https:\\\/\\\/secure.gravatar.com\\\/avatar\\\/98944333e7a877670a64f8d10f0cb680ab2c9ebc4efc43945ef004b52b5ad28c?s=96&d=mm&r=g\",\"contentUrl\":\"https:\\\/\\\/secure.gravatar.com\\\/avatar\\\/98944333e7a877670a64f8d10f0cb680ab2c9ebc4efc43945ef004b52b5ad28c?s=96&d=mm&r=g\",\"caption\":\"comunicacio\"},\"url\":\"https:\\\/\\\/mont-roig.cat\\\/es\\\/actualitat\\\/noticies\\\/author\\\/comunicacio\\\/\"}]}<\/script>\n<!-- \/ Yoast SEO plugin. -->","yoast_head_json":{"title":"La Feria de Vino de Miami Platja estrena nueva ubicaci\u00f3n, la plaza del Cincuentenario - Ajuntament de Mont-roig del Camp","robots":{"index":"index","follow":"follow","max-snippet":"max-snippet:-1","max-image-preview":"max-image-preview:large","max-video-preview":"max-video-preview:-1"},"canonical":"https:\/\/mont-roig.cat\/es\/actualitat\/noticies\/la-feria-de-vino-de-miami-playa-estrena-nueva-ubicacion-la-plaza-del-cincuentenario\/","og_locale":"es_ES","og_type":"article","og_title":"La Feria de Vino de Miami Platja estrena nueva ubicaci\u00f3n, la plaza del Cincuentenario - Ajuntament de Mont-roig del Camp","og_description":"Se celebrar\u00e1 del 22 de marzo al 24 de marzo con la presencia de 16 bodegas de las DO&#8217;s del territorio y servir\u00e1 para dar la bienvenida a las vacaciones de Semana Santa La cuarta edici\u00f3n de la Feria del Vino de Miami Platja empezar\u00e1 este viernes 22 de marzo y se alargar\u00e1 hasta el [&hellip;]","og_url":"https:\/\/mont-roig.cat\/es\/actualitat\/noticies\/la-feria-de-vino-de-miami-playa-estrena-nueva-ubicacion-la-plaza-del-cincuentenario\/","og_site_name":"Ajuntament de Mont-roig del Camp","article_published_time":"2024-03-21T13:14:00+00:00","article_modified_time":"2024-03-21T13:32:26+00:00","og_image":[{"width":1200,"height":600,"url":"https:\/\/mont-roig.cat\/wp-content\/uploads\/MMT_firaVi_24_bannerFEMTURISME_1200x600_CA.png","type":"image\/png"}],"author":"comunicacio","twitter_card":"summary_large_image","twitter_misc":{"Escrito por":"comunicacio","Tiempo de lectura":"4 minutos"},"schema":{"@context":"https:\/\/schema.org","@graph":[{"@type":"Article","@id":"https:\/\/mont-roig.cat\/es\/actualitat\/noticies\/la-feria-de-vino-de-miami-playa-estrena-nueva-ubicacion-la-plaza-del-cincuentenario\/#article","isPartOf":{"@id":"https:\/\/mont-roig.cat\/es\/actualitat\/noticies\/la-feria-de-vino-de-miami-playa-estrena-nueva-ubicacion-la-plaza-del-cincuentenario\/"},"author":{"name":"comunicacio","@id":"https:\/\/mont-roig.cat\/es\/#\/schema\/person\/1f73e7b5e6f9dd122e8a6f14f310ac5e"},"headline":"La Feria de Vino de Miami Platja estrena nueva ubicaci\u00f3n, la plaza del Cincuentenario","datePublished":"2024-03-21T13:14:00+00:00","dateModified":"2024-03-21T13:32:26+00:00","mainEntityOfPage":{"@id":"https:\/\/mont-roig.cat\/es\/actualitat\/noticies\/la-feria-de-vino-de-miami-playa-estrena-nueva-ubicacion-la-plaza-del-cincuentenario\/"},"wordCount":509,"image":{"@id":"https:\/\/mont-roig.cat\/es\/actualitat\/noticies\/la-feria-de-vino-de-miami-playa-estrena-nueva-ubicacion-la-plaza-del-cincuentenario\/#primaryimage"},"thumbnailUrl":"https:\/\/mont-roig.cat\/wp-content\/uploads\/MMT_firaVi_24_bannerFEMTURISME_1200x600_CA.png","articleSection":["Ayuntamiento","Turismo"],"inLanguage":"es"},{"@type":"WebPage","@id":"https:\/\/mont-roig.cat\/es\/actualitat\/noticies\/la-feria-de-vino-de-miami-playa-estrena-nueva-ubicacion-la-plaza-del-cincuentenario\/","url":"https:\/\/mont-roig.cat\/es\/actualitat\/noticies\/la-feria-de-vino-de-miami-playa-estrena-nueva-ubicacion-la-plaza-del-cincuentenario\/","name":"La Feria de Vino de Miami Platja estrena nueva ubicaci\u00f3n, la plaza del Cincuentenario - Ajuntament de Mont-roig del Camp","isPartOf":{"@id":"https:\/\/mont-roig.cat\/es\/#website"},"primaryImageOfPage":{"@id":"https:\/\/mont-roig.cat\/es\/actualitat\/noticies\/la-feria-de-vino-de-miami-playa-estrena-nueva-ubicacion-la-plaza-del-cincuentenario\/#primaryimage"},"image":{"@id":"https:\/\/mont-roig.cat\/es\/actualitat\/noticies\/la-feria-de-vino-de-miami-playa-estrena-nueva-ubicacion-la-plaza-del-cincuentenario\/#primaryimage"},"thumbnailUrl":"https:\/\/mont-roig.cat\/wp-content\/uploads\/MMT_firaVi_24_bannerFEMTURISME_1200x600_CA.png","datePublished":"2024-03-21T13:14:00+00:00","dateModified":"2024-03-21T13:32:26+00:00","author":{"@id":"https:\/\/mont-roig.cat\/es\/#\/schema\/person\/1f73e7b5e6f9dd122e8a6f14f310ac5e"},"breadcrumb":{"@id":"https:\/\/mont-roig.cat\/es\/actualitat\/noticies\/la-feria-de-vino-de-miami-playa-estrena-nueva-ubicacion-la-plaza-del-cincuentenario\/#breadcrumb"},"inLanguage":"es","potentialAction":[{"@type":"ReadAction","target":["https:\/\/mont-roig.cat\/es\/actualitat\/noticies\/la-feria-de-vino-de-miami-playa-estrena-nueva-ubicacion-la-plaza-del-cincuentenario\/"]}]},{"@type":"ImageObject","inLanguage":"es","@id":"https:\/\/mont-roig.cat\/es\/actualitat\/noticies\/la-feria-de-vino-de-miami-playa-estrena-nueva-ubicacion-la-plaza-del-cincuentenario\/#primaryimage","url":"https:\/\/mont-roig.cat\/wp-content\/uploads\/MMT_firaVi_24_bannerFEMTURISME_1200x600_CA.png","contentUrl":"https:\/\/mont-roig.cat\/wp-content\/uploads\/MMT_firaVi_24_bannerFEMTURISME_1200x600_CA.png","width":1200,"height":600},{"@type":"BreadcrumbList","@id":"https:\/\/mont-roig.cat\/es\/actualitat\/noticies\/la-feria-de-vino-de-miami-playa-estrena-nueva-ubicacion-la-plaza-del-cincuentenario\/#breadcrumb","itemListElement":[{"@type":"ListItem","position":1,"name":"Inici","item":"https:\/\/mont-roig.cat\/es\/pagina-de-inicio\/"},{"@type":"ListItem","position":2,"name":"La Feria de Vino de Miami Platja estrena nueva ubicaci\u00f3n, la plaza del Cincuentenario"}]},{"@type":"WebSite","@id":"https:\/\/mont-roig.cat\/es\/#website","url":"https:\/\/mont-roig.cat\/es\/","name":"Ajuntament de Mont-roig del Camp","description":"Tota la informaci\u00f3 sobre la instituci\u00f3, els seus \u00f2rgans de govern, actualitat, serveis i molt m\u00e9s.","potentialAction":[{"@type":"SearchAction","target":{"@type":"EntryPoint","urlTemplate":"https:\/\/mont-roig.cat\/es\/?s={search_term_string}"},"query-input":{"@type":"PropertyValueSpecification","valueRequired":true,"valueName":"search_term_string"}}],"inLanguage":"es"},{"@type":"Person","@id":"https:\/\/mont-roig.cat\/es\/#\/schema\/person\/1f73e7b5e6f9dd122e8a6f14f310ac5e","name":"comunicacio","image":{"@type":"ImageObject","inLanguage":"es","@id":"https:\/\/secure.gravatar.com\/avatar\/98944333e7a877670a64f8d10f0cb680ab2c9ebc4efc43945ef004b52b5ad28c?s=96&d=mm&r=g","url":"https:\/\/secure.gravatar.com\/avatar\/98944333e7a877670a64f8d10f0cb680ab2c9ebc4efc43945ef004b52b5ad28c?s=96&d=mm&r=g","contentUrl":"https:\/\/secure.gravatar.com\/avatar\/98944333e7a877670a64f8d10f0cb680ab2c9ebc4efc43945ef004b52b5ad28c?s=96&d=mm&r=g","caption":"comunicacio"},"url":"https:\/\/mont-roig.cat\/es\/actualitat\/noticies\/author\/comunicacio\/"}]}},"_links":{"self":[{"href":"https:\/\/mont-roig.cat\/es\/wp-json\/wp\/v2\/posts\/75537","targetHints":{"allow":["GET"]}}],"collection":[{"href":"https:\/\/mont-roig.cat\/es\/wp-json\/wp\/v2\/posts"}],"about":[{"href":"https:\/\/mont-roig.cat\/es\/wp-json\/wp\/v2\/types\/post"}],"author":[{"embeddable":true,"href":"https:\/\/mont-roig.cat\/es\/wp-json\/wp\/v2\/users\/13"}],"replies":[{"embeddable":true,"href":"https:\/\/mont-roig.cat\/es\/wp-json\/wp\/v2\/comments?post=75537"}],"version-history":[{"count":3,"href":"https:\/\/mont-roig.cat\/es\/wp-json\/wp\/v2\/posts\/75537\/revisions"}],"predecessor-version":[{"id":75541,"href":"https:\/\/mont-roig.cat\/es\/wp-json\/wp\/v2\/posts\/75537\/revisions\/75541"}],"wp:featuredmedia":[{"embeddable":true,"href":"https:\/\/mont-roig.cat\/es\/wp-json\/wp\/v2\/media\/75531"}],"wp:attachment":[{"href":"https:\/\/mont-roig.cat\/es\/wp-json\/wp\/v2\/media?parent=75537"}],"wp:term":[{"taxonomy":"category","embeddable":true,"href":"https:\/\/mont-roig.cat\/es\/wp-json\/wp\/v2\/categories?post=75537"},{"taxonomy":"post_tag","embeddable":true,"href":"https:\/\/mont-roig.cat\/es\/wp-json\/wp\/v2\/tags?post=75537"}],"curies":[{"name":"wp","href":"https:\/\/api.w.org\/{rel}","templated":true}]}}