{"id":75695,"date":"2024-04-02T17:39:23","date_gmt":"2024-04-02T15:39:23","guid":{"rendered":"https:\/\/mont-roig.cat\/actualitat\/noticies\/una-exposicio-collectiva-de-24-dones-artistes-del-camp-de-tarragona-arriba-a-mont-roig-del-camp\/"},"modified":"2024-04-03T14:08:29","modified_gmt":"2024-04-03T12:08:29","slug":"una-exposicion-colectiva-de-24-mujeres-artistas-de-las-comarcas-de-tarragona-llega-a-mont-roig-del-camp","status":"publish","type":"post","link":"https:\/\/mont-roig.cat\/es\/actualitat\/noticies\/una-exposicion-colectiva-de-24-mujeres-artistas-de-las-comarcas-de-tarragona-llega-a-mont-roig-del-camp\/","title":{"rendered":"Una exposici\u00f3n colectiva de 24 mujeres artistas de las comarcas de Tarragona llega a Mont-roig del Camp"},"content":{"rendered":"<p><strong><strong><a href=\"https:\/\/mont-roig.cat\/wp-content\/uploads\/dones-artistes.jpeg\" target=\"_blank\" rel=\"noopener\"><img loading=\"lazy\" decoding=\"async\" class=\"alignright wp-image-75690\" src=\"https:\/\/mont-roig.cat\/wp-content\/uploads\/dones-artistes-353x500.jpeg\" alt=\"\" width=\"251\" height=\"356\" srcset=\"https:\/\/mont-roig.cat\/wp-content\/uploads\/dones-artistes-353x500.jpeg 353w, https:\/\/mont-roig.cat\/wp-content\/uploads\/dones-artistes-724x1024.jpeg 724w, https:\/\/mont-roig.cat\/wp-content\/uploads\/dones-artistes-768x1086.jpeg 768w, https:\/\/mont-roig.cat\/wp-content\/uploads\/dones-artistes-1086x1536.jpeg 1086w, https:\/\/mont-roig.cat\/wp-content\/uploads\/dones-artistes.jpeg 1131w\" sizes=\"auto, (max-width: 251px) 100vw, 251px\" \/><\/a><\/strong><\/strong><\/p>\n<ul>\n<li><strong>Este viernes 5 de abril tendr\u00e1 lugar la inauguraci\u00f3n de la exposici\u00f3n &#8220;Artemisia. 24 dones artistes de les comarques de Tarragona\u201d, en el Centre Cultural Esgl\u00e9sia Vella de Mont-roig del Camp<\/strong><\/li>\n<\/ul>\n<p>La exposici\u00f3n colectiva, organizada por el artista local Marcel Aragon\u00e8s y financiada por la Diputaci\u00f3n de Tarragona, y que ahora acoge el Ayuntamiento de Mont-roig del Camp, tiene la finalidad de contribuir a impulsar la igualdad de g\u00e9nero tambi\u00e9n en la Cultura y el Arte, que las mujeres artistas puedan tener el protagonismo que merecen, adem\u00e1s de reivindicar el papel de las mujeres en la Historia del Arte, como sujeto creador y no s\u00f3lo como modelo.<\/p>\n<p>La muestra cuenta con una selecci\u00f3n de 24 artistas de distintos puntos de la demarcaci\u00f3n, con diferentes trayectorias, estilos y t\u00e9cnicas y comprende pintura, escultura e instalaciones.<\/p>\n<p>Seg\u00fan el organizador de la exposici\u00f3n, Marcel Aragon\u00e8s, &#8220;para conocer la Historia del Arte entera es necesario tener en cuenta una mitad que ha sido excluida e invisibilizada. Habr\u00eda que reescribirla para verla con una perspectiva de g\u00e9nero donde la mujer es protagonista y no una simple musa. Y es que hablando de arte y mujer, tenemos la imagen de la mujer m\u00e1s como musa, un simple modelo, que como artista, m\u00e1s con un sujeto pasivo que activo y creador&#8221;.<\/p>\n<p><strong>Artemisa Gentileschi<\/strong><br \/>\nArtemisia Gentileschi, nacida en Roma el 8 de julio de 1593, fue una pintora italiana del barroco conocida por su fuerza art\u00edstica y por ser una de las pocas mujeres que logr\u00f3 destacar en un mundo dominado por los hombres. Su biograf\u00eda est\u00e1 marcada por sus experiencias personales y su incre\u00edble talento art\u00edstico.<\/p>\n<p>Pese a ser muy talentosa, Artemisia enfrent\u00f3 muchos desaf\u00edos en su vida personal. Sufri\u00f3 el agravamiento de un acto de violencia sexual perpetrado por un amigo de su familia, lo que marc\u00f3 su vida y se reflej\u00f3 en su obra, que a menudo abordaba temas de mujeres poderosas y la venganza contra los hombres .<\/p>\n<p>La importancia de la obra de Artemisia Gentileschi radica en su capacidad para desafiar los estereotipos de g\u00e9nero y dar voz a las experiencias de las mujeres en una \u00e9poca en la que su papel era subestimado. Abri\u00f3 camino para otras mujeres artistas y abri\u00f3 una ventana a temas como violencia de g\u00e9nero, poder femenino y justicia. Su obra ha sido reconocida y admirada a lo largo del tiempo, y hoy se encuentra en importantes colecciones y museos en todo el mundo. Artemisia es una inspiraci\u00f3n para las mujeres artistas actuales y un s\u00edmbolo de fuerza y superaci\u00f3n en el mundo del arte.<\/p>\n<p>La exposici\u00f3n se podr\u00e1 visitar del 5 de abril al 3 de mayo en el Centre Cultural Esgl\u00e9sia Vella en horario de martes a s\u00e1bado de las 9.30 a 14.00 y de 16.30 a 19.00 y el domingo por la ma\u00f1ana de las 9.30h a las 14.00h.<\/p>\n<p>Listado de las 24 artistas participantes:<\/p>\n<p>\u00b7 Montse Adzeries &#8211; Cornudella de Montsant<br \/>\n\u00b7 N\u00faria Arias &#8211; Amposta<br \/>\n\u00b7 Berta Artigal &#8211; Valls<br \/>\n\u00b7 Carme Bassa &#8211; Pratdip<br \/>\n\u00b7 Ver\u00f3nica Bilbao &#8211; Tarragona<br \/>\n\u00b7 Beatrice Bizot &#8211; Tarragona<br \/>\n\u00b7 Eva Evitzkaia &#8211; L&#8217;Ampolla<br \/>\n\u00b7 Natalia Ferr\u00e9 &#8211; El Masroig\/Tarragona<br \/>\n\u00b7 Esther Gilabert &#8211; Calafell<br \/>\n\u00b7 Beatriu Mar &#8211; Mont-roig del Camp<br \/>\n\u00b7 Eva Mar &#8211; Salou<br \/>\n\u00b7 Nuri Marin\u00e9 &#8211; Cambrils<br \/>\n\u00b7 Alba Molero &#8211; La Selva del Camp<br \/>\n\u00b7 Gemma Molero &#8211; Castellvell del Camp<br \/>\n\u00b7 Queralt Osorio &#8211; Cambrils<br \/>\n\u00b7 Celeste P\u00e9rez &#8211; Cambrils<br \/>\n\u00b7 Ant\u00f2nia Ripoll &#8211; B\u00edtem<br \/>\n\u00b7 Mariona Roig\u00e9 &#8211; Riudoms<br \/>\n\u00b7 Marta Roig\u00e9 &#8211; Reus<br \/>\n\u00b7 Sabala &#8211; Masdenverge<br \/>\n\u00b7 Nat\u00e0lia Sanahuges &#8211; Falset<br \/>\n\u00b7 Maite Serna &#8211; Reus<br \/>\n\u00b7 Fina Veciana &#8211; Reus<br \/>\n\u00b7 Rosa Virgili &#8211; Reus<\/p>\n","protected":false},"excerpt":{"rendered":"<p>Este viernes 5 de abril tendr\u00e1 lugar la inauguraci\u00f3n de la exposici\u00f3n &#8220;Artemisia. 24 dones artistes de les comarques de Tarragona\u201d, en el Centre Cultural Esgl\u00e9sia Vella de Mont-roig del Camp La exposici\u00f3n colectiva, organizada por el artista local Marcel Aragon\u00e8s y financiada por la Diputaci\u00f3n de Tarragona, y que ahora acoge el Ayuntamiento de [&hellip;]<\/p>\n","protected":false},"author":13,"featured_media":75691,"comment_status":"closed","ping_status":"closed","sticky":false,"template":"","format":"standard","meta":{"inline_featured_image":false,"_monsterinsights_skip_tracking":false,"_monsterinsights_sitenote_active":false,"_monsterinsights_sitenote_note":"","_monsterinsights_sitenote_category":0,"footnotes":""},"categories":[98,101],"tags":[],"class_list":["post-75695","post","type-post","status-publish","format-standard","has-post-thumbnail","hentry","category-ayuntamiento","category-cultura-es"],"yoast_head":"<!-- This site is optimized with the Yoast SEO plugin v27.4 - https:\/\/yoast.com\/product\/yoast-seo-wordpress\/ -->\n<title>Una exposici\u00f3n colectiva de 24 mujeres artistas de las comarcas de Tarragona llega a Mont-roig del Camp - Ajuntament de Mont-roig del Camp<\/title>\n<meta name=\"robots\" content=\"index, follow, max-snippet:-1, max-image-preview:large, max-video-preview:-1\" \/>\n<link rel=\"canonical\" href=\"https:\/\/mont-roig.cat\/es\/actualitat\/noticies\/una-exposicion-colectiva-de-24-mujeres-artistas-de-las-comarcas-de-tarragona-llega-a-mont-roig-del-camp\/\" \/>\n<meta property=\"og:locale\" content=\"es_ES\" \/>\n<meta property=\"og:type\" content=\"article\" \/>\n<meta property=\"og:title\" content=\"Una exposici\u00f3n colectiva de 24 mujeres artistas de las comarcas de Tarragona llega a Mont-roig del Camp - Ajuntament de Mont-roig del Camp\" \/>\n<meta property=\"og:description\" content=\"Este viernes 5 de abril tendr\u00e1 lugar la inauguraci\u00f3n de la exposici\u00f3n &#8220;Artemisia. 24 dones artistes de les comarques de Tarragona\u201d, en el Centre Cultural Esgl\u00e9sia Vella de Mont-roig del Camp La exposici\u00f3n colectiva, organizada por el artista local Marcel Aragon\u00e8s y financiada por la Diputaci\u00f3n de Tarragona, y que ahora acoge el Ayuntamiento de [&hellip;]\" \/>\n<meta property=\"og:url\" content=\"https:\/\/mont-roig.cat\/es\/actualitat\/noticies\/una-exposicion-colectiva-de-24-mujeres-artistas-de-las-comarcas-de-tarragona-llega-a-mont-roig-del-camp\/\" \/>\n<meta property=\"og:site_name\" content=\"Ajuntament de Mont-roig del Camp\" \/>\n<meta property=\"article:published_time\" content=\"2024-04-02T15:39:23+00:00\" \/>\n<meta property=\"article:modified_time\" content=\"2024-04-03T12:08:29+00:00\" \/>\n<meta property=\"og:image\" content=\"https:\/\/mont-roig.cat\/wp-content\/uploads\/dones-artistes.jpeg\" \/>\n\t<meta property=\"og:image:width\" content=\"1131\" \/>\n\t<meta property=\"og:image:height\" content=\"1600\" \/>\n\t<meta property=\"og:image:type\" content=\"image\/jpeg\" \/>\n<meta name=\"author\" content=\"comunicacio\" \/>\n<meta name=\"twitter:card\" content=\"summary_large_image\" \/>\n<meta name=\"twitter:label1\" content=\"Escrito por\" \/>\n\t<meta name=\"twitter:data1\" content=\"comunicacio\" \/>\n\t<meta name=\"twitter:label2\" content=\"Tiempo de lectura\" \/>\n\t<meta name=\"twitter:data2\" content=\"4 minutos\" \/>\n<script type=\"application\/ld+json\" class=\"yoast-schema-graph\">{\"@context\":\"https:\\\/\\\/schema.org\",\"@graph\":[{\"@type\":\"Article\",\"@id\":\"https:\\\/\\\/mont-roig.cat\\\/es\\\/actualitat\\\/noticies\\\/una-exposicion-colectiva-de-24-mujeres-artistas-de-las-comarcas-de-tarragona-llega-a-mont-roig-del-camp\\\/#article\",\"isPartOf\":{\"@id\":\"https:\\\/\\\/mont-roig.cat\\\/es\\\/actualitat\\\/noticies\\\/una-exposicion-colectiva-de-24-mujeres-artistas-de-las-comarcas-de-tarragona-llega-a-mont-roig-del-camp\\\/\"},\"author\":{\"name\":\"comunicacio\",\"@id\":\"https:\\\/\\\/mont-roig.cat\\\/es\\\/#\\\/schema\\\/person\\\/1f73e7b5e6f9dd122e8a6f14f310ac5e\"},\"headline\":\"Una exposici\u00f3n colectiva de 24 mujeres artistas de las comarcas de Tarragona llega a Mont-roig del Camp\",\"datePublished\":\"2024-04-02T15:39:23+00:00\",\"dateModified\":\"2024-04-03T12:08:29+00:00\",\"mainEntityOfPage\":{\"@id\":\"https:\\\/\\\/mont-roig.cat\\\/es\\\/actualitat\\\/noticies\\\/una-exposicion-colectiva-de-24-mujeres-artistas-de-las-comarcas-de-tarragona-llega-a-mont-roig-del-camp\\\/\"},\"wordCount\":630,\"image\":{\"@id\":\"https:\\\/\\\/mont-roig.cat\\\/es\\\/actualitat\\\/noticies\\\/una-exposicion-colectiva-de-24-mujeres-artistas-de-las-comarcas-de-tarragona-llega-a-mont-roig-del-camp\\\/#primaryimage\"},\"thumbnailUrl\":\"https:\\\/\\\/mont-roig.cat\\\/wp-content\\\/uploads\\\/dones-artistes.jpeg\",\"articleSection\":[\"Ayuntamiento\",\"Cultura\"],\"inLanguage\":\"es\"},{\"@type\":\"WebPage\",\"@id\":\"https:\\\/\\\/mont-roig.cat\\\/es\\\/actualitat\\\/noticies\\\/una-exposicion-colectiva-de-24-mujeres-artistas-de-las-comarcas-de-tarragona-llega-a-mont-roig-del-camp\\\/\",\"url\":\"https:\\\/\\\/mont-roig.cat\\\/es\\\/actualitat\\\/noticies\\\/una-exposicion-colectiva-de-24-mujeres-artistas-de-las-comarcas-de-tarragona-llega-a-mont-roig-del-camp\\\/\",\"name\":\"Una exposici\u00f3n colectiva de 24 mujeres artistas de las comarcas de Tarragona llega a Mont-roig del Camp - Ajuntament de Mont-roig del Camp\",\"isPartOf\":{\"@id\":\"https:\\\/\\\/mont-roig.cat\\\/es\\\/#website\"},\"primaryImageOfPage\":{\"@id\":\"https:\\\/\\\/mont-roig.cat\\\/es\\\/actualitat\\\/noticies\\\/una-exposicion-colectiva-de-24-mujeres-artistas-de-las-comarcas-de-tarragona-llega-a-mont-roig-del-camp\\\/#primaryimage\"},\"image\":{\"@id\":\"https:\\\/\\\/mont-roig.cat\\\/es\\\/actualitat\\\/noticies\\\/una-exposicion-colectiva-de-24-mujeres-artistas-de-las-comarcas-de-tarragona-llega-a-mont-roig-del-camp\\\/#primaryimage\"},\"thumbnailUrl\":\"https:\\\/\\\/mont-roig.cat\\\/wp-content\\\/uploads\\\/dones-artistes.jpeg\",\"datePublished\":\"2024-04-02T15:39:23+00:00\",\"dateModified\":\"2024-04-03T12:08:29+00:00\",\"author\":{\"@id\":\"https:\\\/\\\/mont-roig.cat\\\/es\\\/#\\\/schema\\\/person\\\/1f73e7b5e6f9dd122e8a6f14f310ac5e\"},\"breadcrumb\":{\"@id\":\"https:\\\/\\\/mont-roig.cat\\\/es\\\/actualitat\\\/noticies\\\/una-exposicion-colectiva-de-24-mujeres-artistas-de-las-comarcas-de-tarragona-llega-a-mont-roig-del-camp\\\/#breadcrumb\"},\"inLanguage\":\"es\",\"potentialAction\":[{\"@type\":\"ReadAction\",\"target\":[\"https:\\\/\\\/mont-roig.cat\\\/es\\\/actualitat\\\/noticies\\\/una-exposicion-colectiva-de-24-mujeres-artistas-de-las-comarcas-de-tarragona-llega-a-mont-roig-del-camp\\\/\"]}]},{\"@type\":\"ImageObject\",\"inLanguage\":\"es\",\"@id\":\"https:\\\/\\\/mont-roig.cat\\\/es\\\/actualitat\\\/noticies\\\/una-exposicion-colectiva-de-24-mujeres-artistas-de-las-comarcas-de-tarragona-llega-a-mont-roig-del-camp\\\/#primaryimage\",\"url\":\"https:\\\/\\\/mont-roig.cat\\\/wp-content\\\/uploads\\\/dones-artistes.jpeg\",\"contentUrl\":\"https:\\\/\\\/mont-roig.cat\\\/wp-content\\\/uploads\\\/dones-artistes.jpeg\",\"width\":1131,\"height\":1600},{\"@type\":\"BreadcrumbList\",\"@id\":\"https:\\\/\\\/mont-roig.cat\\\/es\\\/actualitat\\\/noticies\\\/una-exposicion-colectiva-de-24-mujeres-artistas-de-las-comarcas-de-tarragona-llega-a-mont-roig-del-camp\\\/#breadcrumb\",\"itemListElement\":[{\"@type\":\"ListItem\",\"position\":1,\"name\":\"Inici\",\"item\":\"https:\\\/\\\/mont-roig.cat\\\/es\\\/pagina-de-inicio\\\/\"},{\"@type\":\"ListItem\",\"position\":2,\"name\":\"Una exposici\u00f3n colectiva de 24 mujeres artistas de las comarcas de Tarragona llega a Mont-roig del Camp\"}]},{\"@type\":\"WebSite\",\"@id\":\"https:\\\/\\\/mont-roig.cat\\\/es\\\/#website\",\"url\":\"https:\\\/\\\/mont-roig.cat\\\/es\\\/\",\"name\":\"Ajuntament de Mont-roig del Camp\",\"description\":\"Tota la informaci\u00f3 sobre la instituci\u00f3, els seus \u00f2rgans de govern, actualitat, serveis i molt m\u00e9s.\",\"potentialAction\":[{\"@type\":\"SearchAction\",\"target\":{\"@type\":\"EntryPoint\",\"urlTemplate\":\"https:\\\/\\\/mont-roig.cat\\\/es\\\/?s={search_term_string}\"},\"query-input\":{\"@type\":\"PropertyValueSpecification\",\"valueRequired\":true,\"valueName\":\"search_term_string\"}}],\"inLanguage\":\"es\"},{\"@type\":\"Person\",\"@id\":\"https:\\\/\\\/mont-roig.cat\\\/es\\\/#\\\/schema\\\/person\\\/1f73e7b5e6f9dd122e8a6f14f310ac5e\",\"name\":\"comunicacio\",\"image\":{\"@type\":\"ImageObject\",\"inLanguage\":\"es\",\"@id\":\"https:\\\/\\\/secure.gravatar.com\\\/avatar\\\/98944333e7a877670a64f8d10f0cb680ab2c9ebc4efc43945ef004b52b5ad28c?s=96&d=mm&r=g\",\"url\":\"https:\\\/\\\/secure.gravatar.com\\\/avatar\\\/98944333e7a877670a64f8d10f0cb680ab2c9ebc4efc43945ef004b52b5ad28c?s=96&d=mm&r=g\",\"contentUrl\":\"https:\\\/\\\/secure.gravatar.com\\\/avatar\\\/98944333e7a877670a64f8d10f0cb680ab2c9ebc4efc43945ef004b52b5ad28c?s=96&d=mm&r=g\",\"caption\":\"comunicacio\"},\"url\":\"https:\\\/\\\/mont-roig.cat\\\/es\\\/actualitat\\\/noticies\\\/author\\\/comunicacio\\\/\"}]}<\/script>\n<!-- \/ Yoast SEO plugin. -->","yoast_head_json":{"title":"Una exposici\u00f3n colectiva de 24 mujeres artistas de las comarcas de Tarragona llega a Mont-roig del Camp - Ajuntament de Mont-roig del Camp","robots":{"index":"index","follow":"follow","max-snippet":"max-snippet:-1","max-image-preview":"max-image-preview:large","max-video-preview":"max-video-preview:-1"},"canonical":"https:\/\/mont-roig.cat\/es\/actualitat\/noticies\/una-exposicion-colectiva-de-24-mujeres-artistas-de-las-comarcas-de-tarragona-llega-a-mont-roig-del-camp\/","og_locale":"es_ES","og_type":"article","og_title":"Una exposici\u00f3n colectiva de 24 mujeres artistas de las comarcas de Tarragona llega a Mont-roig del Camp - Ajuntament de Mont-roig del Camp","og_description":"Este viernes 5 de abril tendr\u00e1 lugar la inauguraci\u00f3n de la exposici\u00f3n &#8220;Artemisia. 24 dones artistes de les comarques de Tarragona\u201d, en el Centre Cultural Esgl\u00e9sia Vella de Mont-roig del Camp La exposici\u00f3n colectiva, organizada por el artista local Marcel Aragon\u00e8s y financiada por la Diputaci\u00f3n de Tarragona, y que ahora acoge el Ayuntamiento de [&hellip;]","og_url":"https:\/\/mont-roig.cat\/es\/actualitat\/noticies\/una-exposicion-colectiva-de-24-mujeres-artistas-de-las-comarcas-de-tarragona-llega-a-mont-roig-del-camp\/","og_site_name":"Ajuntament de Mont-roig del Camp","article_published_time":"2024-04-02T15:39:23+00:00","article_modified_time":"2024-04-03T12:08:29+00:00","og_image":[{"width":1131,"height":1600,"url":"https:\/\/mont-roig.cat\/wp-content\/uploads\/dones-artistes.jpeg","type":"image\/jpeg"}],"author":"comunicacio","twitter_card":"summary_large_image","twitter_misc":{"Escrito por":"comunicacio","Tiempo de lectura":"4 minutos"},"schema":{"@context":"https:\/\/schema.org","@graph":[{"@type":"Article","@id":"https:\/\/mont-roig.cat\/es\/actualitat\/noticies\/una-exposicion-colectiva-de-24-mujeres-artistas-de-las-comarcas-de-tarragona-llega-a-mont-roig-del-camp\/#article","isPartOf":{"@id":"https:\/\/mont-roig.cat\/es\/actualitat\/noticies\/una-exposicion-colectiva-de-24-mujeres-artistas-de-las-comarcas-de-tarragona-llega-a-mont-roig-del-camp\/"},"author":{"name":"comunicacio","@id":"https:\/\/mont-roig.cat\/es\/#\/schema\/person\/1f73e7b5e6f9dd122e8a6f14f310ac5e"},"headline":"Una exposici\u00f3n colectiva de 24 mujeres artistas de las comarcas de Tarragona llega a Mont-roig del Camp","datePublished":"2024-04-02T15:39:23+00:00","dateModified":"2024-04-03T12:08:29+00:00","mainEntityOfPage":{"@id":"https:\/\/mont-roig.cat\/es\/actualitat\/noticies\/una-exposicion-colectiva-de-24-mujeres-artistas-de-las-comarcas-de-tarragona-llega-a-mont-roig-del-camp\/"},"wordCount":630,"image":{"@id":"https:\/\/mont-roig.cat\/es\/actualitat\/noticies\/una-exposicion-colectiva-de-24-mujeres-artistas-de-las-comarcas-de-tarragona-llega-a-mont-roig-del-camp\/#primaryimage"},"thumbnailUrl":"https:\/\/mont-roig.cat\/wp-content\/uploads\/dones-artistes.jpeg","articleSection":["Ayuntamiento","Cultura"],"inLanguage":"es"},{"@type":"WebPage","@id":"https:\/\/mont-roig.cat\/es\/actualitat\/noticies\/una-exposicion-colectiva-de-24-mujeres-artistas-de-las-comarcas-de-tarragona-llega-a-mont-roig-del-camp\/","url":"https:\/\/mont-roig.cat\/es\/actualitat\/noticies\/una-exposicion-colectiva-de-24-mujeres-artistas-de-las-comarcas-de-tarragona-llega-a-mont-roig-del-camp\/","name":"Una exposici\u00f3n colectiva de 24 mujeres artistas de las comarcas de Tarragona llega a Mont-roig del Camp - Ajuntament de Mont-roig del Camp","isPartOf":{"@id":"https:\/\/mont-roig.cat\/es\/#website"},"primaryImageOfPage":{"@id":"https:\/\/mont-roig.cat\/es\/actualitat\/noticies\/una-exposicion-colectiva-de-24-mujeres-artistas-de-las-comarcas-de-tarragona-llega-a-mont-roig-del-camp\/#primaryimage"},"image":{"@id":"https:\/\/mont-roig.cat\/es\/actualitat\/noticies\/una-exposicion-colectiva-de-24-mujeres-artistas-de-las-comarcas-de-tarragona-llega-a-mont-roig-del-camp\/#primaryimage"},"thumbnailUrl":"https:\/\/mont-roig.cat\/wp-content\/uploads\/dones-artistes.jpeg","datePublished":"2024-04-02T15:39:23+00:00","dateModified":"2024-04-03T12:08:29+00:00","author":{"@id":"https:\/\/mont-roig.cat\/es\/#\/schema\/person\/1f73e7b5e6f9dd122e8a6f14f310ac5e"},"breadcrumb":{"@id":"https:\/\/mont-roig.cat\/es\/actualitat\/noticies\/una-exposicion-colectiva-de-24-mujeres-artistas-de-las-comarcas-de-tarragona-llega-a-mont-roig-del-camp\/#breadcrumb"},"inLanguage":"es","potentialAction":[{"@type":"ReadAction","target":["https:\/\/mont-roig.cat\/es\/actualitat\/noticies\/una-exposicion-colectiva-de-24-mujeres-artistas-de-las-comarcas-de-tarragona-llega-a-mont-roig-del-camp\/"]}]},{"@type":"ImageObject","inLanguage":"es","@id":"https:\/\/mont-roig.cat\/es\/actualitat\/noticies\/una-exposicion-colectiva-de-24-mujeres-artistas-de-las-comarcas-de-tarragona-llega-a-mont-roig-del-camp\/#primaryimage","url":"https:\/\/mont-roig.cat\/wp-content\/uploads\/dones-artistes.jpeg","contentUrl":"https:\/\/mont-roig.cat\/wp-content\/uploads\/dones-artistes.jpeg","width":1131,"height":1600},{"@type":"BreadcrumbList","@id":"https:\/\/mont-roig.cat\/es\/actualitat\/noticies\/una-exposicion-colectiva-de-24-mujeres-artistas-de-las-comarcas-de-tarragona-llega-a-mont-roig-del-camp\/#breadcrumb","itemListElement":[{"@type":"ListItem","position":1,"name":"Inici","item":"https:\/\/mont-roig.cat\/es\/pagina-de-inicio\/"},{"@type":"ListItem","position":2,"name":"Una exposici\u00f3n colectiva de 24 mujeres artistas de las comarcas de Tarragona llega a Mont-roig del Camp"}]},{"@type":"WebSite","@id":"https:\/\/mont-roig.cat\/es\/#website","url":"https:\/\/mont-roig.cat\/es\/","name":"Ajuntament de Mont-roig del Camp","description":"Tota la informaci\u00f3 sobre la instituci\u00f3, els seus \u00f2rgans de govern, actualitat, serveis i molt m\u00e9s.","potentialAction":[{"@type":"SearchAction","target":{"@type":"EntryPoint","urlTemplate":"https:\/\/mont-roig.cat\/es\/?s={search_term_string}"},"query-input":{"@type":"PropertyValueSpecification","valueRequired":true,"valueName":"search_term_string"}}],"inLanguage":"es"},{"@type":"Person","@id":"https:\/\/mont-roig.cat\/es\/#\/schema\/person\/1f73e7b5e6f9dd122e8a6f14f310ac5e","name":"comunicacio","image":{"@type":"ImageObject","inLanguage":"es","@id":"https:\/\/secure.gravatar.com\/avatar\/98944333e7a877670a64f8d10f0cb680ab2c9ebc4efc43945ef004b52b5ad28c?s=96&d=mm&r=g","url":"https:\/\/secure.gravatar.com\/avatar\/98944333e7a877670a64f8d10f0cb680ab2c9ebc4efc43945ef004b52b5ad28c?s=96&d=mm&r=g","contentUrl":"https:\/\/secure.gravatar.com\/avatar\/98944333e7a877670a64f8d10f0cb680ab2c9ebc4efc43945ef004b52b5ad28c?s=96&d=mm&r=g","caption":"comunicacio"},"url":"https:\/\/mont-roig.cat\/es\/actualitat\/noticies\/author\/comunicacio\/"}]}},"_links":{"self":[{"href":"https:\/\/mont-roig.cat\/es\/wp-json\/wp\/v2\/posts\/75695","targetHints":{"allow":["GET"]}}],"collection":[{"href":"https:\/\/mont-roig.cat\/es\/wp-json\/wp\/v2\/posts"}],"about":[{"href":"https:\/\/mont-roig.cat\/es\/wp-json\/wp\/v2\/types\/post"}],"author":[{"embeddable":true,"href":"https:\/\/mont-roig.cat\/es\/wp-json\/wp\/v2\/users\/13"}],"replies":[{"embeddable":true,"href":"https:\/\/mont-roig.cat\/es\/wp-json\/wp\/v2\/comments?post=75695"}],"version-history":[{"count":3,"href":"https:\/\/mont-roig.cat\/es\/wp-json\/wp\/v2\/posts\/75695\/revisions"}],"predecessor-version":[{"id":75768,"href":"https:\/\/mont-roig.cat\/es\/wp-json\/wp\/v2\/posts\/75695\/revisions\/75768"}],"wp:featuredmedia":[{"embeddable":true,"href":"https:\/\/mont-roig.cat\/es\/wp-json\/wp\/v2\/media\/75691"}],"wp:attachment":[{"href":"https:\/\/mont-roig.cat\/es\/wp-json\/wp\/v2\/media?parent=75695"}],"wp:term":[{"taxonomy":"category","embeddable":true,"href":"https:\/\/mont-roig.cat\/es\/wp-json\/wp\/v2\/categories?post=75695"},{"taxonomy":"post_tag","embeddable":true,"href":"https:\/\/mont-roig.cat\/es\/wp-json\/wp\/v2\/tags?post=75695"}],"curies":[{"name":"wp","href":"https:\/\/api.w.org\/{rel}","templated":true}]}}