{"id":76229,"date":"2024-04-29T13:50:09","date_gmt":"2024-04-29T11:50:09","guid":{"rendered":"https:\/\/mont-roig.cat\/actualitat\/noticies\/gala-drag-al-centre-cultural-esglesia-vella-en-commemoracio-del-dia-contra-les-lgtbifobies\/"},"modified":"2024-04-29T14:05:39","modified_gmt":"2024-04-29T12:05:39","slug":"gala-drag-al-centre-cultural-esglesia-vella-en-commemoracio-del-dia-contra-les-lgtbifobies","status":"publish","type":"post","link":"https:\/\/mont-roig.cat\/es\/actualitat\/noticies\/gala-drag-al-centre-cultural-esglesia-vella-en-commemoracio-del-dia-contra-les-lgtbifobies\/","title":{"rendered":"Gala Drag en el Centre Cultural Esgl\u00e9sia Vella en conmemoraci\u00f3n del D\u00eda contra las LGTBIfobias"},"content":{"rendered":"<p><strong><strong><a href=\"https:\/\/mont-roig.cat\/wp-content\/uploads\/poster-scaled.jpg\" target=\"_blank\" rel=\"noopener\"><img loading=\"lazy\" decoding=\"async\" class=\"alignright wp-image-76215\" src=\"https:\/\/mont-roig.cat\/wp-content\/uploads\/poster-354x500.jpg\" alt=\"\" width=\"260\" height=\"367\" srcset=\"https:\/\/mont-roig.cat\/wp-content\/uploads\/poster-354x500.jpg 354w, https:\/\/mont-roig.cat\/wp-content\/uploads\/poster-724x1024.jpg 724w, https:\/\/mont-roig.cat\/wp-content\/uploads\/poster-768x1086.jpg 768w, https:\/\/mont-roig.cat\/wp-content\/uploads\/poster-1087x1536.jpg 1087w, https:\/\/mont-roig.cat\/wp-content\/uploads\/poster-scaled.jpg 1449w\" sizes=\"auto, (max-width: 260px) 100vw, 260px\" \/><\/a><\/strong><\/strong><\/p>\n<ul>\n<li><strong>Mont-roig del Camp celebra la diversidad sexual y de g\u00e9nero con una gala en honor al colectivo LGTBI<\/strong><\/li>\n<\/ul>\n<p>La diversidad sexual y de g\u00e9nero tomar\u00e1 protagonismo en Mont-roig del Camp con una Gala Drag especial en conmemoraci\u00f3n del D\u00eda contra las LGTBIfobias.<\/p>\n<p>El pr\u00f3ximo viernes 17 de mayo, el Centre Cultural Esgl\u00e9sia Vella de Mont-roig acoger\u00e1 un evento que busca dar visibilidad y empoderar al colectivo LGTBI, mientras se promueve la creaci\u00f3n de espacios seguros y se impulsa una cultura de respeto y tolerancia .<\/p>\n<p>Organizada por las concejal\u00edas de Igualdad y Juventud del Ayuntamiento de Mont-roig del Camp, con la colaboraci\u00f3n del colectivo H2O, la Gala Drag iniciar\u00e1 sus actividades a partir de las 19h en el Centre Cultural Esgl\u00e9sia Vella, donde se podr\u00e1n ver dos exposiciones. La primera, a cargo de los Agentes de Salud de los institutos del municipio, que presentar\u00e1n una muestra de noticias relacionadas con agresiones LGTBIf\u00f3bicas sucedidas en nuestro territorio. La segunda exposici\u00f3n, con el t\u00edtulo &#8220;Ama Et Quod Vis Fac LGTBIQ+&#8221;, a cargo del grupo HUM337 de la Universidad de Sevilla, mostrar\u00e1 una investigaci\u00f3n gr\u00e1fica del colectivo LGTBIQ+, a trav\u00e9s de obras de arte pl\u00e1stico, secuencial, experimental de estampaci\u00f3n y nuevas tecnolog\u00edas.<\/p>\n<p>Con la celebraci\u00f3n de esta Gala Drag, el Ayuntamiento de Mont-roig del Camp reafirma su compromiso con la diversidad y los derechos del colectivo LGTBI, haciendo del municipio un referente en la lucha por la igualdad y la tolerancia.<\/p>\n","protected":false},"excerpt":{"rendered":"<p>Mont-roig del Camp celebra la diversidad sexual y de g\u00e9nero con una gala en honor al colectivo LGTBI La diversidad sexual y de g\u00e9nero tomar\u00e1 protagonismo en Mont-roig del Camp con una Gala Drag especial en conmemoraci\u00f3n del D\u00eda contra las LGTBIfobias. El pr\u00f3ximo viernes 17 de mayo, el Centre Cultural Esgl\u00e9sia Vella de Mont-roig [&hellip;]<\/p>\n","protected":false},"author":13,"featured_media":76218,"comment_status":"closed","ping_status":"closed","sticky":false,"template":"","format":"standard","meta":{"inline_featured_image":false,"_monsterinsights_skip_tracking":false,"_monsterinsights_sitenote_active":false,"_monsterinsights_sitenote_note":"","_monsterinsights_sitenote_category":0,"footnotes":""},"categories":[98,247,106],"tags":[],"class_list":["post-76229","post","type-post","status-publish","format-standard","has-post-thumbnail","hentry","category-ayuntamiento","category-igualtat-es","category-juventud"],"yoast_head":"<!-- This site is optimized with the Yoast SEO plugin v27.4 - https:\/\/yoast.com\/product\/yoast-seo-wordpress\/ -->\n<title>Gala Drag en el Centre Cultural Esgl\u00e9sia Vella en conmemoraci\u00f3n del D\u00eda contra las LGTBIfobias - Ajuntament de Mont-roig del Camp<\/title>\n<meta name=\"robots\" content=\"index, follow, max-snippet:-1, max-image-preview:large, max-video-preview:-1\" \/>\n<link rel=\"canonical\" href=\"https:\/\/mont-roig.cat\/es\/actualitat\/noticies\/gala-drag-al-centre-cultural-esglesia-vella-en-commemoracio-del-dia-contra-les-lgtbifobies\/\" \/>\n<meta property=\"og:locale\" content=\"es_ES\" \/>\n<meta property=\"og:type\" content=\"article\" \/>\n<meta property=\"og:title\" content=\"Gala Drag en el Centre Cultural Esgl\u00e9sia Vella en conmemoraci\u00f3n del D\u00eda contra las LGTBIfobias - Ajuntament de Mont-roig del Camp\" \/>\n<meta property=\"og:description\" content=\"Mont-roig del Camp celebra la diversidad sexual y de g\u00e9nero con una gala en honor al colectivo LGTBI La diversidad sexual y de g\u00e9nero tomar\u00e1 protagonismo en Mont-roig del Camp con una Gala Drag especial en conmemoraci\u00f3n del D\u00eda contra las LGTBIfobias. El pr\u00f3ximo viernes 17 de mayo, el Centre Cultural Esgl\u00e9sia Vella de Mont-roig [&hellip;]\" \/>\n<meta property=\"og:url\" content=\"https:\/\/mont-roig.cat\/es\/actualitat\/noticies\/gala-drag-al-centre-cultural-esglesia-vella-en-commemoracio-del-dia-contra-les-lgtbifobies\/\" \/>\n<meta property=\"og:site_name\" content=\"Ajuntament de Mont-roig del Camp\" \/>\n<meta property=\"article:published_time\" content=\"2024-04-29T11:50:09+00:00\" \/>\n<meta property=\"article:modified_time\" content=\"2024-04-29T12:05:39+00:00\" \/>\n<meta property=\"og:image\" content=\"https:\/\/mont-roig.cat\/wp-content\/uploads\/MMJ_gala_drag2024_NOTI.png\" \/>\n\t<meta property=\"og:image:width\" content=\"1200\" \/>\n\t<meta property=\"og:image:height\" content=\"628\" \/>\n\t<meta property=\"og:image:type\" content=\"image\/png\" \/>\n<meta name=\"author\" content=\"comunicacio\" \/>\n<meta name=\"twitter:card\" content=\"summary_large_image\" \/>\n<meta name=\"twitter:label1\" content=\"Escrito por\" \/>\n\t<meta name=\"twitter:data1\" content=\"comunicacio\" \/>\n\t<meta name=\"twitter:label2\" content=\"Tiempo de lectura\" \/>\n\t<meta name=\"twitter:data2\" content=\"2 minutos\" \/>\n<script type=\"application\/ld+json\" class=\"yoast-schema-graph\">{\"@context\":\"https:\\\/\\\/schema.org\",\"@graph\":[{\"@type\":\"Article\",\"@id\":\"https:\\\/\\\/mont-roig.cat\\\/es\\\/actualitat\\\/noticies\\\/gala-drag-al-centre-cultural-esglesia-vella-en-commemoracio-del-dia-contra-les-lgtbifobies\\\/#article\",\"isPartOf\":{\"@id\":\"https:\\\/\\\/mont-roig.cat\\\/es\\\/actualitat\\\/noticies\\\/gala-drag-al-centre-cultural-esglesia-vella-en-commemoracio-del-dia-contra-les-lgtbifobies\\\/\"},\"author\":{\"name\":\"comunicacio\",\"@id\":\"https:\\\/\\\/mont-roig.cat\\\/es\\\/#\\\/schema\\\/person\\\/1f73e7b5e6f9dd122e8a6f14f310ac5e\"},\"headline\":\"Gala Drag en el Centre Cultural Esgl\u00e9sia Vella en conmemoraci\u00f3n del D\u00eda contra las LGTBIfobias\",\"datePublished\":\"2024-04-29T11:50:09+00:00\",\"dateModified\":\"2024-04-29T12:05:39+00:00\",\"mainEntityOfPage\":{\"@id\":\"https:\\\/\\\/mont-roig.cat\\\/es\\\/actualitat\\\/noticies\\\/gala-drag-al-centre-cultural-esglesia-vella-en-commemoracio-del-dia-contra-les-lgtbifobies\\\/\"},\"wordCount\":277,\"image\":{\"@id\":\"https:\\\/\\\/mont-roig.cat\\\/es\\\/actualitat\\\/noticies\\\/gala-drag-al-centre-cultural-esglesia-vella-en-commemoracio-del-dia-contra-les-lgtbifobies\\\/#primaryimage\"},\"thumbnailUrl\":\"https:\\\/\\\/mont-roig.cat\\\/wp-content\\\/uploads\\\/MMJ_gala_drag2024_NOTI.png\",\"articleSection\":[\"Ayuntamiento\",\"Igualtat\",\"Juventud\"],\"inLanguage\":\"es\"},{\"@type\":\"WebPage\",\"@id\":\"https:\\\/\\\/mont-roig.cat\\\/es\\\/actualitat\\\/noticies\\\/gala-drag-al-centre-cultural-esglesia-vella-en-commemoracio-del-dia-contra-les-lgtbifobies\\\/\",\"url\":\"https:\\\/\\\/mont-roig.cat\\\/es\\\/actualitat\\\/noticies\\\/gala-drag-al-centre-cultural-esglesia-vella-en-commemoracio-del-dia-contra-les-lgtbifobies\\\/\",\"name\":\"Gala Drag en el Centre Cultural Esgl\u00e9sia Vella en conmemoraci\u00f3n del D\u00eda contra las LGTBIfobias - Ajuntament de Mont-roig del Camp\",\"isPartOf\":{\"@id\":\"https:\\\/\\\/mont-roig.cat\\\/es\\\/#website\"},\"primaryImageOfPage\":{\"@id\":\"https:\\\/\\\/mont-roig.cat\\\/es\\\/actualitat\\\/noticies\\\/gala-drag-al-centre-cultural-esglesia-vella-en-commemoracio-del-dia-contra-les-lgtbifobies\\\/#primaryimage\"},\"image\":{\"@id\":\"https:\\\/\\\/mont-roig.cat\\\/es\\\/actualitat\\\/noticies\\\/gala-drag-al-centre-cultural-esglesia-vella-en-commemoracio-del-dia-contra-les-lgtbifobies\\\/#primaryimage\"},\"thumbnailUrl\":\"https:\\\/\\\/mont-roig.cat\\\/wp-content\\\/uploads\\\/MMJ_gala_drag2024_NOTI.png\",\"datePublished\":\"2024-04-29T11:50:09+00:00\",\"dateModified\":\"2024-04-29T12:05:39+00:00\",\"author\":{\"@id\":\"https:\\\/\\\/mont-roig.cat\\\/es\\\/#\\\/schema\\\/person\\\/1f73e7b5e6f9dd122e8a6f14f310ac5e\"},\"breadcrumb\":{\"@id\":\"https:\\\/\\\/mont-roig.cat\\\/es\\\/actualitat\\\/noticies\\\/gala-drag-al-centre-cultural-esglesia-vella-en-commemoracio-del-dia-contra-les-lgtbifobies\\\/#breadcrumb\"},\"inLanguage\":\"es\",\"potentialAction\":[{\"@type\":\"ReadAction\",\"target\":[\"https:\\\/\\\/mont-roig.cat\\\/es\\\/actualitat\\\/noticies\\\/gala-drag-al-centre-cultural-esglesia-vella-en-commemoracio-del-dia-contra-les-lgtbifobies\\\/\"]}]},{\"@type\":\"ImageObject\",\"inLanguage\":\"es\",\"@id\":\"https:\\\/\\\/mont-roig.cat\\\/es\\\/actualitat\\\/noticies\\\/gala-drag-al-centre-cultural-esglesia-vella-en-commemoracio-del-dia-contra-les-lgtbifobies\\\/#primaryimage\",\"url\":\"https:\\\/\\\/mont-roig.cat\\\/wp-content\\\/uploads\\\/MMJ_gala_drag2024_NOTI.png\",\"contentUrl\":\"https:\\\/\\\/mont-roig.cat\\\/wp-content\\\/uploads\\\/MMJ_gala_drag2024_NOTI.png\",\"width\":1200,\"height\":628},{\"@type\":\"BreadcrumbList\",\"@id\":\"https:\\\/\\\/mont-roig.cat\\\/es\\\/actualitat\\\/noticies\\\/gala-drag-al-centre-cultural-esglesia-vella-en-commemoracio-del-dia-contra-les-lgtbifobies\\\/#breadcrumb\",\"itemListElement\":[{\"@type\":\"ListItem\",\"position\":1,\"name\":\"Inici\",\"item\":\"https:\\\/\\\/mont-roig.cat\\\/es\\\/pagina-de-inicio\\\/\"},{\"@type\":\"ListItem\",\"position\":2,\"name\":\"Gala Drag en el Centre Cultural Esgl\u00e9sia Vella en conmemoraci\u00f3n del D\u00eda contra las LGTBIfobias\"}]},{\"@type\":\"WebSite\",\"@id\":\"https:\\\/\\\/mont-roig.cat\\\/es\\\/#website\",\"url\":\"https:\\\/\\\/mont-roig.cat\\\/es\\\/\",\"name\":\"Ajuntament de Mont-roig del Camp\",\"description\":\"Tota la informaci\u00f3 sobre la instituci\u00f3, els seus \u00f2rgans de govern, actualitat, serveis i molt m\u00e9s.\",\"potentialAction\":[{\"@type\":\"SearchAction\",\"target\":{\"@type\":\"EntryPoint\",\"urlTemplate\":\"https:\\\/\\\/mont-roig.cat\\\/es\\\/?s={search_term_string}\"},\"query-input\":{\"@type\":\"PropertyValueSpecification\",\"valueRequired\":true,\"valueName\":\"search_term_string\"}}],\"inLanguage\":\"es\"},{\"@type\":\"Person\",\"@id\":\"https:\\\/\\\/mont-roig.cat\\\/es\\\/#\\\/schema\\\/person\\\/1f73e7b5e6f9dd122e8a6f14f310ac5e\",\"name\":\"comunicacio\",\"image\":{\"@type\":\"ImageObject\",\"inLanguage\":\"es\",\"@id\":\"https:\\\/\\\/secure.gravatar.com\\\/avatar\\\/98944333e7a877670a64f8d10f0cb680ab2c9ebc4efc43945ef004b52b5ad28c?s=96&d=mm&r=g\",\"url\":\"https:\\\/\\\/secure.gravatar.com\\\/avatar\\\/98944333e7a877670a64f8d10f0cb680ab2c9ebc4efc43945ef004b52b5ad28c?s=96&d=mm&r=g\",\"contentUrl\":\"https:\\\/\\\/secure.gravatar.com\\\/avatar\\\/98944333e7a877670a64f8d10f0cb680ab2c9ebc4efc43945ef004b52b5ad28c?s=96&d=mm&r=g\",\"caption\":\"comunicacio\"},\"url\":\"https:\\\/\\\/mont-roig.cat\\\/es\\\/actualitat\\\/noticies\\\/author\\\/comunicacio\\\/\"}]}<\/script>\n<!-- \/ Yoast SEO plugin. -->","yoast_head_json":{"title":"Gala Drag en el Centre Cultural Esgl\u00e9sia Vella en conmemoraci\u00f3n del D\u00eda contra las LGTBIfobias - Ajuntament de Mont-roig del Camp","robots":{"index":"index","follow":"follow","max-snippet":"max-snippet:-1","max-image-preview":"max-image-preview:large","max-video-preview":"max-video-preview:-1"},"canonical":"https:\/\/mont-roig.cat\/es\/actualitat\/noticies\/gala-drag-al-centre-cultural-esglesia-vella-en-commemoracio-del-dia-contra-les-lgtbifobies\/","og_locale":"es_ES","og_type":"article","og_title":"Gala Drag en el Centre Cultural Esgl\u00e9sia Vella en conmemoraci\u00f3n del D\u00eda contra las LGTBIfobias - Ajuntament de Mont-roig del Camp","og_description":"Mont-roig del Camp celebra la diversidad sexual y de g\u00e9nero con una gala en honor al colectivo LGTBI La diversidad sexual y de g\u00e9nero tomar\u00e1 protagonismo en Mont-roig del Camp con una Gala Drag especial en conmemoraci\u00f3n del D\u00eda contra las LGTBIfobias. El pr\u00f3ximo viernes 17 de mayo, el Centre Cultural Esgl\u00e9sia Vella de Mont-roig [&hellip;]","og_url":"https:\/\/mont-roig.cat\/es\/actualitat\/noticies\/gala-drag-al-centre-cultural-esglesia-vella-en-commemoracio-del-dia-contra-les-lgtbifobies\/","og_site_name":"Ajuntament de Mont-roig del Camp","article_published_time":"2024-04-29T11:50:09+00:00","article_modified_time":"2024-04-29T12:05:39+00:00","og_image":[{"width":1200,"height":628,"url":"https:\/\/mont-roig.cat\/wp-content\/uploads\/MMJ_gala_drag2024_NOTI.png","type":"image\/png"}],"author":"comunicacio","twitter_card":"summary_large_image","twitter_misc":{"Escrito por":"comunicacio","Tiempo de lectura":"2 minutos"},"schema":{"@context":"https:\/\/schema.org","@graph":[{"@type":"Article","@id":"https:\/\/mont-roig.cat\/es\/actualitat\/noticies\/gala-drag-al-centre-cultural-esglesia-vella-en-commemoracio-del-dia-contra-les-lgtbifobies\/#article","isPartOf":{"@id":"https:\/\/mont-roig.cat\/es\/actualitat\/noticies\/gala-drag-al-centre-cultural-esglesia-vella-en-commemoracio-del-dia-contra-les-lgtbifobies\/"},"author":{"name":"comunicacio","@id":"https:\/\/mont-roig.cat\/es\/#\/schema\/person\/1f73e7b5e6f9dd122e8a6f14f310ac5e"},"headline":"Gala Drag en el Centre Cultural Esgl\u00e9sia Vella en conmemoraci\u00f3n del D\u00eda contra las LGTBIfobias","datePublished":"2024-04-29T11:50:09+00:00","dateModified":"2024-04-29T12:05:39+00:00","mainEntityOfPage":{"@id":"https:\/\/mont-roig.cat\/es\/actualitat\/noticies\/gala-drag-al-centre-cultural-esglesia-vella-en-commemoracio-del-dia-contra-les-lgtbifobies\/"},"wordCount":277,"image":{"@id":"https:\/\/mont-roig.cat\/es\/actualitat\/noticies\/gala-drag-al-centre-cultural-esglesia-vella-en-commemoracio-del-dia-contra-les-lgtbifobies\/#primaryimage"},"thumbnailUrl":"https:\/\/mont-roig.cat\/wp-content\/uploads\/MMJ_gala_drag2024_NOTI.png","articleSection":["Ayuntamiento","Igualtat","Juventud"],"inLanguage":"es"},{"@type":"WebPage","@id":"https:\/\/mont-roig.cat\/es\/actualitat\/noticies\/gala-drag-al-centre-cultural-esglesia-vella-en-commemoracio-del-dia-contra-les-lgtbifobies\/","url":"https:\/\/mont-roig.cat\/es\/actualitat\/noticies\/gala-drag-al-centre-cultural-esglesia-vella-en-commemoracio-del-dia-contra-les-lgtbifobies\/","name":"Gala Drag en el Centre Cultural Esgl\u00e9sia Vella en conmemoraci\u00f3n del D\u00eda contra las LGTBIfobias - Ajuntament de Mont-roig del Camp","isPartOf":{"@id":"https:\/\/mont-roig.cat\/es\/#website"},"primaryImageOfPage":{"@id":"https:\/\/mont-roig.cat\/es\/actualitat\/noticies\/gala-drag-al-centre-cultural-esglesia-vella-en-commemoracio-del-dia-contra-les-lgtbifobies\/#primaryimage"},"image":{"@id":"https:\/\/mont-roig.cat\/es\/actualitat\/noticies\/gala-drag-al-centre-cultural-esglesia-vella-en-commemoracio-del-dia-contra-les-lgtbifobies\/#primaryimage"},"thumbnailUrl":"https:\/\/mont-roig.cat\/wp-content\/uploads\/MMJ_gala_drag2024_NOTI.png","datePublished":"2024-04-29T11:50:09+00:00","dateModified":"2024-04-29T12:05:39+00:00","author":{"@id":"https:\/\/mont-roig.cat\/es\/#\/schema\/person\/1f73e7b5e6f9dd122e8a6f14f310ac5e"},"breadcrumb":{"@id":"https:\/\/mont-roig.cat\/es\/actualitat\/noticies\/gala-drag-al-centre-cultural-esglesia-vella-en-commemoracio-del-dia-contra-les-lgtbifobies\/#breadcrumb"},"inLanguage":"es","potentialAction":[{"@type":"ReadAction","target":["https:\/\/mont-roig.cat\/es\/actualitat\/noticies\/gala-drag-al-centre-cultural-esglesia-vella-en-commemoracio-del-dia-contra-les-lgtbifobies\/"]}]},{"@type":"ImageObject","inLanguage":"es","@id":"https:\/\/mont-roig.cat\/es\/actualitat\/noticies\/gala-drag-al-centre-cultural-esglesia-vella-en-commemoracio-del-dia-contra-les-lgtbifobies\/#primaryimage","url":"https:\/\/mont-roig.cat\/wp-content\/uploads\/MMJ_gala_drag2024_NOTI.png","contentUrl":"https:\/\/mont-roig.cat\/wp-content\/uploads\/MMJ_gala_drag2024_NOTI.png","width":1200,"height":628},{"@type":"BreadcrumbList","@id":"https:\/\/mont-roig.cat\/es\/actualitat\/noticies\/gala-drag-al-centre-cultural-esglesia-vella-en-commemoracio-del-dia-contra-les-lgtbifobies\/#breadcrumb","itemListElement":[{"@type":"ListItem","position":1,"name":"Inici","item":"https:\/\/mont-roig.cat\/es\/pagina-de-inicio\/"},{"@type":"ListItem","position":2,"name":"Gala Drag en el Centre Cultural Esgl\u00e9sia Vella en conmemoraci\u00f3n del D\u00eda contra las LGTBIfobias"}]},{"@type":"WebSite","@id":"https:\/\/mont-roig.cat\/es\/#website","url":"https:\/\/mont-roig.cat\/es\/","name":"Ajuntament de Mont-roig del Camp","description":"Tota la informaci\u00f3 sobre la instituci\u00f3, els seus \u00f2rgans de govern, actualitat, serveis i molt m\u00e9s.","potentialAction":[{"@type":"SearchAction","target":{"@type":"EntryPoint","urlTemplate":"https:\/\/mont-roig.cat\/es\/?s={search_term_string}"},"query-input":{"@type":"PropertyValueSpecification","valueRequired":true,"valueName":"search_term_string"}}],"inLanguage":"es"},{"@type":"Person","@id":"https:\/\/mont-roig.cat\/es\/#\/schema\/person\/1f73e7b5e6f9dd122e8a6f14f310ac5e","name":"comunicacio","image":{"@type":"ImageObject","inLanguage":"es","@id":"https:\/\/secure.gravatar.com\/avatar\/98944333e7a877670a64f8d10f0cb680ab2c9ebc4efc43945ef004b52b5ad28c?s=96&d=mm&r=g","url":"https:\/\/secure.gravatar.com\/avatar\/98944333e7a877670a64f8d10f0cb680ab2c9ebc4efc43945ef004b52b5ad28c?s=96&d=mm&r=g","contentUrl":"https:\/\/secure.gravatar.com\/avatar\/98944333e7a877670a64f8d10f0cb680ab2c9ebc4efc43945ef004b52b5ad28c?s=96&d=mm&r=g","caption":"comunicacio"},"url":"https:\/\/mont-roig.cat\/es\/actualitat\/noticies\/author\/comunicacio\/"}]}},"_links":{"self":[{"href":"https:\/\/mont-roig.cat\/es\/wp-json\/wp\/v2\/posts\/76229","targetHints":{"allow":["GET"]}}],"collection":[{"href":"https:\/\/mont-roig.cat\/es\/wp-json\/wp\/v2\/posts"}],"about":[{"href":"https:\/\/mont-roig.cat\/es\/wp-json\/wp\/v2\/types\/post"}],"author":[{"embeddable":true,"href":"https:\/\/mont-roig.cat\/es\/wp-json\/wp\/v2\/users\/13"}],"replies":[{"embeddable":true,"href":"https:\/\/mont-roig.cat\/es\/wp-json\/wp\/v2\/comments?post=76229"}],"version-history":[{"count":2,"href":"https:\/\/mont-roig.cat\/es\/wp-json\/wp\/v2\/posts\/76229\/revisions"}],"predecessor-version":[{"id":76231,"href":"https:\/\/mont-roig.cat\/es\/wp-json\/wp\/v2\/posts\/76229\/revisions\/76231"}],"wp:featuredmedia":[{"embeddable":true,"href":"https:\/\/mont-roig.cat\/es\/wp-json\/wp\/v2\/media\/76218"}],"wp:attachment":[{"href":"https:\/\/mont-roig.cat\/es\/wp-json\/wp\/v2\/media?parent=76229"}],"wp:term":[{"taxonomy":"category","embeddable":true,"href":"https:\/\/mont-roig.cat\/es\/wp-json\/wp\/v2\/categories?post=76229"},{"taxonomy":"post_tag","embeddable":true,"href":"https:\/\/mont-roig.cat\/es\/wp-json\/wp\/v2\/tags?post=76229"}],"curies":[{"name":"wp","href":"https:\/\/api.w.org\/{rel}","templated":true}]}}