{"id":76582,"date":"2024-05-23T13:21:59","date_gmt":"2024-05-23T11:21:59","guid":{"rendered":"https:\/\/mont-roig.cat\/actualitat\/noticies\/el-nou-sistema-de-recollida-de-residus-porta-a-porta-comencara-el-dimarts-4-de-juny\/"},"modified":"2024-05-23T13:27:29","modified_gmt":"2024-05-23T11:27:29","slug":"el-nuevo-sistema-de-recogida-de-residuos-puerta-a-puerta-comencara-el-dimarts-4-de-junio","status":"publish","type":"post","link":"https:\/\/mont-roig.cat\/es\/actualitat\/noticies\/el-nuevo-sistema-de-recogida-de-residuos-puerta-a-puerta-comencara-el-dimarts-4-de-junio\/","title":{"rendered":"El nuevo sistema de recogida de residuos Puerta a Puerta comen\u00e7ar\u00e0 el dimarts 4 de junio"},"content":{"rendered":"<p><strong><strong><a href=\"https:\/\/mont-roig.cat\/wp-content\/uploads\/Imatge-data-inici-PaP.png\" target=\"_blank\" rel=\"noopener\"><img loading=\"lazy\" decoding=\"async\" class=\"alignright wp-image-76578\" src=\"https:\/\/mont-roig.cat\/wp-content\/uploads\/Imatge-data-inici-PaP-500x333.png\" alt=\"\" width=\"300\" height=\"200\" srcset=\"https:\/\/mont-roig.cat\/wp-content\/uploads\/Imatge-data-inici-PaP-500x333.png 500w, https:\/\/mont-roig.cat\/wp-content\/uploads\/Imatge-data-inici-PaP-1024x682.png 1024w, https:\/\/mont-roig.cat\/wp-content\/uploads\/Imatge-data-inici-PaP-768x512.png 768w, https:\/\/mont-roig.cat\/wp-content\/uploads\/Imatge-data-inici-PaP-1536x1024.png 1536w, https:\/\/mont-roig.cat\/wp-content\/uploads\/Imatge-data-inici-PaP.png 1772w\" sizes=\"auto, (max-width: 300px) 100vw, 300px\" \/><\/a><\/strong><\/strong><\/p>\n<ul>\n<li><strong>Este nuevo sistema se llevar\u00e1 a cabo inicialmente en Costa Z\u00e8fir, Club Mont-roig y Bonmont y progresivamente se ampliar\u00e1 al resto del municipio.<\/strong><\/li>\n<\/ul>\n<p>El Ayuntamiento de Mont-roig del Camp pondr\u00e1 en marcha el pr\u00f3ximo martes 4 de junio el nuevo sistema de recogida de residuos Puerta a Puerta (PaP). Esta iniciativa, que comenzar\u00e1 en la zona de Costa Z\u00e8fir, Club Mont-roig y Bonmont, tiene el objetivo de mejorar la recogida selectiva de residuos y acercarse al 55% de reciclaje exigido por la Uni\u00f3n Europea en 2025. El sistema se ampliar\u00e1 progresivamente al resto del municipio.<\/p>\n<p>Para participar en este nuevo sistema, es imprescindible disponer del kit del material proporcionado en las campa\u00f1as anteriores del Puerta a Puerta, as\u00ed como la instalaci\u00f3n del gancho en la fachada para colocar el cubo multiproducto los d\u00edas de recogida.<\/p>\n<p><strong>Recogida del kit<\/strong><\/p>\n<p>Aquellos domicilios que a\u00fan no tengan el kit del material pueden recogerlo en las oficinas de Medio Ambiente (Polivalente Miami Platja, C\/Soria 18) los martes, mi\u00e9rcoles y viernes de 9:00 h a 13:00 h. Tambi\u00e9n se explicar\u00e1 c\u00f3mo proceder para obtener la instalaci\u00f3n del gancho. Las personas que no puedan acudir en este horario pueden contactar a trav\u00e9s del WhatsApp 603592138. Los domicilios que ya disponen del material pero a\u00fan no tienen el gancho instalado pueden informarse a trav\u00e9s del mismo n\u00famero de whatsApp. Para m\u00e1s informaci\u00f3n sobre el sistema Puerta a Puerta, pod\u00e9is uniros al grupo de difusi\u00f3n de WhatsApp: <a href=\"https:\/\/chat.whatsapp.com\/Cod7yCqoDiEJydr1mIZdmA\" target=\"_blank\" rel=\"noopener noreferrer\">https:\/\/chat.whatsapp.com\/Cod7yCqoDiEJydr1mIZdmA<\/a>. Para otras consultas, todo el vecindario puede contactar al correo electr\u00f3nico <a href=\"mailto:reduirireciclar@mont-roig.cat\" target=\"_blank\" rel=\"noopener noreferrer\">reduirireciclar@mont-roig.cat<\/a> o en el whatsApp 603592138.<\/p>\n<p>Con la puesta en marcha en las tres urbanizaciones del Puerta a Puerta se reafirma el compromiso del Ayuntamiento de Mont-roig del Camp por una gesti\u00f3n de residuos m\u00e1s eficiente y sostenible, contribuyendo a un municipio m\u00e1s limpio y respetuoso con el medio ambiente.<\/p>\n<p>&nbsp;<\/p>\n","protected":false},"excerpt":{"rendered":"<p>Este nuevo sistema se llevar\u00e1 a cabo inicialmente en Costa Z\u00e8fir, Club Mont-roig y Bonmont y progresivamente se ampliar\u00e1 al resto del municipio. El Ayuntamiento de Mont-roig del Camp pondr\u00e1 en marcha el pr\u00f3ximo martes 4 de junio el nuevo sistema de recogida de residuos Puerta a Puerta (PaP). Esta iniciativa, que comenzar\u00e1 en la [&hellip;]<\/p>\n","protected":false},"author":13,"featured_media":76579,"comment_status":"closed","ping_status":"closed","sticky":false,"template":"","format":"standard","meta":{"inline_featured_image":false,"_monsterinsights_skip_tracking":false,"_monsterinsights_sitenote_active":false,"_monsterinsights_sitenote_note":"","_monsterinsights_sitenote_category":0,"footnotes":""},"categories":[98,143],"tags":[],"class_list":["post-76582","post","type-post","status-publish","format-standard","has-post-thumbnail","hentry","category-ayuntamiento","category-residuos-es"],"yoast_head":"<!-- This site is optimized with the Yoast SEO plugin v27.4 - https:\/\/yoast.com\/product\/yoast-seo-wordpress\/ -->\n<title>El nuevo sistema de recogida de residuos Puerta a Puerta comen\u00e7ar\u00e0 el dimarts 4 de junio - Ajuntament de Mont-roig del Camp<\/title>\n<meta name=\"robots\" content=\"index, follow, max-snippet:-1, max-image-preview:large, max-video-preview:-1\" \/>\n<link rel=\"canonical\" href=\"https:\/\/mont-roig.cat\/es\/actualitat\/noticies\/el-nuevo-sistema-de-recogida-de-residuos-puerta-a-puerta-comencara-el-dimarts-4-de-junio\/\" \/>\n<meta property=\"og:locale\" content=\"es_ES\" \/>\n<meta property=\"og:type\" content=\"article\" \/>\n<meta property=\"og:title\" content=\"El nuevo sistema de recogida de residuos Puerta a Puerta comen\u00e7ar\u00e0 el dimarts 4 de junio - Ajuntament de Mont-roig del Camp\" \/>\n<meta property=\"og:description\" content=\"Este nuevo sistema se llevar\u00e1 a cabo inicialmente en Costa Z\u00e8fir, Club Mont-roig y Bonmont y progresivamente se ampliar\u00e1 al resto del municipio. El Ayuntamiento de Mont-roig del Camp pondr\u00e1 en marcha el pr\u00f3ximo martes 4 de junio el nuevo sistema de recogida de residuos Puerta a Puerta (PaP). Esta iniciativa, que comenzar\u00e1 en la [&hellip;]\" \/>\n<meta property=\"og:url\" content=\"https:\/\/mont-roig.cat\/es\/actualitat\/noticies\/el-nuevo-sistema-de-recogida-de-residuos-puerta-a-puerta-comencara-el-dimarts-4-de-junio\/\" \/>\n<meta property=\"og:site_name\" content=\"Ajuntament de Mont-roig del Camp\" \/>\n<meta property=\"article:published_time\" content=\"2024-05-23T11:21:59+00:00\" \/>\n<meta property=\"article:modified_time\" content=\"2024-05-23T11:27:29+00:00\" \/>\n<meta property=\"og:image\" content=\"https:\/\/mont-roig.cat\/wp-content\/uploads\/Imatge-data-inici-PaP.png\" \/>\n\t<meta property=\"og:image:width\" content=\"1772\" \/>\n\t<meta property=\"og:image:height\" content=\"1181\" \/>\n\t<meta property=\"og:image:type\" content=\"image\/png\" \/>\n<meta name=\"author\" content=\"comunicacio\" \/>\n<meta name=\"twitter:card\" content=\"summary_large_image\" \/>\n<meta name=\"twitter:label1\" content=\"Escrito por\" \/>\n\t<meta name=\"twitter:data1\" content=\"comunicacio\" \/>\n\t<meta name=\"twitter:label2\" content=\"Tiempo de lectura\" \/>\n\t<meta name=\"twitter:data2\" content=\"3 minutos\" \/>\n<script type=\"application\/ld+json\" class=\"yoast-schema-graph\">{\"@context\":\"https:\\\/\\\/schema.org\",\"@graph\":[{\"@type\":\"Article\",\"@id\":\"https:\\\/\\\/mont-roig.cat\\\/es\\\/actualitat\\\/noticies\\\/el-nuevo-sistema-de-recogida-de-residuos-puerta-a-puerta-comencara-el-dimarts-4-de-junio\\\/#article\",\"isPartOf\":{\"@id\":\"https:\\\/\\\/mont-roig.cat\\\/es\\\/actualitat\\\/noticies\\\/el-nuevo-sistema-de-recogida-de-residuos-puerta-a-puerta-comencara-el-dimarts-4-de-junio\\\/\"},\"author\":{\"name\":\"comunicacio\",\"@id\":\"https:\\\/\\\/mont-roig.cat\\\/es\\\/#\\\/schema\\\/person\\\/1f73e7b5e6f9dd122e8a6f14f310ac5e\"},\"headline\":\"El nuevo sistema de recogida de residuos Puerta a Puerta comen\u00e7ar\u00e0 el dimarts 4 de junio\",\"datePublished\":\"2024-05-23T11:21:59+00:00\",\"dateModified\":\"2024-05-23T11:27:29+00:00\",\"mainEntityOfPage\":{\"@id\":\"https:\\\/\\\/mont-roig.cat\\\/es\\\/actualitat\\\/noticies\\\/el-nuevo-sistema-de-recogida-de-residuos-puerta-a-puerta-comencara-el-dimarts-4-de-junio\\\/\"},\"wordCount\":343,\"image\":{\"@id\":\"https:\\\/\\\/mont-roig.cat\\\/es\\\/actualitat\\\/noticies\\\/el-nuevo-sistema-de-recogida-de-residuos-puerta-a-puerta-comencara-el-dimarts-4-de-junio\\\/#primaryimage\"},\"thumbnailUrl\":\"https:\\\/\\\/mont-roig.cat\\\/wp-content\\\/uploads\\\/Imatge-data-inici-PaP.png\",\"articleSection\":[\"Ayuntamiento\",\"Residuos\"],\"inLanguage\":\"es\"},{\"@type\":\"WebPage\",\"@id\":\"https:\\\/\\\/mont-roig.cat\\\/es\\\/actualitat\\\/noticies\\\/el-nuevo-sistema-de-recogida-de-residuos-puerta-a-puerta-comencara-el-dimarts-4-de-junio\\\/\",\"url\":\"https:\\\/\\\/mont-roig.cat\\\/es\\\/actualitat\\\/noticies\\\/el-nuevo-sistema-de-recogida-de-residuos-puerta-a-puerta-comencara-el-dimarts-4-de-junio\\\/\",\"name\":\"El nuevo sistema de recogida de residuos Puerta a Puerta comen\u00e7ar\u00e0 el dimarts 4 de junio - Ajuntament de Mont-roig del Camp\",\"isPartOf\":{\"@id\":\"https:\\\/\\\/mont-roig.cat\\\/es\\\/#website\"},\"primaryImageOfPage\":{\"@id\":\"https:\\\/\\\/mont-roig.cat\\\/es\\\/actualitat\\\/noticies\\\/el-nuevo-sistema-de-recogida-de-residuos-puerta-a-puerta-comencara-el-dimarts-4-de-junio\\\/#primaryimage\"},\"image\":{\"@id\":\"https:\\\/\\\/mont-roig.cat\\\/es\\\/actualitat\\\/noticies\\\/el-nuevo-sistema-de-recogida-de-residuos-puerta-a-puerta-comencara-el-dimarts-4-de-junio\\\/#primaryimage\"},\"thumbnailUrl\":\"https:\\\/\\\/mont-roig.cat\\\/wp-content\\\/uploads\\\/Imatge-data-inici-PaP.png\",\"datePublished\":\"2024-05-23T11:21:59+00:00\",\"dateModified\":\"2024-05-23T11:27:29+00:00\",\"author\":{\"@id\":\"https:\\\/\\\/mont-roig.cat\\\/es\\\/#\\\/schema\\\/person\\\/1f73e7b5e6f9dd122e8a6f14f310ac5e\"},\"breadcrumb\":{\"@id\":\"https:\\\/\\\/mont-roig.cat\\\/es\\\/actualitat\\\/noticies\\\/el-nuevo-sistema-de-recogida-de-residuos-puerta-a-puerta-comencara-el-dimarts-4-de-junio\\\/#breadcrumb\"},\"inLanguage\":\"es\",\"potentialAction\":[{\"@type\":\"ReadAction\",\"target\":[\"https:\\\/\\\/mont-roig.cat\\\/es\\\/actualitat\\\/noticies\\\/el-nuevo-sistema-de-recogida-de-residuos-puerta-a-puerta-comencara-el-dimarts-4-de-junio\\\/\"]}]},{\"@type\":\"ImageObject\",\"inLanguage\":\"es\",\"@id\":\"https:\\\/\\\/mont-roig.cat\\\/es\\\/actualitat\\\/noticies\\\/el-nuevo-sistema-de-recogida-de-residuos-puerta-a-puerta-comencara-el-dimarts-4-de-junio\\\/#primaryimage\",\"url\":\"https:\\\/\\\/mont-roig.cat\\\/wp-content\\\/uploads\\\/Imatge-data-inici-PaP.png\",\"contentUrl\":\"https:\\\/\\\/mont-roig.cat\\\/wp-content\\\/uploads\\\/Imatge-data-inici-PaP.png\",\"width\":1772,\"height\":1181},{\"@type\":\"BreadcrumbList\",\"@id\":\"https:\\\/\\\/mont-roig.cat\\\/es\\\/actualitat\\\/noticies\\\/el-nuevo-sistema-de-recogida-de-residuos-puerta-a-puerta-comencara-el-dimarts-4-de-junio\\\/#breadcrumb\",\"itemListElement\":[{\"@type\":\"ListItem\",\"position\":1,\"name\":\"Inici\",\"item\":\"https:\\\/\\\/mont-roig.cat\\\/es\\\/pagina-de-inicio\\\/\"},{\"@type\":\"ListItem\",\"position\":2,\"name\":\"El nuevo sistema de recogida de residuos Puerta a Puerta comen\u00e7ar\u00e0 el dimarts 4 de junio\"}]},{\"@type\":\"WebSite\",\"@id\":\"https:\\\/\\\/mont-roig.cat\\\/es\\\/#website\",\"url\":\"https:\\\/\\\/mont-roig.cat\\\/es\\\/\",\"name\":\"Ajuntament de Mont-roig del Camp\",\"description\":\"Tota la informaci\u00f3 sobre la instituci\u00f3, els seus \u00f2rgans de govern, actualitat, serveis i molt m\u00e9s.\",\"potentialAction\":[{\"@type\":\"SearchAction\",\"target\":{\"@type\":\"EntryPoint\",\"urlTemplate\":\"https:\\\/\\\/mont-roig.cat\\\/es\\\/?s={search_term_string}\"},\"query-input\":{\"@type\":\"PropertyValueSpecification\",\"valueRequired\":true,\"valueName\":\"search_term_string\"}}],\"inLanguage\":\"es\"},{\"@type\":\"Person\",\"@id\":\"https:\\\/\\\/mont-roig.cat\\\/es\\\/#\\\/schema\\\/person\\\/1f73e7b5e6f9dd122e8a6f14f310ac5e\",\"name\":\"comunicacio\",\"image\":{\"@type\":\"ImageObject\",\"inLanguage\":\"es\",\"@id\":\"https:\\\/\\\/secure.gravatar.com\\\/avatar\\\/98944333e7a877670a64f8d10f0cb680ab2c9ebc4efc43945ef004b52b5ad28c?s=96&d=mm&r=g\",\"url\":\"https:\\\/\\\/secure.gravatar.com\\\/avatar\\\/98944333e7a877670a64f8d10f0cb680ab2c9ebc4efc43945ef004b52b5ad28c?s=96&d=mm&r=g\",\"contentUrl\":\"https:\\\/\\\/secure.gravatar.com\\\/avatar\\\/98944333e7a877670a64f8d10f0cb680ab2c9ebc4efc43945ef004b52b5ad28c?s=96&d=mm&r=g\",\"caption\":\"comunicacio\"},\"url\":\"https:\\\/\\\/mont-roig.cat\\\/es\\\/actualitat\\\/noticies\\\/author\\\/comunicacio\\\/\"}]}<\/script>\n<!-- \/ Yoast SEO plugin. -->","yoast_head_json":{"title":"El nuevo sistema de recogida de residuos Puerta a Puerta comen\u00e7ar\u00e0 el dimarts 4 de junio - Ajuntament de Mont-roig del Camp","robots":{"index":"index","follow":"follow","max-snippet":"max-snippet:-1","max-image-preview":"max-image-preview:large","max-video-preview":"max-video-preview:-1"},"canonical":"https:\/\/mont-roig.cat\/es\/actualitat\/noticies\/el-nuevo-sistema-de-recogida-de-residuos-puerta-a-puerta-comencara-el-dimarts-4-de-junio\/","og_locale":"es_ES","og_type":"article","og_title":"El nuevo sistema de recogida de residuos Puerta a Puerta comen\u00e7ar\u00e0 el dimarts 4 de junio - Ajuntament de Mont-roig del Camp","og_description":"Este nuevo sistema se llevar\u00e1 a cabo inicialmente en Costa Z\u00e8fir, Club Mont-roig y Bonmont y progresivamente se ampliar\u00e1 al resto del municipio. El Ayuntamiento de Mont-roig del Camp pondr\u00e1 en marcha el pr\u00f3ximo martes 4 de junio el nuevo sistema de recogida de residuos Puerta a Puerta (PaP). Esta iniciativa, que comenzar\u00e1 en la [&hellip;]","og_url":"https:\/\/mont-roig.cat\/es\/actualitat\/noticies\/el-nuevo-sistema-de-recogida-de-residuos-puerta-a-puerta-comencara-el-dimarts-4-de-junio\/","og_site_name":"Ajuntament de Mont-roig del Camp","article_published_time":"2024-05-23T11:21:59+00:00","article_modified_time":"2024-05-23T11:27:29+00:00","og_image":[{"width":1772,"height":1181,"url":"https:\/\/mont-roig.cat\/wp-content\/uploads\/Imatge-data-inici-PaP.png","type":"image\/png"}],"author":"comunicacio","twitter_card":"summary_large_image","twitter_misc":{"Escrito por":"comunicacio","Tiempo de lectura":"3 minutos"},"schema":{"@context":"https:\/\/schema.org","@graph":[{"@type":"Article","@id":"https:\/\/mont-roig.cat\/es\/actualitat\/noticies\/el-nuevo-sistema-de-recogida-de-residuos-puerta-a-puerta-comencara-el-dimarts-4-de-junio\/#article","isPartOf":{"@id":"https:\/\/mont-roig.cat\/es\/actualitat\/noticies\/el-nuevo-sistema-de-recogida-de-residuos-puerta-a-puerta-comencara-el-dimarts-4-de-junio\/"},"author":{"name":"comunicacio","@id":"https:\/\/mont-roig.cat\/es\/#\/schema\/person\/1f73e7b5e6f9dd122e8a6f14f310ac5e"},"headline":"El nuevo sistema de recogida de residuos Puerta a Puerta comen\u00e7ar\u00e0 el dimarts 4 de junio","datePublished":"2024-05-23T11:21:59+00:00","dateModified":"2024-05-23T11:27:29+00:00","mainEntityOfPage":{"@id":"https:\/\/mont-roig.cat\/es\/actualitat\/noticies\/el-nuevo-sistema-de-recogida-de-residuos-puerta-a-puerta-comencara-el-dimarts-4-de-junio\/"},"wordCount":343,"image":{"@id":"https:\/\/mont-roig.cat\/es\/actualitat\/noticies\/el-nuevo-sistema-de-recogida-de-residuos-puerta-a-puerta-comencara-el-dimarts-4-de-junio\/#primaryimage"},"thumbnailUrl":"https:\/\/mont-roig.cat\/wp-content\/uploads\/Imatge-data-inici-PaP.png","articleSection":["Ayuntamiento","Residuos"],"inLanguage":"es"},{"@type":"WebPage","@id":"https:\/\/mont-roig.cat\/es\/actualitat\/noticies\/el-nuevo-sistema-de-recogida-de-residuos-puerta-a-puerta-comencara-el-dimarts-4-de-junio\/","url":"https:\/\/mont-roig.cat\/es\/actualitat\/noticies\/el-nuevo-sistema-de-recogida-de-residuos-puerta-a-puerta-comencara-el-dimarts-4-de-junio\/","name":"El nuevo sistema de recogida de residuos Puerta a Puerta comen\u00e7ar\u00e0 el dimarts 4 de junio - Ajuntament de Mont-roig del Camp","isPartOf":{"@id":"https:\/\/mont-roig.cat\/es\/#website"},"primaryImageOfPage":{"@id":"https:\/\/mont-roig.cat\/es\/actualitat\/noticies\/el-nuevo-sistema-de-recogida-de-residuos-puerta-a-puerta-comencara-el-dimarts-4-de-junio\/#primaryimage"},"image":{"@id":"https:\/\/mont-roig.cat\/es\/actualitat\/noticies\/el-nuevo-sistema-de-recogida-de-residuos-puerta-a-puerta-comencara-el-dimarts-4-de-junio\/#primaryimage"},"thumbnailUrl":"https:\/\/mont-roig.cat\/wp-content\/uploads\/Imatge-data-inici-PaP.png","datePublished":"2024-05-23T11:21:59+00:00","dateModified":"2024-05-23T11:27:29+00:00","author":{"@id":"https:\/\/mont-roig.cat\/es\/#\/schema\/person\/1f73e7b5e6f9dd122e8a6f14f310ac5e"},"breadcrumb":{"@id":"https:\/\/mont-roig.cat\/es\/actualitat\/noticies\/el-nuevo-sistema-de-recogida-de-residuos-puerta-a-puerta-comencara-el-dimarts-4-de-junio\/#breadcrumb"},"inLanguage":"es","potentialAction":[{"@type":"ReadAction","target":["https:\/\/mont-roig.cat\/es\/actualitat\/noticies\/el-nuevo-sistema-de-recogida-de-residuos-puerta-a-puerta-comencara-el-dimarts-4-de-junio\/"]}]},{"@type":"ImageObject","inLanguage":"es","@id":"https:\/\/mont-roig.cat\/es\/actualitat\/noticies\/el-nuevo-sistema-de-recogida-de-residuos-puerta-a-puerta-comencara-el-dimarts-4-de-junio\/#primaryimage","url":"https:\/\/mont-roig.cat\/wp-content\/uploads\/Imatge-data-inici-PaP.png","contentUrl":"https:\/\/mont-roig.cat\/wp-content\/uploads\/Imatge-data-inici-PaP.png","width":1772,"height":1181},{"@type":"BreadcrumbList","@id":"https:\/\/mont-roig.cat\/es\/actualitat\/noticies\/el-nuevo-sistema-de-recogida-de-residuos-puerta-a-puerta-comencara-el-dimarts-4-de-junio\/#breadcrumb","itemListElement":[{"@type":"ListItem","position":1,"name":"Inici","item":"https:\/\/mont-roig.cat\/es\/pagina-de-inicio\/"},{"@type":"ListItem","position":2,"name":"El nuevo sistema de recogida de residuos Puerta a Puerta comen\u00e7ar\u00e0 el dimarts 4 de junio"}]},{"@type":"WebSite","@id":"https:\/\/mont-roig.cat\/es\/#website","url":"https:\/\/mont-roig.cat\/es\/","name":"Ajuntament de Mont-roig del Camp","description":"Tota la informaci\u00f3 sobre la instituci\u00f3, els seus \u00f2rgans de govern, actualitat, serveis i molt m\u00e9s.","potentialAction":[{"@type":"SearchAction","target":{"@type":"EntryPoint","urlTemplate":"https:\/\/mont-roig.cat\/es\/?s={search_term_string}"},"query-input":{"@type":"PropertyValueSpecification","valueRequired":true,"valueName":"search_term_string"}}],"inLanguage":"es"},{"@type":"Person","@id":"https:\/\/mont-roig.cat\/es\/#\/schema\/person\/1f73e7b5e6f9dd122e8a6f14f310ac5e","name":"comunicacio","image":{"@type":"ImageObject","inLanguage":"es","@id":"https:\/\/secure.gravatar.com\/avatar\/98944333e7a877670a64f8d10f0cb680ab2c9ebc4efc43945ef004b52b5ad28c?s=96&d=mm&r=g","url":"https:\/\/secure.gravatar.com\/avatar\/98944333e7a877670a64f8d10f0cb680ab2c9ebc4efc43945ef004b52b5ad28c?s=96&d=mm&r=g","contentUrl":"https:\/\/secure.gravatar.com\/avatar\/98944333e7a877670a64f8d10f0cb680ab2c9ebc4efc43945ef004b52b5ad28c?s=96&d=mm&r=g","caption":"comunicacio"},"url":"https:\/\/mont-roig.cat\/es\/actualitat\/noticies\/author\/comunicacio\/"}]}},"_links":{"self":[{"href":"https:\/\/mont-roig.cat\/es\/wp-json\/wp\/v2\/posts\/76582","targetHints":{"allow":["GET"]}}],"collection":[{"href":"https:\/\/mont-roig.cat\/es\/wp-json\/wp\/v2\/posts"}],"about":[{"href":"https:\/\/mont-roig.cat\/es\/wp-json\/wp\/v2\/types\/post"}],"author":[{"embeddable":true,"href":"https:\/\/mont-roig.cat\/es\/wp-json\/wp\/v2\/users\/13"}],"replies":[{"embeddable":true,"href":"https:\/\/mont-roig.cat\/es\/wp-json\/wp\/v2\/comments?post=76582"}],"version-history":[{"count":2,"href":"https:\/\/mont-roig.cat\/es\/wp-json\/wp\/v2\/posts\/76582\/revisions"}],"predecessor-version":[{"id":76584,"href":"https:\/\/mont-roig.cat\/es\/wp-json\/wp\/v2\/posts\/76582\/revisions\/76584"}],"wp:featuredmedia":[{"embeddable":true,"href":"https:\/\/mont-roig.cat\/es\/wp-json\/wp\/v2\/media\/76579"}],"wp:attachment":[{"href":"https:\/\/mont-roig.cat\/es\/wp-json\/wp\/v2\/media?parent=76582"}],"wp:term":[{"taxonomy":"category","embeddable":true,"href":"https:\/\/mont-roig.cat\/es\/wp-json\/wp\/v2\/categories?post=76582"},{"taxonomy":"post_tag","embeddable":true,"href":"https:\/\/mont-roig.cat\/es\/wp-json\/wp\/v2\/tags?post=76582"}],"curies":[{"name":"wp","href":"https:\/\/api.w.org\/{rel}","templated":true}]}}