{"id":76774,"date":"2024-05-30T13:48:13","date_gmt":"2024-05-30T11:48:13","guid":{"rendered":"https:\/\/mont-roig.cat\/actualitat\/noticies\/tot-a-punt-per-a-la-posada-en-marxa-de-la-recollida-de-residus-porta-a-porta-pap\/"},"modified":"2024-05-30T13:56:20","modified_gmt":"2024-05-30T11:56:20","slug":"todo-listo-para-el-lanzamiento-de-la-recogida-de-residuos-puerta-a-puerta-pap","status":"publish","type":"post","link":"https:\/\/mont-roig.cat\/es\/actualitat\/noticies\/todo-listo-para-el-lanzamiento-de-la-recogida-de-residuos-puerta-a-puerta-pap\/","title":{"rendered":"Todo listo para el inicio de la recogida de residuos Puerta a Puerta (PaP)"},"content":{"rendered":"<p><strong><strong><a href=\"https:\/\/mont-roig.cat\/wp-content\/uploads\/PAP.jpg\" target=\"_blank\" rel=\"noopener\"><img loading=\"lazy\" decoding=\"async\" class=\"alignright wp-image-76770\" src=\"https:\/\/mont-roig.cat\/wp-content\/uploads\/PAP-375x500.jpg\" alt=\"\" width=\"260\" height=\"347\" srcset=\"https:\/\/mont-roig.cat\/wp-content\/uploads\/PAP-375x500.jpg 375w, https:\/\/mont-roig.cat\/wp-content\/uploads\/PAP-768x1024.jpg 768w, https:\/\/mont-roig.cat\/wp-content\/uploads\/PAP-1152x1536.jpg 1152w, https:\/\/mont-roig.cat\/wp-content\/uploads\/PAP.jpg 1200w\" sizes=\"auto, (max-width: 260px) 100vw, 260px\" \/><\/a><\/strong><\/strong><\/p>\n<div class=\"flex flex-grow flex-col max-w-full\">\n<div class=\"min-h-[20px] text-message flex flex-col items-start whitespace-pre-wrap break-words [.text-message+&amp;]:mt-5 juice:w-full juice:items-end overflow-x-auto gap-2\" dir=\"auto\" data-message-author-role=\"assistant\" data-message-id=\"8db7bb66-562c-44d3-ab82-c48a99be6e70\">\n<div class=\"flex w-full flex-col gap-1 juice:empty:hidden juice:first:pt-[3px]\">\n<div class=\"markdown prose w-full break-words dark:prose-invert light\">\n<ul>\n<li><strong>El martes 4 de junio comienza este nuevo sistema en Costa Z\u00e8fir, Club Mont-roig y Bonmont, antes de que se extienda a otras zonas del municipio.<\/strong><\/li>\n<\/ul>\n<p>Con el nuevo sistema de recogida de residuos Puerta a Puerta que se pone en marcha este martes 4 de junio, se recoger\u00e1n en la puerta de casa las fracciones de papel y cart\u00f3n, envases, materia org\u00e1nica y rechazo, mientras que el vidrio se llevar\u00e1 a las \u00e1reas de emergencia. De momento, este nuevo sistema de recogida de residuos ser\u00e1 en Costa Z\u00e8fir, Club Mont-roig y Bonmont, antes de que se extienda a otras zonas del municipio.<\/p>\n<p>Los d\u00edas de recogida del servicio PaP ser\u00e1n martes, mi\u00e9rcoles, jueves y domingo. Habr\u00e1 que sacar el cubo multiproducto entre las 21:30 h y las 22:30 h, con las fracciones correspondientes seg\u00fan el calendario, y sujetarlo al gancho. Al d\u00eda siguiente por la ma\u00f1ana, se deber\u00e1 volver a entrar el cubo a casa.<\/p>\n<p>En cada uno de los sectores donde se lleva a cabo el Puerta a Puerta habr\u00e1 una \u00e1rea de emergencia:<\/p>\n<ul>\n<li>Costa Z\u00e8fir \u2013 C\/Per\u00fa<\/li>\n<li>Club Mont-roig \u2013 C\/Bruselas<\/li>\n<li>Bonmont \u2013 C\/de les Terres Noves<\/li>\n<\/ul>\n<p>Las \u00e1reas de emergencia sustituir\u00e1n los contenedores de la v\u00eda p\u00fablica, los cuales se retirar\u00e1n de manera progresiva. Es decir, durante las primeras semanas convivir\u00e1n los dos sistemas. Se podr\u00e1n utilizar en casos excepcionales, como por ejemplo si uno debe ausentarse durante unos d\u00edas y quedan residuos en casa, si se hace una comida familiar y se generan m\u00e1s residuos de los habituales, etc. Estas zonas estar\u00e1n vigiladas con c\u00e1maras para evitar comportamientos inc\u00edvicos y asegurar el respeto del \u00e1rea, as\u00ed como del entorno donde se encuentran.<\/p>\n<p>Durante la fase inicial de puesta en marcha del servicio estar\u00e1n abiertas, sin embargo, una vez pasadas las primeras semanas solo se podr\u00e1 acceder con la identificaci\u00f3n que dispondr\u00e1 todo el vecindario de cada urbanizaci\u00f3n. Pr\u00f3ximamente, se ampliar\u00e1 la informaci\u00f3n sobre la obtenci\u00f3n y el funcionamiento de identificaci\u00f3n para usar estas \u00e1reas de emergencia.<\/p>\n<p>Ubicaci\u00f3n del gancho Los domicilios que a\u00fan no tienen el gancho instalado, encuentran dificultades para la ubicaci\u00f3n o las caracter\u00edsticas de la vivienda lo impiden, pueden ponerse en contacto al WhatsApp 603592138 y se les indicar\u00e1 c\u00f3mo hacerlo.<\/p>\n<p>Para m\u00e1s informaci\u00f3n sobre el sistema Puerta a Puerta, todo el vecindario puede unirse al grupo de difusi\u00f3n de WhatsApp: <a href=\"https:\/\/chat.whatsapp.com\/Cod7yCqoDiEJydr1mIZdmA\" target=\"_blank\" rel=\"noopener noreferrer\">https:\/\/chat.whatsapp.com\/Cod7yCqoDiEJydr1mIZdmA<\/a>. Para otras consultas, se puede contactar al correo electr\u00f3nico <a href=\"mailto:reducirireciclar@mont-roig.cat\" target=\"_blank\" rel=\"noopener noreferrer\">reducirireciclar@mont-roig.cat<\/a> o al WhatsApp.<\/p>\n<\/div>\n<\/div>\n<\/div>\n<\/div>\n<div class=\"mt-1 flex gap-3 empty:hidden juice:-ml-3\">\n<div class=\"items-center justify-start rounded-xl p-1 flex\">\n<div class=\"flex items-center\">\n<div class=\"flex items-center pb-0.5 juice:pb-0\">\n<div class=\"[&amp;_svg]:h-full [&amp;_svg]:w-full icon-md h-4 w-4\"><\/div>\n<\/div>\n<\/div>\n<\/div>\n<\/div>\n","protected":false},"excerpt":{"rendered":"<p>El martes 4 de junio comienza este nuevo sistema en Costa Z\u00e8fir, Club Mont-roig y Bonmont, antes de que se extienda a otras zonas del municipio. Con el nuevo sistema de recogida de residuos Puerta a Puerta que se pone en marcha este martes 4 de junio, se recoger\u00e1n en la puerta de casa las [&hellip;]<\/p>\n","protected":false},"author":13,"featured_media":76771,"comment_status":"closed","ping_status":"closed","sticky":false,"template":"","format":"standard","meta":{"inline_featured_image":false,"_monsterinsights_skip_tracking":false,"_monsterinsights_sitenote_active":false,"_monsterinsights_sitenote_note":"","_monsterinsights_sitenote_category":0,"footnotes":""},"categories":[98,143],"tags":[],"class_list":["post-76774","post","type-post","status-publish","format-standard","has-post-thumbnail","hentry","category-ayuntamiento","category-residuos-es"],"yoast_head":"<!-- This site is optimized with the Yoast SEO plugin v27.4 - https:\/\/yoast.com\/product\/yoast-seo-wordpress\/ -->\n<title>Todo listo para el inicio de la recogida de residuos Puerta a Puerta (PaP) - Ajuntament de Mont-roig del Camp<\/title>\n<meta name=\"robots\" content=\"index, follow, max-snippet:-1, max-image-preview:large, max-video-preview:-1\" \/>\n<link rel=\"canonical\" href=\"https:\/\/mont-roig.cat\/es\/actualitat\/noticies\/todo-listo-para-el-lanzamiento-de-la-recogida-de-residuos-puerta-a-puerta-pap\/\" \/>\n<meta property=\"og:locale\" content=\"es_ES\" \/>\n<meta property=\"og:type\" content=\"article\" \/>\n<meta property=\"og:title\" content=\"Todo listo para el inicio de la recogida de residuos Puerta a Puerta (PaP) - Ajuntament de Mont-roig del Camp\" \/>\n<meta property=\"og:description\" content=\"El martes 4 de junio comienza este nuevo sistema en Costa Z\u00e8fir, Club Mont-roig y Bonmont, antes de que se extienda a otras zonas del municipio. Con el nuevo sistema de recogida de residuos Puerta a Puerta que se pone en marcha este martes 4 de junio, se recoger\u00e1n en la puerta de casa las [&hellip;]\" \/>\n<meta property=\"og:url\" content=\"https:\/\/mont-roig.cat\/es\/actualitat\/noticies\/todo-listo-para-el-lanzamiento-de-la-recogida-de-residuos-puerta-a-puerta-pap\/\" \/>\n<meta property=\"og:site_name\" content=\"Ajuntament de Mont-roig del Camp\" \/>\n<meta property=\"article:published_time\" content=\"2024-05-30T11:48:13+00:00\" \/>\n<meta property=\"article:modified_time\" content=\"2024-05-30T11:56:20+00:00\" \/>\n<meta property=\"og:image\" content=\"https:\/\/mont-roig.cat\/wp-content\/uploads\/PAP.jpg\" \/>\n\t<meta property=\"og:image:width\" content=\"1200\" \/>\n\t<meta property=\"og:image:height\" content=\"1600\" \/>\n\t<meta property=\"og:image:type\" content=\"image\/jpeg\" \/>\n<meta name=\"author\" content=\"comunicacio\" \/>\n<meta name=\"twitter:card\" content=\"summary_large_image\" \/>\n<meta name=\"twitter:label1\" content=\"Escrito por\" \/>\n\t<meta name=\"twitter:data1\" content=\"comunicacio\" \/>\n\t<meta name=\"twitter:label2\" content=\"Tiempo de lectura\" \/>\n\t<meta name=\"twitter:data2\" content=\"3 minutos\" \/>\n<script type=\"application\/ld+json\" class=\"yoast-schema-graph\">{\"@context\":\"https:\\\/\\\/schema.org\",\"@graph\":[{\"@type\":\"Article\",\"@id\":\"https:\\\/\\\/mont-roig.cat\\\/es\\\/actualitat\\\/noticies\\\/todo-listo-para-el-lanzamiento-de-la-recogida-de-residuos-puerta-a-puerta-pap\\\/#article\",\"isPartOf\":{\"@id\":\"https:\\\/\\\/mont-roig.cat\\\/es\\\/actualitat\\\/noticies\\\/todo-listo-para-el-lanzamiento-de-la-recogida-de-residuos-puerta-a-puerta-pap\\\/\"},\"author\":{\"name\":\"comunicacio\",\"@id\":\"https:\\\/\\\/mont-roig.cat\\\/es\\\/#\\\/schema\\\/person\\\/1f73e7b5e6f9dd122e8a6f14f310ac5e\"},\"headline\":\"Todo listo para el inicio de la recogida de residuos Puerta a Puerta (PaP)\",\"datePublished\":\"2024-05-30T11:48:13+00:00\",\"dateModified\":\"2024-05-30T11:56:20+00:00\",\"mainEntityOfPage\":{\"@id\":\"https:\\\/\\\/mont-roig.cat\\\/es\\\/actualitat\\\/noticies\\\/todo-listo-para-el-lanzamiento-de-la-recogida-de-residuos-puerta-a-puerta-pap\\\/\"},\"wordCount\":459,\"image\":{\"@id\":\"https:\\\/\\\/mont-roig.cat\\\/es\\\/actualitat\\\/noticies\\\/todo-listo-para-el-lanzamiento-de-la-recogida-de-residuos-puerta-a-puerta-pap\\\/#primaryimage\"},\"thumbnailUrl\":\"https:\\\/\\\/mont-roig.cat\\\/wp-content\\\/uploads\\\/PAP.jpg\",\"articleSection\":[\"Ayuntamiento\",\"Residuos\"],\"inLanguage\":\"es\"},{\"@type\":\"WebPage\",\"@id\":\"https:\\\/\\\/mont-roig.cat\\\/es\\\/actualitat\\\/noticies\\\/todo-listo-para-el-lanzamiento-de-la-recogida-de-residuos-puerta-a-puerta-pap\\\/\",\"url\":\"https:\\\/\\\/mont-roig.cat\\\/es\\\/actualitat\\\/noticies\\\/todo-listo-para-el-lanzamiento-de-la-recogida-de-residuos-puerta-a-puerta-pap\\\/\",\"name\":\"Todo listo para el inicio de la recogida de residuos Puerta a Puerta (PaP) - Ajuntament de Mont-roig del Camp\",\"isPartOf\":{\"@id\":\"https:\\\/\\\/mont-roig.cat\\\/es\\\/#website\"},\"primaryImageOfPage\":{\"@id\":\"https:\\\/\\\/mont-roig.cat\\\/es\\\/actualitat\\\/noticies\\\/todo-listo-para-el-lanzamiento-de-la-recogida-de-residuos-puerta-a-puerta-pap\\\/#primaryimage\"},\"image\":{\"@id\":\"https:\\\/\\\/mont-roig.cat\\\/es\\\/actualitat\\\/noticies\\\/todo-listo-para-el-lanzamiento-de-la-recogida-de-residuos-puerta-a-puerta-pap\\\/#primaryimage\"},\"thumbnailUrl\":\"https:\\\/\\\/mont-roig.cat\\\/wp-content\\\/uploads\\\/PAP.jpg\",\"datePublished\":\"2024-05-30T11:48:13+00:00\",\"dateModified\":\"2024-05-30T11:56:20+00:00\",\"author\":{\"@id\":\"https:\\\/\\\/mont-roig.cat\\\/es\\\/#\\\/schema\\\/person\\\/1f73e7b5e6f9dd122e8a6f14f310ac5e\"},\"breadcrumb\":{\"@id\":\"https:\\\/\\\/mont-roig.cat\\\/es\\\/actualitat\\\/noticies\\\/todo-listo-para-el-lanzamiento-de-la-recogida-de-residuos-puerta-a-puerta-pap\\\/#breadcrumb\"},\"inLanguage\":\"es\",\"potentialAction\":[{\"@type\":\"ReadAction\",\"target\":[\"https:\\\/\\\/mont-roig.cat\\\/es\\\/actualitat\\\/noticies\\\/todo-listo-para-el-lanzamiento-de-la-recogida-de-residuos-puerta-a-puerta-pap\\\/\"]}]},{\"@type\":\"ImageObject\",\"inLanguage\":\"es\",\"@id\":\"https:\\\/\\\/mont-roig.cat\\\/es\\\/actualitat\\\/noticies\\\/todo-listo-para-el-lanzamiento-de-la-recogida-de-residuos-puerta-a-puerta-pap\\\/#primaryimage\",\"url\":\"https:\\\/\\\/mont-roig.cat\\\/wp-content\\\/uploads\\\/PAP.jpg\",\"contentUrl\":\"https:\\\/\\\/mont-roig.cat\\\/wp-content\\\/uploads\\\/PAP.jpg\",\"width\":1200,\"height\":1600},{\"@type\":\"BreadcrumbList\",\"@id\":\"https:\\\/\\\/mont-roig.cat\\\/es\\\/actualitat\\\/noticies\\\/todo-listo-para-el-lanzamiento-de-la-recogida-de-residuos-puerta-a-puerta-pap\\\/#breadcrumb\",\"itemListElement\":[{\"@type\":\"ListItem\",\"position\":1,\"name\":\"Inici\",\"item\":\"https:\\\/\\\/mont-roig.cat\\\/es\\\/pagina-de-inicio\\\/\"},{\"@type\":\"ListItem\",\"position\":2,\"name\":\"Todo listo para el inicio de la recogida de residuos Puerta a Puerta (PaP)\"}]},{\"@type\":\"WebSite\",\"@id\":\"https:\\\/\\\/mont-roig.cat\\\/es\\\/#website\",\"url\":\"https:\\\/\\\/mont-roig.cat\\\/es\\\/\",\"name\":\"Ajuntament de Mont-roig del Camp\",\"description\":\"Tota la informaci\u00f3 sobre la instituci\u00f3, els seus \u00f2rgans de govern, actualitat, serveis i molt m\u00e9s.\",\"potentialAction\":[{\"@type\":\"SearchAction\",\"target\":{\"@type\":\"EntryPoint\",\"urlTemplate\":\"https:\\\/\\\/mont-roig.cat\\\/es\\\/?s={search_term_string}\"},\"query-input\":{\"@type\":\"PropertyValueSpecification\",\"valueRequired\":true,\"valueName\":\"search_term_string\"}}],\"inLanguage\":\"es\"},{\"@type\":\"Person\",\"@id\":\"https:\\\/\\\/mont-roig.cat\\\/es\\\/#\\\/schema\\\/person\\\/1f73e7b5e6f9dd122e8a6f14f310ac5e\",\"name\":\"comunicacio\",\"image\":{\"@type\":\"ImageObject\",\"inLanguage\":\"es\",\"@id\":\"https:\\\/\\\/secure.gravatar.com\\\/avatar\\\/98944333e7a877670a64f8d10f0cb680ab2c9ebc4efc43945ef004b52b5ad28c?s=96&d=mm&r=g\",\"url\":\"https:\\\/\\\/secure.gravatar.com\\\/avatar\\\/98944333e7a877670a64f8d10f0cb680ab2c9ebc4efc43945ef004b52b5ad28c?s=96&d=mm&r=g\",\"contentUrl\":\"https:\\\/\\\/secure.gravatar.com\\\/avatar\\\/98944333e7a877670a64f8d10f0cb680ab2c9ebc4efc43945ef004b52b5ad28c?s=96&d=mm&r=g\",\"caption\":\"comunicacio\"},\"url\":\"https:\\\/\\\/mont-roig.cat\\\/es\\\/actualitat\\\/noticies\\\/author\\\/comunicacio\\\/\"}]}<\/script>\n<!-- \/ Yoast SEO plugin. -->","yoast_head_json":{"title":"Todo listo para el inicio de la recogida de residuos Puerta a Puerta (PaP) - Ajuntament de Mont-roig del Camp","robots":{"index":"index","follow":"follow","max-snippet":"max-snippet:-1","max-image-preview":"max-image-preview:large","max-video-preview":"max-video-preview:-1"},"canonical":"https:\/\/mont-roig.cat\/es\/actualitat\/noticies\/todo-listo-para-el-lanzamiento-de-la-recogida-de-residuos-puerta-a-puerta-pap\/","og_locale":"es_ES","og_type":"article","og_title":"Todo listo para el inicio de la recogida de residuos Puerta a Puerta (PaP) - Ajuntament de Mont-roig del Camp","og_description":"El martes 4 de junio comienza este nuevo sistema en Costa Z\u00e8fir, Club Mont-roig y Bonmont, antes de que se extienda a otras zonas del municipio. Con el nuevo sistema de recogida de residuos Puerta a Puerta que se pone en marcha este martes 4 de junio, se recoger\u00e1n en la puerta de casa las [&hellip;]","og_url":"https:\/\/mont-roig.cat\/es\/actualitat\/noticies\/todo-listo-para-el-lanzamiento-de-la-recogida-de-residuos-puerta-a-puerta-pap\/","og_site_name":"Ajuntament de Mont-roig del Camp","article_published_time":"2024-05-30T11:48:13+00:00","article_modified_time":"2024-05-30T11:56:20+00:00","og_image":[{"width":1200,"height":1600,"url":"https:\/\/mont-roig.cat\/wp-content\/uploads\/PAP.jpg","type":"image\/jpeg"}],"author":"comunicacio","twitter_card":"summary_large_image","twitter_misc":{"Escrito por":"comunicacio","Tiempo de lectura":"3 minutos"},"schema":{"@context":"https:\/\/schema.org","@graph":[{"@type":"Article","@id":"https:\/\/mont-roig.cat\/es\/actualitat\/noticies\/todo-listo-para-el-lanzamiento-de-la-recogida-de-residuos-puerta-a-puerta-pap\/#article","isPartOf":{"@id":"https:\/\/mont-roig.cat\/es\/actualitat\/noticies\/todo-listo-para-el-lanzamiento-de-la-recogida-de-residuos-puerta-a-puerta-pap\/"},"author":{"name":"comunicacio","@id":"https:\/\/mont-roig.cat\/es\/#\/schema\/person\/1f73e7b5e6f9dd122e8a6f14f310ac5e"},"headline":"Todo listo para el inicio de la recogida de residuos Puerta a Puerta (PaP)","datePublished":"2024-05-30T11:48:13+00:00","dateModified":"2024-05-30T11:56:20+00:00","mainEntityOfPage":{"@id":"https:\/\/mont-roig.cat\/es\/actualitat\/noticies\/todo-listo-para-el-lanzamiento-de-la-recogida-de-residuos-puerta-a-puerta-pap\/"},"wordCount":459,"image":{"@id":"https:\/\/mont-roig.cat\/es\/actualitat\/noticies\/todo-listo-para-el-lanzamiento-de-la-recogida-de-residuos-puerta-a-puerta-pap\/#primaryimage"},"thumbnailUrl":"https:\/\/mont-roig.cat\/wp-content\/uploads\/PAP.jpg","articleSection":["Ayuntamiento","Residuos"],"inLanguage":"es"},{"@type":"WebPage","@id":"https:\/\/mont-roig.cat\/es\/actualitat\/noticies\/todo-listo-para-el-lanzamiento-de-la-recogida-de-residuos-puerta-a-puerta-pap\/","url":"https:\/\/mont-roig.cat\/es\/actualitat\/noticies\/todo-listo-para-el-lanzamiento-de-la-recogida-de-residuos-puerta-a-puerta-pap\/","name":"Todo listo para el inicio de la recogida de residuos Puerta a Puerta (PaP) - Ajuntament de Mont-roig del Camp","isPartOf":{"@id":"https:\/\/mont-roig.cat\/es\/#website"},"primaryImageOfPage":{"@id":"https:\/\/mont-roig.cat\/es\/actualitat\/noticies\/todo-listo-para-el-lanzamiento-de-la-recogida-de-residuos-puerta-a-puerta-pap\/#primaryimage"},"image":{"@id":"https:\/\/mont-roig.cat\/es\/actualitat\/noticies\/todo-listo-para-el-lanzamiento-de-la-recogida-de-residuos-puerta-a-puerta-pap\/#primaryimage"},"thumbnailUrl":"https:\/\/mont-roig.cat\/wp-content\/uploads\/PAP.jpg","datePublished":"2024-05-30T11:48:13+00:00","dateModified":"2024-05-30T11:56:20+00:00","author":{"@id":"https:\/\/mont-roig.cat\/es\/#\/schema\/person\/1f73e7b5e6f9dd122e8a6f14f310ac5e"},"breadcrumb":{"@id":"https:\/\/mont-roig.cat\/es\/actualitat\/noticies\/todo-listo-para-el-lanzamiento-de-la-recogida-de-residuos-puerta-a-puerta-pap\/#breadcrumb"},"inLanguage":"es","potentialAction":[{"@type":"ReadAction","target":["https:\/\/mont-roig.cat\/es\/actualitat\/noticies\/todo-listo-para-el-lanzamiento-de-la-recogida-de-residuos-puerta-a-puerta-pap\/"]}]},{"@type":"ImageObject","inLanguage":"es","@id":"https:\/\/mont-roig.cat\/es\/actualitat\/noticies\/todo-listo-para-el-lanzamiento-de-la-recogida-de-residuos-puerta-a-puerta-pap\/#primaryimage","url":"https:\/\/mont-roig.cat\/wp-content\/uploads\/PAP.jpg","contentUrl":"https:\/\/mont-roig.cat\/wp-content\/uploads\/PAP.jpg","width":1200,"height":1600},{"@type":"BreadcrumbList","@id":"https:\/\/mont-roig.cat\/es\/actualitat\/noticies\/todo-listo-para-el-lanzamiento-de-la-recogida-de-residuos-puerta-a-puerta-pap\/#breadcrumb","itemListElement":[{"@type":"ListItem","position":1,"name":"Inici","item":"https:\/\/mont-roig.cat\/es\/pagina-de-inicio\/"},{"@type":"ListItem","position":2,"name":"Todo listo para el inicio de la recogida de residuos Puerta a Puerta (PaP)"}]},{"@type":"WebSite","@id":"https:\/\/mont-roig.cat\/es\/#website","url":"https:\/\/mont-roig.cat\/es\/","name":"Ajuntament de Mont-roig del Camp","description":"Tota la informaci\u00f3 sobre la instituci\u00f3, els seus \u00f2rgans de govern, actualitat, serveis i molt m\u00e9s.","potentialAction":[{"@type":"SearchAction","target":{"@type":"EntryPoint","urlTemplate":"https:\/\/mont-roig.cat\/es\/?s={search_term_string}"},"query-input":{"@type":"PropertyValueSpecification","valueRequired":true,"valueName":"search_term_string"}}],"inLanguage":"es"},{"@type":"Person","@id":"https:\/\/mont-roig.cat\/es\/#\/schema\/person\/1f73e7b5e6f9dd122e8a6f14f310ac5e","name":"comunicacio","image":{"@type":"ImageObject","inLanguage":"es","@id":"https:\/\/secure.gravatar.com\/avatar\/98944333e7a877670a64f8d10f0cb680ab2c9ebc4efc43945ef004b52b5ad28c?s=96&d=mm&r=g","url":"https:\/\/secure.gravatar.com\/avatar\/98944333e7a877670a64f8d10f0cb680ab2c9ebc4efc43945ef004b52b5ad28c?s=96&d=mm&r=g","contentUrl":"https:\/\/secure.gravatar.com\/avatar\/98944333e7a877670a64f8d10f0cb680ab2c9ebc4efc43945ef004b52b5ad28c?s=96&d=mm&r=g","caption":"comunicacio"},"url":"https:\/\/mont-roig.cat\/es\/actualitat\/noticies\/author\/comunicacio\/"}]}},"_links":{"self":[{"href":"https:\/\/mont-roig.cat\/es\/wp-json\/wp\/v2\/posts\/76774","targetHints":{"allow":["GET"]}}],"collection":[{"href":"https:\/\/mont-roig.cat\/es\/wp-json\/wp\/v2\/posts"}],"about":[{"href":"https:\/\/mont-roig.cat\/es\/wp-json\/wp\/v2\/types\/post"}],"author":[{"embeddable":true,"href":"https:\/\/mont-roig.cat\/es\/wp-json\/wp\/v2\/users\/13"}],"replies":[{"embeddable":true,"href":"https:\/\/mont-roig.cat\/es\/wp-json\/wp\/v2\/comments?post=76774"}],"version-history":[{"count":2,"href":"https:\/\/mont-roig.cat\/es\/wp-json\/wp\/v2\/posts\/76774\/revisions"}],"predecessor-version":[{"id":76776,"href":"https:\/\/mont-roig.cat\/es\/wp-json\/wp\/v2\/posts\/76774\/revisions\/76776"}],"wp:featuredmedia":[{"embeddable":true,"href":"https:\/\/mont-roig.cat\/es\/wp-json\/wp\/v2\/media\/76771"}],"wp:attachment":[{"href":"https:\/\/mont-roig.cat\/es\/wp-json\/wp\/v2\/media?parent=76774"}],"wp:term":[{"taxonomy":"category","embeddable":true,"href":"https:\/\/mont-roig.cat\/es\/wp-json\/wp\/v2\/categories?post=76774"},{"taxonomy":"post_tag","embeddable":true,"href":"https:\/\/mont-roig.cat\/es\/wp-json\/wp\/v2\/tags?post=76774"}],"curies":[{"name":"wp","href":"https:\/\/api.w.org\/{rel}","templated":true}]}}