{"id":77209,"date":"2024-06-20T12:38:23","date_gmt":"2024-06-20T10:38:23","guid":{"rendered":"https:\/\/mont-roig.cat\/actualitat\/noticies\/inaugurats-a-mont-roig-i-a-miami-platja-els-10-nous-carrers-amb-nom-de-dona\/"},"modified":"2024-06-20T12:44:21","modified_gmt":"2024-06-20T10:44:21","slug":"inaugurados-en-mont-roig-y-en-miami-platja-las-10-nuevas-calles-con-nombre-de-mujer","status":"publish","type":"post","link":"https:\/\/mont-roig.cat\/es\/actualitat\/noticies\/inaugurados-en-mont-roig-y-en-miami-platja-las-10-nuevas-calles-con-nombre-de-mujer\/","title":{"rendered":"Inaugurados en Mont-roig y en Miami Platja las 10 nuevas calles con nombre de mujer"},"content":{"rendered":"<ul>\n<li>\n<div id=\"attachment_77205\" style=\"width: 318px\" class=\"wp-caption alignright\"><a href=\"https:\/\/mont-roig.cat\/wp-content\/uploads\/foto-principal.jpg\" target=\"_blank\" rel=\"noopener\"><img loading=\"lazy\" decoding=\"async\" aria-describedby=\"caption-attachment-77205\" class=\"wp-image-77205\" src=\"https:\/\/mont-roig.cat\/wp-content\/uploads\/foto-principal-500x333.jpg\" alt=\"\" width=\"308\" height=\"205\" srcset=\"https:\/\/mont-roig.cat\/wp-content\/uploads\/foto-principal-500x333.jpg 500w, https:\/\/mont-roig.cat\/wp-content\/uploads\/foto-principal-1024x683.jpg 1024w, https:\/\/mont-roig.cat\/wp-content\/uploads\/foto-principal-768x512.jpg 768w, https:\/\/mont-roig.cat\/wp-content\/uploads\/foto-principal-1536x1024.jpg 1536w, https:\/\/mont-roig.cat\/wp-content\/uploads\/foto-principal.jpg 2048w\" sizes=\"auto, (max-width: 308px) 100vw, 308px\" \/><\/a><p id=\"caption-attachment-77205\" class=\"wp-caption-text\">Familiars de Maribel Zafra, una de les dones que dona nom als nous carrers del municipi.<\/p><\/div>\n<p><strong>El Ayuntamiento de Mont-roig del Camp celebra la recuperaci\u00f3n de la memoria hist\u00f3rica femenina con un acto emotivo y de reivindicaci\u00f3n que cierra el proceso participativo \u2018Dona nom\u2019<\/strong><\/li>\n<\/ul>\n<p>El pasado domingo 16 de junio se celebr\u00f3 el acto de inauguraci\u00f3n de las 10 calles con nombre de mujer, resultantes del proceso participativo &#8220;Dona Nom&#8221;, que impuls\u00f3 hace dos a\u00f1os el Ayuntamiento de Mont-roig del Camp. Estas calles no solo dan visibilidad a las mujeres, la mayor\u00eda de nuestro municipio, sino que tambi\u00e9n contribuyen a la recuperaci\u00f3n de la memoria hist\u00f3rica femenina.<\/p>\n<p>El Ayuntamiento de Mont-roig del Camp concluye, con este acto, el proyecto &#8220;Dona Nom&#8221;, dedicando 10 calles a mujeres que han sido protagonistas de la historia por su papel significativo en el mundo laboral, cultural y vecinal. Esta iniciativa para feminizar el nomencl\u00e1tor se ha concretado en diversos actos de homenaje, celebraci\u00f3n y recuerdo. Hasta ahora, solo el 6% de las calles del municipio llevaban nombre de mujer, y con estos cambios se pretende corregir este desequilibrio.<\/p>\n<p>La comitiva institucional, encabezada por el alcalde Fran Morancho y la concejala de Participaci\u00f3n Ciudadana, Francis Ortiz, junto con otros representantes del consistorio y la mayor\u00eda de miembros de la Comisi\u00f3n de Nomencl\u00e1tor, se reuni\u00f3 con las familias de las mujeres elegidas. En cada calle, adem\u00e1s de las placas informativas, se descubrieron t\u00f3tems con la imagen de cada mujer e informaci\u00f3n sobre sus vidas. Los familiares tuvieron la oportunidad de expresar sus sentimientos, convirtiendo cada inauguraci\u00f3n en un acto muy emotivo.<\/p>\n<p>Los nombres de las nuevas calles son:<\/p>\n<ul>\n<li>Maribel Zafra Agea (antigua C\/ Segovia)<\/li>\n<li>Ana Mu\u00f1oz Mart\u00ednez (antigua C\/ Falset)<\/li>\n<li>Montserrat Llorens Mart\u00ed (antigua C\/ Crist\u00f2fol Colom)<\/li>\n<li>Magda Guerrero Mercader (antiguo Cam\u00ed de les Creus)<\/li>\n<li>Mercedes de los Milagros Campos S\u00e1nchez (antigua C\/ Pal\u00e8ncia)<\/li>\n<li>Magdalena Serra i Vernet (antigua C\/ Ponent)<\/li>\n<li>Rosa Virgili Granell (antigua C\/ Calvari)<\/li>\n<li>Mercedes Boquera Boquera (antigua C\/ L\u2019Orotava)<\/li>\n<li>Maria Elena Maseras i Ribera (antigua\u00a0 C\/ Jurats)<\/li>\n<li>Pepa Colomer i Luque (antiguo C\/ Sant Judes)<\/li>\n<\/ul>\n<p><a href=\"https:\/\/www.flickr.com\/photos\/ajmont-roig\/albums\/72177720318087483\" target=\"_blank\" rel=\"noopener\">Enlace con una selecci\u00f3n de im\u00e1genes<\/a> del acto inaugural de las calles del proyecto &#8216;Dona nom&#8217;<\/p>\n","protected":false},"excerpt":{"rendered":"<p>El Ayuntamiento de Mont-roig del Camp celebra la recuperaci\u00f3n de la memoria hist\u00f3rica femenina con un acto emotivo y de reivindicaci\u00f3n que cierra el proceso participativo \u2018Dona nom\u2019 El pasado domingo 16 de junio se celebr\u00f3 el acto de inauguraci\u00f3n de las 10 calles con nombre de mujer, resultantes del proceso participativo &#8220;Dona Nom&#8221;, que [&hellip;]<\/p>\n","protected":false},"author":13,"featured_media":77206,"comment_status":"closed","ping_status":"closed","sticky":false,"template":"","format":"standard","meta":{"inline_featured_image":false,"_monsterinsights_skip_tracking":false,"_monsterinsights_sitenote_active":false,"_monsterinsights_sitenote_note":"","_monsterinsights_sitenote_category":0,"footnotes":""},"categories":[98,217],"tags":[],"class_list":["post-77209","post","type-post","status-publish","format-standard","has-post-thumbnail","hentry","category-ayuntamiento","category-participacio-ciutadana-es"],"yoast_head":"<!-- This site is optimized with the Yoast SEO plugin v27.4 - https:\/\/yoast.com\/product\/yoast-seo-wordpress\/ -->\n<title>Inaugurados en Mont-roig y en Miami Platja las 10 nuevas calles con nombre de mujer - Ajuntament de Mont-roig del Camp<\/title>\n<meta name=\"robots\" content=\"index, follow, max-snippet:-1, max-image-preview:large, max-video-preview:-1\" \/>\n<link rel=\"canonical\" href=\"https:\/\/mont-roig.cat\/es\/actualitat\/noticies\/inaugurados-en-mont-roig-y-en-miami-platja-las-10-nuevas-calles-con-nombre-de-mujer\/\" \/>\n<meta property=\"og:locale\" content=\"es_ES\" \/>\n<meta property=\"og:type\" content=\"article\" \/>\n<meta property=\"og:title\" content=\"Inaugurados en Mont-roig y en Miami Platja las 10 nuevas calles con nombre de mujer - Ajuntament de Mont-roig del Camp\" \/>\n<meta property=\"og:description\" content=\"El Ayuntamiento de Mont-roig del Camp celebra la recuperaci\u00f3n de la memoria hist\u00f3rica femenina con un acto emotivo y de reivindicaci\u00f3n que cierra el proceso participativo \u2018Dona nom\u2019 El pasado domingo 16 de junio se celebr\u00f3 el acto de inauguraci\u00f3n de las 10 calles con nombre de mujer, resultantes del proceso participativo &#8220;Dona Nom&#8221;, que [&hellip;]\" \/>\n<meta property=\"og:url\" content=\"https:\/\/mont-roig.cat\/es\/actualitat\/noticies\/inaugurados-en-mont-roig-y-en-miami-platja-las-10-nuevas-calles-con-nombre-de-mujer\/\" \/>\n<meta property=\"og:site_name\" content=\"Ajuntament de Mont-roig del Camp\" \/>\n<meta property=\"article:published_time\" content=\"2024-06-20T10:38:23+00:00\" \/>\n<meta property=\"article:modified_time\" content=\"2024-06-20T10:44:21+00:00\" \/>\n<meta property=\"og:image\" content=\"https:\/\/mont-roig.cat\/wp-content\/uploads\/foto-principal.jpg\" \/>\n\t<meta property=\"og:image:width\" content=\"2048\" \/>\n\t<meta property=\"og:image:height\" content=\"1365\" \/>\n\t<meta property=\"og:image:type\" content=\"image\/jpeg\" \/>\n<meta name=\"author\" content=\"comunicacio\" \/>\n<meta name=\"twitter:card\" content=\"summary_large_image\" \/>\n<meta name=\"twitter:label1\" content=\"Escrito por\" \/>\n\t<meta name=\"twitter:data1\" content=\"comunicacio\" \/>\n\t<meta name=\"twitter:label2\" content=\"Tiempo de lectura\" \/>\n\t<meta name=\"twitter:data2\" content=\"3 minutos\" \/>\n<script type=\"application\/ld+json\" class=\"yoast-schema-graph\">{\"@context\":\"https:\\\/\\\/schema.org\",\"@graph\":[{\"@type\":\"Article\",\"@id\":\"https:\\\/\\\/mont-roig.cat\\\/es\\\/actualitat\\\/noticies\\\/inaugurados-en-mont-roig-y-en-miami-platja-las-10-nuevas-calles-con-nombre-de-mujer\\\/#article\",\"isPartOf\":{\"@id\":\"https:\\\/\\\/mont-roig.cat\\\/es\\\/actualitat\\\/noticies\\\/inaugurados-en-mont-roig-y-en-miami-platja-las-10-nuevas-calles-con-nombre-de-mujer\\\/\"},\"author\":{\"name\":\"comunicacio\",\"@id\":\"https:\\\/\\\/mont-roig.cat\\\/es\\\/#\\\/schema\\\/person\\\/1f73e7b5e6f9dd122e8a6f14f310ac5e\"},\"headline\":\"Inaugurados en Mont-roig y en Miami Platja las 10 nuevas calles con nombre de mujer\",\"datePublished\":\"2024-06-20T10:38:23+00:00\",\"dateModified\":\"2024-06-20T10:44:21+00:00\",\"mainEntityOfPage\":{\"@id\":\"https:\\\/\\\/mont-roig.cat\\\/es\\\/actualitat\\\/noticies\\\/inaugurados-en-mont-roig-y-en-miami-platja-las-10-nuevas-calles-con-nombre-de-mujer\\\/\"},\"wordCount\":403,\"image\":{\"@id\":\"https:\\\/\\\/mont-roig.cat\\\/es\\\/actualitat\\\/noticies\\\/inaugurados-en-mont-roig-y-en-miami-platja-las-10-nuevas-calles-con-nombre-de-mujer\\\/#primaryimage\"},\"thumbnailUrl\":\"https:\\\/\\\/mont-roig.cat\\\/wp-content\\\/uploads\\\/foto-principal.jpg\",\"articleSection\":[\"Ayuntamiento\",\"Participaci\u00f3 Ciutadana\"],\"inLanguage\":\"es\"},{\"@type\":\"WebPage\",\"@id\":\"https:\\\/\\\/mont-roig.cat\\\/es\\\/actualitat\\\/noticies\\\/inaugurados-en-mont-roig-y-en-miami-platja-las-10-nuevas-calles-con-nombre-de-mujer\\\/\",\"url\":\"https:\\\/\\\/mont-roig.cat\\\/es\\\/actualitat\\\/noticies\\\/inaugurados-en-mont-roig-y-en-miami-platja-las-10-nuevas-calles-con-nombre-de-mujer\\\/\",\"name\":\"Inaugurados en Mont-roig y en Miami Platja las 10 nuevas calles con nombre de mujer - Ajuntament de Mont-roig del Camp\",\"isPartOf\":{\"@id\":\"https:\\\/\\\/mont-roig.cat\\\/es\\\/#website\"},\"primaryImageOfPage\":{\"@id\":\"https:\\\/\\\/mont-roig.cat\\\/es\\\/actualitat\\\/noticies\\\/inaugurados-en-mont-roig-y-en-miami-platja-las-10-nuevas-calles-con-nombre-de-mujer\\\/#primaryimage\"},\"image\":{\"@id\":\"https:\\\/\\\/mont-roig.cat\\\/es\\\/actualitat\\\/noticies\\\/inaugurados-en-mont-roig-y-en-miami-platja-las-10-nuevas-calles-con-nombre-de-mujer\\\/#primaryimage\"},\"thumbnailUrl\":\"https:\\\/\\\/mont-roig.cat\\\/wp-content\\\/uploads\\\/foto-principal.jpg\",\"datePublished\":\"2024-06-20T10:38:23+00:00\",\"dateModified\":\"2024-06-20T10:44:21+00:00\",\"author\":{\"@id\":\"https:\\\/\\\/mont-roig.cat\\\/es\\\/#\\\/schema\\\/person\\\/1f73e7b5e6f9dd122e8a6f14f310ac5e\"},\"breadcrumb\":{\"@id\":\"https:\\\/\\\/mont-roig.cat\\\/es\\\/actualitat\\\/noticies\\\/inaugurados-en-mont-roig-y-en-miami-platja-las-10-nuevas-calles-con-nombre-de-mujer\\\/#breadcrumb\"},\"inLanguage\":\"es\",\"potentialAction\":[{\"@type\":\"ReadAction\",\"target\":[\"https:\\\/\\\/mont-roig.cat\\\/es\\\/actualitat\\\/noticies\\\/inaugurados-en-mont-roig-y-en-miami-platja-las-10-nuevas-calles-con-nombre-de-mujer\\\/\"]}]},{\"@type\":\"ImageObject\",\"inLanguage\":\"es\",\"@id\":\"https:\\\/\\\/mont-roig.cat\\\/es\\\/actualitat\\\/noticies\\\/inaugurados-en-mont-roig-y-en-miami-platja-las-10-nuevas-calles-con-nombre-de-mujer\\\/#primaryimage\",\"url\":\"https:\\\/\\\/mont-roig.cat\\\/wp-content\\\/uploads\\\/foto-principal.jpg\",\"contentUrl\":\"https:\\\/\\\/mont-roig.cat\\\/wp-content\\\/uploads\\\/foto-principal.jpg\",\"width\":2048,\"height\":1365},{\"@type\":\"BreadcrumbList\",\"@id\":\"https:\\\/\\\/mont-roig.cat\\\/es\\\/actualitat\\\/noticies\\\/inaugurados-en-mont-roig-y-en-miami-platja-las-10-nuevas-calles-con-nombre-de-mujer\\\/#breadcrumb\",\"itemListElement\":[{\"@type\":\"ListItem\",\"position\":1,\"name\":\"Inici\",\"item\":\"https:\\\/\\\/mont-roig.cat\\\/es\\\/pagina-de-inicio\\\/\"},{\"@type\":\"ListItem\",\"position\":2,\"name\":\"Inaugurados en Mont-roig y en Miami Platja las 10 nuevas calles con nombre de mujer\"}]},{\"@type\":\"WebSite\",\"@id\":\"https:\\\/\\\/mont-roig.cat\\\/es\\\/#website\",\"url\":\"https:\\\/\\\/mont-roig.cat\\\/es\\\/\",\"name\":\"Ajuntament de Mont-roig del Camp\",\"description\":\"Tota la informaci\u00f3 sobre la instituci\u00f3, els seus \u00f2rgans de govern, actualitat, serveis i molt m\u00e9s.\",\"potentialAction\":[{\"@type\":\"SearchAction\",\"target\":{\"@type\":\"EntryPoint\",\"urlTemplate\":\"https:\\\/\\\/mont-roig.cat\\\/es\\\/?s={search_term_string}\"},\"query-input\":{\"@type\":\"PropertyValueSpecification\",\"valueRequired\":true,\"valueName\":\"search_term_string\"}}],\"inLanguage\":\"es\"},{\"@type\":\"Person\",\"@id\":\"https:\\\/\\\/mont-roig.cat\\\/es\\\/#\\\/schema\\\/person\\\/1f73e7b5e6f9dd122e8a6f14f310ac5e\",\"name\":\"comunicacio\",\"image\":{\"@type\":\"ImageObject\",\"inLanguage\":\"es\",\"@id\":\"https:\\\/\\\/secure.gravatar.com\\\/avatar\\\/98944333e7a877670a64f8d10f0cb680ab2c9ebc4efc43945ef004b52b5ad28c?s=96&d=mm&r=g\",\"url\":\"https:\\\/\\\/secure.gravatar.com\\\/avatar\\\/98944333e7a877670a64f8d10f0cb680ab2c9ebc4efc43945ef004b52b5ad28c?s=96&d=mm&r=g\",\"contentUrl\":\"https:\\\/\\\/secure.gravatar.com\\\/avatar\\\/98944333e7a877670a64f8d10f0cb680ab2c9ebc4efc43945ef004b52b5ad28c?s=96&d=mm&r=g\",\"caption\":\"comunicacio\"},\"url\":\"https:\\\/\\\/mont-roig.cat\\\/es\\\/actualitat\\\/noticies\\\/author\\\/comunicacio\\\/\"}]}<\/script>\n<!-- \/ Yoast SEO plugin. -->","yoast_head_json":{"title":"Inaugurados en Mont-roig y en Miami Platja las 10 nuevas calles con nombre de mujer - Ajuntament de Mont-roig del Camp","robots":{"index":"index","follow":"follow","max-snippet":"max-snippet:-1","max-image-preview":"max-image-preview:large","max-video-preview":"max-video-preview:-1"},"canonical":"https:\/\/mont-roig.cat\/es\/actualitat\/noticies\/inaugurados-en-mont-roig-y-en-miami-platja-las-10-nuevas-calles-con-nombre-de-mujer\/","og_locale":"es_ES","og_type":"article","og_title":"Inaugurados en Mont-roig y en Miami Platja las 10 nuevas calles con nombre de mujer - Ajuntament de Mont-roig del Camp","og_description":"El Ayuntamiento de Mont-roig del Camp celebra la recuperaci\u00f3n de la memoria hist\u00f3rica femenina con un acto emotivo y de reivindicaci\u00f3n que cierra el proceso participativo \u2018Dona nom\u2019 El pasado domingo 16 de junio se celebr\u00f3 el acto de inauguraci\u00f3n de las 10 calles con nombre de mujer, resultantes del proceso participativo &#8220;Dona Nom&#8221;, que [&hellip;]","og_url":"https:\/\/mont-roig.cat\/es\/actualitat\/noticies\/inaugurados-en-mont-roig-y-en-miami-platja-las-10-nuevas-calles-con-nombre-de-mujer\/","og_site_name":"Ajuntament de Mont-roig del Camp","article_published_time":"2024-06-20T10:38:23+00:00","article_modified_time":"2024-06-20T10:44:21+00:00","og_image":[{"width":2048,"height":1365,"url":"https:\/\/mont-roig.cat\/wp-content\/uploads\/foto-principal.jpg","type":"image\/jpeg"}],"author":"comunicacio","twitter_card":"summary_large_image","twitter_misc":{"Escrito por":"comunicacio","Tiempo de lectura":"3 minutos"},"schema":{"@context":"https:\/\/schema.org","@graph":[{"@type":"Article","@id":"https:\/\/mont-roig.cat\/es\/actualitat\/noticies\/inaugurados-en-mont-roig-y-en-miami-platja-las-10-nuevas-calles-con-nombre-de-mujer\/#article","isPartOf":{"@id":"https:\/\/mont-roig.cat\/es\/actualitat\/noticies\/inaugurados-en-mont-roig-y-en-miami-platja-las-10-nuevas-calles-con-nombre-de-mujer\/"},"author":{"name":"comunicacio","@id":"https:\/\/mont-roig.cat\/es\/#\/schema\/person\/1f73e7b5e6f9dd122e8a6f14f310ac5e"},"headline":"Inaugurados en Mont-roig y en Miami Platja las 10 nuevas calles con nombre de mujer","datePublished":"2024-06-20T10:38:23+00:00","dateModified":"2024-06-20T10:44:21+00:00","mainEntityOfPage":{"@id":"https:\/\/mont-roig.cat\/es\/actualitat\/noticies\/inaugurados-en-mont-roig-y-en-miami-platja-las-10-nuevas-calles-con-nombre-de-mujer\/"},"wordCount":403,"image":{"@id":"https:\/\/mont-roig.cat\/es\/actualitat\/noticies\/inaugurados-en-mont-roig-y-en-miami-platja-las-10-nuevas-calles-con-nombre-de-mujer\/#primaryimage"},"thumbnailUrl":"https:\/\/mont-roig.cat\/wp-content\/uploads\/foto-principal.jpg","articleSection":["Ayuntamiento","Participaci\u00f3 Ciutadana"],"inLanguage":"es"},{"@type":"WebPage","@id":"https:\/\/mont-roig.cat\/es\/actualitat\/noticies\/inaugurados-en-mont-roig-y-en-miami-platja-las-10-nuevas-calles-con-nombre-de-mujer\/","url":"https:\/\/mont-roig.cat\/es\/actualitat\/noticies\/inaugurados-en-mont-roig-y-en-miami-platja-las-10-nuevas-calles-con-nombre-de-mujer\/","name":"Inaugurados en Mont-roig y en Miami Platja las 10 nuevas calles con nombre de mujer - Ajuntament de Mont-roig del Camp","isPartOf":{"@id":"https:\/\/mont-roig.cat\/es\/#website"},"primaryImageOfPage":{"@id":"https:\/\/mont-roig.cat\/es\/actualitat\/noticies\/inaugurados-en-mont-roig-y-en-miami-platja-las-10-nuevas-calles-con-nombre-de-mujer\/#primaryimage"},"image":{"@id":"https:\/\/mont-roig.cat\/es\/actualitat\/noticies\/inaugurados-en-mont-roig-y-en-miami-platja-las-10-nuevas-calles-con-nombre-de-mujer\/#primaryimage"},"thumbnailUrl":"https:\/\/mont-roig.cat\/wp-content\/uploads\/foto-principal.jpg","datePublished":"2024-06-20T10:38:23+00:00","dateModified":"2024-06-20T10:44:21+00:00","author":{"@id":"https:\/\/mont-roig.cat\/es\/#\/schema\/person\/1f73e7b5e6f9dd122e8a6f14f310ac5e"},"breadcrumb":{"@id":"https:\/\/mont-roig.cat\/es\/actualitat\/noticies\/inaugurados-en-mont-roig-y-en-miami-platja-las-10-nuevas-calles-con-nombre-de-mujer\/#breadcrumb"},"inLanguage":"es","potentialAction":[{"@type":"ReadAction","target":["https:\/\/mont-roig.cat\/es\/actualitat\/noticies\/inaugurados-en-mont-roig-y-en-miami-platja-las-10-nuevas-calles-con-nombre-de-mujer\/"]}]},{"@type":"ImageObject","inLanguage":"es","@id":"https:\/\/mont-roig.cat\/es\/actualitat\/noticies\/inaugurados-en-mont-roig-y-en-miami-platja-las-10-nuevas-calles-con-nombre-de-mujer\/#primaryimage","url":"https:\/\/mont-roig.cat\/wp-content\/uploads\/foto-principal.jpg","contentUrl":"https:\/\/mont-roig.cat\/wp-content\/uploads\/foto-principal.jpg","width":2048,"height":1365},{"@type":"BreadcrumbList","@id":"https:\/\/mont-roig.cat\/es\/actualitat\/noticies\/inaugurados-en-mont-roig-y-en-miami-platja-las-10-nuevas-calles-con-nombre-de-mujer\/#breadcrumb","itemListElement":[{"@type":"ListItem","position":1,"name":"Inici","item":"https:\/\/mont-roig.cat\/es\/pagina-de-inicio\/"},{"@type":"ListItem","position":2,"name":"Inaugurados en Mont-roig y en Miami Platja las 10 nuevas calles con nombre de mujer"}]},{"@type":"WebSite","@id":"https:\/\/mont-roig.cat\/es\/#website","url":"https:\/\/mont-roig.cat\/es\/","name":"Ajuntament de Mont-roig del Camp","description":"Tota la informaci\u00f3 sobre la instituci\u00f3, els seus \u00f2rgans de govern, actualitat, serveis i molt m\u00e9s.","potentialAction":[{"@type":"SearchAction","target":{"@type":"EntryPoint","urlTemplate":"https:\/\/mont-roig.cat\/es\/?s={search_term_string}"},"query-input":{"@type":"PropertyValueSpecification","valueRequired":true,"valueName":"search_term_string"}}],"inLanguage":"es"},{"@type":"Person","@id":"https:\/\/mont-roig.cat\/es\/#\/schema\/person\/1f73e7b5e6f9dd122e8a6f14f310ac5e","name":"comunicacio","image":{"@type":"ImageObject","inLanguage":"es","@id":"https:\/\/secure.gravatar.com\/avatar\/98944333e7a877670a64f8d10f0cb680ab2c9ebc4efc43945ef004b52b5ad28c?s=96&d=mm&r=g","url":"https:\/\/secure.gravatar.com\/avatar\/98944333e7a877670a64f8d10f0cb680ab2c9ebc4efc43945ef004b52b5ad28c?s=96&d=mm&r=g","contentUrl":"https:\/\/secure.gravatar.com\/avatar\/98944333e7a877670a64f8d10f0cb680ab2c9ebc4efc43945ef004b52b5ad28c?s=96&d=mm&r=g","caption":"comunicacio"},"url":"https:\/\/mont-roig.cat\/es\/actualitat\/noticies\/author\/comunicacio\/"}]}},"_links":{"self":[{"href":"https:\/\/mont-roig.cat\/es\/wp-json\/wp\/v2\/posts\/77209","targetHints":{"allow":["GET"]}}],"collection":[{"href":"https:\/\/mont-roig.cat\/es\/wp-json\/wp\/v2\/posts"}],"about":[{"href":"https:\/\/mont-roig.cat\/es\/wp-json\/wp\/v2\/types\/post"}],"author":[{"embeddable":true,"href":"https:\/\/mont-roig.cat\/es\/wp-json\/wp\/v2\/users\/13"}],"replies":[{"embeddable":true,"href":"https:\/\/mont-roig.cat\/es\/wp-json\/wp\/v2\/comments?post=77209"}],"version-history":[{"count":2,"href":"https:\/\/mont-roig.cat\/es\/wp-json\/wp\/v2\/posts\/77209\/revisions"}],"predecessor-version":[{"id":77211,"href":"https:\/\/mont-roig.cat\/es\/wp-json\/wp\/v2\/posts\/77209\/revisions\/77211"}],"wp:featuredmedia":[{"embeddable":true,"href":"https:\/\/mont-roig.cat\/es\/wp-json\/wp\/v2\/media\/77206"}],"wp:attachment":[{"href":"https:\/\/mont-roig.cat\/es\/wp-json\/wp\/v2\/media?parent=77209"}],"wp:term":[{"taxonomy":"category","embeddable":true,"href":"https:\/\/mont-roig.cat\/es\/wp-json\/wp\/v2\/categories?post=77209"},{"taxonomy":"post_tag","embeddable":true,"href":"https:\/\/mont-roig.cat\/es\/wp-json\/wp\/v2\/tags?post=77209"}],"curies":[{"name":"wp","href":"https:\/\/api.w.org\/{rel}","templated":true}]}}