{"id":77354,"date":"2024-07-03T13:44:53","date_gmt":"2024-07-03T11:44:53","guid":{"rendered":"https:\/\/mont-roig.cat\/actualitat\/noticies\/mont-roig-del-camp-se-sumara-aquest-estiu-al-repte-daconseguir-la-bandera-verda-de-la-sostenibilitat-hostalera-decovidrio\/"},"modified":"2024-07-03T13:54:48","modified_gmt":"2024-07-03T11:54:48","slug":"mont-roig-del-camp-se-sumara-este-verano-al-reto-de-conseguir-la-bandera-verde-de-la-sostenibilidad-hostelera-de-ecovidrio","status":"publish","type":"post","link":"https:\/\/mont-roig.cat\/es\/actualitat\/noticies\/mont-roig-del-camp-se-sumara-este-verano-al-reto-de-conseguir-la-bandera-verde-de-la-sostenibilidad-hostelera-de-ecovidrio\/","title":{"rendered":"Mont-roig del Camp se sumar\u00e1 este verano al reto de conseguir la Bandera Verde de la sostenibilidad hostelera de Ecovidrio"},"content":{"rendered":"<p><strong><strong><a href=\"https:\/\/mont-roig.cat\/wp-content\/uploads\/BANDERA-VERDE_Twitter-600-x-335-Catala.jpg\" target=\"_blank\" rel=\"noopener\"><img loading=\"lazy\" decoding=\"async\" class=\"alignright wp-image-77349\" src=\"https:\/\/mont-roig.cat\/wp-content\/uploads\/BANDERA-VERDE_Twitter-600-x-335-Catala-500x280.jpg\" alt=\"\" width=\"300\" height=\"168\" srcset=\"https:\/\/mont-roig.cat\/wp-content\/uploads\/BANDERA-VERDE_Twitter-600-x-335-Catala-500x280.jpg 500w, https:\/\/mont-roig.cat\/wp-content\/uploads\/BANDERA-VERDE_Twitter-600-x-335-Catala.jpg 601w\" sizes=\"auto, (max-width: 300px) 100vw, 300px\" \/><\/a><\/strong><\/strong><\/p>\n<ul>\n<li><strong>Alrededor de 75 restaurantes, bares y chiringuitos de la localidad, se han sumado ya a esta iniciativa en colaboraci\u00f3n con el Ayuntamiento de Mont-roig del Camp y Ecovidrio<\/strong><\/li>\n<\/ul>\n<p>El Ayuntamiento de Mont-roig del Camp y m\u00e1s de 75 establecimientos hosteleros de la localidad competir\u00e1n este verano para hacerse con la Bandera Verde de la sostenibilidad de Ecovidrio. La entidad sin \u00e1nimo de lucro encargada de la gesti\u00f3n del reciclaje de los residuos de envases de vidrio en Espa\u00f1a celebra la quinta edici\u00f3n de #MovimentBanderesVerdes, su reconocida campa\u00f1a estival cuyo objetivo es poner en valor y reconocer el compromiso del hosteler\u00eda local y los ayuntamientos en el reciclaje de envases de vidrio, la protecci\u00f3n del medio ambiente y el avance hacia un desarrollo sostenible.<\/p>\n<p>As\u00ed, Mont-roig del Camp competir\u00e1 con 34 municipios catalanes con el objetivo de conseguir la \u201cBandera Verde de la Sostenibilidad\u201d de Ecovidrio que ya consiguieron Castelldefels, Vandell\u00f2s y Hospitalet de l&#8217;Infant durante la pasada edici\u00f3n de esta iniciativa.<\/p>\n<p>Este a\u00f1o, Ecovidrio tambi\u00e9n reconocer\u00e1 a los dos establecimientos hosteleros m\u00e1s responsables y comprometidos con la sostenibilidad de Catalunya, evaluando sus iniciativas para mejorar la gesti\u00f3n del reciclaje de residuos, su consumo de energ\u00eda y agua o su apuesta por una compra sostenible, entre otras variables. 1935 Hotel &amp; Apartments (Girona) y Pica\u00f1a Hamburgueser\u00eda (Barcelona) fueron los establecimientos hosteleros premiados en la pasada edici\u00f3n. Asimismo y como novedad este a\u00f1o, aparte de este reconocimiento, Ecovidrio invitar\u00e1 a dos personas de cada establecimiento ganador a disfrutar de una master class y una degustaci\u00f3n de platos ofrecidos por un reconocido chef galardonado con una estrella verde Michelin.<\/p>\n<p>El Movimiento Banderas Verdes es una campa\u00f1a con la que, todos los veranos, Ecovidrio se al\u00eda con municipios y hosteleros para dar respuesta a los elevados \u00edndices de consumo de envases de vidrio que se registran en zonas costeras de nuestro pa\u00eds durante la \u00e9poca estival . Durante los meses de verano se consumen un tercio de los envases de vidrio que se ponen en circulaci\u00f3n y cerca del 50% de los residuos de envases de vidrio desechables que se ponen en el mercado son generados por el sector hostelero. Consciente de la necesidad de apoyar a la hosteler\u00eda, Ecovidrio pondr\u00e1 en marcha a un equipo de educadores ambientales para dotar de medios, informaci\u00f3n e incentivos al sector HORECA de la costa espa\u00f1ola.<strong>Un proyecto consolidado en favor de la sostenibilidad en nuestras costas<\/strong><\/p>\n<p>El Movimiento Banderas Verdes se ha consolidado como una iniciativa clave para Ecovidrio dentro de su alianza con el sector de la hosteler\u00eda. A nivel nacional, la quinta edici\u00f3n de esta campa\u00f1a contar\u00e1 con la participaci\u00f3n de m\u00e1s de 156 municipios costeros de cinco comunidades aut\u00f3nomas distintas y m\u00e1s de 16.000 establecimientos hosteleros. Todas estas localidades competir\u00e1n por hacerse con los nueve galardones que Ecovidrio entregar\u00e1 en el territorio nacional.<\/p>\n<p>Lepe y Rota (Andaluc\u00eda), Castelldefels y Vandell\u00f2s i l&#8217;Hospitalet de l&#8217;Infant (Catalu\u00f1a), Alf\u00e0s del Pi y Finestrat (Pa\u00eds Valenciano), Alc\u00fadia y Menorca (Illes Balears) y San Pedro del Pinatar (Regi\u00f3n de Murcia) ) fueron los nueve municipios reconocidos en 2023 con este sello de localidad tur\u00edstica sostenible comprometida con la conservaci\u00f3n del medio a trav\u00e9s del reciclaje de vidrio. Adem\u00e1s dos de ellos tendr\u00e1n la oportunidad de revalidar su galard\u00f3n durante este verano en la vigente edici\u00f3n de esta iniciativa.<\/p>\n<p><strong>Acerca de Ecovidrio<\/strong><br \/>\nEcovidrio es la entidad sin \u00e1nimo de lucro encargada de la gesti\u00f3n del reciclaje de residuos de envases de vidrio en Espa\u00f1a. En 1997, tras la aprobaci\u00f3n de la Ley de Envases y Residuos de Envases y el arranque de sus operaciones en 1998, se convirti\u00f3 en la entidad gestora de un modelo de reciclaje que garantiza un servicio completo y al que tienen acceso todos los ciudadanos. En t\u00e9rminos de financiaci\u00f3n, 8.000 compa\u00f1\u00edas envasadoras posibilitan, con su aportaci\u00f3n a trav\u00e9s del punto verde, el sistema de reciclaje.<\/p>\n<p>La labor de Ecovidrio destaca por garantizar el reciclaje de alta calidad a trav\u00e9s del contenedor, potenciando las infraestructuras de contenerizaci\u00f3n y recogida, invertir en planes y recursos destinados a incrementar el reciclaje de envases de vidrio en la hosteler\u00eda, movilizar a los ciudadanos a trav\u00e9s de campa\u00f1as de sensibilizaci\u00f3n y promover la prevenci\u00f3n y ecodise\u00f1o de los envases.<\/p>\n<p>En las \u00faltimas dos d\u00e9cadas el sistema de Ecovidrio ha permitido que hoy en d\u00eda se reciclen siete de cada diez envases de vidrio.<\/p>\n<p>El reciclaje de envases de vidrio es un elemento fundamental para contribuir al desarrollo sostenible, fomentar la transici\u00f3n hacia la econom\u00eda circular y luchar contra el cambio clim\u00e1tico. Adem\u00e1s, el reciclaje de envases de vidrio es una actividad que apoya el cumplimiento de la Agenda 2030 y los Objetivos de Desarrollo Sostenible.<\/p>\n","protected":false},"excerpt":{"rendered":"<p>Alrededor de 75 restaurantes, bares y chiringuitos de la localidad, se han sumado ya a esta iniciativa en colaboraci\u00f3n con el Ayuntamiento de Mont-roig del Camp y Ecovidrio El Ayuntamiento de Mont-roig del Camp y m\u00e1s de 75 establecimientos hosteleros de la localidad competir\u00e1n este verano para hacerse con la Bandera Verde de la sostenibilidad [&hellip;]<\/p>\n","protected":false},"author":13,"featured_media":77350,"comment_status":"closed","ping_status":"closed","sticky":false,"template":"","format":"standard","meta":{"inline_featured_image":false,"_monsterinsights_skip_tracking":false,"_monsterinsights_sitenote_active":false,"_monsterinsights_sitenote_note":"","_monsterinsights_sitenote_category":0,"footnotes":""},"categories":[98,143],"tags":[],"class_list":["post-77354","post","type-post","status-publish","format-standard","has-post-thumbnail","hentry","category-ayuntamiento","category-residuos-es"],"yoast_head":"<!-- This site is optimized with the Yoast SEO plugin v27.4 - https:\/\/yoast.com\/product\/yoast-seo-wordpress\/ -->\n<title>Mont-roig del Camp se sumar\u00e1 este verano al reto de conseguir la Bandera Verde de la sostenibilidad hostelera de Ecovidrio - Ajuntament de Mont-roig del Camp<\/title>\n<meta name=\"robots\" content=\"index, follow, max-snippet:-1, max-image-preview:large, max-video-preview:-1\" \/>\n<link rel=\"canonical\" href=\"https:\/\/mont-roig.cat\/es\/actualitat\/noticies\/mont-roig-del-camp-se-sumara-este-verano-al-reto-de-conseguir-la-bandera-verde-de-la-sostenibilidad-hostelera-de-ecovidrio\/\" \/>\n<meta property=\"og:locale\" content=\"es_ES\" \/>\n<meta property=\"og:type\" content=\"article\" \/>\n<meta property=\"og:title\" content=\"Mont-roig del Camp se sumar\u00e1 este verano al reto de conseguir la Bandera Verde de la sostenibilidad hostelera de Ecovidrio - Ajuntament de Mont-roig del Camp\" \/>\n<meta property=\"og:description\" content=\"Alrededor de 75 restaurantes, bares y chiringuitos de la localidad, se han sumado ya a esta iniciativa en colaboraci\u00f3n con el Ayuntamiento de Mont-roig del Camp y Ecovidrio El Ayuntamiento de Mont-roig del Camp y m\u00e1s de 75 establecimientos hosteleros de la localidad competir\u00e1n este verano para hacerse con la Bandera Verde de la sostenibilidad [&hellip;]\" \/>\n<meta property=\"og:url\" content=\"https:\/\/mont-roig.cat\/es\/actualitat\/noticies\/mont-roig-del-camp-se-sumara-este-verano-al-reto-de-conseguir-la-bandera-verde-de-la-sostenibilidad-hostelera-de-ecovidrio\/\" \/>\n<meta property=\"og:site_name\" content=\"Ajuntament de Mont-roig del Camp\" \/>\n<meta property=\"article:published_time\" content=\"2024-07-03T11:44:53+00:00\" \/>\n<meta property=\"article:modified_time\" content=\"2024-07-03T11:54:48+00:00\" \/>\n<meta property=\"og:image\" content=\"https:\/\/mont-roig.cat\/wp-content\/uploads\/BANDERA-VERDE_Twitter-600-x-335-Catala.jpg\" \/>\n\t<meta property=\"og:image:width\" content=\"601\" \/>\n\t<meta property=\"og:image:height\" content=\"336\" \/>\n\t<meta property=\"og:image:type\" content=\"image\/jpeg\" \/>\n<meta name=\"author\" content=\"comunicacio\" \/>\n<meta name=\"twitter:card\" content=\"summary_large_image\" \/>\n<meta name=\"twitter:label1\" content=\"Escrito por\" \/>\n\t<meta name=\"twitter:data1\" content=\"comunicacio\" \/>\n\t<meta name=\"twitter:label2\" content=\"Tiempo de lectura\" \/>\n\t<meta name=\"twitter:data2\" content=\"5 minutos\" \/>\n<script type=\"application\/ld+json\" class=\"yoast-schema-graph\">{\"@context\":\"https:\\\/\\\/schema.org\",\"@graph\":[{\"@type\":\"Article\",\"@id\":\"https:\\\/\\\/mont-roig.cat\\\/es\\\/actualitat\\\/noticies\\\/mont-roig-del-camp-se-sumara-este-verano-al-reto-de-conseguir-la-bandera-verde-de-la-sostenibilidad-hostelera-de-ecovidrio\\\/#article\",\"isPartOf\":{\"@id\":\"https:\\\/\\\/mont-roig.cat\\\/es\\\/actualitat\\\/noticies\\\/mont-roig-del-camp-se-sumara-este-verano-al-reto-de-conseguir-la-bandera-verde-de-la-sostenibilidad-hostelera-de-ecovidrio\\\/\"},\"author\":{\"name\":\"comunicacio\",\"@id\":\"https:\\\/\\\/mont-roig.cat\\\/es\\\/#\\\/schema\\\/person\\\/1f73e7b5e6f9dd122e8a6f14f310ac5e\"},\"headline\":\"Mont-roig del Camp se sumar\u00e1 este verano al reto de conseguir la Bandera Verde de la sostenibilidad hostelera de Ecovidrio\",\"datePublished\":\"2024-07-03T11:44:53+00:00\",\"dateModified\":\"2024-07-03T11:54:48+00:00\",\"mainEntityOfPage\":{\"@id\":\"https:\\\/\\\/mont-roig.cat\\\/es\\\/actualitat\\\/noticies\\\/mont-roig-del-camp-se-sumara-este-verano-al-reto-de-conseguir-la-bandera-verde-de-la-sostenibilidad-hostelera-de-ecovidrio\\\/\"},\"wordCount\":854,\"image\":{\"@id\":\"https:\\\/\\\/mont-roig.cat\\\/es\\\/actualitat\\\/noticies\\\/mont-roig-del-camp-se-sumara-este-verano-al-reto-de-conseguir-la-bandera-verde-de-la-sostenibilidad-hostelera-de-ecovidrio\\\/#primaryimage\"},\"thumbnailUrl\":\"https:\\\/\\\/mont-roig.cat\\\/wp-content\\\/uploads\\\/BANDERA-VERDE_Twitter-600-x-335-Catala.jpg\",\"articleSection\":[\"Ayuntamiento\",\"Residuos\"],\"inLanguage\":\"es\"},{\"@type\":\"WebPage\",\"@id\":\"https:\\\/\\\/mont-roig.cat\\\/es\\\/actualitat\\\/noticies\\\/mont-roig-del-camp-se-sumara-este-verano-al-reto-de-conseguir-la-bandera-verde-de-la-sostenibilidad-hostelera-de-ecovidrio\\\/\",\"url\":\"https:\\\/\\\/mont-roig.cat\\\/es\\\/actualitat\\\/noticies\\\/mont-roig-del-camp-se-sumara-este-verano-al-reto-de-conseguir-la-bandera-verde-de-la-sostenibilidad-hostelera-de-ecovidrio\\\/\",\"name\":\"Mont-roig del Camp se sumar\u00e1 este verano al reto de conseguir la Bandera Verde de la sostenibilidad hostelera de Ecovidrio - Ajuntament de Mont-roig del Camp\",\"isPartOf\":{\"@id\":\"https:\\\/\\\/mont-roig.cat\\\/es\\\/#website\"},\"primaryImageOfPage\":{\"@id\":\"https:\\\/\\\/mont-roig.cat\\\/es\\\/actualitat\\\/noticies\\\/mont-roig-del-camp-se-sumara-este-verano-al-reto-de-conseguir-la-bandera-verde-de-la-sostenibilidad-hostelera-de-ecovidrio\\\/#primaryimage\"},\"image\":{\"@id\":\"https:\\\/\\\/mont-roig.cat\\\/es\\\/actualitat\\\/noticies\\\/mont-roig-del-camp-se-sumara-este-verano-al-reto-de-conseguir-la-bandera-verde-de-la-sostenibilidad-hostelera-de-ecovidrio\\\/#primaryimage\"},\"thumbnailUrl\":\"https:\\\/\\\/mont-roig.cat\\\/wp-content\\\/uploads\\\/BANDERA-VERDE_Twitter-600-x-335-Catala.jpg\",\"datePublished\":\"2024-07-03T11:44:53+00:00\",\"dateModified\":\"2024-07-03T11:54:48+00:00\",\"author\":{\"@id\":\"https:\\\/\\\/mont-roig.cat\\\/es\\\/#\\\/schema\\\/person\\\/1f73e7b5e6f9dd122e8a6f14f310ac5e\"},\"breadcrumb\":{\"@id\":\"https:\\\/\\\/mont-roig.cat\\\/es\\\/actualitat\\\/noticies\\\/mont-roig-del-camp-se-sumara-este-verano-al-reto-de-conseguir-la-bandera-verde-de-la-sostenibilidad-hostelera-de-ecovidrio\\\/#breadcrumb\"},\"inLanguage\":\"es\",\"potentialAction\":[{\"@type\":\"ReadAction\",\"target\":[\"https:\\\/\\\/mont-roig.cat\\\/es\\\/actualitat\\\/noticies\\\/mont-roig-del-camp-se-sumara-este-verano-al-reto-de-conseguir-la-bandera-verde-de-la-sostenibilidad-hostelera-de-ecovidrio\\\/\"]}]},{\"@type\":\"ImageObject\",\"inLanguage\":\"es\",\"@id\":\"https:\\\/\\\/mont-roig.cat\\\/es\\\/actualitat\\\/noticies\\\/mont-roig-del-camp-se-sumara-este-verano-al-reto-de-conseguir-la-bandera-verde-de-la-sostenibilidad-hostelera-de-ecovidrio\\\/#primaryimage\",\"url\":\"https:\\\/\\\/mont-roig.cat\\\/wp-content\\\/uploads\\\/BANDERA-VERDE_Twitter-600-x-335-Catala.jpg\",\"contentUrl\":\"https:\\\/\\\/mont-roig.cat\\\/wp-content\\\/uploads\\\/BANDERA-VERDE_Twitter-600-x-335-Catala.jpg\",\"width\":601,\"height\":336},{\"@type\":\"BreadcrumbList\",\"@id\":\"https:\\\/\\\/mont-roig.cat\\\/es\\\/actualitat\\\/noticies\\\/mont-roig-del-camp-se-sumara-este-verano-al-reto-de-conseguir-la-bandera-verde-de-la-sostenibilidad-hostelera-de-ecovidrio\\\/#breadcrumb\",\"itemListElement\":[{\"@type\":\"ListItem\",\"position\":1,\"name\":\"Inici\",\"item\":\"https:\\\/\\\/mont-roig.cat\\\/es\\\/pagina-de-inicio\\\/\"},{\"@type\":\"ListItem\",\"position\":2,\"name\":\"Mont-roig del Camp se sumar\u00e1 este verano al reto de conseguir la Bandera Verde de la sostenibilidad hostelera de Ecovidrio\"}]},{\"@type\":\"WebSite\",\"@id\":\"https:\\\/\\\/mont-roig.cat\\\/es\\\/#website\",\"url\":\"https:\\\/\\\/mont-roig.cat\\\/es\\\/\",\"name\":\"Ajuntament de Mont-roig del Camp\",\"description\":\"Tota la informaci\u00f3 sobre la instituci\u00f3, els seus \u00f2rgans de govern, actualitat, serveis i molt m\u00e9s.\",\"potentialAction\":[{\"@type\":\"SearchAction\",\"target\":{\"@type\":\"EntryPoint\",\"urlTemplate\":\"https:\\\/\\\/mont-roig.cat\\\/es\\\/?s={search_term_string}\"},\"query-input\":{\"@type\":\"PropertyValueSpecification\",\"valueRequired\":true,\"valueName\":\"search_term_string\"}}],\"inLanguage\":\"es\"},{\"@type\":\"Person\",\"@id\":\"https:\\\/\\\/mont-roig.cat\\\/es\\\/#\\\/schema\\\/person\\\/1f73e7b5e6f9dd122e8a6f14f310ac5e\",\"name\":\"comunicacio\",\"image\":{\"@type\":\"ImageObject\",\"inLanguage\":\"es\",\"@id\":\"https:\\\/\\\/secure.gravatar.com\\\/avatar\\\/98944333e7a877670a64f8d10f0cb680ab2c9ebc4efc43945ef004b52b5ad28c?s=96&d=mm&r=g\",\"url\":\"https:\\\/\\\/secure.gravatar.com\\\/avatar\\\/98944333e7a877670a64f8d10f0cb680ab2c9ebc4efc43945ef004b52b5ad28c?s=96&d=mm&r=g\",\"contentUrl\":\"https:\\\/\\\/secure.gravatar.com\\\/avatar\\\/98944333e7a877670a64f8d10f0cb680ab2c9ebc4efc43945ef004b52b5ad28c?s=96&d=mm&r=g\",\"caption\":\"comunicacio\"},\"url\":\"https:\\\/\\\/mont-roig.cat\\\/es\\\/actualitat\\\/noticies\\\/author\\\/comunicacio\\\/\"}]}<\/script>\n<!-- \/ Yoast SEO plugin. -->","yoast_head_json":{"title":"Mont-roig del Camp se sumar\u00e1 este verano al reto de conseguir la Bandera Verde de la sostenibilidad hostelera de Ecovidrio - Ajuntament de Mont-roig del Camp","robots":{"index":"index","follow":"follow","max-snippet":"max-snippet:-1","max-image-preview":"max-image-preview:large","max-video-preview":"max-video-preview:-1"},"canonical":"https:\/\/mont-roig.cat\/es\/actualitat\/noticies\/mont-roig-del-camp-se-sumara-este-verano-al-reto-de-conseguir-la-bandera-verde-de-la-sostenibilidad-hostelera-de-ecovidrio\/","og_locale":"es_ES","og_type":"article","og_title":"Mont-roig del Camp se sumar\u00e1 este verano al reto de conseguir la Bandera Verde de la sostenibilidad hostelera de Ecovidrio - Ajuntament de Mont-roig del Camp","og_description":"Alrededor de 75 restaurantes, bares y chiringuitos de la localidad, se han sumado ya a esta iniciativa en colaboraci\u00f3n con el Ayuntamiento de Mont-roig del Camp y Ecovidrio El Ayuntamiento de Mont-roig del Camp y m\u00e1s de 75 establecimientos hosteleros de la localidad competir\u00e1n este verano para hacerse con la Bandera Verde de la sostenibilidad [&hellip;]","og_url":"https:\/\/mont-roig.cat\/es\/actualitat\/noticies\/mont-roig-del-camp-se-sumara-este-verano-al-reto-de-conseguir-la-bandera-verde-de-la-sostenibilidad-hostelera-de-ecovidrio\/","og_site_name":"Ajuntament de Mont-roig del Camp","article_published_time":"2024-07-03T11:44:53+00:00","article_modified_time":"2024-07-03T11:54:48+00:00","og_image":[{"width":601,"height":336,"url":"https:\/\/mont-roig.cat\/wp-content\/uploads\/BANDERA-VERDE_Twitter-600-x-335-Catala.jpg","type":"image\/jpeg"}],"author":"comunicacio","twitter_card":"summary_large_image","twitter_misc":{"Escrito por":"comunicacio","Tiempo de lectura":"5 minutos"},"schema":{"@context":"https:\/\/schema.org","@graph":[{"@type":"Article","@id":"https:\/\/mont-roig.cat\/es\/actualitat\/noticies\/mont-roig-del-camp-se-sumara-este-verano-al-reto-de-conseguir-la-bandera-verde-de-la-sostenibilidad-hostelera-de-ecovidrio\/#article","isPartOf":{"@id":"https:\/\/mont-roig.cat\/es\/actualitat\/noticies\/mont-roig-del-camp-se-sumara-este-verano-al-reto-de-conseguir-la-bandera-verde-de-la-sostenibilidad-hostelera-de-ecovidrio\/"},"author":{"name":"comunicacio","@id":"https:\/\/mont-roig.cat\/es\/#\/schema\/person\/1f73e7b5e6f9dd122e8a6f14f310ac5e"},"headline":"Mont-roig del Camp se sumar\u00e1 este verano al reto de conseguir la Bandera Verde de la sostenibilidad hostelera de Ecovidrio","datePublished":"2024-07-03T11:44:53+00:00","dateModified":"2024-07-03T11:54:48+00:00","mainEntityOfPage":{"@id":"https:\/\/mont-roig.cat\/es\/actualitat\/noticies\/mont-roig-del-camp-se-sumara-este-verano-al-reto-de-conseguir-la-bandera-verde-de-la-sostenibilidad-hostelera-de-ecovidrio\/"},"wordCount":854,"image":{"@id":"https:\/\/mont-roig.cat\/es\/actualitat\/noticies\/mont-roig-del-camp-se-sumara-este-verano-al-reto-de-conseguir-la-bandera-verde-de-la-sostenibilidad-hostelera-de-ecovidrio\/#primaryimage"},"thumbnailUrl":"https:\/\/mont-roig.cat\/wp-content\/uploads\/BANDERA-VERDE_Twitter-600-x-335-Catala.jpg","articleSection":["Ayuntamiento","Residuos"],"inLanguage":"es"},{"@type":"WebPage","@id":"https:\/\/mont-roig.cat\/es\/actualitat\/noticies\/mont-roig-del-camp-se-sumara-este-verano-al-reto-de-conseguir-la-bandera-verde-de-la-sostenibilidad-hostelera-de-ecovidrio\/","url":"https:\/\/mont-roig.cat\/es\/actualitat\/noticies\/mont-roig-del-camp-se-sumara-este-verano-al-reto-de-conseguir-la-bandera-verde-de-la-sostenibilidad-hostelera-de-ecovidrio\/","name":"Mont-roig del Camp se sumar\u00e1 este verano al reto de conseguir la Bandera Verde de la sostenibilidad hostelera de Ecovidrio - Ajuntament de Mont-roig del Camp","isPartOf":{"@id":"https:\/\/mont-roig.cat\/es\/#website"},"primaryImageOfPage":{"@id":"https:\/\/mont-roig.cat\/es\/actualitat\/noticies\/mont-roig-del-camp-se-sumara-este-verano-al-reto-de-conseguir-la-bandera-verde-de-la-sostenibilidad-hostelera-de-ecovidrio\/#primaryimage"},"image":{"@id":"https:\/\/mont-roig.cat\/es\/actualitat\/noticies\/mont-roig-del-camp-se-sumara-este-verano-al-reto-de-conseguir-la-bandera-verde-de-la-sostenibilidad-hostelera-de-ecovidrio\/#primaryimage"},"thumbnailUrl":"https:\/\/mont-roig.cat\/wp-content\/uploads\/BANDERA-VERDE_Twitter-600-x-335-Catala.jpg","datePublished":"2024-07-03T11:44:53+00:00","dateModified":"2024-07-03T11:54:48+00:00","author":{"@id":"https:\/\/mont-roig.cat\/es\/#\/schema\/person\/1f73e7b5e6f9dd122e8a6f14f310ac5e"},"breadcrumb":{"@id":"https:\/\/mont-roig.cat\/es\/actualitat\/noticies\/mont-roig-del-camp-se-sumara-este-verano-al-reto-de-conseguir-la-bandera-verde-de-la-sostenibilidad-hostelera-de-ecovidrio\/#breadcrumb"},"inLanguage":"es","potentialAction":[{"@type":"ReadAction","target":["https:\/\/mont-roig.cat\/es\/actualitat\/noticies\/mont-roig-del-camp-se-sumara-este-verano-al-reto-de-conseguir-la-bandera-verde-de-la-sostenibilidad-hostelera-de-ecovidrio\/"]}]},{"@type":"ImageObject","inLanguage":"es","@id":"https:\/\/mont-roig.cat\/es\/actualitat\/noticies\/mont-roig-del-camp-se-sumara-este-verano-al-reto-de-conseguir-la-bandera-verde-de-la-sostenibilidad-hostelera-de-ecovidrio\/#primaryimage","url":"https:\/\/mont-roig.cat\/wp-content\/uploads\/BANDERA-VERDE_Twitter-600-x-335-Catala.jpg","contentUrl":"https:\/\/mont-roig.cat\/wp-content\/uploads\/BANDERA-VERDE_Twitter-600-x-335-Catala.jpg","width":601,"height":336},{"@type":"BreadcrumbList","@id":"https:\/\/mont-roig.cat\/es\/actualitat\/noticies\/mont-roig-del-camp-se-sumara-este-verano-al-reto-de-conseguir-la-bandera-verde-de-la-sostenibilidad-hostelera-de-ecovidrio\/#breadcrumb","itemListElement":[{"@type":"ListItem","position":1,"name":"Inici","item":"https:\/\/mont-roig.cat\/es\/pagina-de-inicio\/"},{"@type":"ListItem","position":2,"name":"Mont-roig del Camp se sumar\u00e1 este verano al reto de conseguir la Bandera Verde de la sostenibilidad hostelera de Ecovidrio"}]},{"@type":"WebSite","@id":"https:\/\/mont-roig.cat\/es\/#website","url":"https:\/\/mont-roig.cat\/es\/","name":"Ajuntament de Mont-roig del Camp","description":"Tota la informaci\u00f3 sobre la instituci\u00f3, els seus \u00f2rgans de govern, actualitat, serveis i molt m\u00e9s.","potentialAction":[{"@type":"SearchAction","target":{"@type":"EntryPoint","urlTemplate":"https:\/\/mont-roig.cat\/es\/?s={search_term_string}"},"query-input":{"@type":"PropertyValueSpecification","valueRequired":true,"valueName":"search_term_string"}}],"inLanguage":"es"},{"@type":"Person","@id":"https:\/\/mont-roig.cat\/es\/#\/schema\/person\/1f73e7b5e6f9dd122e8a6f14f310ac5e","name":"comunicacio","image":{"@type":"ImageObject","inLanguage":"es","@id":"https:\/\/secure.gravatar.com\/avatar\/98944333e7a877670a64f8d10f0cb680ab2c9ebc4efc43945ef004b52b5ad28c?s=96&d=mm&r=g","url":"https:\/\/secure.gravatar.com\/avatar\/98944333e7a877670a64f8d10f0cb680ab2c9ebc4efc43945ef004b52b5ad28c?s=96&d=mm&r=g","contentUrl":"https:\/\/secure.gravatar.com\/avatar\/98944333e7a877670a64f8d10f0cb680ab2c9ebc4efc43945ef004b52b5ad28c?s=96&d=mm&r=g","caption":"comunicacio"},"url":"https:\/\/mont-roig.cat\/es\/actualitat\/noticies\/author\/comunicacio\/"}]}},"_links":{"self":[{"href":"https:\/\/mont-roig.cat\/es\/wp-json\/wp\/v2\/posts\/77354","targetHints":{"allow":["GET"]}}],"collection":[{"href":"https:\/\/mont-roig.cat\/es\/wp-json\/wp\/v2\/posts"}],"about":[{"href":"https:\/\/mont-roig.cat\/es\/wp-json\/wp\/v2\/types\/post"}],"author":[{"embeddable":true,"href":"https:\/\/mont-roig.cat\/es\/wp-json\/wp\/v2\/users\/13"}],"replies":[{"embeddable":true,"href":"https:\/\/mont-roig.cat\/es\/wp-json\/wp\/v2\/comments?post=77354"}],"version-history":[{"count":2,"href":"https:\/\/mont-roig.cat\/es\/wp-json\/wp\/v2\/posts\/77354\/revisions"}],"predecessor-version":[{"id":77356,"href":"https:\/\/mont-roig.cat\/es\/wp-json\/wp\/v2\/posts\/77354\/revisions\/77356"}],"wp:featuredmedia":[{"embeddable":true,"href":"https:\/\/mont-roig.cat\/es\/wp-json\/wp\/v2\/media\/77350"}],"wp:attachment":[{"href":"https:\/\/mont-roig.cat\/es\/wp-json\/wp\/v2\/media?parent=77354"}],"wp:term":[{"taxonomy":"category","embeddable":true,"href":"https:\/\/mont-roig.cat\/es\/wp-json\/wp\/v2\/categories?post=77354"},{"taxonomy":"post_tag","embeddable":true,"href":"https:\/\/mont-roig.cat\/es\/wp-json\/wp\/v2\/tags?post=77354"}],"curies":[{"name":"wp","href":"https:\/\/api.w.org\/{rel}","templated":true}]}}