{"id":77492,"date":"2024-07-10T12:08:46","date_gmt":"2024-07-10T10:08:46","guid":{"rendered":"https:\/\/mont-roig.cat\/actualitat\/noticies\/lajuntament-de-mont-roig-del-camp-exigeix-a-secomsa-millores-urgents-en-el-servei-de-recollida-de-residus\/"},"modified":"2024-07-10T12:19:05","modified_gmt":"2024-07-10T10:19:05","slug":"l-ayuntamiento-de-mont-roig-del-camp-exige-a-secomsa-mejoras-urgentes-en-el-servicio-de-recogida-de-residuos","status":"publish","type":"post","link":"https:\/\/mont-roig.cat\/es\/actualitat\/noticies\/l-ayuntamiento-de-mont-roig-del-camp-exige-a-secomsa-mejoras-urgentes-en-el-servicio-de-recogida-de-residuos\/","title":{"rendered":"l Ayuntamiento de Mont-roig del Camp exige a Secomsa mejoras urgentes en el servicio de recogida de residuos"},"content":{"rendered":"<p><strong><strong><a href=\"https:\/\/mont-roig.cat\/wp-content\/uploads\/contenidors-2.jpg\"><img loading=\"lazy\" decoding=\"async\" class=\"alignright wp-image-77488\" src=\"https:\/\/mont-roig.cat\/wp-content\/uploads\/contenidors-2-500x225.jpg\" alt=\"\" width=\"300\" height=\"135\" srcset=\"https:\/\/mont-roig.cat\/wp-content\/uploads\/contenidors-2-500x225.jpg 500w, https:\/\/mont-roig.cat\/wp-content\/uploads\/contenidors-2-1024x461.jpg 1024w, https:\/\/mont-roig.cat\/wp-content\/uploads\/contenidors-2-768x346.jpg 768w, https:\/\/mont-roig.cat\/wp-content\/uploads\/contenidors-2-1536x691.jpg 1536w, https:\/\/mont-roig.cat\/wp-content\/uploads\/contenidors-2.jpg 1600w\" sizes=\"auto, (max-width: 300px) 100vw, 300px\" \/><\/a><\/strong><\/strong><\/p>\n<div class=\"flex flex-grow flex-col max-w-full\">\n<div class=\"min-h-[20px] text-message flex flex-col items-start whitespace-pre-wrap break-words [.text-message+&amp;]:mt-5 juice:w-full juice:items-end overflow-x-auto gap-2\" dir=\"auto\" data-message-author-role=\"assistant\" data-message-id=\"1cbbc3b7-e498-4015-8f6f-b93b8ad93f9a\">\n<div class=\"flex w-full flex-col gap-1 juice:empty:hidden juice:first:pt-[3px]\">\n<div class=\"markdown prose w-full break-words dark:prose-invert light\">\n<ul>\n<li><strong>El consistorio entiende las quejas del vecindario y reclama a los responsables de la empresa comarcal medidas urgentes para solventar la falta de recogida de contenedores en algunas urbanizaciones.<\/strong><\/li>\n<li><strong>Las negociaciones ya est\u00e1n en marcha y en las pr\u00f3ximas horas se informar\u00e1 de los acuerdos adoptados.<\/strong><\/li>\n<\/ul>\n<p>El Ayuntamiento de Mont-roig del Camp ha decidido tomar medidas inmediatas para exigir que Secomsa, la empresa responsable del servicio de recogida de residuos en el municipio, cumpla con sus obligaciones de manera eficiente.<\/p>\n<p>En las \u00faltimas horas, los servicios t\u00e9cnicos del Ayuntamiento han detectado una falta de recogida de contenedores de residuos, concretamente los de rechazo, en varias urbanizaciones, as\u00ed como numerosas quejas por parte del vecindario de algunas urbanizaciones.<\/p>\n<p>En respuesta a esta situaci\u00f3n, el Ayuntamiento ha instado a la empresa comarcal Secomsa a regularizar inmediatamente esta situaci\u00f3n y a ajustar las frecuencias de recogida necesarias para la temporada estival.<\/p>\n<p>El Ayuntamiento considera inaceptable la situaci\u00f3n actual y pide una mejora urgente en el servicio prestado. Ante las numerosas quejas recogidas tambi\u00e9n por parte del vecindario de diversas urbanizaciones, el Ayuntamiento quiere dejar muy claro a toda la ciudadan\u00eda que se est\u00e1 trabajando intensamente para garantizar que reciban el servicio que se merecen. Asimismo, pide disculpas por las molestias ocasionadas y agradece su comprensi\u00f3n y paciencia mientras se trabaja para resolver esta situaci\u00f3n. En este sentido, cabe destacar que las negociaciones ya est\u00e1n en marcha y se espera que en las pr\u00f3ximas horas se pueda informar de los acuerdos adoptados.<\/p>\n<p>&nbsp;<\/p>\n<\/div>\n<\/div>\n<\/div>\n<\/div>\n","protected":false},"excerpt":{"rendered":"<p>El consistorio entiende las quejas del vecindario y reclama a los responsables de la empresa comarcal medidas urgentes para solventar la falta de recogida de contenedores en algunas urbanizaciones. Las negociaciones ya est\u00e1n en marcha y en las pr\u00f3ximas horas se informar\u00e1 de los acuerdos adoptados. El Ayuntamiento de Mont-roig del Camp ha decidido tomar [&hellip;]<\/p>\n","protected":false},"author":13,"featured_media":77489,"comment_status":"closed","ping_status":"closed","sticky":false,"template":"","format":"standard","meta":{"inline_featured_image":false,"_monsterinsights_skip_tracking":false,"_monsterinsights_sitenote_active":false,"_monsterinsights_sitenote_note":"","_monsterinsights_sitenote_category":0,"footnotes":""},"categories":[98,109,143],"tags":[],"class_list":["post-77492","post","type-post","status-publish","format-standard","has-post-thumbnail","hentry","category-ayuntamiento","category-limpieza-viaria","category-residuos-es"],"yoast_head":"<!-- This site is optimized with the Yoast SEO plugin v27.4 - https:\/\/yoast.com\/product\/yoast-seo-wordpress\/ -->\n<title>l Ayuntamiento de Mont-roig del Camp exige a Secomsa mejoras urgentes en el servicio de recogida de residuos - Ajuntament de Mont-roig del Camp<\/title>\n<meta name=\"robots\" content=\"index, follow, max-snippet:-1, max-image-preview:large, max-video-preview:-1\" \/>\n<link rel=\"canonical\" href=\"https:\/\/mont-roig.cat\/es\/actualitat\/noticies\/l-ayuntamiento-de-mont-roig-del-camp-exige-a-secomsa-mejoras-urgentes-en-el-servicio-de-recogida-de-residuos\/\" \/>\n<meta property=\"og:locale\" content=\"es_ES\" \/>\n<meta property=\"og:type\" content=\"article\" \/>\n<meta property=\"og:title\" content=\"l Ayuntamiento de Mont-roig del Camp exige a Secomsa mejoras urgentes en el servicio de recogida de residuos - Ajuntament de Mont-roig del Camp\" \/>\n<meta property=\"og:description\" content=\"El consistorio entiende las quejas del vecindario y reclama a los responsables de la empresa comarcal medidas urgentes para solventar la falta de recogida de contenedores en algunas urbanizaciones. Las negociaciones ya est\u00e1n en marcha y en las pr\u00f3ximas horas se informar\u00e1 de los acuerdos adoptados. El Ayuntamiento de Mont-roig del Camp ha decidido tomar [&hellip;]\" \/>\n<meta property=\"og:url\" content=\"https:\/\/mont-roig.cat\/es\/actualitat\/noticies\/l-ayuntamiento-de-mont-roig-del-camp-exige-a-secomsa-mejoras-urgentes-en-el-servicio-de-recogida-de-residuos\/\" \/>\n<meta property=\"og:site_name\" content=\"Ajuntament de Mont-roig del Camp\" \/>\n<meta property=\"article:published_time\" content=\"2024-07-10T10:08:46+00:00\" \/>\n<meta property=\"article:modified_time\" content=\"2024-07-10T10:19:05+00:00\" \/>\n<meta property=\"og:image\" content=\"https:\/\/mont-roig.cat\/wp-content\/uploads\/contenidors-2.jpg\" \/>\n\t<meta property=\"og:image:width\" content=\"1600\" \/>\n\t<meta property=\"og:image:height\" content=\"720\" \/>\n\t<meta property=\"og:image:type\" content=\"image\/jpeg\" \/>\n<meta name=\"author\" content=\"comunicacio\" \/>\n<meta name=\"twitter:card\" content=\"summary_large_image\" \/>\n<meta name=\"twitter:label1\" content=\"Escrito por\" \/>\n\t<meta name=\"twitter:data1\" content=\"comunicacio\" \/>\n\t<meta name=\"twitter:label2\" content=\"Tiempo de lectura\" \/>\n\t<meta name=\"twitter:data2\" content=\"2 minutos\" \/>\n<script type=\"application\/ld+json\" class=\"yoast-schema-graph\">{\"@context\":\"https:\\\/\\\/schema.org\",\"@graph\":[{\"@type\":\"Article\",\"@id\":\"https:\\\/\\\/mont-roig.cat\\\/es\\\/actualitat\\\/noticies\\\/l-ayuntamiento-de-mont-roig-del-camp-exige-a-secomsa-mejoras-urgentes-en-el-servicio-de-recogida-de-residuos\\\/#article\",\"isPartOf\":{\"@id\":\"https:\\\/\\\/mont-roig.cat\\\/es\\\/actualitat\\\/noticies\\\/l-ayuntamiento-de-mont-roig-del-camp-exige-a-secomsa-mejoras-urgentes-en-el-servicio-de-recogida-de-residuos\\\/\"},\"author\":{\"name\":\"comunicacio\",\"@id\":\"https:\\\/\\\/mont-roig.cat\\\/es\\\/#\\\/schema\\\/person\\\/1f73e7b5e6f9dd122e8a6f14f310ac5e\"},\"headline\":\"l Ayuntamiento de Mont-roig del Camp exige a Secomsa mejoras urgentes en el servicio de recogida de residuos\",\"datePublished\":\"2024-07-10T10:08:46+00:00\",\"dateModified\":\"2024-07-10T10:19:05+00:00\",\"mainEntityOfPage\":{\"@id\":\"https:\\\/\\\/mont-roig.cat\\\/es\\\/actualitat\\\/noticies\\\/l-ayuntamiento-de-mont-roig-del-camp-exige-a-secomsa-mejoras-urgentes-en-el-servicio-de-recogida-de-residuos\\\/\"},\"wordCount\":279,\"image\":{\"@id\":\"https:\\\/\\\/mont-roig.cat\\\/es\\\/actualitat\\\/noticies\\\/l-ayuntamiento-de-mont-roig-del-camp-exige-a-secomsa-mejoras-urgentes-en-el-servicio-de-recogida-de-residuos\\\/#primaryimage\"},\"thumbnailUrl\":\"https:\\\/\\\/mont-roig.cat\\\/wp-content\\\/uploads\\\/contenidors-2.jpg\",\"articleSection\":[\"Ayuntamiento\",\"Limpieza viaria\",\"Residuos\"],\"inLanguage\":\"es\"},{\"@type\":\"WebPage\",\"@id\":\"https:\\\/\\\/mont-roig.cat\\\/es\\\/actualitat\\\/noticies\\\/l-ayuntamiento-de-mont-roig-del-camp-exige-a-secomsa-mejoras-urgentes-en-el-servicio-de-recogida-de-residuos\\\/\",\"url\":\"https:\\\/\\\/mont-roig.cat\\\/es\\\/actualitat\\\/noticies\\\/l-ayuntamiento-de-mont-roig-del-camp-exige-a-secomsa-mejoras-urgentes-en-el-servicio-de-recogida-de-residuos\\\/\",\"name\":\"l Ayuntamiento de Mont-roig del Camp exige a Secomsa mejoras urgentes en el servicio de recogida de residuos - Ajuntament de Mont-roig del Camp\",\"isPartOf\":{\"@id\":\"https:\\\/\\\/mont-roig.cat\\\/es\\\/#website\"},\"primaryImageOfPage\":{\"@id\":\"https:\\\/\\\/mont-roig.cat\\\/es\\\/actualitat\\\/noticies\\\/l-ayuntamiento-de-mont-roig-del-camp-exige-a-secomsa-mejoras-urgentes-en-el-servicio-de-recogida-de-residuos\\\/#primaryimage\"},\"image\":{\"@id\":\"https:\\\/\\\/mont-roig.cat\\\/es\\\/actualitat\\\/noticies\\\/l-ayuntamiento-de-mont-roig-del-camp-exige-a-secomsa-mejoras-urgentes-en-el-servicio-de-recogida-de-residuos\\\/#primaryimage\"},\"thumbnailUrl\":\"https:\\\/\\\/mont-roig.cat\\\/wp-content\\\/uploads\\\/contenidors-2.jpg\",\"datePublished\":\"2024-07-10T10:08:46+00:00\",\"dateModified\":\"2024-07-10T10:19:05+00:00\",\"author\":{\"@id\":\"https:\\\/\\\/mont-roig.cat\\\/es\\\/#\\\/schema\\\/person\\\/1f73e7b5e6f9dd122e8a6f14f310ac5e\"},\"breadcrumb\":{\"@id\":\"https:\\\/\\\/mont-roig.cat\\\/es\\\/actualitat\\\/noticies\\\/l-ayuntamiento-de-mont-roig-del-camp-exige-a-secomsa-mejoras-urgentes-en-el-servicio-de-recogida-de-residuos\\\/#breadcrumb\"},\"inLanguage\":\"es\",\"potentialAction\":[{\"@type\":\"ReadAction\",\"target\":[\"https:\\\/\\\/mont-roig.cat\\\/es\\\/actualitat\\\/noticies\\\/l-ayuntamiento-de-mont-roig-del-camp-exige-a-secomsa-mejoras-urgentes-en-el-servicio-de-recogida-de-residuos\\\/\"]}]},{\"@type\":\"ImageObject\",\"inLanguage\":\"es\",\"@id\":\"https:\\\/\\\/mont-roig.cat\\\/es\\\/actualitat\\\/noticies\\\/l-ayuntamiento-de-mont-roig-del-camp-exige-a-secomsa-mejoras-urgentes-en-el-servicio-de-recogida-de-residuos\\\/#primaryimage\",\"url\":\"https:\\\/\\\/mont-roig.cat\\\/wp-content\\\/uploads\\\/contenidors-2.jpg\",\"contentUrl\":\"https:\\\/\\\/mont-roig.cat\\\/wp-content\\\/uploads\\\/contenidors-2.jpg\",\"width\":1600,\"height\":720},{\"@type\":\"BreadcrumbList\",\"@id\":\"https:\\\/\\\/mont-roig.cat\\\/es\\\/actualitat\\\/noticies\\\/l-ayuntamiento-de-mont-roig-del-camp-exige-a-secomsa-mejoras-urgentes-en-el-servicio-de-recogida-de-residuos\\\/#breadcrumb\",\"itemListElement\":[{\"@type\":\"ListItem\",\"position\":1,\"name\":\"Inici\",\"item\":\"https:\\\/\\\/mont-roig.cat\\\/es\\\/pagina-de-inicio\\\/\"},{\"@type\":\"ListItem\",\"position\":2,\"name\":\"l Ayuntamiento de Mont-roig del Camp exige a Secomsa mejoras urgentes en el servicio de recogida de residuos\"}]},{\"@type\":\"WebSite\",\"@id\":\"https:\\\/\\\/mont-roig.cat\\\/es\\\/#website\",\"url\":\"https:\\\/\\\/mont-roig.cat\\\/es\\\/\",\"name\":\"Ajuntament de Mont-roig del Camp\",\"description\":\"Tota la informaci\u00f3 sobre la instituci\u00f3, els seus \u00f2rgans de govern, actualitat, serveis i molt m\u00e9s.\",\"potentialAction\":[{\"@type\":\"SearchAction\",\"target\":{\"@type\":\"EntryPoint\",\"urlTemplate\":\"https:\\\/\\\/mont-roig.cat\\\/es\\\/?s={search_term_string}\"},\"query-input\":{\"@type\":\"PropertyValueSpecification\",\"valueRequired\":true,\"valueName\":\"search_term_string\"}}],\"inLanguage\":\"es\"},{\"@type\":\"Person\",\"@id\":\"https:\\\/\\\/mont-roig.cat\\\/es\\\/#\\\/schema\\\/person\\\/1f73e7b5e6f9dd122e8a6f14f310ac5e\",\"name\":\"comunicacio\",\"image\":{\"@type\":\"ImageObject\",\"inLanguage\":\"es\",\"@id\":\"https:\\\/\\\/secure.gravatar.com\\\/avatar\\\/98944333e7a877670a64f8d10f0cb680ab2c9ebc4efc43945ef004b52b5ad28c?s=96&d=mm&r=g\",\"url\":\"https:\\\/\\\/secure.gravatar.com\\\/avatar\\\/98944333e7a877670a64f8d10f0cb680ab2c9ebc4efc43945ef004b52b5ad28c?s=96&d=mm&r=g\",\"contentUrl\":\"https:\\\/\\\/secure.gravatar.com\\\/avatar\\\/98944333e7a877670a64f8d10f0cb680ab2c9ebc4efc43945ef004b52b5ad28c?s=96&d=mm&r=g\",\"caption\":\"comunicacio\"},\"url\":\"https:\\\/\\\/mont-roig.cat\\\/es\\\/actualitat\\\/noticies\\\/author\\\/comunicacio\\\/\"}]}<\/script>\n<!-- \/ Yoast SEO plugin. -->","yoast_head_json":{"title":"l Ayuntamiento de Mont-roig del Camp exige a Secomsa mejoras urgentes en el servicio de recogida de residuos - Ajuntament de Mont-roig del Camp","robots":{"index":"index","follow":"follow","max-snippet":"max-snippet:-1","max-image-preview":"max-image-preview:large","max-video-preview":"max-video-preview:-1"},"canonical":"https:\/\/mont-roig.cat\/es\/actualitat\/noticies\/l-ayuntamiento-de-mont-roig-del-camp-exige-a-secomsa-mejoras-urgentes-en-el-servicio-de-recogida-de-residuos\/","og_locale":"es_ES","og_type":"article","og_title":"l Ayuntamiento de Mont-roig del Camp exige a Secomsa mejoras urgentes en el servicio de recogida de residuos - Ajuntament de Mont-roig del Camp","og_description":"El consistorio entiende las quejas del vecindario y reclama a los responsables de la empresa comarcal medidas urgentes para solventar la falta de recogida de contenedores en algunas urbanizaciones. Las negociaciones ya est\u00e1n en marcha y en las pr\u00f3ximas horas se informar\u00e1 de los acuerdos adoptados. El Ayuntamiento de Mont-roig del Camp ha decidido tomar [&hellip;]","og_url":"https:\/\/mont-roig.cat\/es\/actualitat\/noticies\/l-ayuntamiento-de-mont-roig-del-camp-exige-a-secomsa-mejoras-urgentes-en-el-servicio-de-recogida-de-residuos\/","og_site_name":"Ajuntament de Mont-roig del Camp","article_published_time":"2024-07-10T10:08:46+00:00","article_modified_time":"2024-07-10T10:19:05+00:00","og_image":[{"width":1600,"height":720,"url":"https:\/\/mont-roig.cat\/wp-content\/uploads\/contenidors-2.jpg","type":"image\/jpeg"}],"author":"comunicacio","twitter_card":"summary_large_image","twitter_misc":{"Escrito por":"comunicacio","Tiempo de lectura":"2 minutos"},"schema":{"@context":"https:\/\/schema.org","@graph":[{"@type":"Article","@id":"https:\/\/mont-roig.cat\/es\/actualitat\/noticies\/l-ayuntamiento-de-mont-roig-del-camp-exige-a-secomsa-mejoras-urgentes-en-el-servicio-de-recogida-de-residuos\/#article","isPartOf":{"@id":"https:\/\/mont-roig.cat\/es\/actualitat\/noticies\/l-ayuntamiento-de-mont-roig-del-camp-exige-a-secomsa-mejoras-urgentes-en-el-servicio-de-recogida-de-residuos\/"},"author":{"name":"comunicacio","@id":"https:\/\/mont-roig.cat\/es\/#\/schema\/person\/1f73e7b5e6f9dd122e8a6f14f310ac5e"},"headline":"l Ayuntamiento de Mont-roig del Camp exige a Secomsa mejoras urgentes en el servicio de recogida de residuos","datePublished":"2024-07-10T10:08:46+00:00","dateModified":"2024-07-10T10:19:05+00:00","mainEntityOfPage":{"@id":"https:\/\/mont-roig.cat\/es\/actualitat\/noticies\/l-ayuntamiento-de-mont-roig-del-camp-exige-a-secomsa-mejoras-urgentes-en-el-servicio-de-recogida-de-residuos\/"},"wordCount":279,"image":{"@id":"https:\/\/mont-roig.cat\/es\/actualitat\/noticies\/l-ayuntamiento-de-mont-roig-del-camp-exige-a-secomsa-mejoras-urgentes-en-el-servicio-de-recogida-de-residuos\/#primaryimage"},"thumbnailUrl":"https:\/\/mont-roig.cat\/wp-content\/uploads\/contenidors-2.jpg","articleSection":["Ayuntamiento","Limpieza viaria","Residuos"],"inLanguage":"es"},{"@type":"WebPage","@id":"https:\/\/mont-roig.cat\/es\/actualitat\/noticies\/l-ayuntamiento-de-mont-roig-del-camp-exige-a-secomsa-mejoras-urgentes-en-el-servicio-de-recogida-de-residuos\/","url":"https:\/\/mont-roig.cat\/es\/actualitat\/noticies\/l-ayuntamiento-de-mont-roig-del-camp-exige-a-secomsa-mejoras-urgentes-en-el-servicio-de-recogida-de-residuos\/","name":"l Ayuntamiento de Mont-roig del Camp exige a Secomsa mejoras urgentes en el servicio de recogida de residuos - Ajuntament de Mont-roig del Camp","isPartOf":{"@id":"https:\/\/mont-roig.cat\/es\/#website"},"primaryImageOfPage":{"@id":"https:\/\/mont-roig.cat\/es\/actualitat\/noticies\/l-ayuntamiento-de-mont-roig-del-camp-exige-a-secomsa-mejoras-urgentes-en-el-servicio-de-recogida-de-residuos\/#primaryimage"},"image":{"@id":"https:\/\/mont-roig.cat\/es\/actualitat\/noticies\/l-ayuntamiento-de-mont-roig-del-camp-exige-a-secomsa-mejoras-urgentes-en-el-servicio-de-recogida-de-residuos\/#primaryimage"},"thumbnailUrl":"https:\/\/mont-roig.cat\/wp-content\/uploads\/contenidors-2.jpg","datePublished":"2024-07-10T10:08:46+00:00","dateModified":"2024-07-10T10:19:05+00:00","author":{"@id":"https:\/\/mont-roig.cat\/es\/#\/schema\/person\/1f73e7b5e6f9dd122e8a6f14f310ac5e"},"breadcrumb":{"@id":"https:\/\/mont-roig.cat\/es\/actualitat\/noticies\/l-ayuntamiento-de-mont-roig-del-camp-exige-a-secomsa-mejoras-urgentes-en-el-servicio-de-recogida-de-residuos\/#breadcrumb"},"inLanguage":"es","potentialAction":[{"@type":"ReadAction","target":["https:\/\/mont-roig.cat\/es\/actualitat\/noticies\/l-ayuntamiento-de-mont-roig-del-camp-exige-a-secomsa-mejoras-urgentes-en-el-servicio-de-recogida-de-residuos\/"]}]},{"@type":"ImageObject","inLanguage":"es","@id":"https:\/\/mont-roig.cat\/es\/actualitat\/noticies\/l-ayuntamiento-de-mont-roig-del-camp-exige-a-secomsa-mejoras-urgentes-en-el-servicio-de-recogida-de-residuos\/#primaryimage","url":"https:\/\/mont-roig.cat\/wp-content\/uploads\/contenidors-2.jpg","contentUrl":"https:\/\/mont-roig.cat\/wp-content\/uploads\/contenidors-2.jpg","width":1600,"height":720},{"@type":"BreadcrumbList","@id":"https:\/\/mont-roig.cat\/es\/actualitat\/noticies\/l-ayuntamiento-de-mont-roig-del-camp-exige-a-secomsa-mejoras-urgentes-en-el-servicio-de-recogida-de-residuos\/#breadcrumb","itemListElement":[{"@type":"ListItem","position":1,"name":"Inici","item":"https:\/\/mont-roig.cat\/es\/pagina-de-inicio\/"},{"@type":"ListItem","position":2,"name":"l Ayuntamiento de Mont-roig del Camp exige a Secomsa mejoras urgentes en el servicio de recogida de residuos"}]},{"@type":"WebSite","@id":"https:\/\/mont-roig.cat\/es\/#website","url":"https:\/\/mont-roig.cat\/es\/","name":"Ajuntament de Mont-roig del Camp","description":"Tota la informaci\u00f3 sobre la instituci\u00f3, els seus \u00f2rgans de govern, actualitat, serveis i molt m\u00e9s.","potentialAction":[{"@type":"SearchAction","target":{"@type":"EntryPoint","urlTemplate":"https:\/\/mont-roig.cat\/es\/?s={search_term_string}"},"query-input":{"@type":"PropertyValueSpecification","valueRequired":true,"valueName":"search_term_string"}}],"inLanguage":"es"},{"@type":"Person","@id":"https:\/\/mont-roig.cat\/es\/#\/schema\/person\/1f73e7b5e6f9dd122e8a6f14f310ac5e","name":"comunicacio","image":{"@type":"ImageObject","inLanguage":"es","@id":"https:\/\/secure.gravatar.com\/avatar\/98944333e7a877670a64f8d10f0cb680ab2c9ebc4efc43945ef004b52b5ad28c?s=96&d=mm&r=g","url":"https:\/\/secure.gravatar.com\/avatar\/98944333e7a877670a64f8d10f0cb680ab2c9ebc4efc43945ef004b52b5ad28c?s=96&d=mm&r=g","contentUrl":"https:\/\/secure.gravatar.com\/avatar\/98944333e7a877670a64f8d10f0cb680ab2c9ebc4efc43945ef004b52b5ad28c?s=96&d=mm&r=g","caption":"comunicacio"},"url":"https:\/\/mont-roig.cat\/es\/actualitat\/noticies\/author\/comunicacio\/"}]}},"_links":{"self":[{"href":"https:\/\/mont-roig.cat\/es\/wp-json\/wp\/v2\/posts\/77492","targetHints":{"allow":["GET"]}}],"collection":[{"href":"https:\/\/mont-roig.cat\/es\/wp-json\/wp\/v2\/posts"}],"about":[{"href":"https:\/\/mont-roig.cat\/es\/wp-json\/wp\/v2\/types\/post"}],"author":[{"embeddable":true,"href":"https:\/\/mont-roig.cat\/es\/wp-json\/wp\/v2\/users\/13"}],"replies":[{"embeddable":true,"href":"https:\/\/mont-roig.cat\/es\/wp-json\/wp\/v2\/comments?post=77492"}],"version-history":[{"count":2,"href":"https:\/\/mont-roig.cat\/es\/wp-json\/wp\/v2\/posts\/77492\/revisions"}],"predecessor-version":[{"id":77494,"href":"https:\/\/mont-roig.cat\/es\/wp-json\/wp\/v2\/posts\/77492\/revisions\/77494"}],"wp:featuredmedia":[{"embeddable":true,"href":"https:\/\/mont-roig.cat\/es\/wp-json\/wp\/v2\/media\/77489"}],"wp:attachment":[{"href":"https:\/\/mont-roig.cat\/es\/wp-json\/wp\/v2\/media?parent=77492"}],"wp:term":[{"taxonomy":"category","embeddable":true,"href":"https:\/\/mont-roig.cat\/es\/wp-json\/wp\/v2\/categories?post=77492"},{"taxonomy":"post_tag","embeddable":true,"href":"https:\/\/mont-roig.cat\/es\/wp-json\/wp\/v2\/tags?post=77492"}],"curies":[{"name":"wp","href":"https:\/\/api.w.org\/{rel}","templated":true}]}}