{"id":77508,"date":"2024-07-10T18:03:26","date_gmt":"2024-07-10T16:03:26","guid":{"rendered":"https:\/\/mont-roig.cat\/actualitat\/noticies\/la-policia-local-de-mont-roig-del-camp-incorpora-4-nous-agents-interins-durant-els-propers-4-mesos\/"},"modified":"2024-07-10T18:13:14","modified_gmt":"2024-07-10T16:13:14","slug":"la-policia-local-de-mont-roig-del-camp-incorpora-4-nous-agents-interins-durant-els-propers-4-mesos","status":"publish","type":"post","link":"https:\/\/mont-roig.cat\/es\/actualitat\/noticies\/la-policia-local-de-mont-roig-del-camp-incorpora-4-nous-agents-interins-durant-els-propers-4-mesos\/","title":{"rendered":"La Policia Local de Mont-roig del Camp incorpora 4 nous agents interins durant els propers 4 mesos"},"content":{"rendered":"<div id=\"attachment_77504\" style=\"width: 306px\" class=\"wp-caption alignright\"><a href=\"https:\/\/mont-roig.cat\/wp-content\/uploads\/policia-local-2.jpg\" target=\"_blank\" rel=\"noopener\"><img loading=\"lazy\" decoding=\"async\" aria-describedby=\"caption-attachment-77504\" class=\"wp-image-77504\" src=\"https:\/\/mont-roig.cat\/wp-content\/uploads\/policia-local-2-500x375.jpg\" alt=\"\" width=\"296\" height=\"222\" srcset=\"https:\/\/mont-roig.cat\/wp-content\/uploads\/policia-local-2-500x375.jpg 500w, https:\/\/mont-roig.cat\/wp-content\/uploads\/policia-local-2-1024x768.jpg 1024w, https:\/\/mont-roig.cat\/wp-content\/uploads\/policia-local-2-768x576.jpg 768w, https:\/\/mont-roig.cat\/wp-content\/uploads\/policia-local-2-1536x1152.jpg 1536w, https:\/\/mont-roig.cat\/wp-content\/uploads\/policia-local-2-463x348.jpg 463w, https:\/\/mont-roig.cat\/wp-content\/uploads\/policia-local-2.jpg 1600w\" sizes=\"auto, (max-width: 296px) 100vw, 296px\" \/><\/a><p id=\"caption-attachment-77504\" class=\"wp-caption-text\">Presentaci\u00f3n de los nuevos agentes interinos, junto a las autoridades locales.<\/p><\/div>\n<div class=\"flex flex-grow flex-col max-w-full\">\n<div class=\"min-h-[20px] text-message flex flex-col items-start whitespace-pre-wrap break-words [.text-message+&amp;]:mt-5 juice:w-full juice:items-end overflow-x-auto gap-2\" dir=\"auto\" data-message-author-role=\"assistant\" data-message-id=\"e4bfe997-4ea2-48ce-92e9-58525a128dfd\">\n<div class=\"flex w-full flex-col gap-1 juice:empty:hidden juice:first:pt-[3px]\">\n<div class=\"markdown prose w-full break-words dark:prose-invert light\">\n<ul>\n<li><strong>Estos nuevos efectivos policiales de proximidad mejorar\u00e1n la cobertura de la zona tur\u00edstica del municipio y tambi\u00e9n la presencia en el n\u00facleo de Mont-roig.<\/strong><\/li>\n<\/ul>\n<p>La Polic\u00eda Local de Mont-roig del Camp ha anunciado hoy la incorporaci\u00f3n de cuatro nuevos agentes interinos que reforzar\u00e1n el cuerpo policial durante un per\u00edodo de cuatro meses, hasta mediados de noviembre, realizando tareas de polic\u00eda de proximidad. Esta medida responde a la necesidad de garantizar la seguridad y el bienestar de la ciudadan\u00eda durante la temporada estival, cuando la afluencia de visitantes a la localidad aumenta considerablemente. Su incorporaci\u00f3n permitir\u00e1 reforzar las patrullas y mejorar la capacidad de respuesta ante cualquier situaci\u00f3n de emergencia o incidencia que pueda surgir. El alcalde del municipio, Fran Morancho, acompa\u00f1ado del concejal de Seguridad Ciudadana, Vicente P\u00e9rez, y del subinspector y jefe de la polic\u00eda, Antonio Pacheco, han dado la bienvenida esta ma\u00f1ana a los nuevos agentes policiales.<\/p>\n<p>Durante estos cuatro meses, los agentes interinos se dedicar\u00e1n a las siguientes tareas clave:<\/p>\n<ul>\n<li><strong>Control de la Avenida Barcelona de Miami Platja<\/strong>: Se asegurar\u00e1n de que el tr\u00e1fico y el orden se mantengan en esta zona central de la localidad.<\/li>\n<li><strong>Patrullaje por el n\u00facleo de Mont-roig:<\/strong> Se realizar\u00e1n rondas regulares para garantizar la seguridad y el bienestar de los residentes y visitantes.<\/li>\n<li><strong>Control de los accesos a las playas<\/strong>: Supervisar\u00e1n los puntos de acceso a las playas del municipio para evitar incidentes.<\/li>\n<li><strong>Apoyo al inicio del curso escola<\/strong>r: En septiembre, a partir del inicio del curso, los agentes tambi\u00e9n colaborar\u00e1n para garantizar el acceso a los diversos centros escolares del municipio.<\/li>\n<\/ul>\n<p>Paralelamente, hoy tambi\u00e9n se han presentado tres nuevos veh\u00edculos para la Polic\u00eda Local de Mont-roig del Camp. Dos de estos veh\u00edculos son h\u00edbridos, reflejando el compromiso del municipio con la sostenibilidad y la reducci\u00f3n del impacto ambiental. Estos nuevos veh\u00edculos apoyar\u00e1n las tareas que realiza la polic\u00eda local, mejorando su capacidad de respuesta y movilidad.<\/p>\n<\/div>\n<\/div>\n<\/div>\n<\/div>\n","protected":false},"excerpt":{"rendered":"<p>Estos nuevos efectivos policiales de proximidad mejorar\u00e1n la cobertura de la zona tur\u00edstica del municipio y tambi\u00e9n la presencia en el n\u00facleo de Mont-roig. La Polic\u00eda Local de Mont-roig del Camp ha anunciado hoy la incorporaci\u00f3n de cuatro nuevos agentes interinos que reforzar\u00e1n el cuerpo policial durante un per\u00edodo de cuatro meses, hasta mediados de [&hellip;]<\/p>\n","protected":false},"author":13,"featured_media":77505,"comment_status":"closed","ping_status":"closed","sticky":false,"template":"","format":"standard","meta":{"inline_featured_image":false,"_monsterinsights_skip_tracking":false,"_monsterinsights_sitenote_active":false,"_monsterinsights_sitenote_note":"","_monsterinsights_sitenote_category":0,"footnotes":""},"categories":[98,113],"tags":[],"class_list":["post-77508","post","type-post","status-publish","format-standard","has-post-thumbnail","hentry","category-ayuntamiento","category-seguridad"],"yoast_head":"<!-- This site is optimized with the Yoast SEO plugin v27.4 - https:\/\/yoast.com\/product\/yoast-seo-wordpress\/ -->\n<title>La Policia Local de Mont-roig del Camp incorpora 4 nous agents interins durant els propers 4 mesos - Ajuntament de Mont-roig del Camp<\/title>\n<meta name=\"robots\" content=\"index, follow, max-snippet:-1, max-image-preview:large, max-video-preview:-1\" \/>\n<link rel=\"canonical\" href=\"https:\/\/mont-roig.cat\/es\/actualitat\/noticies\/la-policia-local-de-mont-roig-del-camp-incorpora-4-nous-agents-interins-durant-els-propers-4-mesos\/\" \/>\n<meta property=\"og:locale\" content=\"es_ES\" \/>\n<meta property=\"og:type\" content=\"article\" \/>\n<meta property=\"og:title\" content=\"La Policia Local de Mont-roig del Camp incorpora 4 nous agents interins durant els propers 4 mesos - Ajuntament de Mont-roig del Camp\" \/>\n<meta property=\"og:description\" content=\"Estos nuevos efectivos policiales de proximidad mejorar\u00e1n la cobertura de la zona tur\u00edstica del municipio y tambi\u00e9n la presencia en el n\u00facleo de Mont-roig. La Polic\u00eda Local de Mont-roig del Camp ha anunciado hoy la incorporaci\u00f3n de cuatro nuevos agentes interinos que reforzar\u00e1n el cuerpo policial durante un per\u00edodo de cuatro meses, hasta mediados de [&hellip;]\" \/>\n<meta property=\"og:url\" content=\"https:\/\/mont-roig.cat\/es\/actualitat\/noticies\/la-policia-local-de-mont-roig-del-camp-incorpora-4-nous-agents-interins-durant-els-propers-4-mesos\/\" \/>\n<meta property=\"og:site_name\" content=\"Ajuntament de Mont-roig del Camp\" \/>\n<meta property=\"article:published_time\" content=\"2024-07-10T16:03:26+00:00\" \/>\n<meta property=\"article:modified_time\" content=\"2024-07-10T16:13:14+00:00\" \/>\n<meta property=\"og:image\" content=\"https:\/\/mont-roig.cat\/wp-content\/uploads\/policia-local-2.jpg\" \/>\n\t<meta property=\"og:image:width\" content=\"1600\" \/>\n\t<meta property=\"og:image:height\" content=\"1200\" \/>\n\t<meta property=\"og:image:type\" content=\"image\/jpeg\" \/>\n<meta name=\"author\" content=\"comunicacio\" \/>\n<meta name=\"twitter:card\" content=\"summary_large_image\" \/>\n<meta name=\"twitter:label1\" content=\"Escrito por\" \/>\n\t<meta name=\"twitter:data1\" content=\"comunicacio\" \/>\n\t<meta name=\"twitter:label2\" content=\"Tiempo de lectura\" \/>\n\t<meta name=\"twitter:data2\" content=\"3 minutos\" \/>\n<script type=\"application\/ld+json\" class=\"yoast-schema-graph\">{\"@context\":\"https:\\\/\\\/schema.org\",\"@graph\":[{\"@type\":\"Article\",\"@id\":\"https:\\\/\\\/mont-roig.cat\\\/es\\\/actualitat\\\/noticies\\\/la-policia-local-de-mont-roig-del-camp-incorpora-4-nous-agents-interins-durant-els-propers-4-mesos\\\/#article\",\"isPartOf\":{\"@id\":\"https:\\\/\\\/mont-roig.cat\\\/es\\\/actualitat\\\/noticies\\\/la-policia-local-de-mont-roig-del-camp-incorpora-4-nous-agents-interins-durant-els-propers-4-mesos\\\/\"},\"author\":{\"name\":\"comunicacio\",\"@id\":\"https:\\\/\\\/mont-roig.cat\\\/es\\\/#\\\/schema\\\/person\\\/1f73e7b5e6f9dd122e8a6f14f310ac5e\"},\"headline\":\"La Policia Local de Mont-roig del Camp incorpora 4 nous agents interins durant els propers 4 mesos\",\"datePublished\":\"2024-07-10T16:03:26+00:00\",\"dateModified\":\"2024-07-10T16:13:14+00:00\",\"mainEntityOfPage\":{\"@id\":\"https:\\\/\\\/mont-roig.cat\\\/es\\\/actualitat\\\/noticies\\\/la-policia-local-de-mont-roig-del-camp-incorpora-4-nous-agents-interins-durant-els-propers-4-mesos\\\/\"},\"wordCount\":382,\"image\":{\"@id\":\"https:\\\/\\\/mont-roig.cat\\\/es\\\/actualitat\\\/noticies\\\/la-policia-local-de-mont-roig-del-camp-incorpora-4-nous-agents-interins-durant-els-propers-4-mesos\\\/#primaryimage\"},\"thumbnailUrl\":\"https:\\\/\\\/mont-roig.cat\\\/wp-content\\\/uploads\\\/policia-local-2.jpg\",\"articleSection\":[\"Ayuntamiento\",\"Seguridad\"],\"inLanguage\":\"es\"},{\"@type\":\"WebPage\",\"@id\":\"https:\\\/\\\/mont-roig.cat\\\/es\\\/actualitat\\\/noticies\\\/la-policia-local-de-mont-roig-del-camp-incorpora-4-nous-agents-interins-durant-els-propers-4-mesos\\\/\",\"url\":\"https:\\\/\\\/mont-roig.cat\\\/es\\\/actualitat\\\/noticies\\\/la-policia-local-de-mont-roig-del-camp-incorpora-4-nous-agents-interins-durant-els-propers-4-mesos\\\/\",\"name\":\"La Policia Local de Mont-roig del Camp incorpora 4 nous agents interins durant els propers 4 mesos - Ajuntament de Mont-roig del Camp\",\"isPartOf\":{\"@id\":\"https:\\\/\\\/mont-roig.cat\\\/es\\\/#website\"},\"primaryImageOfPage\":{\"@id\":\"https:\\\/\\\/mont-roig.cat\\\/es\\\/actualitat\\\/noticies\\\/la-policia-local-de-mont-roig-del-camp-incorpora-4-nous-agents-interins-durant-els-propers-4-mesos\\\/#primaryimage\"},\"image\":{\"@id\":\"https:\\\/\\\/mont-roig.cat\\\/es\\\/actualitat\\\/noticies\\\/la-policia-local-de-mont-roig-del-camp-incorpora-4-nous-agents-interins-durant-els-propers-4-mesos\\\/#primaryimage\"},\"thumbnailUrl\":\"https:\\\/\\\/mont-roig.cat\\\/wp-content\\\/uploads\\\/policia-local-2.jpg\",\"datePublished\":\"2024-07-10T16:03:26+00:00\",\"dateModified\":\"2024-07-10T16:13:14+00:00\",\"author\":{\"@id\":\"https:\\\/\\\/mont-roig.cat\\\/es\\\/#\\\/schema\\\/person\\\/1f73e7b5e6f9dd122e8a6f14f310ac5e\"},\"breadcrumb\":{\"@id\":\"https:\\\/\\\/mont-roig.cat\\\/es\\\/actualitat\\\/noticies\\\/la-policia-local-de-mont-roig-del-camp-incorpora-4-nous-agents-interins-durant-els-propers-4-mesos\\\/#breadcrumb\"},\"inLanguage\":\"es\",\"potentialAction\":[{\"@type\":\"ReadAction\",\"target\":[\"https:\\\/\\\/mont-roig.cat\\\/es\\\/actualitat\\\/noticies\\\/la-policia-local-de-mont-roig-del-camp-incorpora-4-nous-agents-interins-durant-els-propers-4-mesos\\\/\"]}]},{\"@type\":\"ImageObject\",\"inLanguage\":\"es\",\"@id\":\"https:\\\/\\\/mont-roig.cat\\\/es\\\/actualitat\\\/noticies\\\/la-policia-local-de-mont-roig-del-camp-incorpora-4-nous-agents-interins-durant-els-propers-4-mesos\\\/#primaryimage\",\"url\":\"https:\\\/\\\/mont-roig.cat\\\/wp-content\\\/uploads\\\/policia-local-2.jpg\",\"contentUrl\":\"https:\\\/\\\/mont-roig.cat\\\/wp-content\\\/uploads\\\/policia-local-2.jpg\",\"width\":1600,\"height\":1200},{\"@type\":\"BreadcrumbList\",\"@id\":\"https:\\\/\\\/mont-roig.cat\\\/es\\\/actualitat\\\/noticies\\\/la-policia-local-de-mont-roig-del-camp-incorpora-4-nous-agents-interins-durant-els-propers-4-mesos\\\/#breadcrumb\",\"itemListElement\":[{\"@type\":\"ListItem\",\"position\":1,\"name\":\"Inici\",\"item\":\"https:\\\/\\\/mont-roig.cat\\\/es\\\/pagina-de-inicio\\\/\"},{\"@type\":\"ListItem\",\"position\":2,\"name\":\"La Policia Local de Mont-roig del Camp incorpora 4 nous agents interins durant els propers 4 mesos\"}]},{\"@type\":\"WebSite\",\"@id\":\"https:\\\/\\\/mont-roig.cat\\\/es\\\/#website\",\"url\":\"https:\\\/\\\/mont-roig.cat\\\/es\\\/\",\"name\":\"Ajuntament de Mont-roig del Camp\",\"description\":\"Tota la informaci\u00f3 sobre la instituci\u00f3, els seus \u00f2rgans de govern, actualitat, serveis i molt m\u00e9s.\",\"potentialAction\":[{\"@type\":\"SearchAction\",\"target\":{\"@type\":\"EntryPoint\",\"urlTemplate\":\"https:\\\/\\\/mont-roig.cat\\\/es\\\/?s={search_term_string}\"},\"query-input\":{\"@type\":\"PropertyValueSpecification\",\"valueRequired\":true,\"valueName\":\"search_term_string\"}}],\"inLanguage\":\"es\"},{\"@type\":\"Person\",\"@id\":\"https:\\\/\\\/mont-roig.cat\\\/es\\\/#\\\/schema\\\/person\\\/1f73e7b5e6f9dd122e8a6f14f310ac5e\",\"name\":\"comunicacio\",\"image\":{\"@type\":\"ImageObject\",\"inLanguage\":\"es\",\"@id\":\"https:\\\/\\\/secure.gravatar.com\\\/avatar\\\/98944333e7a877670a64f8d10f0cb680ab2c9ebc4efc43945ef004b52b5ad28c?s=96&d=mm&r=g\",\"url\":\"https:\\\/\\\/secure.gravatar.com\\\/avatar\\\/98944333e7a877670a64f8d10f0cb680ab2c9ebc4efc43945ef004b52b5ad28c?s=96&d=mm&r=g\",\"contentUrl\":\"https:\\\/\\\/secure.gravatar.com\\\/avatar\\\/98944333e7a877670a64f8d10f0cb680ab2c9ebc4efc43945ef004b52b5ad28c?s=96&d=mm&r=g\",\"caption\":\"comunicacio\"},\"url\":\"https:\\\/\\\/mont-roig.cat\\\/es\\\/actualitat\\\/noticies\\\/author\\\/comunicacio\\\/\"}]}<\/script>\n<!-- \/ Yoast SEO plugin. -->","yoast_head_json":{"title":"La Policia Local de Mont-roig del Camp incorpora 4 nous agents interins durant els propers 4 mesos - Ajuntament de Mont-roig del Camp","robots":{"index":"index","follow":"follow","max-snippet":"max-snippet:-1","max-image-preview":"max-image-preview:large","max-video-preview":"max-video-preview:-1"},"canonical":"https:\/\/mont-roig.cat\/es\/actualitat\/noticies\/la-policia-local-de-mont-roig-del-camp-incorpora-4-nous-agents-interins-durant-els-propers-4-mesos\/","og_locale":"es_ES","og_type":"article","og_title":"La Policia Local de Mont-roig del Camp incorpora 4 nous agents interins durant els propers 4 mesos - Ajuntament de Mont-roig del Camp","og_description":"Estos nuevos efectivos policiales de proximidad mejorar\u00e1n la cobertura de la zona tur\u00edstica del municipio y tambi\u00e9n la presencia en el n\u00facleo de Mont-roig. La Polic\u00eda Local de Mont-roig del Camp ha anunciado hoy la incorporaci\u00f3n de cuatro nuevos agentes interinos que reforzar\u00e1n el cuerpo policial durante un per\u00edodo de cuatro meses, hasta mediados de [&hellip;]","og_url":"https:\/\/mont-roig.cat\/es\/actualitat\/noticies\/la-policia-local-de-mont-roig-del-camp-incorpora-4-nous-agents-interins-durant-els-propers-4-mesos\/","og_site_name":"Ajuntament de Mont-roig del Camp","article_published_time":"2024-07-10T16:03:26+00:00","article_modified_time":"2024-07-10T16:13:14+00:00","og_image":[{"width":1600,"height":1200,"url":"https:\/\/mont-roig.cat\/wp-content\/uploads\/policia-local-2.jpg","type":"image\/jpeg"}],"author":"comunicacio","twitter_card":"summary_large_image","twitter_misc":{"Escrito por":"comunicacio","Tiempo de lectura":"3 minutos"},"schema":{"@context":"https:\/\/schema.org","@graph":[{"@type":"Article","@id":"https:\/\/mont-roig.cat\/es\/actualitat\/noticies\/la-policia-local-de-mont-roig-del-camp-incorpora-4-nous-agents-interins-durant-els-propers-4-mesos\/#article","isPartOf":{"@id":"https:\/\/mont-roig.cat\/es\/actualitat\/noticies\/la-policia-local-de-mont-roig-del-camp-incorpora-4-nous-agents-interins-durant-els-propers-4-mesos\/"},"author":{"name":"comunicacio","@id":"https:\/\/mont-roig.cat\/es\/#\/schema\/person\/1f73e7b5e6f9dd122e8a6f14f310ac5e"},"headline":"La Policia Local de Mont-roig del Camp incorpora 4 nous agents interins durant els propers 4 mesos","datePublished":"2024-07-10T16:03:26+00:00","dateModified":"2024-07-10T16:13:14+00:00","mainEntityOfPage":{"@id":"https:\/\/mont-roig.cat\/es\/actualitat\/noticies\/la-policia-local-de-mont-roig-del-camp-incorpora-4-nous-agents-interins-durant-els-propers-4-mesos\/"},"wordCount":382,"image":{"@id":"https:\/\/mont-roig.cat\/es\/actualitat\/noticies\/la-policia-local-de-mont-roig-del-camp-incorpora-4-nous-agents-interins-durant-els-propers-4-mesos\/#primaryimage"},"thumbnailUrl":"https:\/\/mont-roig.cat\/wp-content\/uploads\/policia-local-2.jpg","articleSection":["Ayuntamiento","Seguridad"],"inLanguage":"es"},{"@type":"WebPage","@id":"https:\/\/mont-roig.cat\/es\/actualitat\/noticies\/la-policia-local-de-mont-roig-del-camp-incorpora-4-nous-agents-interins-durant-els-propers-4-mesos\/","url":"https:\/\/mont-roig.cat\/es\/actualitat\/noticies\/la-policia-local-de-mont-roig-del-camp-incorpora-4-nous-agents-interins-durant-els-propers-4-mesos\/","name":"La Policia Local de Mont-roig del Camp incorpora 4 nous agents interins durant els propers 4 mesos - Ajuntament de Mont-roig del Camp","isPartOf":{"@id":"https:\/\/mont-roig.cat\/es\/#website"},"primaryImageOfPage":{"@id":"https:\/\/mont-roig.cat\/es\/actualitat\/noticies\/la-policia-local-de-mont-roig-del-camp-incorpora-4-nous-agents-interins-durant-els-propers-4-mesos\/#primaryimage"},"image":{"@id":"https:\/\/mont-roig.cat\/es\/actualitat\/noticies\/la-policia-local-de-mont-roig-del-camp-incorpora-4-nous-agents-interins-durant-els-propers-4-mesos\/#primaryimage"},"thumbnailUrl":"https:\/\/mont-roig.cat\/wp-content\/uploads\/policia-local-2.jpg","datePublished":"2024-07-10T16:03:26+00:00","dateModified":"2024-07-10T16:13:14+00:00","author":{"@id":"https:\/\/mont-roig.cat\/es\/#\/schema\/person\/1f73e7b5e6f9dd122e8a6f14f310ac5e"},"breadcrumb":{"@id":"https:\/\/mont-roig.cat\/es\/actualitat\/noticies\/la-policia-local-de-mont-roig-del-camp-incorpora-4-nous-agents-interins-durant-els-propers-4-mesos\/#breadcrumb"},"inLanguage":"es","potentialAction":[{"@type":"ReadAction","target":["https:\/\/mont-roig.cat\/es\/actualitat\/noticies\/la-policia-local-de-mont-roig-del-camp-incorpora-4-nous-agents-interins-durant-els-propers-4-mesos\/"]}]},{"@type":"ImageObject","inLanguage":"es","@id":"https:\/\/mont-roig.cat\/es\/actualitat\/noticies\/la-policia-local-de-mont-roig-del-camp-incorpora-4-nous-agents-interins-durant-els-propers-4-mesos\/#primaryimage","url":"https:\/\/mont-roig.cat\/wp-content\/uploads\/policia-local-2.jpg","contentUrl":"https:\/\/mont-roig.cat\/wp-content\/uploads\/policia-local-2.jpg","width":1600,"height":1200},{"@type":"BreadcrumbList","@id":"https:\/\/mont-roig.cat\/es\/actualitat\/noticies\/la-policia-local-de-mont-roig-del-camp-incorpora-4-nous-agents-interins-durant-els-propers-4-mesos\/#breadcrumb","itemListElement":[{"@type":"ListItem","position":1,"name":"Inici","item":"https:\/\/mont-roig.cat\/es\/pagina-de-inicio\/"},{"@type":"ListItem","position":2,"name":"La Policia Local de Mont-roig del Camp incorpora 4 nous agents interins durant els propers 4 mesos"}]},{"@type":"WebSite","@id":"https:\/\/mont-roig.cat\/es\/#website","url":"https:\/\/mont-roig.cat\/es\/","name":"Ajuntament de Mont-roig del Camp","description":"Tota la informaci\u00f3 sobre la instituci\u00f3, els seus \u00f2rgans de govern, actualitat, serveis i molt m\u00e9s.","potentialAction":[{"@type":"SearchAction","target":{"@type":"EntryPoint","urlTemplate":"https:\/\/mont-roig.cat\/es\/?s={search_term_string}"},"query-input":{"@type":"PropertyValueSpecification","valueRequired":true,"valueName":"search_term_string"}}],"inLanguage":"es"},{"@type":"Person","@id":"https:\/\/mont-roig.cat\/es\/#\/schema\/person\/1f73e7b5e6f9dd122e8a6f14f310ac5e","name":"comunicacio","image":{"@type":"ImageObject","inLanguage":"es","@id":"https:\/\/secure.gravatar.com\/avatar\/98944333e7a877670a64f8d10f0cb680ab2c9ebc4efc43945ef004b52b5ad28c?s=96&d=mm&r=g","url":"https:\/\/secure.gravatar.com\/avatar\/98944333e7a877670a64f8d10f0cb680ab2c9ebc4efc43945ef004b52b5ad28c?s=96&d=mm&r=g","contentUrl":"https:\/\/secure.gravatar.com\/avatar\/98944333e7a877670a64f8d10f0cb680ab2c9ebc4efc43945ef004b52b5ad28c?s=96&d=mm&r=g","caption":"comunicacio"},"url":"https:\/\/mont-roig.cat\/es\/actualitat\/noticies\/author\/comunicacio\/"}]}},"_links":{"self":[{"href":"https:\/\/mont-roig.cat\/es\/wp-json\/wp\/v2\/posts\/77508","targetHints":{"allow":["GET"]}}],"collection":[{"href":"https:\/\/mont-roig.cat\/es\/wp-json\/wp\/v2\/posts"}],"about":[{"href":"https:\/\/mont-roig.cat\/es\/wp-json\/wp\/v2\/types\/post"}],"author":[{"embeddable":true,"href":"https:\/\/mont-roig.cat\/es\/wp-json\/wp\/v2\/users\/13"}],"replies":[{"embeddable":true,"href":"https:\/\/mont-roig.cat\/es\/wp-json\/wp\/v2\/comments?post=77508"}],"version-history":[{"count":3,"href":"https:\/\/mont-roig.cat\/es\/wp-json\/wp\/v2\/posts\/77508\/revisions"}],"predecessor-version":[{"id":77511,"href":"https:\/\/mont-roig.cat\/es\/wp-json\/wp\/v2\/posts\/77508\/revisions\/77511"}],"wp:featuredmedia":[{"embeddable":true,"href":"https:\/\/mont-roig.cat\/es\/wp-json\/wp\/v2\/media\/77505"}],"wp:attachment":[{"href":"https:\/\/mont-roig.cat\/es\/wp-json\/wp\/v2\/media?parent=77508"}],"wp:term":[{"taxonomy":"category","embeddable":true,"href":"https:\/\/mont-roig.cat\/es\/wp-json\/wp\/v2\/categories?post=77508"},{"taxonomy":"post_tag","embeddable":true,"href":"https:\/\/mont-roig.cat\/es\/wp-json\/wp\/v2\/tags?post=77508"}],"curies":[{"name":"wp","href":"https:\/\/api.w.org\/{rel}","templated":true}]}}