{"id":77541,"date":"2024-07-11T16:43:08","date_gmt":"2024-07-11T14:43:08","guid":{"rendered":"https:\/\/mont-roig.cat\/actualitat\/noticies\/disponible-el-programa-complet-de-les-festes-de-sant-jaume-de-miami-platja-2024\/"},"modified":"2024-07-12T10:49:03","modified_gmt":"2024-07-12T08:49:03","slug":"disponible-el-programa-completo-de-las-fiestas-de-sant-jaume-de-miami-platja-2024","status":"publish","type":"post","link":"https:\/\/mont-roig.cat\/es\/actualitat\/noticies\/disponible-el-programa-completo-de-las-fiestas-de-sant-jaume-de-miami-platja-2024\/","title":{"rendered":"Disponible el programa completo de las Fiestas de Sant Jaume de Miami Platja 2024"},"content":{"rendered":"<p><strong><strong><a href=\"https:\/\/mont-roig.cat\/wp-content\/uploads\/MMF_sant_jaume24_Cartell.png\" target=\"_blank\" rel=\"noopener\"><img loading=\"lazy\" decoding=\"async\" class=\"alignright wp-image-77532\" src=\"https:\/\/mont-roig.cat\/wp-content\/uploads\/MMF_sant_jaume24_Cartell-353x500.png\" alt=\"\" width=\"305\" height=\"432\" srcset=\"https:\/\/mont-roig.cat\/wp-content\/uploads\/MMF_sant_jaume24_Cartell-353x500.png 353w, https:\/\/mont-roig.cat\/wp-content\/uploads\/MMF_sant_jaume24_Cartell-724x1024.png 724w, https:\/\/mont-roig.cat\/wp-content\/uploads\/MMF_sant_jaume24_Cartell-768x1086.png 768w, https:\/\/mont-roig.cat\/wp-content\/uploads\/MMF_sant_jaume24_Cartell-1086x1536.png 1086w, https:\/\/mont-roig.cat\/wp-content\/uploads\/MMF_sant_jaume24_Cartell.png 1228w\" sizes=\"auto, (max-width: 305px) 100vw, 305px\" \/><\/a><\/strong><\/strong><\/p>\n<ul>\n<li><strong>Tendr\u00e1n lugar del 19 al 28 de julio con actividades para todas las edades, una nueva edici\u00f3n de la Fiesta de la Avenida Barcelona, el 3er Miami Remember\u2019s Festival, una fiesta joven de m\u00fasica electr\u00f3nica y una ma\u00f1ana familiar en el Bosquet de Llastres.<\/strong><\/li>\n<\/ul>\n<p>El Ayuntamiento de Mont-roig del Camp ya ha hecho p\u00fablico el programa completo de las Fiestas de Sant Jaume, que tendr\u00e1n lugar del 19 al 28 de julio y que llegan consolidando los actos tradicionales y algunas novedades destacadas.<\/p>\n<p><a href=\"https:\/\/mont-roig.cat\/wp-content\/uploads\/mm_SANT_JAUME_PROGRAMA-ES_WEB.pdf\" target=\"_blank\" rel=\"noopener\">Programa Fiestas Santa Jaume Miami Platja 2024<\/a><\/p>\n<p>Las fiestas se iniciar\u00e1n el viernes 19 de julio en la Plaza de Tarragona con el preg\u00f3n de Fiesta Mayor. Ese mismo viernes, la m\u00fasica tomar\u00e1 protagonismo con el espect\u00e1culo musical Discom\u00f3vil, a partir de las 23 h en la Plaza Tarragona, con The Chanclettes y La Mega Pubilla, y una sesi\u00f3n del DJ Oscar S\u00e1nchez para cerrar la noche.<\/p>\n<p><strong>Actos consolidados<\/strong><\/p>\n<p>El s\u00e1bado 20 de julio vuelve uno de los actos m\u00e1s esperados, como es la Fiesta de la Avenida Barcelona, con actividades para toda la familia desde las once de la ma\u00f1ana y hasta bien entrada la madrugada. Habr\u00e1 mercado artesanal, inflables, vermut popular, espect\u00e1culos itinerantes, concierto con el grupo El baile de fin de curso y la actuaci\u00f3n del DJ Marco Rodr\u00edguez para cerrar la noche.<\/p>\n<p>Otras actividades que se llevar\u00e1n a cabo durante la Fiesta Mayor de Sant Jaume son un concurso de castillos de arena, una fiesta blanca organizada por el Casal de Avis Sant Jaume, concierto y baile de Fiesta Mayor en la Plaza Tarragona con la Orquesta en Esenzia, vuelven las Noches de P\u00e9rgola, tardeo en la Playa Cristall con varios DJs, otra fiesta blanca en la p\u00e9rgola de Playa Cristall, un concierto de habaneras o la actuaci\u00f3n del grupo de rumba Papa Canalla. Finalmente, el viernes 26 de julio tendr\u00e1 lugar la Fiesta Joven en la P\u00e9rgola de Playa Cristall, un festival electr\u00f3nico, transversal, inclusivo y feminista con las DJs la Perla Negra y WAV.FLE!<\/p>\n<p>Una de las novedades de esta fiesta es la ma\u00f1ana infantil que tendr\u00e1 lugar el jueves 25 a partir de las 11 en el Bosquet de Llastres. Se trata de una ma\u00f1ana con diferentes propuestas como actividades, talleres, tirolina y un taller de barro a cargo de la Asociaci\u00f3n Policromia.<\/p>\n<p>La actividad deportiva de la Fiesta Mayor de Sant Jaume mantiene los torneos de baloncesto femenino y masculino\/mixto, tambi\u00e9n el de f\u00fatbol 3&#215;3 mixto y el primer torneo de p\u00e1del de Miami Platja, como novedad.<\/p>\n<p>El programa se completa con las tradicionales vaquillas y los fuegos artificiales.<\/p>\n<p><strong>Nueva edici\u00f3n del Remember\u2019s Festival<\/strong><\/p>\n<p>Este a\u00f1o, se mantiene el Miami Remember\u2019s Festival, que se har\u00e1 de nuevo en el patio de la Escuela Joan Mir\u00f3 el s\u00e1bado 27 de julio a partir de las 22:30 h con las actuaciones de Los Manolos, Rebeca, Paco Pil y varios DJs. Las entradas anticipadas al precio de 10 euros se pueden adquirir en la web <a href=\"http:\/\/www.miamifestival.es\" target=\"_new\" rel=\"noreferrer noopener\">www.miamifestival.es<\/a><\/p>\n","protected":false},"excerpt":{"rendered":"<p>Tendr\u00e1n lugar del 19 al 28 de julio con actividades para todas las edades, una nueva edici\u00f3n de la Fiesta de la Avenida Barcelona, el 3er Miami Remember\u2019s Festival, una fiesta joven de m\u00fasica electr\u00f3nica y una ma\u00f1ana familiar en el Bosquet de Llastres. El Ayuntamiento de Mont-roig del Camp ya ha hecho p\u00fablico el [&hellip;]<\/p>\n","protected":false},"author":13,"featured_media":77535,"comment_status":"closed","ping_status":"closed","sticky":false,"template":"","format":"standard","meta":{"inline_featured_image":false,"_monsterinsights_skip_tracking":false,"_monsterinsights_sitenote_active":false,"_monsterinsights_sitenote_note":"","_monsterinsights_sitenote_category":0,"footnotes":""},"categories":[98,105],"tags":[],"class_list":["post-77541","post","type-post","status-publish","format-standard","has-post-thumbnail","hentry","category-ayuntamiento","category-fiestas"],"yoast_head":"<!-- This site is optimized with the Yoast SEO plugin v27.4 - https:\/\/yoast.com\/product\/yoast-seo-wordpress\/ -->\n<title>Disponible el programa completo de las Fiestas de Sant Jaume de Miami Platja 2024 - Ajuntament de Mont-roig del Camp<\/title>\n<meta name=\"robots\" content=\"index, follow, max-snippet:-1, max-image-preview:large, max-video-preview:-1\" \/>\n<link rel=\"canonical\" href=\"https:\/\/mont-roig.cat\/es\/actualitat\/noticies\/disponible-el-programa-completo-de-las-fiestas-de-sant-jaume-de-miami-platja-2024\/\" \/>\n<meta property=\"og:locale\" content=\"es_ES\" \/>\n<meta property=\"og:type\" content=\"article\" \/>\n<meta property=\"og:title\" content=\"Disponible el programa completo de las Fiestas de Sant Jaume de Miami Platja 2024 - Ajuntament de Mont-roig del Camp\" \/>\n<meta property=\"og:description\" content=\"Tendr\u00e1n lugar del 19 al 28 de julio con actividades para todas las edades, una nueva edici\u00f3n de la Fiesta de la Avenida Barcelona, el 3er Miami Remember\u2019s Festival, una fiesta joven de m\u00fasica electr\u00f3nica y una ma\u00f1ana familiar en el Bosquet de Llastres. El Ayuntamiento de Mont-roig del Camp ya ha hecho p\u00fablico el [&hellip;]\" \/>\n<meta property=\"og:url\" content=\"https:\/\/mont-roig.cat\/es\/actualitat\/noticies\/disponible-el-programa-completo-de-las-fiestas-de-sant-jaume-de-miami-platja-2024\/\" \/>\n<meta property=\"og:site_name\" content=\"Ajuntament de Mont-roig del Camp\" \/>\n<meta property=\"article:published_time\" content=\"2024-07-11T14:43:08+00:00\" \/>\n<meta property=\"article:modified_time\" content=\"2024-07-12T08:49:03+00:00\" \/>\n<meta property=\"og:image\" content=\"https:\/\/mont-roig.cat\/wp-content\/uploads\/MMF_sant_jaume24_meta.png\" \/>\n\t<meta property=\"og:image:width\" content=\"1200\" \/>\n\t<meta property=\"og:image:height\" content=\"630\" \/>\n\t<meta property=\"og:image:type\" content=\"image\/png\" \/>\n<meta name=\"author\" content=\"comunicacio\" \/>\n<meta name=\"twitter:card\" content=\"summary_large_image\" \/>\n<meta name=\"twitter:label1\" content=\"Escrito por\" \/>\n\t<meta name=\"twitter:data1\" content=\"comunicacio\" \/>\n\t<meta name=\"twitter:label2\" content=\"Tiempo de lectura\" \/>\n\t<meta name=\"twitter:data2\" content=\"4 minutos\" \/>\n<script type=\"application\/ld+json\" class=\"yoast-schema-graph\">{\"@context\":\"https:\\\/\\\/schema.org\",\"@graph\":[{\"@type\":\"Article\",\"@id\":\"https:\\\/\\\/mont-roig.cat\\\/es\\\/actualitat\\\/noticies\\\/disponible-el-programa-completo-de-las-fiestas-de-sant-jaume-de-miami-platja-2024\\\/#article\",\"isPartOf\":{\"@id\":\"https:\\\/\\\/mont-roig.cat\\\/es\\\/actualitat\\\/noticies\\\/disponible-el-programa-completo-de-las-fiestas-de-sant-jaume-de-miami-platja-2024\\\/\"},\"author\":{\"name\":\"comunicacio\",\"@id\":\"https:\\\/\\\/mont-roig.cat\\\/es\\\/#\\\/schema\\\/person\\\/1f73e7b5e6f9dd122e8a6f14f310ac5e\"},\"headline\":\"Disponible el programa completo de las Fiestas de Sant Jaume de Miami Platja 2024\",\"datePublished\":\"2024-07-11T14:43:08+00:00\",\"dateModified\":\"2024-07-12T08:49:03+00:00\",\"mainEntityOfPage\":{\"@id\":\"https:\\\/\\\/mont-roig.cat\\\/es\\\/actualitat\\\/noticies\\\/disponible-el-programa-completo-de-las-fiestas-de-sant-jaume-de-miami-platja-2024\\\/\"},\"wordCount\":535,\"image\":{\"@id\":\"https:\\\/\\\/mont-roig.cat\\\/es\\\/actualitat\\\/noticies\\\/disponible-el-programa-completo-de-las-fiestas-de-sant-jaume-de-miami-platja-2024\\\/#primaryimage\"},\"thumbnailUrl\":\"https:\\\/\\\/mont-roig.cat\\\/wp-content\\\/uploads\\\/MMF_sant_jaume24_meta.png\",\"articleSection\":[\"Ayuntamiento\",\"Festes\"],\"inLanguage\":\"es\"},{\"@type\":\"WebPage\",\"@id\":\"https:\\\/\\\/mont-roig.cat\\\/es\\\/actualitat\\\/noticies\\\/disponible-el-programa-completo-de-las-fiestas-de-sant-jaume-de-miami-platja-2024\\\/\",\"url\":\"https:\\\/\\\/mont-roig.cat\\\/es\\\/actualitat\\\/noticies\\\/disponible-el-programa-completo-de-las-fiestas-de-sant-jaume-de-miami-platja-2024\\\/\",\"name\":\"Disponible el programa completo de las Fiestas de Sant Jaume de Miami Platja 2024 - Ajuntament de Mont-roig del Camp\",\"isPartOf\":{\"@id\":\"https:\\\/\\\/mont-roig.cat\\\/es\\\/#website\"},\"primaryImageOfPage\":{\"@id\":\"https:\\\/\\\/mont-roig.cat\\\/es\\\/actualitat\\\/noticies\\\/disponible-el-programa-completo-de-las-fiestas-de-sant-jaume-de-miami-platja-2024\\\/#primaryimage\"},\"image\":{\"@id\":\"https:\\\/\\\/mont-roig.cat\\\/es\\\/actualitat\\\/noticies\\\/disponible-el-programa-completo-de-las-fiestas-de-sant-jaume-de-miami-platja-2024\\\/#primaryimage\"},\"thumbnailUrl\":\"https:\\\/\\\/mont-roig.cat\\\/wp-content\\\/uploads\\\/MMF_sant_jaume24_meta.png\",\"datePublished\":\"2024-07-11T14:43:08+00:00\",\"dateModified\":\"2024-07-12T08:49:03+00:00\",\"author\":{\"@id\":\"https:\\\/\\\/mont-roig.cat\\\/es\\\/#\\\/schema\\\/person\\\/1f73e7b5e6f9dd122e8a6f14f310ac5e\"},\"breadcrumb\":{\"@id\":\"https:\\\/\\\/mont-roig.cat\\\/es\\\/actualitat\\\/noticies\\\/disponible-el-programa-completo-de-las-fiestas-de-sant-jaume-de-miami-platja-2024\\\/#breadcrumb\"},\"inLanguage\":\"es\",\"potentialAction\":[{\"@type\":\"ReadAction\",\"target\":[\"https:\\\/\\\/mont-roig.cat\\\/es\\\/actualitat\\\/noticies\\\/disponible-el-programa-completo-de-las-fiestas-de-sant-jaume-de-miami-platja-2024\\\/\"]}]},{\"@type\":\"ImageObject\",\"inLanguage\":\"es\",\"@id\":\"https:\\\/\\\/mont-roig.cat\\\/es\\\/actualitat\\\/noticies\\\/disponible-el-programa-completo-de-las-fiestas-de-sant-jaume-de-miami-platja-2024\\\/#primaryimage\",\"url\":\"https:\\\/\\\/mont-roig.cat\\\/wp-content\\\/uploads\\\/MMF_sant_jaume24_meta.png\",\"contentUrl\":\"https:\\\/\\\/mont-roig.cat\\\/wp-content\\\/uploads\\\/MMF_sant_jaume24_meta.png\",\"width\":1200,\"height\":630},{\"@type\":\"BreadcrumbList\",\"@id\":\"https:\\\/\\\/mont-roig.cat\\\/es\\\/actualitat\\\/noticies\\\/disponible-el-programa-completo-de-las-fiestas-de-sant-jaume-de-miami-platja-2024\\\/#breadcrumb\",\"itemListElement\":[{\"@type\":\"ListItem\",\"position\":1,\"name\":\"Inici\",\"item\":\"https:\\\/\\\/mont-roig.cat\\\/es\\\/pagina-de-inicio\\\/\"},{\"@type\":\"ListItem\",\"position\":2,\"name\":\"Disponible el programa completo de las Fiestas de Sant Jaume de Miami Platja 2024\"}]},{\"@type\":\"WebSite\",\"@id\":\"https:\\\/\\\/mont-roig.cat\\\/es\\\/#website\",\"url\":\"https:\\\/\\\/mont-roig.cat\\\/es\\\/\",\"name\":\"Ajuntament de Mont-roig del Camp\",\"description\":\"Tota la informaci\u00f3 sobre la instituci\u00f3, els seus \u00f2rgans de govern, actualitat, serveis i molt m\u00e9s.\",\"potentialAction\":[{\"@type\":\"SearchAction\",\"target\":{\"@type\":\"EntryPoint\",\"urlTemplate\":\"https:\\\/\\\/mont-roig.cat\\\/es\\\/?s={search_term_string}\"},\"query-input\":{\"@type\":\"PropertyValueSpecification\",\"valueRequired\":true,\"valueName\":\"search_term_string\"}}],\"inLanguage\":\"es\"},{\"@type\":\"Person\",\"@id\":\"https:\\\/\\\/mont-roig.cat\\\/es\\\/#\\\/schema\\\/person\\\/1f73e7b5e6f9dd122e8a6f14f310ac5e\",\"name\":\"comunicacio\",\"image\":{\"@type\":\"ImageObject\",\"inLanguage\":\"es\",\"@id\":\"https:\\\/\\\/secure.gravatar.com\\\/avatar\\\/98944333e7a877670a64f8d10f0cb680ab2c9ebc4efc43945ef004b52b5ad28c?s=96&d=mm&r=g\",\"url\":\"https:\\\/\\\/secure.gravatar.com\\\/avatar\\\/98944333e7a877670a64f8d10f0cb680ab2c9ebc4efc43945ef004b52b5ad28c?s=96&d=mm&r=g\",\"contentUrl\":\"https:\\\/\\\/secure.gravatar.com\\\/avatar\\\/98944333e7a877670a64f8d10f0cb680ab2c9ebc4efc43945ef004b52b5ad28c?s=96&d=mm&r=g\",\"caption\":\"comunicacio\"},\"url\":\"https:\\\/\\\/mont-roig.cat\\\/es\\\/actualitat\\\/noticies\\\/author\\\/comunicacio\\\/\"}]}<\/script>\n<!-- \/ Yoast SEO plugin. -->","yoast_head_json":{"title":"Disponible el programa completo de las Fiestas de Sant Jaume de Miami Platja 2024 - Ajuntament de Mont-roig del Camp","robots":{"index":"index","follow":"follow","max-snippet":"max-snippet:-1","max-image-preview":"max-image-preview:large","max-video-preview":"max-video-preview:-1"},"canonical":"https:\/\/mont-roig.cat\/es\/actualitat\/noticies\/disponible-el-programa-completo-de-las-fiestas-de-sant-jaume-de-miami-platja-2024\/","og_locale":"es_ES","og_type":"article","og_title":"Disponible el programa completo de las Fiestas de Sant Jaume de Miami Platja 2024 - Ajuntament de Mont-roig del Camp","og_description":"Tendr\u00e1n lugar del 19 al 28 de julio con actividades para todas las edades, una nueva edici\u00f3n de la Fiesta de la Avenida Barcelona, el 3er Miami Remember\u2019s Festival, una fiesta joven de m\u00fasica electr\u00f3nica y una ma\u00f1ana familiar en el Bosquet de Llastres. El Ayuntamiento de Mont-roig del Camp ya ha hecho p\u00fablico el [&hellip;]","og_url":"https:\/\/mont-roig.cat\/es\/actualitat\/noticies\/disponible-el-programa-completo-de-las-fiestas-de-sant-jaume-de-miami-platja-2024\/","og_site_name":"Ajuntament de Mont-roig del Camp","article_published_time":"2024-07-11T14:43:08+00:00","article_modified_time":"2024-07-12T08:49:03+00:00","og_image":[{"width":1200,"height":630,"url":"https:\/\/mont-roig.cat\/wp-content\/uploads\/MMF_sant_jaume24_meta.png","type":"image\/png"}],"author":"comunicacio","twitter_card":"summary_large_image","twitter_misc":{"Escrito por":"comunicacio","Tiempo de lectura":"4 minutos"},"schema":{"@context":"https:\/\/schema.org","@graph":[{"@type":"Article","@id":"https:\/\/mont-roig.cat\/es\/actualitat\/noticies\/disponible-el-programa-completo-de-las-fiestas-de-sant-jaume-de-miami-platja-2024\/#article","isPartOf":{"@id":"https:\/\/mont-roig.cat\/es\/actualitat\/noticies\/disponible-el-programa-completo-de-las-fiestas-de-sant-jaume-de-miami-platja-2024\/"},"author":{"name":"comunicacio","@id":"https:\/\/mont-roig.cat\/es\/#\/schema\/person\/1f73e7b5e6f9dd122e8a6f14f310ac5e"},"headline":"Disponible el programa completo de las Fiestas de Sant Jaume de Miami Platja 2024","datePublished":"2024-07-11T14:43:08+00:00","dateModified":"2024-07-12T08:49:03+00:00","mainEntityOfPage":{"@id":"https:\/\/mont-roig.cat\/es\/actualitat\/noticies\/disponible-el-programa-completo-de-las-fiestas-de-sant-jaume-de-miami-platja-2024\/"},"wordCount":535,"image":{"@id":"https:\/\/mont-roig.cat\/es\/actualitat\/noticies\/disponible-el-programa-completo-de-las-fiestas-de-sant-jaume-de-miami-platja-2024\/#primaryimage"},"thumbnailUrl":"https:\/\/mont-roig.cat\/wp-content\/uploads\/MMF_sant_jaume24_meta.png","articleSection":["Ayuntamiento","Festes"],"inLanguage":"es"},{"@type":"WebPage","@id":"https:\/\/mont-roig.cat\/es\/actualitat\/noticies\/disponible-el-programa-completo-de-las-fiestas-de-sant-jaume-de-miami-platja-2024\/","url":"https:\/\/mont-roig.cat\/es\/actualitat\/noticies\/disponible-el-programa-completo-de-las-fiestas-de-sant-jaume-de-miami-platja-2024\/","name":"Disponible el programa completo de las Fiestas de Sant Jaume de Miami Platja 2024 - Ajuntament de Mont-roig del Camp","isPartOf":{"@id":"https:\/\/mont-roig.cat\/es\/#website"},"primaryImageOfPage":{"@id":"https:\/\/mont-roig.cat\/es\/actualitat\/noticies\/disponible-el-programa-completo-de-las-fiestas-de-sant-jaume-de-miami-platja-2024\/#primaryimage"},"image":{"@id":"https:\/\/mont-roig.cat\/es\/actualitat\/noticies\/disponible-el-programa-completo-de-las-fiestas-de-sant-jaume-de-miami-platja-2024\/#primaryimage"},"thumbnailUrl":"https:\/\/mont-roig.cat\/wp-content\/uploads\/MMF_sant_jaume24_meta.png","datePublished":"2024-07-11T14:43:08+00:00","dateModified":"2024-07-12T08:49:03+00:00","author":{"@id":"https:\/\/mont-roig.cat\/es\/#\/schema\/person\/1f73e7b5e6f9dd122e8a6f14f310ac5e"},"breadcrumb":{"@id":"https:\/\/mont-roig.cat\/es\/actualitat\/noticies\/disponible-el-programa-completo-de-las-fiestas-de-sant-jaume-de-miami-platja-2024\/#breadcrumb"},"inLanguage":"es","potentialAction":[{"@type":"ReadAction","target":["https:\/\/mont-roig.cat\/es\/actualitat\/noticies\/disponible-el-programa-completo-de-las-fiestas-de-sant-jaume-de-miami-platja-2024\/"]}]},{"@type":"ImageObject","inLanguage":"es","@id":"https:\/\/mont-roig.cat\/es\/actualitat\/noticies\/disponible-el-programa-completo-de-las-fiestas-de-sant-jaume-de-miami-platja-2024\/#primaryimage","url":"https:\/\/mont-roig.cat\/wp-content\/uploads\/MMF_sant_jaume24_meta.png","contentUrl":"https:\/\/mont-roig.cat\/wp-content\/uploads\/MMF_sant_jaume24_meta.png","width":1200,"height":630},{"@type":"BreadcrumbList","@id":"https:\/\/mont-roig.cat\/es\/actualitat\/noticies\/disponible-el-programa-completo-de-las-fiestas-de-sant-jaume-de-miami-platja-2024\/#breadcrumb","itemListElement":[{"@type":"ListItem","position":1,"name":"Inici","item":"https:\/\/mont-roig.cat\/es\/pagina-de-inicio\/"},{"@type":"ListItem","position":2,"name":"Disponible el programa completo de las Fiestas de Sant Jaume de Miami Platja 2024"}]},{"@type":"WebSite","@id":"https:\/\/mont-roig.cat\/es\/#website","url":"https:\/\/mont-roig.cat\/es\/","name":"Ajuntament de Mont-roig del Camp","description":"Tota la informaci\u00f3 sobre la instituci\u00f3, els seus \u00f2rgans de govern, actualitat, serveis i molt m\u00e9s.","potentialAction":[{"@type":"SearchAction","target":{"@type":"EntryPoint","urlTemplate":"https:\/\/mont-roig.cat\/es\/?s={search_term_string}"},"query-input":{"@type":"PropertyValueSpecification","valueRequired":true,"valueName":"search_term_string"}}],"inLanguage":"es"},{"@type":"Person","@id":"https:\/\/mont-roig.cat\/es\/#\/schema\/person\/1f73e7b5e6f9dd122e8a6f14f310ac5e","name":"comunicacio","image":{"@type":"ImageObject","inLanguage":"es","@id":"https:\/\/secure.gravatar.com\/avatar\/98944333e7a877670a64f8d10f0cb680ab2c9ebc4efc43945ef004b52b5ad28c?s=96&d=mm&r=g","url":"https:\/\/secure.gravatar.com\/avatar\/98944333e7a877670a64f8d10f0cb680ab2c9ebc4efc43945ef004b52b5ad28c?s=96&d=mm&r=g","contentUrl":"https:\/\/secure.gravatar.com\/avatar\/98944333e7a877670a64f8d10f0cb680ab2c9ebc4efc43945ef004b52b5ad28c?s=96&d=mm&r=g","caption":"comunicacio"},"url":"https:\/\/mont-roig.cat\/es\/actualitat\/noticies\/author\/comunicacio\/"}]}},"_links":{"self":[{"href":"https:\/\/mont-roig.cat\/es\/wp-json\/wp\/v2\/posts\/77541","targetHints":{"allow":["GET"]}}],"collection":[{"href":"https:\/\/mont-roig.cat\/es\/wp-json\/wp\/v2\/posts"}],"about":[{"href":"https:\/\/mont-roig.cat\/es\/wp-json\/wp\/v2\/types\/post"}],"author":[{"embeddable":true,"href":"https:\/\/mont-roig.cat\/es\/wp-json\/wp\/v2\/users\/13"}],"replies":[{"embeddable":true,"href":"https:\/\/mont-roig.cat\/es\/wp-json\/wp\/v2\/comments?post=77541"}],"version-history":[{"count":3,"href":"https:\/\/mont-roig.cat\/es\/wp-json\/wp\/v2\/posts\/77541\/revisions"}],"predecessor-version":[{"id":77547,"href":"https:\/\/mont-roig.cat\/es\/wp-json\/wp\/v2\/posts\/77541\/revisions\/77547"}],"wp:featuredmedia":[{"embeddable":true,"href":"https:\/\/mont-roig.cat\/es\/wp-json\/wp\/v2\/media\/77535"}],"wp:attachment":[{"href":"https:\/\/mont-roig.cat\/es\/wp-json\/wp\/v2\/media?parent=77541"}],"wp:term":[{"taxonomy":"category","embeddable":true,"href":"https:\/\/mont-roig.cat\/es\/wp-json\/wp\/v2\/categories?post=77541"},{"taxonomy":"post_tag","embeddable":true,"href":"https:\/\/mont-roig.cat\/es\/wp-json\/wp\/v2\/tags?post=77541"}],"curies":[{"name":"wp","href":"https:\/\/api.w.org\/{rel}","templated":true}]}}