{"id":77631,"date":"2024-07-16T17:17:11","date_gmt":"2024-07-16T15:17:11","guid":{"rendered":"https:\/\/mont-roig.cat\/actualitat\/noticies\/renovacio-del-conveni-de-collaboracio-entre-lajuntament-de-mont-roig-del-camp-i-aprodisca\/"},"modified":"2024-07-16T17:26:49","modified_gmt":"2024-07-16T15:26:49","slug":"renovacio-del-conveni-de-collaboracio-entre-lajuntament-de-mont-roig-del-camp-i-aprodisca","status":"publish","type":"post","link":"https:\/\/mont-roig.cat\/es\/actualitat\/noticies\/renovacio-del-conveni-de-collaboracio-entre-lajuntament-de-mont-roig-del-camp-i-aprodisca\/","title":{"rendered":"Renovaci\u00f3n del convenio de colaboraci\u00f3n entre el Ayuntamiento de Mont-roig del Camp y Aprodisca"},"content":{"rendered":"<div id=\"attachment_77625\" style=\"width: 309px\" class=\"wp-caption alignright\"><a href=\"https:\/\/mont-roig.cat\/wp-content\/uploads\/Convini.jpeg\" target=\"_blank\" rel=\"noopener\"><img loading=\"lazy\" decoding=\"async\" aria-describedby=\"caption-attachment-77625\" class=\"wp-image-77625\" src=\"https:\/\/mont-roig.cat\/wp-content\/uploads\/Convini-500x375.jpeg\" alt=\"\" width=\"299\" height=\"224\" srcset=\"https:\/\/mont-roig.cat\/wp-content\/uploads\/Convini-500x375.jpeg 500w, https:\/\/mont-roig.cat\/wp-content\/uploads\/Convini-1024x768.jpeg 1024w, https:\/\/mont-roig.cat\/wp-content\/uploads\/Convini-768x576.jpeg 768w, https:\/\/mont-roig.cat\/wp-content\/uploads\/Convini-1536x1152.jpeg 1536w, https:\/\/mont-roig.cat\/wp-content\/uploads\/Convini-463x348.jpeg 463w, https:\/\/mont-roig.cat\/wp-content\/uploads\/Convini.jpeg 1600w\" sizes=\"auto, (max-width: 299px) 100vw, 299px\" \/><\/a><p id=\"caption-attachment-77625\" class=\"wp-caption-text\">Firma del convenio entre Aprodisca y el Ayuntamiento de Mont-roig del Camp con la presencia de la concejal Francis Ortiz, en el centro.<\/p><\/div>\n<ul>\n<li><strong> El acuerdo permite mejorar la integraci\u00f3n y el apoyo a las personas con discapacidad intelectual y\/o con afectaci\u00f3n de la salud mental.<\/strong><\/li>\n<\/ul>\n<p>El Ayuntamiento de Mont-roig del Camp y Aprodisca han renovado esta semana el convenio de colaboraci\u00f3n para continuar ofreciendo servicios de orientaci\u00f3n y asesoramiento a personas con discapacidad y a sus familias.<\/p>\n<p>Este servicio, dirigido a personas mayores de 16 a\u00f1os y a sus familias, proporciona orientaci\u00f3n sobre los apoyos necesarios a lo largo de la vida, incluyendo \u00e1mbitos de formaci\u00f3n, empleo, servicios de vivienda, ocio y tiempo libre. El asesoramiento es totalmente gratuito y se realiza con cita previa. Las personas interesadas pueden solicitar una entrevista a trav\u00e9s de la p\u00e1gina web de Aprodisca <a href=\"https:\/\/aprodisca.org\/sollicitud-dentrevista\/\" target=\"_blank\" rel=\"noopener noreferrer\">aqu\u00ed<\/a> o bien contactar por tel\u00e9fono al 977 844951 o por mensajer\u00eda m\u00f3vil al 692314497.<\/p>\n<p>Desde hace m\u00e1s de dos a\u00f1os, Aprodisca ofrece este servicio en Mont-roig del Camp y Miami Platja, atendiendo a 28 personas y sus familias, con m\u00e1s de 200 coordinaciones con agentes del territorio, como servicios educativos, sanitarios, sociales y asociativos. Esta colaboraci\u00f3n ha permitido una mejor integraci\u00f3n y apoyo a las personas con discapacidad intelectual y\/o con afectaci\u00f3n de la salud mental.<\/p>\n<p>Con la renovaci\u00f3n de este convenio, se reafirma el compromiso del Ayuntamiento de Mont-roig del Camp y Aprodisca para continuar trabajando conjuntamente en la mejora de la calidad de vida de las personas con discapacidad del municipio.<\/p>\n<p><strong>Aprodisca<\/strong><\/p>\n<p>Aprodisca es una entidad dedicada a la integraci\u00f3n y apoyo de las personas con discapacidad intelectual y\/o con afectaci\u00f3n de la salud mental, ofreciendo una amplia gama de servicios y apoyos para promover su autonom\u00eda y bienestar.<\/p>\n<p>&nbsp;<\/p>\n","protected":false},"excerpt":{"rendered":"<p>El acuerdo permite mejorar la integraci\u00f3n y el apoyo a las personas con discapacidad intelectual y\/o con afectaci\u00f3n de la salud mental. El Ayuntamiento de Mont-roig del Camp y Aprodisca han renovado esta semana el convenio de colaboraci\u00f3n para continuar ofreciendo servicios de orientaci\u00f3n y asesoramiento a personas con discapacidad y a sus familias. Este [&hellip;]<\/p>\n","protected":false},"author":13,"featured_media":77626,"comment_status":"closed","ping_status":"closed","sticky":false,"template":"","format":"standard","meta":{"inline_featured_image":false,"_monsterinsights_skip_tracking":false,"_monsterinsights_sitenote_active":false,"_monsterinsights_sitenote_note":"","_monsterinsights_sitenote_category":0,"footnotes":""},"categories":[98,114],"tags":[],"class_list":["post-77631","post","type-post","status-publish","format-standard","has-post-thumbnail","hentry","category-ayuntamiento","category-servicios-sociales"],"yoast_head":"<!-- This site is optimized with the Yoast SEO plugin v27.4 - https:\/\/yoast.com\/product\/yoast-seo-wordpress\/ -->\n<title>Renovaci\u00f3n del convenio de colaboraci\u00f3n entre el Ayuntamiento de Mont-roig del Camp y Aprodisca - Ajuntament de Mont-roig del Camp<\/title>\n<meta name=\"robots\" content=\"index, follow, max-snippet:-1, max-image-preview:large, max-video-preview:-1\" \/>\n<link rel=\"canonical\" href=\"https:\/\/mont-roig.cat\/es\/actualitat\/noticies\/renovacio-del-conveni-de-collaboracio-entre-lajuntament-de-mont-roig-del-camp-i-aprodisca\/\" \/>\n<meta property=\"og:locale\" content=\"es_ES\" \/>\n<meta property=\"og:type\" content=\"article\" \/>\n<meta property=\"og:title\" content=\"Renovaci\u00f3n del convenio de colaboraci\u00f3n entre el Ayuntamiento de Mont-roig del Camp y Aprodisca - Ajuntament de Mont-roig del Camp\" \/>\n<meta property=\"og:description\" content=\"El acuerdo permite mejorar la integraci\u00f3n y el apoyo a las personas con discapacidad intelectual y\/o con afectaci\u00f3n de la salud mental. El Ayuntamiento de Mont-roig del Camp y Aprodisca han renovado esta semana el convenio de colaboraci\u00f3n para continuar ofreciendo servicios de orientaci\u00f3n y asesoramiento a personas con discapacidad y a sus familias. Este [&hellip;]\" \/>\n<meta property=\"og:url\" content=\"https:\/\/mont-roig.cat\/es\/actualitat\/noticies\/renovacio-del-conveni-de-collaboracio-entre-lajuntament-de-mont-roig-del-camp-i-aprodisca\/\" \/>\n<meta property=\"og:site_name\" content=\"Ajuntament de Mont-roig del Camp\" \/>\n<meta property=\"article:published_time\" content=\"2024-07-16T15:17:11+00:00\" \/>\n<meta property=\"article:modified_time\" content=\"2024-07-16T15:26:49+00:00\" \/>\n<meta property=\"og:image\" content=\"https:\/\/mont-roig.cat\/wp-content\/uploads\/Convini.jpeg\" \/>\n\t<meta property=\"og:image:width\" content=\"1600\" \/>\n\t<meta property=\"og:image:height\" content=\"1200\" \/>\n\t<meta property=\"og:image:type\" content=\"image\/jpeg\" \/>\n<meta name=\"author\" content=\"comunicacio\" \/>\n<meta name=\"twitter:card\" content=\"summary_large_image\" \/>\n<meta name=\"twitter:label1\" content=\"Escrito por\" \/>\n\t<meta name=\"twitter:data1\" content=\"comunicacio\" \/>\n\t<meta name=\"twitter:label2\" content=\"Tiempo de lectura\" \/>\n\t<meta name=\"twitter:data2\" content=\"3 minutos\" \/>\n<script type=\"application\/ld+json\" class=\"yoast-schema-graph\">{\"@context\":\"https:\\\/\\\/schema.org\",\"@graph\":[{\"@type\":\"Article\",\"@id\":\"https:\\\/\\\/mont-roig.cat\\\/es\\\/actualitat\\\/noticies\\\/renovacio-del-conveni-de-collaboracio-entre-lajuntament-de-mont-roig-del-camp-i-aprodisca\\\/#article\",\"isPartOf\":{\"@id\":\"https:\\\/\\\/mont-roig.cat\\\/es\\\/actualitat\\\/noticies\\\/renovacio-del-conveni-de-collaboracio-entre-lajuntament-de-mont-roig-del-camp-i-aprodisca\\\/\"},\"author\":{\"name\":\"comunicacio\",\"@id\":\"https:\\\/\\\/mont-roig.cat\\\/es\\\/#\\\/schema\\\/person\\\/1f73e7b5e6f9dd122e8a6f14f310ac5e\"},\"headline\":\"Renovaci\u00f3n del convenio de colaboraci\u00f3n entre el Ayuntamiento de Mont-roig del Camp y Aprodisca\",\"datePublished\":\"2024-07-16T15:17:11+00:00\",\"dateModified\":\"2024-07-16T15:26:49+00:00\",\"mainEntityOfPage\":{\"@id\":\"https:\\\/\\\/mont-roig.cat\\\/es\\\/actualitat\\\/noticies\\\/renovacio-del-conveni-de-collaboracio-entre-lajuntament-de-mont-roig-del-camp-i-aprodisca\\\/\"},\"wordCount\":335,\"image\":{\"@id\":\"https:\\\/\\\/mont-roig.cat\\\/es\\\/actualitat\\\/noticies\\\/renovacio-del-conveni-de-collaboracio-entre-lajuntament-de-mont-roig-del-camp-i-aprodisca\\\/#primaryimage\"},\"thumbnailUrl\":\"https:\\\/\\\/mont-roig.cat\\\/wp-content\\\/uploads\\\/Convini.jpeg\",\"articleSection\":[\"Ayuntamiento\",\"Servicios sociales\"],\"inLanguage\":\"es\"},{\"@type\":\"WebPage\",\"@id\":\"https:\\\/\\\/mont-roig.cat\\\/es\\\/actualitat\\\/noticies\\\/renovacio-del-conveni-de-collaboracio-entre-lajuntament-de-mont-roig-del-camp-i-aprodisca\\\/\",\"url\":\"https:\\\/\\\/mont-roig.cat\\\/es\\\/actualitat\\\/noticies\\\/renovacio-del-conveni-de-collaboracio-entre-lajuntament-de-mont-roig-del-camp-i-aprodisca\\\/\",\"name\":\"Renovaci\u00f3n del convenio de colaboraci\u00f3n entre el Ayuntamiento de Mont-roig del Camp y Aprodisca - Ajuntament de Mont-roig del Camp\",\"isPartOf\":{\"@id\":\"https:\\\/\\\/mont-roig.cat\\\/es\\\/#website\"},\"primaryImageOfPage\":{\"@id\":\"https:\\\/\\\/mont-roig.cat\\\/es\\\/actualitat\\\/noticies\\\/renovacio-del-conveni-de-collaboracio-entre-lajuntament-de-mont-roig-del-camp-i-aprodisca\\\/#primaryimage\"},\"image\":{\"@id\":\"https:\\\/\\\/mont-roig.cat\\\/es\\\/actualitat\\\/noticies\\\/renovacio-del-conveni-de-collaboracio-entre-lajuntament-de-mont-roig-del-camp-i-aprodisca\\\/#primaryimage\"},\"thumbnailUrl\":\"https:\\\/\\\/mont-roig.cat\\\/wp-content\\\/uploads\\\/Convini.jpeg\",\"datePublished\":\"2024-07-16T15:17:11+00:00\",\"dateModified\":\"2024-07-16T15:26:49+00:00\",\"author\":{\"@id\":\"https:\\\/\\\/mont-roig.cat\\\/es\\\/#\\\/schema\\\/person\\\/1f73e7b5e6f9dd122e8a6f14f310ac5e\"},\"breadcrumb\":{\"@id\":\"https:\\\/\\\/mont-roig.cat\\\/es\\\/actualitat\\\/noticies\\\/renovacio-del-conveni-de-collaboracio-entre-lajuntament-de-mont-roig-del-camp-i-aprodisca\\\/#breadcrumb\"},\"inLanguage\":\"es\",\"potentialAction\":[{\"@type\":\"ReadAction\",\"target\":[\"https:\\\/\\\/mont-roig.cat\\\/es\\\/actualitat\\\/noticies\\\/renovacio-del-conveni-de-collaboracio-entre-lajuntament-de-mont-roig-del-camp-i-aprodisca\\\/\"]}]},{\"@type\":\"ImageObject\",\"inLanguage\":\"es\",\"@id\":\"https:\\\/\\\/mont-roig.cat\\\/es\\\/actualitat\\\/noticies\\\/renovacio-del-conveni-de-collaboracio-entre-lajuntament-de-mont-roig-del-camp-i-aprodisca\\\/#primaryimage\",\"url\":\"https:\\\/\\\/mont-roig.cat\\\/wp-content\\\/uploads\\\/Convini.jpeg\",\"contentUrl\":\"https:\\\/\\\/mont-roig.cat\\\/wp-content\\\/uploads\\\/Convini.jpeg\",\"width\":1600,\"height\":1200},{\"@type\":\"BreadcrumbList\",\"@id\":\"https:\\\/\\\/mont-roig.cat\\\/es\\\/actualitat\\\/noticies\\\/renovacio-del-conveni-de-collaboracio-entre-lajuntament-de-mont-roig-del-camp-i-aprodisca\\\/#breadcrumb\",\"itemListElement\":[{\"@type\":\"ListItem\",\"position\":1,\"name\":\"Inici\",\"item\":\"https:\\\/\\\/mont-roig.cat\\\/es\\\/pagina-de-inicio\\\/\"},{\"@type\":\"ListItem\",\"position\":2,\"name\":\"Renovaci\u00f3n del convenio de colaboraci\u00f3n entre el Ayuntamiento de Mont-roig del Camp y Aprodisca\"}]},{\"@type\":\"WebSite\",\"@id\":\"https:\\\/\\\/mont-roig.cat\\\/es\\\/#website\",\"url\":\"https:\\\/\\\/mont-roig.cat\\\/es\\\/\",\"name\":\"Ajuntament de Mont-roig del Camp\",\"description\":\"Tota la informaci\u00f3 sobre la instituci\u00f3, els seus \u00f2rgans de govern, actualitat, serveis i molt m\u00e9s.\",\"potentialAction\":[{\"@type\":\"SearchAction\",\"target\":{\"@type\":\"EntryPoint\",\"urlTemplate\":\"https:\\\/\\\/mont-roig.cat\\\/es\\\/?s={search_term_string}\"},\"query-input\":{\"@type\":\"PropertyValueSpecification\",\"valueRequired\":true,\"valueName\":\"search_term_string\"}}],\"inLanguage\":\"es\"},{\"@type\":\"Person\",\"@id\":\"https:\\\/\\\/mont-roig.cat\\\/es\\\/#\\\/schema\\\/person\\\/1f73e7b5e6f9dd122e8a6f14f310ac5e\",\"name\":\"comunicacio\",\"image\":{\"@type\":\"ImageObject\",\"inLanguage\":\"es\",\"@id\":\"https:\\\/\\\/secure.gravatar.com\\\/avatar\\\/98944333e7a877670a64f8d10f0cb680ab2c9ebc4efc43945ef004b52b5ad28c?s=96&d=mm&r=g\",\"url\":\"https:\\\/\\\/secure.gravatar.com\\\/avatar\\\/98944333e7a877670a64f8d10f0cb680ab2c9ebc4efc43945ef004b52b5ad28c?s=96&d=mm&r=g\",\"contentUrl\":\"https:\\\/\\\/secure.gravatar.com\\\/avatar\\\/98944333e7a877670a64f8d10f0cb680ab2c9ebc4efc43945ef004b52b5ad28c?s=96&d=mm&r=g\",\"caption\":\"comunicacio\"},\"url\":\"https:\\\/\\\/mont-roig.cat\\\/es\\\/actualitat\\\/noticies\\\/author\\\/comunicacio\\\/\"}]}<\/script>\n<!-- \/ Yoast SEO plugin. -->","yoast_head_json":{"title":"Renovaci\u00f3n del convenio de colaboraci\u00f3n entre el Ayuntamiento de Mont-roig del Camp y Aprodisca - Ajuntament de Mont-roig del Camp","robots":{"index":"index","follow":"follow","max-snippet":"max-snippet:-1","max-image-preview":"max-image-preview:large","max-video-preview":"max-video-preview:-1"},"canonical":"https:\/\/mont-roig.cat\/es\/actualitat\/noticies\/renovacio-del-conveni-de-collaboracio-entre-lajuntament-de-mont-roig-del-camp-i-aprodisca\/","og_locale":"es_ES","og_type":"article","og_title":"Renovaci\u00f3n del convenio de colaboraci\u00f3n entre el Ayuntamiento de Mont-roig del Camp y Aprodisca - Ajuntament de Mont-roig del Camp","og_description":"El acuerdo permite mejorar la integraci\u00f3n y el apoyo a las personas con discapacidad intelectual y\/o con afectaci\u00f3n de la salud mental. El Ayuntamiento de Mont-roig del Camp y Aprodisca han renovado esta semana el convenio de colaboraci\u00f3n para continuar ofreciendo servicios de orientaci\u00f3n y asesoramiento a personas con discapacidad y a sus familias. Este [&hellip;]","og_url":"https:\/\/mont-roig.cat\/es\/actualitat\/noticies\/renovacio-del-conveni-de-collaboracio-entre-lajuntament-de-mont-roig-del-camp-i-aprodisca\/","og_site_name":"Ajuntament de Mont-roig del Camp","article_published_time":"2024-07-16T15:17:11+00:00","article_modified_time":"2024-07-16T15:26:49+00:00","og_image":[{"width":1600,"height":1200,"url":"https:\/\/mont-roig.cat\/wp-content\/uploads\/Convini.jpeg","type":"image\/jpeg"}],"author":"comunicacio","twitter_card":"summary_large_image","twitter_misc":{"Escrito por":"comunicacio","Tiempo de lectura":"3 minutos"},"schema":{"@context":"https:\/\/schema.org","@graph":[{"@type":"Article","@id":"https:\/\/mont-roig.cat\/es\/actualitat\/noticies\/renovacio-del-conveni-de-collaboracio-entre-lajuntament-de-mont-roig-del-camp-i-aprodisca\/#article","isPartOf":{"@id":"https:\/\/mont-roig.cat\/es\/actualitat\/noticies\/renovacio-del-conveni-de-collaboracio-entre-lajuntament-de-mont-roig-del-camp-i-aprodisca\/"},"author":{"name":"comunicacio","@id":"https:\/\/mont-roig.cat\/es\/#\/schema\/person\/1f73e7b5e6f9dd122e8a6f14f310ac5e"},"headline":"Renovaci\u00f3n del convenio de colaboraci\u00f3n entre el Ayuntamiento de Mont-roig del Camp y Aprodisca","datePublished":"2024-07-16T15:17:11+00:00","dateModified":"2024-07-16T15:26:49+00:00","mainEntityOfPage":{"@id":"https:\/\/mont-roig.cat\/es\/actualitat\/noticies\/renovacio-del-conveni-de-collaboracio-entre-lajuntament-de-mont-roig-del-camp-i-aprodisca\/"},"wordCount":335,"image":{"@id":"https:\/\/mont-roig.cat\/es\/actualitat\/noticies\/renovacio-del-conveni-de-collaboracio-entre-lajuntament-de-mont-roig-del-camp-i-aprodisca\/#primaryimage"},"thumbnailUrl":"https:\/\/mont-roig.cat\/wp-content\/uploads\/Convini.jpeg","articleSection":["Ayuntamiento","Servicios sociales"],"inLanguage":"es"},{"@type":"WebPage","@id":"https:\/\/mont-roig.cat\/es\/actualitat\/noticies\/renovacio-del-conveni-de-collaboracio-entre-lajuntament-de-mont-roig-del-camp-i-aprodisca\/","url":"https:\/\/mont-roig.cat\/es\/actualitat\/noticies\/renovacio-del-conveni-de-collaboracio-entre-lajuntament-de-mont-roig-del-camp-i-aprodisca\/","name":"Renovaci\u00f3n del convenio de colaboraci\u00f3n entre el Ayuntamiento de Mont-roig del Camp y Aprodisca - Ajuntament de Mont-roig del Camp","isPartOf":{"@id":"https:\/\/mont-roig.cat\/es\/#website"},"primaryImageOfPage":{"@id":"https:\/\/mont-roig.cat\/es\/actualitat\/noticies\/renovacio-del-conveni-de-collaboracio-entre-lajuntament-de-mont-roig-del-camp-i-aprodisca\/#primaryimage"},"image":{"@id":"https:\/\/mont-roig.cat\/es\/actualitat\/noticies\/renovacio-del-conveni-de-collaboracio-entre-lajuntament-de-mont-roig-del-camp-i-aprodisca\/#primaryimage"},"thumbnailUrl":"https:\/\/mont-roig.cat\/wp-content\/uploads\/Convini.jpeg","datePublished":"2024-07-16T15:17:11+00:00","dateModified":"2024-07-16T15:26:49+00:00","author":{"@id":"https:\/\/mont-roig.cat\/es\/#\/schema\/person\/1f73e7b5e6f9dd122e8a6f14f310ac5e"},"breadcrumb":{"@id":"https:\/\/mont-roig.cat\/es\/actualitat\/noticies\/renovacio-del-conveni-de-collaboracio-entre-lajuntament-de-mont-roig-del-camp-i-aprodisca\/#breadcrumb"},"inLanguage":"es","potentialAction":[{"@type":"ReadAction","target":["https:\/\/mont-roig.cat\/es\/actualitat\/noticies\/renovacio-del-conveni-de-collaboracio-entre-lajuntament-de-mont-roig-del-camp-i-aprodisca\/"]}]},{"@type":"ImageObject","inLanguage":"es","@id":"https:\/\/mont-roig.cat\/es\/actualitat\/noticies\/renovacio-del-conveni-de-collaboracio-entre-lajuntament-de-mont-roig-del-camp-i-aprodisca\/#primaryimage","url":"https:\/\/mont-roig.cat\/wp-content\/uploads\/Convini.jpeg","contentUrl":"https:\/\/mont-roig.cat\/wp-content\/uploads\/Convini.jpeg","width":1600,"height":1200},{"@type":"BreadcrumbList","@id":"https:\/\/mont-roig.cat\/es\/actualitat\/noticies\/renovacio-del-conveni-de-collaboracio-entre-lajuntament-de-mont-roig-del-camp-i-aprodisca\/#breadcrumb","itemListElement":[{"@type":"ListItem","position":1,"name":"Inici","item":"https:\/\/mont-roig.cat\/es\/pagina-de-inicio\/"},{"@type":"ListItem","position":2,"name":"Renovaci\u00f3n del convenio de colaboraci\u00f3n entre el Ayuntamiento de Mont-roig del Camp y Aprodisca"}]},{"@type":"WebSite","@id":"https:\/\/mont-roig.cat\/es\/#website","url":"https:\/\/mont-roig.cat\/es\/","name":"Ajuntament de Mont-roig del Camp","description":"Tota la informaci\u00f3 sobre la instituci\u00f3, els seus \u00f2rgans de govern, actualitat, serveis i molt m\u00e9s.","potentialAction":[{"@type":"SearchAction","target":{"@type":"EntryPoint","urlTemplate":"https:\/\/mont-roig.cat\/es\/?s={search_term_string}"},"query-input":{"@type":"PropertyValueSpecification","valueRequired":true,"valueName":"search_term_string"}}],"inLanguage":"es"},{"@type":"Person","@id":"https:\/\/mont-roig.cat\/es\/#\/schema\/person\/1f73e7b5e6f9dd122e8a6f14f310ac5e","name":"comunicacio","image":{"@type":"ImageObject","inLanguage":"es","@id":"https:\/\/secure.gravatar.com\/avatar\/98944333e7a877670a64f8d10f0cb680ab2c9ebc4efc43945ef004b52b5ad28c?s=96&d=mm&r=g","url":"https:\/\/secure.gravatar.com\/avatar\/98944333e7a877670a64f8d10f0cb680ab2c9ebc4efc43945ef004b52b5ad28c?s=96&d=mm&r=g","contentUrl":"https:\/\/secure.gravatar.com\/avatar\/98944333e7a877670a64f8d10f0cb680ab2c9ebc4efc43945ef004b52b5ad28c?s=96&d=mm&r=g","caption":"comunicacio"},"url":"https:\/\/mont-roig.cat\/es\/actualitat\/noticies\/author\/comunicacio\/"}]}},"_links":{"self":[{"href":"https:\/\/mont-roig.cat\/es\/wp-json\/wp\/v2\/posts\/77631","targetHints":{"allow":["GET"]}}],"collection":[{"href":"https:\/\/mont-roig.cat\/es\/wp-json\/wp\/v2\/posts"}],"about":[{"href":"https:\/\/mont-roig.cat\/es\/wp-json\/wp\/v2\/types\/post"}],"author":[{"embeddable":true,"href":"https:\/\/mont-roig.cat\/es\/wp-json\/wp\/v2\/users\/13"}],"replies":[{"embeddable":true,"href":"https:\/\/mont-roig.cat\/es\/wp-json\/wp\/v2\/comments?post=77631"}],"version-history":[{"count":2,"href":"https:\/\/mont-roig.cat\/es\/wp-json\/wp\/v2\/posts\/77631\/revisions"}],"predecessor-version":[{"id":77633,"href":"https:\/\/mont-roig.cat\/es\/wp-json\/wp\/v2\/posts\/77631\/revisions\/77633"}],"wp:featuredmedia":[{"embeddable":true,"href":"https:\/\/mont-roig.cat\/es\/wp-json\/wp\/v2\/media\/77626"}],"wp:attachment":[{"href":"https:\/\/mont-roig.cat\/es\/wp-json\/wp\/v2\/media?parent=77631"}],"wp:term":[{"taxonomy":"category","embeddable":true,"href":"https:\/\/mont-roig.cat\/es\/wp-json\/wp\/v2\/categories?post=77631"},{"taxonomy":"post_tag","embeddable":true,"href":"https:\/\/mont-roig.cat\/es\/wp-json\/wp\/v2\/tags?post=77631"}],"curies":[{"name":"wp","href":"https:\/\/api.w.org\/{rel}","templated":true}]}}