{"id":77695,"date":"2024-07-22T14:45:20","date_gmt":"2024-07-22T12:45:20","guid":{"rendered":"https:\/\/mont-roig.cat\/actualitat\/noticies\/habilitats-els-moduls-de-pagament-dels-carregadors-semi-rapids-dus-public-per-a-vehicles-electrics\/"},"modified":"2025-10-02T13:48:15","modified_gmt":"2025-10-02T11:48:15","slug":"habilitados-los-modulos-de-pago-de-los-cargadores-semirrapidos-de-uso-publico-para-vehiculos-electricos","status":"publish","type":"post","link":"https:\/\/mont-roig.cat\/es\/actualitat\/noticies\/habilitados-los-modulos-de-pago-de-los-cargadores-semirrapidos-de-uso-publico-para-vehiculos-electricos\/","title":{"rendered":"Habilitados los m\u00f3dulos de pago de los cargadores semirr\u00e1pidos de uso p\u00fablico para veh\u00edculos el\u00e9ctricos"},"content":{"rendered":"<div class=\"wpb-content-wrapper\">[vc_row][vc_column][vc_column_text css=&#8221;&#8221;]\n<div id=\"attachment_77690\" style=\"width: 312px\" class=\"wp-caption alignright\"><a href=\"https:\/\/mont-roig.cat\/wp-content\/uploads\/carregadors-3-scaled.jpg\" target=\"_blank\" rel=\"noopener\"><img loading=\"lazy\" decoding=\"async\" aria-describedby=\"caption-attachment-77690\" class=\"wp-image-77690\" src=\"https:\/\/mont-roig.cat\/wp-content\/uploads\/carregadors-3-500x401.jpg\" alt=\"\" width=\"302\" height=\"242\" srcset=\"https:\/\/mont-roig.cat\/wp-content\/uploads\/carregadors-3-500x401.jpg 500w, https:\/\/mont-roig.cat\/wp-content\/uploads\/carregadors-3-1024x822.jpg 1024w, https:\/\/mont-roig.cat\/wp-content\/uploads\/carregadors-3-768x616.jpg 768w, https:\/\/mont-roig.cat\/wp-content\/uploads\/carregadors-3-1536x1233.jpg 1536w, https:\/\/mont-roig.cat\/wp-content\/uploads\/carregadors-3-scaled.jpg 2048w\" sizes=\"auto, (max-width: 302px) 100vw, 302px\" \/><\/a><p id=\"caption-attachment-77690\" class=\"wp-caption-text\">Uno de los cargadores instalados en Miami Platja.<\/p><\/div>\n<div class=\"flex flex-grow flex-col max-w-full\">\n<div class=\"min-h-[20px] text-message flex w-full flex-col items-end gap-2 whitespace-pre-wrap break-words [.text-message+&amp;]:mt-5 overflow-x-auto\" dir=\"auto\" data-message-author-role=\"assistant\" data-message-id=\"b120394b-2c61-4940-8184-53dffe71d3a1\">\n<div class=\"flex w-full flex-col gap-1 empty:hidden first:pt-[3px]\">\n<div class=\"markdown prose w-full break-words dark:prose-invert light\">\n<ul>\n<li><strong>El Ayuntamiento tambi\u00e9n ha procedido a la sustituci\u00f3n del antiguo cargador r\u00e1pido de 50kW de potencia, ubicado en la Avenida del Mar de Miami Platja<\/strong><\/li>\n<\/ul>\n<p>El Ayuntamiento de Mont-roig del Camp ha habilitado esta semana los m\u00f3dulos de pago de los cargadores semirr\u00e1pidos para veh\u00edculos el\u00e9ctricos de uso p\u00fablico, estableciendo un precio de 0,28\u20ac\/kWh en base a la ordenanza reguladora de los precios p\u00fablicos del servicio de recarga de veh\u00edculos el\u00e9ctricos.<\/p>\n<p>El tiempo m\u00e1ximo de recarga para este tipo de cargadores ser\u00e1 de 2 horas, cumpliendo as\u00ed con el reglamento regulador de este servicio. Toda la informaci\u00f3n sobre la ubicaci\u00f3n y disponibilidad de los equipos, as\u00ed como la activaci\u00f3n del servicio de recarga, se puede encontrar a trav\u00e9s de la aplicaci\u00f3n m\u00f3vil EVcharge.<\/p>\n<p>Por otro lado, el Ayuntamiento ha procedido a la sustituci\u00f3n del antiguo cargador r\u00e1pido de 50kW de potencia, ubicado en la Avenida del Mar de Miami Platja. Este ha sido reemplazado por un nuevo cargador semirr\u00e1pido con una potencia m\u00e1xima de carga de 44kW, distribuida en 22kW por cada una de las tomas disponibles.<\/p>\n<p>El nuevo cargador ya est\u00e1 operativo y puede ser utilizado por cualquier usuario del servicio mediante la app EVcharge, de la misma manera que el resto de cargadores de uso p\u00fablico del municipio.<\/p>\n<\/div>\n<\/div>\n<\/div>\n<\/div>\n<p><a href=\"https:\/\/mont-roig.cat\/wp-content\/uploads\/LOGOS-PSTD-ACTUALITZATS-scaled.png\"><img loading=\"lazy\" decoding=\"async\" class=\"wp-image-85908 size-medium alignleft\" src=\"https:\/\/mont-roig.cat\/wp-content\/uploads\/LOGOS-PSTD-ACTUALITZATS-500x67.png\" alt=\"\" width=\"500\" height=\"67\" srcset=\"https:\/\/mont-roig.cat\/wp-content\/uploads\/LOGOS-PSTD-ACTUALITZATS-500x67.png 500w, https:\/\/mont-roig.cat\/wp-content\/uploads\/LOGOS-PSTD-ACTUALITZATS-1024x137.png 1024w, https:\/\/mont-roig.cat\/wp-content\/uploads\/LOGOS-PSTD-ACTUALITZATS-768x103.png 768w, https:\/\/mont-roig.cat\/wp-content\/uploads\/LOGOS-PSTD-ACTUALITZATS-1536x205.png 1536w, https:\/\/mont-roig.cat\/wp-content\/uploads\/LOGOS-PSTD-ACTUALITZATS-scaled.png 2048w\" sizes=\"auto, (max-width: 500px) 100vw, 500px\" \/><\/a>[\/vc_column_text][\/vc_column][\/vc_row]\n<\/div>","protected":false},"excerpt":{"rendered":"<p>[vc_row][vc_column][vc_column_text css=&#8221;&#8221;] El Ayuntamiento tambi\u00e9n ha procedido a la sustituci\u00f3n del antiguo cargador r\u00e1pido de 50kW de potencia, ubicado en la Avenida del Mar de Miami Platja El Ayuntamiento de Mont-roig del Camp ha habilitado esta semana los m\u00f3dulos de pago de los cargadores semirr\u00e1pidos para veh\u00edculos el\u00e9ctricos de uso p\u00fablico, estableciendo un precio de [&hellip;]<\/p>\n","protected":false},"author":13,"featured_media":77691,"comment_status":"closed","ping_status":"closed","sticky":false,"template":"","format":"standard","meta":{"inline_featured_image":false,"_monsterinsights_skip_tracking":false,"_monsterinsights_sitenote_active":false,"_monsterinsights_sitenote_note":"","_monsterinsights_sitenote_category":0,"footnotes":""},"categories":[98,250,195],"tags":[],"class_list":["post-77695","post","type-post","status-publish","format-standard","has-post-thumbnail","hentry","category-ayuntamiento","category-pstd-es","category-transicio-energetica-i-ecologica-2-es"],"yoast_head":"<!-- This site is optimized with the Yoast SEO plugin v27.4 - https:\/\/yoast.com\/product\/yoast-seo-wordpress\/ -->\n<title>Habilitados los m\u00f3dulos de pago de los cargadores semirr\u00e1pidos de uso p\u00fablico para veh\u00edculos el\u00e9ctricos - Ajuntament de Mont-roig del Camp<\/title>\n<meta name=\"robots\" content=\"index, follow, max-snippet:-1, max-image-preview:large, max-video-preview:-1\" \/>\n<link rel=\"canonical\" href=\"https:\/\/mont-roig.cat\/es\/actualitat\/noticies\/habilitados-los-modulos-de-pago-de-los-cargadores-semirrapidos-de-uso-publico-para-vehiculos-electricos\/\" \/>\n<meta property=\"og:locale\" content=\"es_ES\" \/>\n<meta property=\"og:type\" content=\"article\" \/>\n<meta property=\"og:title\" content=\"Habilitados los m\u00f3dulos de pago de los cargadores semirr\u00e1pidos de uso p\u00fablico para veh\u00edculos el\u00e9ctricos - Ajuntament de Mont-roig del Camp\" \/>\n<meta property=\"og:description\" content=\"[vc_row][vc_column][vc_column_text css=&#8221;&#8221;] El Ayuntamiento tambi\u00e9n ha procedido a la sustituci\u00f3n del antiguo cargador r\u00e1pido de 50kW de potencia, ubicado en la Avenida del Mar de Miami Platja El Ayuntamiento de Mont-roig del Camp ha habilitado esta semana los m\u00f3dulos de pago de los cargadores semirr\u00e1pidos para veh\u00edculos el\u00e9ctricos de uso p\u00fablico, estableciendo un precio de [&hellip;]\" \/>\n<meta property=\"og:url\" content=\"https:\/\/mont-roig.cat\/es\/actualitat\/noticies\/habilitados-los-modulos-de-pago-de-los-cargadores-semirrapidos-de-uso-publico-para-vehiculos-electricos\/\" \/>\n<meta property=\"og:site_name\" content=\"Ajuntament de Mont-roig del Camp\" \/>\n<meta property=\"article:published_time\" content=\"2024-07-22T12:45:20+00:00\" \/>\n<meta property=\"article:modified_time\" content=\"2025-10-02T11:48:15+00:00\" \/>\n<meta property=\"og:image\" content=\"https:\/\/mont-roig.cat\/wp-content\/uploads\/carregadors-3-scaled.jpg\" \/>\n\t<meta property=\"og:image:width\" content=\"2048\" \/>\n\t<meta property=\"og:image:height\" content=\"1644\" \/>\n\t<meta property=\"og:image:type\" content=\"image\/jpeg\" \/>\n<meta name=\"author\" content=\"comunicacio\" \/>\n<meta name=\"twitter:card\" content=\"summary_large_image\" \/>\n<meta name=\"twitter:label1\" content=\"Escrito por\" \/>\n\t<meta name=\"twitter:data1\" content=\"comunicacio\" \/>\n\t<meta name=\"twitter:label2\" content=\"Tiempo de lectura\" \/>\n\t<meta name=\"twitter:data2\" content=\"2 minutos\" \/>\n<script type=\"application\/ld+json\" class=\"yoast-schema-graph\">{\"@context\":\"https:\\\/\\\/schema.org\",\"@graph\":[{\"@type\":\"Article\",\"@id\":\"https:\\\/\\\/mont-roig.cat\\\/es\\\/actualitat\\\/noticies\\\/habilitados-los-modulos-de-pago-de-los-cargadores-semirrapidos-de-uso-publico-para-vehiculos-electricos\\\/#article\",\"isPartOf\":{\"@id\":\"https:\\\/\\\/mont-roig.cat\\\/es\\\/actualitat\\\/noticies\\\/habilitados-los-modulos-de-pago-de-los-cargadores-semirrapidos-de-uso-publico-para-vehiculos-electricos\\\/\"},\"author\":{\"name\":\"comunicacio\",\"@id\":\"https:\\\/\\\/mont-roig.cat\\\/es\\\/#\\\/schema\\\/person\\\/1f73e7b5e6f9dd122e8a6f14f310ac5e\"},\"headline\":\"Habilitados los m\u00f3dulos de pago de los cargadores semirr\u00e1pidos de uso p\u00fablico para veh\u00edculos el\u00e9ctricos\",\"datePublished\":\"2024-07-22T12:45:20+00:00\",\"dateModified\":\"2025-10-02T11:48:15+00:00\",\"mainEntityOfPage\":{\"@id\":\"https:\\\/\\\/mont-roig.cat\\\/es\\\/actualitat\\\/noticies\\\/habilitados-los-modulos-de-pago-de-los-cargadores-semirrapidos-de-uso-publico-para-vehiculos-electricos\\\/\"},\"wordCount\":282,\"image\":{\"@id\":\"https:\\\/\\\/mont-roig.cat\\\/es\\\/actualitat\\\/noticies\\\/habilitados-los-modulos-de-pago-de-los-cargadores-semirrapidos-de-uso-publico-para-vehiculos-electricos\\\/#primaryimage\"},\"thumbnailUrl\":\"https:\\\/\\\/mont-roig.cat\\\/wp-content\\\/uploads\\\/carregadors-3-scaled.jpg\",\"articleSection\":[\"Ayuntamiento\",\"PSTD\",\"Transici\u00f3 Energ\u00e8tica i Ecol\u00f2gica\"],\"inLanguage\":\"es\"},{\"@type\":\"WebPage\",\"@id\":\"https:\\\/\\\/mont-roig.cat\\\/es\\\/actualitat\\\/noticies\\\/habilitados-los-modulos-de-pago-de-los-cargadores-semirrapidos-de-uso-publico-para-vehiculos-electricos\\\/\",\"url\":\"https:\\\/\\\/mont-roig.cat\\\/es\\\/actualitat\\\/noticies\\\/habilitados-los-modulos-de-pago-de-los-cargadores-semirrapidos-de-uso-publico-para-vehiculos-electricos\\\/\",\"name\":\"Habilitados los m\u00f3dulos de pago de los cargadores semirr\u00e1pidos de uso p\u00fablico para veh\u00edculos el\u00e9ctricos - Ajuntament de Mont-roig del Camp\",\"isPartOf\":{\"@id\":\"https:\\\/\\\/mont-roig.cat\\\/es\\\/#website\"},\"primaryImageOfPage\":{\"@id\":\"https:\\\/\\\/mont-roig.cat\\\/es\\\/actualitat\\\/noticies\\\/habilitados-los-modulos-de-pago-de-los-cargadores-semirrapidos-de-uso-publico-para-vehiculos-electricos\\\/#primaryimage\"},\"image\":{\"@id\":\"https:\\\/\\\/mont-roig.cat\\\/es\\\/actualitat\\\/noticies\\\/habilitados-los-modulos-de-pago-de-los-cargadores-semirrapidos-de-uso-publico-para-vehiculos-electricos\\\/#primaryimage\"},\"thumbnailUrl\":\"https:\\\/\\\/mont-roig.cat\\\/wp-content\\\/uploads\\\/carregadors-3-scaled.jpg\",\"datePublished\":\"2024-07-22T12:45:20+00:00\",\"dateModified\":\"2025-10-02T11:48:15+00:00\",\"author\":{\"@id\":\"https:\\\/\\\/mont-roig.cat\\\/es\\\/#\\\/schema\\\/person\\\/1f73e7b5e6f9dd122e8a6f14f310ac5e\"},\"breadcrumb\":{\"@id\":\"https:\\\/\\\/mont-roig.cat\\\/es\\\/actualitat\\\/noticies\\\/habilitados-los-modulos-de-pago-de-los-cargadores-semirrapidos-de-uso-publico-para-vehiculos-electricos\\\/#breadcrumb\"},\"inLanguage\":\"es\",\"potentialAction\":[{\"@type\":\"ReadAction\",\"target\":[\"https:\\\/\\\/mont-roig.cat\\\/es\\\/actualitat\\\/noticies\\\/habilitados-los-modulos-de-pago-de-los-cargadores-semirrapidos-de-uso-publico-para-vehiculos-electricos\\\/\"]}]},{\"@type\":\"ImageObject\",\"inLanguage\":\"es\",\"@id\":\"https:\\\/\\\/mont-roig.cat\\\/es\\\/actualitat\\\/noticies\\\/habilitados-los-modulos-de-pago-de-los-cargadores-semirrapidos-de-uso-publico-para-vehiculos-electricos\\\/#primaryimage\",\"url\":\"https:\\\/\\\/mont-roig.cat\\\/wp-content\\\/uploads\\\/carregadors-3-scaled.jpg\",\"contentUrl\":\"https:\\\/\\\/mont-roig.cat\\\/wp-content\\\/uploads\\\/carregadors-3-scaled.jpg\",\"width\":2048,\"height\":1644},{\"@type\":\"BreadcrumbList\",\"@id\":\"https:\\\/\\\/mont-roig.cat\\\/es\\\/actualitat\\\/noticies\\\/habilitados-los-modulos-de-pago-de-los-cargadores-semirrapidos-de-uso-publico-para-vehiculos-electricos\\\/#breadcrumb\",\"itemListElement\":[{\"@type\":\"ListItem\",\"position\":1,\"name\":\"Inici\",\"item\":\"https:\\\/\\\/mont-roig.cat\\\/es\\\/pagina-de-inicio\\\/\"},{\"@type\":\"ListItem\",\"position\":2,\"name\":\"Habilitados los m\u00f3dulos de pago de los cargadores semirr\u00e1pidos de uso p\u00fablico para veh\u00edculos el\u00e9ctricos\"}]},{\"@type\":\"WebSite\",\"@id\":\"https:\\\/\\\/mont-roig.cat\\\/es\\\/#website\",\"url\":\"https:\\\/\\\/mont-roig.cat\\\/es\\\/\",\"name\":\"Ajuntament de Mont-roig del Camp\",\"description\":\"Tota la informaci\u00f3 sobre la instituci\u00f3, els seus \u00f2rgans de govern, actualitat, serveis i molt m\u00e9s.\",\"potentialAction\":[{\"@type\":\"SearchAction\",\"target\":{\"@type\":\"EntryPoint\",\"urlTemplate\":\"https:\\\/\\\/mont-roig.cat\\\/es\\\/?s={search_term_string}\"},\"query-input\":{\"@type\":\"PropertyValueSpecification\",\"valueRequired\":true,\"valueName\":\"search_term_string\"}}],\"inLanguage\":\"es\"},{\"@type\":\"Person\",\"@id\":\"https:\\\/\\\/mont-roig.cat\\\/es\\\/#\\\/schema\\\/person\\\/1f73e7b5e6f9dd122e8a6f14f310ac5e\",\"name\":\"comunicacio\",\"image\":{\"@type\":\"ImageObject\",\"inLanguage\":\"es\",\"@id\":\"https:\\\/\\\/secure.gravatar.com\\\/avatar\\\/98944333e7a877670a64f8d10f0cb680ab2c9ebc4efc43945ef004b52b5ad28c?s=96&d=mm&r=g\",\"url\":\"https:\\\/\\\/secure.gravatar.com\\\/avatar\\\/98944333e7a877670a64f8d10f0cb680ab2c9ebc4efc43945ef004b52b5ad28c?s=96&d=mm&r=g\",\"contentUrl\":\"https:\\\/\\\/secure.gravatar.com\\\/avatar\\\/98944333e7a877670a64f8d10f0cb680ab2c9ebc4efc43945ef004b52b5ad28c?s=96&d=mm&r=g\",\"caption\":\"comunicacio\"},\"url\":\"https:\\\/\\\/mont-roig.cat\\\/es\\\/actualitat\\\/noticies\\\/author\\\/comunicacio\\\/\"}]}<\/script>\n<!-- \/ Yoast SEO plugin. -->","yoast_head_json":{"title":"Habilitados los m\u00f3dulos de pago de los cargadores semirr\u00e1pidos de uso p\u00fablico para veh\u00edculos el\u00e9ctricos - Ajuntament de Mont-roig del Camp","robots":{"index":"index","follow":"follow","max-snippet":"max-snippet:-1","max-image-preview":"max-image-preview:large","max-video-preview":"max-video-preview:-1"},"canonical":"https:\/\/mont-roig.cat\/es\/actualitat\/noticies\/habilitados-los-modulos-de-pago-de-los-cargadores-semirrapidos-de-uso-publico-para-vehiculos-electricos\/","og_locale":"es_ES","og_type":"article","og_title":"Habilitados los m\u00f3dulos de pago de los cargadores semirr\u00e1pidos de uso p\u00fablico para veh\u00edculos el\u00e9ctricos - Ajuntament de Mont-roig del Camp","og_description":"[vc_row][vc_column][vc_column_text css=&#8221;&#8221;] El Ayuntamiento tambi\u00e9n ha procedido a la sustituci\u00f3n del antiguo cargador r\u00e1pido de 50kW de potencia, ubicado en la Avenida del Mar de Miami Platja El Ayuntamiento de Mont-roig del Camp ha habilitado esta semana los m\u00f3dulos de pago de los cargadores semirr\u00e1pidos para veh\u00edculos el\u00e9ctricos de uso p\u00fablico, estableciendo un precio de [&hellip;]","og_url":"https:\/\/mont-roig.cat\/es\/actualitat\/noticies\/habilitados-los-modulos-de-pago-de-los-cargadores-semirrapidos-de-uso-publico-para-vehiculos-electricos\/","og_site_name":"Ajuntament de Mont-roig del Camp","article_published_time":"2024-07-22T12:45:20+00:00","article_modified_time":"2025-10-02T11:48:15+00:00","og_image":[{"width":2048,"height":1644,"url":"https:\/\/mont-roig.cat\/wp-content\/uploads\/carregadors-3-scaled.jpg","type":"image\/jpeg"}],"author":"comunicacio","twitter_card":"summary_large_image","twitter_misc":{"Escrito por":"comunicacio","Tiempo de lectura":"2 minutos"},"schema":{"@context":"https:\/\/schema.org","@graph":[{"@type":"Article","@id":"https:\/\/mont-roig.cat\/es\/actualitat\/noticies\/habilitados-los-modulos-de-pago-de-los-cargadores-semirrapidos-de-uso-publico-para-vehiculos-electricos\/#article","isPartOf":{"@id":"https:\/\/mont-roig.cat\/es\/actualitat\/noticies\/habilitados-los-modulos-de-pago-de-los-cargadores-semirrapidos-de-uso-publico-para-vehiculos-electricos\/"},"author":{"name":"comunicacio","@id":"https:\/\/mont-roig.cat\/es\/#\/schema\/person\/1f73e7b5e6f9dd122e8a6f14f310ac5e"},"headline":"Habilitados los m\u00f3dulos de pago de los cargadores semirr\u00e1pidos de uso p\u00fablico para veh\u00edculos el\u00e9ctricos","datePublished":"2024-07-22T12:45:20+00:00","dateModified":"2025-10-02T11:48:15+00:00","mainEntityOfPage":{"@id":"https:\/\/mont-roig.cat\/es\/actualitat\/noticies\/habilitados-los-modulos-de-pago-de-los-cargadores-semirrapidos-de-uso-publico-para-vehiculos-electricos\/"},"wordCount":282,"image":{"@id":"https:\/\/mont-roig.cat\/es\/actualitat\/noticies\/habilitados-los-modulos-de-pago-de-los-cargadores-semirrapidos-de-uso-publico-para-vehiculos-electricos\/#primaryimage"},"thumbnailUrl":"https:\/\/mont-roig.cat\/wp-content\/uploads\/carregadors-3-scaled.jpg","articleSection":["Ayuntamiento","PSTD","Transici\u00f3 Energ\u00e8tica i Ecol\u00f2gica"],"inLanguage":"es"},{"@type":"WebPage","@id":"https:\/\/mont-roig.cat\/es\/actualitat\/noticies\/habilitados-los-modulos-de-pago-de-los-cargadores-semirrapidos-de-uso-publico-para-vehiculos-electricos\/","url":"https:\/\/mont-roig.cat\/es\/actualitat\/noticies\/habilitados-los-modulos-de-pago-de-los-cargadores-semirrapidos-de-uso-publico-para-vehiculos-electricos\/","name":"Habilitados los m\u00f3dulos de pago de los cargadores semirr\u00e1pidos de uso p\u00fablico para veh\u00edculos el\u00e9ctricos - Ajuntament de Mont-roig del Camp","isPartOf":{"@id":"https:\/\/mont-roig.cat\/es\/#website"},"primaryImageOfPage":{"@id":"https:\/\/mont-roig.cat\/es\/actualitat\/noticies\/habilitados-los-modulos-de-pago-de-los-cargadores-semirrapidos-de-uso-publico-para-vehiculos-electricos\/#primaryimage"},"image":{"@id":"https:\/\/mont-roig.cat\/es\/actualitat\/noticies\/habilitados-los-modulos-de-pago-de-los-cargadores-semirrapidos-de-uso-publico-para-vehiculos-electricos\/#primaryimage"},"thumbnailUrl":"https:\/\/mont-roig.cat\/wp-content\/uploads\/carregadors-3-scaled.jpg","datePublished":"2024-07-22T12:45:20+00:00","dateModified":"2025-10-02T11:48:15+00:00","author":{"@id":"https:\/\/mont-roig.cat\/es\/#\/schema\/person\/1f73e7b5e6f9dd122e8a6f14f310ac5e"},"breadcrumb":{"@id":"https:\/\/mont-roig.cat\/es\/actualitat\/noticies\/habilitados-los-modulos-de-pago-de-los-cargadores-semirrapidos-de-uso-publico-para-vehiculos-electricos\/#breadcrumb"},"inLanguage":"es","potentialAction":[{"@type":"ReadAction","target":["https:\/\/mont-roig.cat\/es\/actualitat\/noticies\/habilitados-los-modulos-de-pago-de-los-cargadores-semirrapidos-de-uso-publico-para-vehiculos-electricos\/"]}]},{"@type":"ImageObject","inLanguage":"es","@id":"https:\/\/mont-roig.cat\/es\/actualitat\/noticies\/habilitados-los-modulos-de-pago-de-los-cargadores-semirrapidos-de-uso-publico-para-vehiculos-electricos\/#primaryimage","url":"https:\/\/mont-roig.cat\/wp-content\/uploads\/carregadors-3-scaled.jpg","contentUrl":"https:\/\/mont-roig.cat\/wp-content\/uploads\/carregadors-3-scaled.jpg","width":2048,"height":1644},{"@type":"BreadcrumbList","@id":"https:\/\/mont-roig.cat\/es\/actualitat\/noticies\/habilitados-los-modulos-de-pago-de-los-cargadores-semirrapidos-de-uso-publico-para-vehiculos-electricos\/#breadcrumb","itemListElement":[{"@type":"ListItem","position":1,"name":"Inici","item":"https:\/\/mont-roig.cat\/es\/pagina-de-inicio\/"},{"@type":"ListItem","position":2,"name":"Habilitados los m\u00f3dulos de pago de los cargadores semirr\u00e1pidos de uso p\u00fablico para veh\u00edculos el\u00e9ctricos"}]},{"@type":"WebSite","@id":"https:\/\/mont-roig.cat\/es\/#website","url":"https:\/\/mont-roig.cat\/es\/","name":"Ajuntament de Mont-roig del Camp","description":"Tota la informaci\u00f3 sobre la instituci\u00f3, els seus \u00f2rgans de govern, actualitat, serveis i molt m\u00e9s.","potentialAction":[{"@type":"SearchAction","target":{"@type":"EntryPoint","urlTemplate":"https:\/\/mont-roig.cat\/es\/?s={search_term_string}"},"query-input":{"@type":"PropertyValueSpecification","valueRequired":true,"valueName":"search_term_string"}}],"inLanguage":"es"},{"@type":"Person","@id":"https:\/\/mont-roig.cat\/es\/#\/schema\/person\/1f73e7b5e6f9dd122e8a6f14f310ac5e","name":"comunicacio","image":{"@type":"ImageObject","inLanguage":"es","@id":"https:\/\/secure.gravatar.com\/avatar\/98944333e7a877670a64f8d10f0cb680ab2c9ebc4efc43945ef004b52b5ad28c?s=96&d=mm&r=g","url":"https:\/\/secure.gravatar.com\/avatar\/98944333e7a877670a64f8d10f0cb680ab2c9ebc4efc43945ef004b52b5ad28c?s=96&d=mm&r=g","contentUrl":"https:\/\/secure.gravatar.com\/avatar\/98944333e7a877670a64f8d10f0cb680ab2c9ebc4efc43945ef004b52b5ad28c?s=96&d=mm&r=g","caption":"comunicacio"},"url":"https:\/\/mont-roig.cat\/es\/actualitat\/noticies\/author\/comunicacio\/"}]}},"_links":{"self":[{"href":"https:\/\/mont-roig.cat\/es\/wp-json\/wp\/v2\/posts\/77695","targetHints":{"allow":["GET"]}}],"collection":[{"href":"https:\/\/mont-roig.cat\/es\/wp-json\/wp\/v2\/posts"}],"about":[{"href":"https:\/\/mont-roig.cat\/es\/wp-json\/wp\/v2\/types\/post"}],"author":[{"embeddable":true,"href":"https:\/\/mont-roig.cat\/es\/wp-json\/wp\/v2\/users\/13"}],"replies":[{"embeddable":true,"href":"https:\/\/mont-roig.cat\/es\/wp-json\/wp\/v2\/comments?post=77695"}],"version-history":[{"count":4,"href":"https:\/\/mont-roig.cat\/es\/wp-json\/wp\/v2\/posts\/77695\/revisions"}],"predecessor-version":[{"id":85995,"href":"https:\/\/mont-roig.cat\/es\/wp-json\/wp\/v2\/posts\/77695\/revisions\/85995"}],"wp:featuredmedia":[{"embeddable":true,"href":"https:\/\/mont-roig.cat\/es\/wp-json\/wp\/v2\/media\/77691"}],"wp:attachment":[{"href":"https:\/\/mont-roig.cat\/es\/wp-json\/wp\/v2\/media?parent=77695"}],"wp:term":[{"taxonomy":"category","embeddable":true,"href":"https:\/\/mont-roig.cat\/es\/wp-json\/wp\/v2\/categories?post=77695"},{"taxonomy":"post_tag","embeddable":true,"href":"https:\/\/mont-roig.cat\/es\/wp-json\/wp\/v2\/tags?post=77695"}],"curies":[{"name":"wp","href":"https:\/\/api.w.org\/{rel}","templated":true}]}}