{"id":77826,"date":"2024-08-02T10:35:34","date_gmt":"2024-08-02T08:35:34","guid":{"rendered":"https:\/\/mont-roig.cat\/actualitat\/noticies\/gran-acollida-de-la-inauguracio-de-lexposicio-origen-amb-obres-de-joan-punyet-miro-i-de-marcel-aragones\/"},"modified":"2024-08-02T14:20:36","modified_gmt":"2024-08-02T12:20:36","slug":"gran-acogida-de-la-inauguracion-de-la-exposicion-origen-con-obras-de-joan-punyet-miro-y-de-marcel-aragones","status":"publish","type":"post","link":"https:\/\/mont-roig.cat\/es\/actualitat\/noticies\/gran-acogida-de-la-inauguracion-de-la-exposicion-origen-con-obras-de-joan-punyet-miro-y-de-marcel-aragones\/","title":{"rendered":"Gran acogida de la inauguraci\u00f3n de la exposici\u00f3n \u2018Origen\u2019, con obras de Joan Punyet Mir\u00f3 y de Marcel Aragon\u00e8s"},"content":{"rendered":"<div id=\"attachment_77821\" style=\"width: 310px\" class=\"wp-caption alignright\"><a href=\"https:\/\/mont-roig.cat\/wp-content\/uploads\/9898-1.jpg\" target=\"_blank\" rel=\"noopener\"><img loading=\"lazy\" decoding=\"async\" aria-describedby=\"caption-attachment-77821\" class=\"wp-image-77821\" src=\"https:\/\/mont-roig.cat\/wp-content\/uploads\/9898-1-500x375.jpg\" alt=\"\" width=\"300\" height=\"225\" srcset=\"https:\/\/mont-roig.cat\/wp-content\/uploads\/9898-1-500x375.jpg 500w, https:\/\/mont-roig.cat\/wp-content\/uploads\/9898-1-1024x768.jpg 1024w, https:\/\/mont-roig.cat\/wp-content\/uploads\/9898-1-768x576.jpg 768w, https:\/\/mont-roig.cat\/wp-content\/uploads\/9898-1-1536x1152.jpg 1536w, https:\/\/mont-roig.cat\/wp-content\/uploads\/9898-1-463x348.jpg 463w, https:\/\/mont-roig.cat\/wp-content\/uploads\/9898-1.jpg 1600w\" sizes=\"auto, (max-width: 300px) 100vw, 300px\" \/><\/a><p id=\"caption-attachment-77821\" class=\"wp-caption-text\">Inauguraci\u00f3n de la exposioci\u00f3n en el Centre Cultural Esgl\u00e9sia Vella.<\/p><\/div>\n<ul>\n<li><strong>\u00a0La muestra, que se podr\u00e1 ver hasta el 1 de septiembre en el Centre Cultural Esgl\u00e9sia Vella, cuenta tambi\u00e9n con las im\u00e1genes de la fot\u00f3grafa local Marcel\u00b7la Aguil\u00f3.<\/strong><\/li>\n<\/ul>\n<p>Este jueves por la tarde tuvo lugar la inauguraci\u00f3n de la exposici\u00f3n <em>Origen<\/em> en el Centre Cultural Esgl\u00e9sia Vella de Mont-roig del Camp. Esta muestra conjunta, obra de los artistas Joan Punyet Mir\u00f3 y Marcel Aragon\u00e8s Sabat\u00e9, se complementa con las fotograf\u00edas de Marcel\u00b7la Aguil\u00f3 Jordi, que documentan el proceso de creaci\u00f3n de las pinturas.<\/p>\n<p>El acto inaugural cont\u00f3 con la asistencia de los artistas, varias personalidades locales, y numerosos vecinos y vecinas de Mont-roig del Camp, que pudieron disfrutar de las fotograf\u00edas y de los cuadros coloridos de la exposici\u00f3n. Entre los asistentes se encontraban el alcalde Fran Morancho, la concejala de Cultura, Marimar Urisel, y otros concejales del Ayuntamiento de Mont-roig del Camp.<\/p>\n<p>La exposici\u00f3n, que se podr\u00e1 visitar durante todo el mes de agosto en el Centre Cultural Esgl\u00e9sia Vella, est\u00e1 formada por 18 obras abstractas creadas conjuntamente por Punyet y Aragon\u00e8s en este mismo espacio, un edificio renacentista documentado desde el siglo XII e inmortalizado por Joan Mir\u00f3 en su obra Mont-roig, la iglesia y el pueblo de 1919.<\/p>\n<p>Las obras, que han sido elaboradas con material del mismo municipio, como el agua de las playas de Mont-roig o la tierra cercana a la ermita de la Virgen de la Roca, se presentan en seis miniseries tituladas <em>Somnis, Foc, Magma, Gal\u00e0xia, Flama <\/em>y<em> Blau<\/em>. Punyet y Aragon\u00e8s han explicado que este proyecto les ha permitido sentirse &#8220;c\u00f3modos y libres hasta el punto de dejar atr\u00e1s los prejuicios&#8221;. Punyet afirm\u00f3 que &#8220;somos creadores a quienes les gusta rebelarse contra las normas que nos imponen. Tenemos el mismo esp\u00edritu y ahora hemos unido nuestra creatividad y nuestras ganas de hacer arte&#8221;.<\/p>\n<p>Esta exposici\u00f3n es un homenaje a las ra\u00edces de los dos artistas, a sus ancestros, y tambi\u00e9n a la tierra, la creaci\u00f3n y la vida. No es la primera vez que Punyet y Aragon\u00e8s colaboran; en 2023 presentaron una serie de obras a cuatro manos en la Galer\u00eda Marc Calzada de Barcelona con gran repercusi\u00f3n.<\/p>\n\n\t\t<!-- MasterSlider -->\n\t\t<div id=\"P_MS69f54d88a65c7\" class=\"master-slider-parent master-slider-gallery   ms-parent-id-0\"  >\n\n\t\t\t\n\t\t\t<!-- MasterSlider Main -->\n\t\t\t<div id=\"MS69f54d88a65c7\" class=\"master-slider ms-skin-default\" >\n\t\t\t\t \t\t\t\t \n\t\t\t<div  class=\"ms-slide\" data-delay=\"3\"    >\n\t\t\t\t\t<img decoding=\"async\" src=\"https:\/\/mont-roig.cat\/wp-content\/plugins\/masterslider\/public\/assets\/css\/blank.gif\" alt=\"6556\" title=\"6556\" data-src=\"https:\/\/mont-roig.cat\/wp-content\/uploadsArray\" \/>\n\t<a href=\"http:\/\/Array\" target=\"_self\"    >6556<\/a>\n\n\t\t\t\t\t<div class=\"ms-info\">6556<\/div>\n\n\n\t<img decoding=\"async\" class=\"ms-thumb\" src=\"https:\/\/mont-roig.cat\/wp-content\/uploadsArray\" alt=\"6556\" \/>\n\t\t\t\t<\/div>\n\t\t\t<div  class=\"ms-slide\" data-delay=\"3\"    >\n\t\t\t\t\t<img decoding=\"async\" src=\"https:\/\/mont-roig.cat\/wp-content\/plugins\/masterslider\/public\/assets\/css\/blank.gif\" alt=\"agag\" title=\"agag\" data-src=\"https:\/\/mont-roig.cat\/wp-content\/uploadsArray\" \/>\n\t<a href=\"http:\/\/Array\" target=\"_self\"    >agag<\/a>\n\n\t\t\t\t\t<div class=\"ms-info\">agag<\/div>\n\n\n\t<img decoding=\"async\" class=\"ms-thumb\" src=\"https:\/\/mont-roig.cat\/wp-content\/uploadsArray\" alt=\"agag\" \/>\n\t\t\t\t<\/div>\n\t\t\t<div  class=\"ms-slide\" data-delay=\"3\"    >\n\t\t\t\t\t<img decoding=\"async\" src=\"https:\/\/mont-roig.cat\/wp-content\/plugins\/masterslider\/public\/assets\/css\/blank.gif\" alt=\"000\" title=\"000\" data-src=\"https:\/\/mont-roig.cat\/wp-content\/uploadsArray\" \/>\n\t<a href=\"http:\/\/Array\" target=\"_self\"    >000<\/a>\n\n\t\t\t\t\t<div class=\"ms-info\">000<\/div>\n\n\n\t<img decoding=\"async\" class=\"ms-thumb\" src=\"https:\/\/mont-roig.cat\/wp-content\/uploadsArray\" alt=\"000\" \/>\n\t\t\t\t<\/div>\n\t\t\t<div  class=\"ms-slide\" data-delay=\"3\"    >\n\t\t\t\t\t<img decoding=\"async\" src=\"https:\/\/mont-roig.cat\/wp-content\/plugins\/masterslider\/public\/assets\/css\/blank.gif\" alt=\"Sin t\u00edtulo\" title=\"Sin t\u00edtulo\" data-src=\"https:\/\/mont-roig.cat\/wp-content\/uploadsArray\" \/>\n\t<a href=\"http:\/\/Array\" target=\"_self\"    >Sin t\u00edtulo<\/a>\n\n\t\t\t\t\t<div class=\"ms-info\">Sin t\u00edtulo<\/div>\n\n\n\t<img decoding=\"async\" class=\"ms-thumb\" src=\"https:\/\/mont-roig.cat\/wp-content\/uploadsArray\" alt=\"Sin t\u00edtulo\" \/>\n\t\t\t\t<\/div>\n\t\t\t<div  class=\"ms-slide\" data-delay=\"3\"    >\n\t\t\t\t\t<img decoding=\"async\" src=\"https:\/\/mont-roig.cat\/wp-content\/plugins\/masterslider\/public\/assets\/css\/blank.gif\" alt=\"ag\" title=\"ag\" data-src=\"https:\/\/mont-roig.cat\/wp-content\/uploadsArray\" \/>\n\t<a href=\"http:\/\/Array\" target=\"_self\"    >ag<\/a>\n\n\t\t\t\t\t<div class=\"ms-info\">ag<\/div>\n\n\n\t<img decoding=\"async\" class=\"ms-thumb\" src=\"https:\/\/mont-roig.cat\/wp-content\/uploadsArray\" alt=\"ag\" \/>\n\t\t\t\t<\/div>\n\t\t\t<div  class=\"ms-slide\" data-delay=\"3\"    >\n\t\t\t\t\t<img decoding=\"async\" src=\"https:\/\/mont-roig.cat\/wp-content\/plugins\/masterslider\/public\/assets\/css\/blank.gif\" alt=\"4545\" title=\"4545\" data-src=\"https:\/\/mont-roig.cat\/wp-content\/uploadsArray\" \/>\n\t<a href=\"http:\/\/Array\" target=\"_self\"    >4545<\/a>\n\n\t\t\t\t\t<div class=\"ms-info\">4545<\/div>\n\n\n\t<img decoding=\"async\" class=\"ms-thumb\" src=\"https:\/\/mont-roig.cat\/wp-content\/uploadsArray\" alt=\"4545\" \/>\n\t\t\t\t<\/div>\n\t\t\t<div  class=\"ms-slide\" data-delay=\"3\"    >\n\t\t\t\t\t<img decoding=\"async\" src=\"https:\/\/mont-roig.cat\/wp-content\/plugins\/masterslider\/public\/assets\/css\/blank.gif\" alt=\"7878\" title=\"7878\" data-src=\"https:\/\/mont-roig.cat\/wp-content\/uploadsArray\" \/>\n\t<a href=\"http:\/\/Array\" target=\"_self\"    >7878<\/a>\n\n\t\t\t\t\t<div class=\"ms-info\">7878<\/div>\n\n\n\t<img decoding=\"async\" class=\"ms-thumb\" src=\"https:\/\/mont-roig.cat\/wp-content\/uploadsArray\" alt=\"7878\" \/>\n\t\t\t\t<\/div>\n\t\t\t<div  class=\"ms-slide\" data-delay=\"3\"    >\n\t\t\t\t\t<img decoding=\"async\" src=\"https:\/\/mont-roig.cat\/wp-content\/plugins\/masterslider\/public\/assets\/css\/blank.gif\" alt=\"1234\" title=\"1234\" data-src=\"https:\/\/mont-roig.cat\/wp-content\/uploadsArray\" \/>\n\t<a href=\"http:\/\/Array\" target=\"_self\"    >1234<\/a>\n\n\t\t\t\t\t<div class=\"ms-info\">1234<\/div>\n\n\n\t<img decoding=\"async\" class=\"ms-thumb\" src=\"https:\/\/mont-roig.cat\/wp-content\/uploadsArray\" alt=\"1234\" \/>\n\t\t\t\t<\/div>\n\t\t\t<div  class=\"ms-slide\" data-delay=\"3\"    >\n\t\t\t\t\t<img decoding=\"async\" src=\"https:\/\/mont-roig.cat\/wp-content\/plugins\/masterslider\/public\/assets\/css\/blank.gif\" alt=\"ha\" title=\"ha\" data-src=\"https:\/\/mont-roig.cat\/wp-content\/uploadsArray\" \/>\n\t<a href=\"http:\/\/Array\" target=\"_self\"    >ha<\/a>\n\n\t\t\t\t\t<div class=\"ms-info\">ha<\/div>\n\n\n\t<img decoding=\"async\" class=\"ms-thumb\" src=\"https:\/\/mont-roig.cat\/wp-content\/uploadsArray\" alt=\"ha\" \/>\n\t\t\t\t<\/div>\n\n\t\t\t<\/div>\n\t\t\t<!-- END MasterSlider Main -->\n\n\t\t\t \n\t\t<\/div>\n\t\t<!-- END MasterSlider -->\n\n\t\t<script>\n\t\t( window.MSReady = window.MSReady || [] ).push( function( $ ) {\n\n\t\t\t\"use strict\";\n\t\t\tvar masterslider_65c7 = new MasterSlider();\n\n\t\t\t\/\/ slider controls\n\t\t\tmasterslider_65c7.control('arrows'     ,{ autohide:true, overVideo:true  });\n\t\t\tmasterslider_65c7.control('thumblist'  ,{ autohide:false, overVideo:true, dir:'h', speed:17, inset:false, arrows:false, hover:false, customClass:'', align:'bottom',type:'thumbs', margin:2, width:140, height:80, space:2, fillMode:'fill'  });\n\t\t\tmasterslider_65c7.control('slideinfo'  ,{ autohide:true, overVideo:true, dir:'h', align:'bottom',inset:true , margin:80  , size:30 });\n\t\t\t\/\/ slider setup\n\t\t\tmasterslider_65c7.setup(\"MS69f54d88a65c7\", {\n\t\t\t\twidth           : 960,\n\t\t\t\theight          : 540,\n\t\t\t\tminHeight       : 0,\n\t\t\t\tspace           : 0,\n\t\t\t\tstart           : 1,\n\t\t\t\tgrabCursor      : true,\n\t\t\t\tswipe           : true,\n\t\t\t\tmouse           : true,\n\t\t\t\tkeyboard        : false,\n\t\t\t\tlayout          : \"fillwidth\",\n\t\t\t\twheel           : false,\n\t\t\t\tautoplay        : false,\n                instantStartLayers:false,\n\t\t\t\tmobileBGVideo:false,\n\t\t\t\tloop            : false,\n\t\t\t\tshuffle         : false,\n\t\t\t\tpreload         : 3,\n\t\t\t\theightLimit     : false,\n\t\t\t\tautoHeight      : false,\n\t\t\t\tsmoothHeight    : true,\n\t\t\t\tendPause        : false,\n\t\t\t\toverPause       : false,\n\t\t\t\tfillMode        : \"fill\",\n\t\t\t\tcenterControls  : true,\n\t\t\t\tstartOnAppear   : false,\n\t\t\t\tlayersMode      : \"center\",\n\t\t\t\tautofillTarget  : \"\",\n\t\t\t\thideLayers      : false,\n\t\t\t\tfullscreenMargin: 0,\n\t\t\t\tspeed           : 17,\n\t\t\t\tdir             : \"h\",\n\t\t\t\tparallaxMode    : 'swipe',\n\t\t\t\tview            : \"basic\"\n\t\t\t});\n\n\t\t\t\n\t\t\twindow.masterslider_instances = window.masterslider_instances || [];\n\t\t\twindow.masterslider_instances.push( masterslider_65c7 );\n\t\t});\n\t\t<\/script>\n\n\n<p>&nbsp;<\/p>\n<p>&nbsp;<\/p>\n","protected":false},"excerpt":{"rendered":"<p>\u00a0La muestra, que se podr\u00e1 ver hasta el 1 de septiembre en el Centre Cultural Esgl\u00e9sia Vella, cuenta tambi\u00e9n con las im\u00e1genes de la fot\u00f3grafa local Marcel\u00b7la Aguil\u00f3. Este jueves por la tarde tuvo lugar la inauguraci\u00f3n de la exposici\u00f3n Origen en el Centre Cultural Esgl\u00e9sia Vella de Mont-roig del Camp. Esta muestra conjunta, obra [&hellip;]<\/p>\n","protected":false},"author":13,"featured_media":77822,"comment_status":"closed","ping_status":"closed","sticky":false,"template":"","format":"standard","meta":{"inline_featured_image":false,"_monsterinsights_skip_tracking":false,"_monsterinsights_sitenote_active":false,"_monsterinsights_sitenote_note":"","_monsterinsights_sitenote_category":0,"footnotes":""},"categories":[98,101],"tags":[],"class_list":["post-77826","post","type-post","status-publish","format-standard","has-post-thumbnail","hentry","category-ayuntamiento","category-cultura-es"],"yoast_head":"<!-- This site is optimized with the Yoast SEO plugin v27.4 - https:\/\/yoast.com\/product\/yoast-seo-wordpress\/ -->\n<title>Gran acogida de la inauguraci\u00f3n de la exposici\u00f3n \u2018Origen\u2019, con obras de Joan Punyet Mir\u00f3 y de Marcel Aragon\u00e8s - Ajuntament de Mont-roig del Camp<\/title>\n<meta name=\"robots\" content=\"index, follow, max-snippet:-1, max-image-preview:large, max-video-preview:-1\" \/>\n<link rel=\"canonical\" href=\"https:\/\/mont-roig.cat\/es\/actualitat\/noticies\/gran-acogida-de-la-inauguracion-de-la-exposicion-origen-con-obras-de-joan-punyet-miro-y-de-marcel-aragones\/\" \/>\n<meta property=\"og:locale\" content=\"es_ES\" \/>\n<meta property=\"og:type\" content=\"article\" \/>\n<meta property=\"og:title\" content=\"Gran acogida de la inauguraci\u00f3n de la exposici\u00f3n \u2018Origen\u2019, con obras de Joan Punyet Mir\u00f3 y de Marcel Aragon\u00e8s - Ajuntament de Mont-roig del Camp\" \/>\n<meta property=\"og:description\" content=\"\u00a0La muestra, que se podr\u00e1 ver hasta el 1 de septiembre en el Centre Cultural Esgl\u00e9sia Vella, cuenta tambi\u00e9n con las im\u00e1genes de la fot\u00f3grafa local Marcel\u00b7la Aguil\u00f3. Este jueves por la tarde tuvo lugar la inauguraci\u00f3n de la exposici\u00f3n Origen en el Centre Cultural Esgl\u00e9sia Vella de Mont-roig del Camp. Esta muestra conjunta, obra [&hellip;]\" \/>\n<meta property=\"og:url\" content=\"https:\/\/mont-roig.cat\/es\/actualitat\/noticies\/gran-acogida-de-la-inauguracion-de-la-exposicion-origen-con-obras-de-joan-punyet-miro-y-de-marcel-aragones\/\" \/>\n<meta property=\"og:site_name\" content=\"Ajuntament de Mont-roig del Camp\" \/>\n<meta property=\"article:published_time\" content=\"2024-08-02T08:35:34+00:00\" \/>\n<meta property=\"article:modified_time\" content=\"2024-08-02T12:20:36+00:00\" \/>\n<meta property=\"og:image\" content=\"https:\/\/mont-roig.cat\/wp-content\/uploads\/9898-1.jpg\" \/>\n\t<meta property=\"og:image:width\" content=\"1600\" \/>\n\t<meta property=\"og:image:height\" content=\"1200\" \/>\n\t<meta property=\"og:image:type\" content=\"image\/jpeg\" \/>\n<meta name=\"author\" content=\"comunicacio\" \/>\n<meta name=\"twitter:card\" content=\"summary_large_image\" \/>\n<meta name=\"twitter:label1\" content=\"Escrito por\" \/>\n\t<meta name=\"twitter:data1\" content=\"comunicacio\" \/>\n\t<meta name=\"twitter:label2\" content=\"Tiempo de lectura\" \/>\n\t<meta name=\"twitter:data2\" content=\"3 minutos\" \/>\n<script type=\"application\/ld+json\" class=\"yoast-schema-graph\">{\"@context\":\"https:\\\/\\\/schema.org\",\"@graph\":[{\"@type\":\"Article\",\"@id\":\"https:\\\/\\\/mont-roig.cat\\\/es\\\/actualitat\\\/noticies\\\/gran-acogida-de-la-inauguracion-de-la-exposicion-origen-con-obras-de-joan-punyet-miro-y-de-marcel-aragones\\\/#article\",\"isPartOf\":{\"@id\":\"https:\\\/\\\/mont-roig.cat\\\/es\\\/actualitat\\\/noticies\\\/gran-acogida-de-la-inauguracion-de-la-exposicion-origen-con-obras-de-joan-punyet-miro-y-de-marcel-aragones\\\/\"},\"author\":{\"name\":\"comunicacio\",\"@id\":\"https:\\\/\\\/mont-roig.cat\\\/es\\\/#\\\/schema\\\/person\\\/1f73e7b5e6f9dd122e8a6f14f310ac5e\"},\"headline\":\"Gran acogida de la inauguraci\u00f3n de la exposici\u00f3n \u2018Origen\u2019, con obras de Joan Punyet Mir\u00f3 y de Marcel Aragon\u00e8s\",\"datePublished\":\"2024-08-02T08:35:34+00:00\",\"dateModified\":\"2024-08-02T12:20:36+00:00\",\"mainEntityOfPage\":{\"@id\":\"https:\\\/\\\/mont-roig.cat\\\/es\\\/actualitat\\\/noticies\\\/gran-acogida-de-la-inauguracion-de-la-exposicion-origen-con-obras-de-joan-punyet-miro-y-de-marcel-aragones\\\/\"},\"wordCount\":435,\"image\":{\"@id\":\"https:\\\/\\\/mont-roig.cat\\\/es\\\/actualitat\\\/noticies\\\/gran-acogida-de-la-inauguracion-de-la-exposicion-origen-con-obras-de-joan-punyet-miro-y-de-marcel-aragones\\\/#primaryimage\"},\"thumbnailUrl\":\"https:\\\/\\\/mont-roig.cat\\\/wp-content\\\/uploads\\\/9898-1.jpg\",\"articleSection\":[\"Ayuntamiento\",\"Cultura\"],\"inLanguage\":\"es\"},{\"@type\":\"WebPage\",\"@id\":\"https:\\\/\\\/mont-roig.cat\\\/es\\\/actualitat\\\/noticies\\\/gran-acogida-de-la-inauguracion-de-la-exposicion-origen-con-obras-de-joan-punyet-miro-y-de-marcel-aragones\\\/\",\"url\":\"https:\\\/\\\/mont-roig.cat\\\/es\\\/actualitat\\\/noticies\\\/gran-acogida-de-la-inauguracion-de-la-exposicion-origen-con-obras-de-joan-punyet-miro-y-de-marcel-aragones\\\/\",\"name\":\"Gran acogida de la inauguraci\u00f3n de la exposici\u00f3n \u2018Origen\u2019, con obras de Joan Punyet Mir\u00f3 y de Marcel Aragon\u00e8s - Ajuntament de Mont-roig del Camp\",\"isPartOf\":{\"@id\":\"https:\\\/\\\/mont-roig.cat\\\/es\\\/#website\"},\"primaryImageOfPage\":{\"@id\":\"https:\\\/\\\/mont-roig.cat\\\/es\\\/actualitat\\\/noticies\\\/gran-acogida-de-la-inauguracion-de-la-exposicion-origen-con-obras-de-joan-punyet-miro-y-de-marcel-aragones\\\/#primaryimage\"},\"image\":{\"@id\":\"https:\\\/\\\/mont-roig.cat\\\/es\\\/actualitat\\\/noticies\\\/gran-acogida-de-la-inauguracion-de-la-exposicion-origen-con-obras-de-joan-punyet-miro-y-de-marcel-aragones\\\/#primaryimage\"},\"thumbnailUrl\":\"https:\\\/\\\/mont-roig.cat\\\/wp-content\\\/uploads\\\/9898-1.jpg\",\"datePublished\":\"2024-08-02T08:35:34+00:00\",\"dateModified\":\"2024-08-02T12:20:36+00:00\",\"author\":{\"@id\":\"https:\\\/\\\/mont-roig.cat\\\/es\\\/#\\\/schema\\\/person\\\/1f73e7b5e6f9dd122e8a6f14f310ac5e\"},\"breadcrumb\":{\"@id\":\"https:\\\/\\\/mont-roig.cat\\\/es\\\/actualitat\\\/noticies\\\/gran-acogida-de-la-inauguracion-de-la-exposicion-origen-con-obras-de-joan-punyet-miro-y-de-marcel-aragones\\\/#breadcrumb\"},\"inLanguage\":\"es\",\"potentialAction\":[{\"@type\":\"ReadAction\",\"target\":[\"https:\\\/\\\/mont-roig.cat\\\/es\\\/actualitat\\\/noticies\\\/gran-acogida-de-la-inauguracion-de-la-exposicion-origen-con-obras-de-joan-punyet-miro-y-de-marcel-aragones\\\/\"]}]},{\"@type\":\"ImageObject\",\"inLanguage\":\"es\",\"@id\":\"https:\\\/\\\/mont-roig.cat\\\/es\\\/actualitat\\\/noticies\\\/gran-acogida-de-la-inauguracion-de-la-exposicion-origen-con-obras-de-joan-punyet-miro-y-de-marcel-aragones\\\/#primaryimage\",\"url\":\"https:\\\/\\\/mont-roig.cat\\\/wp-content\\\/uploads\\\/9898-1.jpg\",\"contentUrl\":\"https:\\\/\\\/mont-roig.cat\\\/wp-content\\\/uploads\\\/9898-1.jpg\",\"width\":1600,\"height\":1200},{\"@type\":\"BreadcrumbList\",\"@id\":\"https:\\\/\\\/mont-roig.cat\\\/es\\\/actualitat\\\/noticies\\\/gran-acogida-de-la-inauguracion-de-la-exposicion-origen-con-obras-de-joan-punyet-miro-y-de-marcel-aragones\\\/#breadcrumb\",\"itemListElement\":[{\"@type\":\"ListItem\",\"position\":1,\"name\":\"Inici\",\"item\":\"https:\\\/\\\/mont-roig.cat\\\/es\\\/pagina-de-inicio\\\/\"},{\"@type\":\"ListItem\",\"position\":2,\"name\":\"Gran acogida de la inauguraci\u00f3n de la exposici\u00f3n \u2018Origen\u2019, con obras de Joan Punyet Mir\u00f3 y de Marcel Aragon\u00e8s\"}]},{\"@type\":\"WebSite\",\"@id\":\"https:\\\/\\\/mont-roig.cat\\\/es\\\/#website\",\"url\":\"https:\\\/\\\/mont-roig.cat\\\/es\\\/\",\"name\":\"Ajuntament de Mont-roig del Camp\",\"description\":\"Tota la informaci\u00f3 sobre la instituci\u00f3, els seus \u00f2rgans de govern, actualitat, serveis i molt m\u00e9s.\",\"potentialAction\":[{\"@type\":\"SearchAction\",\"target\":{\"@type\":\"EntryPoint\",\"urlTemplate\":\"https:\\\/\\\/mont-roig.cat\\\/es\\\/?s={search_term_string}\"},\"query-input\":{\"@type\":\"PropertyValueSpecification\",\"valueRequired\":true,\"valueName\":\"search_term_string\"}}],\"inLanguage\":\"es\"},{\"@type\":\"Person\",\"@id\":\"https:\\\/\\\/mont-roig.cat\\\/es\\\/#\\\/schema\\\/person\\\/1f73e7b5e6f9dd122e8a6f14f310ac5e\",\"name\":\"comunicacio\",\"image\":{\"@type\":\"ImageObject\",\"inLanguage\":\"es\",\"@id\":\"https:\\\/\\\/secure.gravatar.com\\\/avatar\\\/98944333e7a877670a64f8d10f0cb680ab2c9ebc4efc43945ef004b52b5ad28c?s=96&d=mm&r=g\",\"url\":\"https:\\\/\\\/secure.gravatar.com\\\/avatar\\\/98944333e7a877670a64f8d10f0cb680ab2c9ebc4efc43945ef004b52b5ad28c?s=96&d=mm&r=g\",\"contentUrl\":\"https:\\\/\\\/secure.gravatar.com\\\/avatar\\\/98944333e7a877670a64f8d10f0cb680ab2c9ebc4efc43945ef004b52b5ad28c?s=96&d=mm&r=g\",\"caption\":\"comunicacio\"},\"url\":\"https:\\\/\\\/mont-roig.cat\\\/es\\\/actualitat\\\/noticies\\\/author\\\/comunicacio\\\/\"}]}<\/script>\n<!-- \/ Yoast SEO plugin. -->","yoast_head_json":{"title":"Gran acogida de la inauguraci\u00f3n de la exposici\u00f3n \u2018Origen\u2019, con obras de Joan Punyet Mir\u00f3 y de Marcel Aragon\u00e8s - Ajuntament de Mont-roig del Camp","robots":{"index":"index","follow":"follow","max-snippet":"max-snippet:-1","max-image-preview":"max-image-preview:large","max-video-preview":"max-video-preview:-1"},"canonical":"https:\/\/mont-roig.cat\/es\/actualitat\/noticies\/gran-acogida-de-la-inauguracion-de-la-exposicion-origen-con-obras-de-joan-punyet-miro-y-de-marcel-aragones\/","og_locale":"es_ES","og_type":"article","og_title":"Gran acogida de la inauguraci\u00f3n de la exposici\u00f3n \u2018Origen\u2019, con obras de Joan Punyet Mir\u00f3 y de Marcel Aragon\u00e8s - Ajuntament de Mont-roig del Camp","og_description":"\u00a0La muestra, que se podr\u00e1 ver hasta el 1 de septiembre en el Centre Cultural Esgl\u00e9sia Vella, cuenta tambi\u00e9n con las im\u00e1genes de la fot\u00f3grafa local Marcel\u00b7la Aguil\u00f3. Este jueves por la tarde tuvo lugar la inauguraci\u00f3n de la exposici\u00f3n Origen en el Centre Cultural Esgl\u00e9sia Vella de Mont-roig del Camp. Esta muestra conjunta, obra [&hellip;]","og_url":"https:\/\/mont-roig.cat\/es\/actualitat\/noticies\/gran-acogida-de-la-inauguracion-de-la-exposicion-origen-con-obras-de-joan-punyet-miro-y-de-marcel-aragones\/","og_site_name":"Ajuntament de Mont-roig del Camp","article_published_time":"2024-08-02T08:35:34+00:00","article_modified_time":"2024-08-02T12:20:36+00:00","og_image":[{"width":1600,"height":1200,"url":"https:\/\/mont-roig.cat\/wp-content\/uploads\/9898-1.jpg","type":"image\/jpeg"}],"author":"comunicacio","twitter_card":"summary_large_image","twitter_misc":{"Escrito por":"comunicacio","Tiempo de lectura":"3 minutos"},"schema":{"@context":"https:\/\/schema.org","@graph":[{"@type":"Article","@id":"https:\/\/mont-roig.cat\/es\/actualitat\/noticies\/gran-acogida-de-la-inauguracion-de-la-exposicion-origen-con-obras-de-joan-punyet-miro-y-de-marcel-aragones\/#article","isPartOf":{"@id":"https:\/\/mont-roig.cat\/es\/actualitat\/noticies\/gran-acogida-de-la-inauguracion-de-la-exposicion-origen-con-obras-de-joan-punyet-miro-y-de-marcel-aragones\/"},"author":{"name":"comunicacio","@id":"https:\/\/mont-roig.cat\/es\/#\/schema\/person\/1f73e7b5e6f9dd122e8a6f14f310ac5e"},"headline":"Gran acogida de la inauguraci\u00f3n de la exposici\u00f3n \u2018Origen\u2019, con obras de Joan Punyet Mir\u00f3 y de Marcel Aragon\u00e8s","datePublished":"2024-08-02T08:35:34+00:00","dateModified":"2024-08-02T12:20:36+00:00","mainEntityOfPage":{"@id":"https:\/\/mont-roig.cat\/es\/actualitat\/noticies\/gran-acogida-de-la-inauguracion-de-la-exposicion-origen-con-obras-de-joan-punyet-miro-y-de-marcel-aragones\/"},"wordCount":435,"image":{"@id":"https:\/\/mont-roig.cat\/es\/actualitat\/noticies\/gran-acogida-de-la-inauguracion-de-la-exposicion-origen-con-obras-de-joan-punyet-miro-y-de-marcel-aragones\/#primaryimage"},"thumbnailUrl":"https:\/\/mont-roig.cat\/wp-content\/uploads\/9898-1.jpg","articleSection":["Ayuntamiento","Cultura"],"inLanguage":"es"},{"@type":"WebPage","@id":"https:\/\/mont-roig.cat\/es\/actualitat\/noticies\/gran-acogida-de-la-inauguracion-de-la-exposicion-origen-con-obras-de-joan-punyet-miro-y-de-marcel-aragones\/","url":"https:\/\/mont-roig.cat\/es\/actualitat\/noticies\/gran-acogida-de-la-inauguracion-de-la-exposicion-origen-con-obras-de-joan-punyet-miro-y-de-marcel-aragones\/","name":"Gran acogida de la inauguraci\u00f3n de la exposici\u00f3n \u2018Origen\u2019, con obras de Joan Punyet Mir\u00f3 y de Marcel Aragon\u00e8s - Ajuntament de Mont-roig del Camp","isPartOf":{"@id":"https:\/\/mont-roig.cat\/es\/#website"},"primaryImageOfPage":{"@id":"https:\/\/mont-roig.cat\/es\/actualitat\/noticies\/gran-acogida-de-la-inauguracion-de-la-exposicion-origen-con-obras-de-joan-punyet-miro-y-de-marcel-aragones\/#primaryimage"},"image":{"@id":"https:\/\/mont-roig.cat\/es\/actualitat\/noticies\/gran-acogida-de-la-inauguracion-de-la-exposicion-origen-con-obras-de-joan-punyet-miro-y-de-marcel-aragones\/#primaryimage"},"thumbnailUrl":"https:\/\/mont-roig.cat\/wp-content\/uploads\/9898-1.jpg","datePublished":"2024-08-02T08:35:34+00:00","dateModified":"2024-08-02T12:20:36+00:00","author":{"@id":"https:\/\/mont-roig.cat\/es\/#\/schema\/person\/1f73e7b5e6f9dd122e8a6f14f310ac5e"},"breadcrumb":{"@id":"https:\/\/mont-roig.cat\/es\/actualitat\/noticies\/gran-acogida-de-la-inauguracion-de-la-exposicion-origen-con-obras-de-joan-punyet-miro-y-de-marcel-aragones\/#breadcrumb"},"inLanguage":"es","potentialAction":[{"@type":"ReadAction","target":["https:\/\/mont-roig.cat\/es\/actualitat\/noticies\/gran-acogida-de-la-inauguracion-de-la-exposicion-origen-con-obras-de-joan-punyet-miro-y-de-marcel-aragones\/"]}]},{"@type":"ImageObject","inLanguage":"es","@id":"https:\/\/mont-roig.cat\/es\/actualitat\/noticies\/gran-acogida-de-la-inauguracion-de-la-exposicion-origen-con-obras-de-joan-punyet-miro-y-de-marcel-aragones\/#primaryimage","url":"https:\/\/mont-roig.cat\/wp-content\/uploads\/9898-1.jpg","contentUrl":"https:\/\/mont-roig.cat\/wp-content\/uploads\/9898-1.jpg","width":1600,"height":1200},{"@type":"BreadcrumbList","@id":"https:\/\/mont-roig.cat\/es\/actualitat\/noticies\/gran-acogida-de-la-inauguracion-de-la-exposicion-origen-con-obras-de-joan-punyet-miro-y-de-marcel-aragones\/#breadcrumb","itemListElement":[{"@type":"ListItem","position":1,"name":"Inici","item":"https:\/\/mont-roig.cat\/es\/pagina-de-inicio\/"},{"@type":"ListItem","position":2,"name":"Gran acogida de la inauguraci\u00f3n de la exposici\u00f3n \u2018Origen\u2019, con obras de Joan Punyet Mir\u00f3 y de Marcel Aragon\u00e8s"}]},{"@type":"WebSite","@id":"https:\/\/mont-roig.cat\/es\/#website","url":"https:\/\/mont-roig.cat\/es\/","name":"Ajuntament de Mont-roig del Camp","description":"Tota la informaci\u00f3 sobre la instituci\u00f3, els seus \u00f2rgans de govern, actualitat, serveis i molt m\u00e9s.","potentialAction":[{"@type":"SearchAction","target":{"@type":"EntryPoint","urlTemplate":"https:\/\/mont-roig.cat\/es\/?s={search_term_string}"},"query-input":{"@type":"PropertyValueSpecification","valueRequired":true,"valueName":"search_term_string"}}],"inLanguage":"es"},{"@type":"Person","@id":"https:\/\/mont-roig.cat\/es\/#\/schema\/person\/1f73e7b5e6f9dd122e8a6f14f310ac5e","name":"comunicacio","image":{"@type":"ImageObject","inLanguage":"es","@id":"https:\/\/secure.gravatar.com\/avatar\/98944333e7a877670a64f8d10f0cb680ab2c9ebc4efc43945ef004b52b5ad28c?s=96&d=mm&r=g","url":"https:\/\/secure.gravatar.com\/avatar\/98944333e7a877670a64f8d10f0cb680ab2c9ebc4efc43945ef004b52b5ad28c?s=96&d=mm&r=g","contentUrl":"https:\/\/secure.gravatar.com\/avatar\/98944333e7a877670a64f8d10f0cb680ab2c9ebc4efc43945ef004b52b5ad28c?s=96&d=mm&r=g","caption":"comunicacio"},"url":"https:\/\/mont-roig.cat\/es\/actualitat\/noticies\/author\/comunicacio\/"}]}},"_links":{"self":[{"href":"https:\/\/mont-roig.cat\/es\/wp-json\/wp\/v2\/posts\/77826","targetHints":{"allow":["GET"]}}],"collection":[{"href":"https:\/\/mont-roig.cat\/es\/wp-json\/wp\/v2\/posts"}],"about":[{"href":"https:\/\/mont-roig.cat\/es\/wp-json\/wp\/v2\/types\/post"}],"author":[{"embeddable":true,"href":"https:\/\/mont-roig.cat\/es\/wp-json\/wp\/v2\/users\/13"}],"replies":[{"embeddable":true,"href":"https:\/\/mont-roig.cat\/es\/wp-json\/wp\/v2\/comments?post=77826"}],"version-history":[{"count":3,"href":"https:\/\/mont-roig.cat\/es\/wp-json\/wp\/v2\/posts\/77826\/revisions"}],"predecessor-version":[{"id":77829,"href":"https:\/\/mont-roig.cat\/es\/wp-json\/wp\/v2\/posts\/77826\/revisions\/77829"}],"wp:featuredmedia":[{"embeddable":true,"href":"https:\/\/mont-roig.cat\/es\/wp-json\/wp\/v2\/media\/77822"}],"wp:attachment":[{"href":"https:\/\/mont-roig.cat\/es\/wp-json\/wp\/v2\/media?parent=77826"}],"wp:term":[{"taxonomy":"category","embeddable":true,"href":"https:\/\/mont-roig.cat\/es\/wp-json\/wp\/v2\/categories?post=77826"},{"taxonomy":"post_tag","embeddable":true,"href":"https:\/\/mont-roig.cat\/es\/wp-json\/wp\/v2\/tags?post=77826"}],"curies":[{"name":"wp","href":"https:\/\/api.w.org\/{rel}","templated":true}]}}