{"id":78051,"date":"2024-08-21T10:04:52","date_gmt":"2024-08-21T08:04:52","guid":{"rendered":"https:\/\/mont-roig.cat\/actualitat\/noticies\/nou-cartell-amb-elements-tradicionals-i-de-cultura-popular-per-donar-la-benvinguda-a-mont-roig-del-camp\/"},"modified":"2024-08-21T10:07:29","modified_gmt":"2024-08-21T08:07:29","slug":"nou-cartell-amb-elements-tradicionals-i-de-cultura-popular-per-donar-la-benvinguda-a-mont-roig-del-camp","status":"publish","type":"post","link":"https:\/\/mont-roig.cat\/es\/actualitat\/noticies\/nou-cartell-amb-elements-tradicionals-i-de-cultura-popular-per-donar-la-benvinguda-a-mont-roig-del-camp\/","title":{"rendered":"Nuevo cartel con elementos tradicionales y de cultura popular para dar la bienvenida a Mont-roig del Camp"},"content":{"rendered":"<p><strong><strong><a href=\"https:\/\/mont-roig.cat\/wp-content\/uploads\/20240723_142027-scaled.jpg\" target=\"_blank\" rel=\"noopener\"><img loading=\"lazy\" decoding=\"async\" class=\"alignright wp-image-78047\" src=\"https:\/\/mont-roig.cat\/wp-content\/uploads\/20240723_142027-500x375.jpg\" alt=\"\" width=\"307\" height=\"230\" srcset=\"https:\/\/mont-roig.cat\/wp-content\/uploads\/20240723_142027-500x375.jpg 500w, https:\/\/mont-roig.cat\/wp-content\/uploads\/20240723_142027-1024x768.jpg 1024w, https:\/\/mont-roig.cat\/wp-content\/uploads\/20240723_142027-768x576.jpg 768w, https:\/\/mont-roig.cat\/wp-content\/uploads\/20240723_142027-1536x1152.jpg 1536w, https:\/\/mont-roig.cat\/wp-content\/uploads\/20240723_142027-scaled.jpg 2048w, https:\/\/mont-roig.cat\/wp-content\/uploads\/20240723_142027-463x348.jpg 463w\" sizes=\"auto, (max-width: 307px) 100vw, 307px\" \/><\/a><\/strong><\/strong><\/p>\n<ul>\n<li><strong>Instalado en la Avenida de Reus, a la altura de los Set Ponts, incorpora a los gigantes como s\u00edmbolo distintivo de la poblaci\u00f3n<\/strong><\/li>\n<\/ul>\n<p>El Ayuntamiento de Mont-roig del Camp, a trav\u00e9s de la empresa Nostreserveis, ha instalado un nuevo cartel destinado a dar la bienvenida a los vecinos, vecinas y visitantes del municipio. Este cartel se ha colocado recientemente en la entrada de la Avenida de Reus, a la altura de los Set Ponts , en una ubicaci\u00f3n estrat\u00e9gica que destaca por ser uno de los principales accesos al pueblo.<\/p>\n<p>El proyecto del cartel est\u00e1 dise\u00f1ado e inspirado en los elementos m\u00e1s caracter\u00edsticos de Mont-roig, con una ilustraci\u00f3n que resalta a los gigantes del municipio, representados con sus colores vivos y festivos. Estos gigantes est\u00e1n acompa\u00f1ados de otros elementos distintivos del pueblo, como la algarroba y la oliva, la iglesia de Sant Miquel o la ermita de la Mare de D\u00e9u de la Roca.<\/p>\n<p>Adem\u00e1s del cartel de 4,80 x 2 metros, que garantiza su durabilidad y resistencia, se han instalado unos focos para su iluminaci\u00f3n nocturna. Para complementar el espacio, se han realizado trabajos de obra que incluyen la construcci\u00f3n de una jardinera alrededor del cartel, donde se han plantado especies de bajo mantenimiento, como las adelfas.<\/p>\n<p>&nbsp;<\/p>\n","protected":false},"excerpt":{"rendered":"<p>Instalado en la Avenida de Reus, a la altura de los Set Ponts, incorpora a los gigantes como s\u00edmbolo distintivo de la poblaci\u00f3n El Ayuntamiento de Mont-roig del Camp, a trav\u00e9s de la empresa Nostreserveis, ha instalado un nuevo cartel destinado a dar la bienvenida a los vecinos, vecinas y visitantes del municipio. Este cartel [&hellip;]<\/p>\n","protected":false},"author":13,"featured_media":78048,"comment_status":"closed","ping_status":"closed","sticky":false,"template":"","format":"standard","meta":{"inline_featured_image":false,"_monsterinsights_skip_tracking":false,"_monsterinsights_sitenote_active":false,"_monsterinsights_sitenote_note":"","_monsterinsights_sitenote_category":0,"footnotes":""},"categories":[98,204],"tags":[],"class_list":["post-78051","post","type-post","status-publish","format-standard","has-post-thumbnail","hentry","category-ayuntamiento","category-nostreserveis-es"],"yoast_head":"<!-- This site is optimized with the Yoast SEO plugin v27.4 - https:\/\/yoast.com\/product\/yoast-seo-wordpress\/ -->\n<title>Nuevo cartel con elementos tradicionales y de cultura popular para dar la bienvenida a Mont-roig del Camp - Ajuntament de Mont-roig del Camp<\/title>\n<meta name=\"robots\" content=\"index, follow, max-snippet:-1, max-image-preview:large, max-video-preview:-1\" \/>\n<link rel=\"canonical\" href=\"https:\/\/mont-roig.cat\/es\/actualitat\/noticies\/nou-cartell-amb-elements-tradicionals-i-de-cultura-popular-per-donar-la-benvinguda-a-mont-roig-del-camp\/\" \/>\n<meta property=\"og:locale\" content=\"es_ES\" \/>\n<meta property=\"og:type\" content=\"article\" \/>\n<meta property=\"og:title\" content=\"Nuevo cartel con elementos tradicionales y de cultura popular para dar la bienvenida a Mont-roig del Camp - Ajuntament de Mont-roig del Camp\" \/>\n<meta property=\"og:description\" content=\"Instalado en la Avenida de Reus, a la altura de los Set Ponts, incorpora a los gigantes como s\u00edmbolo distintivo de la poblaci\u00f3n El Ayuntamiento de Mont-roig del Camp, a trav\u00e9s de la empresa Nostreserveis, ha instalado un nuevo cartel destinado a dar la bienvenida a los vecinos, vecinas y visitantes del municipio. Este cartel [&hellip;]\" \/>\n<meta property=\"og:url\" content=\"https:\/\/mont-roig.cat\/es\/actualitat\/noticies\/nou-cartell-amb-elements-tradicionals-i-de-cultura-popular-per-donar-la-benvinguda-a-mont-roig-del-camp\/\" \/>\n<meta property=\"og:site_name\" content=\"Ajuntament de Mont-roig del Camp\" \/>\n<meta property=\"article:published_time\" content=\"2024-08-21T08:04:52+00:00\" \/>\n<meta property=\"article:modified_time\" content=\"2024-08-21T08:07:29+00:00\" \/>\n<meta property=\"og:image\" content=\"https:\/\/mont-roig.cat\/wp-content\/uploads\/20240723_142027-scaled.jpg\" \/>\n\t<meta property=\"og:image:width\" content=\"2048\" \/>\n\t<meta property=\"og:image:height\" content=\"1536\" \/>\n\t<meta property=\"og:image:type\" content=\"image\/jpeg\" \/>\n<meta name=\"author\" content=\"comunicacio\" \/>\n<meta name=\"twitter:card\" content=\"summary_large_image\" \/>\n<meta name=\"twitter:label1\" content=\"Escrito por\" \/>\n\t<meta name=\"twitter:data1\" content=\"comunicacio\" \/>\n\t<meta name=\"twitter:label2\" content=\"Tiempo de lectura\" \/>\n\t<meta name=\"twitter:data2\" content=\"2 minutos\" \/>\n<script type=\"application\/ld+json\" class=\"yoast-schema-graph\">{\"@context\":\"https:\\\/\\\/schema.org\",\"@graph\":[{\"@type\":\"Article\",\"@id\":\"https:\\\/\\\/mont-roig.cat\\\/es\\\/actualitat\\\/noticies\\\/nou-cartell-amb-elements-tradicionals-i-de-cultura-popular-per-donar-la-benvinguda-a-mont-roig-del-camp\\\/#article\",\"isPartOf\":{\"@id\":\"https:\\\/\\\/mont-roig.cat\\\/es\\\/actualitat\\\/noticies\\\/nou-cartell-amb-elements-tradicionals-i-de-cultura-popular-per-donar-la-benvinguda-a-mont-roig-del-camp\\\/\"},\"author\":{\"name\":\"comunicacio\",\"@id\":\"https:\\\/\\\/mont-roig.cat\\\/es\\\/#\\\/schema\\\/person\\\/1f73e7b5e6f9dd122e8a6f14f310ac5e\"},\"headline\":\"Nuevo cartel con elementos tradicionales y de cultura popular para dar la bienvenida a Mont-roig del Camp\",\"datePublished\":\"2024-08-21T08:04:52+00:00\",\"dateModified\":\"2024-08-21T08:07:29+00:00\",\"mainEntityOfPage\":{\"@id\":\"https:\\\/\\\/mont-roig.cat\\\/es\\\/actualitat\\\/noticies\\\/nou-cartell-amb-elements-tradicionals-i-de-cultura-popular-per-donar-la-benvinguda-a-mont-roig-del-camp\\\/\"},\"wordCount\":238,\"image\":{\"@id\":\"https:\\\/\\\/mont-roig.cat\\\/es\\\/actualitat\\\/noticies\\\/nou-cartell-amb-elements-tradicionals-i-de-cultura-popular-per-donar-la-benvinguda-a-mont-roig-del-camp\\\/#primaryimage\"},\"thumbnailUrl\":\"https:\\\/\\\/mont-roig.cat\\\/wp-content\\\/uploads\\\/20240723_142027-scaled.jpg\",\"articleSection\":[\"Ayuntamiento\",\"Nostreserveis\"],\"inLanguage\":\"es\"},{\"@type\":\"WebPage\",\"@id\":\"https:\\\/\\\/mont-roig.cat\\\/es\\\/actualitat\\\/noticies\\\/nou-cartell-amb-elements-tradicionals-i-de-cultura-popular-per-donar-la-benvinguda-a-mont-roig-del-camp\\\/\",\"url\":\"https:\\\/\\\/mont-roig.cat\\\/es\\\/actualitat\\\/noticies\\\/nou-cartell-amb-elements-tradicionals-i-de-cultura-popular-per-donar-la-benvinguda-a-mont-roig-del-camp\\\/\",\"name\":\"Nuevo cartel con elementos tradicionales y de cultura popular para dar la bienvenida a Mont-roig del Camp - Ajuntament de Mont-roig del Camp\",\"isPartOf\":{\"@id\":\"https:\\\/\\\/mont-roig.cat\\\/es\\\/#website\"},\"primaryImageOfPage\":{\"@id\":\"https:\\\/\\\/mont-roig.cat\\\/es\\\/actualitat\\\/noticies\\\/nou-cartell-amb-elements-tradicionals-i-de-cultura-popular-per-donar-la-benvinguda-a-mont-roig-del-camp\\\/#primaryimage\"},\"image\":{\"@id\":\"https:\\\/\\\/mont-roig.cat\\\/es\\\/actualitat\\\/noticies\\\/nou-cartell-amb-elements-tradicionals-i-de-cultura-popular-per-donar-la-benvinguda-a-mont-roig-del-camp\\\/#primaryimage\"},\"thumbnailUrl\":\"https:\\\/\\\/mont-roig.cat\\\/wp-content\\\/uploads\\\/20240723_142027-scaled.jpg\",\"datePublished\":\"2024-08-21T08:04:52+00:00\",\"dateModified\":\"2024-08-21T08:07:29+00:00\",\"author\":{\"@id\":\"https:\\\/\\\/mont-roig.cat\\\/es\\\/#\\\/schema\\\/person\\\/1f73e7b5e6f9dd122e8a6f14f310ac5e\"},\"breadcrumb\":{\"@id\":\"https:\\\/\\\/mont-roig.cat\\\/es\\\/actualitat\\\/noticies\\\/nou-cartell-amb-elements-tradicionals-i-de-cultura-popular-per-donar-la-benvinguda-a-mont-roig-del-camp\\\/#breadcrumb\"},\"inLanguage\":\"es\",\"potentialAction\":[{\"@type\":\"ReadAction\",\"target\":[\"https:\\\/\\\/mont-roig.cat\\\/es\\\/actualitat\\\/noticies\\\/nou-cartell-amb-elements-tradicionals-i-de-cultura-popular-per-donar-la-benvinguda-a-mont-roig-del-camp\\\/\"]}]},{\"@type\":\"ImageObject\",\"inLanguage\":\"es\",\"@id\":\"https:\\\/\\\/mont-roig.cat\\\/es\\\/actualitat\\\/noticies\\\/nou-cartell-amb-elements-tradicionals-i-de-cultura-popular-per-donar-la-benvinguda-a-mont-roig-del-camp\\\/#primaryimage\",\"url\":\"https:\\\/\\\/mont-roig.cat\\\/wp-content\\\/uploads\\\/20240723_142027-scaled.jpg\",\"contentUrl\":\"https:\\\/\\\/mont-roig.cat\\\/wp-content\\\/uploads\\\/20240723_142027-scaled.jpg\",\"width\":2048,\"height\":1536},{\"@type\":\"BreadcrumbList\",\"@id\":\"https:\\\/\\\/mont-roig.cat\\\/es\\\/actualitat\\\/noticies\\\/nou-cartell-amb-elements-tradicionals-i-de-cultura-popular-per-donar-la-benvinguda-a-mont-roig-del-camp\\\/#breadcrumb\",\"itemListElement\":[{\"@type\":\"ListItem\",\"position\":1,\"name\":\"Inici\",\"item\":\"https:\\\/\\\/mont-roig.cat\\\/es\\\/pagina-de-inicio\\\/\"},{\"@type\":\"ListItem\",\"position\":2,\"name\":\"Nuevo cartel con elementos tradicionales y de cultura popular para dar la bienvenida a Mont-roig del Camp\"}]},{\"@type\":\"WebSite\",\"@id\":\"https:\\\/\\\/mont-roig.cat\\\/es\\\/#website\",\"url\":\"https:\\\/\\\/mont-roig.cat\\\/es\\\/\",\"name\":\"Ajuntament de Mont-roig del Camp\",\"description\":\"Tota la informaci\u00f3 sobre la instituci\u00f3, els seus \u00f2rgans de govern, actualitat, serveis i molt m\u00e9s.\",\"potentialAction\":[{\"@type\":\"SearchAction\",\"target\":{\"@type\":\"EntryPoint\",\"urlTemplate\":\"https:\\\/\\\/mont-roig.cat\\\/es\\\/?s={search_term_string}\"},\"query-input\":{\"@type\":\"PropertyValueSpecification\",\"valueRequired\":true,\"valueName\":\"search_term_string\"}}],\"inLanguage\":\"es\"},{\"@type\":\"Person\",\"@id\":\"https:\\\/\\\/mont-roig.cat\\\/es\\\/#\\\/schema\\\/person\\\/1f73e7b5e6f9dd122e8a6f14f310ac5e\",\"name\":\"comunicacio\",\"image\":{\"@type\":\"ImageObject\",\"inLanguage\":\"es\",\"@id\":\"https:\\\/\\\/secure.gravatar.com\\\/avatar\\\/98944333e7a877670a64f8d10f0cb680ab2c9ebc4efc43945ef004b52b5ad28c?s=96&d=mm&r=g\",\"url\":\"https:\\\/\\\/secure.gravatar.com\\\/avatar\\\/98944333e7a877670a64f8d10f0cb680ab2c9ebc4efc43945ef004b52b5ad28c?s=96&d=mm&r=g\",\"contentUrl\":\"https:\\\/\\\/secure.gravatar.com\\\/avatar\\\/98944333e7a877670a64f8d10f0cb680ab2c9ebc4efc43945ef004b52b5ad28c?s=96&d=mm&r=g\",\"caption\":\"comunicacio\"},\"url\":\"https:\\\/\\\/mont-roig.cat\\\/es\\\/actualitat\\\/noticies\\\/author\\\/comunicacio\\\/\"}]}<\/script>\n<!-- \/ Yoast SEO plugin. -->","yoast_head_json":{"title":"Nuevo cartel con elementos tradicionales y de cultura popular para dar la bienvenida a Mont-roig del Camp - Ajuntament de Mont-roig del Camp","robots":{"index":"index","follow":"follow","max-snippet":"max-snippet:-1","max-image-preview":"max-image-preview:large","max-video-preview":"max-video-preview:-1"},"canonical":"https:\/\/mont-roig.cat\/es\/actualitat\/noticies\/nou-cartell-amb-elements-tradicionals-i-de-cultura-popular-per-donar-la-benvinguda-a-mont-roig-del-camp\/","og_locale":"es_ES","og_type":"article","og_title":"Nuevo cartel con elementos tradicionales y de cultura popular para dar la bienvenida a Mont-roig del Camp - Ajuntament de Mont-roig del Camp","og_description":"Instalado en la Avenida de Reus, a la altura de los Set Ponts, incorpora a los gigantes como s\u00edmbolo distintivo de la poblaci\u00f3n El Ayuntamiento de Mont-roig del Camp, a trav\u00e9s de la empresa Nostreserveis, ha instalado un nuevo cartel destinado a dar la bienvenida a los vecinos, vecinas y visitantes del municipio. Este cartel [&hellip;]","og_url":"https:\/\/mont-roig.cat\/es\/actualitat\/noticies\/nou-cartell-amb-elements-tradicionals-i-de-cultura-popular-per-donar-la-benvinguda-a-mont-roig-del-camp\/","og_site_name":"Ajuntament de Mont-roig del Camp","article_published_time":"2024-08-21T08:04:52+00:00","article_modified_time":"2024-08-21T08:07:29+00:00","og_image":[{"width":2048,"height":1536,"url":"https:\/\/mont-roig.cat\/wp-content\/uploads\/20240723_142027-scaled.jpg","type":"image\/jpeg"}],"author":"comunicacio","twitter_card":"summary_large_image","twitter_misc":{"Escrito por":"comunicacio","Tiempo de lectura":"2 minutos"},"schema":{"@context":"https:\/\/schema.org","@graph":[{"@type":"Article","@id":"https:\/\/mont-roig.cat\/es\/actualitat\/noticies\/nou-cartell-amb-elements-tradicionals-i-de-cultura-popular-per-donar-la-benvinguda-a-mont-roig-del-camp\/#article","isPartOf":{"@id":"https:\/\/mont-roig.cat\/es\/actualitat\/noticies\/nou-cartell-amb-elements-tradicionals-i-de-cultura-popular-per-donar-la-benvinguda-a-mont-roig-del-camp\/"},"author":{"name":"comunicacio","@id":"https:\/\/mont-roig.cat\/es\/#\/schema\/person\/1f73e7b5e6f9dd122e8a6f14f310ac5e"},"headline":"Nuevo cartel con elementos tradicionales y de cultura popular para dar la bienvenida a Mont-roig del Camp","datePublished":"2024-08-21T08:04:52+00:00","dateModified":"2024-08-21T08:07:29+00:00","mainEntityOfPage":{"@id":"https:\/\/mont-roig.cat\/es\/actualitat\/noticies\/nou-cartell-amb-elements-tradicionals-i-de-cultura-popular-per-donar-la-benvinguda-a-mont-roig-del-camp\/"},"wordCount":238,"image":{"@id":"https:\/\/mont-roig.cat\/es\/actualitat\/noticies\/nou-cartell-amb-elements-tradicionals-i-de-cultura-popular-per-donar-la-benvinguda-a-mont-roig-del-camp\/#primaryimage"},"thumbnailUrl":"https:\/\/mont-roig.cat\/wp-content\/uploads\/20240723_142027-scaled.jpg","articleSection":["Ayuntamiento","Nostreserveis"],"inLanguage":"es"},{"@type":"WebPage","@id":"https:\/\/mont-roig.cat\/es\/actualitat\/noticies\/nou-cartell-amb-elements-tradicionals-i-de-cultura-popular-per-donar-la-benvinguda-a-mont-roig-del-camp\/","url":"https:\/\/mont-roig.cat\/es\/actualitat\/noticies\/nou-cartell-amb-elements-tradicionals-i-de-cultura-popular-per-donar-la-benvinguda-a-mont-roig-del-camp\/","name":"Nuevo cartel con elementos tradicionales y de cultura popular para dar la bienvenida a Mont-roig del Camp - Ajuntament de Mont-roig del Camp","isPartOf":{"@id":"https:\/\/mont-roig.cat\/es\/#website"},"primaryImageOfPage":{"@id":"https:\/\/mont-roig.cat\/es\/actualitat\/noticies\/nou-cartell-amb-elements-tradicionals-i-de-cultura-popular-per-donar-la-benvinguda-a-mont-roig-del-camp\/#primaryimage"},"image":{"@id":"https:\/\/mont-roig.cat\/es\/actualitat\/noticies\/nou-cartell-amb-elements-tradicionals-i-de-cultura-popular-per-donar-la-benvinguda-a-mont-roig-del-camp\/#primaryimage"},"thumbnailUrl":"https:\/\/mont-roig.cat\/wp-content\/uploads\/20240723_142027-scaled.jpg","datePublished":"2024-08-21T08:04:52+00:00","dateModified":"2024-08-21T08:07:29+00:00","author":{"@id":"https:\/\/mont-roig.cat\/es\/#\/schema\/person\/1f73e7b5e6f9dd122e8a6f14f310ac5e"},"breadcrumb":{"@id":"https:\/\/mont-roig.cat\/es\/actualitat\/noticies\/nou-cartell-amb-elements-tradicionals-i-de-cultura-popular-per-donar-la-benvinguda-a-mont-roig-del-camp\/#breadcrumb"},"inLanguage":"es","potentialAction":[{"@type":"ReadAction","target":["https:\/\/mont-roig.cat\/es\/actualitat\/noticies\/nou-cartell-amb-elements-tradicionals-i-de-cultura-popular-per-donar-la-benvinguda-a-mont-roig-del-camp\/"]}]},{"@type":"ImageObject","inLanguage":"es","@id":"https:\/\/mont-roig.cat\/es\/actualitat\/noticies\/nou-cartell-amb-elements-tradicionals-i-de-cultura-popular-per-donar-la-benvinguda-a-mont-roig-del-camp\/#primaryimage","url":"https:\/\/mont-roig.cat\/wp-content\/uploads\/20240723_142027-scaled.jpg","contentUrl":"https:\/\/mont-roig.cat\/wp-content\/uploads\/20240723_142027-scaled.jpg","width":2048,"height":1536},{"@type":"BreadcrumbList","@id":"https:\/\/mont-roig.cat\/es\/actualitat\/noticies\/nou-cartell-amb-elements-tradicionals-i-de-cultura-popular-per-donar-la-benvinguda-a-mont-roig-del-camp\/#breadcrumb","itemListElement":[{"@type":"ListItem","position":1,"name":"Inici","item":"https:\/\/mont-roig.cat\/es\/pagina-de-inicio\/"},{"@type":"ListItem","position":2,"name":"Nuevo cartel con elementos tradicionales y de cultura popular para dar la bienvenida a Mont-roig del Camp"}]},{"@type":"WebSite","@id":"https:\/\/mont-roig.cat\/es\/#website","url":"https:\/\/mont-roig.cat\/es\/","name":"Ajuntament de Mont-roig del Camp","description":"Tota la informaci\u00f3 sobre la instituci\u00f3, els seus \u00f2rgans de govern, actualitat, serveis i molt m\u00e9s.","potentialAction":[{"@type":"SearchAction","target":{"@type":"EntryPoint","urlTemplate":"https:\/\/mont-roig.cat\/es\/?s={search_term_string}"},"query-input":{"@type":"PropertyValueSpecification","valueRequired":true,"valueName":"search_term_string"}}],"inLanguage":"es"},{"@type":"Person","@id":"https:\/\/mont-roig.cat\/es\/#\/schema\/person\/1f73e7b5e6f9dd122e8a6f14f310ac5e","name":"comunicacio","image":{"@type":"ImageObject","inLanguage":"es","@id":"https:\/\/secure.gravatar.com\/avatar\/98944333e7a877670a64f8d10f0cb680ab2c9ebc4efc43945ef004b52b5ad28c?s=96&d=mm&r=g","url":"https:\/\/secure.gravatar.com\/avatar\/98944333e7a877670a64f8d10f0cb680ab2c9ebc4efc43945ef004b52b5ad28c?s=96&d=mm&r=g","contentUrl":"https:\/\/secure.gravatar.com\/avatar\/98944333e7a877670a64f8d10f0cb680ab2c9ebc4efc43945ef004b52b5ad28c?s=96&d=mm&r=g","caption":"comunicacio"},"url":"https:\/\/mont-roig.cat\/es\/actualitat\/noticies\/author\/comunicacio\/"}]}},"_links":{"self":[{"href":"https:\/\/mont-roig.cat\/es\/wp-json\/wp\/v2\/posts\/78051","targetHints":{"allow":["GET"]}}],"collection":[{"href":"https:\/\/mont-roig.cat\/es\/wp-json\/wp\/v2\/posts"}],"about":[{"href":"https:\/\/mont-roig.cat\/es\/wp-json\/wp\/v2\/types\/post"}],"author":[{"embeddable":true,"href":"https:\/\/mont-roig.cat\/es\/wp-json\/wp\/v2\/users\/13"}],"replies":[{"embeddable":true,"href":"https:\/\/mont-roig.cat\/es\/wp-json\/wp\/v2\/comments?post=78051"}],"version-history":[{"count":2,"href":"https:\/\/mont-roig.cat\/es\/wp-json\/wp\/v2\/posts\/78051\/revisions"}],"predecessor-version":[{"id":78052,"href":"https:\/\/mont-roig.cat\/es\/wp-json\/wp\/v2\/posts\/78051\/revisions\/78052"}],"wp:featuredmedia":[{"embeddable":true,"href":"https:\/\/mont-roig.cat\/es\/wp-json\/wp\/v2\/media\/78048"}],"wp:attachment":[{"href":"https:\/\/mont-roig.cat\/es\/wp-json\/wp\/v2\/media?parent=78051"}],"wp:term":[{"taxonomy":"category","embeddable":true,"href":"https:\/\/mont-roig.cat\/es\/wp-json\/wp\/v2\/categories?post=78051"},{"taxonomy":"post_tag","embeddable":true,"href":"https:\/\/mont-roig.cat\/es\/wp-json\/wp\/v2\/tags?post=78051"}],"curies":[{"name":"wp","href":"https:\/\/api.w.org\/{rel}","templated":true}]}}