{"id":78351,"date":"2024-09-05T10:45:43","date_gmt":"2024-09-05T08:45:43","guid":{"rendered":"https:\/\/mont-roig.cat\/actualitat\/noticies\/lajuntament-de-mont-roig-del-camp-impulsa-el-talent-jove-amb-la-segona-edicio-del-festival-ingenium-enguany-a-miami-platja\/"},"modified":"2024-09-05T10:51:58","modified_gmt":"2024-09-05T08:51:58","slug":"el-ayuntamiento-de-mont-roig-del-camp-impulsa-el-talento-joven-con-la-segunda-edicion-del-festival-ingenium-este-ano-en-miami-platja","status":"publish","type":"post","link":"https:\/\/mont-roig.cat\/es\/actualitat\/noticies\/el-ayuntamiento-de-mont-roig-del-camp-impulsa-el-talento-joven-con-la-segunda-edicion-del-festival-ingenium-este-ano-en-miami-platja\/","title":{"rendered":"El Ayuntamiento de Mont-roig del Camp impulsa el talento joven con la segunda edici\u00f3n del Festival Ingenium, este a\u00f1o en Miami Platja"},"content":{"rendered":"<ul>\n<li><strong><a href=\"https:\/\/mont-roig.cat\/wp-content\/uploads\/ingenium-scaled.jpg\"><img loading=\"lazy\" decoding=\"async\" class=\"alignright wp-image-78347\" src=\"https:\/\/mont-roig.cat\/wp-content\/uploads\/ingenium-353x500.jpg\" alt=\"\" width=\"251\" height=\"356\" srcset=\"https:\/\/mont-roig.cat\/wp-content\/uploads\/ingenium-353x500.jpg 353w, https:\/\/mont-roig.cat\/wp-content\/uploads\/ingenium-724x1024.jpg 724w, https:\/\/mont-roig.cat\/wp-content\/uploads\/ingenium-768x1086.jpg 768w, https:\/\/mont-roig.cat\/wp-content\/uploads\/ingenium-1086x1536.jpg 1086w, https:\/\/mont-roig.cat\/wp-content\/uploads\/ingenium-scaled.jpg 1448w\" sizes=\"auto, (max-width: 251px) 100vw, 251px\" \/><\/a>El festival, dedicado a promover las habilidades art\u00edsticas de los j\u00f3venes, se celebrar\u00e1 el 25 de octubre e incluir\u00e1 un espacio de concienciaci\u00f3n sobre el tinnitus.<\/strong><\/li>\n<\/ul>\n<p>El Ayuntamiento de Mont-roig del Camp, a trav\u00e9s del Departamento de Juventud, organiza la segunda edici\u00f3n del Festival Ingenium, un evento dedicado a promover el talento joven del municipio. Este a\u00f1o, el festival tendr\u00e1 lugar en Miami Platja, concretamente el viernes 25 de octubre en el Parc Lili \u00c1lvarez.<\/p>\n<p>El Festival Ingenium se alterna entre Mont-roig y Miami Platja, con el objetivo de convertirse en una plataforma de referencia para los j\u00f3venes artistas de la zona. Los participantes tendr\u00e1n la oportunidad de mostrar sus habilidades en diversas disciplinas art\u00edsticas, como la m\u00fasica, la danza, el teatro, las artes visuales y mucho m\u00e1s.<\/p>\n<p>Adem\u00e1s de las actuaciones y exhibiciones art\u00edsticas, esta edici\u00f3n incluir\u00e1 una novedad destacada: un espacio informativo dedicado al <em>tinnitus<\/em>, una afecci\u00f3n auditiva que provoca la percepci\u00f3n de sonidos o silbidos en las orejas sin ninguna fuente externa de sonido. Este espacio quiere concienciar a los j\u00f3venes sobre la importancia de prevenir el <em>tinnitus<\/em> evitando la exposici\u00f3n prolongada a ruidos fuertes y haciendo un uso responsable de los auriculares. Tambi\u00e9n se ofrecer\u00e1 informaci\u00f3n sobre las ventajas de la protecci\u00f3n auditiva como medida de prevenci\u00f3n.<\/p>\n<p>Esta iniciativa ha sido propuesta por una joven estudiante de 2\u00ba de Bachillerato de Miami Platja, que est\u00e1 desarrollando su Trabajo de Investigaci\u00f3n (TDR) sobre el <em>tinnitus<\/em>. El estudiante colaborar\u00e1 con el equipo del Departamento de Juventud en la organizaci\u00f3n del festival, aportando su experiencia y conocimientos sobre esta afecci\u00f3n.<\/p>\n<p>Todas las personas interesadas en participar en el Festival Ingenium pueden obtener m\u00e1s informaci\u00f3n o inscribirse enviando un correo electr\u00f3nico a<strong> <a href=\"joventut@mont-roig.cat.\" target=\"_blank\" rel=\"noopener\">joventut@mont-roig.cat.<\/a><\/strong><\/p>\n","protected":false},"excerpt":{"rendered":"<p>El festival, dedicado a promover las habilidades art\u00edsticas de los j\u00f3venes, se celebrar\u00e1 el 25 de octubre e incluir\u00e1 un espacio de concienciaci\u00f3n sobre el tinnitus. El Ayuntamiento de Mont-roig del Camp, a trav\u00e9s del Departamento de Juventud, organiza la segunda edici\u00f3n del Festival Ingenium, un evento dedicado a promover el talento joven del municipio. [&hellip;]<\/p>\n","protected":false},"author":13,"featured_media":78348,"comment_status":"closed","ping_status":"closed","sticky":false,"template":"","format":"standard","meta":{"inline_featured_image":false,"_monsterinsights_skip_tracking":false,"_monsterinsights_sitenote_active":false,"_monsterinsights_sitenote_note":"","_monsterinsights_sitenote_category":0,"footnotes":""},"categories":[98,106],"tags":[],"class_list":["post-78351","post","type-post","status-publish","format-standard","has-post-thumbnail","hentry","category-ayuntamiento","category-juventud"],"yoast_head":"<!-- This site is optimized with the Yoast SEO plugin v27.4 - https:\/\/yoast.com\/product\/yoast-seo-wordpress\/ -->\n<title>El Ayuntamiento de Mont-roig del Camp impulsa el talento joven con la segunda edici\u00f3n del Festival Ingenium, este a\u00f1o en Miami Platja - Ajuntament de Mont-roig del Camp<\/title>\n<meta name=\"robots\" content=\"index, follow, max-snippet:-1, max-image-preview:large, max-video-preview:-1\" \/>\n<link rel=\"canonical\" href=\"https:\/\/mont-roig.cat\/es\/actualitat\/noticies\/el-ayuntamiento-de-mont-roig-del-camp-impulsa-el-talento-joven-con-la-segunda-edicion-del-festival-ingenium-este-ano-en-miami-platja\/\" \/>\n<meta property=\"og:locale\" content=\"es_ES\" \/>\n<meta property=\"og:type\" content=\"article\" \/>\n<meta property=\"og:title\" content=\"El Ayuntamiento de Mont-roig del Camp impulsa el talento joven con la segunda edici\u00f3n del Festival Ingenium, este a\u00f1o en Miami Platja - Ajuntament de Mont-roig del Camp\" \/>\n<meta property=\"og:description\" content=\"El festival, dedicado a promover las habilidades art\u00edsticas de los j\u00f3venes, se celebrar\u00e1 el 25 de octubre e incluir\u00e1 un espacio de concienciaci\u00f3n sobre el tinnitus. El Ayuntamiento de Mont-roig del Camp, a trav\u00e9s del Departamento de Juventud, organiza la segunda edici\u00f3n del Festival Ingenium, un evento dedicado a promover el talento joven del municipio. [&hellip;]\" \/>\n<meta property=\"og:url\" content=\"https:\/\/mont-roig.cat\/es\/actualitat\/noticies\/el-ayuntamiento-de-mont-roig-del-camp-impulsa-el-talento-joven-con-la-segunda-edicion-del-festival-ingenium-este-ano-en-miami-platja\/\" \/>\n<meta property=\"og:site_name\" content=\"Ajuntament de Mont-roig del Camp\" \/>\n<meta property=\"article:published_time\" content=\"2024-09-05T08:45:43+00:00\" \/>\n<meta property=\"article:modified_time\" content=\"2024-09-05T08:51:58+00:00\" \/>\n<meta property=\"og:image\" content=\"https:\/\/mont-roig.cat\/wp-content\/uploads\/ingenium-scaled.jpg\" \/>\n\t<meta property=\"og:image:width\" content=\"1448\" \/>\n\t<meta property=\"og:image:height\" content=\"2048\" \/>\n\t<meta property=\"og:image:type\" content=\"image\/jpeg\" \/>\n<meta name=\"author\" content=\"comunicacio\" \/>\n<meta name=\"twitter:card\" content=\"summary_large_image\" \/>\n<meta name=\"twitter:label1\" content=\"Escrito por\" \/>\n\t<meta name=\"twitter:data1\" content=\"comunicacio\" \/>\n\t<meta name=\"twitter:label2\" content=\"Tiempo de lectura\" \/>\n\t<meta name=\"twitter:data2\" content=\"2 minutos\" \/>\n<script type=\"application\/ld+json\" class=\"yoast-schema-graph\">{\"@context\":\"https:\\\/\\\/schema.org\",\"@graph\":[{\"@type\":\"Article\",\"@id\":\"https:\\\/\\\/mont-roig.cat\\\/es\\\/actualitat\\\/noticies\\\/el-ayuntamiento-de-mont-roig-del-camp-impulsa-el-talento-joven-con-la-segunda-edicion-del-festival-ingenium-este-ano-en-miami-platja\\\/#article\",\"isPartOf\":{\"@id\":\"https:\\\/\\\/mont-roig.cat\\\/es\\\/actualitat\\\/noticies\\\/el-ayuntamiento-de-mont-roig-del-camp-impulsa-el-talento-joven-con-la-segunda-edicion-del-festival-ingenium-este-ano-en-miami-platja\\\/\"},\"author\":{\"name\":\"comunicacio\",\"@id\":\"https:\\\/\\\/mont-roig.cat\\\/es\\\/#\\\/schema\\\/person\\\/1f73e7b5e6f9dd122e8a6f14f310ac5e\"},\"headline\":\"El Ayuntamiento de Mont-roig del Camp impulsa el talento joven con la segunda edici\u00f3n del Festival Ingenium, este a\u00f1o en Miami Platja\",\"datePublished\":\"2024-09-05T08:45:43+00:00\",\"dateModified\":\"2024-09-05T08:51:58+00:00\",\"mainEntityOfPage\":{\"@id\":\"https:\\\/\\\/mont-roig.cat\\\/es\\\/actualitat\\\/noticies\\\/el-ayuntamiento-de-mont-roig-del-camp-impulsa-el-talento-joven-con-la-segunda-edicion-del-festival-ingenium-este-ano-en-miami-platja\\\/\"},\"wordCount\":334,\"image\":{\"@id\":\"https:\\\/\\\/mont-roig.cat\\\/es\\\/actualitat\\\/noticies\\\/el-ayuntamiento-de-mont-roig-del-camp-impulsa-el-talento-joven-con-la-segunda-edicion-del-festival-ingenium-este-ano-en-miami-platja\\\/#primaryimage\"},\"thumbnailUrl\":\"https:\\\/\\\/mont-roig.cat\\\/wp-content\\\/uploads\\\/ingenium-scaled.jpg\",\"articleSection\":[\"Ayuntamiento\",\"Juventud\"],\"inLanguage\":\"es\"},{\"@type\":\"WebPage\",\"@id\":\"https:\\\/\\\/mont-roig.cat\\\/es\\\/actualitat\\\/noticies\\\/el-ayuntamiento-de-mont-roig-del-camp-impulsa-el-talento-joven-con-la-segunda-edicion-del-festival-ingenium-este-ano-en-miami-platja\\\/\",\"url\":\"https:\\\/\\\/mont-roig.cat\\\/es\\\/actualitat\\\/noticies\\\/el-ayuntamiento-de-mont-roig-del-camp-impulsa-el-talento-joven-con-la-segunda-edicion-del-festival-ingenium-este-ano-en-miami-platja\\\/\",\"name\":\"El Ayuntamiento de Mont-roig del Camp impulsa el talento joven con la segunda edici\u00f3n del Festival Ingenium, este a\u00f1o en Miami Platja - Ajuntament de Mont-roig del Camp\",\"isPartOf\":{\"@id\":\"https:\\\/\\\/mont-roig.cat\\\/es\\\/#website\"},\"primaryImageOfPage\":{\"@id\":\"https:\\\/\\\/mont-roig.cat\\\/es\\\/actualitat\\\/noticies\\\/el-ayuntamiento-de-mont-roig-del-camp-impulsa-el-talento-joven-con-la-segunda-edicion-del-festival-ingenium-este-ano-en-miami-platja\\\/#primaryimage\"},\"image\":{\"@id\":\"https:\\\/\\\/mont-roig.cat\\\/es\\\/actualitat\\\/noticies\\\/el-ayuntamiento-de-mont-roig-del-camp-impulsa-el-talento-joven-con-la-segunda-edicion-del-festival-ingenium-este-ano-en-miami-platja\\\/#primaryimage\"},\"thumbnailUrl\":\"https:\\\/\\\/mont-roig.cat\\\/wp-content\\\/uploads\\\/ingenium-scaled.jpg\",\"datePublished\":\"2024-09-05T08:45:43+00:00\",\"dateModified\":\"2024-09-05T08:51:58+00:00\",\"author\":{\"@id\":\"https:\\\/\\\/mont-roig.cat\\\/es\\\/#\\\/schema\\\/person\\\/1f73e7b5e6f9dd122e8a6f14f310ac5e\"},\"breadcrumb\":{\"@id\":\"https:\\\/\\\/mont-roig.cat\\\/es\\\/actualitat\\\/noticies\\\/el-ayuntamiento-de-mont-roig-del-camp-impulsa-el-talento-joven-con-la-segunda-edicion-del-festival-ingenium-este-ano-en-miami-platja\\\/#breadcrumb\"},\"inLanguage\":\"es\",\"potentialAction\":[{\"@type\":\"ReadAction\",\"target\":[\"https:\\\/\\\/mont-roig.cat\\\/es\\\/actualitat\\\/noticies\\\/el-ayuntamiento-de-mont-roig-del-camp-impulsa-el-talento-joven-con-la-segunda-edicion-del-festival-ingenium-este-ano-en-miami-platja\\\/\"]}]},{\"@type\":\"ImageObject\",\"inLanguage\":\"es\",\"@id\":\"https:\\\/\\\/mont-roig.cat\\\/es\\\/actualitat\\\/noticies\\\/el-ayuntamiento-de-mont-roig-del-camp-impulsa-el-talento-joven-con-la-segunda-edicion-del-festival-ingenium-este-ano-en-miami-platja\\\/#primaryimage\",\"url\":\"https:\\\/\\\/mont-roig.cat\\\/wp-content\\\/uploads\\\/ingenium-scaled.jpg\",\"contentUrl\":\"https:\\\/\\\/mont-roig.cat\\\/wp-content\\\/uploads\\\/ingenium-scaled.jpg\",\"width\":1448,\"height\":2048},{\"@type\":\"BreadcrumbList\",\"@id\":\"https:\\\/\\\/mont-roig.cat\\\/es\\\/actualitat\\\/noticies\\\/el-ayuntamiento-de-mont-roig-del-camp-impulsa-el-talento-joven-con-la-segunda-edicion-del-festival-ingenium-este-ano-en-miami-platja\\\/#breadcrumb\",\"itemListElement\":[{\"@type\":\"ListItem\",\"position\":1,\"name\":\"Inici\",\"item\":\"https:\\\/\\\/mont-roig.cat\\\/es\\\/pagina-de-inicio\\\/\"},{\"@type\":\"ListItem\",\"position\":2,\"name\":\"El Ayuntamiento de Mont-roig del Camp impulsa el talento joven con la segunda edici\u00f3n del Festival Ingenium, este a\u00f1o en Miami Platja\"}]},{\"@type\":\"WebSite\",\"@id\":\"https:\\\/\\\/mont-roig.cat\\\/es\\\/#website\",\"url\":\"https:\\\/\\\/mont-roig.cat\\\/es\\\/\",\"name\":\"Ajuntament de Mont-roig del Camp\",\"description\":\"Tota la informaci\u00f3 sobre la instituci\u00f3, els seus \u00f2rgans de govern, actualitat, serveis i molt m\u00e9s.\",\"potentialAction\":[{\"@type\":\"SearchAction\",\"target\":{\"@type\":\"EntryPoint\",\"urlTemplate\":\"https:\\\/\\\/mont-roig.cat\\\/es\\\/?s={search_term_string}\"},\"query-input\":{\"@type\":\"PropertyValueSpecification\",\"valueRequired\":true,\"valueName\":\"search_term_string\"}}],\"inLanguage\":\"es\"},{\"@type\":\"Person\",\"@id\":\"https:\\\/\\\/mont-roig.cat\\\/es\\\/#\\\/schema\\\/person\\\/1f73e7b5e6f9dd122e8a6f14f310ac5e\",\"name\":\"comunicacio\",\"image\":{\"@type\":\"ImageObject\",\"inLanguage\":\"es\",\"@id\":\"https:\\\/\\\/secure.gravatar.com\\\/avatar\\\/98944333e7a877670a64f8d10f0cb680ab2c9ebc4efc43945ef004b52b5ad28c?s=96&d=mm&r=g\",\"url\":\"https:\\\/\\\/secure.gravatar.com\\\/avatar\\\/98944333e7a877670a64f8d10f0cb680ab2c9ebc4efc43945ef004b52b5ad28c?s=96&d=mm&r=g\",\"contentUrl\":\"https:\\\/\\\/secure.gravatar.com\\\/avatar\\\/98944333e7a877670a64f8d10f0cb680ab2c9ebc4efc43945ef004b52b5ad28c?s=96&d=mm&r=g\",\"caption\":\"comunicacio\"},\"url\":\"https:\\\/\\\/mont-roig.cat\\\/es\\\/actualitat\\\/noticies\\\/author\\\/comunicacio\\\/\"}]}<\/script>\n<!-- \/ Yoast SEO plugin. -->","yoast_head_json":{"title":"El Ayuntamiento de Mont-roig del Camp impulsa el talento joven con la segunda edici\u00f3n del Festival Ingenium, este a\u00f1o en Miami Platja - Ajuntament de Mont-roig del Camp","robots":{"index":"index","follow":"follow","max-snippet":"max-snippet:-1","max-image-preview":"max-image-preview:large","max-video-preview":"max-video-preview:-1"},"canonical":"https:\/\/mont-roig.cat\/es\/actualitat\/noticies\/el-ayuntamiento-de-mont-roig-del-camp-impulsa-el-talento-joven-con-la-segunda-edicion-del-festival-ingenium-este-ano-en-miami-platja\/","og_locale":"es_ES","og_type":"article","og_title":"El Ayuntamiento de Mont-roig del Camp impulsa el talento joven con la segunda edici\u00f3n del Festival Ingenium, este a\u00f1o en Miami Platja - Ajuntament de Mont-roig del Camp","og_description":"El festival, dedicado a promover las habilidades art\u00edsticas de los j\u00f3venes, se celebrar\u00e1 el 25 de octubre e incluir\u00e1 un espacio de concienciaci\u00f3n sobre el tinnitus. El Ayuntamiento de Mont-roig del Camp, a trav\u00e9s del Departamento de Juventud, organiza la segunda edici\u00f3n del Festival Ingenium, un evento dedicado a promover el talento joven del municipio. [&hellip;]","og_url":"https:\/\/mont-roig.cat\/es\/actualitat\/noticies\/el-ayuntamiento-de-mont-roig-del-camp-impulsa-el-talento-joven-con-la-segunda-edicion-del-festival-ingenium-este-ano-en-miami-platja\/","og_site_name":"Ajuntament de Mont-roig del Camp","article_published_time":"2024-09-05T08:45:43+00:00","article_modified_time":"2024-09-05T08:51:58+00:00","og_image":[{"width":1448,"height":2048,"url":"https:\/\/mont-roig.cat\/wp-content\/uploads\/ingenium-scaled.jpg","type":"image\/jpeg"}],"author":"comunicacio","twitter_card":"summary_large_image","twitter_misc":{"Escrito por":"comunicacio","Tiempo de lectura":"2 minutos"},"schema":{"@context":"https:\/\/schema.org","@graph":[{"@type":"Article","@id":"https:\/\/mont-roig.cat\/es\/actualitat\/noticies\/el-ayuntamiento-de-mont-roig-del-camp-impulsa-el-talento-joven-con-la-segunda-edicion-del-festival-ingenium-este-ano-en-miami-platja\/#article","isPartOf":{"@id":"https:\/\/mont-roig.cat\/es\/actualitat\/noticies\/el-ayuntamiento-de-mont-roig-del-camp-impulsa-el-talento-joven-con-la-segunda-edicion-del-festival-ingenium-este-ano-en-miami-platja\/"},"author":{"name":"comunicacio","@id":"https:\/\/mont-roig.cat\/es\/#\/schema\/person\/1f73e7b5e6f9dd122e8a6f14f310ac5e"},"headline":"El Ayuntamiento de Mont-roig del Camp impulsa el talento joven con la segunda edici\u00f3n del Festival Ingenium, este a\u00f1o en Miami Platja","datePublished":"2024-09-05T08:45:43+00:00","dateModified":"2024-09-05T08:51:58+00:00","mainEntityOfPage":{"@id":"https:\/\/mont-roig.cat\/es\/actualitat\/noticies\/el-ayuntamiento-de-mont-roig-del-camp-impulsa-el-talento-joven-con-la-segunda-edicion-del-festival-ingenium-este-ano-en-miami-platja\/"},"wordCount":334,"image":{"@id":"https:\/\/mont-roig.cat\/es\/actualitat\/noticies\/el-ayuntamiento-de-mont-roig-del-camp-impulsa-el-talento-joven-con-la-segunda-edicion-del-festival-ingenium-este-ano-en-miami-platja\/#primaryimage"},"thumbnailUrl":"https:\/\/mont-roig.cat\/wp-content\/uploads\/ingenium-scaled.jpg","articleSection":["Ayuntamiento","Juventud"],"inLanguage":"es"},{"@type":"WebPage","@id":"https:\/\/mont-roig.cat\/es\/actualitat\/noticies\/el-ayuntamiento-de-mont-roig-del-camp-impulsa-el-talento-joven-con-la-segunda-edicion-del-festival-ingenium-este-ano-en-miami-platja\/","url":"https:\/\/mont-roig.cat\/es\/actualitat\/noticies\/el-ayuntamiento-de-mont-roig-del-camp-impulsa-el-talento-joven-con-la-segunda-edicion-del-festival-ingenium-este-ano-en-miami-platja\/","name":"El Ayuntamiento de Mont-roig del Camp impulsa el talento joven con la segunda edici\u00f3n del Festival Ingenium, este a\u00f1o en Miami Platja - Ajuntament de Mont-roig del Camp","isPartOf":{"@id":"https:\/\/mont-roig.cat\/es\/#website"},"primaryImageOfPage":{"@id":"https:\/\/mont-roig.cat\/es\/actualitat\/noticies\/el-ayuntamiento-de-mont-roig-del-camp-impulsa-el-talento-joven-con-la-segunda-edicion-del-festival-ingenium-este-ano-en-miami-platja\/#primaryimage"},"image":{"@id":"https:\/\/mont-roig.cat\/es\/actualitat\/noticies\/el-ayuntamiento-de-mont-roig-del-camp-impulsa-el-talento-joven-con-la-segunda-edicion-del-festival-ingenium-este-ano-en-miami-platja\/#primaryimage"},"thumbnailUrl":"https:\/\/mont-roig.cat\/wp-content\/uploads\/ingenium-scaled.jpg","datePublished":"2024-09-05T08:45:43+00:00","dateModified":"2024-09-05T08:51:58+00:00","author":{"@id":"https:\/\/mont-roig.cat\/es\/#\/schema\/person\/1f73e7b5e6f9dd122e8a6f14f310ac5e"},"breadcrumb":{"@id":"https:\/\/mont-roig.cat\/es\/actualitat\/noticies\/el-ayuntamiento-de-mont-roig-del-camp-impulsa-el-talento-joven-con-la-segunda-edicion-del-festival-ingenium-este-ano-en-miami-platja\/#breadcrumb"},"inLanguage":"es","potentialAction":[{"@type":"ReadAction","target":["https:\/\/mont-roig.cat\/es\/actualitat\/noticies\/el-ayuntamiento-de-mont-roig-del-camp-impulsa-el-talento-joven-con-la-segunda-edicion-del-festival-ingenium-este-ano-en-miami-platja\/"]}]},{"@type":"ImageObject","inLanguage":"es","@id":"https:\/\/mont-roig.cat\/es\/actualitat\/noticies\/el-ayuntamiento-de-mont-roig-del-camp-impulsa-el-talento-joven-con-la-segunda-edicion-del-festival-ingenium-este-ano-en-miami-platja\/#primaryimage","url":"https:\/\/mont-roig.cat\/wp-content\/uploads\/ingenium-scaled.jpg","contentUrl":"https:\/\/mont-roig.cat\/wp-content\/uploads\/ingenium-scaled.jpg","width":1448,"height":2048},{"@type":"BreadcrumbList","@id":"https:\/\/mont-roig.cat\/es\/actualitat\/noticies\/el-ayuntamiento-de-mont-roig-del-camp-impulsa-el-talento-joven-con-la-segunda-edicion-del-festival-ingenium-este-ano-en-miami-platja\/#breadcrumb","itemListElement":[{"@type":"ListItem","position":1,"name":"Inici","item":"https:\/\/mont-roig.cat\/es\/pagina-de-inicio\/"},{"@type":"ListItem","position":2,"name":"El Ayuntamiento de Mont-roig del Camp impulsa el talento joven con la segunda edici\u00f3n del Festival Ingenium, este a\u00f1o en Miami Platja"}]},{"@type":"WebSite","@id":"https:\/\/mont-roig.cat\/es\/#website","url":"https:\/\/mont-roig.cat\/es\/","name":"Ajuntament de Mont-roig del Camp","description":"Tota la informaci\u00f3 sobre la instituci\u00f3, els seus \u00f2rgans de govern, actualitat, serveis i molt m\u00e9s.","potentialAction":[{"@type":"SearchAction","target":{"@type":"EntryPoint","urlTemplate":"https:\/\/mont-roig.cat\/es\/?s={search_term_string}"},"query-input":{"@type":"PropertyValueSpecification","valueRequired":true,"valueName":"search_term_string"}}],"inLanguage":"es"},{"@type":"Person","@id":"https:\/\/mont-roig.cat\/es\/#\/schema\/person\/1f73e7b5e6f9dd122e8a6f14f310ac5e","name":"comunicacio","image":{"@type":"ImageObject","inLanguage":"es","@id":"https:\/\/secure.gravatar.com\/avatar\/98944333e7a877670a64f8d10f0cb680ab2c9ebc4efc43945ef004b52b5ad28c?s=96&d=mm&r=g","url":"https:\/\/secure.gravatar.com\/avatar\/98944333e7a877670a64f8d10f0cb680ab2c9ebc4efc43945ef004b52b5ad28c?s=96&d=mm&r=g","contentUrl":"https:\/\/secure.gravatar.com\/avatar\/98944333e7a877670a64f8d10f0cb680ab2c9ebc4efc43945ef004b52b5ad28c?s=96&d=mm&r=g","caption":"comunicacio"},"url":"https:\/\/mont-roig.cat\/es\/actualitat\/noticies\/author\/comunicacio\/"}]}},"_links":{"self":[{"href":"https:\/\/mont-roig.cat\/es\/wp-json\/wp\/v2\/posts\/78351","targetHints":{"allow":["GET"]}}],"collection":[{"href":"https:\/\/mont-roig.cat\/es\/wp-json\/wp\/v2\/posts"}],"about":[{"href":"https:\/\/mont-roig.cat\/es\/wp-json\/wp\/v2\/types\/post"}],"author":[{"embeddable":true,"href":"https:\/\/mont-roig.cat\/es\/wp-json\/wp\/v2\/users\/13"}],"replies":[{"embeddable":true,"href":"https:\/\/mont-roig.cat\/es\/wp-json\/wp\/v2\/comments?post=78351"}],"version-history":[{"count":2,"href":"https:\/\/mont-roig.cat\/es\/wp-json\/wp\/v2\/posts\/78351\/revisions"}],"predecessor-version":[{"id":78353,"href":"https:\/\/mont-roig.cat\/es\/wp-json\/wp\/v2\/posts\/78351\/revisions\/78353"}],"wp:featuredmedia":[{"embeddable":true,"href":"https:\/\/mont-roig.cat\/es\/wp-json\/wp\/v2\/media\/78348"}],"wp:attachment":[{"href":"https:\/\/mont-roig.cat\/es\/wp-json\/wp\/v2\/media?parent=78351"}],"wp:term":[{"taxonomy":"category","embeddable":true,"href":"https:\/\/mont-roig.cat\/es\/wp-json\/wp\/v2\/categories?post=78351"},{"taxonomy":"post_tag","embeddable":true,"href":"https:\/\/mont-roig.cat\/es\/wp-json\/wp\/v2\/tags?post=78351"}],"curies":[{"name":"wp","href":"https:\/\/api.w.org\/{rel}","templated":true}]}}