{"id":78359,"date":"2024-09-05T12:15:26","date_gmt":"2024-09-05T10:15:26","guid":{"rendered":"https:\/\/mont-roig.cat\/actualitat\/noticies\/nova-temporada-dactivitats-esportives-2024-2025-a-partir-del-16-de-setembre\/"},"modified":"2024-09-05T12:22:54","modified_gmt":"2024-09-05T10:22:54","slug":"nueva-temporada-de-actividades-deportivas-2024-2025-a-partir-del-16-de-septiembre","status":"publish","type":"post","link":"https:\/\/mont-roig.cat\/es\/actualitat\/noticies\/nueva-temporada-de-actividades-deportivas-2024-2025-a-partir-del-16-de-septiembre\/","title":{"rendered":"Nueva temporada de actividades deportivas 2024-2025 a partir del 16 de septiembre"},"content":{"rendered":"<ul>\n<li><strong><a href=\"https:\/\/mont-roig.cat\/wp-content\/uploads\/MM_ESPORTS_TARDOR24_META.png\"><img loading=\"lazy\" decoding=\"async\" class=\"alignright wp-image-78285\" src=\"https:\/\/mont-roig.cat\/wp-content\/uploads\/MM_ESPORTS_TARDOR24_META-500x262.png\" alt=\"\" width=\"302\" height=\"158\" srcset=\"https:\/\/mont-roig.cat\/wp-content\/uploads\/MM_ESPORTS_TARDOR24_META-500x262.png 500w, https:\/\/mont-roig.cat\/wp-content\/uploads\/MM_ESPORTS_TARDOR24_META-1024x536.png 1024w, https:\/\/mont-roig.cat\/wp-content\/uploads\/MM_ESPORTS_TARDOR24_META-768x402.png 768w, https:\/\/mont-roig.cat\/wp-content\/uploads\/MM_ESPORTS_TARDOR24_META-1536x804.png 1536w, https:\/\/mont-roig.cat\/wp-content\/uploads\/MM_ESPORTS_TARDOR24_META.png 2048w\" sizes=\"auto, (max-width: 302px) 100vw, 302px\" \/><\/a>Las inscripciones para las actividades infantiles deben hacerse a trav\u00e9s de la app ReservaPlay. Los ni\u00f1os que ya participaron en las actividades de nataci\u00f3n la temporada pasada podr\u00e1n inscribirse del 6 al 10 de septiembre, mientras que el resto de la poblaci\u00f3n podr\u00e1 hacerlo a partir del 11 de septiembre. Para las dem\u00e1s actividades, las inscripciones estar\u00e1n disponibles durante todo el a\u00f1o.<\/strong><\/li>\n<\/ul>\n<p>El \u00c1rea de Deportes del Ayuntamiento de Mont-roig del Camp anuncia el inicio de la nueva temporada de actividades deportivas, que comenzar\u00e1 el pr\u00f3ximo 16 de septiembre de 2024 y se extender\u00e1 hasta el 20 de junio de 2025. Esta edici\u00f3n incluye una amplia oferta deportiva, pensada para todas las edades y adaptada a diferentes necesidades, desde ni\u00f1os hasta personas mayores, con el objetivo de promover la actividad f\u00edsica y un estilo de vida saludable.<\/p>\n<p><strong>Novedades para esta temporada<\/strong><\/p>\n<p>Este a\u00f1o se ampl\u00edan los horarios de apertura de la sala de fitness en el Polideportivo de Miami Platja y en el Polideportivo de Mont-roig. Ahora, estar\u00e1n abiertos de lunes a viernes, de 7:00 a 21:30. Los s\u00e1bados tambi\u00e9n abrir\u00e1n en dos franjas: de 9:00 a 13:00 y de 16:00 a 20:00. Tambi\u00e9n habr\u00e1 nuevos horarios de fin de semana. Como novedad, las salas de fitness estar\u00e1n disponibles los s\u00e1bados por la tarde para todos aquellos que quieran aprovechar su tiempo libre de manera saludable. Por \u00faltimo, se mantienen los mismos precios y abonos que la temporada pasada.<\/p>\n<p><strong>Actividades para todas las edades<\/strong><\/p>\n<p>Para los ni\u00f1os, adem\u00e1s de Diveresports y nataci\u00f3n, se ofrecen m\u00faltiples actividades dirigidas por clubes y entidades locales. Entre las propuestas para adultos, destacan el ciclismo de sala, las clases de pilates, tonificaci\u00f3n muscular, HIIT Full Body y actividades virtuales de ciclismo para adaptarse a diferentes niveles y horarios. En cuanto a las personas mayores, se mantienen las sesiones de gimnasia suave y otras actividades como las caminatas, que fomentan el bienestar f\u00edsico y social en un entorno seguro y de apoyo.<\/p>\n<p><strong>Inscripciones y reservas <\/strong><\/p>\n<p>Las inscripciones para las actividades infantiles deben realizarse a trav\u00e9s de la app ReservaPlay, que facilita la reserva de espacios deportivos y clases dirigidas. Los ni\u00f1os que ya participaron en las actividades de nataci\u00f3n la temporada pasada podr\u00e1n inscribirse del 6 al 10 de septiembre, mientras que el resto de la poblaci\u00f3n podr\u00e1 hacerlo a partir del 11 de septiembre. Para las dem\u00e1s actividades, las inscripciones estar\u00e1n disponibles durante todo el a\u00f1o.<\/p>\n<p><strong>Inscripciones en <a href=\"https:\/\/mont-roig.reservaplay.cat\/view\/reserves\/admin_actividades\" target=\"_blank\" rel=\"noopener\">https:\/\/mont-roig.reservaplay.cat\/view\/reserves\/admin_actividades<\/a><br \/>\n<\/strong><\/p>\n<p><strong>Descarga del programa completo de las actividades deportivas <a href=\"https:\/\/mont-roig.cat\/wp-content\/uploads\/MM_ESPORTS_TARDOR24_web.pdf\" target=\"_blank\" rel=\"noopener\">en este enlace.\u00a0<\/a><\/strong><\/p>\n","protected":false},"excerpt":{"rendered":"<p>Las inscripciones para las actividades infantiles deben hacerse a trav\u00e9s de la app ReservaPlay. Los ni\u00f1os que ya participaron en las actividades de nataci\u00f3n la temporada pasada podr\u00e1n inscribirse del 6 al 10 de septiembre, mientras que el resto de la poblaci\u00f3n podr\u00e1 hacerlo a partir del 11 de septiembre. Para las dem\u00e1s actividades, las [&hellip;]<\/p>\n","protected":false},"author":13,"featured_media":78286,"comment_status":"closed","ping_status":"closed","sticky":false,"template":"","format":"standard","meta":{"inline_featured_image":false,"_monsterinsights_skip_tracking":false,"_monsterinsights_sitenote_active":false,"_monsterinsights_sitenote_note":"","_monsterinsights_sitenote_category":0,"footnotes":""},"categories":[98,104],"tags":[],"class_list":["post-78359","post","type-post","status-publish","format-standard","has-post-thumbnail","hentry","category-ayuntamiento","category-deportes"],"yoast_head":"<!-- This site is optimized with the Yoast SEO plugin v27.4 - https:\/\/yoast.com\/product\/yoast-seo-wordpress\/ -->\n<title>Nueva temporada de actividades deportivas 2024-2025 a partir del 16 de septiembre - Ajuntament de Mont-roig del Camp<\/title>\n<meta name=\"robots\" content=\"index, follow, max-snippet:-1, max-image-preview:large, max-video-preview:-1\" \/>\n<link rel=\"canonical\" href=\"https:\/\/mont-roig.cat\/es\/actualitat\/noticies\/nueva-temporada-de-actividades-deportivas-2024-2025-a-partir-del-16-de-septiembre\/\" \/>\n<meta property=\"og:locale\" content=\"es_ES\" \/>\n<meta property=\"og:type\" content=\"article\" \/>\n<meta property=\"og:title\" content=\"Nueva temporada de actividades deportivas 2024-2025 a partir del 16 de septiembre - Ajuntament de Mont-roig del Camp\" \/>\n<meta property=\"og:description\" content=\"Las inscripciones para las actividades infantiles deben hacerse a trav\u00e9s de la app ReservaPlay. Los ni\u00f1os que ya participaron en las actividades de nataci\u00f3n la temporada pasada podr\u00e1n inscribirse del 6 al 10 de septiembre, mientras que el resto de la poblaci\u00f3n podr\u00e1 hacerlo a partir del 11 de septiembre. Para las dem\u00e1s actividades, las [&hellip;]\" \/>\n<meta property=\"og:url\" content=\"https:\/\/mont-roig.cat\/es\/actualitat\/noticies\/nueva-temporada-de-actividades-deportivas-2024-2025-a-partir-del-16-de-septiembre\/\" \/>\n<meta property=\"og:site_name\" content=\"Ajuntament de Mont-roig del Camp\" \/>\n<meta property=\"article:published_time\" content=\"2024-09-05T10:15:26+00:00\" \/>\n<meta property=\"article:modified_time\" content=\"2024-09-05T10:22:54+00:00\" \/>\n<meta property=\"og:image\" content=\"https:\/\/mont-roig.cat\/wp-content\/uploads\/MM_ESPORTS_TARDOR24_META-1024x536.png\" \/>\n\t<meta property=\"og:image:width\" content=\"1024\" \/>\n\t<meta property=\"og:image:height\" content=\"536\" \/>\n\t<meta property=\"og:image:type\" content=\"image\/png\" \/>\n<meta name=\"author\" content=\"comunicacio\" \/>\n<meta name=\"twitter:card\" content=\"summary_large_image\" \/>\n<meta name=\"twitter:label1\" content=\"Escrito por\" \/>\n\t<meta name=\"twitter:data1\" content=\"comunicacio\" \/>\n\t<meta name=\"twitter:label2\" content=\"Tiempo de lectura\" \/>\n\t<meta name=\"twitter:data2\" content=\"3 minutos\" \/>\n<script type=\"application\/ld+json\" class=\"yoast-schema-graph\">{\"@context\":\"https:\\\/\\\/schema.org\",\"@graph\":[{\"@type\":\"Article\",\"@id\":\"https:\\\/\\\/mont-roig.cat\\\/es\\\/actualitat\\\/noticies\\\/nueva-temporada-de-actividades-deportivas-2024-2025-a-partir-del-16-de-septiembre\\\/#article\",\"isPartOf\":{\"@id\":\"https:\\\/\\\/mont-roig.cat\\\/es\\\/actualitat\\\/noticies\\\/nueva-temporada-de-actividades-deportivas-2024-2025-a-partir-del-16-de-septiembre\\\/\"},\"author\":{\"name\":\"comunicacio\",\"@id\":\"https:\\\/\\\/mont-roig.cat\\\/es\\\/#\\\/schema\\\/person\\\/1f73e7b5e6f9dd122e8a6f14f310ac5e\"},\"headline\":\"Nueva temporada de actividades deportivas 2024-2025 a partir del 16 de septiembre\",\"datePublished\":\"2024-09-05T10:15:26+00:00\",\"dateModified\":\"2024-09-05T10:22:54+00:00\",\"mainEntityOfPage\":{\"@id\":\"https:\\\/\\\/mont-roig.cat\\\/es\\\/actualitat\\\/noticies\\\/nueva-temporada-de-actividades-deportivas-2024-2025-a-partir-del-16-de-septiembre\\\/\"},\"wordCount\":452,\"image\":{\"@id\":\"https:\\\/\\\/mont-roig.cat\\\/es\\\/actualitat\\\/noticies\\\/nueva-temporada-de-actividades-deportivas-2024-2025-a-partir-del-16-de-septiembre\\\/#primaryimage\"},\"thumbnailUrl\":\"https:\\\/\\\/mont-roig.cat\\\/wp-content\\\/uploads\\\/MM_ESPORTS_TARDOR24_META.png\",\"articleSection\":[\"Ayuntamiento\",\"Deportes\"],\"inLanguage\":\"es\"},{\"@type\":\"WebPage\",\"@id\":\"https:\\\/\\\/mont-roig.cat\\\/es\\\/actualitat\\\/noticies\\\/nueva-temporada-de-actividades-deportivas-2024-2025-a-partir-del-16-de-septiembre\\\/\",\"url\":\"https:\\\/\\\/mont-roig.cat\\\/es\\\/actualitat\\\/noticies\\\/nueva-temporada-de-actividades-deportivas-2024-2025-a-partir-del-16-de-septiembre\\\/\",\"name\":\"Nueva temporada de actividades deportivas 2024-2025 a partir del 16 de septiembre - Ajuntament de Mont-roig del Camp\",\"isPartOf\":{\"@id\":\"https:\\\/\\\/mont-roig.cat\\\/es\\\/#website\"},\"primaryImageOfPage\":{\"@id\":\"https:\\\/\\\/mont-roig.cat\\\/es\\\/actualitat\\\/noticies\\\/nueva-temporada-de-actividades-deportivas-2024-2025-a-partir-del-16-de-septiembre\\\/#primaryimage\"},\"image\":{\"@id\":\"https:\\\/\\\/mont-roig.cat\\\/es\\\/actualitat\\\/noticies\\\/nueva-temporada-de-actividades-deportivas-2024-2025-a-partir-del-16-de-septiembre\\\/#primaryimage\"},\"thumbnailUrl\":\"https:\\\/\\\/mont-roig.cat\\\/wp-content\\\/uploads\\\/MM_ESPORTS_TARDOR24_META.png\",\"datePublished\":\"2024-09-05T10:15:26+00:00\",\"dateModified\":\"2024-09-05T10:22:54+00:00\",\"author\":{\"@id\":\"https:\\\/\\\/mont-roig.cat\\\/es\\\/#\\\/schema\\\/person\\\/1f73e7b5e6f9dd122e8a6f14f310ac5e\"},\"breadcrumb\":{\"@id\":\"https:\\\/\\\/mont-roig.cat\\\/es\\\/actualitat\\\/noticies\\\/nueva-temporada-de-actividades-deportivas-2024-2025-a-partir-del-16-de-septiembre\\\/#breadcrumb\"},\"inLanguage\":\"es\",\"potentialAction\":[{\"@type\":\"ReadAction\",\"target\":[\"https:\\\/\\\/mont-roig.cat\\\/es\\\/actualitat\\\/noticies\\\/nueva-temporada-de-actividades-deportivas-2024-2025-a-partir-del-16-de-septiembre\\\/\"]}]},{\"@type\":\"ImageObject\",\"inLanguage\":\"es\",\"@id\":\"https:\\\/\\\/mont-roig.cat\\\/es\\\/actualitat\\\/noticies\\\/nueva-temporada-de-actividades-deportivas-2024-2025-a-partir-del-16-de-septiembre\\\/#primaryimage\",\"url\":\"https:\\\/\\\/mont-roig.cat\\\/wp-content\\\/uploads\\\/MM_ESPORTS_TARDOR24_META.png\",\"contentUrl\":\"https:\\\/\\\/mont-roig.cat\\\/wp-content\\\/uploads\\\/MM_ESPORTS_TARDOR24_META.png\",\"width\":2500,\"height\":1308},{\"@type\":\"BreadcrumbList\",\"@id\":\"https:\\\/\\\/mont-roig.cat\\\/es\\\/actualitat\\\/noticies\\\/nueva-temporada-de-actividades-deportivas-2024-2025-a-partir-del-16-de-septiembre\\\/#breadcrumb\",\"itemListElement\":[{\"@type\":\"ListItem\",\"position\":1,\"name\":\"Inici\",\"item\":\"https:\\\/\\\/mont-roig.cat\\\/es\\\/pagina-de-inicio\\\/\"},{\"@type\":\"ListItem\",\"position\":2,\"name\":\"Nueva temporada de actividades deportivas 2024-2025 a partir del 16 de septiembre\"}]},{\"@type\":\"WebSite\",\"@id\":\"https:\\\/\\\/mont-roig.cat\\\/es\\\/#website\",\"url\":\"https:\\\/\\\/mont-roig.cat\\\/es\\\/\",\"name\":\"Ajuntament de Mont-roig del Camp\",\"description\":\"Tota la informaci\u00f3 sobre la instituci\u00f3, els seus \u00f2rgans de govern, actualitat, serveis i molt m\u00e9s.\",\"potentialAction\":[{\"@type\":\"SearchAction\",\"target\":{\"@type\":\"EntryPoint\",\"urlTemplate\":\"https:\\\/\\\/mont-roig.cat\\\/es\\\/?s={search_term_string}\"},\"query-input\":{\"@type\":\"PropertyValueSpecification\",\"valueRequired\":true,\"valueName\":\"search_term_string\"}}],\"inLanguage\":\"es\"},{\"@type\":\"Person\",\"@id\":\"https:\\\/\\\/mont-roig.cat\\\/es\\\/#\\\/schema\\\/person\\\/1f73e7b5e6f9dd122e8a6f14f310ac5e\",\"name\":\"comunicacio\",\"image\":{\"@type\":\"ImageObject\",\"inLanguage\":\"es\",\"@id\":\"https:\\\/\\\/secure.gravatar.com\\\/avatar\\\/98944333e7a877670a64f8d10f0cb680ab2c9ebc4efc43945ef004b52b5ad28c?s=96&d=mm&r=g\",\"url\":\"https:\\\/\\\/secure.gravatar.com\\\/avatar\\\/98944333e7a877670a64f8d10f0cb680ab2c9ebc4efc43945ef004b52b5ad28c?s=96&d=mm&r=g\",\"contentUrl\":\"https:\\\/\\\/secure.gravatar.com\\\/avatar\\\/98944333e7a877670a64f8d10f0cb680ab2c9ebc4efc43945ef004b52b5ad28c?s=96&d=mm&r=g\",\"caption\":\"comunicacio\"},\"url\":\"https:\\\/\\\/mont-roig.cat\\\/es\\\/actualitat\\\/noticies\\\/author\\\/comunicacio\\\/\"}]}<\/script>\n<!-- \/ Yoast SEO plugin. -->","yoast_head_json":{"title":"Nueva temporada de actividades deportivas 2024-2025 a partir del 16 de septiembre - Ajuntament de Mont-roig del Camp","robots":{"index":"index","follow":"follow","max-snippet":"max-snippet:-1","max-image-preview":"max-image-preview:large","max-video-preview":"max-video-preview:-1"},"canonical":"https:\/\/mont-roig.cat\/es\/actualitat\/noticies\/nueva-temporada-de-actividades-deportivas-2024-2025-a-partir-del-16-de-septiembre\/","og_locale":"es_ES","og_type":"article","og_title":"Nueva temporada de actividades deportivas 2024-2025 a partir del 16 de septiembre - Ajuntament de Mont-roig del Camp","og_description":"Las inscripciones para las actividades infantiles deben hacerse a trav\u00e9s de la app ReservaPlay. Los ni\u00f1os que ya participaron en las actividades de nataci\u00f3n la temporada pasada podr\u00e1n inscribirse del 6 al 10 de septiembre, mientras que el resto de la poblaci\u00f3n podr\u00e1 hacerlo a partir del 11 de septiembre. Para las dem\u00e1s actividades, las [&hellip;]","og_url":"https:\/\/mont-roig.cat\/es\/actualitat\/noticies\/nueva-temporada-de-actividades-deportivas-2024-2025-a-partir-del-16-de-septiembre\/","og_site_name":"Ajuntament de Mont-roig del Camp","article_published_time":"2024-09-05T10:15:26+00:00","article_modified_time":"2024-09-05T10:22:54+00:00","og_image":[{"width":1024,"height":536,"url":"https:\/\/mont-roig.cat\/wp-content\/uploads\/MM_ESPORTS_TARDOR24_META-1024x536.png","type":"image\/png"}],"author":"comunicacio","twitter_card":"summary_large_image","twitter_misc":{"Escrito por":"comunicacio","Tiempo de lectura":"3 minutos"},"schema":{"@context":"https:\/\/schema.org","@graph":[{"@type":"Article","@id":"https:\/\/mont-roig.cat\/es\/actualitat\/noticies\/nueva-temporada-de-actividades-deportivas-2024-2025-a-partir-del-16-de-septiembre\/#article","isPartOf":{"@id":"https:\/\/mont-roig.cat\/es\/actualitat\/noticies\/nueva-temporada-de-actividades-deportivas-2024-2025-a-partir-del-16-de-septiembre\/"},"author":{"name":"comunicacio","@id":"https:\/\/mont-roig.cat\/es\/#\/schema\/person\/1f73e7b5e6f9dd122e8a6f14f310ac5e"},"headline":"Nueva temporada de actividades deportivas 2024-2025 a partir del 16 de septiembre","datePublished":"2024-09-05T10:15:26+00:00","dateModified":"2024-09-05T10:22:54+00:00","mainEntityOfPage":{"@id":"https:\/\/mont-roig.cat\/es\/actualitat\/noticies\/nueva-temporada-de-actividades-deportivas-2024-2025-a-partir-del-16-de-septiembre\/"},"wordCount":452,"image":{"@id":"https:\/\/mont-roig.cat\/es\/actualitat\/noticies\/nueva-temporada-de-actividades-deportivas-2024-2025-a-partir-del-16-de-septiembre\/#primaryimage"},"thumbnailUrl":"https:\/\/mont-roig.cat\/wp-content\/uploads\/MM_ESPORTS_TARDOR24_META.png","articleSection":["Ayuntamiento","Deportes"],"inLanguage":"es"},{"@type":"WebPage","@id":"https:\/\/mont-roig.cat\/es\/actualitat\/noticies\/nueva-temporada-de-actividades-deportivas-2024-2025-a-partir-del-16-de-septiembre\/","url":"https:\/\/mont-roig.cat\/es\/actualitat\/noticies\/nueva-temporada-de-actividades-deportivas-2024-2025-a-partir-del-16-de-septiembre\/","name":"Nueva temporada de actividades deportivas 2024-2025 a partir del 16 de septiembre - Ajuntament de Mont-roig del Camp","isPartOf":{"@id":"https:\/\/mont-roig.cat\/es\/#website"},"primaryImageOfPage":{"@id":"https:\/\/mont-roig.cat\/es\/actualitat\/noticies\/nueva-temporada-de-actividades-deportivas-2024-2025-a-partir-del-16-de-septiembre\/#primaryimage"},"image":{"@id":"https:\/\/mont-roig.cat\/es\/actualitat\/noticies\/nueva-temporada-de-actividades-deportivas-2024-2025-a-partir-del-16-de-septiembre\/#primaryimage"},"thumbnailUrl":"https:\/\/mont-roig.cat\/wp-content\/uploads\/MM_ESPORTS_TARDOR24_META.png","datePublished":"2024-09-05T10:15:26+00:00","dateModified":"2024-09-05T10:22:54+00:00","author":{"@id":"https:\/\/mont-roig.cat\/es\/#\/schema\/person\/1f73e7b5e6f9dd122e8a6f14f310ac5e"},"breadcrumb":{"@id":"https:\/\/mont-roig.cat\/es\/actualitat\/noticies\/nueva-temporada-de-actividades-deportivas-2024-2025-a-partir-del-16-de-septiembre\/#breadcrumb"},"inLanguage":"es","potentialAction":[{"@type":"ReadAction","target":["https:\/\/mont-roig.cat\/es\/actualitat\/noticies\/nueva-temporada-de-actividades-deportivas-2024-2025-a-partir-del-16-de-septiembre\/"]}]},{"@type":"ImageObject","inLanguage":"es","@id":"https:\/\/mont-roig.cat\/es\/actualitat\/noticies\/nueva-temporada-de-actividades-deportivas-2024-2025-a-partir-del-16-de-septiembre\/#primaryimage","url":"https:\/\/mont-roig.cat\/wp-content\/uploads\/MM_ESPORTS_TARDOR24_META.png","contentUrl":"https:\/\/mont-roig.cat\/wp-content\/uploads\/MM_ESPORTS_TARDOR24_META.png","width":2500,"height":1308},{"@type":"BreadcrumbList","@id":"https:\/\/mont-roig.cat\/es\/actualitat\/noticies\/nueva-temporada-de-actividades-deportivas-2024-2025-a-partir-del-16-de-septiembre\/#breadcrumb","itemListElement":[{"@type":"ListItem","position":1,"name":"Inici","item":"https:\/\/mont-roig.cat\/es\/pagina-de-inicio\/"},{"@type":"ListItem","position":2,"name":"Nueva temporada de actividades deportivas 2024-2025 a partir del 16 de septiembre"}]},{"@type":"WebSite","@id":"https:\/\/mont-roig.cat\/es\/#website","url":"https:\/\/mont-roig.cat\/es\/","name":"Ajuntament de Mont-roig del Camp","description":"Tota la informaci\u00f3 sobre la instituci\u00f3, els seus \u00f2rgans de govern, actualitat, serveis i molt m\u00e9s.","potentialAction":[{"@type":"SearchAction","target":{"@type":"EntryPoint","urlTemplate":"https:\/\/mont-roig.cat\/es\/?s={search_term_string}"},"query-input":{"@type":"PropertyValueSpecification","valueRequired":true,"valueName":"search_term_string"}}],"inLanguage":"es"},{"@type":"Person","@id":"https:\/\/mont-roig.cat\/es\/#\/schema\/person\/1f73e7b5e6f9dd122e8a6f14f310ac5e","name":"comunicacio","image":{"@type":"ImageObject","inLanguage":"es","@id":"https:\/\/secure.gravatar.com\/avatar\/98944333e7a877670a64f8d10f0cb680ab2c9ebc4efc43945ef004b52b5ad28c?s=96&d=mm&r=g","url":"https:\/\/secure.gravatar.com\/avatar\/98944333e7a877670a64f8d10f0cb680ab2c9ebc4efc43945ef004b52b5ad28c?s=96&d=mm&r=g","contentUrl":"https:\/\/secure.gravatar.com\/avatar\/98944333e7a877670a64f8d10f0cb680ab2c9ebc4efc43945ef004b52b5ad28c?s=96&d=mm&r=g","caption":"comunicacio"},"url":"https:\/\/mont-roig.cat\/es\/actualitat\/noticies\/author\/comunicacio\/"}]}},"_links":{"self":[{"href":"https:\/\/mont-roig.cat\/es\/wp-json\/wp\/v2\/posts\/78359","targetHints":{"allow":["GET"]}}],"collection":[{"href":"https:\/\/mont-roig.cat\/es\/wp-json\/wp\/v2\/posts"}],"about":[{"href":"https:\/\/mont-roig.cat\/es\/wp-json\/wp\/v2\/types\/post"}],"author":[{"embeddable":true,"href":"https:\/\/mont-roig.cat\/es\/wp-json\/wp\/v2\/users\/13"}],"replies":[{"embeddable":true,"href":"https:\/\/mont-roig.cat\/es\/wp-json\/wp\/v2\/comments?post=78359"}],"version-history":[{"count":3,"href":"https:\/\/mont-roig.cat\/es\/wp-json\/wp\/v2\/posts\/78359\/revisions"}],"predecessor-version":[{"id":78362,"href":"https:\/\/mont-roig.cat\/es\/wp-json\/wp\/v2\/posts\/78359\/revisions\/78362"}],"wp:featuredmedia":[{"embeddable":true,"href":"https:\/\/mont-roig.cat\/es\/wp-json\/wp\/v2\/media\/78286"}],"wp:attachment":[{"href":"https:\/\/mont-roig.cat\/es\/wp-json\/wp\/v2\/media?parent=78359"}],"wp:term":[{"taxonomy":"category","embeddable":true,"href":"https:\/\/mont-roig.cat\/es\/wp-json\/wp\/v2\/categories?post=78359"},{"taxonomy":"post_tag","embeddable":true,"href":"https:\/\/mont-roig.cat\/es\/wp-json\/wp\/v2\/tags?post=78359"}],"curies":[{"name":"wp","href":"https:\/\/api.w.org\/{rel}","templated":true}]}}