{"id":78394,"date":"2024-09-06T14:31:38","date_gmt":"2024-09-06T12:31:38","guid":{"rendered":"https:\/\/mont-roig.cat\/actualitat\/noticies\/el-nou-govern-de-la-generalitat-referma-el-seu-compromis-amb-el-projecte-lotte-en-la-seva-visita-a-mont-roig-del-camp\/"},"modified":"2024-09-06T16:50:29","modified_gmt":"2024-09-06T14:50:29","slug":"el-nuevo-gobierno-de-la-generalitat-reafirma-su-compromiso-con-el-proyecto-lotte-en-su-visita-a-mont-roig-del-camp","status":"publish","type":"post","link":"https:\/\/mont-roig.cat\/es\/actualitat\/noticies\/el-nuevo-gobierno-de-la-generalitat-reafirma-su-compromiso-con-el-proyecto-lotte-en-su-visita-a-mont-roig-del-camp\/","title":{"rendered":"El nuevo Gobierno de la Generalitat reafirma su compromiso con el proyecto LOTTE en su visita a Mont-roig del Camp"},"content":{"rendered":"<ul>\n<li>\n<div id=\"attachment_78431\" style=\"width: 316px\" class=\"wp-caption alignright\"><a href=\"https:\/\/mont-roig.cat\/wp-content\/uploads\/ajuntament-generalitat-i-lotte-scaled.jpeg\" target=\"_blank\" rel=\"noopener\"><img loading=\"lazy\" decoding=\"async\" aria-describedby=\"caption-attachment-78431\" class=\"wp-image-78431\" src=\"https:\/\/mont-roig.cat\/wp-content\/uploads\/ajuntament-generalitat-i-lotte-500x333.jpeg\" alt=\"\" width=\"306\" height=\"204\" srcset=\"https:\/\/mont-roig.cat\/wp-content\/uploads\/ajuntament-generalitat-i-lotte-500x333.jpeg 500w, https:\/\/mont-roig.cat\/wp-content\/uploads\/ajuntament-generalitat-i-lotte-1024x683.jpeg 1024w, https:\/\/mont-roig.cat\/wp-content\/uploads\/ajuntament-generalitat-i-lotte-768x512.jpeg 768w, https:\/\/mont-roig.cat\/wp-content\/uploads\/ajuntament-generalitat-i-lotte-1536x1024.jpeg 1536w, https:\/\/mont-roig.cat\/wp-content\/uploads\/ajuntament-generalitat-i-lotte-scaled.jpeg 2048w\" sizes=\"auto, (max-width: 306px) 100vw, 306px\" \/><\/a><p id=\"caption-attachment-78431\" class=\"wp-caption-text\">El alcade Fran Morancho, los responsables de LOTTE Spain y el conseller S\u00e0mper.<\/p><\/div>\n<p><strong>El conseller de Empresa i Treball, Miquel S\u00e0mper, ha visitado hoy Mont-roig del Camp, donde ha sido recibido por el alcalde Fran Morancho y buena parte de los concejales y concejalas del consistorio. Posteriormente, ha mantenido una reuni\u00f3n de trabajo con los representantes de la empresa coreana.<\/strong><\/li>\n<\/ul>\n<p>El nuevo Govern de la Generalitat de Catalunya ha mostrado hoy en Mont-roig del Camp su apoyo a la inversi\u00f3n que la empresa coreana LOTTE quiere realizar en el municipio en los pr\u00f3ximos a\u00f1os. Por este motivo, el nuevo conseller de Empresa i Treball, Miquel S\u00e0mper, ha visitado Mont-roig del Camp para conocer personalmente el proyecto y manifestar el apoyo del Govern catal\u00e1n a esta inversi\u00f3n estrat\u00e9gica para el municipio y para el conjunto del Camp de Tarragona.<\/p>\n<p>A primera hora de la ma\u00f1ana, S\u00e0mper ha sido recibido por el alcalde de Mont-roig del Camp, Fran Morancho, y representantes del consistorio de los grupos municipales del PSC, ERC, IMM y Vox. S\u00e0mper ha firmado en el libro de honor del Ayuntamiento de Mont-roig del Camp y ha mantenido una reuni\u00f3n de trabajo en el mismo consistorio. Posteriormente, S\u00e0mper, acompa\u00f1ado por el alcalde; el director general de Industria, Oriol Alcoba; la concejal de Impulso Econ\u00f3mico, Yolanda P\u00e9rez; y el concejal de Urbanismo, Jordi Alemany, entre otros, se han trasladado a Mas Mir\u00f3, donde han sido recibidos por Elena Juncosa, la directora de este equipamiento cultural. Tras una breve visita a Mas Mir\u00f3, la delegaci\u00f3n del Govern y del consistorio de Mont-roig del Camp ha mantenido una reuni\u00f3n con representantes de la empresa LOTTE, encabezados por Taeil Lim, director de LOTTE Energy Materials Spain, y los dos arquitectos coreanos responsables del proyecto.<\/p>\n<p><strong>Los pr\u00f3ximos pasos<\/strong><\/p>\n<p>Tras la reuni\u00f3n, el alcalde Fran Morancho ha confirmado que toda la tramitaci\u00f3n de LOTTE contin\u00faa avanzando tal y como estaba previsto. Ahora, el pr\u00f3ximo paso es la aprobaci\u00f3n definitiva, el d\u00eda 25 de septiembre, por parte de la Comisi\u00f3n Territorial de Urbanismo de la modificaci\u00f3n del POUM. Paralelamente a esta aprobaci\u00f3n, el alcalde ha explicado que se est\u00e1n realizando diversos tr\u00e1mites antes de otorgar la licencia de obras definitiva. La voluntad de los impulsores del proyecto, seg\u00fan Morancho, es que las obras de LOTTE comiencen durante &#8220;el segundo trimestre de 2025&#8221; y que la f\u00e1brica de componentes para bater\u00edas el\u00e9ctricas del sector de la automoci\u00f3n deber\u00eda estar operativa en 2027, seg\u00fan fuentes de la empresa.<\/p>\n<p>Fran Morancho ha asegurado que ha sido un placer \u201crecibir al nuevo conseller, que ha tenido la oportunidad de conocer el proyecto por parte de la propia empresa\u201d. El alcalde ha dicho que todas las partes \u201cestamos cumpliendo todos los plazos que estaban contemplados inicialmente\u201d y ha a\u00f1adido que continuar\u00e1 trabajando para acelerar todo lo posible la tramitaci\u00f3n administrativa de esta inversi\u00f3n.<\/p>\n<p>Por su parte, Miquel S\u00e0mper ha explicado que la Generalitat tiene un doble compromiso \u201ccon el territorio y con la industria\u201d. El conseller de Empresa ha a\u00f1adido que \u201ctenemos muy claro que la industria ser\u00e1 para este Gobierno un objetivo fundamental. Queremos un empleo de calidad y duradero en el tiempo, y eso lo da la industria\u201d. S\u00e0mper tambi\u00e9n ha tenido palabras para la visi\u00f3n estrat\u00e9gica del Ayuntamiento de Mont-roig del Camp y por el trabajo que ha realizado en los \u00faltimos a\u00f1os. \u201cEl proyecto de LOTTE, capitaneado por el Ayuntamiento de Mont-roig del Camp desde hace muchos a\u00f1os, demuestra una visi\u00f3n estrat\u00e9gica y pol\u00edtica de este consistorio que hay que destacar. Por eso, el proyecto tiene el apoyo \u00edntegro y absoluto de la Generalitat de Catalunya\u201d<\/p>\n\n\t\t<!-- MasterSlider -->\n\t\t<div id=\"P_MS69f3f1ce07446\" class=\"master-slider-parent master-slider-gallery   ms-parent-id-0\"  >\n\n\t\t\t\n\t\t\t<!-- MasterSlider Main -->\n\t\t\t<div id=\"MS69f3f1ce07446\" class=\"master-slider ms-skin-default\" >\n\t\t\t\t \t\t\t\t \n\t\t\t<div  class=\"ms-slide\" data-delay=\"3\"    >\n\t\t\t\t\t<img decoding=\"async\" src=\"https:\/\/mont-roig.cat\/wp-content\/plugins\/masterslider\/public\/assets\/css\/blank.gif\" alt=\"visita mas miro2\u00e7\" title=\"visita mas miro2\u00e7\" data-src=\"https:\/\/mont-roig.cat\/wp-content\/uploadsArray\" \/>\n\t<a href=\"https:\/\/mont-roig.cat\/es\/actualitat\/noticies\/el-nuevo-gobierno-de-la-generalitat-reafirma-su-compromiso-con-el-proyecto-lotte-en-su-visita-a-mont-roig-del-camp\/visita-mas-miro2c-2\/\" target=\"_self\"    >visita mas miro2\u00e7<\/a>\n\n\t\t\t\t\t<div class=\"ms-info\">visita mas miro2\u00e7<\/div>\n\n\n\t<img decoding=\"async\" class=\"ms-thumb\" src=\"https:\/\/mont-roig.cat\/wp-content\/uploadsArray\" alt=\"visita mas miro2\u00e7\" \/>\n\t\t\t\t<\/div>\n\t\t\t<div  class=\"ms-slide\" data-delay=\"3\"    >\n\t\t\t\t\t<img decoding=\"async\" src=\"https:\/\/mont-roig.cat\/wp-content\/plugins\/masterslider\/public\/assets\/css\/blank.gif\" alt=\"reunio mas miro\" title=\"reunio mas miro\" data-src=\"https:\/\/mont-roig.cat\/wp-content\/uploadsArray\" \/>\n\t<a href=\"https:\/\/mont-roig.cat\/es\/actualitat\/noticies\/el-nuevo-gobierno-de-la-generalitat-reafirma-su-compromiso-con-el-proyecto-lotte-en-su-visita-a-mont-roig-del-camp\/reunio-mas-miro-2\/\" target=\"_self\"    >reunio mas miro<\/a>\n\n\t\t\t\t\t<div class=\"ms-info\">reunio mas miro<\/div>\n\n\n\t<img decoding=\"async\" class=\"ms-thumb\" src=\"https:\/\/mont-roig.cat\/wp-content\/uploadsArray\" alt=\"reunio mas miro\" \/>\n\t\t\t\t<\/div>\n\t\t\t<div  class=\"ms-slide\" data-delay=\"3\"    >\n\t\t\t\t\t<img decoding=\"async\" src=\"https:\/\/mont-roig.cat\/wp-content\/plugins\/masterslider\/public\/assets\/css\/blank.gif\" alt=\"5b2b186f-9912-468f-b983-1c8ce8e4999e\" title=\"5b2b186f-9912-468f-b983-1c8ce8e4999e\" data-src=\"https:\/\/mont-roig.cat\/wp-content\/uploadsArray\" \/>\n\t<a href=\"https:\/\/mont-roig.cat\/es\/actualitat\/noticies\/el-nuevo-gobierno-de-la-generalitat-reafirma-su-compromiso-con-el-proyecto-lotte-en-su-visita-a-mont-roig-del-camp\/5b2b186f-9912-468f-b983-1c8ce8e4999e-2\/\" target=\"_self\"    >5b2b186f-9912-468f-b983-1c8ce8e4999e<\/a>\n\n\t\t\t\t\t<div class=\"ms-info\">5b2b186f-9912-468f-b983-1c8ce8e4999e<\/div>\n\n\n\t<img decoding=\"async\" class=\"ms-thumb\" src=\"https:\/\/mont-roig.cat\/wp-content\/uploadsArray\" alt=\"5b2b186f-9912-468f-b983-1c8ce8e4999e\" \/>\n\t\t\t\t<\/div>\n\t\t\t<div  class=\"ms-slide\" data-delay=\"3\"    >\n\t\t\t\t\t<img decoding=\"async\" src=\"https:\/\/mont-roig.cat\/wp-content\/plugins\/masterslider\/public\/assets\/css\/blank.gif\" alt=\"24a0d1f2-6a94-4a9b-b75d-312b241fc688 (1)\" title=\"24a0d1f2-6a94-4a9b-b75d-312b241fc688 (1)\" data-src=\"https:\/\/mont-roig.cat\/wp-content\/uploadsArray\" \/>\n\t<a href=\"https:\/\/mont-roig.cat\/es\/actualitat\/noticies\/el-nuevo-gobierno-de-la-generalitat-reafirma-su-compromiso-con-el-proyecto-lotte-en-su-visita-a-mont-roig-del-camp\/24a0d1f2-6a94-4a9b-b75d-312b241fc688-1-2\/\" target=\"_self\"    >24a0d1f2-6a94-4a9b-b75d-312b241fc688 (1)<\/a>\n\n\t\t\t\t\t<div class=\"ms-info\">24a0d1f2-6a94-4a9b-b75d-312b241fc688 (1)<\/div>\n\n\n\t<img decoding=\"async\" class=\"ms-thumb\" src=\"https:\/\/mont-roig.cat\/wp-content\/uploadsArray\" alt=\"24a0d1f2-6a94-4a9b-b75d-312b241fc688 (1)\" \/>\n\t\t\t\t<\/div>\n\t\t\t<div  class=\"ms-slide\" data-delay=\"3\"    >\n\t\t\t\t\t<img decoding=\"async\" src=\"https:\/\/mont-roig.cat\/wp-content\/plugins\/masterslider\/public\/assets\/css\/blank.gif\" alt=\"32dea698-3863-49ec-aef4-d4f634f8ce06\" title=\"32dea698-3863-49ec-aef4-d4f634f8ce06\" data-src=\"https:\/\/mont-roig.cat\/wp-content\/uploadsArray\" \/>\n\t<a href=\"https:\/\/mont-roig.cat\/es\/actualitat\/noticies\/el-nuevo-gobierno-de-la-generalitat-reafirma-su-compromiso-con-el-proyecto-lotte-en-su-visita-a-mont-roig-del-camp\/32dea698-3863-49ec-aef4-d4f634f8ce06-2\/\" target=\"_self\"    >32dea698-3863-49ec-aef4-d4f634f8ce06<\/a>\n\n\t\t\t\t\t<div class=\"ms-info\">32dea698-3863-49ec-aef4-d4f634f8ce06<\/div>\n\n\n\t<img decoding=\"async\" class=\"ms-thumb\" src=\"https:\/\/mont-roig.cat\/wp-content\/uploadsArray\" alt=\"32dea698-3863-49ec-aef4-d4f634f8ce06\" \/>\n\t\t\t\t<\/div>\n\t\t\t<div  class=\"ms-slide\" data-delay=\"3\"    >\n\t\t\t\t\t<img decoding=\"async\" src=\"https:\/\/mont-roig.cat\/wp-content\/plugins\/masterslider\/public\/assets\/css\/blank.gif\" alt=\"d2570f1f-1f79-446c-9e41-c37e7b365266\" title=\"d2570f1f-1f79-446c-9e41-c37e7b365266\" data-src=\"https:\/\/mont-roig.cat\/wp-content\/uploadsArray\" \/>\n\t<a href=\"https:\/\/mont-roig.cat\/es\/actualitat\/noticies\/el-nuevo-gobierno-de-la-generalitat-reafirma-su-compromiso-con-el-proyecto-lotte-en-su-visita-a-mont-roig-del-camp\/d2570f1f-1f79-446c-9e41-c37e7b365266-2\/\" target=\"_self\"    >d2570f1f-1f79-446c-9e41-c37e7b365266<\/a>\n\n\t\t\t\t\t<div class=\"ms-info\">d2570f1f-1f79-446c-9e41-c37e7b365266<\/div>\n\n\n\t<img decoding=\"async\" class=\"ms-thumb\" src=\"https:\/\/mont-roig.cat\/wp-content\/uploadsArray\" alt=\"d2570f1f-1f79-446c-9e41-c37e7b365266\" \/>\n\t\t\t\t<\/div>\n\t\t\t<div  class=\"ms-slide\" data-delay=\"3\"    >\n\t\t\t\t\t<img decoding=\"async\" src=\"https:\/\/mont-roig.cat\/wp-content\/plugins\/masterslider\/public\/assets\/css\/blank.gif\" alt=\"sinagtura\" title=\"sinagtura\" data-src=\"https:\/\/mont-roig.cat\/wp-content\/uploadsArray\" \/>\n\t<a href=\"https:\/\/mont-roig.cat\/es\/actualitat\/noticies\/el-nuevo-gobierno-de-la-generalitat-reafirma-su-compromiso-con-el-proyecto-lotte-en-su-visita-a-mont-roig-del-camp\/sinagtura-2\/\" target=\"_self\"    >sinagtura<\/a>\n\n\t\t\t\t\t<div class=\"ms-info\">sinagtura<\/div>\n\n\n\t<img decoding=\"async\" class=\"ms-thumb\" src=\"https:\/\/mont-roig.cat\/wp-content\/uploadsArray\" alt=\"sinagtura\" \/>\n\t\t\t\t<\/div>\n\t\t\t<div  class=\"ms-slide\" data-delay=\"3\"    >\n\t\t\t\t\t<img decoding=\"async\" src=\"https:\/\/mont-roig.cat\/wp-content\/plugins\/masterslider\/public\/assets\/css\/blank.gif\" alt=\"sinagtura2\" title=\"sinagtura2\" data-src=\"https:\/\/mont-roig.cat\/wp-content\/uploadsArray\" \/>\n\t<a href=\"https:\/\/mont-roig.cat\/es\/actualitat\/noticies\/el-nuevo-gobierno-de-la-generalitat-reafirma-su-compromiso-con-el-proyecto-lotte-en-su-visita-a-mont-roig-del-camp\/sinagtura2-2\/\" target=\"_self\"    >sinagtura2<\/a>\n\n\t\t\t\t\t<div class=\"ms-info\">sinagtura2<\/div>\n\n\n\t<img decoding=\"async\" class=\"ms-thumb\" src=\"https:\/\/mont-roig.cat\/wp-content\/uploadsArray\" alt=\"sinagtura2\" \/>\n\t\t\t\t<\/div>\n\t\t\t<div  class=\"ms-slide\" data-delay=\"3\"    >\n\t\t\t\t\t<img decoding=\"async\" src=\"https:\/\/mont-roig.cat\/wp-content\/plugins\/masterslider\/public\/assets\/css\/blank.gif\" alt=\"f6109f74-8fcf-4f2b-af6b-ca2f2629d444\" title=\"f6109f74-8fcf-4f2b-af6b-ca2f2629d444\" data-src=\"https:\/\/mont-roig.cat\/wp-content\/uploadsArray\" \/>\n\t<a href=\"https:\/\/mont-roig.cat\/es\/actualitat\/noticies\/el-nuevo-gobierno-de-la-generalitat-reafirma-su-compromiso-con-el-proyecto-lotte-en-su-visita-a-mont-roig-del-camp\/f6109f74-8fcf-4f2b-af6b-ca2f2629d444-2\/\" target=\"_self\"    >f6109f74-8fcf-4f2b-af6b-ca2f2629d444<\/a>\n\n\t\t\t\t\t<div class=\"ms-info\">f6109f74-8fcf-4f2b-af6b-ca2f2629d444<\/div>\n\n\n\t<img decoding=\"async\" class=\"ms-thumb\" src=\"https:\/\/mont-roig.cat\/wp-content\/uploadsArray\" alt=\"f6109f74-8fcf-4f2b-af6b-ca2f2629d444\" \/>\n\t\t\t\t<\/div>\n\t\t\t<div  class=\"ms-slide\" data-delay=\"3\"    >\n\t\t\t\t\t<img decoding=\"async\" src=\"https:\/\/mont-roig.cat\/wp-content\/plugins\/masterslider\/public\/assets\/css\/blank.gif\" alt=\"0cbd6b1e-5789-4c0f-b276-7d966a62512e\" title=\"0cbd6b1e-5789-4c0f-b276-7d966a62512e\" data-src=\"https:\/\/mont-roig.cat\/wp-content\/uploadsArray\" \/>\n\t<a href=\"https:\/\/mont-roig.cat\/es\/actualitat\/noticies\/el-nuevo-gobierno-de-la-generalitat-reafirma-su-compromiso-con-el-proyecto-lotte-en-su-visita-a-mont-roig-del-camp\/0cbd6b1e-5789-4c0f-b276-7d966a62512e-2\/\" target=\"_self\"    >0cbd6b1e-5789-4c0f-b276-7d966a62512e<\/a>\n\n\t\t\t\t\t<div class=\"ms-info\">0cbd6b1e-5789-4c0f-b276-7d966a62512e<\/div>\n\n\n\t<img decoding=\"async\" class=\"ms-thumb\" src=\"https:\/\/mont-roig.cat\/wp-content\/uploadsArray\" alt=\"0cbd6b1e-5789-4c0f-b276-7d966a62512e\" \/>\n\t\t\t\t<\/div>\n\t\t\t<div  class=\"ms-slide\" data-delay=\"3\"    >\n\t\t\t\t\t<img decoding=\"async\" src=\"https:\/\/mont-roig.cat\/wp-content\/plugins\/masterslider\/public\/assets\/css\/blank.gif\" alt=\"69ee55b1-9474-4ce8-972e-bff7c4c63fe9\" title=\"69ee55b1-9474-4ce8-972e-bff7c4c63fe9\" data-src=\"https:\/\/mont-roig.cat\/wp-content\/uploadsArray\" \/>\n\t<a href=\"https:\/\/mont-roig.cat\/es\/actualitat\/noticies\/el-nuevo-gobierno-de-la-generalitat-reafirma-su-compromiso-con-el-proyecto-lotte-en-su-visita-a-mont-roig-del-camp\/69ee55b1-9474-4ce8-972e-bff7c4c63fe9-2\/\" target=\"_self\"    >69ee55b1-9474-4ce8-972e-bff7c4c63fe9<\/a>\n\n\t\t\t\t\t<div class=\"ms-info\">69ee55b1-9474-4ce8-972e-bff7c4c63fe9<\/div>\n\n\n\t<img decoding=\"async\" class=\"ms-thumb\" src=\"https:\/\/mont-roig.cat\/wp-content\/uploadsArray\" alt=\"69ee55b1-9474-4ce8-972e-bff7c4c63fe9\" \/>\n\t\t\t\t<\/div>\n\t\t\t<div  class=\"ms-slide\" data-delay=\"3\"    >\n\t\t\t\t\t<img decoding=\"async\" src=\"https:\/\/mont-roig.cat\/wp-content\/plugins\/masterslider\/public\/assets\/css\/blank.gif\" alt=\"reunio lotte\" title=\"reunio lotte\" data-src=\"https:\/\/mont-roig.cat\/wp-content\/uploadsArray\" \/>\n\t<a href=\"https:\/\/mont-roig.cat\/es\/actualitat\/noticies\/el-nuevo-gobierno-de-la-generalitat-reafirma-su-compromiso-con-el-proyecto-lotte-en-su-visita-a-mont-roig-del-camp\/reunio-lotte-2\/\" target=\"_self\"    >reunio lotte<\/a>\n\n\t\t\t\t\t<div class=\"ms-info\">reunio lotte<\/div>\n\n\n\t<img decoding=\"async\" class=\"ms-thumb\" src=\"https:\/\/mont-roig.cat\/wp-content\/uploadsArray\" alt=\"reunio lotte\" \/>\n\t\t\t\t<\/div>\n\t\t\t<div  class=\"ms-slide\" data-delay=\"3\"    >\n\t\t\t\t\t<img decoding=\"async\" src=\"https:\/\/mont-roig.cat\/wp-content\/plugins\/masterslider\/public\/assets\/css\/blank.gif\" alt=\"bc08e403-4bd4-4278-9568-3a712ee8f8d5\" title=\"bc08e403-4bd4-4278-9568-3a712ee8f8d5\" data-src=\"https:\/\/mont-roig.cat\/wp-content\/uploadsArray\" \/>\n\t<a href=\"https:\/\/mont-roig.cat\/es\/actualitat\/noticies\/el-nuevo-gobierno-de-la-generalitat-reafirma-su-compromiso-con-el-proyecto-lotte-en-su-visita-a-mont-roig-del-camp\/bc08e403-4bd4-4278-9568-3a712ee8f8d5-2\/\" target=\"_self\"    >bc08e403-4bd4-4278-9568-3a712ee8f8d5<\/a>\n\n\t\t\t\t\t<div class=\"ms-info\">bc08e403-4bd4-4278-9568-3a712ee8f8d5<\/div>\n\n\n\t<img decoding=\"async\" class=\"ms-thumb\" src=\"https:\/\/mont-roig.cat\/wp-content\/uploadsArray\" alt=\"bc08e403-4bd4-4278-9568-3a712ee8f8d5\" \/>\n\t\t\t\t<\/div>\n\t\t\t<div  class=\"ms-slide\" data-delay=\"3\"    >\n\t\t\t\t\t<img decoding=\"async\" src=\"https:\/\/mont-roig.cat\/wp-content\/plugins\/masterslider\/public\/assets\/css\/blank.gif\" alt=\"0750a4bc-0570-46d2-a9c1-dc96262923fa\" title=\"0750a4bc-0570-46d2-a9c1-dc96262923fa\" data-src=\"https:\/\/mont-roig.cat\/wp-content\/uploadsArray\" \/>\n\t<a href=\"https:\/\/mont-roig.cat\/es\/actualitat\/noticies\/el-nuevo-gobierno-de-la-generalitat-reafirma-su-compromiso-con-el-proyecto-lotte-en-su-visita-a-mont-roig-del-camp\/0750a4bc-0570-46d2-a9c1-dc96262923fa-2\/\" target=\"_self\"    >0750a4bc-0570-46d2-a9c1-dc96262923fa<\/a>\n\n\t\t\t\t\t<div class=\"ms-info\">0750a4bc-0570-46d2-a9c1-dc96262923fa<\/div>\n\n\n\t<img decoding=\"async\" class=\"ms-thumb\" src=\"https:\/\/mont-roig.cat\/wp-content\/uploadsArray\" alt=\"0750a4bc-0570-46d2-a9c1-dc96262923fa\" \/>\n\t\t\t\t<\/div>\n\t\t\t<div  class=\"ms-slide\" data-delay=\"3\"    >\n\t\t\t\t\t<img decoding=\"async\" src=\"https:\/\/mont-roig.cat\/wp-content\/plugins\/masterslider\/public\/assets\/css\/blank.gif\" alt=\"945696de-7ea1-4349-a2bf-1894ddada5f9\" title=\"945696de-7ea1-4349-a2bf-1894ddada5f9\" data-src=\"https:\/\/mont-roig.cat\/wp-content\/uploadsArray\" \/>\n\t<a href=\"https:\/\/mont-roig.cat\/es\/actualitat\/noticies\/el-nuevo-gobierno-de-la-generalitat-reafirma-su-compromiso-con-el-proyecto-lotte-en-su-visita-a-mont-roig-del-camp\/945696de-7ea1-4349-a2bf-1894ddada5f9-2\/\" target=\"_self\"    >945696de-7ea1-4349-a2bf-1894ddada5f9<\/a>\n\n\t\t\t\t\t<div class=\"ms-info\">945696de-7ea1-4349-a2bf-1894ddada5f9<\/div>\n\n\n\t<img decoding=\"async\" class=\"ms-thumb\" src=\"https:\/\/mont-roig.cat\/wp-content\/uploadsArray\" alt=\"945696de-7ea1-4349-a2bf-1894ddada5f9\" \/>\n\t\t\t\t<\/div>\n\t\t\t<div  class=\"ms-slide\" data-delay=\"3\"    >\n\t\t\t\t\t<img decoding=\"async\" src=\"https:\/\/mont-roig.cat\/wp-content\/plugins\/masterslider\/public\/assets\/css\/blank.gif\" alt=\"aabd55a0-baa4-4501-b20e-1dafb6ef4599\" title=\"aabd55a0-baa4-4501-b20e-1dafb6ef4599\" data-src=\"https:\/\/mont-roig.cat\/wp-content\/uploadsArray\" \/>\n\t<a href=\"https:\/\/mont-roig.cat\/es\/actualitat\/noticies\/el-nuevo-gobierno-de-la-generalitat-reafirma-su-compromiso-con-el-proyecto-lotte-en-su-visita-a-mont-roig-del-camp\/aabd55a0-baa4-4501-b20e-1dafb6ef4599-2\/\" target=\"_self\"    >aabd55a0-baa4-4501-b20e-1dafb6ef4599<\/a>\n\n\t\t\t\t\t<div class=\"ms-info\">aabd55a0-baa4-4501-b20e-1dafb6ef4599<\/div>\n\n\n\t<img decoding=\"async\" class=\"ms-thumb\" src=\"https:\/\/mont-roig.cat\/wp-content\/uploadsArray\" alt=\"aabd55a0-baa4-4501-b20e-1dafb6ef4599\" \/>\n\t\t\t\t<\/div>\n\t\t\t<div  class=\"ms-slide\" data-delay=\"3\"    >\n\t\t\t\t\t<img decoding=\"async\" src=\"https:\/\/mont-roig.cat\/wp-content\/plugins\/masterslider\/public\/assets\/css\/blank.gif\" alt=\"9eb039b9-dbeb-47fe-b144-9e5ef7b728eb\" title=\"9eb039b9-dbeb-47fe-b144-9e5ef7b728eb\" data-src=\"https:\/\/mont-roig.cat\/wp-content\/uploadsArray\" \/>\n\t<a href=\"https:\/\/mont-roig.cat\/es\/actualitat\/noticies\/el-nuevo-gobierno-de-la-generalitat-reafirma-su-compromiso-con-el-proyecto-lotte-en-su-visita-a-mont-roig-del-camp\/9eb039b9-dbeb-47fe-b144-9e5ef7b728eb-2\/\" target=\"_self\"    >9eb039b9-dbeb-47fe-b144-9e5ef7b728eb<\/a>\n\n\t\t\t\t\t<div class=\"ms-info\">9eb039b9-dbeb-47fe-b144-9e5ef7b728eb<\/div>\n\n\n\t<img decoding=\"async\" class=\"ms-thumb\" src=\"https:\/\/mont-roig.cat\/wp-content\/uploadsArray\" alt=\"9eb039b9-dbeb-47fe-b144-9e5ef7b728eb\" \/>\n\t\t\t\t<\/div>\n\n\t\t\t<\/div>\n\t\t\t<!-- END MasterSlider Main -->\n\n\t\t\t \n\t\t<\/div>\n\t\t<!-- END MasterSlider -->\n\n\t\t<script>\n\t\t( window.MSReady = window.MSReady || [] ).push( function( $ ) {\n\n\t\t\t\"use strict\";\n\t\t\tvar masterslider_7446 = new MasterSlider();\n\n\t\t\t\/\/ slider controls\n\t\t\tmasterslider_7446.control('arrows'     ,{ autohide:true, overVideo:true  });\n\t\t\tmasterslider_7446.control('thumblist'  ,{ autohide:false, overVideo:true, dir:'h', speed:17, inset:false, arrows:false, hover:false, customClass:'', align:'bottom',type:'thumbs', margin:2, width:140, height:80, space:2, fillMode:'fill'  });\n\t\t\tmasterslider_7446.control('slideinfo'  ,{ autohide:true, overVideo:true, dir:'h', align:'bottom',inset:true , margin:80  , size:30 });\n\t\t\t\/\/ slider setup\n\t\t\tmasterslider_7446.setup(\"MS69f3f1ce07446\", {\n\t\t\t\twidth           : 960,\n\t\t\t\theight          : 540,\n\t\t\t\tminHeight       : 0,\n\t\t\t\tspace           : 0,\n\t\t\t\tstart           : 1,\n\t\t\t\tgrabCursor      : true,\n\t\t\t\tswipe           : true,\n\t\t\t\tmouse           : true,\n\t\t\t\tkeyboard        : false,\n\t\t\t\tlayout          : \"fillwidth\",\n\t\t\t\twheel           : false,\n\t\t\t\tautoplay        : false,\n                instantStartLayers:false,\n\t\t\t\tmobileBGVideo:false,\n\t\t\t\tloop            : false,\n\t\t\t\tshuffle         : false,\n\t\t\t\tpreload         : 3,\n\t\t\t\theightLimit     : false,\n\t\t\t\tautoHeight      : false,\n\t\t\t\tsmoothHeight    : true,\n\t\t\t\tendPause        : false,\n\t\t\t\toverPause       : false,\n\t\t\t\tfillMode        : \"fill\",\n\t\t\t\tcenterControls  : true,\n\t\t\t\tstartOnAppear   : false,\n\t\t\t\tlayersMode      : \"center\",\n\t\t\t\tautofillTarget  : \"\",\n\t\t\t\thideLayers      : false,\n\t\t\t\tfullscreenMargin: 0,\n\t\t\t\tspeed           : 17,\n\t\t\t\tdir             : \"h\",\n\t\t\t\tparallaxMode    : 'swipe',\n\t\t\t\tview            : \"basic\"\n\t\t\t});\n\n\t\t\t\n\t\t\twindow.masterslider_instances = window.masterslider_instances || [];\n\t\t\twindow.masterslider_instances.push( masterslider_7446 );\n\t\t});\n\t\t<\/script>\n\n\n","protected":false},"excerpt":{"rendered":"<p>El conseller de Empresa i Treball, Miquel S\u00e0mper, ha visitado hoy Mont-roig del Camp, donde ha sido recibido por el alcalde Fran Morancho y buena parte de los concejales y concejalas del consistorio. Posteriormente, ha mantenido una reuni\u00f3n de trabajo con los representantes de la empresa coreana. El nuevo Govern de la Generalitat de Catalunya [&hellip;]<\/p>\n","protected":false},"author":13,"featured_media":78431,"comment_status":"closed","ping_status":"closed","sticky":false,"template":"","format":"standard","meta":{"inline_featured_image":false,"_monsterinsights_skip_tracking":false,"_monsterinsights_sitenote_active":false,"_monsterinsights_sitenote_note":"","_monsterinsights_sitenote_category":0,"footnotes":""},"categories":[156,98,169,249],"tags":[],"class_list":["post-78394","post","type-post","status-publish","format-standard","has-post-thumbnail","hentry","category-alcalde-es","category-ayuntamiento","category-impuls-economic-i-ocupacio-es","category-lotte-es-2"],"yoast_head":"<!-- This site is optimized with the Yoast SEO plugin v27.4 - https:\/\/yoast.com\/product\/yoast-seo-wordpress\/ -->\n<title>El nuevo Gobierno de la Generalitat reafirma su compromiso con el proyecto LOTTE en su visita a Mont-roig del Camp - Ajuntament de Mont-roig del Camp<\/title>\n<meta name=\"robots\" content=\"index, follow, max-snippet:-1, max-image-preview:large, max-video-preview:-1\" \/>\n<link rel=\"canonical\" href=\"https:\/\/mont-roig.cat\/es\/actualitat\/noticies\/el-nuevo-gobierno-de-la-generalitat-reafirma-su-compromiso-con-el-proyecto-lotte-en-su-visita-a-mont-roig-del-camp\/\" \/>\n<meta property=\"og:locale\" content=\"es_ES\" \/>\n<meta property=\"og:type\" content=\"article\" \/>\n<meta property=\"og:title\" content=\"El nuevo Gobierno de la Generalitat reafirma su compromiso con el proyecto LOTTE en su visita a Mont-roig del Camp - Ajuntament de Mont-roig del Camp\" \/>\n<meta property=\"og:description\" content=\"El conseller de Empresa i Treball, Miquel S\u00e0mper, ha visitado hoy Mont-roig del Camp, donde ha sido recibido por el alcalde Fran Morancho y buena parte de los concejales y concejalas del consistorio. Posteriormente, ha mantenido una reuni\u00f3n de trabajo con los representantes de la empresa coreana. El nuevo Govern de la Generalitat de Catalunya [&hellip;]\" \/>\n<meta property=\"og:url\" content=\"https:\/\/mont-roig.cat\/es\/actualitat\/noticies\/el-nuevo-gobierno-de-la-generalitat-reafirma-su-compromiso-con-el-proyecto-lotte-en-su-visita-a-mont-roig-del-camp\/\" \/>\n<meta property=\"og:site_name\" content=\"Ajuntament de Mont-roig del Camp\" \/>\n<meta property=\"article:published_time\" content=\"2024-09-06T12:31:38+00:00\" \/>\n<meta property=\"article:modified_time\" content=\"2024-09-06T14:50:29+00:00\" \/>\n<meta property=\"og:image\" content=\"https:\/\/mont-roig.cat\/wp-content\/uploads\/ajuntament-generalitat-i-lotte-scaled.jpeg\" \/>\n\t<meta property=\"og:image:width\" content=\"2048\" \/>\n\t<meta property=\"og:image:height\" content=\"1365\" \/>\n\t<meta property=\"og:image:type\" content=\"image\/jpeg\" \/>\n<meta name=\"author\" content=\"comunicacio\" \/>\n<meta name=\"twitter:card\" content=\"summary_large_image\" \/>\n<meta name=\"twitter:label1\" content=\"Escrito por\" \/>\n\t<meta name=\"twitter:data1\" content=\"comunicacio\" \/>\n\t<meta name=\"twitter:label2\" content=\"Tiempo de lectura\" \/>\n\t<meta name=\"twitter:data2\" content=\"4 minutos\" \/>\n<script type=\"application\/ld+json\" class=\"yoast-schema-graph\">{\"@context\":\"https:\\\/\\\/schema.org\",\"@graph\":[{\"@type\":\"Article\",\"@id\":\"https:\\\/\\\/mont-roig.cat\\\/es\\\/actualitat\\\/noticies\\\/el-nuevo-gobierno-de-la-generalitat-reafirma-su-compromiso-con-el-proyecto-lotte-en-su-visita-a-mont-roig-del-camp\\\/#article\",\"isPartOf\":{\"@id\":\"https:\\\/\\\/mont-roig.cat\\\/es\\\/actualitat\\\/noticies\\\/el-nuevo-gobierno-de-la-generalitat-reafirma-su-compromiso-con-el-proyecto-lotte-en-su-visita-a-mont-roig-del-camp\\\/\"},\"author\":{\"name\":\"comunicacio\",\"@id\":\"https:\\\/\\\/mont-roig.cat\\\/es\\\/#\\\/schema\\\/person\\\/1f73e7b5e6f9dd122e8a6f14f310ac5e\"},\"headline\":\"El nuevo Gobierno de la Generalitat reafirma su compromiso con el proyecto LOTTE en su visita a Mont-roig del Camp\",\"datePublished\":\"2024-09-06T12:31:38+00:00\",\"dateModified\":\"2024-09-06T14:50:29+00:00\",\"mainEntityOfPage\":{\"@id\":\"https:\\\/\\\/mont-roig.cat\\\/es\\\/actualitat\\\/noticies\\\/el-nuevo-gobierno-de-la-generalitat-reafirma-su-compromiso-con-el-proyecto-lotte-en-su-visita-a-mont-roig-del-camp\\\/\"},\"wordCount\":681,\"image\":{\"@id\":\"https:\\\/\\\/mont-roig.cat\\\/es\\\/actualitat\\\/noticies\\\/el-nuevo-gobierno-de-la-generalitat-reafirma-su-compromiso-con-el-proyecto-lotte-en-su-visita-a-mont-roig-del-camp\\\/#primaryimage\"},\"thumbnailUrl\":\"https:\\\/\\\/mont-roig.cat\\\/wp-content\\\/uploads\\\/ajuntament-generalitat-i-lotte-scaled.jpeg\",\"articleSection\":[\"Alcalde\",\"Ayuntamiento\",\"Impuls Econ\u00f2mic i Ocupaci\u00f3\",\"Lotte\"],\"inLanguage\":\"es\"},{\"@type\":\"WebPage\",\"@id\":\"https:\\\/\\\/mont-roig.cat\\\/es\\\/actualitat\\\/noticies\\\/el-nuevo-gobierno-de-la-generalitat-reafirma-su-compromiso-con-el-proyecto-lotte-en-su-visita-a-mont-roig-del-camp\\\/\",\"url\":\"https:\\\/\\\/mont-roig.cat\\\/es\\\/actualitat\\\/noticies\\\/el-nuevo-gobierno-de-la-generalitat-reafirma-su-compromiso-con-el-proyecto-lotte-en-su-visita-a-mont-roig-del-camp\\\/\",\"name\":\"El nuevo Gobierno de la Generalitat reafirma su compromiso con el proyecto LOTTE en su visita a Mont-roig del Camp - Ajuntament de Mont-roig del Camp\",\"isPartOf\":{\"@id\":\"https:\\\/\\\/mont-roig.cat\\\/es\\\/#website\"},\"primaryImageOfPage\":{\"@id\":\"https:\\\/\\\/mont-roig.cat\\\/es\\\/actualitat\\\/noticies\\\/el-nuevo-gobierno-de-la-generalitat-reafirma-su-compromiso-con-el-proyecto-lotte-en-su-visita-a-mont-roig-del-camp\\\/#primaryimage\"},\"image\":{\"@id\":\"https:\\\/\\\/mont-roig.cat\\\/es\\\/actualitat\\\/noticies\\\/el-nuevo-gobierno-de-la-generalitat-reafirma-su-compromiso-con-el-proyecto-lotte-en-su-visita-a-mont-roig-del-camp\\\/#primaryimage\"},\"thumbnailUrl\":\"https:\\\/\\\/mont-roig.cat\\\/wp-content\\\/uploads\\\/ajuntament-generalitat-i-lotte-scaled.jpeg\",\"datePublished\":\"2024-09-06T12:31:38+00:00\",\"dateModified\":\"2024-09-06T14:50:29+00:00\",\"author\":{\"@id\":\"https:\\\/\\\/mont-roig.cat\\\/es\\\/#\\\/schema\\\/person\\\/1f73e7b5e6f9dd122e8a6f14f310ac5e\"},\"breadcrumb\":{\"@id\":\"https:\\\/\\\/mont-roig.cat\\\/es\\\/actualitat\\\/noticies\\\/el-nuevo-gobierno-de-la-generalitat-reafirma-su-compromiso-con-el-proyecto-lotte-en-su-visita-a-mont-roig-del-camp\\\/#breadcrumb\"},\"inLanguage\":\"es\",\"potentialAction\":[{\"@type\":\"ReadAction\",\"target\":[\"https:\\\/\\\/mont-roig.cat\\\/es\\\/actualitat\\\/noticies\\\/el-nuevo-gobierno-de-la-generalitat-reafirma-su-compromiso-con-el-proyecto-lotte-en-su-visita-a-mont-roig-del-camp\\\/\"]}]},{\"@type\":\"ImageObject\",\"inLanguage\":\"es\",\"@id\":\"https:\\\/\\\/mont-roig.cat\\\/es\\\/actualitat\\\/noticies\\\/el-nuevo-gobierno-de-la-generalitat-reafirma-su-compromiso-con-el-proyecto-lotte-en-su-visita-a-mont-roig-del-camp\\\/#primaryimage\",\"url\":\"https:\\\/\\\/mont-roig.cat\\\/wp-content\\\/uploads\\\/ajuntament-generalitat-i-lotte-scaled.jpeg\",\"contentUrl\":\"https:\\\/\\\/mont-roig.cat\\\/wp-content\\\/uploads\\\/ajuntament-generalitat-i-lotte-scaled.jpeg\",\"width\":2048,\"height\":1365},{\"@type\":\"BreadcrumbList\",\"@id\":\"https:\\\/\\\/mont-roig.cat\\\/es\\\/actualitat\\\/noticies\\\/el-nuevo-gobierno-de-la-generalitat-reafirma-su-compromiso-con-el-proyecto-lotte-en-su-visita-a-mont-roig-del-camp\\\/#breadcrumb\",\"itemListElement\":[{\"@type\":\"ListItem\",\"position\":1,\"name\":\"Inici\",\"item\":\"https:\\\/\\\/mont-roig.cat\\\/es\\\/pagina-de-inicio\\\/\"},{\"@type\":\"ListItem\",\"position\":2,\"name\":\"El nuevo Gobierno de la Generalitat reafirma su compromiso con el proyecto LOTTE en su visita a Mont-roig del Camp\"}]},{\"@type\":\"WebSite\",\"@id\":\"https:\\\/\\\/mont-roig.cat\\\/es\\\/#website\",\"url\":\"https:\\\/\\\/mont-roig.cat\\\/es\\\/\",\"name\":\"Ajuntament de Mont-roig del Camp\",\"description\":\"Tota la informaci\u00f3 sobre la instituci\u00f3, els seus \u00f2rgans de govern, actualitat, serveis i molt m\u00e9s.\",\"potentialAction\":[{\"@type\":\"SearchAction\",\"target\":{\"@type\":\"EntryPoint\",\"urlTemplate\":\"https:\\\/\\\/mont-roig.cat\\\/es\\\/?s={search_term_string}\"},\"query-input\":{\"@type\":\"PropertyValueSpecification\",\"valueRequired\":true,\"valueName\":\"search_term_string\"}}],\"inLanguage\":\"es\"},{\"@type\":\"Person\",\"@id\":\"https:\\\/\\\/mont-roig.cat\\\/es\\\/#\\\/schema\\\/person\\\/1f73e7b5e6f9dd122e8a6f14f310ac5e\",\"name\":\"comunicacio\",\"image\":{\"@type\":\"ImageObject\",\"inLanguage\":\"es\",\"@id\":\"https:\\\/\\\/secure.gravatar.com\\\/avatar\\\/98944333e7a877670a64f8d10f0cb680ab2c9ebc4efc43945ef004b52b5ad28c?s=96&d=mm&r=g\",\"url\":\"https:\\\/\\\/secure.gravatar.com\\\/avatar\\\/98944333e7a877670a64f8d10f0cb680ab2c9ebc4efc43945ef004b52b5ad28c?s=96&d=mm&r=g\",\"contentUrl\":\"https:\\\/\\\/secure.gravatar.com\\\/avatar\\\/98944333e7a877670a64f8d10f0cb680ab2c9ebc4efc43945ef004b52b5ad28c?s=96&d=mm&r=g\",\"caption\":\"comunicacio\"},\"url\":\"https:\\\/\\\/mont-roig.cat\\\/es\\\/actualitat\\\/noticies\\\/author\\\/comunicacio\\\/\"}]}<\/script>\n<!-- \/ Yoast SEO plugin. -->","yoast_head_json":{"title":"El nuevo Gobierno de la Generalitat reafirma su compromiso con el proyecto LOTTE en su visita a Mont-roig del Camp - Ajuntament de Mont-roig del Camp","robots":{"index":"index","follow":"follow","max-snippet":"max-snippet:-1","max-image-preview":"max-image-preview:large","max-video-preview":"max-video-preview:-1"},"canonical":"https:\/\/mont-roig.cat\/es\/actualitat\/noticies\/el-nuevo-gobierno-de-la-generalitat-reafirma-su-compromiso-con-el-proyecto-lotte-en-su-visita-a-mont-roig-del-camp\/","og_locale":"es_ES","og_type":"article","og_title":"El nuevo Gobierno de la Generalitat reafirma su compromiso con el proyecto LOTTE en su visita a Mont-roig del Camp - Ajuntament de Mont-roig del Camp","og_description":"El conseller de Empresa i Treball, Miquel S\u00e0mper, ha visitado hoy Mont-roig del Camp, donde ha sido recibido por el alcalde Fran Morancho y buena parte de los concejales y concejalas del consistorio. Posteriormente, ha mantenido una reuni\u00f3n de trabajo con los representantes de la empresa coreana. El nuevo Govern de la Generalitat de Catalunya [&hellip;]","og_url":"https:\/\/mont-roig.cat\/es\/actualitat\/noticies\/el-nuevo-gobierno-de-la-generalitat-reafirma-su-compromiso-con-el-proyecto-lotte-en-su-visita-a-mont-roig-del-camp\/","og_site_name":"Ajuntament de Mont-roig del Camp","article_published_time":"2024-09-06T12:31:38+00:00","article_modified_time":"2024-09-06T14:50:29+00:00","og_image":[{"width":2048,"height":1365,"url":"https:\/\/mont-roig.cat\/wp-content\/uploads\/ajuntament-generalitat-i-lotte-scaled.jpeg","type":"image\/jpeg"}],"author":"comunicacio","twitter_card":"summary_large_image","twitter_misc":{"Escrito por":"comunicacio","Tiempo de lectura":"4 minutos"},"schema":{"@context":"https:\/\/schema.org","@graph":[{"@type":"Article","@id":"https:\/\/mont-roig.cat\/es\/actualitat\/noticies\/el-nuevo-gobierno-de-la-generalitat-reafirma-su-compromiso-con-el-proyecto-lotte-en-su-visita-a-mont-roig-del-camp\/#article","isPartOf":{"@id":"https:\/\/mont-roig.cat\/es\/actualitat\/noticies\/el-nuevo-gobierno-de-la-generalitat-reafirma-su-compromiso-con-el-proyecto-lotte-en-su-visita-a-mont-roig-del-camp\/"},"author":{"name":"comunicacio","@id":"https:\/\/mont-roig.cat\/es\/#\/schema\/person\/1f73e7b5e6f9dd122e8a6f14f310ac5e"},"headline":"El nuevo Gobierno de la Generalitat reafirma su compromiso con el proyecto LOTTE en su visita a Mont-roig del Camp","datePublished":"2024-09-06T12:31:38+00:00","dateModified":"2024-09-06T14:50:29+00:00","mainEntityOfPage":{"@id":"https:\/\/mont-roig.cat\/es\/actualitat\/noticies\/el-nuevo-gobierno-de-la-generalitat-reafirma-su-compromiso-con-el-proyecto-lotte-en-su-visita-a-mont-roig-del-camp\/"},"wordCount":681,"image":{"@id":"https:\/\/mont-roig.cat\/es\/actualitat\/noticies\/el-nuevo-gobierno-de-la-generalitat-reafirma-su-compromiso-con-el-proyecto-lotte-en-su-visita-a-mont-roig-del-camp\/#primaryimage"},"thumbnailUrl":"https:\/\/mont-roig.cat\/wp-content\/uploads\/ajuntament-generalitat-i-lotte-scaled.jpeg","articleSection":["Alcalde","Ayuntamiento","Impuls Econ\u00f2mic i Ocupaci\u00f3","Lotte"],"inLanguage":"es"},{"@type":"WebPage","@id":"https:\/\/mont-roig.cat\/es\/actualitat\/noticies\/el-nuevo-gobierno-de-la-generalitat-reafirma-su-compromiso-con-el-proyecto-lotte-en-su-visita-a-mont-roig-del-camp\/","url":"https:\/\/mont-roig.cat\/es\/actualitat\/noticies\/el-nuevo-gobierno-de-la-generalitat-reafirma-su-compromiso-con-el-proyecto-lotte-en-su-visita-a-mont-roig-del-camp\/","name":"El nuevo Gobierno de la Generalitat reafirma su compromiso con el proyecto LOTTE en su visita a Mont-roig del Camp - Ajuntament de Mont-roig del Camp","isPartOf":{"@id":"https:\/\/mont-roig.cat\/es\/#website"},"primaryImageOfPage":{"@id":"https:\/\/mont-roig.cat\/es\/actualitat\/noticies\/el-nuevo-gobierno-de-la-generalitat-reafirma-su-compromiso-con-el-proyecto-lotte-en-su-visita-a-mont-roig-del-camp\/#primaryimage"},"image":{"@id":"https:\/\/mont-roig.cat\/es\/actualitat\/noticies\/el-nuevo-gobierno-de-la-generalitat-reafirma-su-compromiso-con-el-proyecto-lotte-en-su-visita-a-mont-roig-del-camp\/#primaryimage"},"thumbnailUrl":"https:\/\/mont-roig.cat\/wp-content\/uploads\/ajuntament-generalitat-i-lotte-scaled.jpeg","datePublished":"2024-09-06T12:31:38+00:00","dateModified":"2024-09-06T14:50:29+00:00","author":{"@id":"https:\/\/mont-roig.cat\/es\/#\/schema\/person\/1f73e7b5e6f9dd122e8a6f14f310ac5e"},"breadcrumb":{"@id":"https:\/\/mont-roig.cat\/es\/actualitat\/noticies\/el-nuevo-gobierno-de-la-generalitat-reafirma-su-compromiso-con-el-proyecto-lotte-en-su-visita-a-mont-roig-del-camp\/#breadcrumb"},"inLanguage":"es","potentialAction":[{"@type":"ReadAction","target":["https:\/\/mont-roig.cat\/es\/actualitat\/noticies\/el-nuevo-gobierno-de-la-generalitat-reafirma-su-compromiso-con-el-proyecto-lotte-en-su-visita-a-mont-roig-del-camp\/"]}]},{"@type":"ImageObject","inLanguage":"es","@id":"https:\/\/mont-roig.cat\/es\/actualitat\/noticies\/el-nuevo-gobierno-de-la-generalitat-reafirma-su-compromiso-con-el-proyecto-lotte-en-su-visita-a-mont-roig-del-camp\/#primaryimage","url":"https:\/\/mont-roig.cat\/wp-content\/uploads\/ajuntament-generalitat-i-lotte-scaled.jpeg","contentUrl":"https:\/\/mont-roig.cat\/wp-content\/uploads\/ajuntament-generalitat-i-lotte-scaled.jpeg","width":2048,"height":1365},{"@type":"BreadcrumbList","@id":"https:\/\/mont-roig.cat\/es\/actualitat\/noticies\/el-nuevo-gobierno-de-la-generalitat-reafirma-su-compromiso-con-el-proyecto-lotte-en-su-visita-a-mont-roig-del-camp\/#breadcrumb","itemListElement":[{"@type":"ListItem","position":1,"name":"Inici","item":"https:\/\/mont-roig.cat\/es\/pagina-de-inicio\/"},{"@type":"ListItem","position":2,"name":"El nuevo Gobierno de la Generalitat reafirma su compromiso con el proyecto LOTTE en su visita a Mont-roig del Camp"}]},{"@type":"WebSite","@id":"https:\/\/mont-roig.cat\/es\/#website","url":"https:\/\/mont-roig.cat\/es\/","name":"Ajuntament de Mont-roig del Camp","description":"Tota la informaci\u00f3 sobre la instituci\u00f3, els seus \u00f2rgans de govern, actualitat, serveis i molt m\u00e9s.","potentialAction":[{"@type":"SearchAction","target":{"@type":"EntryPoint","urlTemplate":"https:\/\/mont-roig.cat\/es\/?s={search_term_string}"},"query-input":{"@type":"PropertyValueSpecification","valueRequired":true,"valueName":"search_term_string"}}],"inLanguage":"es"},{"@type":"Person","@id":"https:\/\/mont-roig.cat\/es\/#\/schema\/person\/1f73e7b5e6f9dd122e8a6f14f310ac5e","name":"comunicacio","image":{"@type":"ImageObject","inLanguage":"es","@id":"https:\/\/secure.gravatar.com\/avatar\/98944333e7a877670a64f8d10f0cb680ab2c9ebc4efc43945ef004b52b5ad28c?s=96&d=mm&r=g","url":"https:\/\/secure.gravatar.com\/avatar\/98944333e7a877670a64f8d10f0cb680ab2c9ebc4efc43945ef004b52b5ad28c?s=96&d=mm&r=g","contentUrl":"https:\/\/secure.gravatar.com\/avatar\/98944333e7a877670a64f8d10f0cb680ab2c9ebc4efc43945ef004b52b5ad28c?s=96&d=mm&r=g","caption":"comunicacio"},"url":"https:\/\/mont-roig.cat\/es\/actualitat\/noticies\/author\/comunicacio\/"}]}},"_links":{"self":[{"href":"https:\/\/mont-roig.cat\/es\/wp-json\/wp\/v2\/posts\/78394","targetHints":{"allow":["GET"]}}],"collection":[{"href":"https:\/\/mont-roig.cat\/es\/wp-json\/wp\/v2\/posts"}],"about":[{"href":"https:\/\/mont-roig.cat\/es\/wp-json\/wp\/v2\/types\/post"}],"author":[{"embeddable":true,"href":"https:\/\/mont-roig.cat\/es\/wp-json\/wp\/v2\/users\/13"}],"replies":[{"embeddable":true,"href":"https:\/\/mont-roig.cat\/es\/wp-json\/wp\/v2\/comments?post=78394"}],"version-history":[{"count":3,"href":"https:\/\/mont-roig.cat\/es\/wp-json\/wp\/v2\/posts\/78394\/revisions"}],"predecessor-version":[{"id":78435,"href":"https:\/\/mont-roig.cat\/es\/wp-json\/wp\/v2\/posts\/78394\/revisions\/78435"}],"wp:featuredmedia":[{"embeddable":true,"href":"https:\/\/mont-roig.cat\/es\/wp-json\/wp\/v2\/media\/78431"}],"wp:attachment":[{"href":"https:\/\/mont-roig.cat\/es\/wp-json\/wp\/v2\/media?parent=78394"}],"wp:term":[{"taxonomy":"category","embeddable":true,"href":"https:\/\/mont-roig.cat\/es\/wp-json\/wp\/v2\/categories?post=78394"},{"taxonomy":"post_tag","embeddable":true,"href":"https:\/\/mont-roig.cat\/es\/wp-json\/wp\/v2\/tags?post=78394"}],"curies":[{"name":"wp","href":"https:\/\/api.w.org\/{rel}","templated":true}]}}