{"id":78461,"date":"2024-09-10T20:23:36","date_gmt":"2024-09-10T18:23:36","guid":{"rendered":"https:\/\/mont-roig.cat\/?p=78461"},"modified":"2025-10-02T12:16:00","modified_gmt":"2025-10-02T10:16:00","slug":"el-pleno-del-ayuntamiento-aprueba-definitivamente-el-eina-la-hoja-de-ruta-para-mejorar-el-casco-antiguo-de-mont-roig","status":"publish","type":"post","link":"https:\/\/mont-roig.cat\/es\/actualitat\/noticies\/el-pleno-del-ayuntamiento-aprueba-definitivamente-el-eina-la-hoja-de-ruta-para-mejorar-el-casco-antiguo-de-mont-roig\/","title":{"rendered":"El Pleno del Ayuntamiento aprueba definitivamente el EINA, la hoja de ruta para mejorar el casco antiguo de Mont-roig"},"content":{"rendered":"<div class=\"wpb-content-wrapper\">[vc_row][vc_column][vc_column_text css=&#8221;&#8221;]\n<ul>\n<li><strong>La sesi\u00f3n plenaria tambi\u00e9n ha dado luz verde a una modificaci\u00f3n de cr\u00e9dito para incorporar financiaci\u00f3n del Estado, parte del cual se destinar\u00e1 a la primera de las acciones que ser\u00e1 la reforma de la calle Agust\u00ed Sard\u00e0<\/strong><\/li>\n<\/ul>\n<div id=\"attachment_78457\" style=\"width: 310px\" class=\"wp-caption alignright\"><a href=\"https:\/\/mont-roig.cat\/wp-content\/uploads\/Ple-Ajuntament-de-Mont-roig-del-Camp_10_09_2024.jpeg\"><img loading=\"lazy\" decoding=\"async\" aria-describedby=\"caption-attachment-78457\" class=\"wp-image-78457\" src=\"https:\/\/mont-roig.cat\/wp-content\/uploads\/Ple-Ajuntament-de-Mont-roig-del-Camp_10_09_2024-500x375.jpeg\" alt=\"\" width=\"300\" height=\"225\" srcset=\"https:\/\/mont-roig.cat\/wp-content\/uploads\/Ple-Ajuntament-de-Mont-roig-del-Camp_10_09_2024-500x375.jpeg 500w, https:\/\/mont-roig.cat\/wp-content\/uploads\/Ple-Ajuntament-de-Mont-roig-del-Camp_10_09_2024-1024x768.jpeg 1024w, https:\/\/mont-roig.cat\/wp-content\/uploads\/Ple-Ajuntament-de-Mont-roig-del-Camp_10_09_2024-768x576.jpeg 768w, https:\/\/mont-roig.cat\/wp-content\/uploads\/Ple-Ajuntament-de-Mont-roig-del-Camp_10_09_2024-1536x1152.jpeg 1536w, https:\/\/mont-roig.cat\/wp-content\/uploads\/Ple-Ajuntament-de-Mont-roig-del-Camp_10_09_2024-463x348.jpeg 463w, https:\/\/mont-roig.cat\/wp-content\/uploads\/Ple-Ajuntament-de-Mont-roig-del-Camp_10_09_2024.jpeg 1600w\" sizes=\"auto, (max-width: 300px) 100vw, 300px\" \/><\/a><p id=\"caption-attachment-78457\" class=\"wp-caption-text\">Sesi\u00f3n plenaria celebrada el 10 de septiembre de 2024<\/p><\/div>\n<p>El Pleno del Ayuntamiento de Mont-roig del Camp, celebrado este martes al mediod\u00eda, ha aprobado de forma definitiva el EINA, el estudio integral del Casco Antiguo de Mont-roig. Se trata de la hoja de ruta que marca el conjunto de acciones que se quieren poner en marcha en los pr\u00f3ximos a\u00f1os para mejorar este \u00e1mbito, abordando cuestiones relevantes en \u00e1reas como el urbanismo, el espacio p\u00fablico, la movilidad, la promoci\u00f3n econ\u00f3mica y la cultura.<\/p>\n<p>El punto se ha aprobado con los votos a favor del equipo de gobierno (PSC y IMM), las abstenciones de los grupos municipales de VOX y de ERC-AM que, en este \u00faltimo caso, a pesar de compartirlo en l\u00edneas generales, han puesto en duda las inversiones que se destinar\u00e1n para hacer realidad los proyectos, y los votos en contra de Junts per Mont-roig del Camp, que ha argumentado que no recoge las modificaciones que hab\u00edan propuesto.<\/p>\n<p>En respuesta, el alcalde Fran Morancho ha destacado el primer proyecto vinculado con el EINA que ya se pone en marcha. Y es que en el transcurso de este plenario se ha aprobado tambi\u00e9n una modificaci\u00f3n de cr\u00e9dito financiada con la Liquidaci\u00f3n Definitiva de la Participaci\u00f3n en Tributos del Estado del Ejercicio 2022, gracias a los cuales se incorporan en el presupuesto municipal 401.352 euros. De \u00e9stos, el 90% se destinar\u00e1n a la primera de las acciones propuestas por este estudio que es la reforma de la calle Agust\u00ed Sard\u00e0.<\/p>\n<p>Se trata de 368.164 \u20ac que se integran en el Plan de Sostenibilidad tur\u00edstica en Destinos (PSTD), a trav\u00e9s del cual se impulsa la reforma de esta zona del n\u00facleo de Mont-roig. Cabe destacar que el proyecto ejecutivo de esta obra ya est\u00e1 terminado y que el consistorio ya tiene contemplados el resto de cr\u00e9ditos necesarios para llevar a cabo esta remodelaci\u00f3n, cuyo coste total asciende a 658.000 euros.<\/p>\n<p>Tambi\u00e9n con esta modificaci\u00f3n de cr\u00e9dito se complementar\u00e1 el PSTD con otros 28.800 euros para continuar con los tr\u00e1mites de la licitaci\u00f3n de la reurbanizaci\u00f3n de la plaza Girona. Los 4.388 euros restantes se destinar\u00e1n a suplementar una partida de BASE, para realizar un procedimiento de inspecci\u00f3n de un impuesto que se cobra a las grandes suministradoras.<\/p>\n<p>Entre otras cuestiones, el plenario tambi\u00e9n ha dado cuenta del periodo medio de pago a los proveedores, en los que se ha destacado que se ha hecho un esfuerzo por agilizar los pagos y enderezar la situaci\u00f3n llegando a estar por debajo de los 60 d\u00edas.<\/p>\n<p>\u00c9stas y otras cuestiones, se pueden visualizar \u00edntegramente en este <a href=\"https:\/\/www.youtube.com\/live\/uItCIkS2X-w\" target=\"_blank\" rel=\"noopener\">enlace.<\/a><\/p>\n<p><a href=\"https:\/\/mont-roig.cat\/wp-content\/uploads\/LOGOS-PSTD-ACTUALITZATS-scaled.png\"><img loading=\"lazy\" decoding=\"async\" class=\"wp-image-85908 size-medium alignleft\" src=\"https:\/\/mont-roig.cat\/wp-content\/uploads\/LOGOS-PSTD-ACTUALITZATS-500x67.png\" alt=\"\" width=\"500\" height=\"67\" srcset=\"https:\/\/mont-roig.cat\/wp-content\/uploads\/LOGOS-PSTD-ACTUALITZATS-500x67.png 500w, https:\/\/mont-roig.cat\/wp-content\/uploads\/LOGOS-PSTD-ACTUALITZATS-1024x137.png 1024w, https:\/\/mont-roig.cat\/wp-content\/uploads\/LOGOS-PSTD-ACTUALITZATS-768x103.png 768w, https:\/\/mont-roig.cat\/wp-content\/uploads\/LOGOS-PSTD-ACTUALITZATS-1536x205.png 1536w, https:\/\/mont-roig.cat\/wp-content\/uploads\/LOGOS-PSTD-ACTUALITZATS-scaled.png 2048w\" sizes=\"auto, (max-width: 500px) 100vw, 500px\" \/><\/a>[\/vc_column_text][\/vc_column][\/vc_row]\n<\/div>","protected":false},"excerpt":{"rendered":"<p>[vc_row][vc_column][vc_column_text css=&#8221;&#8221;] La sesi\u00f3n plenaria tambi\u00e9n ha dado luz verde a una modificaci\u00f3n de cr\u00e9dito para incorporar financiaci\u00f3n del Estado, parte del cual se destinar\u00e1 a la primera de las acciones que ser\u00e1 la reforma de la calle Agust\u00ed Sard\u00e0 El Pleno del Ayuntamiento de Mont-roig del Camp, celebrado este martes al mediod\u00eda, ha aprobado [&hellip;]<\/p>\n","protected":false},"author":4,"featured_media":78458,"comment_status":"closed","ping_status":"closed","sticky":false,"template":"","format":"standard","meta":{"inline_featured_image":false,"_monsterinsights_skip_tracking":false,"_monsterinsights_sitenote_active":false,"_monsterinsights_sitenote_note":"","_monsterinsights_sitenote_category":0,"footnotes":""},"categories":[156,98,250,116],"tags":[],"class_list":["post-78461","post","type-post","status-publish","format-standard","has-post-thumbnail","hentry","category-alcalde-es","category-ayuntamiento","category-pstd-es","category-urbanismo-y-obras"],"yoast_head":"<!-- This site is optimized with the Yoast SEO plugin v27.4 - https:\/\/yoast.com\/product\/yoast-seo-wordpress\/ -->\n<title>El Pleno del Ayuntamiento aprueba definitivamente el EINA, la hoja de ruta para mejorar el casco antiguo de Mont-roig - Ajuntament de Mont-roig del Camp<\/title>\n<meta name=\"robots\" content=\"index, follow, max-snippet:-1, max-image-preview:large, max-video-preview:-1\" \/>\n<link rel=\"canonical\" href=\"https:\/\/mont-roig.cat\/es\/actualitat\/noticies\/el-pleno-del-ayuntamiento-aprueba-definitivamente-el-eina-la-hoja-de-ruta-para-mejorar-el-casco-antiguo-de-mont-roig\/\" \/>\n<meta property=\"og:locale\" content=\"es_ES\" \/>\n<meta property=\"og:type\" content=\"article\" \/>\n<meta property=\"og:title\" content=\"El Pleno del Ayuntamiento aprueba definitivamente el EINA, la hoja de ruta para mejorar el casco antiguo de Mont-roig - Ajuntament de Mont-roig del Camp\" \/>\n<meta property=\"og:description\" content=\"[vc_row][vc_column][vc_column_text css=&#8221;&#8221;] La sesi\u00f3n plenaria tambi\u00e9n ha dado luz verde a una modificaci\u00f3n de cr\u00e9dito para incorporar financiaci\u00f3n del Estado, parte del cual se destinar\u00e1 a la primera de las acciones que ser\u00e1 la reforma de la calle Agust\u00ed Sard\u00e0 El Pleno del Ayuntamiento de Mont-roig del Camp, celebrado este martes al mediod\u00eda, ha aprobado [&hellip;]\" \/>\n<meta property=\"og:url\" content=\"https:\/\/mont-roig.cat\/es\/actualitat\/noticies\/el-pleno-del-ayuntamiento-aprueba-definitivamente-el-eina-la-hoja-de-ruta-para-mejorar-el-casco-antiguo-de-mont-roig\/\" \/>\n<meta property=\"og:site_name\" content=\"Ajuntament de Mont-roig del Camp\" \/>\n<meta property=\"article:published_time\" content=\"2024-09-10T18:23:36+00:00\" \/>\n<meta property=\"article:modified_time\" content=\"2025-10-02T10:16:00+00:00\" \/>\n<meta property=\"og:image\" content=\"https:\/\/mont-roig.cat\/wp-content\/uploads\/Ple-Ajuntament-de-Mont-roig-del-Camp_10_09_2024.jpeg\" \/>\n\t<meta property=\"og:image:width\" content=\"1600\" \/>\n\t<meta property=\"og:image:height\" content=\"1200\" \/>\n\t<meta property=\"og:image:type\" content=\"image\/jpeg\" \/>\n<meta name=\"author\" content=\"administrador\" \/>\n<meta name=\"twitter:card\" content=\"summary_large_image\" \/>\n<meta name=\"twitter:label1\" content=\"Escrito por\" \/>\n\t<meta name=\"twitter:data1\" content=\"administrador\" \/>\n\t<meta name=\"twitter:label2\" content=\"Tiempo de lectura\" \/>\n\t<meta name=\"twitter:data2\" content=\"4 minutos\" \/>\n<script type=\"application\/ld+json\" class=\"yoast-schema-graph\">{\"@context\":\"https:\\\/\\\/schema.org\",\"@graph\":[{\"@type\":\"Article\",\"@id\":\"https:\\\/\\\/mont-roig.cat\\\/es\\\/actualitat\\\/noticies\\\/el-pleno-del-ayuntamiento-aprueba-definitivamente-el-eina-la-hoja-de-ruta-para-mejorar-el-casco-antiguo-de-mont-roig\\\/#article\",\"isPartOf\":{\"@id\":\"https:\\\/\\\/mont-roig.cat\\\/es\\\/actualitat\\\/noticies\\\/el-pleno-del-ayuntamiento-aprueba-definitivamente-el-eina-la-hoja-de-ruta-para-mejorar-el-casco-antiguo-de-mont-roig\\\/\"},\"author\":{\"name\":\"administrador\",\"@id\":\"https:\\\/\\\/mont-roig.cat\\\/es\\\/#\\\/schema\\\/person\\\/f2b111789f22b7d0c3bd6786c9128cba\"},\"headline\":\"El Pleno del Ayuntamiento aprueba definitivamente el EINA, la hoja de ruta para mejorar el casco antiguo de Mont-roig\",\"datePublished\":\"2024-09-10T18:23:36+00:00\",\"dateModified\":\"2025-10-02T10:16:00+00:00\",\"mainEntityOfPage\":{\"@id\":\"https:\\\/\\\/mont-roig.cat\\\/es\\\/actualitat\\\/noticies\\\/el-pleno-del-ayuntamiento-aprueba-definitivamente-el-eina-la-hoja-de-ruta-para-mejorar-el-casco-antiguo-de-mont-roig\\\/\"},\"wordCount\":537,\"image\":{\"@id\":\"https:\\\/\\\/mont-roig.cat\\\/es\\\/actualitat\\\/noticies\\\/el-pleno-del-ayuntamiento-aprueba-definitivamente-el-eina-la-hoja-de-ruta-para-mejorar-el-casco-antiguo-de-mont-roig\\\/#primaryimage\"},\"thumbnailUrl\":\"https:\\\/\\\/mont-roig.cat\\\/wp-content\\\/uploads\\\/Ple-Ajuntament-de-Mont-roig-del-Camp_10_09_2024.jpeg\",\"articleSection\":[\"Alcalde\",\"Ayuntamiento\",\"PSTD\",\"Urbanismo y obras\"],\"inLanguage\":\"es\"},{\"@type\":\"WebPage\",\"@id\":\"https:\\\/\\\/mont-roig.cat\\\/es\\\/actualitat\\\/noticies\\\/el-pleno-del-ayuntamiento-aprueba-definitivamente-el-eina-la-hoja-de-ruta-para-mejorar-el-casco-antiguo-de-mont-roig\\\/\",\"url\":\"https:\\\/\\\/mont-roig.cat\\\/es\\\/actualitat\\\/noticies\\\/el-pleno-del-ayuntamiento-aprueba-definitivamente-el-eina-la-hoja-de-ruta-para-mejorar-el-casco-antiguo-de-mont-roig\\\/\",\"name\":\"El Pleno del Ayuntamiento aprueba definitivamente el EINA, la hoja de ruta para mejorar el casco antiguo de Mont-roig - Ajuntament de Mont-roig del Camp\",\"isPartOf\":{\"@id\":\"https:\\\/\\\/mont-roig.cat\\\/es\\\/#website\"},\"primaryImageOfPage\":{\"@id\":\"https:\\\/\\\/mont-roig.cat\\\/es\\\/actualitat\\\/noticies\\\/el-pleno-del-ayuntamiento-aprueba-definitivamente-el-eina-la-hoja-de-ruta-para-mejorar-el-casco-antiguo-de-mont-roig\\\/#primaryimage\"},\"image\":{\"@id\":\"https:\\\/\\\/mont-roig.cat\\\/es\\\/actualitat\\\/noticies\\\/el-pleno-del-ayuntamiento-aprueba-definitivamente-el-eina-la-hoja-de-ruta-para-mejorar-el-casco-antiguo-de-mont-roig\\\/#primaryimage\"},\"thumbnailUrl\":\"https:\\\/\\\/mont-roig.cat\\\/wp-content\\\/uploads\\\/Ple-Ajuntament-de-Mont-roig-del-Camp_10_09_2024.jpeg\",\"datePublished\":\"2024-09-10T18:23:36+00:00\",\"dateModified\":\"2025-10-02T10:16:00+00:00\",\"author\":{\"@id\":\"https:\\\/\\\/mont-roig.cat\\\/es\\\/#\\\/schema\\\/person\\\/f2b111789f22b7d0c3bd6786c9128cba\"},\"breadcrumb\":{\"@id\":\"https:\\\/\\\/mont-roig.cat\\\/es\\\/actualitat\\\/noticies\\\/el-pleno-del-ayuntamiento-aprueba-definitivamente-el-eina-la-hoja-de-ruta-para-mejorar-el-casco-antiguo-de-mont-roig\\\/#breadcrumb\"},\"inLanguage\":\"es\",\"potentialAction\":[{\"@type\":\"ReadAction\",\"target\":[\"https:\\\/\\\/mont-roig.cat\\\/es\\\/actualitat\\\/noticies\\\/el-pleno-del-ayuntamiento-aprueba-definitivamente-el-eina-la-hoja-de-ruta-para-mejorar-el-casco-antiguo-de-mont-roig\\\/\"]}]},{\"@type\":\"ImageObject\",\"inLanguage\":\"es\",\"@id\":\"https:\\\/\\\/mont-roig.cat\\\/es\\\/actualitat\\\/noticies\\\/el-pleno-del-ayuntamiento-aprueba-definitivamente-el-eina-la-hoja-de-ruta-para-mejorar-el-casco-antiguo-de-mont-roig\\\/#primaryimage\",\"url\":\"https:\\\/\\\/mont-roig.cat\\\/wp-content\\\/uploads\\\/Ple-Ajuntament-de-Mont-roig-del-Camp_10_09_2024.jpeg\",\"contentUrl\":\"https:\\\/\\\/mont-roig.cat\\\/wp-content\\\/uploads\\\/Ple-Ajuntament-de-Mont-roig-del-Camp_10_09_2024.jpeg\",\"width\":1600,\"height\":1200},{\"@type\":\"BreadcrumbList\",\"@id\":\"https:\\\/\\\/mont-roig.cat\\\/es\\\/actualitat\\\/noticies\\\/el-pleno-del-ayuntamiento-aprueba-definitivamente-el-eina-la-hoja-de-ruta-para-mejorar-el-casco-antiguo-de-mont-roig\\\/#breadcrumb\",\"itemListElement\":[{\"@type\":\"ListItem\",\"position\":1,\"name\":\"Inici\",\"item\":\"https:\\\/\\\/mont-roig.cat\\\/es\\\/pagina-de-inicio\\\/\"},{\"@type\":\"ListItem\",\"position\":2,\"name\":\"El Pleno del Ayuntamiento aprueba definitivamente el EINA, la hoja de ruta para mejorar el casco antiguo de Mont-roig\"}]},{\"@type\":\"WebSite\",\"@id\":\"https:\\\/\\\/mont-roig.cat\\\/es\\\/#website\",\"url\":\"https:\\\/\\\/mont-roig.cat\\\/es\\\/\",\"name\":\"Ajuntament de Mont-roig del Camp\",\"description\":\"Tota la informaci\u00f3 sobre la instituci\u00f3, els seus \u00f2rgans de govern, actualitat, serveis i molt m\u00e9s.\",\"potentialAction\":[{\"@type\":\"SearchAction\",\"target\":{\"@type\":\"EntryPoint\",\"urlTemplate\":\"https:\\\/\\\/mont-roig.cat\\\/es\\\/?s={search_term_string}\"},\"query-input\":{\"@type\":\"PropertyValueSpecification\",\"valueRequired\":true,\"valueName\":\"search_term_string\"}}],\"inLanguage\":\"es\"},{\"@type\":\"Person\",\"@id\":\"https:\\\/\\\/mont-roig.cat\\\/es\\\/#\\\/schema\\\/person\\\/f2b111789f22b7d0c3bd6786c9128cba\",\"name\":\"administrador\",\"image\":{\"@type\":\"ImageObject\",\"inLanguage\":\"es\",\"@id\":\"https:\\\/\\\/secure.gravatar.com\\\/avatar\\\/9137aac6891e2595c9d3036fd83bcb653b4db3c946db4c7d9b9be193c3c944bb?s=96&d=mm&r=g\",\"url\":\"https:\\\/\\\/secure.gravatar.com\\\/avatar\\\/9137aac6891e2595c9d3036fd83bcb653b4db3c946db4c7d9b9be193c3c944bb?s=96&d=mm&r=g\",\"contentUrl\":\"https:\\\/\\\/secure.gravatar.com\\\/avatar\\\/9137aac6891e2595c9d3036fd83bcb653b4db3c946db4c7d9b9be193c3c944bb?s=96&d=mm&r=g\",\"caption\":\"administrador\"},\"url\":\"https:\\\/\\\/mont-roig.cat\\\/es\\\/actualitat\\\/noticies\\\/author\\\/administrador\\\/\"}]}<\/script>\n<!-- \/ Yoast SEO plugin. -->","yoast_head_json":{"title":"El Pleno del Ayuntamiento aprueba definitivamente el EINA, la hoja de ruta para mejorar el casco antiguo de Mont-roig - Ajuntament de Mont-roig del Camp","robots":{"index":"index","follow":"follow","max-snippet":"max-snippet:-1","max-image-preview":"max-image-preview:large","max-video-preview":"max-video-preview:-1"},"canonical":"https:\/\/mont-roig.cat\/es\/actualitat\/noticies\/el-pleno-del-ayuntamiento-aprueba-definitivamente-el-eina-la-hoja-de-ruta-para-mejorar-el-casco-antiguo-de-mont-roig\/","og_locale":"es_ES","og_type":"article","og_title":"El Pleno del Ayuntamiento aprueba definitivamente el EINA, la hoja de ruta para mejorar el casco antiguo de Mont-roig - Ajuntament de Mont-roig del Camp","og_description":"[vc_row][vc_column][vc_column_text css=&#8221;&#8221;] La sesi\u00f3n plenaria tambi\u00e9n ha dado luz verde a una modificaci\u00f3n de cr\u00e9dito para incorporar financiaci\u00f3n del Estado, parte del cual se destinar\u00e1 a la primera de las acciones que ser\u00e1 la reforma de la calle Agust\u00ed Sard\u00e0 El Pleno del Ayuntamiento de Mont-roig del Camp, celebrado este martes al mediod\u00eda, ha aprobado [&hellip;]","og_url":"https:\/\/mont-roig.cat\/es\/actualitat\/noticies\/el-pleno-del-ayuntamiento-aprueba-definitivamente-el-eina-la-hoja-de-ruta-para-mejorar-el-casco-antiguo-de-mont-roig\/","og_site_name":"Ajuntament de Mont-roig del Camp","article_published_time":"2024-09-10T18:23:36+00:00","article_modified_time":"2025-10-02T10:16:00+00:00","og_image":[{"width":1600,"height":1200,"url":"https:\/\/mont-roig.cat\/wp-content\/uploads\/Ple-Ajuntament-de-Mont-roig-del-Camp_10_09_2024.jpeg","type":"image\/jpeg"}],"author":"administrador","twitter_card":"summary_large_image","twitter_misc":{"Escrito por":"administrador","Tiempo de lectura":"4 minutos"},"schema":{"@context":"https:\/\/schema.org","@graph":[{"@type":"Article","@id":"https:\/\/mont-roig.cat\/es\/actualitat\/noticies\/el-pleno-del-ayuntamiento-aprueba-definitivamente-el-eina-la-hoja-de-ruta-para-mejorar-el-casco-antiguo-de-mont-roig\/#article","isPartOf":{"@id":"https:\/\/mont-roig.cat\/es\/actualitat\/noticies\/el-pleno-del-ayuntamiento-aprueba-definitivamente-el-eina-la-hoja-de-ruta-para-mejorar-el-casco-antiguo-de-mont-roig\/"},"author":{"name":"administrador","@id":"https:\/\/mont-roig.cat\/es\/#\/schema\/person\/f2b111789f22b7d0c3bd6786c9128cba"},"headline":"El Pleno del Ayuntamiento aprueba definitivamente el EINA, la hoja de ruta para mejorar el casco antiguo de Mont-roig","datePublished":"2024-09-10T18:23:36+00:00","dateModified":"2025-10-02T10:16:00+00:00","mainEntityOfPage":{"@id":"https:\/\/mont-roig.cat\/es\/actualitat\/noticies\/el-pleno-del-ayuntamiento-aprueba-definitivamente-el-eina-la-hoja-de-ruta-para-mejorar-el-casco-antiguo-de-mont-roig\/"},"wordCount":537,"image":{"@id":"https:\/\/mont-roig.cat\/es\/actualitat\/noticies\/el-pleno-del-ayuntamiento-aprueba-definitivamente-el-eina-la-hoja-de-ruta-para-mejorar-el-casco-antiguo-de-mont-roig\/#primaryimage"},"thumbnailUrl":"https:\/\/mont-roig.cat\/wp-content\/uploads\/Ple-Ajuntament-de-Mont-roig-del-Camp_10_09_2024.jpeg","articleSection":["Alcalde","Ayuntamiento","PSTD","Urbanismo y obras"],"inLanguage":"es"},{"@type":"WebPage","@id":"https:\/\/mont-roig.cat\/es\/actualitat\/noticies\/el-pleno-del-ayuntamiento-aprueba-definitivamente-el-eina-la-hoja-de-ruta-para-mejorar-el-casco-antiguo-de-mont-roig\/","url":"https:\/\/mont-roig.cat\/es\/actualitat\/noticies\/el-pleno-del-ayuntamiento-aprueba-definitivamente-el-eina-la-hoja-de-ruta-para-mejorar-el-casco-antiguo-de-mont-roig\/","name":"El Pleno del Ayuntamiento aprueba definitivamente el EINA, la hoja de ruta para mejorar el casco antiguo de Mont-roig - Ajuntament de Mont-roig del Camp","isPartOf":{"@id":"https:\/\/mont-roig.cat\/es\/#website"},"primaryImageOfPage":{"@id":"https:\/\/mont-roig.cat\/es\/actualitat\/noticies\/el-pleno-del-ayuntamiento-aprueba-definitivamente-el-eina-la-hoja-de-ruta-para-mejorar-el-casco-antiguo-de-mont-roig\/#primaryimage"},"image":{"@id":"https:\/\/mont-roig.cat\/es\/actualitat\/noticies\/el-pleno-del-ayuntamiento-aprueba-definitivamente-el-eina-la-hoja-de-ruta-para-mejorar-el-casco-antiguo-de-mont-roig\/#primaryimage"},"thumbnailUrl":"https:\/\/mont-roig.cat\/wp-content\/uploads\/Ple-Ajuntament-de-Mont-roig-del-Camp_10_09_2024.jpeg","datePublished":"2024-09-10T18:23:36+00:00","dateModified":"2025-10-02T10:16:00+00:00","author":{"@id":"https:\/\/mont-roig.cat\/es\/#\/schema\/person\/f2b111789f22b7d0c3bd6786c9128cba"},"breadcrumb":{"@id":"https:\/\/mont-roig.cat\/es\/actualitat\/noticies\/el-pleno-del-ayuntamiento-aprueba-definitivamente-el-eina-la-hoja-de-ruta-para-mejorar-el-casco-antiguo-de-mont-roig\/#breadcrumb"},"inLanguage":"es","potentialAction":[{"@type":"ReadAction","target":["https:\/\/mont-roig.cat\/es\/actualitat\/noticies\/el-pleno-del-ayuntamiento-aprueba-definitivamente-el-eina-la-hoja-de-ruta-para-mejorar-el-casco-antiguo-de-mont-roig\/"]}]},{"@type":"ImageObject","inLanguage":"es","@id":"https:\/\/mont-roig.cat\/es\/actualitat\/noticies\/el-pleno-del-ayuntamiento-aprueba-definitivamente-el-eina-la-hoja-de-ruta-para-mejorar-el-casco-antiguo-de-mont-roig\/#primaryimage","url":"https:\/\/mont-roig.cat\/wp-content\/uploads\/Ple-Ajuntament-de-Mont-roig-del-Camp_10_09_2024.jpeg","contentUrl":"https:\/\/mont-roig.cat\/wp-content\/uploads\/Ple-Ajuntament-de-Mont-roig-del-Camp_10_09_2024.jpeg","width":1600,"height":1200},{"@type":"BreadcrumbList","@id":"https:\/\/mont-roig.cat\/es\/actualitat\/noticies\/el-pleno-del-ayuntamiento-aprueba-definitivamente-el-eina-la-hoja-de-ruta-para-mejorar-el-casco-antiguo-de-mont-roig\/#breadcrumb","itemListElement":[{"@type":"ListItem","position":1,"name":"Inici","item":"https:\/\/mont-roig.cat\/es\/pagina-de-inicio\/"},{"@type":"ListItem","position":2,"name":"El Pleno del Ayuntamiento aprueba definitivamente el EINA, la hoja de ruta para mejorar el casco antiguo de Mont-roig"}]},{"@type":"WebSite","@id":"https:\/\/mont-roig.cat\/es\/#website","url":"https:\/\/mont-roig.cat\/es\/","name":"Ajuntament de Mont-roig del Camp","description":"Tota la informaci\u00f3 sobre la instituci\u00f3, els seus \u00f2rgans de govern, actualitat, serveis i molt m\u00e9s.","potentialAction":[{"@type":"SearchAction","target":{"@type":"EntryPoint","urlTemplate":"https:\/\/mont-roig.cat\/es\/?s={search_term_string}"},"query-input":{"@type":"PropertyValueSpecification","valueRequired":true,"valueName":"search_term_string"}}],"inLanguage":"es"},{"@type":"Person","@id":"https:\/\/mont-roig.cat\/es\/#\/schema\/person\/f2b111789f22b7d0c3bd6786c9128cba","name":"administrador","image":{"@type":"ImageObject","inLanguage":"es","@id":"https:\/\/secure.gravatar.com\/avatar\/9137aac6891e2595c9d3036fd83bcb653b4db3c946db4c7d9b9be193c3c944bb?s=96&d=mm&r=g","url":"https:\/\/secure.gravatar.com\/avatar\/9137aac6891e2595c9d3036fd83bcb653b4db3c946db4c7d9b9be193c3c944bb?s=96&d=mm&r=g","contentUrl":"https:\/\/secure.gravatar.com\/avatar\/9137aac6891e2595c9d3036fd83bcb653b4db3c946db4c7d9b9be193c3c944bb?s=96&d=mm&r=g","caption":"administrador"},"url":"https:\/\/mont-roig.cat\/es\/actualitat\/noticies\/author\/administrador\/"}]}},"_links":{"self":[{"href":"https:\/\/mont-roig.cat\/es\/wp-json\/wp\/v2\/posts\/78461","targetHints":{"allow":["GET"]}}],"collection":[{"href":"https:\/\/mont-roig.cat\/es\/wp-json\/wp\/v2\/posts"}],"about":[{"href":"https:\/\/mont-roig.cat\/es\/wp-json\/wp\/v2\/types\/post"}],"author":[{"embeddable":true,"href":"https:\/\/mont-roig.cat\/es\/wp-json\/wp\/v2\/users\/4"}],"replies":[{"embeddable":true,"href":"https:\/\/mont-roig.cat\/es\/wp-json\/wp\/v2\/comments?post=78461"}],"version-history":[{"count":5,"href":"https:\/\/mont-roig.cat\/es\/wp-json\/wp\/v2\/posts\/78461\/revisions"}],"predecessor-version":[{"id":85971,"href":"https:\/\/mont-roig.cat\/es\/wp-json\/wp\/v2\/posts\/78461\/revisions\/85971"}],"wp:featuredmedia":[{"embeddable":true,"href":"https:\/\/mont-roig.cat\/es\/wp-json\/wp\/v2\/media\/78458"}],"wp:attachment":[{"href":"https:\/\/mont-roig.cat\/es\/wp-json\/wp\/v2\/media?parent=78461"}],"wp:term":[{"taxonomy":"category","embeddable":true,"href":"https:\/\/mont-roig.cat\/es\/wp-json\/wp\/v2\/categories?post=78461"},{"taxonomy":"post_tag","embeddable":true,"href":"https:\/\/mont-roig.cat\/es\/wp-json\/wp\/v2\/tags?post=78461"}],"curies":[{"name":"wp","href":"https:\/\/api.w.org\/{rel}","templated":true}]}}