{"id":78514,"date":"2024-09-16T13:55:35","date_gmt":"2024-09-16T11:55:35","guid":{"rendered":"https:\/\/mont-roig.cat\/actualitat\/noticies\/convocades-subvencions-en-lambit-de-la-salut-i-per-activitats-extraescolars-destiu-fora-del-municipi-per-a-infants-amb-discapacitat\/"},"modified":"2024-09-17T10:42:58","modified_gmt":"2024-09-17T08:42:58","slug":"convocadas-subvenciones-en-el-ambito-de-la-salud-y-para-actividades-extraescolares-de-verano-fuera-del-municipio-para-ninos-con-discapacidad","status":"publish","type":"post","link":"https:\/\/mont-roig.cat\/es\/actualitat\/noticies\/convocadas-subvenciones-en-el-ambito-de-la-salud-y-para-actividades-extraescolares-de-verano-fuera-del-municipio-para-ninos-con-discapacidad\/","title":{"rendered":"Convocadas subvenciones en el \u00e1mbito de la salud y para actividades extraescolares de verano fuera del municipio para ni\u00f1os con discapacidad"},"content":{"rendered":"<p><strong><strong><a href=\"https:\/\/mont-roig.cat\/wp-content\/uploads\/oci-infantil-scaled-1-1.jpg\"><img loading=\"lazy\" decoding=\"async\" class=\"alignright wp-image-78510\" src=\"https:\/\/mont-roig.cat\/wp-content\/uploads\/oci-infantil-scaled-1-1-500x334.jpg\" alt=\"\" width=\"299\" height=\"200\" srcset=\"https:\/\/mont-roig.cat\/wp-content\/uploads\/oci-infantil-scaled-1-1-500x334.jpg 500w, https:\/\/mont-roig.cat\/wp-content\/uploads\/oci-infantil-scaled-1-1-1024x684.jpg 1024w, https:\/\/mont-roig.cat\/wp-content\/uploads\/oci-infantil-scaled-1-1-768x513.jpg 768w, https:\/\/mont-roig.cat\/wp-content\/uploads\/oci-infantil-scaled-1-1-1536x1025.jpg 1536w, https:\/\/mont-roig.cat\/wp-content\/uploads\/oci-infantil-scaled-1-1.jpg 2048w\" sizes=\"auto, (max-width: 299px) 100vw, 299px\" \/><\/a><\/strong><\/strong><\/p>\n<ul>\n<li><strong>Ya se pueden solicitar a trav\u00e9s de la sede electr\u00f3nica del Ayuntamiento de Mont-roig del Camp hasta el d\u00eda 15 y 10 de octubre, respectivamente.<\/strong><\/li>\n<\/ul>\n<p>El Ayuntamiento de Mont-roig del Camp ha abierto el plazo para solicitar las subvenciones en el \u00e1mbito de la salud y para actividades extraescolares de verano para ni\u00f1os con discapacidad realizadas fuera del municipio. El objetivo de la primera convocatoria, con una dotaci\u00f3n este a\u00f1o de 10.000 euros, es asegurar una calidad de vida digna a las personas empadronadas en el municipio y, en concreto, a aquellas que pertenezcan a n\u00facleos familiares desfavorecidos, personas con discapacidad y tambi\u00e9n personas mayores. Por este motivo, se aprobaron las bases de subvenci\u00f3n para garantizar la atenci\u00f3n de las necesidades b\u00e1sicas derivadas de una salud deficiente, que no pueden ser resueltas ni con los recursos econ\u00f3micos propios ni con subvenciones otorgadas por otras administraciones y entidades.<\/p>\n<p>Pueden ser beneficiarios\/as de esta subvenci\u00f3n y obtener la prestaci\u00f3n social correspondiente las personas empadronadas en el municipio de Mont-roig del Camp que acrediten el cumplimiento de los requisitos y criterios que se establecen en las bases de la convocatoria. El plazo de presentaci\u00f3n de solicitudes, justificaciones y la documentaci\u00f3n correspondiente ser\u00e1 del d\u00eda 15 de septiembre al d\u00eda 15 de octubre de 2024, ambas fechas incluidas. Deber\u00e1 realizarse a trav\u00e9s de la sede electr\u00f3nica municipal <a href=\"https:\/\/mont-roig.eadministracio.cat\/catalog\/t\/643ed9de-5598-4f41-9583-4b554d336c5f\" target=\"_blank\" rel=\"noopener\">en este enlace.<\/a><\/p>\n<p>La segunda subvenci\u00f3n, convocada tambi\u00e9n a trav\u00e9s de la concejal\u00eda de Servicios Sociales, est\u00e1 dirigida a las familias de ni\u00f1os de 3 a 16 a\u00f1os con discapacidad para participar en actividades deportivas y\/o de ocio de verano del a\u00f1o 2024 realizadas fuera del municipio. Esta subvenci\u00f3n pretende ofrecer la oportunidad a este colectivo de ni\u00f1os con diversidad funcional de disfrutar de las actividades deportivas y\/o de ocio de verano. Uno de los requisitos es que la unidad familiar tenga unos ingresos inferiores a 25.000 \u20ac anuales. A tal efecto, se computan los ingresos econ\u00f3micos de todas las personas que forman la unidad familiar. El plazo para presentar la solicitud finaliza el 10 de octubre y debe hacerse en <a href=\"https:\/\/mont-roig.eadministracio.cat\/catalog\/tf\/a85a93c2-2402-4c58-97db-25b4beea26b3\" target=\"_blank\" rel=\"noopener\">en este enlace.<\/a><\/p>\n","protected":false},"excerpt":{"rendered":"<p>Ya se pueden solicitar a trav\u00e9s de la sede electr\u00f3nica del Ayuntamiento de Mont-roig del Camp hasta el d\u00eda 15 y 10 de octubre, respectivamente. El Ayuntamiento de Mont-roig del Camp ha abierto el plazo para solicitar las subvenciones en el \u00e1mbito de la salud y para actividades extraescolares de verano para ni\u00f1os con discapacidad [&hellip;]<\/p>\n","protected":false},"author":13,"featured_media":78511,"comment_status":"closed","ping_status":"closed","sticky":false,"template":"","format":"standard","meta":{"inline_featured_image":false,"_monsterinsights_skip_tracking":false,"_monsterinsights_sitenote_active":false,"_monsterinsights_sitenote_note":"","_monsterinsights_sitenote_category":0,"footnotes":""},"categories":[98,114],"tags":[],"class_list":["post-78514","post","type-post","status-publish","format-standard","has-post-thumbnail","hentry","category-ayuntamiento","category-servicios-sociales"],"yoast_head":"<!-- This site is optimized with the Yoast SEO plugin v27.4 - https:\/\/yoast.com\/product\/yoast-seo-wordpress\/ -->\n<title>Convocadas subvenciones en el \u00e1mbito de la salud y para actividades extraescolares de verano fuera del municipio para ni\u00f1os con discapacidad - Ajuntament de Mont-roig del Camp<\/title>\n<meta name=\"robots\" content=\"index, follow, max-snippet:-1, max-image-preview:large, max-video-preview:-1\" \/>\n<link rel=\"canonical\" href=\"https:\/\/mont-roig.cat\/es\/actualitat\/noticies\/convocadas-subvenciones-en-el-ambito-de-la-salud-y-para-actividades-extraescolares-de-verano-fuera-del-municipio-para-ninos-con-discapacidad\/\" \/>\n<meta property=\"og:locale\" content=\"es_ES\" \/>\n<meta property=\"og:type\" content=\"article\" \/>\n<meta property=\"og:title\" content=\"Convocadas subvenciones en el \u00e1mbito de la salud y para actividades extraescolares de verano fuera del municipio para ni\u00f1os con discapacidad - Ajuntament de Mont-roig del Camp\" \/>\n<meta property=\"og:description\" content=\"Ya se pueden solicitar a trav\u00e9s de la sede electr\u00f3nica del Ayuntamiento de Mont-roig del Camp hasta el d\u00eda 15 y 10 de octubre, respectivamente. El Ayuntamiento de Mont-roig del Camp ha abierto el plazo para solicitar las subvenciones en el \u00e1mbito de la salud y para actividades extraescolares de verano para ni\u00f1os con discapacidad [&hellip;]\" \/>\n<meta property=\"og:url\" content=\"https:\/\/mont-roig.cat\/es\/actualitat\/noticies\/convocadas-subvenciones-en-el-ambito-de-la-salud-y-para-actividades-extraescolares-de-verano-fuera-del-municipio-para-ninos-con-discapacidad\/\" \/>\n<meta property=\"og:site_name\" content=\"Ajuntament de Mont-roig del Camp\" \/>\n<meta property=\"article:published_time\" content=\"2024-09-16T11:55:35+00:00\" \/>\n<meta property=\"article:modified_time\" content=\"2024-09-17T08:42:58+00:00\" \/>\n<meta property=\"og:image\" content=\"https:\/\/mont-roig.cat\/wp-content\/uploads\/oci-infantil-scaled-1-1.jpg\" \/>\n\t<meta property=\"og:image:width\" content=\"2048\" \/>\n\t<meta property=\"og:image:height\" content=\"1367\" \/>\n\t<meta property=\"og:image:type\" content=\"image\/jpeg\" \/>\n<meta name=\"author\" content=\"comunicacio\" \/>\n<meta name=\"twitter:card\" content=\"summary_large_image\" \/>\n<meta name=\"twitter:label1\" content=\"Escrito por\" \/>\n\t<meta name=\"twitter:data1\" content=\"comunicacio\" \/>\n\t<meta name=\"twitter:label2\" content=\"Tiempo de lectura\" \/>\n\t<meta name=\"twitter:data2\" content=\"3 minutos\" \/>\n<script type=\"application\/ld+json\" class=\"yoast-schema-graph\">{\"@context\":\"https:\\\/\\\/schema.org\",\"@graph\":[{\"@type\":\"Article\",\"@id\":\"https:\\\/\\\/mont-roig.cat\\\/es\\\/actualitat\\\/noticies\\\/convocadas-subvenciones-en-el-ambito-de-la-salud-y-para-actividades-extraescolares-de-verano-fuera-del-municipio-para-ninos-con-discapacidad\\\/#article\",\"isPartOf\":{\"@id\":\"https:\\\/\\\/mont-roig.cat\\\/es\\\/actualitat\\\/noticies\\\/convocadas-subvenciones-en-el-ambito-de-la-salud-y-para-actividades-extraescolares-de-verano-fuera-del-municipio-para-ninos-con-discapacidad\\\/\"},\"author\":{\"name\":\"comunicacio\",\"@id\":\"https:\\\/\\\/mont-roig.cat\\\/es\\\/#\\\/schema\\\/person\\\/1f73e7b5e6f9dd122e8a6f14f310ac5e\"},\"headline\":\"Convocadas subvenciones en el \u00e1mbito de la salud y para actividades extraescolares de verano fuera del municipio para ni\u00f1os con discapacidad\",\"datePublished\":\"2024-09-16T11:55:35+00:00\",\"dateModified\":\"2024-09-17T08:42:58+00:00\",\"mainEntityOfPage\":{\"@id\":\"https:\\\/\\\/mont-roig.cat\\\/es\\\/actualitat\\\/noticies\\\/convocadas-subvenciones-en-el-ambito-de-la-salud-y-para-actividades-extraescolares-de-verano-fuera-del-municipio-para-ninos-con-discapacidad\\\/\"},\"wordCount\":390,\"image\":{\"@id\":\"https:\\\/\\\/mont-roig.cat\\\/es\\\/actualitat\\\/noticies\\\/convocadas-subvenciones-en-el-ambito-de-la-salud-y-para-actividades-extraescolares-de-verano-fuera-del-municipio-para-ninos-con-discapacidad\\\/#primaryimage\"},\"thumbnailUrl\":\"https:\\\/\\\/mont-roig.cat\\\/wp-content\\\/uploads\\\/oci-infantil-scaled-1-1.jpg\",\"articleSection\":[\"Ayuntamiento\",\"Servicios sociales\"],\"inLanguage\":\"es\"},{\"@type\":\"WebPage\",\"@id\":\"https:\\\/\\\/mont-roig.cat\\\/es\\\/actualitat\\\/noticies\\\/convocadas-subvenciones-en-el-ambito-de-la-salud-y-para-actividades-extraescolares-de-verano-fuera-del-municipio-para-ninos-con-discapacidad\\\/\",\"url\":\"https:\\\/\\\/mont-roig.cat\\\/es\\\/actualitat\\\/noticies\\\/convocadas-subvenciones-en-el-ambito-de-la-salud-y-para-actividades-extraescolares-de-verano-fuera-del-municipio-para-ninos-con-discapacidad\\\/\",\"name\":\"Convocadas subvenciones en el \u00e1mbito de la salud y para actividades extraescolares de verano fuera del municipio para ni\u00f1os con discapacidad - Ajuntament de Mont-roig del Camp\",\"isPartOf\":{\"@id\":\"https:\\\/\\\/mont-roig.cat\\\/es\\\/#website\"},\"primaryImageOfPage\":{\"@id\":\"https:\\\/\\\/mont-roig.cat\\\/es\\\/actualitat\\\/noticies\\\/convocadas-subvenciones-en-el-ambito-de-la-salud-y-para-actividades-extraescolares-de-verano-fuera-del-municipio-para-ninos-con-discapacidad\\\/#primaryimage\"},\"image\":{\"@id\":\"https:\\\/\\\/mont-roig.cat\\\/es\\\/actualitat\\\/noticies\\\/convocadas-subvenciones-en-el-ambito-de-la-salud-y-para-actividades-extraescolares-de-verano-fuera-del-municipio-para-ninos-con-discapacidad\\\/#primaryimage\"},\"thumbnailUrl\":\"https:\\\/\\\/mont-roig.cat\\\/wp-content\\\/uploads\\\/oci-infantil-scaled-1-1.jpg\",\"datePublished\":\"2024-09-16T11:55:35+00:00\",\"dateModified\":\"2024-09-17T08:42:58+00:00\",\"author\":{\"@id\":\"https:\\\/\\\/mont-roig.cat\\\/es\\\/#\\\/schema\\\/person\\\/1f73e7b5e6f9dd122e8a6f14f310ac5e\"},\"breadcrumb\":{\"@id\":\"https:\\\/\\\/mont-roig.cat\\\/es\\\/actualitat\\\/noticies\\\/convocadas-subvenciones-en-el-ambito-de-la-salud-y-para-actividades-extraescolares-de-verano-fuera-del-municipio-para-ninos-con-discapacidad\\\/#breadcrumb\"},\"inLanguage\":\"es\",\"potentialAction\":[{\"@type\":\"ReadAction\",\"target\":[\"https:\\\/\\\/mont-roig.cat\\\/es\\\/actualitat\\\/noticies\\\/convocadas-subvenciones-en-el-ambito-de-la-salud-y-para-actividades-extraescolares-de-verano-fuera-del-municipio-para-ninos-con-discapacidad\\\/\"]}]},{\"@type\":\"ImageObject\",\"inLanguage\":\"es\",\"@id\":\"https:\\\/\\\/mont-roig.cat\\\/es\\\/actualitat\\\/noticies\\\/convocadas-subvenciones-en-el-ambito-de-la-salud-y-para-actividades-extraescolares-de-verano-fuera-del-municipio-para-ninos-con-discapacidad\\\/#primaryimage\",\"url\":\"https:\\\/\\\/mont-roig.cat\\\/wp-content\\\/uploads\\\/oci-infantil-scaled-1-1.jpg\",\"contentUrl\":\"https:\\\/\\\/mont-roig.cat\\\/wp-content\\\/uploads\\\/oci-infantil-scaled-1-1.jpg\",\"width\":2048,\"height\":1367},{\"@type\":\"BreadcrumbList\",\"@id\":\"https:\\\/\\\/mont-roig.cat\\\/es\\\/actualitat\\\/noticies\\\/convocadas-subvenciones-en-el-ambito-de-la-salud-y-para-actividades-extraescolares-de-verano-fuera-del-municipio-para-ninos-con-discapacidad\\\/#breadcrumb\",\"itemListElement\":[{\"@type\":\"ListItem\",\"position\":1,\"name\":\"Inici\",\"item\":\"https:\\\/\\\/mont-roig.cat\\\/es\\\/pagina-de-inicio\\\/\"},{\"@type\":\"ListItem\",\"position\":2,\"name\":\"Convocadas subvenciones en el \u00e1mbito de la salud y para actividades extraescolares de verano fuera del municipio para ni\u00f1os con discapacidad\"}]},{\"@type\":\"WebSite\",\"@id\":\"https:\\\/\\\/mont-roig.cat\\\/es\\\/#website\",\"url\":\"https:\\\/\\\/mont-roig.cat\\\/es\\\/\",\"name\":\"Ajuntament de Mont-roig del Camp\",\"description\":\"Tota la informaci\u00f3 sobre la instituci\u00f3, els seus \u00f2rgans de govern, actualitat, serveis i molt m\u00e9s.\",\"potentialAction\":[{\"@type\":\"SearchAction\",\"target\":{\"@type\":\"EntryPoint\",\"urlTemplate\":\"https:\\\/\\\/mont-roig.cat\\\/es\\\/?s={search_term_string}\"},\"query-input\":{\"@type\":\"PropertyValueSpecification\",\"valueRequired\":true,\"valueName\":\"search_term_string\"}}],\"inLanguage\":\"es\"},{\"@type\":\"Person\",\"@id\":\"https:\\\/\\\/mont-roig.cat\\\/es\\\/#\\\/schema\\\/person\\\/1f73e7b5e6f9dd122e8a6f14f310ac5e\",\"name\":\"comunicacio\",\"image\":{\"@type\":\"ImageObject\",\"inLanguage\":\"es\",\"@id\":\"https:\\\/\\\/secure.gravatar.com\\\/avatar\\\/98944333e7a877670a64f8d10f0cb680ab2c9ebc4efc43945ef004b52b5ad28c?s=96&d=mm&r=g\",\"url\":\"https:\\\/\\\/secure.gravatar.com\\\/avatar\\\/98944333e7a877670a64f8d10f0cb680ab2c9ebc4efc43945ef004b52b5ad28c?s=96&d=mm&r=g\",\"contentUrl\":\"https:\\\/\\\/secure.gravatar.com\\\/avatar\\\/98944333e7a877670a64f8d10f0cb680ab2c9ebc4efc43945ef004b52b5ad28c?s=96&d=mm&r=g\",\"caption\":\"comunicacio\"},\"url\":\"https:\\\/\\\/mont-roig.cat\\\/es\\\/actualitat\\\/noticies\\\/author\\\/comunicacio\\\/\"}]}<\/script>\n<!-- \/ Yoast SEO plugin. -->","yoast_head_json":{"title":"Convocadas subvenciones en el \u00e1mbito de la salud y para actividades extraescolares de verano fuera del municipio para ni\u00f1os con discapacidad - Ajuntament de Mont-roig del Camp","robots":{"index":"index","follow":"follow","max-snippet":"max-snippet:-1","max-image-preview":"max-image-preview:large","max-video-preview":"max-video-preview:-1"},"canonical":"https:\/\/mont-roig.cat\/es\/actualitat\/noticies\/convocadas-subvenciones-en-el-ambito-de-la-salud-y-para-actividades-extraescolares-de-verano-fuera-del-municipio-para-ninos-con-discapacidad\/","og_locale":"es_ES","og_type":"article","og_title":"Convocadas subvenciones en el \u00e1mbito de la salud y para actividades extraescolares de verano fuera del municipio para ni\u00f1os con discapacidad - Ajuntament de Mont-roig del Camp","og_description":"Ya se pueden solicitar a trav\u00e9s de la sede electr\u00f3nica del Ayuntamiento de Mont-roig del Camp hasta el d\u00eda 15 y 10 de octubre, respectivamente. El Ayuntamiento de Mont-roig del Camp ha abierto el plazo para solicitar las subvenciones en el \u00e1mbito de la salud y para actividades extraescolares de verano para ni\u00f1os con discapacidad [&hellip;]","og_url":"https:\/\/mont-roig.cat\/es\/actualitat\/noticies\/convocadas-subvenciones-en-el-ambito-de-la-salud-y-para-actividades-extraescolares-de-verano-fuera-del-municipio-para-ninos-con-discapacidad\/","og_site_name":"Ajuntament de Mont-roig del Camp","article_published_time":"2024-09-16T11:55:35+00:00","article_modified_time":"2024-09-17T08:42:58+00:00","og_image":[{"width":2048,"height":1367,"url":"https:\/\/mont-roig.cat\/wp-content\/uploads\/oci-infantil-scaled-1-1.jpg","type":"image\/jpeg"}],"author":"comunicacio","twitter_card":"summary_large_image","twitter_misc":{"Escrito por":"comunicacio","Tiempo de lectura":"3 minutos"},"schema":{"@context":"https:\/\/schema.org","@graph":[{"@type":"Article","@id":"https:\/\/mont-roig.cat\/es\/actualitat\/noticies\/convocadas-subvenciones-en-el-ambito-de-la-salud-y-para-actividades-extraescolares-de-verano-fuera-del-municipio-para-ninos-con-discapacidad\/#article","isPartOf":{"@id":"https:\/\/mont-roig.cat\/es\/actualitat\/noticies\/convocadas-subvenciones-en-el-ambito-de-la-salud-y-para-actividades-extraescolares-de-verano-fuera-del-municipio-para-ninos-con-discapacidad\/"},"author":{"name":"comunicacio","@id":"https:\/\/mont-roig.cat\/es\/#\/schema\/person\/1f73e7b5e6f9dd122e8a6f14f310ac5e"},"headline":"Convocadas subvenciones en el \u00e1mbito de la salud y para actividades extraescolares de verano fuera del municipio para ni\u00f1os con discapacidad","datePublished":"2024-09-16T11:55:35+00:00","dateModified":"2024-09-17T08:42:58+00:00","mainEntityOfPage":{"@id":"https:\/\/mont-roig.cat\/es\/actualitat\/noticies\/convocadas-subvenciones-en-el-ambito-de-la-salud-y-para-actividades-extraescolares-de-verano-fuera-del-municipio-para-ninos-con-discapacidad\/"},"wordCount":390,"image":{"@id":"https:\/\/mont-roig.cat\/es\/actualitat\/noticies\/convocadas-subvenciones-en-el-ambito-de-la-salud-y-para-actividades-extraescolares-de-verano-fuera-del-municipio-para-ninos-con-discapacidad\/#primaryimage"},"thumbnailUrl":"https:\/\/mont-roig.cat\/wp-content\/uploads\/oci-infantil-scaled-1-1.jpg","articleSection":["Ayuntamiento","Servicios sociales"],"inLanguage":"es"},{"@type":"WebPage","@id":"https:\/\/mont-roig.cat\/es\/actualitat\/noticies\/convocadas-subvenciones-en-el-ambito-de-la-salud-y-para-actividades-extraescolares-de-verano-fuera-del-municipio-para-ninos-con-discapacidad\/","url":"https:\/\/mont-roig.cat\/es\/actualitat\/noticies\/convocadas-subvenciones-en-el-ambito-de-la-salud-y-para-actividades-extraescolares-de-verano-fuera-del-municipio-para-ninos-con-discapacidad\/","name":"Convocadas subvenciones en el \u00e1mbito de la salud y para actividades extraescolares de verano fuera del municipio para ni\u00f1os con discapacidad - Ajuntament de Mont-roig del Camp","isPartOf":{"@id":"https:\/\/mont-roig.cat\/es\/#website"},"primaryImageOfPage":{"@id":"https:\/\/mont-roig.cat\/es\/actualitat\/noticies\/convocadas-subvenciones-en-el-ambito-de-la-salud-y-para-actividades-extraescolares-de-verano-fuera-del-municipio-para-ninos-con-discapacidad\/#primaryimage"},"image":{"@id":"https:\/\/mont-roig.cat\/es\/actualitat\/noticies\/convocadas-subvenciones-en-el-ambito-de-la-salud-y-para-actividades-extraescolares-de-verano-fuera-del-municipio-para-ninos-con-discapacidad\/#primaryimage"},"thumbnailUrl":"https:\/\/mont-roig.cat\/wp-content\/uploads\/oci-infantil-scaled-1-1.jpg","datePublished":"2024-09-16T11:55:35+00:00","dateModified":"2024-09-17T08:42:58+00:00","author":{"@id":"https:\/\/mont-roig.cat\/es\/#\/schema\/person\/1f73e7b5e6f9dd122e8a6f14f310ac5e"},"breadcrumb":{"@id":"https:\/\/mont-roig.cat\/es\/actualitat\/noticies\/convocadas-subvenciones-en-el-ambito-de-la-salud-y-para-actividades-extraescolares-de-verano-fuera-del-municipio-para-ninos-con-discapacidad\/#breadcrumb"},"inLanguage":"es","potentialAction":[{"@type":"ReadAction","target":["https:\/\/mont-roig.cat\/es\/actualitat\/noticies\/convocadas-subvenciones-en-el-ambito-de-la-salud-y-para-actividades-extraescolares-de-verano-fuera-del-municipio-para-ninos-con-discapacidad\/"]}]},{"@type":"ImageObject","inLanguage":"es","@id":"https:\/\/mont-roig.cat\/es\/actualitat\/noticies\/convocadas-subvenciones-en-el-ambito-de-la-salud-y-para-actividades-extraescolares-de-verano-fuera-del-municipio-para-ninos-con-discapacidad\/#primaryimage","url":"https:\/\/mont-roig.cat\/wp-content\/uploads\/oci-infantil-scaled-1-1.jpg","contentUrl":"https:\/\/mont-roig.cat\/wp-content\/uploads\/oci-infantil-scaled-1-1.jpg","width":2048,"height":1367},{"@type":"BreadcrumbList","@id":"https:\/\/mont-roig.cat\/es\/actualitat\/noticies\/convocadas-subvenciones-en-el-ambito-de-la-salud-y-para-actividades-extraescolares-de-verano-fuera-del-municipio-para-ninos-con-discapacidad\/#breadcrumb","itemListElement":[{"@type":"ListItem","position":1,"name":"Inici","item":"https:\/\/mont-roig.cat\/es\/pagina-de-inicio\/"},{"@type":"ListItem","position":2,"name":"Convocadas subvenciones en el \u00e1mbito de la salud y para actividades extraescolares de verano fuera del municipio para ni\u00f1os con discapacidad"}]},{"@type":"WebSite","@id":"https:\/\/mont-roig.cat\/es\/#website","url":"https:\/\/mont-roig.cat\/es\/","name":"Ajuntament de Mont-roig del Camp","description":"Tota la informaci\u00f3 sobre la instituci\u00f3, els seus \u00f2rgans de govern, actualitat, serveis i molt m\u00e9s.","potentialAction":[{"@type":"SearchAction","target":{"@type":"EntryPoint","urlTemplate":"https:\/\/mont-roig.cat\/es\/?s={search_term_string}"},"query-input":{"@type":"PropertyValueSpecification","valueRequired":true,"valueName":"search_term_string"}}],"inLanguage":"es"},{"@type":"Person","@id":"https:\/\/mont-roig.cat\/es\/#\/schema\/person\/1f73e7b5e6f9dd122e8a6f14f310ac5e","name":"comunicacio","image":{"@type":"ImageObject","inLanguage":"es","@id":"https:\/\/secure.gravatar.com\/avatar\/98944333e7a877670a64f8d10f0cb680ab2c9ebc4efc43945ef004b52b5ad28c?s=96&d=mm&r=g","url":"https:\/\/secure.gravatar.com\/avatar\/98944333e7a877670a64f8d10f0cb680ab2c9ebc4efc43945ef004b52b5ad28c?s=96&d=mm&r=g","contentUrl":"https:\/\/secure.gravatar.com\/avatar\/98944333e7a877670a64f8d10f0cb680ab2c9ebc4efc43945ef004b52b5ad28c?s=96&d=mm&r=g","caption":"comunicacio"},"url":"https:\/\/mont-roig.cat\/es\/actualitat\/noticies\/author\/comunicacio\/"}]}},"_links":{"self":[{"href":"https:\/\/mont-roig.cat\/es\/wp-json\/wp\/v2\/posts\/78514","targetHints":{"allow":["GET"]}}],"collection":[{"href":"https:\/\/mont-roig.cat\/es\/wp-json\/wp\/v2\/posts"}],"about":[{"href":"https:\/\/mont-roig.cat\/es\/wp-json\/wp\/v2\/types\/post"}],"author":[{"embeddable":true,"href":"https:\/\/mont-roig.cat\/es\/wp-json\/wp\/v2\/users\/13"}],"replies":[{"embeddable":true,"href":"https:\/\/mont-roig.cat\/es\/wp-json\/wp\/v2\/comments?post=78514"}],"version-history":[{"count":3,"href":"https:\/\/mont-roig.cat\/es\/wp-json\/wp\/v2\/posts\/78514\/revisions"}],"predecessor-version":[{"id":78551,"href":"https:\/\/mont-roig.cat\/es\/wp-json\/wp\/v2\/posts\/78514\/revisions\/78551"}],"wp:featuredmedia":[{"embeddable":true,"href":"https:\/\/mont-roig.cat\/es\/wp-json\/wp\/v2\/media\/78511"}],"wp:attachment":[{"href":"https:\/\/mont-roig.cat\/es\/wp-json\/wp\/v2\/media?parent=78514"}],"wp:term":[{"taxonomy":"category","embeddable":true,"href":"https:\/\/mont-roig.cat\/es\/wp-json\/wp\/v2\/categories?post=78514"},{"taxonomy":"post_tag","embeddable":true,"href":"https:\/\/mont-roig.cat\/es\/wp-json\/wp\/v2\/tags?post=78514"}],"curies":[{"name":"wp","href":"https:\/\/api.w.org\/{rel}","templated":true}]}}