{"id":78600,"date":"2024-09-20T14:50:32","date_gmt":"2024-09-20T12:50:32","guid":{"rendered":"https:\/\/mont-roig.cat\/?p=78600"},"modified":"2024-09-20T14:50:32","modified_gmt":"2024-09-20T12:50:32","slug":"el-consul-general-de-la-republica-de-corea-visita-el-ayuntamiento-de-mont-roig-del-camp-para-fortalecer-los-lazos-y-tratar-las-futuras-inversiones-en-el-municipio","status":"publish","type":"post","link":"https:\/\/mont-roig.cat\/es\/actualitat\/noticies\/el-consul-general-de-la-republica-de-corea-visita-el-ayuntamiento-de-mont-roig-del-camp-para-fortalecer-los-lazos-y-tratar-las-futuras-inversiones-en-el-municipio\/","title":{"rendered":"El C\u00f3nsul General de la Rep\u00fablica de Corea visita el Ayuntamiento de Mont-roig del Camp para fortalecer los lazos y tratar las futuras inversiones en el municipio"},"content":{"rendered":"<div id=\"attachment_78592\" style=\"width: 310px\" class=\"wp-caption alignright\"><a href=\"https:\/\/mont-roig.cat\/wp-content\/uploads\/IMG_0885-scaled.jpg\"><img loading=\"lazy\" decoding=\"async\" aria-describedby=\"caption-attachment-78592\" class=\"wp-image-78592\" src=\"https:\/\/mont-roig.cat\/wp-content\/uploads\/IMG_0885-500x375.jpg\" alt=\"\" width=\"300\" height=\"225\" srcset=\"https:\/\/mont-roig.cat\/wp-content\/uploads\/IMG_0885-500x375.jpg 500w, https:\/\/mont-roig.cat\/wp-content\/uploads\/IMG_0885-1024x768.jpg 1024w, https:\/\/mont-roig.cat\/wp-content\/uploads\/IMG_0885-768x576.jpg 768w, https:\/\/mont-roig.cat\/wp-content\/uploads\/IMG_0885-1536x1152.jpg 1536w, https:\/\/mont-roig.cat\/wp-content\/uploads\/IMG_0885-scaled.jpg 2048w, https:\/\/mont-roig.cat\/wp-content\/uploads\/IMG_0885-463x348.jpg 463w\" sizes=\"auto, (max-width: 300px) 100vw, 300px\" \/><\/a><p id=\"caption-attachment-78592\" class=\"wp-caption-text\">El C\u00f3nsul de Corea en una visita al Ayuntamiento de Mont-roig del Camp<\/p><\/div>\n<ul>\n<li><strong>Han mantenido una reuni\u00f3n de trabajo sobre la evoluci\u00f3n del proyecto de Lotte Energy Materials y han reafirmado la necesidad de colaboraci\u00f3n entre ambas instituciones<\/strong><\/li>\n<\/ul>\n<p>El alcalde Fran Morancho ha recibido al C\u00f3nsul General de la Rep\u00fablica de Corea en Barcelona, \u200b\u200bYoung-Hyo Park, este viernes al mediod\u00eda en el Ayuntamiento de Mont-roig del Camp, para mantener una reuni\u00f3n de trabajo sobre el desarrollo de proyecto LOTTE en el municipio. En el encuentro tambi\u00e9n ha participado la concejala de Impulso Econ\u00f3mico y Turismo, Yolanda P\u00e9rez y el coordinador del proyecto, Xavier Sarr\u00e0, as\u00ed como la asesora en asuntos pol\u00edticos y econ\u00f3micos del Consulado, Yujeong Lee.<\/p>\n<p>La visita tambi\u00e9n ha servido para fortalecer lazos entre las dos partes, que se han puesto a disposici\u00f3n una de otra. El objetivo es mantener una relaci\u00f3n estrecha y de colaboraci\u00f3n mutua, teniendo en cuenta las necesidades que pueden derivarse de la implantaci\u00f3n de la empresa surcoreana LOTTE Energy Materials en Mont-roig del Camp. Un ejemplo es la llegada de personal de la empresa coreana en la fase inicial y que puede requerir apoyo de ambas instituciones en cuestiones de alojamiento, idioma o integraci\u00f3n, entre otros.<\/p>\n","protected":false},"excerpt":{"rendered":"<p>Han mantenido una reuni\u00f3n de trabajo sobre la evoluci\u00f3n del proyecto de Lotte Energy Materials y han reafirmado la necesidad de colaboraci\u00f3n entre ambas instituciones El alcalde Fran Morancho ha recibido al C\u00f3nsul General de la Rep\u00fablica de Corea en Barcelona, \u200b\u200bYoung-Hyo Park, este viernes al mediod\u00eda en el Ayuntamiento de Mont-roig del Camp, para [&hellip;]<\/p>\n","protected":false},"author":13,"featured_media":78593,"comment_status":"closed","ping_status":"closed","sticky":false,"template":"","format":"standard","meta":{"inline_featured_image":false,"_monsterinsights_skip_tracking":false,"_monsterinsights_sitenote_active":false,"_monsterinsights_sitenote_note":"","_monsterinsights_sitenote_category":0,"footnotes":""},"categories":[156,98,169,249],"tags":[],"class_list":["post-78600","post","type-post","status-publish","format-standard","has-post-thumbnail","hentry","category-alcalde-es","category-ayuntamiento","category-impuls-economic-i-ocupacio-es","category-lotte-es-2"],"yoast_head":"<!-- This site is optimized with the Yoast SEO plugin v27.4 - https:\/\/yoast.com\/product\/yoast-seo-wordpress\/ -->\n<title>El C\u00f3nsul General de la Rep\u00fablica de Corea visita el Ayuntamiento de Mont-roig del Camp para fortalecer los lazos y tratar las futuras inversiones en el municipio - Ajuntament de Mont-roig del Camp<\/title>\n<meta name=\"robots\" content=\"index, follow, max-snippet:-1, max-image-preview:large, max-video-preview:-1\" \/>\n<link rel=\"canonical\" href=\"https:\/\/mont-roig.cat\/es\/actualitat\/noticies\/el-consul-general-de-la-republica-de-corea-visita-el-ayuntamiento-de-mont-roig-del-camp-para-fortalecer-los-lazos-y-tratar-las-futuras-inversiones-en-el-municipio\/\" \/>\n<meta property=\"og:locale\" content=\"es_ES\" \/>\n<meta property=\"og:type\" content=\"article\" \/>\n<meta property=\"og:title\" content=\"El C\u00f3nsul General de la Rep\u00fablica de Corea visita el Ayuntamiento de Mont-roig del Camp para fortalecer los lazos y tratar las futuras inversiones en el municipio - Ajuntament de Mont-roig del Camp\" \/>\n<meta property=\"og:description\" content=\"Han mantenido una reuni\u00f3n de trabajo sobre la evoluci\u00f3n del proyecto de Lotte Energy Materials y han reafirmado la necesidad de colaboraci\u00f3n entre ambas instituciones El alcalde Fran Morancho ha recibido al C\u00f3nsul General de la Rep\u00fablica de Corea en Barcelona, \u200b\u200bYoung-Hyo Park, este viernes al mediod\u00eda en el Ayuntamiento de Mont-roig del Camp, para [&hellip;]\" \/>\n<meta property=\"og:url\" content=\"https:\/\/mont-roig.cat\/es\/actualitat\/noticies\/el-consul-general-de-la-republica-de-corea-visita-el-ayuntamiento-de-mont-roig-del-camp-para-fortalecer-los-lazos-y-tratar-las-futuras-inversiones-en-el-municipio\/\" \/>\n<meta property=\"og:site_name\" content=\"Ajuntament de Mont-roig del Camp\" \/>\n<meta property=\"article:published_time\" content=\"2024-09-20T12:50:32+00:00\" \/>\n<meta property=\"og:image\" content=\"https:\/\/mont-roig.cat\/wp-content\/uploads\/IMG_0885-scaled.jpg\" \/>\n\t<meta property=\"og:image:width\" content=\"2048\" \/>\n\t<meta property=\"og:image:height\" content=\"1536\" \/>\n\t<meta property=\"og:image:type\" content=\"image\/jpeg\" \/>\n<meta name=\"author\" content=\"comunicacio\" \/>\n<meta name=\"twitter:card\" content=\"summary_large_image\" \/>\n<meta name=\"twitter:label1\" content=\"Escrito por\" \/>\n\t<meta name=\"twitter:data1\" content=\"comunicacio\" \/>\n\t<meta name=\"twitter:label2\" content=\"Tiempo de lectura\" \/>\n\t<meta name=\"twitter:data2\" content=\"2 minutos\" \/>\n<script type=\"application\/ld+json\" class=\"yoast-schema-graph\">{\"@context\":\"https:\\\/\\\/schema.org\",\"@graph\":[{\"@type\":\"Article\",\"@id\":\"https:\\\/\\\/mont-roig.cat\\\/es\\\/actualitat\\\/noticies\\\/el-consul-general-de-la-republica-de-corea-visita-el-ayuntamiento-de-mont-roig-del-camp-para-fortalecer-los-lazos-y-tratar-las-futuras-inversiones-en-el-municipio\\\/#article\",\"isPartOf\":{\"@id\":\"https:\\\/\\\/mont-roig.cat\\\/es\\\/actualitat\\\/noticies\\\/el-consul-general-de-la-republica-de-corea-visita-el-ayuntamiento-de-mont-roig-del-camp-para-fortalecer-los-lazos-y-tratar-las-futuras-inversiones-en-el-municipio\\\/\"},\"author\":{\"name\":\"comunicacio\",\"@id\":\"https:\\\/\\\/mont-roig.cat\\\/es\\\/#\\\/schema\\\/person\\\/1f73e7b5e6f9dd122e8a6f14f310ac5e\"},\"headline\":\"El C\u00f3nsul General de la Rep\u00fablica de Corea visita el Ayuntamiento de Mont-roig del Camp para fortalecer los lazos y tratar las futuras inversiones en el municipio\",\"datePublished\":\"2024-09-20T12:50:32+00:00\",\"mainEntityOfPage\":{\"@id\":\"https:\\\/\\\/mont-roig.cat\\\/es\\\/actualitat\\\/noticies\\\/el-consul-general-de-la-republica-de-corea-visita-el-ayuntamiento-de-mont-roig-del-camp-para-fortalecer-los-lazos-y-tratar-las-futuras-inversiones-en-el-municipio\\\/\"},\"wordCount\":260,\"image\":{\"@id\":\"https:\\\/\\\/mont-roig.cat\\\/es\\\/actualitat\\\/noticies\\\/el-consul-general-de-la-republica-de-corea-visita-el-ayuntamiento-de-mont-roig-del-camp-para-fortalecer-los-lazos-y-tratar-las-futuras-inversiones-en-el-municipio\\\/#primaryimage\"},\"thumbnailUrl\":\"https:\\\/\\\/mont-roig.cat\\\/wp-content\\\/uploads\\\/IMG_0885-scaled.jpg\",\"articleSection\":[\"Alcalde\",\"Ayuntamiento\",\"Impuls Econ\u00f2mic i Ocupaci\u00f3\",\"Lotte\"],\"inLanguage\":\"es\"},{\"@type\":\"WebPage\",\"@id\":\"https:\\\/\\\/mont-roig.cat\\\/es\\\/actualitat\\\/noticies\\\/el-consul-general-de-la-republica-de-corea-visita-el-ayuntamiento-de-mont-roig-del-camp-para-fortalecer-los-lazos-y-tratar-las-futuras-inversiones-en-el-municipio\\\/\",\"url\":\"https:\\\/\\\/mont-roig.cat\\\/es\\\/actualitat\\\/noticies\\\/el-consul-general-de-la-republica-de-corea-visita-el-ayuntamiento-de-mont-roig-del-camp-para-fortalecer-los-lazos-y-tratar-las-futuras-inversiones-en-el-municipio\\\/\",\"name\":\"El C\u00f3nsul General de la Rep\u00fablica de Corea visita el Ayuntamiento de Mont-roig del Camp para fortalecer los lazos y tratar las futuras inversiones en el municipio - Ajuntament de Mont-roig del Camp\",\"isPartOf\":{\"@id\":\"https:\\\/\\\/mont-roig.cat\\\/es\\\/#website\"},\"primaryImageOfPage\":{\"@id\":\"https:\\\/\\\/mont-roig.cat\\\/es\\\/actualitat\\\/noticies\\\/el-consul-general-de-la-republica-de-corea-visita-el-ayuntamiento-de-mont-roig-del-camp-para-fortalecer-los-lazos-y-tratar-las-futuras-inversiones-en-el-municipio\\\/#primaryimage\"},\"image\":{\"@id\":\"https:\\\/\\\/mont-roig.cat\\\/es\\\/actualitat\\\/noticies\\\/el-consul-general-de-la-republica-de-corea-visita-el-ayuntamiento-de-mont-roig-del-camp-para-fortalecer-los-lazos-y-tratar-las-futuras-inversiones-en-el-municipio\\\/#primaryimage\"},\"thumbnailUrl\":\"https:\\\/\\\/mont-roig.cat\\\/wp-content\\\/uploads\\\/IMG_0885-scaled.jpg\",\"datePublished\":\"2024-09-20T12:50:32+00:00\",\"author\":{\"@id\":\"https:\\\/\\\/mont-roig.cat\\\/es\\\/#\\\/schema\\\/person\\\/1f73e7b5e6f9dd122e8a6f14f310ac5e\"},\"breadcrumb\":{\"@id\":\"https:\\\/\\\/mont-roig.cat\\\/es\\\/actualitat\\\/noticies\\\/el-consul-general-de-la-republica-de-corea-visita-el-ayuntamiento-de-mont-roig-del-camp-para-fortalecer-los-lazos-y-tratar-las-futuras-inversiones-en-el-municipio\\\/#breadcrumb\"},\"inLanguage\":\"es\",\"potentialAction\":[{\"@type\":\"ReadAction\",\"target\":[\"https:\\\/\\\/mont-roig.cat\\\/es\\\/actualitat\\\/noticies\\\/el-consul-general-de-la-republica-de-corea-visita-el-ayuntamiento-de-mont-roig-del-camp-para-fortalecer-los-lazos-y-tratar-las-futuras-inversiones-en-el-municipio\\\/\"]}]},{\"@type\":\"ImageObject\",\"inLanguage\":\"es\",\"@id\":\"https:\\\/\\\/mont-roig.cat\\\/es\\\/actualitat\\\/noticies\\\/el-consul-general-de-la-republica-de-corea-visita-el-ayuntamiento-de-mont-roig-del-camp-para-fortalecer-los-lazos-y-tratar-las-futuras-inversiones-en-el-municipio\\\/#primaryimage\",\"url\":\"https:\\\/\\\/mont-roig.cat\\\/wp-content\\\/uploads\\\/IMG_0885-scaled.jpg\",\"contentUrl\":\"https:\\\/\\\/mont-roig.cat\\\/wp-content\\\/uploads\\\/IMG_0885-scaled.jpg\",\"width\":2048,\"height\":1536},{\"@type\":\"BreadcrumbList\",\"@id\":\"https:\\\/\\\/mont-roig.cat\\\/es\\\/actualitat\\\/noticies\\\/el-consul-general-de-la-republica-de-corea-visita-el-ayuntamiento-de-mont-roig-del-camp-para-fortalecer-los-lazos-y-tratar-las-futuras-inversiones-en-el-municipio\\\/#breadcrumb\",\"itemListElement\":[{\"@type\":\"ListItem\",\"position\":1,\"name\":\"Inici\",\"item\":\"https:\\\/\\\/mont-roig.cat\\\/es\\\/pagina-de-inicio\\\/\"},{\"@type\":\"ListItem\",\"position\":2,\"name\":\"El C\u00f3nsul General de la Rep\u00fablica de Corea visita el Ayuntamiento de Mont-roig del Camp para fortalecer los lazos y tratar las futuras inversiones en el municipio\"}]},{\"@type\":\"WebSite\",\"@id\":\"https:\\\/\\\/mont-roig.cat\\\/es\\\/#website\",\"url\":\"https:\\\/\\\/mont-roig.cat\\\/es\\\/\",\"name\":\"Ajuntament de Mont-roig del Camp\",\"description\":\"Tota la informaci\u00f3 sobre la instituci\u00f3, els seus \u00f2rgans de govern, actualitat, serveis i molt m\u00e9s.\",\"potentialAction\":[{\"@type\":\"SearchAction\",\"target\":{\"@type\":\"EntryPoint\",\"urlTemplate\":\"https:\\\/\\\/mont-roig.cat\\\/es\\\/?s={search_term_string}\"},\"query-input\":{\"@type\":\"PropertyValueSpecification\",\"valueRequired\":true,\"valueName\":\"search_term_string\"}}],\"inLanguage\":\"es\"},{\"@type\":\"Person\",\"@id\":\"https:\\\/\\\/mont-roig.cat\\\/es\\\/#\\\/schema\\\/person\\\/1f73e7b5e6f9dd122e8a6f14f310ac5e\",\"name\":\"comunicacio\",\"image\":{\"@type\":\"ImageObject\",\"inLanguage\":\"es\",\"@id\":\"https:\\\/\\\/secure.gravatar.com\\\/avatar\\\/98944333e7a877670a64f8d10f0cb680ab2c9ebc4efc43945ef004b52b5ad28c?s=96&d=mm&r=g\",\"url\":\"https:\\\/\\\/secure.gravatar.com\\\/avatar\\\/98944333e7a877670a64f8d10f0cb680ab2c9ebc4efc43945ef004b52b5ad28c?s=96&d=mm&r=g\",\"contentUrl\":\"https:\\\/\\\/secure.gravatar.com\\\/avatar\\\/98944333e7a877670a64f8d10f0cb680ab2c9ebc4efc43945ef004b52b5ad28c?s=96&d=mm&r=g\",\"caption\":\"comunicacio\"},\"url\":\"https:\\\/\\\/mont-roig.cat\\\/es\\\/actualitat\\\/noticies\\\/author\\\/comunicacio\\\/\"}]}<\/script>\n<!-- \/ Yoast SEO plugin. -->","yoast_head_json":{"title":"El C\u00f3nsul General de la Rep\u00fablica de Corea visita el Ayuntamiento de Mont-roig del Camp para fortalecer los lazos y tratar las futuras inversiones en el municipio - Ajuntament de Mont-roig del Camp","robots":{"index":"index","follow":"follow","max-snippet":"max-snippet:-1","max-image-preview":"max-image-preview:large","max-video-preview":"max-video-preview:-1"},"canonical":"https:\/\/mont-roig.cat\/es\/actualitat\/noticies\/el-consul-general-de-la-republica-de-corea-visita-el-ayuntamiento-de-mont-roig-del-camp-para-fortalecer-los-lazos-y-tratar-las-futuras-inversiones-en-el-municipio\/","og_locale":"es_ES","og_type":"article","og_title":"El C\u00f3nsul General de la Rep\u00fablica de Corea visita el Ayuntamiento de Mont-roig del Camp para fortalecer los lazos y tratar las futuras inversiones en el municipio - Ajuntament de Mont-roig del Camp","og_description":"Han mantenido una reuni\u00f3n de trabajo sobre la evoluci\u00f3n del proyecto de Lotte Energy Materials y han reafirmado la necesidad de colaboraci\u00f3n entre ambas instituciones El alcalde Fran Morancho ha recibido al C\u00f3nsul General de la Rep\u00fablica de Corea en Barcelona, \u200b\u200bYoung-Hyo Park, este viernes al mediod\u00eda en el Ayuntamiento de Mont-roig del Camp, para [&hellip;]","og_url":"https:\/\/mont-roig.cat\/es\/actualitat\/noticies\/el-consul-general-de-la-republica-de-corea-visita-el-ayuntamiento-de-mont-roig-del-camp-para-fortalecer-los-lazos-y-tratar-las-futuras-inversiones-en-el-municipio\/","og_site_name":"Ajuntament de Mont-roig del Camp","article_published_time":"2024-09-20T12:50:32+00:00","og_image":[{"width":2048,"height":1536,"url":"https:\/\/mont-roig.cat\/wp-content\/uploads\/IMG_0885-scaled.jpg","type":"image\/jpeg"}],"author":"comunicacio","twitter_card":"summary_large_image","twitter_misc":{"Escrito por":"comunicacio","Tiempo de lectura":"2 minutos"},"schema":{"@context":"https:\/\/schema.org","@graph":[{"@type":"Article","@id":"https:\/\/mont-roig.cat\/es\/actualitat\/noticies\/el-consul-general-de-la-republica-de-corea-visita-el-ayuntamiento-de-mont-roig-del-camp-para-fortalecer-los-lazos-y-tratar-las-futuras-inversiones-en-el-municipio\/#article","isPartOf":{"@id":"https:\/\/mont-roig.cat\/es\/actualitat\/noticies\/el-consul-general-de-la-republica-de-corea-visita-el-ayuntamiento-de-mont-roig-del-camp-para-fortalecer-los-lazos-y-tratar-las-futuras-inversiones-en-el-municipio\/"},"author":{"name":"comunicacio","@id":"https:\/\/mont-roig.cat\/es\/#\/schema\/person\/1f73e7b5e6f9dd122e8a6f14f310ac5e"},"headline":"El C\u00f3nsul General de la Rep\u00fablica de Corea visita el Ayuntamiento de Mont-roig del Camp para fortalecer los lazos y tratar las futuras inversiones en el municipio","datePublished":"2024-09-20T12:50:32+00:00","mainEntityOfPage":{"@id":"https:\/\/mont-roig.cat\/es\/actualitat\/noticies\/el-consul-general-de-la-republica-de-corea-visita-el-ayuntamiento-de-mont-roig-del-camp-para-fortalecer-los-lazos-y-tratar-las-futuras-inversiones-en-el-municipio\/"},"wordCount":260,"image":{"@id":"https:\/\/mont-roig.cat\/es\/actualitat\/noticies\/el-consul-general-de-la-republica-de-corea-visita-el-ayuntamiento-de-mont-roig-del-camp-para-fortalecer-los-lazos-y-tratar-las-futuras-inversiones-en-el-municipio\/#primaryimage"},"thumbnailUrl":"https:\/\/mont-roig.cat\/wp-content\/uploads\/IMG_0885-scaled.jpg","articleSection":["Alcalde","Ayuntamiento","Impuls Econ\u00f2mic i Ocupaci\u00f3","Lotte"],"inLanguage":"es"},{"@type":"WebPage","@id":"https:\/\/mont-roig.cat\/es\/actualitat\/noticies\/el-consul-general-de-la-republica-de-corea-visita-el-ayuntamiento-de-mont-roig-del-camp-para-fortalecer-los-lazos-y-tratar-las-futuras-inversiones-en-el-municipio\/","url":"https:\/\/mont-roig.cat\/es\/actualitat\/noticies\/el-consul-general-de-la-republica-de-corea-visita-el-ayuntamiento-de-mont-roig-del-camp-para-fortalecer-los-lazos-y-tratar-las-futuras-inversiones-en-el-municipio\/","name":"El C\u00f3nsul General de la Rep\u00fablica de Corea visita el Ayuntamiento de Mont-roig del Camp para fortalecer los lazos y tratar las futuras inversiones en el municipio - Ajuntament de Mont-roig del Camp","isPartOf":{"@id":"https:\/\/mont-roig.cat\/es\/#website"},"primaryImageOfPage":{"@id":"https:\/\/mont-roig.cat\/es\/actualitat\/noticies\/el-consul-general-de-la-republica-de-corea-visita-el-ayuntamiento-de-mont-roig-del-camp-para-fortalecer-los-lazos-y-tratar-las-futuras-inversiones-en-el-municipio\/#primaryimage"},"image":{"@id":"https:\/\/mont-roig.cat\/es\/actualitat\/noticies\/el-consul-general-de-la-republica-de-corea-visita-el-ayuntamiento-de-mont-roig-del-camp-para-fortalecer-los-lazos-y-tratar-las-futuras-inversiones-en-el-municipio\/#primaryimage"},"thumbnailUrl":"https:\/\/mont-roig.cat\/wp-content\/uploads\/IMG_0885-scaled.jpg","datePublished":"2024-09-20T12:50:32+00:00","author":{"@id":"https:\/\/mont-roig.cat\/es\/#\/schema\/person\/1f73e7b5e6f9dd122e8a6f14f310ac5e"},"breadcrumb":{"@id":"https:\/\/mont-roig.cat\/es\/actualitat\/noticies\/el-consul-general-de-la-republica-de-corea-visita-el-ayuntamiento-de-mont-roig-del-camp-para-fortalecer-los-lazos-y-tratar-las-futuras-inversiones-en-el-municipio\/#breadcrumb"},"inLanguage":"es","potentialAction":[{"@type":"ReadAction","target":["https:\/\/mont-roig.cat\/es\/actualitat\/noticies\/el-consul-general-de-la-republica-de-corea-visita-el-ayuntamiento-de-mont-roig-del-camp-para-fortalecer-los-lazos-y-tratar-las-futuras-inversiones-en-el-municipio\/"]}]},{"@type":"ImageObject","inLanguage":"es","@id":"https:\/\/mont-roig.cat\/es\/actualitat\/noticies\/el-consul-general-de-la-republica-de-corea-visita-el-ayuntamiento-de-mont-roig-del-camp-para-fortalecer-los-lazos-y-tratar-las-futuras-inversiones-en-el-municipio\/#primaryimage","url":"https:\/\/mont-roig.cat\/wp-content\/uploads\/IMG_0885-scaled.jpg","contentUrl":"https:\/\/mont-roig.cat\/wp-content\/uploads\/IMG_0885-scaled.jpg","width":2048,"height":1536},{"@type":"BreadcrumbList","@id":"https:\/\/mont-roig.cat\/es\/actualitat\/noticies\/el-consul-general-de-la-republica-de-corea-visita-el-ayuntamiento-de-mont-roig-del-camp-para-fortalecer-los-lazos-y-tratar-las-futuras-inversiones-en-el-municipio\/#breadcrumb","itemListElement":[{"@type":"ListItem","position":1,"name":"Inici","item":"https:\/\/mont-roig.cat\/es\/pagina-de-inicio\/"},{"@type":"ListItem","position":2,"name":"El C\u00f3nsul General de la Rep\u00fablica de Corea visita el Ayuntamiento de Mont-roig del Camp para fortalecer los lazos y tratar las futuras inversiones en el municipio"}]},{"@type":"WebSite","@id":"https:\/\/mont-roig.cat\/es\/#website","url":"https:\/\/mont-roig.cat\/es\/","name":"Ajuntament de Mont-roig del Camp","description":"Tota la informaci\u00f3 sobre la instituci\u00f3, els seus \u00f2rgans de govern, actualitat, serveis i molt m\u00e9s.","potentialAction":[{"@type":"SearchAction","target":{"@type":"EntryPoint","urlTemplate":"https:\/\/mont-roig.cat\/es\/?s={search_term_string}"},"query-input":{"@type":"PropertyValueSpecification","valueRequired":true,"valueName":"search_term_string"}}],"inLanguage":"es"},{"@type":"Person","@id":"https:\/\/mont-roig.cat\/es\/#\/schema\/person\/1f73e7b5e6f9dd122e8a6f14f310ac5e","name":"comunicacio","image":{"@type":"ImageObject","inLanguage":"es","@id":"https:\/\/secure.gravatar.com\/avatar\/98944333e7a877670a64f8d10f0cb680ab2c9ebc4efc43945ef004b52b5ad28c?s=96&d=mm&r=g","url":"https:\/\/secure.gravatar.com\/avatar\/98944333e7a877670a64f8d10f0cb680ab2c9ebc4efc43945ef004b52b5ad28c?s=96&d=mm&r=g","contentUrl":"https:\/\/secure.gravatar.com\/avatar\/98944333e7a877670a64f8d10f0cb680ab2c9ebc4efc43945ef004b52b5ad28c?s=96&d=mm&r=g","caption":"comunicacio"},"url":"https:\/\/mont-roig.cat\/es\/actualitat\/noticies\/author\/comunicacio\/"}]}},"_links":{"self":[{"href":"https:\/\/mont-roig.cat\/es\/wp-json\/wp\/v2\/posts\/78600","targetHints":{"allow":["GET"]}}],"collection":[{"href":"https:\/\/mont-roig.cat\/es\/wp-json\/wp\/v2\/posts"}],"about":[{"href":"https:\/\/mont-roig.cat\/es\/wp-json\/wp\/v2\/types\/post"}],"author":[{"embeddable":true,"href":"https:\/\/mont-roig.cat\/es\/wp-json\/wp\/v2\/users\/13"}],"replies":[{"embeddable":true,"href":"https:\/\/mont-roig.cat\/es\/wp-json\/wp\/v2\/comments?post=78600"}],"version-history":[{"count":1,"href":"https:\/\/mont-roig.cat\/es\/wp-json\/wp\/v2\/posts\/78600\/revisions"}],"predecessor-version":[{"id":78601,"href":"https:\/\/mont-roig.cat\/es\/wp-json\/wp\/v2\/posts\/78600\/revisions\/78601"}],"wp:featuredmedia":[{"embeddable":true,"href":"https:\/\/mont-roig.cat\/es\/wp-json\/wp\/v2\/media\/78593"}],"wp:attachment":[{"href":"https:\/\/mont-roig.cat\/es\/wp-json\/wp\/v2\/media?parent=78600"}],"wp:term":[{"taxonomy":"category","embeddable":true,"href":"https:\/\/mont-roig.cat\/es\/wp-json\/wp\/v2\/categories?post=78600"},{"taxonomy":"post_tag","embeddable":true,"href":"https:\/\/mont-roig.cat\/es\/wp-json\/wp\/v2\/tags?post=78600"}],"curies":[{"name":"wp","href":"https:\/\/api.w.org\/{rel}","templated":true}]}}