{"id":78686,"date":"2024-09-27T14:06:43","date_gmt":"2024-09-27T12:06:43","guid":{"rendered":"https:\/\/mont-roig.cat\/actualitat\/noticies\/el-paisatge-dels-genis-celebrara-un-esdeveniment-conjunt-anual-entorn-a-miro-gaudi-casals-i-picasso\/"},"modified":"2024-09-27T14:15:45","modified_gmt":"2024-09-27T12:15:45","slug":"el-paisatge-dels-genis-celebrara-un-evento-conjunto-anual-en-homenaje-a-miro-gaudi-casals-y-picasso","status":"publish","type":"post","link":"https:\/\/mont-roig.cat\/es\/actualitat\/noticies\/el-paisatge-dels-genis-celebrara-un-evento-conjunto-anual-en-homenaje-a-miro-gaudi-casals-y-picasso\/","title":{"rendered":"El Paisatge dels Genis celebrar\u00e1 un evento conjunto anual en homenaje a Mir\u00f3, Gaud\u00ed, Casals y Picasso"},"content":{"rendered":"<div id=\"attachment_78682\" style=\"width: 311px\" class=\"wp-caption alignright\"><a href=\"https:\/\/mont-roig.cat\/wp-content\/uploads\/PaisatgedelsGenis_trobada_institucional_2024-scaled.jpg\" target=\"_blank\" rel=\"noopener\"><img loading=\"lazy\" decoding=\"async\" aria-describedby=\"caption-attachment-78682\" class=\"wp-image-78682\" src=\"https:\/\/mont-roig.cat\/wp-content\/uploads\/PaisatgedelsGenis_trobada_institucional_2024-500x375.jpg\" alt=\"\" width=\"301\" height=\"226\" srcset=\"https:\/\/mont-roig.cat\/wp-content\/uploads\/PaisatgedelsGenis_trobada_institucional_2024-500x375.jpg 500w, https:\/\/mont-roig.cat\/wp-content\/uploads\/PaisatgedelsGenis_trobada_institucional_2024-1024x768.jpg 1024w, https:\/\/mont-roig.cat\/wp-content\/uploads\/PaisatgedelsGenis_trobada_institucional_2024-768x576.jpg 768w, https:\/\/mont-roig.cat\/wp-content\/uploads\/PaisatgedelsGenis_trobada_institucional_2024-1536x1152.jpg 1536w, https:\/\/mont-roig.cat\/wp-content\/uploads\/PaisatgedelsGenis_trobada_institucional_2024-scaled.jpg 2048w, https:\/\/mont-roig.cat\/wp-content\/uploads\/PaisatgedelsGenis_trobada_institucional_2024-463x348.jpg 463w\" sizes=\"auto, (max-width: 301px) 100vw, 301px\" \/><\/a><p id=\"caption-attachment-78682\" class=\"wp-caption-text\">La concejal de Turismo, Yolanda P\u00e9rez, en el centro de la imagen posterior al encuentro del Paisatge dels Genis.<\/p><\/div>\n<ul>\n<li><strong>La iniciativa forma parte del nuevo Plan de Comunicaci\u00f3n de la Ruta del Paisatge dels Genis, que pone en valor a los artistas universales Joan Mir\u00f3, Antoni Gaud\u00ed, Pau Casals y Pablo Picasso, y su relaci\u00f3n con Mont-roig del Camp, Reus, el Vendrell y Horta de Sant Joan en la Costa Daurada y las Terres de l\u2019Ebre.<\/strong><\/li>\n<\/ul>\n<p><a href=\"https:\/\/elpaisatgedelsgenis.cat\/\" target=\"_blank\" rel=\"noopener\">El Paisatge dels Genis<\/a> inicia la preparaci\u00f3n de un evento conjunto anual que destacar\u00e1 a los artistas universales Joan Mir\u00f3, Antoni Gaud\u00ed, Pau Casals y Pablo Picasso, y su relaci\u00f3n con Mont-roig del Camp, Reus, el Vendrell y Horta de Sant Joan, en la Costa Daurada y las Terres de l\u2019Ebre.<\/p>\n<p>La organizaci\u00f3n de un evento conjunto que una territorio, cultura y creatividad en torno a esta propuesta tur\u00edstica y cultural, cuya primera edici\u00f3n se celebrar\u00e1 en 2025, es una de las acciones incluidas en el nuevo Plan de Comunicaci\u00f3n de la Ruta del Paisatge dels Genis, presentado esta semana durante el encuentro institucional de los miembros de la ruta.<\/p>\n<p>El plan, que se enmarca en el Pla Estrat\u00e8gic 2023-2027, tambi\u00e9n incluye la renovaci\u00f3n de su p\u00e1gina web, actividades en escuelas, el impulso en redes sociales con nuevo material audiovisual, una campa\u00f1a anual para dar notoriedad a la marca y la mejora de la se\u00f1alizaci\u00f3n en los equipamientos y municipios que forman parte de la Ruta del Paisatge dels Genis, entre otros.<\/p>\n<p>En concreto, \u201cel Plan de Comunicaci\u00f3n ser\u00e1 la hoja de ruta del Paisatge dels Genis para los pr\u00f3ximos tres a\u00f1os, con el objetivo de mejorar el posicionamiento y el conocimiento de la propuesta como eje tractor de la vinculaci\u00f3n entre las actividades tur\u00edsticas y culturales del territorio de la ruta\u201d, explic\u00f3 el director de la Oficina T\u00e8cnica del Paisatge dels Genis y consultor en Turismo y Cultura de Eurecat, Jaume Salvat.<br \/>\nEl presidente del Patronat de Turisme de la Diputaci\u00f3 de Tarragona, Carlos Brull, destac\u00f3 que &#8220;el Paisatge dels Genis representa una propuesta de turismo cultural de primer orden, s\u00f3lida y atractiva, para la Costa Daurada y las Terres de l\u2019Ebre. Este es un activo con un enorme potencial que los agentes implicados nos hemos comprometido a desarrollar con una estrategia y planificaci\u00f3n coordinada, ratificada en este nuevo encuentro institucional&#8221;.<\/p>\n<p>El encuentro institucional, que este a\u00f1o se ha celebrado en el Museu Pau Casals en el Vendrell, cont\u00f3 con la participaci\u00f3n del presidente del Patronat de Turisme de la Diputaci\u00f3 de Tarragona, Carlos Brull; la directora del Patronat de Turisme de la Diputaci\u00f3 de Tarragona, Marta Farrero; el alcalde del Vendrell, Kenneth Mart\u00ednez; la concejala de Turisme del Ajuntament del Vendrell, S\u00edlvia Vaquero; la t\u00e9cnica de la Ag\u00e8ncia de Promoci\u00f3 de Ciutat \u201cReus Promoci\u00f3\u201d, Cristina Pedret; la concejala de Turisme del Ajuntament de Mont-roig del Camp, Yolanda P\u00e9rez; el alcalde de Horta de Sant Joan, Jordi Mart\u00edn; el director de la Oficina T\u00e8cnica del Paisatge dels Genis y consultor de Turismo y Cultura de Eurecat, Jaume Salvat; y la consultora de Turismo y Cultura de Eurecat, Eva Mart\u00ednez.<\/p>\n<p>El Plan de Comunicaci\u00f3n del Paisatge dels Genis, encargado a la agencia Baobab comunicaci\u00f3, se enmarca en los ejes estrat\u00e9gicos para el periodo hasta 2027 definidos en el encuentro institucional celebrado el a\u00f1o pasado en el Mas Mir\u00f3 en Mont-roig del Camp.<\/p>\n<p><strong>El Paisatge dels Genis en la Costa Daurada y las Terres de l\u2019Ebre<\/strong><br \/>\nLa Ruta del Paisatge dels Genis cuenta con cinco centros culturales: el Gaud\u00ed Centre en Reus, el Mas Mir\u00f3 en Mont-roig, la Casa Nadiua y el Museu Pau Casals en el Vendrell, y el Centre Picasso en Horta de Sant Joan, que ponen en valor y explican la vinculaci\u00f3n de estos genios universales con los paisajes de la Costa Daurada y las Terres de l\u2019Ebre, que marcaron su vida y su obra, siendo fuente de inspiraci\u00f3n.<br \/>\nLa Oficina T\u00e8cnica del Paisatge dels Genis, que cuenta con el apoyo del Patronat de Turisme de la Diputaci\u00f3 de Tarragona y de los ayuntamientos y patronats de turismo de los municipios que forman parte de la ruta, es gestionada por la l\u00ednea de Turismo y Cultura del Departamento de Consultor\u00eda del centro tecnol\u00f3gico Eurecat.<\/p>\n","protected":false},"excerpt":{"rendered":"<p>La iniciativa forma parte del nuevo Plan de Comunicaci\u00f3n de la Ruta del Paisatge dels Genis, que pone en valor a los artistas universales Joan Mir\u00f3, Antoni Gaud\u00ed, Pau Casals y Pablo Picasso, y su relaci\u00f3n con Mont-roig del Camp, Reus, el Vendrell y Horta de Sant Joan en la Costa Daurada y las Terres [&hellip;]<\/p>\n","protected":false},"author":13,"featured_media":78683,"comment_status":"closed","ping_status":"closed","sticky":false,"template":"","format":"standard","meta":{"inline_featured_image":false,"_monsterinsights_skip_tracking":false,"_monsterinsights_sitenote_active":false,"_monsterinsights_sitenote_note":"","_monsterinsights_sitenote_category":0,"footnotes":""},"categories":[98,115],"tags":[],"class_list":["post-78686","post","type-post","status-publish","format-standard","has-post-thumbnail","hentry","category-ayuntamiento","category-turismo"],"yoast_head":"<!-- This site is optimized with the Yoast SEO plugin v27.4 - https:\/\/yoast.com\/product\/yoast-seo-wordpress\/ -->\n<title>El Paisatge dels Genis celebrar\u00e1 un evento conjunto anual en homenaje a Mir\u00f3, Gaud\u00ed, Casals y Picasso - Ajuntament de Mont-roig del Camp<\/title>\n<meta name=\"robots\" content=\"index, follow, max-snippet:-1, max-image-preview:large, max-video-preview:-1\" \/>\n<link rel=\"canonical\" href=\"https:\/\/mont-roig.cat\/es\/actualitat\/noticies\/el-paisatge-dels-genis-celebrara-un-evento-conjunto-anual-en-homenaje-a-miro-gaudi-casals-y-picasso\/\" \/>\n<meta property=\"og:locale\" content=\"es_ES\" \/>\n<meta property=\"og:type\" content=\"article\" \/>\n<meta property=\"og:title\" content=\"El Paisatge dels Genis celebrar\u00e1 un evento conjunto anual en homenaje a Mir\u00f3, Gaud\u00ed, Casals y Picasso - Ajuntament de Mont-roig del Camp\" \/>\n<meta property=\"og:description\" content=\"La iniciativa forma parte del nuevo Plan de Comunicaci\u00f3n de la Ruta del Paisatge dels Genis, que pone en valor a los artistas universales Joan Mir\u00f3, Antoni Gaud\u00ed, Pau Casals y Pablo Picasso, y su relaci\u00f3n con Mont-roig del Camp, Reus, el Vendrell y Horta de Sant Joan en la Costa Daurada y las Terres [&hellip;]\" \/>\n<meta property=\"og:url\" content=\"https:\/\/mont-roig.cat\/es\/actualitat\/noticies\/el-paisatge-dels-genis-celebrara-un-evento-conjunto-anual-en-homenaje-a-miro-gaudi-casals-y-picasso\/\" \/>\n<meta property=\"og:site_name\" content=\"Ajuntament de Mont-roig del Camp\" \/>\n<meta property=\"article:published_time\" content=\"2024-09-27T12:06:43+00:00\" \/>\n<meta property=\"article:modified_time\" content=\"2024-09-27T12:15:45+00:00\" \/>\n<meta property=\"og:image\" content=\"https:\/\/mont-roig.cat\/wp-content\/uploads\/PaisatgedelsGenis_trobada_institucional_2024-scaled.jpg\" \/>\n\t<meta property=\"og:image:width\" content=\"2048\" \/>\n\t<meta property=\"og:image:height\" content=\"1536\" \/>\n\t<meta property=\"og:image:type\" content=\"image\/jpeg\" \/>\n<meta name=\"author\" content=\"comunicacio\" \/>\n<meta name=\"twitter:card\" content=\"summary_large_image\" \/>\n<meta name=\"twitter:label1\" content=\"Escrito por\" \/>\n\t<meta name=\"twitter:data1\" content=\"comunicacio\" \/>\n\t<meta name=\"twitter:label2\" content=\"Tiempo de lectura\" \/>\n\t<meta name=\"twitter:data2\" content=\"5 minutos\" \/>\n<script type=\"application\/ld+json\" class=\"yoast-schema-graph\">{\"@context\":\"https:\\\/\\\/schema.org\",\"@graph\":[{\"@type\":\"Article\",\"@id\":\"https:\\\/\\\/mont-roig.cat\\\/es\\\/actualitat\\\/noticies\\\/el-paisatge-dels-genis-celebrara-un-evento-conjunto-anual-en-homenaje-a-miro-gaudi-casals-y-picasso\\\/#article\",\"isPartOf\":{\"@id\":\"https:\\\/\\\/mont-roig.cat\\\/es\\\/actualitat\\\/noticies\\\/el-paisatge-dels-genis-celebrara-un-evento-conjunto-anual-en-homenaje-a-miro-gaudi-casals-y-picasso\\\/\"},\"author\":{\"name\":\"comunicacio\",\"@id\":\"https:\\\/\\\/mont-roig.cat\\\/es\\\/#\\\/schema\\\/person\\\/1f73e7b5e6f9dd122e8a6f14f310ac5e\"},\"headline\":\"El Paisatge dels Genis celebrar\u00e1 un evento conjunto anual en homenaje a Mir\u00f3, Gaud\u00ed, Casals y Picasso\",\"datePublished\":\"2024-09-27T12:06:43+00:00\",\"dateModified\":\"2024-09-27T12:15:45+00:00\",\"mainEntityOfPage\":{\"@id\":\"https:\\\/\\\/mont-roig.cat\\\/es\\\/actualitat\\\/noticies\\\/el-paisatge-dels-genis-celebrara-un-evento-conjunto-anual-en-homenaje-a-miro-gaudi-casals-y-picasso\\\/\"},\"wordCount\":772,\"image\":{\"@id\":\"https:\\\/\\\/mont-roig.cat\\\/es\\\/actualitat\\\/noticies\\\/el-paisatge-dels-genis-celebrara-un-evento-conjunto-anual-en-homenaje-a-miro-gaudi-casals-y-picasso\\\/#primaryimage\"},\"thumbnailUrl\":\"https:\\\/\\\/mont-roig.cat\\\/wp-content\\\/uploads\\\/PaisatgedelsGenis_trobada_institucional_2024-scaled.jpg\",\"articleSection\":[\"Ayuntamiento\",\"Turismo\"],\"inLanguage\":\"es\"},{\"@type\":\"WebPage\",\"@id\":\"https:\\\/\\\/mont-roig.cat\\\/es\\\/actualitat\\\/noticies\\\/el-paisatge-dels-genis-celebrara-un-evento-conjunto-anual-en-homenaje-a-miro-gaudi-casals-y-picasso\\\/\",\"url\":\"https:\\\/\\\/mont-roig.cat\\\/es\\\/actualitat\\\/noticies\\\/el-paisatge-dels-genis-celebrara-un-evento-conjunto-anual-en-homenaje-a-miro-gaudi-casals-y-picasso\\\/\",\"name\":\"El Paisatge dels Genis celebrar\u00e1 un evento conjunto anual en homenaje a Mir\u00f3, Gaud\u00ed, Casals y Picasso - Ajuntament de Mont-roig del Camp\",\"isPartOf\":{\"@id\":\"https:\\\/\\\/mont-roig.cat\\\/es\\\/#website\"},\"primaryImageOfPage\":{\"@id\":\"https:\\\/\\\/mont-roig.cat\\\/es\\\/actualitat\\\/noticies\\\/el-paisatge-dels-genis-celebrara-un-evento-conjunto-anual-en-homenaje-a-miro-gaudi-casals-y-picasso\\\/#primaryimage\"},\"image\":{\"@id\":\"https:\\\/\\\/mont-roig.cat\\\/es\\\/actualitat\\\/noticies\\\/el-paisatge-dels-genis-celebrara-un-evento-conjunto-anual-en-homenaje-a-miro-gaudi-casals-y-picasso\\\/#primaryimage\"},\"thumbnailUrl\":\"https:\\\/\\\/mont-roig.cat\\\/wp-content\\\/uploads\\\/PaisatgedelsGenis_trobada_institucional_2024-scaled.jpg\",\"datePublished\":\"2024-09-27T12:06:43+00:00\",\"dateModified\":\"2024-09-27T12:15:45+00:00\",\"author\":{\"@id\":\"https:\\\/\\\/mont-roig.cat\\\/es\\\/#\\\/schema\\\/person\\\/1f73e7b5e6f9dd122e8a6f14f310ac5e\"},\"breadcrumb\":{\"@id\":\"https:\\\/\\\/mont-roig.cat\\\/es\\\/actualitat\\\/noticies\\\/el-paisatge-dels-genis-celebrara-un-evento-conjunto-anual-en-homenaje-a-miro-gaudi-casals-y-picasso\\\/#breadcrumb\"},\"inLanguage\":\"es\",\"potentialAction\":[{\"@type\":\"ReadAction\",\"target\":[\"https:\\\/\\\/mont-roig.cat\\\/es\\\/actualitat\\\/noticies\\\/el-paisatge-dels-genis-celebrara-un-evento-conjunto-anual-en-homenaje-a-miro-gaudi-casals-y-picasso\\\/\"]}]},{\"@type\":\"ImageObject\",\"inLanguage\":\"es\",\"@id\":\"https:\\\/\\\/mont-roig.cat\\\/es\\\/actualitat\\\/noticies\\\/el-paisatge-dels-genis-celebrara-un-evento-conjunto-anual-en-homenaje-a-miro-gaudi-casals-y-picasso\\\/#primaryimage\",\"url\":\"https:\\\/\\\/mont-roig.cat\\\/wp-content\\\/uploads\\\/PaisatgedelsGenis_trobada_institucional_2024-scaled.jpg\",\"contentUrl\":\"https:\\\/\\\/mont-roig.cat\\\/wp-content\\\/uploads\\\/PaisatgedelsGenis_trobada_institucional_2024-scaled.jpg\",\"width\":2048,\"height\":1536},{\"@type\":\"BreadcrumbList\",\"@id\":\"https:\\\/\\\/mont-roig.cat\\\/es\\\/actualitat\\\/noticies\\\/el-paisatge-dels-genis-celebrara-un-evento-conjunto-anual-en-homenaje-a-miro-gaudi-casals-y-picasso\\\/#breadcrumb\",\"itemListElement\":[{\"@type\":\"ListItem\",\"position\":1,\"name\":\"Inici\",\"item\":\"https:\\\/\\\/mont-roig.cat\\\/es\\\/pagina-de-inicio\\\/\"},{\"@type\":\"ListItem\",\"position\":2,\"name\":\"El Paisatge dels Genis celebrar\u00e1 un evento conjunto anual en homenaje a Mir\u00f3, Gaud\u00ed, Casals y Picasso\"}]},{\"@type\":\"WebSite\",\"@id\":\"https:\\\/\\\/mont-roig.cat\\\/es\\\/#website\",\"url\":\"https:\\\/\\\/mont-roig.cat\\\/es\\\/\",\"name\":\"Ajuntament de Mont-roig del Camp\",\"description\":\"Tota la informaci\u00f3 sobre la instituci\u00f3, els seus \u00f2rgans de govern, actualitat, serveis i molt m\u00e9s.\",\"potentialAction\":[{\"@type\":\"SearchAction\",\"target\":{\"@type\":\"EntryPoint\",\"urlTemplate\":\"https:\\\/\\\/mont-roig.cat\\\/es\\\/?s={search_term_string}\"},\"query-input\":{\"@type\":\"PropertyValueSpecification\",\"valueRequired\":true,\"valueName\":\"search_term_string\"}}],\"inLanguage\":\"es\"},{\"@type\":\"Person\",\"@id\":\"https:\\\/\\\/mont-roig.cat\\\/es\\\/#\\\/schema\\\/person\\\/1f73e7b5e6f9dd122e8a6f14f310ac5e\",\"name\":\"comunicacio\",\"image\":{\"@type\":\"ImageObject\",\"inLanguage\":\"es\",\"@id\":\"https:\\\/\\\/secure.gravatar.com\\\/avatar\\\/98944333e7a877670a64f8d10f0cb680ab2c9ebc4efc43945ef004b52b5ad28c?s=96&d=mm&r=g\",\"url\":\"https:\\\/\\\/secure.gravatar.com\\\/avatar\\\/98944333e7a877670a64f8d10f0cb680ab2c9ebc4efc43945ef004b52b5ad28c?s=96&d=mm&r=g\",\"contentUrl\":\"https:\\\/\\\/secure.gravatar.com\\\/avatar\\\/98944333e7a877670a64f8d10f0cb680ab2c9ebc4efc43945ef004b52b5ad28c?s=96&d=mm&r=g\",\"caption\":\"comunicacio\"},\"url\":\"https:\\\/\\\/mont-roig.cat\\\/es\\\/actualitat\\\/noticies\\\/author\\\/comunicacio\\\/\"}]}<\/script>\n<!-- \/ Yoast SEO plugin. -->","yoast_head_json":{"title":"El Paisatge dels Genis celebrar\u00e1 un evento conjunto anual en homenaje a Mir\u00f3, Gaud\u00ed, Casals y Picasso - Ajuntament de Mont-roig del Camp","robots":{"index":"index","follow":"follow","max-snippet":"max-snippet:-1","max-image-preview":"max-image-preview:large","max-video-preview":"max-video-preview:-1"},"canonical":"https:\/\/mont-roig.cat\/es\/actualitat\/noticies\/el-paisatge-dels-genis-celebrara-un-evento-conjunto-anual-en-homenaje-a-miro-gaudi-casals-y-picasso\/","og_locale":"es_ES","og_type":"article","og_title":"El Paisatge dels Genis celebrar\u00e1 un evento conjunto anual en homenaje a Mir\u00f3, Gaud\u00ed, Casals y Picasso - Ajuntament de Mont-roig del Camp","og_description":"La iniciativa forma parte del nuevo Plan de Comunicaci\u00f3n de la Ruta del Paisatge dels Genis, que pone en valor a los artistas universales Joan Mir\u00f3, Antoni Gaud\u00ed, Pau Casals y Pablo Picasso, y su relaci\u00f3n con Mont-roig del Camp, Reus, el Vendrell y Horta de Sant Joan en la Costa Daurada y las Terres [&hellip;]","og_url":"https:\/\/mont-roig.cat\/es\/actualitat\/noticies\/el-paisatge-dels-genis-celebrara-un-evento-conjunto-anual-en-homenaje-a-miro-gaudi-casals-y-picasso\/","og_site_name":"Ajuntament de Mont-roig del Camp","article_published_time":"2024-09-27T12:06:43+00:00","article_modified_time":"2024-09-27T12:15:45+00:00","og_image":[{"width":2048,"height":1536,"url":"https:\/\/mont-roig.cat\/wp-content\/uploads\/PaisatgedelsGenis_trobada_institucional_2024-scaled.jpg","type":"image\/jpeg"}],"author":"comunicacio","twitter_card":"summary_large_image","twitter_misc":{"Escrito por":"comunicacio","Tiempo de lectura":"5 minutos"},"schema":{"@context":"https:\/\/schema.org","@graph":[{"@type":"Article","@id":"https:\/\/mont-roig.cat\/es\/actualitat\/noticies\/el-paisatge-dels-genis-celebrara-un-evento-conjunto-anual-en-homenaje-a-miro-gaudi-casals-y-picasso\/#article","isPartOf":{"@id":"https:\/\/mont-roig.cat\/es\/actualitat\/noticies\/el-paisatge-dels-genis-celebrara-un-evento-conjunto-anual-en-homenaje-a-miro-gaudi-casals-y-picasso\/"},"author":{"name":"comunicacio","@id":"https:\/\/mont-roig.cat\/es\/#\/schema\/person\/1f73e7b5e6f9dd122e8a6f14f310ac5e"},"headline":"El Paisatge dels Genis celebrar\u00e1 un evento conjunto anual en homenaje a Mir\u00f3, Gaud\u00ed, Casals y Picasso","datePublished":"2024-09-27T12:06:43+00:00","dateModified":"2024-09-27T12:15:45+00:00","mainEntityOfPage":{"@id":"https:\/\/mont-roig.cat\/es\/actualitat\/noticies\/el-paisatge-dels-genis-celebrara-un-evento-conjunto-anual-en-homenaje-a-miro-gaudi-casals-y-picasso\/"},"wordCount":772,"image":{"@id":"https:\/\/mont-roig.cat\/es\/actualitat\/noticies\/el-paisatge-dels-genis-celebrara-un-evento-conjunto-anual-en-homenaje-a-miro-gaudi-casals-y-picasso\/#primaryimage"},"thumbnailUrl":"https:\/\/mont-roig.cat\/wp-content\/uploads\/PaisatgedelsGenis_trobada_institucional_2024-scaled.jpg","articleSection":["Ayuntamiento","Turismo"],"inLanguage":"es"},{"@type":"WebPage","@id":"https:\/\/mont-roig.cat\/es\/actualitat\/noticies\/el-paisatge-dels-genis-celebrara-un-evento-conjunto-anual-en-homenaje-a-miro-gaudi-casals-y-picasso\/","url":"https:\/\/mont-roig.cat\/es\/actualitat\/noticies\/el-paisatge-dels-genis-celebrara-un-evento-conjunto-anual-en-homenaje-a-miro-gaudi-casals-y-picasso\/","name":"El Paisatge dels Genis celebrar\u00e1 un evento conjunto anual en homenaje a Mir\u00f3, Gaud\u00ed, Casals y Picasso - Ajuntament de Mont-roig del Camp","isPartOf":{"@id":"https:\/\/mont-roig.cat\/es\/#website"},"primaryImageOfPage":{"@id":"https:\/\/mont-roig.cat\/es\/actualitat\/noticies\/el-paisatge-dels-genis-celebrara-un-evento-conjunto-anual-en-homenaje-a-miro-gaudi-casals-y-picasso\/#primaryimage"},"image":{"@id":"https:\/\/mont-roig.cat\/es\/actualitat\/noticies\/el-paisatge-dels-genis-celebrara-un-evento-conjunto-anual-en-homenaje-a-miro-gaudi-casals-y-picasso\/#primaryimage"},"thumbnailUrl":"https:\/\/mont-roig.cat\/wp-content\/uploads\/PaisatgedelsGenis_trobada_institucional_2024-scaled.jpg","datePublished":"2024-09-27T12:06:43+00:00","dateModified":"2024-09-27T12:15:45+00:00","author":{"@id":"https:\/\/mont-roig.cat\/es\/#\/schema\/person\/1f73e7b5e6f9dd122e8a6f14f310ac5e"},"breadcrumb":{"@id":"https:\/\/mont-roig.cat\/es\/actualitat\/noticies\/el-paisatge-dels-genis-celebrara-un-evento-conjunto-anual-en-homenaje-a-miro-gaudi-casals-y-picasso\/#breadcrumb"},"inLanguage":"es","potentialAction":[{"@type":"ReadAction","target":["https:\/\/mont-roig.cat\/es\/actualitat\/noticies\/el-paisatge-dels-genis-celebrara-un-evento-conjunto-anual-en-homenaje-a-miro-gaudi-casals-y-picasso\/"]}]},{"@type":"ImageObject","inLanguage":"es","@id":"https:\/\/mont-roig.cat\/es\/actualitat\/noticies\/el-paisatge-dels-genis-celebrara-un-evento-conjunto-anual-en-homenaje-a-miro-gaudi-casals-y-picasso\/#primaryimage","url":"https:\/\/mont-roig.cat\/wp-content\/uploads\/PaisatgedelsGenis_trobada_institucional_2024-scaled.jpg","contentUrl":"https:\/\/mont-roig.cat\/wp-content\/uploads\/PaisatgedelsGenis_trobada_institucional_2024-scaled.jpg","width":2048,"height":1536},{"@type":"BreadcrumbList","@id":"https:\/\/mont-roig.cat\/es\/actualitat\/noticies\/el-paisatge-dels-genis-celebrara-un-evento-conjunto-anual-en-homenaje-a-miro-gaudi-casals-y-picasso\/#breadcrumb","itemListElement":[{"@type":"ListItem","position":1,"name":"Inici","item":"https:\/\/mont-roig.cat\/es\/pagina-de-inicio\/"},{"@type":"ListItem","position":2,"name":"El Paisatge dels Genis celebrar\u00e1 un evento conjunto anual en homenaje a Mir\u00f3, Gaud\u00ed, Casals y Picasso"}]},{"@type":"WebSite","@id":"https:\/\/mont-roig.cat\/es\/#website","url":"https:\/\/mont-roig.cat\/es\/","name":"Ajuntament de Mont-roig del Camp","description":"Tota la informaci\u00f3 sobre la instituci\u00f3, els seus \u00f2rgans de govern, actualitat, serveis i molt m\u00e9s.","potentialAction":[{"@type":"SearchAction","target":{"@type":"EntryPoint","urlTemplate":"https:\/\/mont-roig.cat\/es\/?s={search_term_string}"},"query-input":{"@type":"PropertyValueSpecification","valueRequired":true,"valueName":"search_term_string"}}],"inLanguage":"es"},{"@type":"Person","@id":"https:\/\/mont-roig.cat\/es\/#\/schema\/person\/1f73e7b5e6f9dd122e8a6f14f310ac5e","name":"comunicacio","image":{"@type":"ImageObject","inLanguage":"es","@id":"https:\/\/secure.gravatar.com\/avatar\/98944333e7a877670a64f8d10f0cb680ab2c9ebc4efc43945ef004b52b5ad28c?s=96&d=mm&r=g","url":"https:\/\/secure.gravatar.com\/avatar\/98944333e7a877670a64f8d10f0cb680ab2c9ebc4efc43945ef004b52b5ad28c?s=96&d=mm&r=g","contentUrl":"https:\/\/secure.gravatar.com\/avatar\/98944333e7a877670a64f8d10f0cb680ab2c9ebc4efc43945ef004b52b5ad28c?s=96&d=mm&r=g","caption":"comunicacio"},"url":"https:\/\/mont-roig.cat\/es\/actualitat\/noticies\/author\/comunicacio\/"}]}},"_links":{"self":[{"href":"https:\/\/mont-roig.cat\/es\/wp-json\/wp\/v2\/posts\/78686","targetHints":{"allow":["GET"]}}],"collection":[{"href":"https:\/\/mont-roig.cat\/es\/wp-json\/wp\/v2\/posts"}],"about":[{"href":"https:\/\/mont-roig.cat\/es\/wp-json\/wp\/v2\/types\/post"}],"author":[{"embeddable":true,"href":"https:\/\/mont-roig.cat\/es\/wp-json\/wp\/v2\/users\/13"}],"replies":[{"embeddable":true,"href":"https:\/\/mont-roig.cat\/es\/wp-json\/wp\/v2\/comments?post=78686"}],"version-history":[{"count":2,"href":"https:\/\/mont-roig.cat\/es\/wp-json\/wp\/v2\/posts\/78686\/revisions"}],"predecessor-version":[{"id":78688,"href":"https:\/\/mont-roig.cat\/es\/wp-json\/wp\/v2\/posts\/78686\/revisions\/78688"}],"wp:featuredmedia":[{"embeddable":true,"href":"https:\/\/mont-roig.cat\/es\/wp-json\/wp\/v2\/media\/78683"}],"wp:attachment":[{"href":"https:\/\/mont-roig.cat\/es\/wp-json\/wp\/v2\/media?parent=78686"}],"wp:term":[{"taxonomy":"category","embeddable":true,"href":"https:\/\/mont-roig.cat\/es\/wp-json\/wp\/v2\/categories?post=78686"},{"taxonomy":"post_tag","embeddable":true,"href":"https:\/\/mont-roig.cat\/es\/wp-json\/wp\/v2\/tags?post=78686"}],"curies":[{"name":"wp","href":"https:\/\/api.w.org\/{rel}","templated":true}]}}