{"id":79257,"date":"2024-10-25T13:19:10","date_gmt":"2024-10-25T11:19:10","guid":{"rendered":"https:\/\/mont-roig.cat\/actualitat\/noticies\/nous-horaris-del-servei-dautobus-entre-miami-platja-i-el-complex-educatiu-tarragona\/"},"modified":"2024-10-25T13:45:34","modified_gmt":"2024-10-25T11:45:34","slug":"nuevos-horarios-del-servicio-de-autobus-entre-miami-platja-y-el-complejo-educativo-de-tarragona","status":"publish","type":"post","link":"https:\/\/mont-roig.cat\/es\/actualitat\/noticies\/nuevos-horarios-del-servicio-de-autobus-entre-miami-platja-y-el-complejo-educativo-de-tarragona\/","title":{"rendered":"Nuevos horarios del servicio de autob\u00fas entre Miami Platja y el Complejo Educativo de Tarragona"},"content":{"rendered":"<p><strong><strong><a href=\"https:\/\/mont-roig.cat\/wp-content\/uploads\/nous-horaris.jpg\" target=\"_blank\" rel=\"noopener\"><img loading=\"lazy\" decoding=\"async\" class=\"alignright wp-image-79250\" src=\"https:\/\/mont-roig.cat\/wp-content\/uploads\/nous-horaris-500x281.jpg\" alt=\"\" width=\"302\" height=\"170\" srcset=\"https:\/\/mont-roig.cat\/wp-content\/uploads\/nous-horaris-500x281.jpg 500w, https:\/\/mont-roig.cat\/wp-content\/uploads\/nous-horaris-1024x576.jpg 1024w, https:\/\/mont-roig.cat\/wp-content\/uploads\/nous-horaris-768x432.jpg 768w, https:\/\/mont-roig.cat\/wp-content\/uploads\/nous-horaris-1536x864.jpg 1536w, https:\/\/mont-roig.cat\/wp-content\/uploads\/nous-horaris.jpg 1600w\" sizes=\"auto, (max-width: 302px) 100vw, 302px\" \/><\/a><\/strong><\/strong><\/p>\n<ul>\n<li><strong>A partir del lunes, estos horarios entrar\u00e1n en funcionamiento tras las negociaciones del Ayuntamiento de Mont-roig del Camp con la Direcci\u00f3n General de Transportes y Movilidad de la Generalitat<\/strong><\/li>\n<\/ul>\n<p>A partir del lunes 28 de octubre de 2024, el servicio de autob\u00fas que conecta l\u2019Hospitalet de l\u2019Infant y Miami Platja con el Complejo Educativo de Tarragona (CET) y la Estaci\u00f3n de Autobuses de Tarragona implementar\u00e1 varios cambios que beneficiar\u00e1n a los estudiantes de los municipios. Una de las novedades es el adelanto de la hora de inicio de la primera expedici\u00f3n, que ahora ser\u00e1 a las 07:00 h en lugar de las 07:15 h, garantizando as\u00ed la llegada puntual a las clases.<\/p>\n<p>Adem\u00e1s, la l\u00ednea incluir\u00e1 una nueva parada en Mainou, que permitir\u00e1 a los estudiantes de las urbanizaciones y de Mont-roig acceder al servicio con mayor comodidad. Esta modificaci\u00f3n responde a una demanda creciente de los j\u00f3venes de la zona, quienes necesitan un transporte confiable y puntual para asistir a clases de formaci\u00f3n profesional, universitaria y otros estudios superiores en Tarragona.<\/p>\n<p>Los departamentos de Educaci\u00f3n y Movilidad del Ayuntamiento de Mont-roig del Camp han trabajado en conjunto con la Generalitat para implementar estas mejoras en el servicio, que est\u00e1 en funcionamiento desde abril de 2022. Con estos cambios, el consistorio refuerza su compromiso de facilitar el acceso a la educaci\u00f3n postobligatoria y superior, mejorando las opciones de transporte para todos los estudiantes del municipio. Este servicio estar\u00e1 operativo de lunes a viernes en d\u00edas laborables.<\/p>\n<p><strong>Nuevos horarios de la l\u00ednea de autob\u00fas L\u2019Hospitalet -Miami Platja &#8211; Tarragona a partir del 28 de octubre de 2024: <a href=\"https:\/\/mont-roig.cat\/wp-content\/uploads\/Horari-web-Hospitalet-Laboral-2024_CAST.pdf\" target=\"_blank\" rel=\"noopener\">(descarga el pdf con el horario completo)<\/a><\/strong><\/p>\n<ul>\n<li style=\"list-style-type: none;\">\n<ul>\n<li><strong>Salida desde C. de Masriudoms (L\u2019Hospitalet de l\u2019Infant):<\/strong> 07:00 h, 08:40 h, 10:30 h, 13:40 h, 16:00 h, 18:40 h<\/li>\n<li><strong>Parada en Pl. de Tarragona (Miami Platja):<\/strong> 07:03 h, 08:43 h, 10:33 h, 13:43 h, 16:03 h, 18:43 h<\/li>\n<li><strong>Llegada al CET (Tarragona):<\/strong> 07:25 h, 09:05 h, 10:55 h, 14:05 h, 16:25 h, 19:05 h<\/li>\n<li><strong>Llegada a la Estaci\u00f3n de Autobuses de Tarragona:<\/strong> 07:35 h, 09:15 h, 11:05 h, 14:15 h, 16:35 h, 19:15 h<\/li>\n<\/ul>\n<\/li>\n<\/ul>\n","protected":false},"excerpt":{"rendered":"<p>A partir del lunes, estos horarios entrar\u00e1n en funcionamiento tras las negociaciones del Ayuntamiento de Mont-roig del Camp con la Direcci\u00f3n General de Transportes y Movilidad de la Generalitat A partir del lunes 28 de octubre de 2024, el servicio de autob\u00fas que conecta l\u2019Hospitalet de l\u2019Infant y Miami Platja con el Complejo Educativo de [&hellip;]<\/p>\n","protected":false},"author":13,"featured_media":79251,"comment_status":"closed","ping_status":"closed","sticky":false,"template":"","format":"standard","meta":{"inline_featured_image":false,"_monsterinsights_skip_tracking":false,"_monsterinsights_sitenote_active":false,"_monsterinsights_sitenote_note":"","_monsterinsights_sitenote_category":0,"footnotes":""},"categories":[98,108],"tags":[],"class_list":["post-79257","post","type-post","status-publish","format-standard","has-post-thumbnail","hentry","category-ayuntamiento","category-movilidad-y-transporte"],"yoast_head":"<!-- This site is optimized with the Yoast SEO plugin v27.4 - https:\/\/yoast.com\/product\/yoast-seo-wordpress\/ -->\n<title>Nuevos horarios del servicio de autob\u00fas entre Miami Platja y el Complejo Educativo de Tarragona - Ajuntament de Mont-roig del Camp<\/title>\n<meta name=\"robots\" content=\"index, follow, max-snippet:-1, max-image-preview:large, max-video-preview:-1\" \/>\n<link rel=\"canonical\" href=\"https:\/\/mont-roig.cat\/es\/actualitat\/noticies\/nuevos-horarios-del-servicio-de-autobus-entre-miami-platja-y-el-complejo-educativo-de-tarragona\/\" \/>\n<meta property=\"og:locale\" content=\"es_ES\" \/>\n<meta property=\"og:type\" content=\"article\" \/>\n<meta property=\"og:title\" content=\"Nuevos horarios del servicio de autob\u00fas entre Miami Platja y el Complejo Educativo de Tarragona - Ajuntament de Mont-roig del Camp\" \/>\n<meta property=\"og:description\" content=\"A partir del lunes, estos horarios entrar\u00e1n en funcionamiento tras las negociaciones del Ayuntamiento de Mont-roig del Camp con la Direcci\u00f3n General de Transportes y Movilidad de la Generalitat A partir del lunes 28 de octubre de 2024, el servicio de autob\u00fas que conecta l\u2019Hospitalet de l\u2019Infant y Miami Platja con el Complejo Educativo de [&hellip;]\" \/>\n<meta property=\"og:url\" content=\"https:\/\/mont-roig.cat\/es\/actualitat\/noticies\/nuevos-horarios-del-servicio-de-autobus-entre-miami-platja-y-el-complejo-educativo-de-tarragona\/\" \/>\n<meta property=\"og:site_name\" content=\"Ajuntament de Mont-roig del Camp\" \/>\n<meta property=\"article:published_time\" content=\"2024-10-25T11:19:10+00:00\" \/>\n<meta property=\"article:modified_time\" content=\"2024-10-25T11:45:34+00:00\" \/>\n<meta property=\"og:image\" content=\"https:\/\/mont-roig.cat\/wp-content\/uploads\/nous-horaris.jpg\" \/>\n\t<meta property=\"og:image:width\" content=\"1600\" \/>\n\t<meta property=\"og:image:height\" content=\"900\" \/>\n\t<meta property=\"og:image:type\" content=\"image\/jpeg\" \/>\n<meta name=\"author\" content=\"comunicacio\" \/>\n<meta name=\"twitter:card\" content=\"summary_large_image\" \/>\n<meta name=\"twitter:label1\" content=\"Escrito por\" \/>\n\t<meta name=\"twitter:data1\" content=\"comunicacio\" \/>\n\t<meta name=\"twitter:label2\" content=\"Tiempo de lectura\" \/>\n\t<meta name=\"twitter:data2\" content=\"3 minutos\" \/>\n<script type=\"application\/ld+json\" class=\"yoast-schema-graph\">{\"@context\":\"https:\\\/\\\/schema.org\",\"@graph\":[{\"@type\":\"Article\",\"@id\":\"https:\\\/\\\/mont-roig.cat\\\/es\\\/actualitat\\\/noticies\\\/nuevos-horarios-del-servicio-de-autobus-entre-miami-platja-y-el-complejo-educativo-de-tarragona\\\/#article\",\"isPartOf\":{\"@id\":\"https:\\\/\\\/mont-roig.cat\\\/es\\\/actualitat\\\/noticies\\\/nuevos-horarios-del-servicio-de-autobus-entre-miami-platja-y-el-complejo-educativo-de-tarragona\\\/\"},\"author\":{\"name\":\"comunicacio\",\"@id\":\"https:\\\/\\\/mont-roig.cat\\\/es\\\/#\\\/schema\\\/person\\\/1f73e7b5e6f9dd122e8a6f14f310ac5e\"},\"headline\":\"Nuevos horarios del servicio de autob\u00fas entre Miami Platja y el Complejo Educativo de Tarragona\",\"datePublished\":\"2024-10-25T11:19:10+00:00\",\"dateModified\":\"2024-10-25T11:45:34+00:00\",\"mainEntityOfPage\":{\"@id\":\"https:\\\/\\\/mont-roig.cat\\\/es\\\/actualitat\\\/noticies\\\/nuevos-horarios-del-servicio-de-autobus-entre-miami-platja-y-el-complejo-educativo-de-tarragona\\\/\"},\"wordCount\":355,\"image\":{\"@id\":\"https:\\\/\\\/mont-roig.cat\\\/es\\\/actualitat\\\/noticies\\\/nuevos-horarios-del-servicio-de-autobus-entre-miami-platja-y-el-complejo-educativo-de-tarragona\\\/#primaryimage\"},\"thumbnailUrl\":\"https:\\\/\\\/mont-roig.cat\\\/wp-content\\\/uploads\\\/nous-horaris.jpg\",\"articleSection\":[\"Ayuntamiento\",\"Movilidad y transporte\"],\"inLanguage\":\"es\"},{\"@type\":\"WebPage\",\"@id\":\"https:\\\/\\\/mont-roig.cat\\\/es\\\/actualitat\\\/noticies\\\/nuevos-horarios-del-servicio-de-autobus-entre-miami-platja-y-el-complejo-educativo-de-tarragona\\\/\",\"url\":\"https:\\\/\\\/mont-roig.cat\\\/es\\\/actualitat\\\/noticies\\\/nuevos-horarios-del-servicio-de-autobus-entre-miami-platja-y-el-complejo-educativo-de-tarragona\\\/\",\"name\":\"Nuevos horarios del servicio de autob\u00fas entre Miami Platja y el Complejo Educativo de Tarragona - Ajuntament de Mont-roig del Camp\",\"isPartOf\":{\"@id\":\"https:\\\/\\\/mont-roig.cat\\\/es\\\/#website\"},\"primaryImageOfPage\":{\"@id\":\"https:\\\/\\\/mont-roig.cat\\\/es\\\/actualitat\\\/noticies\\\/nuevos-horarios-del-servicio-de-autobus-entre-miami-platja-y-el-complejo-educativo-de-tarragona\\\/#primaryimage\"},\"image\":{\"@id\":\"https:\\\/\\\/mont-roig.cat\\\/es\\\/actualitat\\\/noticies\\\/nuevos-horarios-del-servicio-de-autobus-entre-miami-platja-y-el-complejo-educativo-de-tarragona\\\/#primaryimage\"},\"thumbnailUrl\":\"https:\\\/\\\/mont-roig.cat\\\/wp-content\\\/uploads\\\/nous-horaris.jpg\",\"datePublished\":\"2024-10-25T11:19:10+00:00\",\"dateModified\":\"2024-10-25T11:45:34+00:00\",\"author\":{\"@id\":\"https:\\\/\\\/mont-roig.cat\\\/es\\\/#\\\/schema\\\/person\\\/1f73e7b5e6f9dd122e8a6f14f310ac5e\"},\"breadcrumb\":{\"@id\":\"https:\\\/\\\/mont-roig.cat\\\/es\\\/actualitat\\\/noticies\\\/nuevos-horarios-del-servicio-de-autobus-entre-miami-platja-y-el-complejo-educativo-de-tarragona\\\/#breadcrumb\"},\"inLanguage\":\"es\",\"potentialAction\":[{\"@type\":\"ReadAction\",\"target\":[\"https:\\\/\\\/mont-roig.cat\\\/es\\\/actualitat\\\/noticies\\\/nuevos-horarios-del-servicio-de-autobus-entre-miami-platja-y-el-complejo-educativo-de-tarragona\\\/\"]}]},{\"@type\":\"ImageObject\",\"inLanguage\":\"es\",\"@id\":\"https:\\\/\\\/mont-roig.cat\\\/es\\\/actualitat\\\/noticies\\\/nuevos-horarios-del-servicio-de-autobus-entre-miami-platja-y-el-complejo-educativo-de-tarragona\\\/#primaryimage\",\"url\":\"https:\\\/\\\/mont-roig.cat\\\/wp-content\\\/uploads\\\/nous-horaris.jpg\",\"contentUrl\":\"https:\\\/\\\/mont-roig.cat\\\/wp-content\\\/uploads\\\/nous-horaris.jpg\",\"width\":1600,\"height\":900},{\"@type\":\"BreadcrumbList\",\"@id\":\"https:\\\/\\\/mont-roig.cat\\\/es\\\/actualitat\\\/noticies\\\/nuevos-horarios-del-servicio-de-autobus-entre-miami-platja-y-el-complejo-educativo-de-tarragona\\\/#breadcrumb\",\"itemListElement\":[{\"@type\":\"ListItem\",\"position\":1,\"name\":\"Inici\",\"item\":\"https:\\\/\\\/mont-roig.cat\\\/es\\\/pagina-de-inicio\\\/\"},{\"@type\":\"ListItem\",\"position\":2,\"name\":\"Nuevos horarios del servicio de autob\u00fas entre Miami Platja y el Complejo Educativo de Tarragona\"}]},{\"@type\":\"WebSite\",\"@id\":\"https:\\\/\\\/mont-roig.cat\\\/es\\\/#website\",\"url\":\"https:\\\/\\\/mont-roig.cat\\\/es\\\/\",\"name\":\"Ajuntament de Mont-roig del Camp\",\"description\":\"Tota la informaci\u00f3 sobre la instituci\u00f3, els seus \u00f2rgans de govern, actualitat, serveis i molt m\u00e9s.\",\"potentialAction\":[{\"@type\":\"SearchAction\",\"target\":{\"@type\":\"EntryPoint\",\"urlTemplate\":\"https:\\\/\\\/mont-roig.cat\\\/es\\\/?s={search_term_string}\"},\"query-input\":{\"@type\":\"PropertyValueSpecification\",\"valueRequired\":true,\"valueName\":\"search_term_string\"}}],\"inLanguage\":\"es\"},{\"@type\":\"Person\",\"@id\":\"https:\\\/\\\/mont-roig.cat\\\/es\\\/#\\\/schema\\\/person\\\/1f73e7b5e6f9dd122e8a6f14f310ac5e\",\"name\":\"comunicacio\",\"image\":{\"@type\":\"ImageObject\",\"inLanguage\":\"es\",\"@id\":\"https:\\\/\\\/secure.gravatar.com\\\/avatar\\\/98944333e7a877670a64f8d10f0cb680ab2c9ebc4efc43945ef004b52b5ad28c?s=96&d=mm&r=g\",\"url\":\"https:\\\/\\\/secure.gravatar.com\\\/avatar\\\/98944333e7a877670a64f8d10f0cb680ab2c9ebc4efc43945ef004b52b5ad28c?s=96&d=mm&r=g\",\"contentUrl\":\"https:\\\/\\\/secure.gravatar.com\\\/avatar\\\/98944333e7a877670a64f8d10f0cb680ab2c9ebc4efc43945ef004b52b5ad28c?s=96&d=mm&r=g\",\"caption\":\"comunicacio\"},\"url\":\"https:\\\/\\\/mont-roig.cat\\\/es\\\/actualitat\\\/noticies\\\/author\\\/comunicacio\\\/\"}]}<\/script>\n<!-- \/ Yoast SEO plugin. -->","yoast_head_json":{"title":"Nuevos horarios del servicio de autob\u00fas entre Miami Platja y el Complejo Educativo de Tarragona - Ajuntament de Mont-roig del Camp","robots":{"index":"index","follow":"follow","max-snippet":"max-snippet:-1","max-image-preview":"max-image-preview:large","max-video-preview":"max-video-preview:-1"},"canonical":"https:\/\/mont-roig.cat\/es\/actualitat\/noticies\/nuevos-horarios-del-servicio-de-autobus-entre-miami-platja-y-el-complejo-educativo-de-tarragona\/","og_locale":"es_ES","og_type":"article","og_title":"Nuevos horarios del servicio de autob\u00fas entre Miami Platja y el Complejo Educativo de Tarragona - Ajuntament de Mont-roig del Camp","og_description":"A partir del lunes, estos horarios entrar\u00e1n en funcionamiento tras las negociaciones del Ayuntamiento de Mont-roig del Camp con la Direcci\u00f3n General de Transportes y Movilidad de la Generalitat A partir del lunes 28 de octubre de 2024, el servicio de autob\u00fas que conecta l\u2019Hospitalet de l\u2019Infant y Miami Platja con el Complejo Educativo de [&hellip;]","og_url":"https:\/\/mont-roig.cat\/es\/actualitat\/noticies\/nuevos-horarios-del-servicio-de-autobus-entre-miami-platja-y-el-complejo-educativo-de-tarragona\/","og_site_name":"Ajuntament de Mont-roig del Camp","article_published_time":"2024-10-25T11:19:10+00:00","article_modified_time":"2024-10-25T11:45:34+00:00","og_image":[{"width":1600,"height":900,"url":"https:\/\/mont-roig.cat\/wp-content\/uploads\/nous-horaris.jpg","type":"image\/jpeg"}],"author":"comunicacio","twitter_card":"summary_large_image","twitter_misc":{"Escrito por":"comunicacio","Tiempo de lectura":"3 minutos"},"schema":{"@context":"https:\/\/schema.org","@graph":[{"@type":"Article","@id":"https:\/\/mont-roig.cat\/es\/actualitat\/noticies\/nuevos-horarios-del-servicio-de-autobus-entre-miami-platja-y-el-complejo-educativo-de-tarragona\/#article","isPartOf":{"@id":"https:\/\/mont-roig.cat\/es\/actualitat\/noticies\/nuevos-horarios-del-servicio-de-autobus-entre-miami-platja-y-el-complejo-educativo-de-tarragona\/"},"author":{"name":"comunicacio","@id":"https:\/\/mont-roig.cat\/es\/#\/schema\/person\/1f73e7b5e6f9dd122e8a6f14f310ac5e"},"headline":"Nuevos horarios del servicio de autob\u00fas entre Miami Platja y el Complejo Educativo de Tarragona","datePublished":"2024-10-25T11:19:10+00:00","dateModified":"2024-10-25T11:45:34+00:00","mainEntityOfPage":{"@id":"https:\/\/mont-roig.cat\/es\/actualitat\/noticies\/nuevos-horarios-del-servicio-de-autobus-entre-miami-platja-y-el-complejo-educativo-de-tarragona\/"},"wordCount":355,"image":{"@id":"https:\/\/mont-roig.cat\/es\/actualitat\/noticies\/nuevos-horarios-del-servicio-de-autobus-entre-miami-platja-y-el-complejo-educativo-de-tarragona\/#primaryimage"},"thumbnailUrl":"https:\/\/mont-roig.cat\/wp-content\/uploads\/nous-horaris.jpg","articleSection":["Ayuntamiento","Movilidad y transporte"],"inLanguage":"es"},{"@type":"WebPage","@id":"https:\/\/mont-roig.cat\/es\/actualitat\/noticies\/nuevos-horarios-del-servicio-de-autobus-entre-miami-platja-y-el-complejo-educativo-de-tarragona\/","url":"https:\/\/mont-roig.cat\/es\/actualitat\/noticies\/nuevos-horarios-del-servicio-de-autobus-entre-miami-platja-y-el-complejo-educativo-de-tarragona\/","name":"Nuevos horarios del servicio de autob\u00fas entre Miami Platja y el Complejo Educativo de Tarragona - Ajuntament de Mont-roig del Camp","isPartOf":{"@id":"https:\/\/mont-roig.cat\/es\/#website"},"primaryImageOfPage":{"@id":"https:\/\/mont-roig.cat\/es\/actualitat\/noticies\/nuevos-horarios-del-servicio-de-autobus-entre-miami-platja-y-el-complejo-educativo-de-tarragona\/#primaryimage"},"image":{"@id":"https:\/\/mont-roig.cat\/es\/actualitat\/noticies\/nuevos-horarios-del-servicio-de-autobus-entre-miami-platja-y-el-complejo-educativo-de-tarragona\/#primaryimage"},"thumbnailUrl":"https:\/\/mont-roig.cat\/wp-content\/uploads\/nous-horaris.jpg","datePublished":"2024-10-25T11:19:10+00:00","dateModified":"2024-10-25T11:45:34+00:00","author":{"@id":"https:\/\/mont-roig.cat\/es\/#\/schema\/person\/1f73e7b5e6f9dd122e8a6f14f310ac5e"},"breadcrumb":{"@id":"https:\/\/mont-roig.cat\/es\/actualitat\/noticies\/nuevos-horarios-del-servicio-de-autobus-entre-miami-platja-y-el-complejo-educativo-de-tarragona\/#breadcrumb"},"inLanguage":"es","potentialAction":[{"@type":"ReadAction","target":["https:\/\/mont-roig.cat\/es\/actualitat\/noticies\/nuevos-horarios-del-servicio-de-autobus-entre-miami-platja-y-el-complejo-educativo-de-tarragona\/"]}]},{"@type":"ImageObject","inLanguage":"es","@id":"https:\/\/mont-roig.cat\/es\/actualitat\/noticies\/nuevos-horarios-del-servicio-de-autobus-entre-miami-platja-y-el-complejo-educativo-de-tarragona\/#primaryimage","url":"https:\/\/mont-roig.cat\/wp-content\/uploads\/nous-horaris.jpg","contentUrl":"https:\/\/mont-roig.cat\/wp-content\/uploads\/nous-horaris.jpg","width":1600,"height":900},{"@type":"BreadcrumbList","@id":"https:\/\/mont-roig.cat\/es\/actualitat\/noticies\/nuevos-horarios-del-servicio-de-autobus-entre-miami-platja-y-el-complejo-educativo-de-tarragona\/#breadcrumb","itemListElement":[{"@type":"ListItem","position":1,"name":"Inici","item":"https:\/\/mont-roig.cat\/es\/pagina-de-inicio\/"},{"@type":"ListItem","position":2,"name":"Nuevos horarios del servicio de autob\u00fas entre Miami Platja y el Complejo Educativo de Tarragona"}]},{"@type":"WebSite","@id":"https:\/\/mont-roig.cat\/es\/#website","url":"https:\/\/mont-roig.cat\/es\/","name":"Ajuntament de Mont-roig del Camp","description":"Tota la informaci\u00f3 sobre la instituci\u00f3, els seus \u00f2rgans de govern, actualitat, serveis i molt m\u00e9s.","potentialAction":[{"@type":"SearchAction","target":{"@type":"EntryPoint","urlTemplate":"https:\/\/mont-roig.cat\/es\/?s={search_term_string}"},"query-input":{"@type":"PropertyValueSpecification","valueRequired":true,"valueName":"search_term_string"}}],"inLanguage":"es"},{"@type":"Person","@id":"https:\/\/mont-roig.cat\/es\/#\/schema\/person\/1f73e7b5e6f9dd122e8a6f14f310ac5e","name":"comunicacio","image":{"@type":"ImageObject","inLanguage":"es","@id":"https:\/\/secure.gravatar.com\/avatar\/98944333e7a877670a64f8d10f0cb680ab2c9ebc4efc43945ef004b52b5ad28c?s=96&d=mm&r=g","url":"https:\/\/secure.gravatar.com\/avatar\/98944333e7a877670a64f8d10f0cb680ab2c9ebc4efc43945ef004b52b5ad28c?s=96&d=mm&r=g","contentUrl":"https:\/\/secure.gravatar.com\/avatar\/98944333e7a877670a64f8d10f0cb680ab2c9ebc4efc43945ef004b52b5ad28c?s=96&d=mm&r=g","caption":"comunicacio"},"url":"https:\/\/mont-roig.cat\/es\/actualitat\/noticies\/author\/comunicacio\/"}]}},"_links":{"self":[{"href":"https:\/\/mont-roig.cat\/es\/wp-json\/wp\/v2\/posts\/79257","targetHints":{"allow":["GET"]}}],"collection":[{"href":"https:\/\/mont-roig.cat\/es\/wp-json\/wp\/v2\/posts"}],"about":[{"href":"https:\/\/mont-roig.cat\/es\/wp-json\/wp\/v2\/types\/post"}],"author":[{"embeddable":true,"href":"https:\/\/mont-roig.cat\/es\/wp-json\/wp\/v2\/users\/13"}],"replies":[{"embeddable":true,"href":"https:\/\/mont-roig.cat\/es\/wp-json\/wp\/v2\/comments?post=79257"}],"version-history":[{"count":4,"href":"https:\/\/mont-roig.cat\/es\/wp-json\/wp\/v2\/posts\/79257\/revisions"}],"predecessor-version":[{"id":79261,"href":"https:\/\/mont-roig.cat\/es\/wp-json\/wp\/v2\/posts\/79257\/revisions\/79261"}],"wp:featuredmedia":[{"embeddable":true,"href":"https:\/\/mont-roig.cat\/es\/wp-json\/wp\/v2\/media\/79251"}],"wp:attachment":[{"href":"https:\/\/mont-roig.cat\/es\/wp-json\/wp\/v2\/media?parent=79257"}],"wp:term":[{"taxonomy":"category","embeddable":true,"href":"https:\/\/mont-roig.cat\/es\/wp-json\/wp\/v2\/categories?post=79257"},{"taxonomy":"post_tag","embeddable":true,"href":"https:\/\/mont-roig.cat\/es\/wp-json\/wp\/v2\/tags?post=79257"}],"curies":[{"name":"wp","href":"https:\/\/api.w.org\/{rel}","templated":true}]}}