{"id":79310,"date":"2024-10-29T11:00:48","date_gmt":"2024-10-29T10:00:48","guid":{"rendered":"https:\/\/mont-roig.cat\/actualitat\/noticies\/lajuntament-de-mont-roig-del-camp-convoca-la-subvencio-per-a-la-realitzacio-dactivitats-i-iniciatives-culturals-2024\/"},"modified":"2024-10-29T11:05:57","modified_gmt":"2024-10-29T10:05:57","slug":"el-ayuntamiento-de-mont-roig-del-camp-convoca-la-subvencion-para-la-realizacion-de-actividades-e-iniciativas-culturales-2024","status":"publish","type":"post","link":"https:\/\/mont-roig.cat\/es\/actualitat\/noticies\/el-ayuntamiento-de-mont-roig-del-camp-convoca-la-subvencion-para-la-realizacion-de-actividades-e-iniciativas-culturales-2024\/","title":{"rendered":"El Ayuntamiento de Mont-roig del Camp convoca la subvenci\u00f3n para la realizaci\u00f3n de actividades e iniciativas culturales 2024"},"content":{"rendered":"<ul>\n<li><strong><strong><a href=\"https:\/\/mont-roig.cat\/wp-content\/uploads\/pexels-daian-gan-102127-scaled-1.jpg\" target=\"_blank\" rel=\"noopener\"><img loading=\"lazy\" decoding=\"async\" class=\"alignright wp-image-79307\" src=\"https:\/\/mont-roig.cat\/wp-content\/uploads\/pexels-daian-gan-102127-scaled-1-500x333.jpg\" alt=\"\" width=\"306\" height=\"204\" srcset=\"https:\/\/mont-roig.cat\/wp-content\/uploads\/pexels-daian-gan-102127-scaled-1-500x333.jpg 500w, https:\/\/mont-roig.cat\/wp-content\/uploads\/pexels-daian-gan-102127-scaled-1-1024x683.jpg 1024w, https:\/\/mont-roig.cat\/wp-content\/uploads\/pexels-daian-gan-102127-scaled-1-768x512.jpg 768w, https:\/\/mont-roig.cat\/wp-content\/uploads\/pexels-daian-gan-102127-scaled-1-1536x1024.jpg 1536w, https:\/\/mont-roig.cat\/wp-content\/uploads\/pexels-daian-gan-102127-scaled-1.jpg 2048w\" sizes=\"auto, (max-width: 306px) 100vw, 306px\" \/><\/a><\/strong><\/strong><strong>La solicitud de subvenci\u00f3n podr\u00e1 tramitarse a trav\u00e9s de la Sede Electr\u00f3nica del Ayuntamiento del 29 de octubre al 15 de noviembre de 2024.<\/strong><strong><br \/>\n<\/strong><\/li>\n<\/ul>\n<p>El Ayuntamiento de Mont-roig del Camp abre la convocatoria de la subvenci\u00f3n para la realizaci\u00f3n de actividades e iniciativas culturales para el a\u00f1o 2024, una iniciativa destinada a fomentar las actividades, actuaciones y programas culturales dentro del municipio. Esta subvenci\u00f3n tiene como objetivo principal apoyar a las entidades locales sin \u00e1nimo de lucro que organizan proyectos culturales que promuevan la cultura y el patrimonio local.<\/p>\n<p>La solicitud de subvenci\u00f3n podr\u00e1 tramitarse a trav\u00e9s de la Sede Electr\u00f3nica del Ayuntamiento del 29 de octubre al 15 de noviembre de 2024, ambos inclusive, y se puede acceder directamente a trav\u00e9s del siguiente enlace: <a href=\"https:\/\/mont-roig.eadministracio.cat\/catalog\/t\/cb34640f-be5e-40af-98a8-23fc5eb92238\" target=\"_blank\" rel=\"noopener\">https:\/\/mont-roig.eadministracio.cat\/catalog\/t\/cb34640f-be5e-40af-98a8-23fc5eb92238<\/a>.<\/p>\n<p>Entre las actividades subvencionables, se incluyen programaciones anuales relacionadas con el cine, la m\u00fasica, el teatro, la danza, las artes pl\u00e1sticas, las ciencias naturales y otras disciplinas espec\u00edficas; tambi\u00e9n las actividades festivas y culturales de car\u00e1cter extraordinario o puntual. Asimismo, se pretende fomentar actividades que contribuyan a la protecci\u00f3n, difusi\u00f3n y puesta en valor del patrimonio cultural, tanto material como inmaterial, del municipio.<\/p>\n<p>Las entidades y asociaciones locales interesadas deber\u00e1n estar legalmente constituidas, sin \u00e1nimo de lucro, inscritas en el Registro de Entidades Municipales. Tambi\u00e9n deber\u00e1n estar al corriente de sus obligaciones fiscales con la Agencia Estatal de Administraci\u00f3n Tributaria, la Seguridad Social y el Ayuntamiento de Mont-roig del Camp.<\/p>\n<p><strong>Asesoramiento a las entidades<\/strong><\/p>\n<p>El Ayuntamiento tambi\u00e9n pone a disposici\u00f3n de las entidades y asociaciones el servicio OAC360\u00ba, que ofrece asesoramiento para ayudarlas a realizar los tr\u00e1mites en l\u00ednea y resolver cualquier duda relacionada con el proceso de solicitud de subvenci\u00f3n.<\/p>\n<ul>\n<li><em>M\u00e1s info OAC360\u00ba <a href=\"https:\/\/mont-roig.cat\/es\/servicio-oac-360\/\" target=\"_blank\" rel=\"noopener\">en este enlace.<\/a><\/em><\/li>\n<\/ul>\n","protected":false},"excerpt":{"rendered":"<p>La solicitud de subvenci\u00f3n podr\u00e1 tramitarse a trav\u00e9s de la Sede Electr\u00f3nica del Ayuntamiento del 29 de octubre al 15 de noviembre de 2024. El Ayuntamiento de Mont-roig del Camp abre la convocatoria de la subvenci\u00f3n para la realizaci\u00f3n de actividades e iniciativas culturales para el a\u00f1o 2024, una iniciativa destinada a fomentar las actividades, [&hellip;]<\/p>\n","protected":false},"author":13,"featured_media":79307,"comment_status":"closed","ping_status":"closed","sticky":false,"template":"","format":"standard","meta":{"inline_featured_image":false,"_monsterinsights_skip_tracking":false,"_monsterinsights_sitenote_active":false,"_monsterinsights_sitenote_note":"","_monsterinsights_sitenote_category":0,"footnotes":""},"categories":[98,101],"tags":[],"class_list":["post-79310","post","type-post","status-publish","format-standard","has-post-thumbnail","hentry","category-ayuntamiento","category-cultura-es"],"yoast_head":"<!-- This site is optimized with the Yoast SEO plugin v27.4 - https:\/\/yoast.com\/product\/yoast-seo-wordpress\/ -->\n<title>El Ayuntamiento de Mont-roig del Camp convoca la subvenci\u00f3n para la realizaci\u00f3n de actividades e iniciativas culturales 2024 - Ajuntament de Mont-roig del Camp<\/title>\n<meta name=\"robots\" content=\"index, follow, max-snippet:-1, max-image-preview:large, max-video-preview:-1\" \/>\n<link rel=\"canonical\" href=\"https:\/\/mont-roig.cat\/es\/actualitat\/noticies\/el-ayuntamiento-de-mont-roig-del-camp-convoca-la-subvencion-para-la-realizacion-de-actividades-e-iniciativas-culturales-2024\/\" \/>\n<meta property=\"og:locale\" content=\"es_ES\" \/>\n<meta property=\"og:type\" content=\"article\" \/>\n<meta property=\"og:title\" content=\"El Ayuntamiento de Mont-roig del Camp convoca la subvenci\u00f3n para la realizaci\u00f3n de actividades e iniciativas culturales 2024 - Ajuntament de Mont-roig del Camp\" \/>\n<meta property=\"og:description\" content=\"La solicitud de subvenci\u00f3n podr\u00e1 tramitarse a trav\u00e9s de la Sede Electr\u00f3nica del Ayuntamiento del 29 de octubre al 15 de noviembre de 2024. El Ayuntamiento de Mont-roig del Camp abre la convocatoria de la subvenci\u00f3n para la realizaci\u00f3n de actividades e iniciativas culturales para el a\u00f1o 2024, una iniciativa destinada a fomentar las actividades, [&hellip;]\" \/>\n<meta property=\"og:url\" content=\"https:\/\/mont-roig.cat\/es\/actualitat\/noticies\/el-ayuntamiento-de-mont-roig-del-camp-convoca-la-subvencion-para-la-realizacion-de-actividades-e-iniciativas-culturales-2024\/\" \/>\n<meta property=\"og:site_name\" content=\"Ajuntament de Mont-roig del Camp\" \/>\n<meta property=\"article:published_time\" content=\"2024-10-29T10:00:48+00:00\" \/>\n<meta property=\"article:modified_time\" content=\"2024-10-29T10:05:57+00:00\" \/>\n<meta property=\"og:image\" content=\"https:\/\/mont-roig.cat\/wp-content\/uploads\/pexels-daian-gan-102127-scaled-1.jpg\" \/>\n\t<meta property=\"og:image:width\" content=\"2048\" \/>\n\t<meta property=\"og:image:height\" content=\"1365\" \/>\n\t<meta property=\"og:image:type\" content=\"image\/jpeg\" \/>\n<meta name=\"author\" content=\"comunicacio\" \/>\n<meta name=\"twitter:card\" content=\"summary_large_image\" \/>\n<meta name=\"twitter:label1\" content=\"Escrito por\" \/>\n\t<meta name=\"twitter:data1\" content=\"comunicacio\" \/>\n\t<meta name=\"twitter:label2\" content=\"Tiempo de lectura\" \/>\n\t<meta name=\"twitter:data2\" content=\"2 minutos\" \/>\n<script type=\"application\/ld+json\" class=\"yoast-schema-graph\">{\"@context\":\"https:\\\/\\\/schema.org\",\"@graph\":[{\"@type\":\"Article\",\"@id\":\"https:\\\/\\\/mont-roig.cat\\\/es\\\/actualitat\\\/noticies\\\/el-ayuntamiento-de-mont-roig-del-camp-convoca-la-subvencion-para-la-realizacion-de-actividades-e-iniciativas-culturales-2024\\\/#article\",\"isPartOf\":{\"@id\":\"https:\\\/\\\/mont-roig.cat\\\/es\\\/actualitat\\\/noticies\\\/el-ayuntamiento-de-mont-roig-del-camp-convoca-la-subvencion-para-la-realizacion-de-actividades-e-iniciativas-culturales-2024\\\/\"},\"author\":{\"name\":\"comunicacio\",\"@id\":\"https:\\\/\\\/mont-roig.cat\\\/es\\\/#\\\/schema\\\/person\\\/1f73e7b5e6f9dd122e8a6f14f310ac5e\"},\"headline\":\"El Ayuntamiento de Mont-roig del Camp convoca la subvenci\u00f3n para la realizaci\u00f3n de actividades e iniciativas culturales 2024\",\"datePublished\":\"2024-10-29T10:00:48+00:00\",\"dateModified\":\"2024-10-29T10:05:57+00:00\",\"mainEntityOfPage\":{\"@id\":\"https:\\\/\\\/mont-roig.cat\\\/es\\\/actualitat\\\/noticies\\\/el-ayuntamiento-de-mont-roig-del-camp-convoca-la-subvencion-para-la-realizacion-de-actividades-e-iniciativas-culturales-2024\\\/\"},\"wordCount\":336,\"image\":{\"@id\":\"https:\\\/\\\/mont-roig.cat\\\/es\\\/actualitat\\\/noticies\\\/el-ayuntamiento-de-mont-roig-del-camp-convoca-la-subvencion-para-la-realizacion-de-actividades-e-iniciativas-culturales-2024\\\/#primaryimage\"},\"thumbnailUrl\":\"https:\\\/\\\/mont-roig.cat\\\/wp-content\\\/uploads\\\/pexels-daian-gan-102127-scaled-1.jpg\",\"articleSection\":[\"Ayuntamiento\",\"Cultura\"],\"inLanguage\":\"es\"},{\"@type\":\"WebPage\",\"@id\":\"https:\\\/\\\/mont-roig.cat\\\/es\\\/actualitat\\\/noticies\\\/el-ayuntamiento-de-mont-roig-del-camp-convoca-la-subvencion-para-la-realizacion-de-actividades-e-iniciativas-culturales-2024\\\/\",\"url\":\"https:\\\/\\\/mont-roig.cat\\\/es\\\/actualitat\\\/noticies\\\/el-ayuntamiento-de-mont-roig-del-camp-convoca-la-subvencion-para-la-realizacion-de-actividades-e-iniciativas-culturales-2024\\\/\",\"name\":\"El Ayuntamiento de Mont-roig del Camp convoca la subvenci\u00f3n para la realizaci\u00f3n de actividades e iniciativas culturales 2024 - Ajuntament de Mont-roig del Camp\",\"isPartOf\":{\"@id\":\"https:\\\/\\\/mont-roig.cat\\\/es\\\/#website\"},\"primaryImageOfPage\":{\"@id\":\"https:\\\/\\\/mont-roig.cat\\\/es\\\/actualitat\\\/noticies\\\/el-ayuntamiento-de-mont-roig-del-camp-convoca-la-subvencion-para-la-realizacion-de-actividades-e-iniciativas-culturales-2024\\\/#primaryimage\"},\"image\":{\"@id\":\"https:\\\/\\\/mont-roig.cat\\\/es\\\/actualitat\\\/noticies\\\/el-ayuntamiento-de-mont-roig-del-camp-convoca-la-subvencion-para-la-realizacion-de-actividades-e-iniciativas-culturales-2024\\\/#primaryimage\"},\"thumbnailUrl\":\"https:\\\/\\\/mont-roig.cat\\\/wp-content\\\/uploads\\\/pexels-daian-gan-102127-scaled-1.jpg\",\"datePublished\":\"2024-10-29T10:00:48+00:00\",\"dateModified\":\"2024-10-29T10:05:57+00:00\",\"author\":{\"@id\":\"https:\\\/\\\/mont-roig.cat\\\/es\\\/#\\\/schema\\\/person\\\/1f73e7b5e6f9dd122e8a6f14f310ac5e\"},\"breadcrumb\":{\"@id\":\"https:\\\/\\\/mont-roig.cat\\\/es\\\/actualitat\\\/noticies\\\/el-ayuntamiento-de-mont-roig-del-camp-convoca-la-subvencion-para-la-realizacion-de-actividades-e-iniciativas-culturales-2024\\\/#breadcrumb\"},\"inLanguage\":\"es\",\"potentialAction\":[{\"@type\":\"ReadAction\",\"target\":[\"https:\\\/\\\/mont-roig.cat\\\/es\\\/actualitat\\\/noticies\\\/el-ayuntamiento-de-mont-roig-del-camp-convoca-la-subvencion-para-la-realizacion-de-actividades-e-iniciativas-culturales-2024\\\/\"]}]},{\"@type\":\"ImageObject\",\"inLanguage\":\"es\",\"@id\":\"https:\\\/\\\/mont-roig.cat\\\/es\\\/actualitat\\\/noticies\\\/el-ayuntamiento-de-mont-roig-del-camp-convoca-la-subvencion-para-la-realizacion-de-actividades-e-iniciativas-culturales-2024\\\/#primaryimage\",\"url\":\"https:\\\/\\\/mont-roig.cat\\\/wp-content\\\/uploads\\\/pexels-daian-gan-102127-scaled-1.jpg\",\"contentUrl\":\"https:\\\/\\\/mont-roig.cat\\\/wp-content\\\/uploads\\\/pexels-daian-gan-102127-scaled-1.jpg\",\"width\":2048,\"height\":1365},{\"@type\":\"BreadcrumbList\",\"@id\":\"https:\\\/\\\/mont-roig.cat\\\/es\\\/actualitat\\\/noticies\\\/el-ayuntamiento-de-mont-roig-del-camp-convoca-la-subvencion-para-la-realizacion-de-actividades-e-iniciativas-culturales-2024\\\/#breadcrumb\",\"itemListElement\":[{\"@type\":\"ListItem\",\"position\":1,\"name\":\"Inici\",\"item\":\"https:\\\/\\\/mont-roig.cat\\\/es\\\/pagina-de-inicio\\\/\"},{\"@type\":\"ListItem\",\"position\":2,\"name\":\"El Ayuntamiento de Mont-roig del Camp convoca la subvenci\u00f3n para la realizaci\u00f3n de actividades e iniciativas culturales 2024\"}]},{\"@type\":\"WebSite\",\"@id\":\"https:\\\/\\\/mont-roig.cat\\\/es\\\/#website\",\"url\":\"https:\\\/\\\/mont-roig.cat\\\/es\\\/\",\"name\":\"Ajuntament de Mont-roig del Camp\",\"description\":\"Tota la informaci\u00f3 sobre la instituci\u00f3, els seus \u00f2rgans de govern, actualitat, serveis i molt m\u00e9s.\",\"potentialAction\":[{\"@type\":\"SearchAction\",\"target\":{\"@type\":\"EntryPoint\",\"urlTemplate\":\"https:\\\/\\\/mont-roig.cat\\\/es\\\/?s={search_term_string}\"},\"query-input\":{\"@type\":\"PropertyValueSpecification\",\"valueRequired\":true,\"valueName\":\"search_term_string\"}}],\"inLanguage\":\"es\"},{\"@type\":\"Person\",\"@id\":\"https:\\\/\\\/mont-roig.cat\\\/es\\\/#\\\/schema\\\/person\\\/1f73e7b5e6f9dd122e8a6f14f310ac5e\",\"name\":\"comunicacio\",\"image\":{\"@type\":\"ImageObject\",\"inLanguage\":\"es\",\"@id\":\"https:\\\/\\\/secure.gravatar.com\\\/avatar\\\/98944333e7a877670a64f8d10f0cb680ab2c9ebc4efc43945ef004b52b5ad28c?s=96&d=mm&r=g\",\"url\":\"https:\\\/\\\/secure.gravatar.com\\\/avatar\\\/98944333e7a877670a64f8d10f0cb680ab2c9ebc4efc43945ef004b52b5ad28c?s=96&d=mm&r=g\",\"contentUrl\":\"https:\\\/\\\/secure.gravatar.com\\\/avatar\\\/98944333e7a877670a64f8d10f0cb680ab2c9ebc4efc43945ef004b52b5ad28c?s=96&d=mm&r=g\",\"caption\":\"comunicacio\"},\"url\":\"https:\\\/\\\/mont-roig.cat\\\/es\\\/actualitat\\\/noticies\\\/author\\\/comunicacio\\\/\"}]}<\/script>\n<!-- \/ Yoast SEO plugin. -->","yoast_head_json":{"title":"El Ayuntamiento de Mont-roig del Camp convoca la subvenci\u00f3n para la realizaci\u00f3n de actividades e iniciativas culturales 2024 - Ajuntament de Mont-roig del Camp","robots":{"index":"index","follow":"follow","max-snippet":"max-snippet:-1","max-image-preview":"max-image-preview:large","max-video-preview":"max-video-preview:-1"},"canonical":"https:\/\/mont-roig.cat\/es\/actualitat\/noticies\/el-ayuntamiento-de-mont-roig-del-camp-convoca-la-subvencion-para-la-realizacion-de-actividades-e-iniciativas-culturales-2024\/","og_locale":"es_ES","og_type":"article","og_title":"El Ayuntamiento de Mont-roig del Camp convoca la subvenci\u00f3n para la realizaci\u00f3n de actividades e iniciativas culturales 2024 - Ajuntament de Mont-roig del Camp","og_description":"La solicitud de subvenci\u00f3n podr\u00e1 tramitarse a trav\u00e9s de la Sede Electr\u00f3nica del Ayuntamiento del 29 de octubre al 15 de noviembre de 2024. El Ayuntamiento de Mont-roig del Camp abre la convocatoria de la subvenci\u00f3n para la realizaci\u00f3n de actividades e iniciativas culturales para el a\u00f1o 2024, una iniciativa destinada a fomentar las actividades, [&hellip;]","og_url":"https:\/\/mont-roig.cat\/es\/actualitat\/noticies\/el-ayuntamiento-de-mont-roig-del-camp-convoca-la-subvencion-para-la-realizacion-de-actividades-e-iniciativas-culturales-2024\/","og_site_name":"Ajuntament de Mont-roig del Camp","article_published_time":"2024-10-29T10:00:48+00:00","article_modified_time":"2024-10-29T10:05:57+00:00","og_image":[{"width":2048,"height":1365,"url":"https:\/\/mont-roig.cat\/wp-content\/uploads\/pexels-daian-gan-102127-scaled-1.jpg","type":"image\/jpeg"}],"author":"comunicacio","twitter_card":"summary_large_image","twitter_misc":{"Escrito por":"comunicacio","Tiempo de lectura":"2 minutos"},"schema":{"@context":"https:\/\/schema.org","@graph":[{"@type":"Article","@id":"https:\/\/mont-roig.cat\/es\/actualitat\/noticies\/el-ayuntamiento-de-mont-roig-del-camp-convoca-la-subvencion-para-la-realizacion-de-actividades-e-iniciativas-culturales-2024\/#article","isPartOf":{"@id":"https:\/\/mont-roig.cat\/es\/actualitat\/noticies\/el-ayuntamiento-de-mont-roig-del-camp-convoca-la-subvencion-para-la-realizacion-de-actividades-e-iniciativas-culturales-2024\/"},"author":{"name":"comunicacio","@id":"https:\/\/mont-roig.cat\/es\/#\/schema\/person\/1f73e7b5e6f9dd122e8a6f14f310ac5e"},"headline":"El Ayuntamiento de Mont-roig del Camp convoca la subvenci\u00f3n para la realizaci\u00f3n de actividades e iniciativas culturales 2024","datePublished":"2024-10-29T10:00:48+00:00","dateModified":"2024-10-29T10:05:57+00:00","mainEntityOfPage":{"@id":"https:\/\/mont-roig.cat\/es\/actualitat\/noticies\/el-ayuntamiento-de-mont-roig-del-camp-convoca-la-subvencion-para-la-realizacion-de-actividades-e-iniciativas-culturales-2024\/"},"wordCount":336,"image":{"@id":"https:\/\/mont-roig.cat\/es\/actualitat\/noticies\/el-ayuntamiento-de-mont-roig-del-camp-convoca-la-subvencion-para-la-realizacion-de-actividades-e-iniciativas-culturales-2024\/#primaryimage"},"thumbnailUrl":"https:\/\/mont-roig.cat\/wp-content\/uploads\/pexels-daian-gan-102127-scaled-1.jpg","articleSection":["Ayuntamiento","Cultura"],"inLanguage":"es"},{"@type":"WebPage","@id":"https:\/\/mont-roig.cat\/es\/actualitat\/noticies\/el-ayuntamiento-de-mont-roig-del-camp-convoca-la-subvencion-para-la-realizacion-de-actividades-e-iniciativas-culturales-2024\/","url":"https:\/\/mont-roig.cat\/es\/actualitat\/noticies\/el-ayuntamiento-de-mont-roig-del-camp-convoca-la-subvencion-para-la-realizacion-de-actividades-e-iniciativas-culturales-2024\/","name":"El Ayuntamiento de Mont-roig del Camp convoca la subvenci\u00f3n para la realizaci\u00f3n de actividades e iniciativas culturales 2024 - Ajuntament de Mont-roig del Camp","isPartOf":{"@id":"https:\/\/mont-roig.cat\/es\/#website"},"primaryImageOfPage":{"@id":"https:\/\/mont-roig.cat\/es\/actualitat\/noticies\/el-ayuntamiento-de-mont-roig-del-camp-convoca-la-subvencion-para-la-realizacion-de-actividades-e-iniciativas-culturales-2024\/#primaryimage"},"image":{"@id":"https:\/\/mont-roig.cat\/es\/actualitat\/noticies\/el-ayuntamiento-de-mont-roig-del-camp-convoca-la-subvencion-para-la-realizacion-de-actividades-e-iniciativas-culturales-2024\/#primaryimage"},"thumbnailUrl":"https:\/\/mont-roig.cat\/wp-content\/uploads\/pexels-daian-gan-102127-scaled-1.jpg","datePublished":"2024-10-29T10:00:48+00:00","dateModified":"2024-10-29T10:05:57+00:00","author":{"@id":"https:\/\/mont-roig.cat\/es\/#\/schema\/person\/1f73e7b5e6f9dd122e8a6f14f310ac5e"},"breadcrumb":{"@id":"https:\/\/mont-roig.cat\/es\/actualitat\/noticies\/el-ayuntamiento-de-mont-roig-del-camp-convoca-la-subvencion-para-la-realizacion-de-actividades-e-iniciativas-culturales-2024\/#breadcrumb"},"inLanguage":"es","potentialAction":[{"@type":"ReadAction","target":["https:\/\/mont-roig.cat\/es\/actualitat\/noticies\/el-ayuntamiento-de-mont-roig-del-camp-convoca-la-subvencion-para-la-realizacion-de-actividades-e-iniciativas-culturales-2024\/"]}]},{"@type":"ImageObject","inLanguage":"es","@id":"https:\/\/mont-roig.cat\/es\/actualitat\/noticies\/el-ayuntamiento-de-mont-roig-del-camp-convoca-la-subvencion-para-la-realizacion-de-actividades-e-iniciativas-culturales-2024\/#primaryimage","url":"https:\/\/mont-roig.cat\/wp-content\/uploads\/pexels-daian-gan-102127-scaled-1.jpg","contentUrl":"https:\/\/mont-roig.cat\/wp-content\/uploads\/pexels-daian-gan-102127-scaled-1.jpg","width":2048,"height":1365},{"@type":"BreadcrumbList","@id":"https:\/\/mont-roig.cat\/es\/actualitat\/noticies\/el-ayuntamiento-de-mont-roig-del-camp-convoca-la-subvencion-para-la-realizacion-de-actividades-e-iniciativas-culturales-2024\/#breadcrumb","itemListElement":[{"@type":"ListItem","position":1,"name":"Inici","item":"https:\/\/mont-roig.cat\/es\/pagina-de-inicio\/"},{"@type":"ListItem","position":2,"name":"El Ayuntamiento de Mont-roig del Camp convoca la subvenci\u00f3n para la realizaci\u00f3n de actividades e iniciativas culturales 2024"}]},{"@type":"WebSite","@id":"https:\/\/mont-roig.cat\/es\/#website","url":"https:\/\/mont-roig.cat\/es\/","name":"Ajuntament de Mont-roig del Camp","description":"Tota la informaci\u00f3 sobre la instituci\u00f3, els seus \u00f2rgans de govern, actualitat, serveis i molt m\u00e9s.","potentialAction":[{"@type":"SearchAction","target":{"@type":"EntryPoint","urlTemplate":"https:\/\/mont-roig.cat\/es\/?s={search_term_string}"},"query-input":{"@type":"PropertyValueSpecification","valueRequired":true,"valueName":"search_term_string"}}],"inLanguage":"es"},{"@type":"Person","@id":"https:\/\/mont-roig.cat\/es\/#\/schema\/person\/1f73e7b5e6f9dd122e8a6f14f310ac5e","name":"comunicacio","image":{"@type":"ImageObject","inLanguage":"es","@id":"https:\/\/secure.gravatar.com\/avatar\/98944333e7a877670a64f8d10f0cb680ab2c9ebc4efc43945ef004b52b5ad28c?s=96&d=mm&r=g","url":"https:\/\/secure.gravatar.com\/avatar\/98944333e7a877670a64f8d10f0cb680ab2c9ebc4efc43945ef004b52b5ad28c?s=96&d=mm&r=g","contentUrl":"https:\/\/secure.gravatar.com\/avatar\/98944333e7a877670a64f8d10f0cb680ab2c9ebc4efc43945ef004b52b5ad28c?s=96&d=mm&r=g","caption":"comunicacio"},"url":"https:\/\/mont-roig.cat\/es\/actualitat\/noticies\/author\/comunicacio\/"}]}},"_links":{"self":[{"href":"https:\/\/mont-roig.cat\/es\/wp-json\/wp\/v2\/posts\/79310","targetHints":{"allow":["GET"]}}],"collection":[{"href":"https:\/\/mont-roig.cat\/es\/wp-json\/wp\/v2\/posts"}],"about":[{"href":"https:\/\/mont-roig.cat\/es\/wp-json\/wp\/v2\/types\/post"}],"author":[{"embeddable":true,"href":"https:\/\/mont-roig.cat\/es\/wp-json\/wp\/v2\/users\/13"}],"replies":[{"embeddable":true,"href":"https:\/\/mont-roig.cat\/es\/wp-json\/wp\/v2\/comments?post=79310"}],"version-history":[{"count":2,"href":"https:\/\/mont-roig.cat\/es\/wp-json\/wp\/v2\/posts\/79310\/revisions"}],"predecessor-version":[{"id":79312,"href":"https:\/\/mont-roig.cat\/es\/wp-json\/wp\/v2\/posts\/79310\/revisions\/79312"}],"wp:featuredmedia":[{"embeddable":true,"href":"https:\/\/mont-roig.cat\/es\/wp-json\/wp\/v2\/media\/79307"}],"wp:attachment":[{"href":"https:\/\/mont-roig.cat\/es\/wp-json\/wp\/v2\/media?parent=79310"}],"wp:term":[{"taxonomy":"category","embeddable":true,"href":"https:\/\/mont-roig.cat\/es\/wp-json\/wp\/v2\/categories?post=79310"},{"taxonomy":"post_tag","embeddable":true,"href":"https:\/\/mont-roig.cat\/es\/wp-json\/wp\/v2\/tags?post=79310"}],"curies":[{"name":"wp","href":"https:\/\/api.w.org\/{rel}","templated":true}]}}