{"id":79489,"date":"2024-11-08T10:00:27","date_gmt":"2024-11-08T09:00:27","guid":{"rendered":"https:\/\/mont-roig.cat\/actualitat\/noticies\/agents-de-la-policia-local-de-mont-roig-del-camp-shan-desplacat-a-sedavi-valencia-per-collaborar-amb-els-afectats-per-la-dana\/"},"modified":"2024-11-08T10:04:24","modified_gmt":"2024-11-08T09:04:24","slug":"agents-de-la-policia-local-de-mont-roig-del-camp-shan-desplacat-a-sedavi-valencia-per-collaborar-amb-els-afectats-per-la-dana","status":"publish","type":"post","link":"https:\/\/mont-roig.cat\/es\/actualitat\/noticies\/agents-de-la-policia-local-de-mont-roig-del-camp-shan-desplacat-a-sedavi-valencia-per-collaborar-amb-els-afectats-per-la-dana\/","title":{"rendered":"Agentes de la Polic\u00eda Local de Mont-roig del Camp se han desplazado a Sedav\u00ed (Valencia) para colaborar con los afectados por la DANA."},"content":{"rendered":"<div id=\"attachment_79485\" style=\"width: 308px\" class=\"wp-caption alignright\"><a href=\"https:\/\/mont-roig.cat\/wp-content\/uploads\/Policia-local-mont-roig-del-camp.jpg\" target=\"_blank\" rel=\"noopener\"><img loading=\"lazy\" decoding=\"async\" aria-describedby=\"caption-attachment-79485\" class=\"wp-image-79485\" src=\"https:\/\/mont-roig.cat\/wp-content\/uploads\/Policia-local-mont-roig-del-camp-500x470.jpg\" alt=\"\" width=\"298\" height=\"280\" srcset=\"https:\/\/mont-roig.cat\/wp-content\/uploads\/Policia-local-mont-roig-del-camp-500x470.jpg 500w, https:\/\/mont-roig.cat\/wp-content\/uploads\/Policia-local-mont-roig-del-camp.jpg 720w\" sizes=\"auto, (max-width: 298px) 100vw, 298px\" \/><\/a><p id=\"caption-attachment-79485\" class=\"wp-caption-text\">Uno de los vehiculos de la Polic\u00eda Local de Mont-roig del Camp desplazado a Sedav\u00ed.<\/p><\/div>\n<ul>\n<li><strong>Las personas que deseen colaborar pueden seguir haciendo aportaciones econ\u00f3micas a las entidades solidarias especializadas en la gesti\u00f3n de crisis humanitarias y cat\u00e1strofes.<\/strong><\/li>\n<\/ul>\n<p>La Polic\u00eda Local de Mont-roig del Camp ha iniciado esta semana una acci\u00f3n solidaria en apoyo a los afectados por la reciente DANA, que ha golpeado duramente la comarca de l&#8217;Horta Sud, en el Pa\u00eds Valenci\u00e0. Varios agentes est\u00e1n realizando relevos para apoyar las tareas policiales en la localidad de Sedav\u00ed, una de las m\u00e1s afectadas por esta emergencia.<\/p>\n<p>El ayuntamiento ha autorizado al personal de la Polic\u00eda Local para que se desplace a esta localidad valenciana con un veh\u00edculo oficial y tambi\u00e9n con uno de Protecci\u00f3n Civil, de la misma forma que lo est\u00e1n haciendo otras polic\u00edas locales de Catalunya y cuerpos policiales y de servicios de emergencia de todo el Estado.<\/p>\n<p><strong>Llamamiento a la solidaridad<\/strong><\/p>\n<p>El Ayuntamiento recuerda que los ciudadanos y ciudadanas que deseen hacer aportaciones para ayudar a las personas afectadas por el temporal DANA pueden hacerlo a trav\u00e9s del canal oficial habilitado por la Cruz Roja. La Cruz Roja es una de las entidades especializadas en ayuda social y emergencias humanitarias en zonas de cat\u00e1strofe, y con quien el Ayuntamiento colabora estrechamente en el \u00e1mbito local. En estos momentos, las autoridades solicitan que no se env\u00ede material y que se opte por ayudas econ\u00f3micas en forma de donaci\u00f3n.<\/p>\n<p>Enlace de colaboraci\u00f3n: <a href=\"https:\/\/www2.cruzroja.es\/colabora\">https:\/\/www2.cruzroja.es\/colabora<\/a><\/p>\n<p>&nbsp;<\/p>\n","protected":false},"excerpt":{"rendered":"<p>Las personas que deseen colaborar pueden seguir haciendo aportaciones econ\u00f3micas a las entidades solidarias especializadas en la gesti\u00f3n de crisis humanitarias y cat\u00e1strofes. La Polic\u00eda Local de Mont-roig del Camp ha iniciado esta semana una acci\u00f3n solidaria en apoyo a los afectados por la reciente DANA, que ha golpeado duramente la comarca de l&#8217;Horta Sud, [&hellip;]<\/p>\n","protected":false},"author":13,"featured_media":79486,"comment_status":"closed","ping_status":"closed","sticky":false,"template":"","format":"standard","meta":{"inline_featured_image":false,"_monsterinsights_skip_tracking":false,"_monsterinsights_sitenote_active":false,"_monsterinsights_sitenote_note":"","_monsterinsights_sitenote_category":0,"footnotes":""},"categories":[98,113],"tags":[],"class_list":["post-79489","post","type-post","status-publish","format-standard","has-post-thumbnail","hentry","category-ayuntamiento","category-seguridad"],"yoast_head":"<!-- This site is optimized with the Yoast SEO plugin v27.4 - https:\/\/yoast.com\/product\/yoast-seo-wordpress\/ -->\n<title>Agentes de la Polic\u00eda Local de Mont-roig del Camp se han desplazado a Sedav\u00ed (Valencia) para colaborar con los afectados por la DANA. - Ajuntament de Mont-roig del Camp<\/title>\n<meta name=\"robots\" content=\"index, follow, max-snippet:-1, max-image-preview:large, max-video-preview:-1\" \/>\n<link rel=\"canonical\" href=\"https:\/\/mont-roig.cat\/es\/actualitat\/noticies\/agents-de-la-policia-local-de-mont-roig-del-camp-shan-desplacat-a-sedavi-valencia-per-collaborar-amb-els-afectats-per-la-dana\/\" \/>\n<meta property=\"og:locale\" content=\"es_ES\" \/>\n<meta property=\"og:type\" content=\"article\" \/>\n<meta property=\"og:title\" content=\"Agentes de la Polic\u00eda Local de Mont-roig del Camp se han desplazado a Sedav\u00ed (Valencia) para colaborar con los afectados por la DANA. - Ajuntament de Mont-roig del Camp\" \/>\n<meta property=\"og:description\" content=\"Las personas que deseen colaborar pueden seguir haciendo aportaciones econ\u00f3micas a las entidades solidarias especializadas en la gesti\u00f3n de crisis humanitarias y cat\u00e1strofes. La Polic\u00eda Local de Mont-roig del Camp ha iniciado esta semana una acci\u00f3n solidaria en apoyo a los afectados por la reciente DANA, que ha golpeado duramente la comarca de l&#8217;Horta Sud, [&hellip;]\" \/>\n<meta property=\"og:url\" content=\"https:\/\/mont-roig.cat\/es\/actualitat\/noticies\/agents-de-la-policia-local-de-mont-roig-del-camp-shan-desplacat-a-sedavi-valencia-per-collaborar-amb-els-afectats-per-la-dana\/\" \/>\n<meta property=\"og:site_name\" content=\"Ajuntament de Mont-roig del Camp\" \/>\n<meta property=\"article:published_time\" content=\"2024-11-08T09:00:27+00:00\" \/>\n<meta property=\"article:modified_time\" content=\"2024-11-08T09:04:24+00:00\" \/>\n<meta property=\"og:image\" content=\"https:\/\/mont-roig.cat\/wp-content\/uploads\/Policia-local-mont-roig-del-camp.jpg\" \/>\n\t<meta property=\"og:image:width\" content=\"720\" \/>\n\t<meta property=\"og:image:height\" content=\"677\" \/>\n\t<meta property=\"og:image:type\" content=\"image\/jpeg\" \/>\n<meta name=\"author\" content=\"comunicacio\" \/>\n<meta name=\"twitter:card\" content=\"summary_large_image\" \/>\n<meta name=\"twitter:label1\" content=\"Escrito por\" \/>\n\t<meta name=\"twitter:data1\" content=\"comunicacio\" \/>\n\t<meta name=\"twitter:label2\" content=\"Tiempo de lectura\" \/>\n\t<meta name=\"twitter:data2\" content=\"2 minutos\" \/>\n<script type=\"application\/ld+json\" class=\"yoast-schema-graph\">{\"@context\":\"https:\\\/\\\/schema.org\",\"@graph\":[{\"@type\":\"Article\",\"@id\":\"https:\\\/\\\/mont-roig.cat\\\/es\\\/actualitat\\\/noticies\\\/agents-de-la-policia-local-de-mont-roig-del-camp-shan-desplacat-a-sedavi-valencia-per-collaborar-amb-els-afectats-per-la-dana\\\/#article\",\"isPartOf\":{\"@id\":\"https:\\\/\\\/mont-roig.cat\\\/es\\\/actualitat\\\/noticies\\\/agents-de-la-policia-local-de-mont-roig-del-camp-shan-desplacat-a-sedavi-valencia-per-collaborar-amb-els-afectats-per-la-dana\\\/\"},\"author\":{\"name\":\"comunicacio\",\"@id\":\"https:\\\/\\\/mont-roig.cat\\\/es\\\/#\\\/schema\\\/person\\\/1f73e7b5e6f9dd122e8a6f14f310ac5e\"},\"headline\":\"Agentes de la Polic\u00eda Local de Mont-roig del Camp se han desplazado a Sedav\u00ed (Valencia) para colaborar con los afectados por la DANA.\",\"datePublished\":\"2024-11-08T09:00:27+00:00\",\"dateModified\":\"2024-11-08T09:04:24+00:00\",\"mainEntityOfPage\":{\"@id\":\"https:\\\/\\\/mont-roig.cat\\\/es\\\/actualitat\\\/noticies\\\/agents-de-la-policia-local-de-mont-roig-del-camp-shan-desplacat-a-sedavi-valencia-per-collaborar-amb-els-afectats-per-la-dana\\\/\"},\"wordCount\":302,\"image\":{\"@id\":\"https:\\\/\\\/mont-roig.cat\\\/es\\\/actualitat\\\/noticies\\\/agents-de-la-policia-local-de-mont-roig-del-camp-shan-desplacat-a-sedavi-valencia-per-collaborar-amb-els-afectats-per-la-dana\\\/#primaryimage\"},\"thumbnailUrl\":\"https:\\\/\\\/mont-roig.cat\\\/wp-content\\\/uploads\\\/Policia-local-mont-roig-del-camp.jpg\",\"articleSection\":[\"Ayuntamiento\",\"Seguridad\"],\"inLanguage\":\"es\"},{\"@type\":\"WebPage\",\"@id\":\"https:\\\/\\\/mont-roig.cat\\\/es\\\/actualitat\\\/noticies\\\/agents-de-la-policia-local-de-mont-roig-del-camp-shan-desplacat-a-sedavi-valencia-per-collaborar-amb-els-afectats-per-la-dana\\\/\",\"url\":\"https:\\\/\\\/mont-roig.cat\\\/es\\\/actualitat\\\/noticies\\\/agents-de-la-policia-local-de-mont-roig-del-camp-shan-desplacat-a-sedavi-valencia-per-collaborar-amb-els-afectats-per-la-dana\\\/\",\"name\":\"Agentes de la Polic\u00eda Local de Mont-roig del Camp se han desplazado a Sedav\u00ed (Valencia) para colaborar con los afectados por la DANA. - Ajuntament de Mont-roig del Camp\",\"isPartOf\":{\"@id\":\"https:\\\/\\\/mont-roig.cat\\\/es\\\/#website\"},\"primaryImageOfPage\":{\"@id\":\"https:\\\/\\\/mont-roig.cat\\\/es\\\/actualitat\\\/noticies\\\/agents-de-la-policia-local-de-mont-roig-del-camp-shan-desplacat-a-sedavi-valencia-per-collaborar-amb-els-afectats-per-la-dana\\\/#primaryimage\"},\"image\":{\"@id\":\"https:\\\/\\\/mont-roig.cat\\\/es\\\/actualitat\\\/noticies\\\/agents-de-la-policia-local-de-mont-roig-del-camp-shan-desplacat-a-sedavi-valencia-per-collaborar-amb-els-afectats-per-la-dana\\\/#primaryimage\"},\"thumbnailUrl\":\"https:\\\/\\\/mont-roig.cat\\\/wp-content\\\/uploads\\\/Policia-local-mont-roig-del-camp.jpg\",\"datePublished\":\"2024-11-08T09:00:27+00:00\",\"dateModified\":\"2024-11-08T09:04:24+00:00\",\"author\":{\"@id\":\"https:\\\/\\\/mont-roig.cat\\\/es\\\/#\\\/schema\\\/person\\\/1f73e7b5e6f9dd122e8a6f14f310ac5e\"},\"breadcrumb\":{\"@id\":\"https:\\\/\\\/mont-roig.cat\\\/es\\\/actualitat\\\/noticies\\\/agents-de-la-policia-local-de-mont-roig-del-camp-shan-desplacat-a-sedavi-valencia-per-collaborar-amb-els-afectats-per-la-dana\\\/#breadcrumb\"},\"inLanguage\":\"es\",\"potentialAction\":[{\"@type\":\"ReadAction\",\"target\":[\"https:\\\/\\\/mont-roig.cat\\\/es\\\/actualitat\\\/noticies\\\/agents-de-la-policia-local-de-mont-roig-del-camp-shan-desplacat-a-sedavi-valencia-per-collaborar-amb-els-afectats-per-la-dana\\\/\"]}]},{\"@type\":\"ImageObject\",\"inLanguage\":\"es\",\"@id\":\"https:\\\/\\\/mont-roig.cat\\\/es\\\/actualitat\\\/noticies\\\/agents-de-la-policia-local-de-mont-roig-del-camp-shan-desplacat-a-sedavi-valencia-per-collaborar-amb-els-afectats-per-la-dana\\\/#primaryimage\",\"url\":\"https:\\\/\\\/mont-roig.cat\\\/wp-content\\\/uploads\\\/Policia-local-mont-roig-del-camp.jpg\",\"contentUrl\":\"https:\\\/\\\/mont-roig.cat\\\/wp-content\\\/uploads\\\/Policia-local-mont-roig-del-camp.jpg\",\"width\":720,\"height\":677},{\"@type\":\"BreadcrumbList\",\"@id\":\"https:\\\/\\\/mont-roig.cat\\\/es\\\/actualitat\\\/noticies\\\/agents-de-la-policia-local-de-mont-roig-del-camp-shan-desplacat-a-sedavi-valencia-per-collaborar-amb-els-afectats-per-la-dana\\\/#breadcrumb\",\"itemListElement\":[{\"@type\":\"ListItem\",\"position\":1,\"name\":\"Inici\",\"item\":\"https:\\\/\\\/mont-roig.cat\\\/es\\\/pagina-de-inicio\\\/\"},{\"@type\":\"ListItem\",\"position\":2,\"name\":\"Agentes de la Polic\u00eda Local de Mont-roig del Camp se han desplazado a Sedav\u00ed (Valencia) para colaborar con los afectados por la DANA.\"}]},{\"@type\":\"WebSite\",\"@id\":\"https:\\\/\\\/mont-roig.cat\\\/es\\\/#website\",\"url\":\"https:\\\/\\\/mont-roig.cat\\\/es\\\/\",\"name\":\"Ajuntament de Mont-roig del Camp\",\"description\":\"Tota la informaci\u00f3 sobre la instituci\u00f3, els seus \u00f2rgans de govern, actualitat, serveis i molt m\u00e9s.\",\"potentialAction\":[{\"@type\":\"SearchAction\",\"target\":{\"@type\":\"EntryPoint\",\"urlTemplate\":\"https:\\\/\\\/mont-roig.cat\\\/es\\\/?s={search_term_string}\"},\"query-input\":{\"@type\":\"PropertyValueSpecification\",\"valueRequired\":true,\"valueName\":\"search_term_string\"}}],\"inLanguage\":\"es\"},{\"@type\":\"Person\",\"@id\":\"https:\\\/\\\/mont-roig.cat\\\/es\\\/#\\\/schema\\\/person\\\/1f73e7b5e6f9dd122e8a6f14f310ac5e\",\"name\":\"comunicacio\",\"image\":{\"@type\":\"ImageObject\",\"inLanguage\":\"es\",\"@id\":\"https:\\\/\\\/secure.gravatar.com\\\/avatar\\\/98944333e7a877670a64f8d10f0cb680ab2c9ebc4efc43945ef004b52b5ad28c?s=96&d=mm&r=g\",\"url\":\"https:\\\/\\\/secure.gravatar.com\\\/avatar\\\/98944333e7a877670a64f8d10f0cb680ab2c9ebc4efc43945ef004b52b5ad28c?s=96&d=mm&r=g\",\"contentUrl\":\"https:\\\/\\\/secure.gravatar.com\\\/avatar\\\/98944333e7a877670a64f8d10f0cb680ab2c9ebc4efc43945ef004b52b5ad28c?s=96&d=mm&r=g\",\"caption\":\"comunicacio\"},\"url\":\"https:\\\/\\\/mont-roig.cat\\\/es\\\/actualitat\\\/noticies\\\/author\\\/comunicacio\\\/\"}]}<\/script>\n<!-- \/ Yoast SEO plugin. -->","yoast_head_json":{"title":"Agentes de la Polic\u00eda Local de Mont-roig del Camp se han desplazado a Sedav\u00ed (Valencia) para colaborar con los afectados por la DANA. - Ajuntament de Mont-roig del Camp","robots":{"index":"index","follow":"follow","max-snippet":"max-snippet:-1","max-image-preview":"max-image-preview:large","max-video-preview":"max-video-preview:-1"},"canonical":"https:\/\/mont-roig.cat\/es\/actualitat\/noticies\/agents-de-la-policia-local-de-mont-roig-del-camp-shan-desplacat-a-sedavi-valencia-per-collaborar-amb-els-afectats-per-la-dana\/","og_locale":"es_ES","og_type":"article","og_title":"Agentes de la Polic\u00eda Local de Mont-roig del Camp se han desplazado a Sedav\u00ed (Valencia) para colaborar con los afectados por la DANA. - Ajuntament de Mont-roig del Camp","og_description":"Las personas que deseen colaborar pueden seguir haciendo aportaciones econ\u00f3micas a las entidades solidarias especializadas en la gesti\u00f3n de crisis humanitarias y cat\u00e1strofes. La Polic\u00eda Local de Mont-roig del Camp ha iniciado esta semana una acci\u00f3n solidaria en apoyo a los afectados por la reciente DANA, que ha golpeado duramente la comarca de l&#8217;Horta Sud, [&hellip;]","og_url":"https:\/\/mont-roig.cat\/es\/actualitat\/noticies\/agents-de-la-policia-local-de-mont-roig-del-camp-shan-desplacat-a-sedavi-valencia-per-collaborar-amb-els-afectats-per-la-dana\/","og_site_name":"Ajuntament de Mont-roig del Camp","article_published_time":"2024-11-08T09:00:27+00:00","article_modified_time":"2024-11-08T09:04:24+00:00","og_image":[{"width":720,"height":677,"url":"https:\/\/mont-roig.cat\/wp-content\/uploads\/Policia-local-mont-roig-del-camp.jpg","type":"image\/jpeg"}],"author":"comunicacio","twitter_card":"summary_large_image","twitter_misc":{"Escrito por":"comunicacio","Tiempo de lectura":"2 minutos"},"schema":{"@context":"https:\/\/schema.org","@graph":[{"@type":"Article","@id":"https:\/\/mont-roig.cat\/es\/actualitat\/noticies\/agents-de-la-policia-local-de-mont-roig-del-camp-shan-desplacat-a-sedavi-valencia-per-collaborar-amb-els-afectats-per-la-dana\/#article","isPartOf":{"@id":"https:\/\/mont-roig.cat\/es\/actualitat\/noticies\/agents-de-la-policia-local-de-mont-roig-del-camp-shan-desplacat-a-sedavi-valencia-per-collaborar-amb-els-afectats-per-la-dana\/"},"author":{"name":"comunicacio","@id":"https:\/\/mont-roig.cat\/es\/#\/schema\/person\/1f73e7b5e6f9dd122e8a6f14f310ac5e"},"headline":"Agentes de la Polic\u00eda Local de Mont-roig del Camp se han desplazado a Sedav\u00ed (Valencia) para colaborar con los afectados por la DANA.","datePublished":"2024-11-08T09:00:27+00:00","dateModified":"2024-11-08T09:04:24+00:00","mainEntityOfPage":{"@id":"https:\/\/mont-roig.cat\/es\/actualitat\/noticies\/agents-de-la-policia-local-de-mont-roig-del-camp-shan-desplacat-a-sedavi-valencia-per-collaborar-amb-els-afectats-per-la-dana\/"},"wordCount":302,"image":{"@id":"https:\/\/mont-roig.cat\/es\/actualitat\/noticies\/agents-de-la-policia-local-de-mont-roig-del-camp-shan-desplacat-a-sedavi-valencia-per-collaborar-amb-els-afectats-per-la-dana\/#primaryimage"},"thumbnailUrl":"https:\/\/mont-roig.cat\/wp-content\/uploads\/Policia-local-mont-roig-del-camp.jpg","articleSection":["Ayuntamiento","Seguridad"],"inLanguage":"es"},{"@type":"WebPage","@id":"https:\/\/mont-roig.cat\/es\/actualitat\/noticies\/agents-de-la-policia-local-de-mont-roig-del-camp-shan-desplacat-a-sedavi-valencia-per-collaborar-amb-els-afectats-per-la-dana\/","url":"https:\/\/mont-roig.cat\/es\/actualitat\/noticies\/agents-de-la-policia-local-de-mont-roig-del-camp-shan-desplacat-a-sedavi-valencia-per-collaborar-amb-els-afectats-per-la-dana\/","name":"Agentes de la Polic\u00eda Local de Mont-roig del Camp se han desplazado a Sedav\u00ed (Valencia) para colaborar con los afectados por la DANA. - Ajuntament de Mont-roig del Camp","isPartOf":{"@id":"https:\/\/mont-roig.cat\/es\/#website"},"primaryImageOfPage":{"@id":"https:\/\/mont-roig.cat\/es\/actualitat\/noticies\/agents-de-la-policia-local-de-mont-roig-del-camp-shan-desplacat-a-sedavi-valencia-per-collaborar-amb-els-afectats-per-la-dana\/#primaryimage"},"image":{"@id":"https:\/\/mont-roig.cat\/es\/actualitat\/noticies\/agents-de-la-policia-local-de-mont-roig-del-camp-shan-desplacat-a-sedavi-valencia-per-collaborar-amb-els-afectats-per-la-dana\/#primaryimage"},"thumbnailUrl":"https:\/\/mont-roig.cat\/wp-content\/uploads\/Policia-local-mont-roig-del-camp.jpg","datePublished":"2024-11-08T09:00:27+00:00","dateModified":"2024-11-08T09:04:24+00:00","author":{"@id":"https:\/\/mont-roig.cat\/es\/#\/schema\/person\/1f73e7b5e6f9dd122e8a6f14f310ac5e"},"breadcrumb":{"@id":"https:\/\/mont-roig.cat\/es\/actualitat\/noticies\/agents-de-la-policia-local-de-mont-roig-del-camp-shan-desplacat-a-sedavi-valencia-per-collaborar-amb-els-afectats-per-la-dana\/#breadcrumb"},"inLanguage":"es","potentialAction":[{"@type":"ReadAction","target":["https:\/\/mont-roig.cat\/es\/actualitat\/noticies\/agents-de-la-policia-local-de-mont-roig-del-camp-shan-desplacat-a-sedavi-valencia-per-collaborar-amb-els-afectats-per-la-dana\/"]}]},{"@type":"ImageObject","inLanguage":"es","@id":"https:\/\/mont-roig.cat\/es\/actualitat\/noticies\/agents-de-la-policia-local-de-mont-roig-del-camp-shan-desplacat-a-sedavi-valencia-per-collaborar-amb-els-afectats-per-la-dana\/#primaryimage","url":"https:\/\/mont-roig.cat\/wp-content\/uploads\/Policia-local-mont-roig-del-camp.jpg","contentUrl":"https:\/\/mont-roig.cat\/wp-content\/uploads\/Policia-local-mont-roig-del-camp.jpg","width":720,"height":677},{"@type":"BreadcrumbList","@id":"https:\/\/mont-roig.cat\/es\/actualitat\/noticies\/agents-de-la-policia-local-de-mont-roig-del-camp-shan-desplacat-a-sedavi-valencia-per-collaborar-amb-els-afectats-per-la-dana\/#breadcrumb","itemListElement":[{"@type":"ListItem","position":1,"name":"Inici","item":"https:\/\/mont-roig.cat\/es\/pagina-de-inicio\/"},{"@type":"ListItem","position":2,"name":"Agentes de la Polic\u00eda Local de Mont-roig del Camp se han desplazado a Sedav\u00ed (Valencia) para colaborar con los afectados por la DANA."}]},{"@type":"WebSite","@id":"https:\/\/mont-roig.cat\/es\/#website","url":"https:\/\/mont-roig.cat\/es\/","name":"Ajuntament de Mont-roig del Camp","description":"Tota la informaci\u00f3 sobre la instituci\u00f3, els seus \u00f2rgans de govern, actualitat, serveis i molt m\u00e9s.","potentialAction":[{"@type":"SearchAction","target":{"@type":"EntryPoint","urlTemplate":"https:\/\/mont-roig.cat\/es\/?s={search_term_string}"},"query-input":{"@type":"PropertyValueSpecification","valueRequired":true,"valueName":"search_term_string"}}],"inLanguage":"es"},{"@type":"Person","@id":"https:\/\/mont-roig.cat\/es\/#\/schema\/person\/1f73e7b5e6f9dd122e8a6f14f310ac5e","name":"comunicacio","image":{"@type":"ImageObject","inLanguage":"es","@id":"https:\/\/secure.gravatar.com\/avatar\/98944333e7a877670a64f8d10f0cb680ab2c9ebc4efc43945ef004b52b5ad28c?s=96&d=mm&r=g","url":"https:\/\/secure.gravatar.com\/avatar\/98944333e7a877670a64f8d10f0cb680ab2c9ebc4efc43945ef004b52b5ad28c?s=96&d=mm&r=g","contentUrl":"https:\/\/secure.gravatar.com\/avatar\/98944333e7a877670a64f8d10f0cb680ab2c9ebc4efc43945ef004b52b5ad28c?s=96&d=mm&r=g","caption":"comunicacio"},"url":"https:\/\/mont-roig.cat\/es\/actualitat\/noticies\/author\/comunicacio\/"}]}},"_links":{"self":[{"href":"https:\/\/mont-roig.cat\/es\/wp-json\/wp\/v2\/posts\/79489","targetHints":{"allow":["GET"]}}],"collection":[{"href":"https:\/\/mont-roig.cat\/es\/wp-json\/wp\/v2\/posts"}],"about":[{"href":"https:\/\/mont-roig.cat\/es\/wp-json\/wp\/v2\/types\/post"}],"author":[{"embeddable":true,"href":"https:\/\/mont-roig.cat\/es\/wp-json\/wp\/v2\/users\/13"}],"replies":[{"embeddable":true,"href":"https:\/\/mont-roig.cat\/es\/wp-json\/wp\/v2\/comments?post=79489"}],"version-history":[{"count":2,"href":"https:\/\/mont-roig.cat\/es\/wp-json\/wp\/v2\/posts\/79489\/revisions"}],"predecessor-version":[{"id":79491,"href":"https:\/\/mont-roig.cat\/es\/wp-json\/wp\/v2\/posts\/79489\/revisions\/79491"}],"wp:featuredmedia":[{"embeddable":true,"href":"https:\/\/mont-roig.cat\/es\/wp-json\/wp\/v2\/media\/79486"}],"wp:attachment":[{"href":"https:\/\/mont-roig.cat\/es\/wp-json\/wp\/v2\/media?parent=79489"}],"wp:term":[{"taxonomy":"category","embeddable":true,"href":"https:\/\/mont-roig.cat\/es\/wp-json\/wp\/v2\/categories?post=79489"},{"taxonomy":"post_tag","embeddable":true,"href":"https:\/\/mont-roig.cat\/es\/wp-json\/wp\/v2\/tags?post=79489"}],"curies":[{"name":"wp","href":"https:\/\/api.w.org\/{rel}","templated":true}]}}