{"id":79505,"date":"2024-11-12T18:39:16","date_gmt":"2024-11-12T17:39:16","guid":{"rendered":"https:\/\/mont-roig.cat\/actualitat\/noticies\/lajuntament-tanca-aquest-dimecres-els-serveis-publics-municipals-a-causa-de-lalerta-del-pla-inuncat\/"},"modified":"2024-11-12T18:42:43","modified_gmt":"2024-11-12T17:42:43","slug":"el-ayuntamiento-cierra-este-miercoles-los-servicios-publicos-municipales-debido-a-la-alerta-del-plan-inuncat","status":"publish","type":"post","link":"https:\/\/mont-roig.cat\/es\/actualitat\/noticies\/el-ayuntamiento-cierra-este-miercoles-los-servicios-publicos-municipales-debido-a-la-alerta-del-plan-inuncat\/","title":{"rendered":"El Ayuntamiento cierra este mi\u00e9rcoles los servicios p\u00fablicos municipales debido a la alerta del Plan Inuncat"},"content":{"rendered":"<p>&nbsp;<\/p>\n<ul>\n<li><strong><a href=\"https:\/\/mont-roig.cat\/wp-content\/uploads\/mont-roig_logotip_2tintes-1.jpg\" target=\"_blank\" rel=\"noopener\"><img loading=\"lazy\" decoding=\"async\" class=\"alignright wp-image-79378\" src=\"https:\/\/mont-roig.cat\/wp-content\/uploads\/mont-roig_logotip_2tintes-1-500x355.jpg\" alt=\"\" width=\"301\" height=\"214\" srcset=\"https:\/\/mont-roig.cat\/wp-content\/uploads\/mont-roig_logotip_2tintes-1-500x355.jpg 500w, https:\/\/mont-roig.cat\/wp-content\/uploads\/mont-roig_logotip_2tintes-1-1024x728.jpg 1024w, https:\/\/mont-roig.cat\/wp-content\/uploads\/mont-roig_logotip_2tintes-1-768x546.jpg 768w, https:\/\/mont-roig.cat\/wp-content\/uploads\/mont-roig_logotip_2tintes-1.jpg 1134w\" sizes=\"auto, (max-width: 301px) 100vw, 301px\" \/><\/a>La medida se toma siguiendo las indicaciones del Departamento de Interior de la Generalitat de Catalunya, que ha pedido restringir la movilidad en varias comarcas, incluidas el Baix Camp, as\u00ed como suspender toda actividad educativa y deportiva presencial prevista para este mi\u00e9rcoles.<\/strong><\/li>\n<li><strong>Permanecer\u00e1n cerrados al p\u00fablico los polideportivos, las bibliotecas, los casales de j\u00f3venes, las OMACs, las oficinas de turismo, promoci\u00f3n econ\u00f3mica, servicios sociales, Nostreserveis y Nostraigua, as\u00ed como el servicio de autob\u00fas, que quedar\u00e1 suspendido.<\/strong><\/li>\n<\/ul>\n<p>El Ayuntamiento de Mont-roig del Camp ha publicado un decreto en el que se indican las medidas que se pondr\u00e1n en marcha este mi\u00e9rcoles 13 de noviembre, ante la situaci\u00f3n de alerta del Plan especial de emergencias por inundaciones de Catalunya (INUNCAT). Estas restricciones se establecen en varias comarcas con el objetivo de velar por la seguridad de la ciudadan\u00eda, as\u00ed como del personal al servicio de la Corporaci\u00f3n y de sus entes dependientes.<\/p>\n<p>As\u00ed pues, este mi\u00e9rcoles los servicios p\u00fablicos municipales estar\u00e1n cerrados al p\u00fablico. Esta medida afecta a las Oficinas Municipales de Atenci\u00f3n a la Ciudadan\u00eda, las Oficinas Municipales de Servicios Sociales, el Archivo Municipal, las bibliotecas municipales, el Casal de Joves, las oficinas de turismo, la Oficina de Promoci\u00f3n Econ\u00f3mica, las oficinas administrativas de Nostreserveis y Nostraigua, los polideportivos municipales, los centros de mayores y el servicio de transporte p\u00fablico urbano.<\/p>\n<p>En cuanto a las guarder\u00edas y la Escuela de M\u00fasica Municipal, permanecer\u00e1n cerradas, al igual que las escuelas de primaria y los institutos del municipio, por decisi\u00f3n del Departamento de Educaci\u00f3n de la Generalitat. El Gobierno ha solicitado restringir la movilidad no imprescindible en las comarcas de Montsi\u00e0, Baix Ebre, Ribera d\u2019Ebre, Tarragon\u00e8s y Baix Camp, entre las 06:00 y las 00:00 horas del mi\u00e9rcoles.<\/p>\n<p>Teniendo en cuenta este aviso emitido por Protecci\u00f3n Civil, las clases quedar\u00e1n suspendidas durante todo el d\u00eda de ma\u00f1ana, mi\u00e9rcoles 13 de noviembre, en las comarcas de Montsi\u00e0, Baix Ebre, Ribera d\u2019Ebre, Tarragon\u00e8s y Baix Camp.<\/p>\n<p><strong>Nostreserveis y Nostraigua<\/strong><\/p>\n<p>En cuanto a las brigadas de Nostreserveis, se mantendr\u00e1n los servicios esenciales de alumbrado, limpieza viaria y v\u00eda p\u00fablica. En Nostraigua, tambi\u00e9n habr\u00e1 servicios esenciales, con el personal operativo dedicado al servicio de agua potable y saneamiento. El resto del personal estar\u00e1 disponible para cualquier necesidad o emergencia.<\/p>\n<p>La medida no afecta a la Polic\u00eda Local de Mont-roig del Camp, que es un servicio esencial y, por tanto, estar\u00e1 disponible con normalidad. En cuanto al resto del personal de la corporaci\u00f3n, siempre que sea posible, se recomienda realizar sus tareas en modalidad de teletrabajo.<\/p>\n","protected":false},"excerpt":{"rendered":"<p>&nbsp; La medida se toma siguiendo las indicaciones del Departamento de Interior de la Generalitat de Catalunya, que ha pedido restringir la movilidad en varias comarcas, incluidas el Baix Camp, as\u00ed como suspender toda actividad educativa y deportiva presencial prevista para este mi\u00e9rcoles. Permanecer\u00e1n cerrados al p\u00fablico los polideportivos, las bibliotecas, los casales de j\u00f3venes, [&hellip;]<\/p>\n","protected":false},"author":13,"featured_media":79378,"comment_status":"closed","ping_status":"closed","sticky":false,"template":"","format":"standard","meta":{"inline_featured_image":false,"_monsterinsights_skip_tracking":false,"_monsterinsights_sitenote_active":false,"_monsterinsights_sitenote_note":"","_monsterinsights_sitenote_category":0,"footnotes":""},"categories":[156,98],"tags":[],"class_list":["post-79505","post","type-post","status-publish","format-standard","has-post-thumbnail","hentry","category-alcalde-es","category-ayuntamiento"],"yoast_head":"<!-- This site is optimized with the Yoast SEO plugin v27.4 - https:\/\/yoast.com\/product\/yoast-seo-wordpress\/ -->\n<title>El Ayuntamiento cierra este mi\u00e9rcoles los servicios p\u00fablicos municipales debido a la alerta del Plan Inuncat - Ajuntament de Mont-roig del Camp<\/title>\n<meta name=\"robots\" content=\"index, follow, max-snippet:-1, max-image-preview:large, max-video-preview:-1\" \/>\n<link rel=\"canonical\" href=\"https:\/\/mont-roig.cat\/es\/actualitat\/noticies\/el-ayuntamiento-cierra-este-miercoles-los-servicios-publicos-municipales-debido-a-la-alerta-del-plan-inuncat\/\" \/>\n<meta property=\"og:locale\" content=\"es_ES\" \/>\n<meta property=\"og:type\" content=\"article\" \/>\n<meta property=\"og:title\" content=\"El Ayuntamiento cierra este mi\u00e9rcoles los servicios p\u00fablicos municipales debido a la alerta del Plan Inuncat - Ajuntament de Mont-roig del Camp\" \/>\n<meta property=\"og:description\" content=\"&nbsp; La medida se toma siguiendo las indicaciones del Departamento de Interior de la Generalitat de Catalunya, que ha pedido restringir la movilidad en varias comarcas, incluidas el Baix Camp, as\u00ed como suspender toda actividad educativa y deportiva presencial prevista para este mi\u00e9rcoles. Permanecer\u00e1n cerrados al p\u00fablico los polideportivos, las bibliotecas, los casales de j\u00f3venes, [&hellip;]\" \/>\n<meta property=\"og:url\" content=\"https:\/\/mont-roig.cat\/es\/actualitat\/noticies\/el-ayuntamiento-cierra-este-miercoles-los-servicios-publicos-municipales-debido-a-la-alerta-del-plan-inuncat\/\" \/>\n<meta property=\"og:site_name\" content=\"Ajuntament de Mont-roig del Camp\" \/>\n<meta property=\"article:published_time\" content=\"2024-11-12T17:39:16+00:00\" \/>\n<meta property=\"article:modified_time\" content=\"2024-11-12T17:42:43+00:00\" \/>\n<meta property=\"og:image\" content=\"https:\/\/mont-roig.cat\/wp-content\/uploads\/mont-roig_logotip_2tintes-1.jpg\" \/>\n\t<meta property=\"og:image:width\" content=\"1134\" \/>\n\t<meta property=\"og:image:height\" content=\"806\" \/>\n\t<meta property=\"og:image:type\" content=\"image\/jpeg\" \/>\n<meta name=\"author\" content=\"comunicacio\" \/>\n<meta name=\"twitter:card\" content=\"summary_large_image\" \/>\n<meta name=\"twitter:label1\" content=\"Escrito por\" \/>\n\t<meta name=\"twitter:data1\" content=\"comunicacio\" \/>\n\t<meta name=\"twitter:label2\" content=\"Tiempo de lectura\" \/>\n\t<meta name=\"twitter:data2\" content=\"3 minutos\" \/>\n<script type=\"application\/ld+json\" class=\"yoast-schema-graph\">{\"@context\":\"https:\\\/\\\/schema.org\",\"@graph\":[{\"@type\":\"Article\",\"@id\":\"https:\\\/\\\/mont-roig.cat\\\/es\\\/actualitat\\\/noticies\\\/el-ayuntamiento-cierra-este-miercoles-los-servicios-publicos-municipales-debido-a-la-alerta-del-plan-inuncat\\\/#article\",\"isPartOf\":{\"@id\":\"https:\\\/\\\/mont-roig.cat\\\/es\\\/actualitat\\\/noticies\\\/el-ayuntamiento-cierra-este-miercoles-los-servicios-publicos-municipales-debido-a-la-alerta-del-plan-inuncat\\\/\"},\"author\":{\"name\":\"comunicacio\",\"@id\":\"https:\\\/\\\/mont-roig.cat\\\/es\\\/#\\\/schema\\\/person\\\/1f73e7b5e6f9dd122e8a6f14f310ac5e\"},\"headline\":\"El Ayuntamiento cierra este mi\u00e9rcoles los servicios p\u00fablicos municipales debido a la alerta del Plan Inuncat\",\"datePublished\":\"2024-11-12T17:39:16+00:00\",\"dateModified\":\"2024-11-12T17:42:43+00:00\",\"mainEntityOfPage\":{\"@id\":\"https:\\\/\\\/mont-roig.cat\\\/es\\\/actualitat\\\/noticies\\\/el-ayuntamiento-cierra-este-miercoles-los-servicios-publicos-municipales-debido-a-la-alerta-del-plan-inuncat\\\/\"},\"wordCount\":475,\"image\":{\"@id\":\"https:\\\/\\\/mont-roig.cat\\\/es\\\/actualitat\\\/noticies\\\/el-ayuntamiento-cierra-este-miercoles-los-servicios-publicos-municipales-debido-a-la-alerta-del-plan-inuncat\\\/#primaryimage\"},\"thumbnailUrl\":\"https:\\\/\\\/mont-roig.cat\\\/wp-content\\\/uploads\\\/mont-roig_logotip_2tintes-1.jpg\",\"articleSection\":[\"Alcalde\",\"Ayuntamiento\"],\"inLanguage\":\"es\"},{\"@type\":\"WebPage\",\"@id\":\"https:\\\/\\\/mont-roig.cat\\\/es\\\/actualitat\\\/noticies\\\/el-ayuntamiento-cierra-este-miercoles-los-servicios-publicos-municipales-debido-a-la-alerta-del-plan-inuncat\\\/\",\"url\":\"https:\\\/\\\/mont-roig.cat\\\/es\\\/actualitat\\\/noticies\\\/el-ayuntamiento-cierra-este-miercoles-los-servicios-publicos-municipales-debido-a-la-alerta-del-plan-inuncat\\\/\",\"name\":\"El Ayuntamiento cierra este mi\u00e9rcoles los servicios p\u00fablicos municipales debido a la alerta del Plan Inuncat - Ajuntament de Mont-roig del Camp\",\"isPartOf\":{\"@id\":\"https:\\\/\\\/mont-roig.cat\\\/es\\\/#website\"},\"primaryImageOfPage\":{\"@id\":\"https:\\\/\\\/mont-roig.cat\\\/es\\\/actualitat\\\/noticies\\\/el-ayuntamiento-cierra-este-miercoles-los-servicios-publicos-municipales-debido-a-la-alerta-del-plan-inuncat\\\/#primaryimage\"},\"image\":{\"@id\":\"https:\\\/\\\/mont-roig.cat\\\/es\\\/actualitat\\\/noticies\\\/el-ayuntamiento-cierra-este-miercoles-los-servicios-publicos-municipales-debido-a-la-alerta-del-plan-inuncat\\\/#primaryimage\"},\"thumbnailUrl\":\"https:\\\/\\\/mont-roig.cat\\\/wp-content\\\/uploads\\\/mont-roig_logotip_2tintes-1.jpg\",\"datePublished\":\"2024-11-12T17:39:16+00:00\",\"dateModified\":\"2024-11-12T17:42:43+00:00\",\"author\":{\"@id\":\"https:\\\/\\\/mont-roig.cat\\\/es\\\/#\\\/schema\\\/person\\\/1f73e7b5e6f9dd122e8a6f14f310ac5e\"},\"breadcrumb\":{\"@id\":\"https:\\\/\\\/mont-roig.cat\\\/es\\\/actualitat\\\/noticies\\\/el-ayuntamiento-cierra-este-miercoles-los-servicios-publicos-municipales-debido-a-la-alerta-del-plan-inuncat\\\/#breadcrumb\"},\"inLanguage\":\"es\",\"potentialAction\":[{\"@type\":\"ReadAction\",\"target\":[\"https:\\\/\\\/mont-roig.cat\\\/es\\\/actualitat\\\/noticies\\\/el-ayuntamiento-cierra-este-miercoles-los-servicios-publicos-municipales-debido-a-la-alerta-del-plan-inuncat\\\/\"]}]},{\"@type\":\"ImageObject\",\"inLanguage\":\"es\",\"@id\":\"https:\\\/\\\/mont-roig.cat\\\/es\\\/actualitat\\\/noticies\\\/el-ayuntamiento-cierra-este-miercoles-los-servicios-publicos-municipales-debido-a-la-alerta-del-plan-inuncat\\\/#primaryimage\",\"url\":\"https:\\\/\\\/mont-roig.cat\\\/wp-content\\\/uploads\\\/mont-roig_logotip_2tintes-1.jpg\",\"contentUrl\":\"https:\\\/\\\/mont-roig.cat\\\/wp-content\\\/uploads\\\/mont-roig_logotip_2tintes-1.jpg\",\"width\":1134,\"height\":806},{\"@type\":\"BreadcrumbList\",\"@id\":\"https:\\\/\\\/mont-roig.cat\\\/es\\\/actualitat\\\/noticies\\\/el-ayuntamiento-cierra-este-miercoles-los-servicios-publicos-municipales-debido-a-la-alerta-del-plan-inuncat\\\/#breadcrumb\",\"itemListElement\":[{\"@type\":\"ListItem\",\"position\":1,\"name\":\"Inici\",\"item\":\"https:\\\/\\\/mont-roig.cat\\\/es\\\/pagina-de-inicio\\\/\"},{\"@type\":\"ListItem\",\"position\":2,\"name\":\"El Ayuntamiento cierra este mi\u00e9rcoles los servicios p\u00fablicos municipales debido a la alerta del Plan Inuncat\"}]},{\"@type\":\"WebSite\",\"@id\":\"https:\\\/\\\/mont-roig.cat\\\/es\\\/#website\",\"url\":\"https:\\\/\\\/mont-roig.cat\\\/es\\\/\",\"name\":\"Ajuntament de Mont-roig del Camp\",\"description\":\"Tota la informaci\u00f3 sobre la instituci\u00f3, els seus \u00f2rgans de govern, actualitat, serveis i molt m\u00e9s.\",\"potentialAction\":[{\"@type\":\"SearchAction\",\"target\":{\"@type\":\"EntryPoint\",\"urlTemplate\":\"https:\\\/\\\/mont-roig.cat\\\/es\\\/?s={search_term_string}\"},\"query-input\":{\"@type\":\"PropertyValueSpecification\",\"valueRequired\":true,\"valueName\":\"search_term_string\"}}],\"inLanguage\":\"es\"},{\"@type\":\"Person\",\"@id\":\"https:\\\/\\\/mont-roig.cat\\\/es\\\/#\\\/schema\\\/person\\\/1f73e7b5e6f9dd122e8a6f14f310ac5e\",\"name\":\"comunicacio\",\"image\":{\"@type\":\"ImageObject\",\"inLanguage\":\"es\",\"@id\":\"https:\\\/\\\/secure.gravatar.com\\\/avatar\\\/98944333e7a877670a64f8d10f0cb680ab2c9ebc4efc43945ef004b52b5ad28c?s=96&d=mm&r=g\",\"url\":\"https:\\\/\\\/secure.gravatar.com\\\/avatar\\\/98944333e7a877670a64f8d10f0cb680ab2c9ebc4efc43945ef004b52b5ad28c?s=96&d=mm&r=g\",\"contentUrl\":\"https:\\\/\\\/secure.gravatar.com\\\/avatar\\\/98944333e7a877670a64f8d10f0cb680ab2c9ebc4efc43945ef004b52b5ad28c?s=96&d=mm&r=g\",\"caption\":\"comunicacio\"},\"url\":\"https:\\\/\\\/mont-roig.cat\\\/es\\\/actualitat\\\/noticies\\\/author\\\/comunicacio\\\/\"}]}<\/script>\n<!-- \/ Yoast SEO plugin. -->","yoast_head_json":{"title":"El Ayuntamiento cierra este mi\u00e9rcoles los servicios p\u00fablicos municipales debido a la alerta del Plan Inuncat - Ajuntament de Mont-roig del Camp","robots":{"index":"index","follow":"follow","max-snippet":"max-snippet:-1","max-image-preview":"max-image-preview:large","max-video-preview":"max-video-preview:-1"},"canonical":"https:\/\/mont-roig.cat\/es\/actualitat\/noticies\/el-ayuntamiento-cierra-este-miercoles-los-servicios-publicos-municipales-debido-a-la-alerta-del-plan-inuncat\/","og_locale":"es_ES","og_type":"article","og_title":"El Ayuntamiento cierra este mi\u00e9rcoles los servicios p\u00fablicos municipales debido a la alerta del Plan Inuncat - Ajuntament de Mont-roig del Camp","og_description":"&nbsp; La medida se toma siguiendo las indicaciones del Departamento de Interior de la Generalitat de Catalunya, que ha pedido restringir la movilidad en varias comarcas, incluidas el Baix Camp, as\u00ed como suspender toda actividad educativa y deportiva presencial prevista para este mi\u00e9rcoles. Permanecer\u00e1n cerrados al p\u00fablico los polideportivos, las bibliotecas, los casales de j\u00f3venes, [&hellip;]","og_url":"https:\/\/mont-roig.cat\/es\/actualitat\/noticies\/el-ayuntamiento-cierra-este-miercoles-los-servicios-publicos-municipales-debido-a-la-alerta-del-plan-inuncat\/","og_site_name":"Ajuntament de Mont-roig del Camp","article_published_time":"2024-11-12T17:39:16+00:00","article_modified_time":"2024-11-12T17:42:43+00:00","og_image":[{"width":1134,"height":806,"url":"https:\/\/mont-roig.cat\/wp-content\/uploads\/mont-roig_logotip_2tintes-1.jpg","type":"image\/jpeg"}],"author":"comunicacio","twitter_card":"summary_large_image","twitter_misc":{"Escrito por":"comunicacio","Tiempo de lectura":"3 minutos"},"schema":{"@context":"https:\/\/schema.org","@graph":[{"@type":"Article","@id":"https:\/\/mont-roig.cat\/es\/actualitat\/noticies\/el-ayuntamiento-cierra-este-miercoles-los-servicios-publicos-municipales-debido-a-la-alerta-del-plan-inuncat\/#article","isPartOf":{"@id":"https:\/\/mont-roig.cat\/es\/actualitat\/noticies\/el-ayuntamiento-cierra-este-miercoles-los-servicios-publicos-municipales-debido-a-la-alerta-del-plan-inuncat\/"},"author":{"name":"comunicacio","@id":"https:\/\/mont-roig.cat\/es\/#\/schema\/person\/1f73e7b5e6f9dd122e8a6f14f310ac5e"},"headline":"El Ayuntamiento cierra este mi\u00e9rcoles los servicios p\u00fablicos municipales debido a la alerta del Plan Inuncat","datePublished":"2024-11-12T17:39:16+00:00","dateModified":"2024-11-12T17:42:43+00:00","mainEntityOfPage":{"@id":"https:\/\/mont-roig.cat\/es\/actualitat\/noticies\/el-ayuntamiento-cierra-este-miercoles-los-servicios-publicos-municipales-debido-a-la-alerta-del-plan-inuncat\/"},"wordCount":475,"image":{"@id":"https:\/\/mont-roig.cat\/es\/actualitat\/noticies\/el-ayuntamiento-cierra-este-miercoles-los-servicios-publicos-municipales-debido-a-la-alerta-del-plan-inuncat\/#primaryimage"},"thumbnailUrl":"https:\/\/mont-roig.cat\/wp-content\/uploads\/mont-roig_logotip_2tintes-1.jpg","articleSection":["Alcalde","Ayuntamiento"],"inLanguage":"es"},{"@type":"WebPage","@id":"https:\/\/mont-roig.cat\/es\/actualitat\/noticies\/el-ayuntamiento-cierra-este-miercoles-los-servicios-publicos-municipales-debido-a-la-alerta-del-plan-inuncat\/","url":"https:\/\/mont-roig.cat\/es\/actualitat\/noticies\/el-ayuntamiento-cierra-este-miercoles-los-servicios-publicos-municipales-debido-a-la-alerta-del-plan-inuncat\/","name":"El Ayuntamiento cierra este mi\u00e9rcoles los servicios p\u00fablicos municipales debido a la alerta del Plan Inuncat - Ajuntament de Mont-roig del Camp","isPartOf":{"@id":"https:\/\/mont-roig.cat\/es\/#website"},"primaryImageOfPage":{"@id":"https:\/\/mont-roig.cat\/es\/actualitat\/noticies\/el-ayuntamiento-cierra-este-miercoles-los-servicios-publicos-municipales-debido-a-la-alerta-del-plan-inuncat\/#primaryimage"},"image":{"@id":"https:\/\/mont-roig.cat\/es\/actualitat\/noticies\/el-ayuntamiento-cierra-este-miercoles-los-servicios-publicos-municipales-debido-a-la-alerta-del-plan-inuncat\/#primaryimage"},"thumbnailUrl":"https:\/\/mont-roig.cat\/wp-content\/uploads\/mont-roig_logotip_2tintes-1.jpg","datePublished":"2024-11-12T17:39:16+00:00","dateModified":"2024-11-12T17:42:43+00:00","author":{"@id":"https:\/\/mont-roig.cat\/es\/#\/schema\/person\/1f73e7b5e6f9dd122e8a6f14f310ac5e"},"breadcrumb":{"@id":"https:\/\/mont-roig.cat\/es\/actualitat\/noticies\/el-ayuntamiento-cierra-este-miercoles-los-servicios-publicos-municipales-debido-a-la-alerta-del-plan-inuncat\/#breadcrumb"},"inLanguage":"es","potentialAction":[{"@type":"ReadAction","target":["https:\/\/mont-roig.cat\/es\/actualitat\/noticies\/el-ayuntamiento-cierra-este-miercoles-los-servicios-publicos-municipales-debido-a-la-alerta-del-plan-inuncat\/"]}]},{"@type":"ImageObject","inLanguage":"es","@id":"https:\/\/mont-roig.cat\/es\/actualitat\/noticies\/el-ayuntamiento-cierra-este-miercoles-los-servicios-publicos-municipales-debido-a-la-alerta-del-plan-inuncat\/#primaryimage","url":"https:\/\/mont-roig.cat\/wp-content\/uploads\/mont-roig_logotip_2tintes-1.jpg","contentUrl":"https:\/\/mont-roig.cat\/wp-content\/uploads\/mont-roig_logotip_2tintes-1.jpg","width":1134,"height":806},{"@type":"BreadcrumbList","@id":"https:\/\/mont-roig.cat\/es\/actualitat\/noticies\/el-ayuntamiento-cierra-este-miercoles-los-servicios-publicos-municipales-debido-a-la-alerta-del-plan-inuncat\/#breadcrumb","itemListElement":[{"@type":"ListItem","position":1,"name":"Inici","item":"https:\/\/mont-roig.cat\/es\/pagina-de-inicio\/"},{"@type":"ListItem","position":2,"name":"El Ayuntamiento cierra este mi\u00e9rcoles los servicios p\u00fablicos municipales debido a la alerta del Plan Inuncat"}]},{"@type":"WebSite","@id":"https:\/\/mont-roig.cat\/es\/#website","url":"https:\/\/mont-roig.cat\/es\/","name":"Ajuntament de Mont-roig del Camp","description":"Tota la informaci\u00f3 sobre la instituci\u00f3, els seus \u00f2rgans de govern, actualitat, serveis i molt m\u00e9s.","potentialAction":[{"@type":"SearchAction","target":{"@type":"EntryPoint","urlTemplate":"https:\/\/mont-roig.cat\/es\/?s={search_term_string}"},"query-input":{"@type":"PropertyValueSpecification","valueRequired":true,"valueName":"search_term_string"}}],"inLanguage":"es"},{"@type":"Person","@id":"https:\/\/mont-roig.cat\/es\/#\/schema\/person\/1f73e7b5e6f9dd122e8a6f14f310ac5e","name":"comunicacio","image":{"@type":"ImageObject","inLanguage":"es","@id":"https:\/\/secure.gravatar.com\/avatar\/98944333e7a877670a64f8d10f0cb680ab2c9ebc4efc43945ef004b52b5ad28c?s=96&d=mm&r=g","url":"https:\/\/secure.gravatar.com\/avatar\/98944333e7a877670a64f8d10f0cb680ab2c9ebc4efc43945ef004b52b5ad28c?s=96&d=mm&r=g","contentUrl":"https:\/\/secure.gravatar.com\/avatar\/98944333e7a877670a64f8d10f0cb680ab2c9ebc4efc43945ef004b52b5ad28c?s=96&d=mm&r=g","caption":"comunicacio"},"url":"https:\/\/mont-roig.cat\/es\/actualitat\/noticies\/author\/comunicacio\/"}]}},"_links":{"self":[{"href":"https:\/\/mont-roig.cat\/es\/wp-json\/wp\/v2\/posts\/79505","targetHints":{"allow":["GET"]}}],"collection":[{"href":"https:\/\/mont-roig.cat\/es\/wp-json\/wp\/v2\/posts"}],"about":[{"href":"https:\/\/mont-roig.cat\/es\/wp-json\/wp\/v2\/types\/post"}],"author":[{"embeddable":true,"href":"https:\/\/mont-roig.cat\/es\/wp-json\/wp\/v2\/users\/13"}],"replies":[{"embeddable":true,"href":"https:\/\/mont-roig.cat\/es\/wp-json\/wp\/v2\/comments?post=79505"}],"version-history":[{"count":2,"href":"https:\/\/mont-roig.cat\/es\/wp-json\/wp\/v2\/posts\/79505\/revisions"}],"predecessor-version":[{"id":79506,"href":"https:\/\/mont-roig.cat\/es\/wp-json\/wp\/v2\/posts\/79505\/revisions\/79506"}],"wp:featuredmedia":[{"embeddable":true,"href":"https:\/\/mont-roig.cat\/es\/wp-json\/wp\/v2\/media\/79378"}],"wp:attachment":[{"href":"https:\/\/mont-roig.cat\/es\/wp-json\/wp\/v2\/media?parent=79505"}],"wp:term":[{"taxonomy":"category","embeddable":true,"href":"https:\/\/mont-roig.cat\/es\/wp-json\/wp\/v2\/categories?post=79505"},{"taxonomy":"post_tag","embeddable":true,"href":"https:\/\/mont-roig.cat\/es\/wp-json\/wp\/v2\/tags?post=79505"}],"curies":[{"name":"wp","href":"https:\/\/api.w.org\/{rel}","templated":true}]}}